{"id":849818,"date":"2022-05-19T17:43:18","date_gmt":"2022-05-19T15:43:18","guid":{"rendered":"https:\/\/kapitalis.com\/tunisie\/?p=849818"},"modified":"2022-05-19T17:43:20","modified_gmt":"2022-05-19T15:43:20","slug":"abir-moussi-kais-saied-veut-changer-la-loi-electorale-pour-mempecher-de-gouverner","status":"publish","type":"post","link":"https:\/\/kapitalis.com\/tunisie\/2022\/05\/19\/abir-moussi-kais-saied-veut-changer-la-loi-electorale-pour-mempecher-de-gouverner\/","title":{"rendered":"Abir Moussi : \u00abKa\u00efs Sa\u00efed veut changer la loi \u00e9lectorale pour m&#8217;emp\u00eacher de gouverner\u00bb"},"content":{"rendered":"\n<p><em><strong>La pr\u00e9sidente du Parti destourien libre (PDL), Abir Moussi, a d\u00e9clar\u00e9, ce jeudi 19 mai 2022, que la raison pour laquelle le pr\u00e9sident de la r\u00e9publique, Ka\u00efs Sa\u00efed, veut changer la loi \u00e9lectorale est de l&#8217;emp\u00eacher d&rsquo;acc\u00e9der au pouvoir.<\/strong><\/em><\/p>\n\n\n\n<!--more-->\n\n\n\n<p>Dans une d\u00e9claration accord\u00e9e \u00e0 Mosa\u00efque FM, elle a, d&rsquo;autre part, dit que son parti \u00ab<em>insiste pour exposer la laideur du syst\u00e8me de la d\u00e9cennie noire et emp\u00eacher celle d&rsquo;un nouveau syst\u00e8me<\/em>\u00bb, ajoutant que le peuple tunisien doit s&rsquo;unir pour l&rsquo;\u00c9tat de droit et dire non \u00e0 toute personne tentant de violer sa souverainet\u00e9.<\/p>\n\n\n\n<p>\u00ab<em>Pourquoi avez-vous peur de l&rsquo;urne <\/em>[\u00e9lectorale] <em>? Vous voulez changer la loi pour m&#8217;emp\u00eacher de gouverner, parce que Abir Moussi repr\u00e9sente l&rsquo;alternative qui nuit au confort de la classe politique et judiciaire install\u00e9e au printemps de la destruction<\/em>\u00bb, a-t-elle ajout\u00e9 en s&rsquo;adressant au chef de l&rsquo;Etat.<\/p>\n\n\n\n<p>Rappelons que dans les sondages d&rsquo;intentions de vote aux l\u00e9gislatives, le PDL occupe depuis plusieurs mois la t\u00eate, devan\u00e7ant, de justesse, un parti qui n&rsquo;existe pas&#8230; celui \u00ab<em>de Ka\u00efs Sa\u00efed<\/em>\u00bb. Ce dernier se dirige, par ailleurs, vers un scrutin uninominal o\u00f9 les partis n&rsquo;auront pas le droit de se pr\u00e9senter. Ce qui explique la col\u00e8re de Mme Moussi.<\/p>\n\n\n\n<p class=\"has-text-align-right\"><strong>C. B. Y.<\/strong><\/p>\n","protected":false},"excerpt":{"rendered":"<p>La pr\u00e9sidente du Parti destourien libre (PDL), Abir Moussi, a d\u00e9clar\u00e9, ce jeudi 19 mai 2022, que la raison pour laquelle le pr\u00e9sident de la r\u00e9publique, Ka\u00efs Sa\u00efed, veut changer la loi \u00e9lectorale est de l&#8217;emp\u00eacher d&rsquo;acc\u00e9der au pouvoir.<\/p>\n","protected":false},"author":24,"featured_media":727010,"comment_status":"open","ping_status":"open","sticky":false,"template":"","format":"standard","meta":{"footnotes":""},"categories":[997,2433],"tags":[15144,70520,33536],"class_list":["post-849818","post","type-post","status-publish","format-standard","has-post-thumbnail","hentry","category-politique","category-tunisie","tag-abir-moussi","tag-kais-saied-3","tag-pdl"],"yoast_head":"<!-- This site is optimized with the Yoast SEO plugin v26.6 - https:\/\/yoast.com\/wordpress\/plugins\/seo\/ -->\n<title>Abir Moussi : \u00abKa\u00efs Sa\u00efed veut changer la loi \u00e9lectorale pour m&#039;emp\u00eacher de gouverner\u00bb - Kapitalis<\/title>\n<meta name=\"robots\" content=\"index, follow, max-snippet:-1, max-image-preview:large, max-video-preview:-1\" \/>\n<link rel=\"canonical\" href=\"https:\/\/kapitalis.com\/tunisie\/2022\/05\/19\/abir-moussi-kais-saied-veut-changer-la-loi-electorale-pour-mempecher-de-gouverner\/\" \/>\n<meta property=\"og:locale\" content=\"fr_FR\" \/>\n<meta property=\"og:type\" content=\"article\" \/>\n<meta property=\"og:title\" content=\"Abir Moussi : \u00abKa\u00efs Sa\u00efed veut changer la loi \u00e9lectorale pour m&#039;emp\u00eacher de gouverner\u00bb - Kapitalis\" \/>\n<meta property=\"og:description\" content=\"La pr\u00e9sidente du Parti destourien libre (PDL), Abir Moussi, a d\u00e9clar\u00e9, ce jeudi 19 mai 2022, que la raison pour laquelle le pr\u00e9sident de la r\u00e9publique, Ka\u00efs Sa\u00efed, veut changer la loi \u00e9lectorale est de l&#8217;emp\u00eacher d&rsquo;acc\u00e9der au pouvoir.\" \/>\n<meta property=\"og:url\" content=\"https:\/\/kapitalis.com\/tunisie\/2022\/05\/19\/abir-moussi-kais-saied-veut-changer-la-loi-electorale-pour-mempecher-de-gouverner\/\" \/>\n<meta property=\"og:site_name\" content=\"Kapitalis\" \/>\n<meta property=\"article:publisher\" content=\"https:\/\/www.facebook.com\/KapitalisInfo\/\" \/>\n<meta property=\"article:published_time\" content=\"2022-05-19T15:43:18+00:00\" \/>\n<meta property=\"article:modified_time\" content=\"2022-05-19T15:43:20+00:00\" \/>\n<meta property=\"og:image\" content=\"https:\/\/kapitalis.com\/tunisie\/wp-content\/uploads\/2022\/05\/Abir-Moussi-1.jpg\" \/>\n\t<meta property=\"og:image:width\" content=\"1200\" \/>\n\t<meta property=\"og:image:height\" content=\"630\" \/>\n\t<meta property=\"og:image:type\" content=\"image\/jpeg\" \/>\n<meta name=\"author\" content=\"Cherif Benyounes\" \/>\n<meta name=\"twitter:card\" content=\"summary_large_image\" \/>\n<meta name=\"twitter:creator\" content=\"@KapitalisInfo\" \/>\n<meta name=\"twitter:site\" content=\"@KapitalisInfo\" \/>\n<meta name=\"twitter:label1\" content=\"\u00c9crit par\" \/>\n\t<meta name=\"twitter:data1\" content=\"Cherif Benyounes\" \/>\n\t<meta name=\"twitter:label2\" content=\"Dur\u00e9e de lecture estim\u00e9e\" \/>\n\t<meta name=\"twitter:data2\" content=\"2 minutes\" \/>\n<script type=\"application\/ld+json\" class=\"yoast-schema-graph\">{\"@context\":\"https:\/\/schema.org\",\"@graph\":[{\"@type\":\"Article\",\"@id\":\"https:\/\/kapitalis.com\/tunisie\/2022\/05\/19\/abir-moussi-kais-saied-veut-changer-la-loi-electorale-pour-mempecher-de-gouverner\/#article\",\"isPartOf\":{\"@id\":\"https:\/\/kapitalis.com\/tunisie\/2022\/05\/19\/abir-moussi-kais-saied-veut-changer-la-loi-electorale-pour-mempecher-de-gouverner\/\"},\"author\":{\"name\":\"Cherif Benyounes\",\"@id\":\"https:\/\/kapitalis.com\/tunisie\/#\/schema\/person\/b35b8d631961131107263178aeb8019e\"},\"headline\":\"Abir Moussi : \u00abKa\u00efs Sa\u00efed veut changer la loi \u00e9lectorale pour m&#8217;emp\u00eacher de gouverner\u00bb\",\"datePublished\":\"2022-05-19T15:43:18+00:00\",\"dateModified\":\"2022-05-19T15:43:20+00:00\",\"mainEntityOfPage\":{\"@id\":\"https:\/\/kapitalis.com\/tunisie\/2022\/05\/19\/abir-moussi-kais-saied-veut-changer-la-loi-electorale-pour-mempecher-de-gouverner\/\"},\"wordCount\":237,\"commentCount\":5,\"publisher\":{\"@id\":\"https:\/\/kapitalis.com\/tunisie\/#organization\"},\"image\":{\"@id\":\"https:\/\/kapitalis.com\/tunisie\/2022\/05\/19\/abir-moussi-kais-saied-veut-changer-la-loi-electorale-pour-mempecher-de-gouverner\/#primaryimage\"},\"thumbnailUrl\":\"https:\/\/kapitalis.com\/tunisie\/wp-content\/uploads\/2022\/05\/Abir-Moussi-1.jpg\",\"keywords\":[\"Abir Moussi\",\"Kais Saied\",\"PDL\"],\"articleSection\":[\"POLITIQUE\",\"Tunisie\"],\"inLanguage\":\"fr-FR\",\"potentialAction\":[{\"@type\":\"CommentAction\",\"name\":\"Comment\",\"target\":[\"https:\/\/kapitalis.com\/tunisie\/2022\/05\/19\/abir-moussi-kais-saied-veut-changer-la-loi-electorale-pour-mempecher-de-gouverner\/#respond\"]}]},{\"@type\":\"WebPage\",\"@id\":\"https:\/\/kapitalis.com\/tunisie\/2022\/05\/19\/abir-moussi-kais-saied-veut-changer-la-loi-electorale-pour-mempecher-de-gouverner\/\",\"url\":\"https:\/\/kapitalis.com\/tunisie\/2022\/05\/19\/abir-moussi-kais-saied-veut-changer-la-loi-electorale-pour-mempecher-de-gouverner\/\",\"name\":\"Abir Moussi : \u00abKa\u00efs Sa\u00efed veut changer la loi \u00e9lectorale pour m'emp\u00eacher de gouverner\u00bb - Kapitalis\",\"isPartOf\":{\"@id\":\"https:\/\/kapitalis.com\/tunisie\/#website\"},\"primaryImageOfPage\":{\"@id\":\"https:\/\/kapitalis.com\/tunisie\/2022\/05\/19\/abir-moussi-kais-saied-veut-changer-la-loi-electorale-pour-mempecher-de-gouverner\/#primaryimage\"},\"image\":{\"@id\":\"https:\/\/kapitalis.com\/tunisie\/2022\/05\/19\/abir-moussi-kais-saied-veut-changer-la-loi-electorale-pour-mempecher-de-gouverner\/#primaryimage\"},\"thumbnailUrl\":\"https:\/\/kapitalis.com\/tunisie\/wp-content\/uploads\/2022\/05\/Abir-Moussi-1.jpg\",\"datePublished\":\"2022-05-19T15:43:18+00:00\",\"dateModified\":\"2022-05-19T15:43:20+00:00\",\"breadcrumb\":{\"@id\":\"https:\/\/kapitalis.com\/tunisie\/2022\/05\/19\/abir-moussi-kais-saied-veut-changer-la-loi-electorale-pour-mempecher-de-gouverner\/#breadcrumb\"},\"inLanguage\":\"fr-FR\",\"potentialAction\":[{\"@type\":\"ReadAction\",\"target\":[\"https:\/\/kapitalis.com\/tunisie\/2022\/05\/19\/abir-moussi-kais-saied-veut-changer-la-loi-electorale-pour-mempecher-de-gouverner\/\"]}]},{\"@type\":\"ImageObject\",\"inLanguage\":\"fr-FR\",\"@id\":\"https:\/\/kapitalis.com\/tunisie\/2022\/05\/19\/abir-moussi-kais-saied-veut-changer-la-loi-electorale-pour-mempecher-de-gouverner\/#primaryimage\",\"url\":\"https:\/\/kapitalis.com\/tunisie\/wp-content\/uploads\/2022\/05\/Abir-Moussi-1.jpg\",\"contentUrl\":\"https:\/\/kapitalis.com\/tunisie\/wp-content\/uploads\/2022\/05\/Abir-Moussi-1.jpg\",\"width\":1200,\"height\":630},{\"@type\":\"BreadcrumbList\",\"@id\":\"https:\/\/kapitalis.com\/tunisie\/2022\/05\/19\/abir-moussi-kais-saied-veut-changer-la-loi-electorale-pour-mempecher-de-gouverner\/#breadcrumb\",\"itemListElement\":[{\"@type\":\"ListItem\",\"position\":1,\"name\":\"Accueil\",\"item\":\"https:\/\/kapitalis.com\/tunisie\/\"},{\"@type\":\"ListItem\",\"position\":2,\"name\":\"Abir Moussi : \u00abKa\u00efs Sa\u00efed veut changer la loi \u00e9lectorale pour m&#8217;emp\u00eacher de gouverner\u00bb\"}]},{\"@type\":\"WebSite\",\"@id\":\"https:\/\/kapitalis.com\/tunisie\/#website\",\"url\":\"https:\/\/kapitalis.com\/tunisie\/\",\"name\":\"Kapitalis\",\"description\":\"L&#039;actualit\u00e9 en Tunisie et dans le monde\",\"publisher\":{\"@id\":\"https:\/\/kapitalis.com\/tunisie\/#organization\"},\"potentialAction\":[{\"@type\":\"SearchAction\",\"target\":{\"@type\":\"EntryPoint\",\"urlTemplate\":\"https:\/\/kapitalis.com\/tunisie\/?s={search_term_string}\"},\"query-input\":{\"@type\":\"PropertyValueSpecification\",\"valueRequired\":true,\"valueName\":\"search_term_string\"}}],\"inLanguage\":\"fr-FR\"},{\"@type\":\"Organization\",\"@id\":\"https:\/\/kapitalis.com\/tunisie\/#organization\",\"name\":\"Kapitalis\",\"url\":\"https:\/\/kapitalis.com\/tunisie\/\",\"logo\":{\"@type\":\"ImageObject\",\"inLanguage\":\"fr-FR\",\"@id\":\"https:\/\/kapitalis.com\/tunisie\/#\/schema\/logo\/image\/\",\"url\":\"https:\/\/kapitalis.com\/tunisie\/wp-content\/uploads\/2022\/05\/Kapitalis-big-size.png\",\"contentUrl\":\"https:\/\/kapitalis.com\/tunisie\/wp-content\/uploads\/2022\/05\/Kapitalis-big-size.png\",\"width\":5000,\"height\":1500,\"caption\":\"Kapitalis\"},\"image\":{\"@id\":\"https:\/\/kapitalis.com\/tunisie\/#\/schema\/logo\/image\/\"},\"sameAs\":[\"https:\/\/www.facebook.com\/KapitalisInfo\/\",\"https:\/\/x.com\/KapitalisInfo\",\"https:\/\/www.youtube.com\/channel\/UC-yDYrHyfFBWWZaOw3FPg9Q\"]},{\"@type\":\"Person\",\"@id\":\"https:\/\/kapitalis.com\/tunisie\/#\/schema\/person\/b35b8d631961131107263178aeb8019e\",\"name\":\"Cherif Benyounes\",\"url\":\"https:\/\/kapitalis.com\/tunisie\/author\/cherif\/\"}]}<\/script>\n<!-- \/ Yoast SEO plugin. -->","yoast_head_json":{"title":"Abir Moussi : \u00abKa\u00efs Sa\u00efed veut changer la loi \u00e9lectorale pour m'emp\u00eacher de gouverner\u00bb - Kapitalis","robots":{"index":"index","follow":"follow","max-snippet":"max-snippet:-1","max-image-preview":"max-image-preview:large","max-video-preview":"max-video-preview:-1"},"canonical":"https:\/\/kapitalis.com\/tunisie\/2022\/05\/19\/abir-moussi-kais-saied-veut-changer-la-loi-electorale-pour-mempecher-de-gouverner\/","og_locale":"fr_FR","og_type":"article","og_title":"Abir Moussi : \u00abKa\u00efs Sa\u00efed veut changer la loi \u00e9lectorale pour m'emp\u00eacher de gouverner\u00bb - Kapitalis","og_description":"La pr\u00e9sidente du Parti destourien libre (PDL), Abir Moussi, a d\u00e9clar\u00e9, ce jeudi 19 mai 2022, que la raison pour laquelle le pr\u00e9sident de la r\u00e9publique, Ka\u00efs Sa\u00efed, veut changer la loi \u00e9lectorale est de l&#8217;emp\u00eacher d&rsquo;acc\u00e9der au pouvoir.","og_url":"https:\/\/kapitalis.com\/tunisie\/2022\/05\/19\/abir-moussi-kais-saied-veut-changer-la-loi-electorale-pour-mempecher-de-gouverner\/","og_site_name":"Kapitalis","article_publisher":"https:\/\/www.facebook.com\/KapitalisInfo\/","article_published_time":"2022-05-19T15:43:18+00:00","article_modified_time":"2022-05-19T15:43:20+00:00","og_image":[{"width":1200,"height":630,"url":"https:\/\/kapitalis.com\/tunisie\/wp-content\/uploads\/2022\/05\/Abir-Moussi-1.jpg","type":"image\/jpeg"}],"author":"Cherif Benyounes","twitter_card":"summary_large_image","twitter_creator":"@KapitalisInfo","twitter_site":"@KapitalisInfo","twitter_misc":{"\u00c9crit par":"Cherif Benyounes","Dur\u00e9e de lecture estim\u00e9e":"2 minutes"},"schema":{"@context":"https:\/\/schema.org","@graph":[{"@type":"Article","@id":"https:\/\/kapitalis.com\/tunisie\/2022\/05\/19\/abir-moussi-kais-saied-veut-changer-la-loi-electorale-pour-mempecher-de-gouverner\/#article","isPartOf":{"@id":"https:\/\/kapitalis.com\/tunisie\/2022\/05\/19\/abir-moussi-kais-saied-veut-changer-la-loi-electorale-pour-mempecher-de-gouverner\/"},"author":{"name":"Cherif Benyounes","@id":"https:\/\/kapitalis.com\/tunisie\/#\/schema\/person\/b35b8d631961131107263178aeb8019e"},"headline":"Abir Moussi : \u00abKa\u00efs Sa\u00efed veut changer la loi \u00e9lectorale pour m&#8217;emp\u00eacher de gouverner\u00bb","datePublished":"2022-05-19T15:43:18+00:00","dateModified":"2022-05-19T15:43:20+00:00","mainEntityOfPage":{"@id":"https:\/\/kapitalis.com\/tunisie\/2022\/05\/19\/abir-moussi-kais-saied-veut-changer-la-loi-electorale-pour-mempecher-de-gouverner\/"},"wordCount":237,"commentCount":5,"publisher":{"@id":"https:\/\/kapitalis.com\/tunisie\/#organization"},"image":{"@id":"https:\/\/kapitalis.com\/tunisie\/2022\/05\/19\/abir-moussi-kais-saied-veut-changer-la-loi-electorale-pour-mempecher-de-gouverner\/#primaryimage"},"thumbnailUrl":"https:\/\/kapitalis.com\/tunisie\/wp-content\/uploads\/2022\/05\/Abir-Moussi-1.jpg","keywords":["Abir Moussi","Kais Saied","PDL"],"articleSection":["POLITIQUE","Tunisie"],"inLanguage":"fr-FR","potentialAction":[{"@type":"CommentAction","name":"Comment","target":["https:\/\/kapitalis.com\/tunisie\/2022\/05\/19\/abir-moussi-kais-saied-veut-changer-la-loi-electorale-pour-mempecher-de-gouverner\/#respond"]}]},{"@type":"WebPage","@id":"https:\/\/kapitalis.com\/tunisie\/2022\/05\/19\/abir-moussi-kais-saied-veut-changer-la-loi-electorale-pour-mempecher-de-gouverner\/","url":"https:\/\/kapitalis.com\/tunisie\/2022\/05\/19\/abir-moussi-kais-saied-veut-changer-la-loi-electorale-pour-mempecher-de-gouverner\/","name":"Abir Moussi : \u00abKa\u00efs Sa\u00efed veut changer la loi \u00e9lectorale pour m'emp\u00eacher de gouverner\u00bb - Kapitalis","isPartOf":{"@id":"https:\/\/kapitalis.com\/tunisie\/#website"},"primaryImageOfPage":{"@id":"https:\/\/kapitalis.com\/tunisie\/2022\/05\/19\/abir-moussi-kais-saied-veut-changer-la-loi-electorale-pour-mempecher-de-gouverner\/#primaryimage"},"image":{"@id":"https:\/\/kapitalis.com\/tunisie\/2022\/05\/19\/abir-moussi-kais-saied-veut-changer-la-loi-electorale-pour-mempecher-de-gouverner\/#primaryimage"},"thumbnailUrl":"https:\/\/kapitalis.com\/tunisie\/wp-content\/uploads\/2022\/05\/Abir-Moussi-1.jpg","datePublished":"2022-05-19T15:43:18+00:00","dateModified":"2022-05-19T15:43:20+00:00","breadcrumb":{"@id":"https:\/\/kapitalis.com\/tunisie\/2022\/05\/19\/abir-moussi-kais-saied-veut-changer-la-loi-electorale-pour-mempecher-de-gouverner\/#breadcrumb"},"inLanguage":"fr-FR","potentialAction":[{"@type":"ReadAction","target":["https:\/\/kapitalis.com\/tunisie\/2022\/05\/19\/abir-moussi-kais-saied-veut-changer-la-loi-electorale-pour-mempecher-de-gouverner\/"]}]},{"@type":"ImageObject","inLanguage":"fr-FR","@id":"https:\/\/kapitalis.com\/tunisie\/2022\/05\/19\/abir-moussi-kais-saied-veut-changer-la-loi-electorale-pour-mempecher-de-gouverner\/#primaryimage","url":"https:\/\/kapitalis.com\/tunisie\/wp-content\/uploads\/2022\/05\/Abir-Moussi-1.jpg","contentUrl":"https:\/\/kapitalis.com\/tunisie\/wp-content\/uploads\/2022\/05\/Abir-Moussi-1.jpg","width":1200,"height":630},{"@type":"BreadcrumbList","@id":"https:\/\/kapitalis.com\/tunisie\/2022\/05\/19\/abir-moussi-kais-saied-veut-changer-la-loi-electorale-pour-mempecher-de-gouverner\/#breadcrumb","itemListElement":[{"@type":"ListItem","position":1,"name":"Accueil","item":"https:\/\/kapitalis.com\/tunisie\/"},{"@type":"ListItem","position":2,"name":"Abir Moussi : \u00abKa\u00efs Sa\u00efed veut changer la loi \u00e9lectorale pour m&#8217;emp\u00eacher de gouverner\u00bb"}]},{"@type":"WebSite","@id":"https:\/\/kapitalis.com\/tunisie\/#website","url":"https:\/\/kapitalis.com\/tunisie\/","name":"Kapitalis","description":"L&#039;actualit\u00e9 en Tunisie et dans le monde","publisher":{"@id":"https:\/\/kapitalis.com\/tunisie\/#organization"},"potentialAction":[{"@type":"SearchAction","target":{"@type":"EntryPoint","urlTemplate":"https:\/\/kapitalis.com\/tunisie\/?s={search_term_string}"},"query-input":{"@type":"PropertyValueSpecification","valueRequired":true,"valueName":"search_term_string"}}],"inLanguage":"fr-FR"},{"@type":"Organization","@id":"https:\/\/kapitalis.com\/tunisie\/#organization","name":"Kapitalis","url":"https:\/\/kapitalis.com\/tunisie\/","logo":{"@type":"ImageObject","inLanguage":"fr-FR","@id":"https:\/\/kapitalis.com\/tunisie\/#\/schema\/logo\/image\/","url":"https:\/\/kapitalis.com\/tunisie\/wp-content\/uploads\/2022\/05\/Kapitalis-big-size.png","contentUrl":"https:\/\/kapitalis.com\/tunisie\/wp-content\/uploads\/2022\/05\/Kapitalis-big-size.png","width":5000,"height":1500,"caption":"Kapitalis"},"image":{"@id":"https:\/\/kapitalis.com\/tunisie\/#\/schema\/logo\/image\/"},"sameAs":["https:\/\/www.facebook.com\/KapitalisInfo\/","https:\/\/x.com\/KapitalisInfo","https:\/\/www.youtube.com\/channel\/UC-yDYrHyfFBWWZaOw3FPg9Q"]},{"@type":"Person","@id":"https:\/\/kapitalis.com\/tunisie\/#\/schema\/person\/b35b8d631961131107263178aeb8019e","name":"Cherif Benyounes","url":"https:\/\/kapitalis.com\/tunisie\/author\/cherif\/"}]}},"_links":{"self":[{"href":"https:\/\/kapitalis.com\/tunisie\/wp-json\/wp\/v2\/posts\/849818","targetHints":{"allow":["GET"]}}],"collection":[{"href":"https:\/\/kapitalis.com\/tunisie\/wp-json\/wp\/v2\/posts"}],"about":[{"href":"https:\/\/kapitalis.com\/tunisie\/wp-json\/wp\/v2\/types\/post"}],"author":[{"embeddable":true,"href":"https:\/\/kapitalis.com\/tunisie\/wp-json\/wp\/v2\/users\/24"}],"replies":[{"embeddable":true,"href":"https:\/\/kapitalis.com\/tunisie\/wp-json\/wp\/v2\/comments?post=849818"}],"version-history":[{"count":0,"href":"https:\/\/kapitalis.com\/tunisie\/wp-json\/wp\/v2\/posts\/849818\/revisions"}],"wp:featuredmedia":[{"embeddable":true,"href":"https:\/\/kapitalis.com\/tunisie\/wp-json\/wp\/v2\/media\/727010"}],"wp:attachment":[{"href":"https:\/\/kapitalis.com\/tunisie\/wp-json\/wp\/v2\/media?parent=849818"}],"wp:term":[{"taxonomy":"category","embeddable":true,"href":"https:\/\/kapitalis.com\/tunisie\/wp-json\/wp\/v2\/categories?post=849818"},{"taxonomy":"post_tag","embeddable":true,"href":"https:\/\/kapitalis.com\/tunisie\/wp-json\/wp\/v2\/tags?post=849818"}],"curies":[{"name":"wp","href":"https:\/\/api.w.org\/{rel}","templated":true}]}}