{"id":84994,"date":"2017-03-01T08:33:03","date_gmt":"2017-03-01T07:33:03","guid":{"rendered":"http:\/\/kapitalis.com\/tunisie\/?p=84994"},"modified":"2017-03-01T08:33:03","modified_gmt":"2017-03-01T07:33:03","slug":"crise-gouvernement-ugtt-caid-essebsi-a-la-manoeuvre","status":"publish","type":"post","link":"https:\/\/kapitalis.com\/tunisie\/2017\/03\/01\/crise-gouvernement-ugtt-caid-essebsi-a-la-manoeuvre\/","title":{"rendered":"Crise gouvernement-UGTT : Caid Essebsi \u00e0 la man\u0153uvre"},"content":{"rendered":"<p style=\"text-align: center;\"><img loading=\"lazy\" decoding=\"async\" class=\"alignnone size-full wp-image-84995\" src=\"http:\/\/kapitalis.com\/tunisie\/wp-content\/uploads\/2017\/03\/Beji-Caid-Essebsi-Noureddine-Taboubi.jpg\" alt=\"\" width=\"626\" height=\"380\" \/><\/p>\n<p><em><strong>Le pr\u00e9sident de la r\u00e9publique, Beji Ca\u00efd Essebsi, a re\u00e7u le secr\u00e9taire g\u00e9n\u00e9ral de l\u2019Union g\u00e9n\u00e9rale tunisienne du travail (UGTT), Noureddine Taboubi.<\/strong><\/em><\/p>\n<p><!--more--><\/p>\n<p>La rencontre, qui a eu lieu mardi 28 f\u00e9vrier 2017 au palais de Carthage, s\u2019inscrit dans le cadre de l\u2019effort fourni par le chef de l\u2019Etat pour apaiser la tension actuelle entre le chef du gouvernement Youssef Chahed et la centrale syndicale, suite au remaniement minist\u00e9riel partiel effectu\u00e9 par le chef du gouvernement samedi dernier et qui a \u00e9t\u00e9 surtout marqu\u00e9 par le limogeage d\u2019Abid Briki, ex-minist\u00e8re de la Fonction publique et de la Gouvernance, qui est un ancien secr\u00e9taire g\u00e9n\u00e9ral adjoint de l\u2019UGTT.<\/p>\n<p>La centrale syndicale a exprim\u00e9, dimanche, son m\u00e9contentement de ce remaniement effectu\u00e9 sans la consultation des parties ayant sign\u00e9 l\u2019Accord de Carthage qui a donn\u00e9 naissance au gouvernement d\u2019union nationale pr\u00e9sid\u00e9 par M. Chahed.<\/p>\n<p>M. Taboubi a eu, entre lundi et mardi, une s\u00e9rie de rencontres avec des d\u00e9l\u00e9gations repr\u00e9sentant diff\u00e9rents partis politiques venus discuter de la crise provoqu\u00e9e par le remaniement minist\u00e9riel et de l\u2019avenir de l\u2019Accord de Carthage et du gouvernement d\u2019union nationale qui en est issu.<\/p>\n<p>Par ailleurs, une rencontre a eu lieu, mardi, au si\u00e8ge de l\u2019Union syndicale des travailleurs du Maghreb arabe entre Noureddine Taboubi et Ouided Bouchamaoui, pr\u00e9sidente de l\u2019Union tunisienne de l\u2019industrie, du commerce et de l\u2019artisanat (Utica).<\/p>\n<p>La rencontre a \u00e9t\u00e9 l\u2019occasion d\u2019\u00e9changer les points de vue concernant la situation \u00e9conomique, sociale et politique actuelle, notamment la crise g\u00e9n\u00e9r\u00e9e par la d\u00e9signation de Khalil Ghariani, homme d\u2019affaires de son \u00e9tat et dirigeant de l\u2019organisation patronale, \u00e0 la t\u00eate du minist\u00e8re de la Fonction publique et de la Gouvernance, en remplacement de M. Briki.<\/p>\n<p>Ouided Bouchamaoui a affirm\u00e9, \u00e0 l\u2019issue de la rencontre, que Khalil Ghariani n\u2019a pas \u00e9t\u00e9 d\u00e9sign\u00e9 au gouvernement en sa qualit\u00e9 de membre de la direction de l\u2019organisation patronale, mais pour ses comp\u00e9tences et sa capacit\u00e9 \u00e0 contribuer \u00e0 l\u2019effort g\u00e9n\u00e9ral pour le redressement de la situation \u00e9conomique et sociale du pays.<\/p>\n<p>Par ailleurs, Bouchamaoui et Taboubi sont convenus sur la n\u00e9cessit\u00e9 d\u2019aboutir \u00e0 un accord concernant les n\u00e9gociations sur les majorations salariales dans le secteur priv\u00e9, dont une nouvelle session doit avoir lieu aujourd\u2019hui pour rapprocher les points de vue et aboutir \u00e0 un accord prenant en consid\u00e9ration les int\u00e9r\u00eats des travailleurs et des patrons.<\/p>\n<p style=\"text-align: right;\"><strong>Abderrazek Krimi<\/strong><\/p>\n","protected":false},"excerpt":{"rendered":"<p>Le pr\u00e9sident de la r\u00e9publique, Beji Ca\u00efd Essebsi, a re\u00e7u le secr\u00e9taire g\u00e9n\u00e9ral de l\u2019Union g\u00e9n\u00e9rale tunisienne du travail (UGTT), Noureddine Taboubi.<\/p>\n","protected":false},"author":8,"featured_media":84995,"comment_status":"open","ping_status":"open","sticky":false,"template":"","format":"standard","meta":{"footnotes":""},"categories":[997,2433],"tags":[13802,6613,21897,10871],"class_list":["post-84994","post","type-post","status-publish","format-standard","has-post-thumbnail","hentry","category-politique","category-tunisie","tag-abid-briki","tag-khalil-ghariani","tag-noureddine-taboubi","tag-ouided-bouchamaoui"],"yoast_head":"<!-- This site is optimized with the Yoast SEO plugin v26.6 - https:\/\/yoast.com\/wordpress\/plugins\/seo\/ -->\n<title>Crise gouvernement-UGTT : Caid Essebsi \u00e0 la man\u0153uvre - Kapitalis<\/title>\n<meta name=\"robots\" content=\"index, follow, max-snippet:-1, max-image-preview:large, max-video-preview:-1\" \/>\n<link rel=\"canonical\" href=\"https:\/\/kapitalis.com\/tunisie\/2017\/03\/01\/crise-gouvernement-ugtt-caid-essebsi-a-la-manoeuvre\/\" \/>\n<meta property=\"og:locale\" content=\"fr_FR\" \/>\n<meta property=\"og:type\" content=\"article\" \/>\n<meta property=\"og:title\" content=\"Crise gouvernement-UGTT : Caid Essebsi \u00e0 la man\u0153uvre - Kapitalis\" \/>\n<meta property=\"og:description\" content=\"Le pr\u00e9sident de la r\u00e9publique, Beji Ca\u00efd Essebsi, a re\u00e7u le secr\u00e9taire g\u00e9n\u00e9ral de l\u2019Union g\u00e9n\u00e9rale tunisienne du travail (UGTT), Noureddine Taboubi.\" \/>\n<meta property=\"og:url\" content=\"https:\/\/kapitalis.com\/tunisie\/2017\/03\/01\/crise-gouvernement-ugtt-caid-essebsi-a-la-manoeuvre\/\" \/>\n<meta property=\"og:site_name\" content=\"Kapitalis\" \/>\n<meta property=\"article:publisher\" content=\"https:\/\/www.facebook.com\/KapitalisInfo\/\" \/>\n<meta property=\"article:published_time\" content=\"2017-03-01T07:33:03+00:00\" \/>\n<meta property=\"og:image\" content=\"https:\/\/kapitalis.com\/tunisie\/wp-content\/uploads\/2022\/05\/kapitalis-logo-fb.png\" \/>\n\t<meta property=\"og:image:width\" content=\"1200\" \/>\n\t<meta property=\"og:image:height\" content=\"630\" \/>\n\t<meta property=\"og:image:type\" content=\"image\/png\" \/>\n<meta name=\"author\" content=\"webmaster kapitalis\" \/>\n<meta name=\"twitter:card\" content=\"summary_large_image\" \/>\n<meta name=\"twitter:creator\" content=\"@KapitalisInfo\" \/>\n<meta name=\"twitter:site\" content=\"@KapitalisInfo\" \/>\n<meta name=\"twitter:label1\" content=\"\u00c9crit par\" \/>\n\t<meta name=\"twitter:data1\" content=\"webmaster kapitalis\" \/>\n\t<meta name=\"twitter:label2\" content=\"Dur\u00e9e de lecture estim\u00e9e\" \/>\n\t<meta name=\"twitter:data2\" content=\"2 minutes\" \/>\n<script type=\"application\/ld+json\" class=\"yoast-schema-graph\">{\"@context\":\"https:\/\/schema.org\",\"@graph\":[{\"@type\":\"Article\",\"@id\":\"https:\/\/kapitalis.com\/tunisie\/2017\/03\/01\/crise-gouvernement-ugtt-caid-essebsi-a-la-manoeuvre\/#article\",\"isPartOf\":{\"@id\":\"https:\/\/kapitalis.com\/tunisie\/2017\/03\/01\/crise-gouvernement-ugtt-caid-essebsi-a-la-manoeuvre\/\"},\"author\":{\"name\":\"webmaster kapitalis\",\"@id\":\"https:\/\/kapitalis.com\/tunisie\/#\/schema\/person\/d71f33a9ca44f7bad4698210b480c8e9\"},\"headline\":\"Crise gouvernement-UGTT : Caid Essebsi \u00e0 la man\u0153uvre\",\"datePublished\":\"2017-03-01T07:33:03+00:00\",\"mainEntityOfPage\":{\"@id\":\"https:\/\/kapitalis.com\/tunisie\/2017\/03\/01\/crise-gouvernement-ugtt-caid-essebsi-a-la-manoeuvre\/\"},\"wordCount\":450,\"commentCount\":0,\"publisher\":{\"@id\":\"https:\/\/kapitalis.com\/tunisie\/#organization\"},\"image\":{\"@id\":\"https:\/\/kapitalis.com\/tunisie\/2017\/03\/01\/crise-gouvernement-ugtt-caid-essebsi-a-la-manoeuvre\/#primaryimage\"},\"thumbnailUrl\":\"\",\"keywords\":[\"Abid Briki\",\"Khalil Ghariani\",\"Noureddine Taboubi\",\"Ouided Bouchamaoui\"],\"articleSection\":[\"POLITIQUE\",\"Tunisie\"],\"inLanguage\":\"fr-FR\",\"potentialAction\":[{\"@type\":\"CommentAction\",\"name\":\"Comment\",\"target\":[\"https:\/\/kapitalis.com\/tunisie\/2017\/03\/01\/crise-gouvernement-ugtt-caid-essebsi-a-la-manoeuvre\/#respond\"]}]},{\"@type\":\"WebPage\",\"@id\":\"https:\/\/kapitalis.com\/tunisie\/2017\/03\/01\/crise-gouvernement-ugtt-caid-essebsi-a-la-manoeuvre\/\",\"url\":\"https:\/\/kapitalis.com\/tunisie\/2017\/03\/01\/crise-gouvernement-ugtt-caid-essebsi-a-la-manoeuvre\/\",\"name\":\"Crise gouvernement-UGTT : Caid Essebsi \u00e0 la man\u0153uvre - Kapitalis\",\"isPartOf\":{\"@id\":\"https:\/\/kapitalis.com\/tunisie\/#website\"},\"primaryImageOfPage\":{\"@id\":\"https:\/\/kapitalis.com\/tunisie\/2017\/03\/01\/crise-gouvernement-ugtt-caid-essebsi-a-la-manoeuvre\/#primaryimage\"},\"image\":{\"@id\":\"https:\/\/kapitalis.com\/tunisie\/2017\/03\/01\/crise-gouvernement-ugtt-caid-essebsi-a-la-manoeuvre\/#primaryimage\"},\"thumbnailUrl\":\"\",\"datePublished\":\"2017-03-01T07:33:03+00:00\",\"breadcrumb\":{\"@id\":\"https:\/\/kapitalis.com\/tunisie\/2017\/03\/01\/crise-gouvernement-ugtt-caid-essebsi-a-la-manoeuvre\/#breadcrumb\"},\"inLanguage\":\"fr-FR\",\"potentialAction\":[{\"@type\":\"ReadAction\",\"target\":[\"https:\/\/kapitalis.com\/tunisie\/2017\/03\/01\/crise-gouvernement-ugtt-caid-essebsi-a-la-manoeuvre\/\"]}]},{\"@type\":\"ImageObject\",\"inLanguage\":\"fr-FR\",\"@id\":\"https:\/\/kapitalis.com\/tunisie\/2017\/03\/01\/crise-gouvernement-ugtt-caid-essebsi-a-la-manoeuvre\/#primaryimage\",\"url\":\"\",\"contentUrl\":\"\"},{\"@type\":\"BreadcrumbList\",\"@id\":\"https:\/\/kapitalis.com\/tunisie\/2017\/03\/01\/crise-gouvernement-ugtt-caid-essebsi-a-la-manoeuvre\/#breadcrumb\",\"itemListElement\":[{\"@type\":\"ListItem\",\"position\":1,\"name\":\"Accueil\",\"item\":\"https:\/\/kapitalis.com\/tunisie\/\"},{\"@type\":\"ListItem\",\"position\":2,\"name\":\"Crise gouvernement-UGTT : Caid Essebsi \u00e0 la man\u0153uvre\"}]},{\"@type\":\"WebSite\",\"@id\":\"https:\/\/kapitalis.com\/tunisie\/#website\",\"url\":\"https:\/\/kapitalis.com\/tunisie\/\",\"name\":\"Kapitalis\",\"description\":\"L&#039;actualit\u00e9 en Tunisie et dans le monde\",\"publisher\":{\"@id\":\"https:\/\/kapitalis.com\/tunisie\/#organization\"},\"potentialAction\":[{\"@type\":\"SearchAction\",\"target\":{\"@type\":\"EntryPoint\",\"urlTemplate\":\"https:\/\/kapitalis.com\/tunisie\/?s={search_term_string}\"},\"query-input\":{\"@type\":\"PropertyValueSpecification\",\"valueRequired\":true,\"valueName\":\"search_term_string\"}}],\"inLanguage\":\"fr-FR\"},{\"@type\":\"Organization\",\"@id\":\"https:\/\/kapitalis.com\/tunisie\/#organization\",\"name\":\"Kapitalis\",\"url\":\"https:\/\/kapitalis.com\/tunisie\/\",\"logo\":{\"@type\":\"ImageObject\",\"inLanguage\":\"fr-FR\",\"@id\":\"https:\/\/kapitalis.com\/tunisie\/#\/schema\/logo\/image\/\",\"url\":\"https:\/\/kapitalis.com\/tunisie\/wp-content\/uploads\/2022\/05\/Kapitalis-big-size.png\",\"contentUrl\":\"https:\/\/kapitalis.com\/tunisie\/wp-content\/uploads\/2022\/05\/Kapitalis-big-size.png\",\"width\":5000,\"height\":1500,\"caption\":\"Kapitalis\"},\"image\":{\"@id\":\"https:\/\/kapitalis.com\/tunisie\/#\/schema\/logo\/image\/\"},\"sameAs\":[\"https:\/\/www.facebook.com\/KapitalisInfo\/\",\"https:\/\/x.com\/KapitalisInfo\",\"https:\/\/www.youtube.com\/channel\/UC-yDYrHyfFBWWZaOw3FPg9Q\"]},{\"@type\":\"Person\",\"@id\":\"https:\/\/kapitalis.com\/tunisie\/#\/schema\/person\/d71f33a9ca44f7bad4698210b480c8e9\",\"name\":\"webmaster kapitalis\",\"url\":\"https:\/\/kapitalis.com\/tunisie\/author\/webmaster-kapitalis\/\"}]}<\/script>\n<!-- \/ Yoast SEO plugin. -->","yoast_head_json":{"title":"Crise gouvernement-UGTT : Caid Essebsi \u00e0 la man\u0153uvre - Kapitalis","robots":{"index":"index","follow":"follow","max-snippet":"max-snippet:-1","max-image-preview":"max-image-preview:large","max-video-preview":"max-video-preview:-1"},"canonical":"https:\/\/kapitalis.com\/tunisie\/2017\/03\/01\/crise-gouvernement-ugtt-caid-essebsi-a-la-manoeuvre\/","og_locale":"fr_FR","og_type":"article","og_title":"Crise gouvernement-UGTT : Caid Essebsi \u00e0 la man\u0153uvre - Kapitalis","og_description":"Le pr\u00e9sident de la r\u00e9publique, Beji Ca\u00efd Essebsi, a re\u00e7u le secr\u00e9taire g\u00e9n\u00e9ral de l\u2019Union g\u00e9n\u00e9rale tunisienne du travail (UGTT), Noureddine Taboubi.","og_url":"https:\/\/kapitalis.com\/tunisie\/2017\/03\/01\/crise-gouvernement-ugtt-caid-essebsi-a-la-manoeuvre\/","og_site_name":"Kapitalis","article_publisher":"https:\/\/www.facebook.com\/KapitalisInfo\/","article_published_time":"2017-03-01T07:33:03+00:00","og_image":[{"width":1200,"height":630,"url":"https:\/\/kapitalis.com\/tunisie\/wp-content\/uploads\/2022\/05\/kapitalis-logo-fb.png","type":"image\/png"}],"author":"webmaster kapitalis","twitter_card":"summary_large_image","twitter_creator":"@KapitalisInfo","twitter_site":"@KapitalisInfo","twitter_misc":{"\u00c9crit par":"webmaster kapitalis","Dur\u00e9e de lecture estim\u00e9e":"2 minutes"},"schema":{"@context":"https:\/\/schema.org","@graph":[{"@type":"Article","@id":"https:\/\/kapitalis.com\/tunisie\/2017\/03\/01\/crise-gouvernement-ugtt-caid-essebsi-a-la-manoeuvre\/#article","isPartOf":{"@id":"https:\/\/kapitalis.com\/tunisie\/2017\/03\/01\/crise-gouvernement-ugtt-caid-essebsi-a-la-manoeuvre\/"},"author":{"name":"webmaster kapitalis","@id":"https:\/\/kapitalis.com\/tunisie\/#\/schema\/person\/d71f33a9ca44f7bad4698210b480c8e9"},"headline":"Crise gouvernement-UGTT : Caid Essebsi \u00e0 la man\u0153uvre","datePublished":"2017-03-01T07:33:03+00:00","mainEntityOfPage":{"@id":"https:\/\/kapitalis.com\/tunisie\/2017\/03\/01\/crise-gouvernement-ugtt-caid-essebsi-a-la-manoeuvre\/"},"wordCount":450,"commentCount":0,"publisher":{"@id":"https:\/\/kapitalis.com\/tunisie\/#organization"},"image":{"@id":"https:\/\/kapitalis.com\/tunisie\/2017\/03\/01\/crise-gouvernement-ugtt-caid-essebsi-a-la-manoeuvre\/#primaryimage"},"thumbnailUrl":"","keywords":["Abid Briki","Khalil Ghariani","Noureddine Taboubi","Ouided Bouchamaoui"],"articleSection":["POLITIQUE","Tunisie"],"inLanguage":"fr-FR","potentialAction":[{"@type":"CommentAction","name":"Comment","target":["https:\/\/kapitalis.com\/tunisie\/2017\/03\/01\/crise-gouvernement-ugtt-caid-essebsi-a-la-manoeuvre\/#respond"]}]},{"@type":"WebPage","@id":"https:\/\/kapitalis.com\/tunisie\/2017\/03\/01\/crise-gouvernement-ugtt-caid-essebsi-a-la-manoeuvre\/","url":"https:\/\/kapitalis.com\/tunisie\/2017\/03\/01\/crise-gouvernement-ugtt-caid-essebsi-a-la-manoeuvre\/","name":"Crise gouvernement-UGTT : Caid Essebsi \u00e0 la man\u0153uvre - Kapitalis","isPartOf":{"@id":"https:\/\/kapitalis.com\/tunisie\/#website"},"primaryImageOfPage":{"@id":"https:\/\/kapitalis.com\/tunisie\/2017\/03\/01\/crise-gouvernement-ugtt-caid-essebsi-a-la-manoeuvre\/#primaryimage"},"image":{"@id":"https:\/\/kapitalis.com\/tunisie\/2017\/03\/01\/crise-gouvernement-ugtt-caid-essebsi-a-la-manoeuvre\/#primaryimage"},"thumbnailUrl":"","datePublished":"2017-03-01T07:33:03+00:00","breadcrumb":{"@id":"https:\/\/kapitalis.com\/tunisie\/2017\/03\/01\/crise-gouvernement-ugtt-caid-essebsi-a-la-manoeuvre\/#breadcrumb"},"inLanguage":"fr-FR","potentialAction":[{"@type":"ReadAction","target":["https:\/\/kapitalis.com\/tunisie\/2017\/03\/01\/crise-gouvernement-ugtt-caid-essebsi-a-la-manoeuvre\/"]}]},{"@type":"ImageObject","inLanguage":"fr-FR","@id":"https:\/\/kapitalis.com\/tunisie\/2017\/03\/01\/crise-gouvernement-ugtt-caid-essebsi-a-la-manoeuvre\/#primaryimage","url":"","contentUrl":""},{"@type":"BreadcrumbList","@id":"https:\/\/kapitalis.com\/tunisie\/2017\/03\/01\/crise-gouvernement-ugtt-caid-essebsi-a-la-manoeuvre\/#breadcrumb","itemListElement":[{"@type":"ListItem","position":1,"name":"Accueil","item":"https:\/\/kapitalis.com\/tunisie\/"},{"@type":"ListItem","position":2,"name":"Crise gouvernement-UGTT : Caid Essebsi \u00e0 la man\u0153uvre"}]},{"@type":"WebSite","@id":"https:\/\/kapitalis.com\/tunisie\/#website","url":"https:\/\/kapitalis.com\/tunisie\/","name":"Kapitalis","description":"L&#039;actualit\u00e9 en Tunisie et dans le monde","publisher":{"@id":"https:\/\/kapitalis.com\/tunisie\/#organization"},"potentialAction":[{"@type":"SearchAction","target":{"@type":"EntryPoint","urlTemplate":"https:\/\/kapitalis.com\/tunisie\/?s={search_term_string}"},"query-input":{"@type":"PropertyValueSpecification","valueRequired":true,"valueName":"search_term_string"}}],"inLanguage":"fr-FR"},{"@type":"Organization","@id":"https:\/\/kapitalis.com\/tunisie\/#organization","name":"Kapitalis","url":"https:\/\/kapitalis.com\/tunisie\/","logo":{"@type":"ImageObject","inLanguage":"fr-FR","@id":"https:\/\/kapitalis.com\/tunisie\/#\/schema\/logo\/image\/","url":"https:\/\/kapitalis.com\/tunisie\/wp-content\/uploads\/2022\/05\/Kapitalis-big-size.png","contentUrl":"https:\/\/kapitalis.com\/tunisie\/wp-content\/uploads\/2022\/05\/Kapitalis-big-size.png","width":5000,"height":1500,"caption":"Kapitalis"},"image":{"@id":"https:\/\/kapitalis.com\/tunisie\/#\/schema\/logo\/image\/"},"sameAs":["https:\/\/www.facebook.com\/KapitalisInfo\/","https:\/\/x.com\/KapitalisInfo","https:\/\/www.youtube.com\/channel\/UC-yDYrHyfFBWWZaOw3FPg9Q"]},{"@type":"Person","@id":"https:\/\/kapitalis.com\/tunisie\/#\/schema\/person\/d71f33a9ca44f7bad4698210b480c8e9","name":"webmaster kapitalis","url":"https:\/\/kapitalis.com\/tunisie\/author\/webmaster-kapitalis\/"}]}},"_links":{"self":[{"href":"https:\/\/kapitalis.com\/tunisie\/wp-json\/wp\/v2\/posts\/84994","targetHints":{"allow":["GET"]}}],"collection":[{"href":"https:\/\/kapitalis.com\/tunisie\/wp-json\/wp\/v2\/posts"}],"about":[{"href":"https:\/\/kapitalis.com\/tunisie\/wp-json\/wp\/v2\/types\/post"}],"author":[{"embeddable":true,"href":"https:\/\/kapitalis.com\/tunisie\/wp-json\/wp\/v2\/users\/8"}],"replies":[{"embeddable":true,"href":"https:\/\/kapitalis.com\/tunisie\/wp-json\/wp\/v2\/comments?post=84994"}],"version-history":[{"count":0,"href":"https:\/\/kapitalis.com\/tunisie\/wp-json\/wp\/v2\/posts\/84994\/revisions"}],"wp:featuredmedia":[{"embeddable":true,"href":"https:\/\/kapitalis.com\/tunisie\/wp-json\/wp\/v2\/media\/84995"}],"wp:attachment":[{"href":"https:\/\/kapitalis.com\/tunisie\/wp-json\/wp\/v2\/media?parent=84994"}],"wp:term":[{"taxonomy":"category","embeddable":true,"href":"https:\/\/kapitalis.com\/tunisie\/wp-json\/wp\/v2\/categories?post=84994"},{"taxonomy":"post_tag","embeddable":true,"href":"https:\/\/kapitalis.com\/tunisie\/wp-json\/wp\/v2\/tags?post=84994"}],"curies":[{"name":"wp","href":"https:\/\/api.w.org\/{rel}","templated":true}]}}