{"id":85010,"date":"2017-03-01T10:04:53","date_gmt":"2017-03-01T09:04:53","guid":{"rendered":"http:\/\/kapitalis.com\/tunisie\/?p=85010"},"modified":"2017-03-01T10:21:35","modified_gmt":"2017-03-01T09:21:35","slug":"la-mercedes-classe-a-160-nouvelle-generation-commercialisee-en-tunisie","status":"publish","type":"post","link":"https:\/\/kapitalis.com\/tunisie\/2017\/03\/01\/la-mercedes-classe-a-160-nouvelle-generation-commercialisee-en-tunisie\/","title":{"rendered":"La Mercedes Classe A 160 Nouvelle G\u00e9n\u00e9ration commercialis\u00e9e en Tunisie"},"content":{"rendered":"<p><img loading=\"lazy\" decoding=\"async\" class=\"alignnone size-full wp-image-85011 aligncenter\" src=\"http:\/\/kapitalis.com\/tunisie\/wp-content\/uploads\/2017\/03\/Mercedes-Benz.jpg\" alt=\"\" width=\"626\" height=\"380\" \/><\/p>\n<p><em><strong>Le Moteur, concessionnaire de la marque Mercedes-Benz, vient de mettre sur le march\u00e9 tunisien le nouveau mod\u00e8le de la marque, la classe A 160 de 75 kW (102 ch).<\/strong> <\/em><\/p>\n<p><!--more--><\/p>\n<p>Avec la Classe A Nouvelle G\u00e9n\u00e9ration, Mercedes-Benz r\u00e9ussit \u00e0 concilier ambitions sportives et confort accru. Dans le m\u00eame temps, la firme allemande \u00e9toffe la palette de motorisations et lance son nouveau mod\u00e8le, la A 160 de 75 kW (102 ch), qui disponible sur le march\u00e9 tunisien.<\/p>\n<p>Gr\u00e2ce \u00e0 Dynamic Select, quelques secondes suffisent pour modifier, par simple pression d\u2019une touche, les caract\u00e9ristiques du v\u00e9hicule.<\/p>\n<p>En effet, \u00e0 la demande du conducteur, ce syst\u00e8me module les propri\u00e9t\u00e9s du moteur, de la bo\u00eete de vitesses, du train de roulement, de la direction et de la climatisation. Les quatre programmes de conduite <em>\u00abConfort\u00bb, \u00abSport\u00bb, \u00abEco\u00bb<\/em> et \u00ab<em>Individual<\/em>\u00bb peuvent \u00eatre param\u00e9tr\u00e9s ais\u00e9ment au moyen du contacteur log\u00e9 dans la partie sup\u00e9rieure du panneau de commande.<\/p>\n<p style=\"text-align: center;\"><img loading=\"lazy\" decoding=\"async\" class=\"alignnone size-full wp-image-85019\" src=\"http:\/\/kapitalis.com\/tunisie\/wp-content\/uploads\/2017\/03\/Mercredes-Classe-160.jpg\" alt=\"\" width=\"500\" height=\"300\" \/><\/p>\n<p>Des combin\u00e9s d\u2019instruments \u00e0 cadrans cylindriques au graphisme raffin\u00e9 et des commandes galvanis\u00e9es valorisent l\u2019habitacle haut de gamme, tout comme le visuel grand format, ind\u00e9pendant et sans cadre du syst\u00e8me d\u2019info-divertissement d\u00e9sormais disponible en option avec un \u00e9cran de 20,3 cm (8 pouces).<\/p>\n<p>Ambiance tonique \u00e0 bord gr\u00e2ce aux nouveaux coloris et mat\u00e9riaux et aux nouvelles surfaces de l\u2019insert d\u00e9coratif de la planche de bord. Parmi les nouveaut\u00e9s, citons notamment le nouveau design de si\u00e8ge sur la ligne Style agr\u00e9ment\u00e9 de touches rouges ou vertes.<\/p>\n<p>La Classe A Nouvelle G\u00e9n\u00e9ration est le premier mod\u00e8le Mercedes-Benz proposant un syst\u00e8me tr\u00e8s complet d\u2019int\u00e9gration des smartphones : les syst\u00e8mes Apple\u00ae CarPlay\u00ae (pour les utilisateurs d\u2019iPhone\u00ae) et MirrorLink\u00ae sont maintenant disponibles.<\/p>\n<p style=\"text-align: center;\"><img loading=\"lazy\" decoding=\"async\" class=\"alignnone size-full wp-image-85022\" src=\"http:\/\/kapitalis.com\/tunisie\/wp-content\/uploads\/2017\/03\/Mercedes-Classe-A-160-2.jpg\" alt=\"\" width=\"500\" height=\"300\" \/><\/p>\n<p>La nouvelle g\u00e9n\u00e9ration de syst\u00e8mes d\u2019info-divertissement fait elle aussi son entr\u00e9e sur la Classe A. Celle-ci offre une utilisation encore plus intuitive et permet de d\u00e9couvrir les fonctions propos\u00e9es sous une forme in\u00e9dite gr\u00e2ce aux menus anim\u00e9s et aux affichages graphiques pr\u00e9sent\u00e9s sur un visuel au format encore plus g\u00e9n\u00e9reux. D\u00e9sormais, la taille de l\u2019\u00e9cran s\u2019\u00e9l\u00e8ve \u00e0 20,3 cm (8 pouces) (option), soit au moins 2,5 cm (1 pouce) de plus que sur la version pr\u00e9c\u00e9dente.<\/p>\n<p style=\"text-align: center;\"><strong><em>Caract\u00e9ristiques techniques:<\/em><\/strong><\/p>\n<p style=\"text-align: center;\"><img loading=\"lazy\" decoding=\"async\" class=\"alignnone size-full wp-image-85012\" src=\"http:\/\/kapitalis.com\/tunisie\/wp-content\/uploads\/2017\/03\/Mercedes-Tableau.jpg\" alt=\"\" width=\"500\" height=\"500\" \/><\/p>\n<p><em><strong>Source<\/strong><\/em> : communiqu\u00e9.<\/p>\n","protected":false},"excerpt":{"rendered":"<p>Le Moteur, concessionnaire de la marque Mercedes-Benz, vient de mettre sur le march\u00e9 tunisien le nouveau mod\u00e8le de la marque, la classe A 160 de 75 kW (102 ch).<\/p>\n","protected":false},"author":8,"featured_media":85011,"comment_status":"open","ping_status":"open","sticky":false,"template":"","format":"standard","meta":{"footnotes":""},"categories":[993,2433],"tags":[],"class_list":["post-85010","post","type-post","status-publish","format-standard","has-post-thumbnail","hentry","category-conso","category-tunisie"],"yoast_head":"<!-- This site is optimized with the Yoast SEO plugin v26.6 - https:\/\/yoast.com\/wordpress\/plugins\/seo\/ -->\n<title>La Mercedes Classe A 160 Nouvelle G\u00e9n\u00e9ration commercialis\u00e9e en Tunisie - Kapitalis<\/title>\n<meta name=\"robots\" content=\"index, follow, max-snippet:-1, max-image-preview:large, max-video-preview:-1\" \/>\n<link rel=\"canonical\" href=\"https:\/\/kapitalis.com\/tunisie\/2017\/03\/01\/la-mercedes-classe-a-160-nouvelle-generation-commercialisee-en-tunisie\/\" \/>\n<meta property=\"og:locale\" content=\"fr_FR\" \/>\n<meta property=\"og:type\" content=\"article\" \/>\n<meta property=\"og:title\" content=\"La Mercedes Classe A 160 Nouvelle G\u00e9n\u00e9ration commercialis\u00e9e en Tunisie - Kapitalis\" \/>\n<meta property=\"og:description\" content=\"Le Moteur, concessionnaire de la marque Mercedes-Benz, vient de mettre sur le march\u00e9 tunisien le nouveau mod\u00e8le de la marque, la classe A 160 de 75 kW (102 ch).\" \/>\n<meta property=\"og:url\" content=\"https:\/\/kapitalis.com\/tunisie\/2017\/03\/01\/la-mercedes-classe-a-160-nouvelle-generation-commercialisee-en-tunisie\/\" \/>\n<meta property=\"og:site_name\" content=\"Kapitalis\" \/>\n<meta property=\"article:publisher\" content=\"https:\/\/www.facebook.com\/KapitalisInfo\/\" \/>\n<meta property=\"article:published_time\" content=\"2017-03-01T09:04:53+00:00\" \/>\n<meta property=\"article:modified_time\" content=\"2017-03-01T09:21:35+00:00\" \/>\n<meta property=\"og:image\" content=\"https:\/\/kapitalis.com\/tunisie\/wp-content\/uploads\/2022\/05\/kapitalis-logo-fb.png\" \/>\n\t<meta property=\"og:image:width\" content=\"1200\" \/>\n\t<meta property=\"og:image:height\" content=\"630\" \/>\n\t<meta property=\"og:image:type\" content=\"image\/png\" \/>\n<meta name=\"author\" content=\"webmaster kapitalis\" \/>\n<meta name=\"twitter:card\" content=\"summary_large_image\" \/>\n<meta name=\"twitter:creator\" content=\"@KapitalisInfo\" \/>\n<meta name=\"twitter:site\" content=\"@KapitalisInfo\" \/>\n<meta name=\"twitter:label1\" content=\"\u00c9crit par\" \/>\n\t<meta name=\"twitter:data1\" content=\"webmaster kapitalis\" \/>\n\t<meta name=\"twitter:label2\" content=\"Dur\u00e9e de lecture estim\u00e9e\" \/>\n\t<meta name=\"twitter:data2\" content=\"2 minutes\" \/>\n<script type=\"application\/ld+json\" class=\"yoast-schema-graph\">{\"@context\":\"https:\/\/schema.org\",\"@graph\":[{\"@type\":\"Article\",\"@id\":\"https:\/\/kapitalis.com\/tunisie\/2017\/03\/01\/la-mercedes-classe-a-160-nouvelle-generation-commercialisee-en-tunisie\/#article\",\"isPartOf\":{\"@id\":\"https:\/\/kapitalis.com\/tunisie\/2017\/03\/01\/la-mercedes-classe-a-160-nouvelle-generation-commercialisee-en-tunisie\/\"},\"author\":{\"name\":\"webmaster kapitalis\",\"@id\":\"https:\/\/kapitalis.com\/tunisie\/#\/schema\/person\/d71f33a9ca44f7bad4698210b480c8e9\"},\"headline\":\"La Mercedes Classe A 160 Nouvelle G\u00e9n\u00e9ration commercialis\u00e9e en Tunisie\",\"datePublished\":\"2017-03-01T09:04:53+00:00\",\"dateModified\":\"2017-03-01T09:21:35+00:00\",\"mainEntityOfPage\":{\"@id\":\"https:\/\/kapitalis.com\/tunisie\/2017\/03\/01\/la-mercedes-classe-a-160-nouvelle-generation-commercialisee-en-tunisie\/\"},\"wordCount\":403,\"commentCount\":1,\"publisher\":{\"@id\":\"https:\/\/kapitalis.com\/tunisie\/#organization\"},\"image\":{\"@id\":\"https:\/\/kapitalis.com\/tunisie\/2017\/03\/01\/la-mercedes-classe-a-160-nouvelle-generation-commercialisee-en-tunisie\/#primaryimage\"},\"thumbnailUrl\":\"\",\"articleSection\":[\"CONSO\",\"Tunisie\"],\"inLanguage\":\"fr-FR\",\"potentialAction\":[{\"@type\":\"CommentAction\",\"name\":\"Comment\",\"target\":[\"https:\/\/kapitalis.com\/tunisie\/2017\/03\/01\/la-mercedes-classe-a-160-nouvelle-generation-commercialisee-en-tunisie\/#respond\"]}]},{\"@type\":\"WebPage\",\"@id\":\"https:\/\/kapitalis.com\/tunisie\/2017\/03\/01\/la-mercedes-classe-a-160-nouvelle-generation-commercialisee-en-tunisie\/\",\"url\":\"https:\/\/kapitalis.com\/tunisie\/2017\/03\/01\/la-mercedes-classe-a-160-nouvelle-generation-commercialisee-en-tunisie\/\",\"name\":\"La Mercedes Classe A 160 Nouvelle G\u00e9n\u00e9ration commercialis\u00e9e en Tunisie - Kapitalis\",\"isPartOf\":{\"@id\":\"https:\/\/kapitalis.com\/tunisie\/#website\"},\"primaryImageOfPage\":{\"@id\":\"https:\/\/kapitalis.com\/tunisie\/2017\/03\/01\/la-mercedes-classe-a-160-nouvelle-generation-commercialisee-en-tunisie\/#primaryimage\"},\"image\":{\"@id\":\"https:\/\/kapitalis.com\/tunisie\/2017\/03\/01\/la-mercedes-classe-a-160-nouvelle-generation-commercialisee-en-tunisie\/#primaryimage\"},\"thumbnailUrl\":\"\",\"datePublished\":\"2017-03-01T09:04:53+00:00\",\"dateModified\":\"2017-03-01T09:21:35+00:00\",\"breadcrumb\":{\"@id\":\"https:\/\/kapitalis.com\/tunisie\/2017\/03\/01\/la-mercedes-classe-a-160-nouvelle-generation-commercialisee-en-tunisie\/#breadcrumb\"},\"inLanguage\":\"fr-FR\",\"potentialAction\":[{\"@type\":\"ReadAction\",\"target\":[\"https:\/\/kapitalis.com\/tunisie\/2017\/03\/01\/la-mercedes-classe-a-160-nouvelle-generation-commercialisee-en-tunisie\/\"]}]},{\"@type\":\"ImageObject\",\"inLanguage\":\"fr-FR\",\"@id\":\"https:\/\/kapitalis.com\/tunisie\/2017\/03\/01\/la-mercedes-classe-a-160-nouvelle-generation-commercialisee-en-tunisie\/#primaryimage\",\"url\":\"\",\"contentUrl\":\"\"},{\"@type\":\"BreadcrumbList\",\"@id\":\"https:\/\/kapitalis.com\/tunisie\/2017\/03\/01\/la-mercedes-classe-a-160-nouvelle-generation-commercialisee-en-tunisie\/#breadcrumb\",\"itemListElement\":[{\"@type\":\"ListItem\",\"position\":1,\"name\":\"Accueil\",\"item\":\"https:\/\/kapitalis.com\/tunisie\/\"},{\"@type\":\"ListItem\",\"position\":2,\"name\":\"La Mercedes Classe A 160 Nouvelle G\u00e9n\u00e9ration commercialis\u00e9e en Tunisie\"}]},{\"@type\":\"WebSite\",\"@id\":\"https:\/\/kapitalis.com\/tunisie\/#website\",\"url\":\"https:\/\/kapitalis.com\/tunisie\/\",\"name\":\"Kapitalis\",\"description\":\"L&#039;actualit\u00e9 en Tunisie et dans le monde\",\"publisher\":{\"@id\":\"https:\/\/kapitalis.com\/tunisie\/#organization\"},\"potentialAction\":[{\"@type\":\"SearchAction\",\"target\":{\"@type\":\"EntryPoint\",\"urlTemplate\":\"https:\/\/kapitalis.com\/tunisie\/?s={search_term_string}\"},\"query-input\":{\"@type\":\"PropertyValueSpecification\",\"valueRequired\":true,\"valueName\":\"search_term_string\"}}],\"inLanguage\":\"fr-FR\"},{\"@type\":\"Organization\",\"@id\":\"https:\/\/kapitalis.com\/tunisie\/#organization\",\"name\":\"Kapitalis\",\"url\":\"https:\/\/kapitalis.com\/tunisie\/\",\"logo\":{\"@type\":\"ImageObject\",\"inLanguage\":\"fr-FR\",\"@id\":\"https:\/\/kapitalis.com\/tunisie\/#\/schema\/logo\/image\/\",\"url\":\"https:\/\/kapitalis.com\/tunisie\/wp-content\/uploads\/2022\/05\/Kapitalis-big-size.png\",\"contentUrl\":\"https:\/\/kapitalis.com\/tunisie\/wp-content\/uploads\/2022\/05\/Kapitalis-big-size.png\",\"width\":5000,\"height\":1500,\"caption\":\"Kapitalis\"},\"image\":{\"@id\":\"https:\/\/kapitalis.com\/tunisie\/#\/schema\/logo\/image\/\"},\"sameAs\":[\"https:\/\/www.facebook.com\/KapitalisInfo\/\",\"https:\/\/x.com\/KapitalisInfo\",\"https:\/\/www.youtube.com\/channel\/UC-yDYrHyfFBWWZaOw3FPg9Q\"]},{\"@type\":\"Person\",\"@id\":\"https:\/\/kapitalis.com\/tunisie\/#\/schema\/person\/d71f33a9ca44f7bad4698210b480c8e9\",\"name\":\"webmaster kapitalis\",\"url\":\"https:\/\/kapitalis.com\/tunisie\/author\/webmaster-kapitalis\/\"}]}<\/script>\n<!-- \/ Yoast SEO plugin. -->","yoast_head_json":{"title":"La Mercedes Classe A 160 Nouvelle G\u00e9n\u00e9ration commercialis\u00e9e en Tunisie - Kapitalis","robots":{"index":"index","follow":"follow","max-snippet":"max-snippet:-1","max-image-preview":"max-image-preview:large","max-video-preview":"max-video-preview:-1"},"canonical":"https:\/\/kapitalis.com\/tunisie\/2017\/03\/01\/la-mercedes-classe-a-160-nouvelle-generation-commercialisee-en-tunisie\/","og_locale":"fr_FR","og_type":"article","og_title":"La Mercedes Classe A 160 Nouvelle G\u00e9n\u00e9ration commercialis\u00e9e en Tunisie - Kapitalis","og_description":"Le Moteur, concessionnaire de la marque Mercedes-Benz, vient de mettre sur le march\u00e9 tunisien le nouveau mod\u00e8le de la marque, la classe A 160 de 75 kW (102 ch).","og_url":"https:\/\/kapitalis.com\/tunisie\/2017\/03\/01\/la-mercedes-classe-a-160-nouvelle-generation-commercialisee-en-tunisie\/","og_site_name":"Kapitalis","article_publisher":"https:\/\/www.facebook.com\/KapitalisInfo\/","article_published_time":"2017-03-01T09:04:53+00:00","article_modified_time":"2017-03-01T09:21:35+00:00","og_image":[{"width":1200,"height":630,"url":"https:\/\/kapitalis.com\/tunisie\/wp-content\/uploads\/2022\/05\/kapitalis-logo-fb.png","type":"image\/png"}],"author":"webmaster kapitalis","twitter_card":"summary_large_image","twitter_creator":"@KapitalisInfo","twitter_site":"@KapitalisInfo","twitter_misc":{"\u00c9crit par":"webmaster kapitalis","Dur\u00e9e de lecture estim\u00e9e":"2 minutes"},"schema":{"@context":"https:\/\/schema.org","@graph":[{"@type":"Article","@id":"https:\/\/kapitalis.com\/tunisie\/2017\/03\/01\/la-mercedes-classe-a-160-nouvelle-generation-commercialisee-en-tunisie\/#article","isPartOf":{"@id":"https:\/\/kapitalis.com\/tunisie\/2017\/03\/01\/la-mercedes-classe-a-160-nouvelle-generation-commercialisee-en-tunisie\/"},"author":{"name":"webmaster kapitalis","@id":"https:\/\/kapitalis.com\/tunisie\/#\/schema\/person\/d71f33a9ca44f7bad4698210b480c8e9"},"headline":"La Mercedes Classe A 160 Nouvelle G\u00e9n\u00e9ration commercialis\u00e9e en Tunisie","datePublished":"2017-03-01T09:04:53+00:00","dateModified":"2017-03-01T09:21:35+00:00","mainEntityOfPage":{"@id":"https:\/\/kapitalis.com\/tunisie\/2017\/03\/01\/la-mercedes-classe-a-160-nouvelle-generation-commercialisee-en-tunisie\/"},"wordCount":403,"commentCount":1,"publisher":{"@id":"https:\/\/kapitalis.com\/tunisie\/#organization"},"image":{"@id":"https:\/\/kapitalis.com\/tunisie\/2017\/03\/01\/la-mercedes-classe-a-160-nouvelle-generation-commercialisee-en-tunisie\/#primaryimage"},"thumbnailUrl":"","articleSection":["CONSO","Tunisie"],"inLanguage":"fr-FR","potentialAction":[{"@type":"CommentAction","name":"Comment","target":["https:\/\/kapitalis.com\/tunisie\/2017\/03\/01\/la-mercedes-classe-a-160-nouvelle-generation-commercialisee-en-tunisie\/#respond"]}]},{"@type":"WebPage","@id":"https:\/\/kapitalis.com\/tunisie\/2017\/03\/01\/la-mercedes-classe-a-160-nouvelle-generation-commercialisee-en-tunisie\/","url":"https:\/\/kapitalis.com\/tunisie\/2017\/03\/01\/la-mercedes-classe-a-160-nouvelle-generation-commercialisee-en-tunisie\/","name":"La Mercedes Classe A 160 Nouvelle G\u00e9n\u00e9ration commercialis\u00e9e en Tunisie - Kapitalis","isPartOf":{"@id":"https:\/\/kapitalis.com\/tunisie\/#website"},"primaryImageOfPage":{"@id":"https:\/\/kapitalis.com\/tunisie\/2017\/03\/01\/la-mercedes-classe-a-160-nouvelle-generation-commercialisee-en-tunisie\/#primaryimage"},"image":{"@id":"https:\/\/kapitalis.com\/tunisie\/2017\/03\/01\/la-mercedes-classe-a-160-nouvelle-generation-commercialisee-en-tunisie\/#primaryimage"},"thumbnailUrl":"","datePublished":"2017-03-01T09:04:53+00:00","dateModified":"2017-03-01T09:21:35+00:00","breadcrumb":{"@id":"https:\/\/kapitalis.com\/tunisie\/2017\/03\/01\/la-mercedes-classe-a-160-nouvelle-generation-commercialisee-en-tunisie\/#breadcrumb"},"inLanguage":"fr-FR","potentialAction":[{"@type":"ReadAction","target":["https:\/\/kapitalis.com\/tunisie\/2017\/03\/01\/la-mercedes-classe-a-160-nouvelle-generation-commercialisee-en-tunisie\/"]}]},{"@type":"ImageObject","inLanguage":"fr-FR","@id":"https:\/\/kapitalis.com\/tunisie\/2017\/03\/01\/la-mercedes-classe-a-160-nouvelle-generation-commercialisee-en-tunisie\/#primaryimage","url":"","contentUrl":""},{"@type":"BreadcrumbList","@id":"https:\/\/kapitalis.com\/tunisie\/2017\/03\/01\/la-mercedes-classe-a-160-nouvelle-generation-commercialisee-en-tunisie\/#breadcrumb","itemListElement":[{"@type":"ListItem","position":1,"name":"Accueil","item":"https:\/\/kapitalis.com\/tunisie\/"},{"@type":"ListItem","position":2,"name":"La Mercedes Classe A 160 Nouvelle G\u00e9n\u00e9ration commercialis\u00e9e en Tunisie"}]},{"@type":"WebSite","@id":"https:\/\/kapitalis.com\/tunisie\/#website","url":"https:\/\/kapitalis.com\/tunisie\/","name":"Kapitalis","description":"L&#039;actualit\u00e9 en Tunisie et dans le monde","publisher":{"@id":"https:\/\/kapitalis.com\/tunisie\/#organization"},"potentialAction":[{"@type":"SearchAction","target":{"@type":"EntryPoint","urlTemplate":"https:\/\/kapitalis.com\/tunisie\/?s={search_term_string}"},"query-input":{"@type":"PropertyValueSpecification","valueRequired":true,"valueName":"search_term_string"}}],"inLanguage":"fr-FR"},{"@type":"Organization","@id":"https:\/\/kapitalis.com\/tunisie\/#organization","name":"Kapitalis","url":"https:\/\/kapitalis.com\/tunisie\/","logo":{"@type":"ImageObject","inLanguage":"fr-FR","@id":"https:\/\/kapitalis.com\/tunisie\/#\/schema\/logo\/image\/","url":"https:\/\/kapitalis.com\/tunisie\/wp-content\/uploads\/2022\/05\/Kapitalis-big-size.png","contentUrl":"https:\/\/kapitalis.com\/tunisie\/wp-content\/uploads\/2022\/05\/Kapitalis-big-size.png","width":5000,"height":1500,"caption":"Kapitalis"},"image":{"@id":"https:\/\/kapitalis.com\/tunisie\/#\/schema\/logo\/image\/"},"sameAs":["https:\/\/www.facebook.com\/KapitalisInfo\/","https:\/\/x.com\/KapitalisInfo","https:\/\/www.youtube.com\/channel\/UC-yDYrHyfFBWWZaOw3FPg9Q"]},{"@type":"Person","@id":"https:\/\/kapitalis.com\/tunisie\/#\/schema\/person\/d71f33a9ca44f7bad4698210b480c8e9","name":"webmaster kapitalis","url":"https:\/\/kapitalis.com\/tunisie\/author\/webmaster-kapitalis\/"}]}},"_links":{"self":[{"href":"https:\/\/kapitalis.com\/tunisie\/wp-json\/wp\/v2\/posts\/85010","targetHints":{"allow":["GET"]}}],"collection":[{"href":"https:\/\/kapitalis.com\/tunisie\/wp-json\/wp\/v2\/posts"}],"about":[{"href":"https:\/\/kapitalis.com\/tunisie\/wp-json\/wp\/v2\/types\/post"}],"author":[{"embeddable":true,"href":"https:\/\/kapitalis.com\/tunisie\/wp-json\/wp\/v2\/users\/8"}],"replies":[{"embeddable":true,"href":"https:\/\/kapitalis.com\/tunisie\/wp-json\/wp\/v2\/comments?post=85010"}],"version-history":[{"count":0,"href":"https:\/\/kapitalis.com\/tunisie\/wp-json\/wp\/v2\/posts\/85010\/revisions"}],"wp:featuredmedia":[{"embeddable":true,"href":"https:\/\/kapitalis.com\/tunisie\/wp-json\/wp\/v2\/media\/85011"}],"wp:attachment":[{"href":"https:\/\/kapitalis.com\/tunisie\/wp-json\/wp\/v2\/media?parent=85010"}],"wp:term":[{"taxonomy":"category","embeddable":true,"href":"https:\/\/kapitalis.com\/tunisie\/wp-json\/wp\/v2\/categories?post=85010"},{"taxonomy":"post_tag","embeddable":true,"href":"https:\/\/kapitalis.com\/tunisie\/wp-json\/wp\/v2\/tags?post=85010"}],"curies":[{"name":"wp","href":"https:\/\/api.w.org\/{rel}","templated":true}]}}