{"id":85185,"date":"2017-03-02T09:24:22","date_gmt":"2017-03-02T08:24:22","guid":{"rendered":"http:\/\/kapitalis.com\/tunisie\/?p=85185"},"modified":"2017-03-02T09:24:22","modified_gmt":"2017-03-02T08:24:22","slug":"examen-de-la-cooperation-entre-la-tunisie-et-le-pnud","status":"publish","type":"post","link":"https:\/\/kapitalis.com\/tunisie\/2017\/03\/02\/examen-de-la-cooperation-entre-la-tunisie-et-le-pnud\/","title":{"rendered":"Examen de la coop\u00e9ration entre la Tunisie et le Pnud"},"content":{"rendered":"<p><img loading=\"lazy\" decoding=\"async\" class=\"alignnone size-full wp-image-85186 aligncenter\" src=\"http:\/\/kapitalis.com\/tunisie\/wp-content\/uploads\/2017\/03\/Fadhel-Abdelkefi-Pnud.jpg\" alt=\"\" width=\"626\" height=\"380\" \/><\/p>\n<p><em><strong>La Coop\u00e9ration entre la Tunisie et le Pnud a \u00e9t\u00e9 au centre d\u2019une rencontre entre Mohamed Fadhel Abdelkefi et le nouveau repr\u00e9sentant r\u00e9sident.<\/strong> <\/em><\/p>\n<p><!--more--><\/p>\n<p>Le ministre du D\u00e9veloppement, de l\u2019Investissement et de la Coop\u00e9ration internationale a re\u00e7u, mercredi 1er mars 2017, au si\u00e8ge de son d\u00e9partement, Diego Zorrilla, nouveau coordinateur r\u00e9sident du syst\u00e8me des Nations Unies et repr\u00e9sentant r\u00e9sident du Programme des Nations unies pour le d\u00e9veloppement (Pnud) en Tunisie.<\/p>\n<p>La rencontre a \u00e9t\u00e9 une occasion pour passer en revue la coop\u00e9ration existante entre la Tunisie et le syst\u00e8me des Nations unies et les programmes pour la prochaine \u00e9tape.<\/p>\n<p>Le ministre a exprim\u00e9 sa satisfaction de l\u2019avancement d\u2019ex\u00e9cution des programmes et projets de coop\u00e9ration pour la p\u00e9riode 2015-2019, touchant des domaines \u00e0 priorit\u00e9 dont, notamment, la gouvernance et la d\u00e9mocratie, l\u2019instauration d\u2019un mod\u00e8le de d\u00e9veloppement socio-\u00e9conomique \u00e9quitable, ainsi que la protection et les services sociaux, des th\u00e8mes qui ont \u00e9t\u00e9 identifi\u00e9s et choisis dans un cadre participatif dans lequel ont pris part les diff\u00e9rents partenaires \u00e0 l\u2019\u00e9chelle centrale et r\u00e9gionale ainsi que la soci\u00e9t\u00e9 civile.<\/p>\n<p>MM Abdelkefi et Zorrilla ont \u00e9galement \u00e9voqu\u00e9 des axes de la coop\u00e9ration en cours qui consiste en particulier \u00e0 l\u2019\u00e9laboration des \u00e9tudes strat\u00e9giques dans des domaines comme ceux de la pauvret\u00e9, de la croissance inclusive et durable et de l\u2019\u00e9conomie sociale et solidaire.<\/p>\n<p>Pour la p\u00e9riode \u00e0 venir, M. Zorrilla a r\u00e9affirm\u00e9 la volont\u00e9 du syst\u00e8me des Nations Unies, \u00e0 appuyer la Tunisie dans le domaine du d\u00e9veloppement r\u00e9gional \u00e0 travers la concr\u00e9tisation des objectifs du d\u00e9veloppement durable (ODD).<\/p>\n<p><em><strong>Source<\/strong><\/em> : communiqu\u00e9.<\/p>\n","protected":false},"excerpt":{"rendered":"<p>La Coop\u00e9ration entre la Tunisie et le Pnud a \u00e9t\u00e9 au centre d\u2019une rencontre entre Mohamed Fadhel Abdelkefi et le nouveau repr\u00e9sentant r\u00e9sident.<\/p>\n","protected":false},"author":8,"featured_media":85186,"comment_status":"open","ping_status":"open","sticky":false,"template":"","format":"standard","meta":{"footnotes":""},"categories":[995,2433],"tags":[27355,4188,22384,725],"class_list":["post-85185","post","type-post","status-publish","format-standard","has-post-thumbnail","hentry","category-economie","category-tunisie","tag-diego-zorrilla","tag-gouvernance","tag-mohamed-fadhel-abdelkefi","tag-pnud"],"yoast_head":"<!-- This site is optimized with the Yoast SEO plugin v26.6 - https:\/\/yoast.com\/wordpress\/plugins\/seo\/ -->\n<title>Examen de la coop\u00e9ration entre la Tunisie et le Pnud - Kapitalis<\/title>\n<meta name=\"robots\" content=\"index, follow, max-snippet:-1, max-image-preview:large, max-video-preview:-1\" \/>\n<link rel=\"canonical\" href=\"https:\/\/kapitalis.com\/tunisie\/2017\/03\/02\/examen-de-la-cooperation-entre-la-tunisie-et-le-pnud\/\" \/>\n<meta property=\"og:locale\" content=\"fr_FR\" \/>\n<meta property=\"og:type\" content=\"article\" \/>\n<meta property=\"og:title\" content=\"Examen de la coop\u00e9ration entre la Tunisie et le Pnud - Kapitalis\" \/>\n<meta property=\"og:description\" content=\"La Coop\u00e9ration entre la Tunisie et le Pnud a \u00e9t\u00e9 au centre d\u2019une rencontre entre Mohamed Fadhel Abdelkefi et le nouveau repr\u00e9sentant r\u00e9sident.\" \/>\n<meta property=\"og:url\" content=\"https:\/\/kapitalis.com\/tunisie\/2017\/03\/02\/examen-de-la-cooperation-entre-la-tunisie-et-le-pnud\/\" \/>\n<meta property=\"og:site_name\" content=\"Kapitalis\" \/>\n<meta property=\"article:publisher\" content=\"https:\/\/www.facebook.com\/KapitalisInfo\/\" \/>\n<meta property=\"article:published_time\" content=\"2017-03-02T08:24:22+00:00\" \/>\n<meta property=\"og:image\" content=\"https:\/\/kapitalis.com\/tunisie\/wp-content\/uploads\/2022\/05\/kapitalis-logo-fb.png\" \/>\n\t<meta property=\"og:image:width\" content=\"1200\" \/>\n\t<meta property=\"og:image:height\" content=\"630\" \/>\n\t<meta property=\"og:image:type\" content=\"image\/png\" \/>\n<meta name=\"author\" content=\"webmaster kapitalis\" \/>\n<meta name=\"twitter:card\" content=\"summary_large_image\" \/>\n<meta name=\"twitter:creator\" content=\"@KapitalisInfo\" \/>\n<meta name=\"twitter:site\" content=\"@KapitalisInfo\" \/>\n<meta name=\"twitter:label1\" content=\"\u00c9crit par\" \/>\n\t<meta name=\"twitter:data1\" content=\"webmaster kapitalis\" \/>\n\t<meta name=\"twitter:label2\" content=\"Dur\u00e9e de lecture estim\u00e9e\" \/>\n\t<meta name=\"twitter:data2\" content=\"1 minute\" \/>\n<script type=\"application\/ld+json\" class=\"yoast-schema-graph\">{\"@context\":\"https:\/\/schema.org\",\"@graph\":[{\"@type\":\"Article\",\"@id\":\"https:\/\/kapitalis.com\/tunisie\/2017\/03\/02\/examen-de-la-cooperation-entre-la-tunisie-et-le-pnud\/#article\",\"isPartOf\":{\"@id\":\"https:\/\/kapitalis.com\/tunisie\/2017\/03\/02\/examen-de-la-cooperation-entre-la-tunisie-et-le-pnud\/\"},\"author\":{\"name\":\"webmaster kapitalis\",\"@id\":\"https:\/\/kapitalis.com\/tunisie\/#\/schema\/person\/d71f33a9ca44f7bad4698210b480c8e9\"},\"headline\":\"Examen de la coop\u00e9ration entre la Tunisie et le Pnud\",\"datePublished\":\"2017-03-02T08:24:22+00:00\",\"mainEntityOfPage\":{\"@id\":\"https:\/\/kapitalis.com\/tunisie\/2017\/03\/02\/examen-de-la-cooperation-entre-la-tunisie-et-le-pnud\/\"},\"wordCount\":304,\"commentCount\":0,\"publisher\":{\"@id\":\"https:\/\/kapitalis.com\/tunisie\/#organization\"},\"image\":{\"@id\":\"https:\/\/kapitalis.com\/tunisie\/2017\/03\/02\/examen-de-la-cooperation-entre-la-tunisie-et-le-pnud\/#primaryimage\"},\"thumbnailUrl\":\"\",\"keywords\":[\"Diego Zorrilla\",\"gouvernance\",\"Mohamed Fadhel Abdelkefi\",\"Pnud\"],\"articleSection\":[\"ECONOMIE\",\"Tunisie\"],\"inLanguage\":\"fr-FR\",\"potentialAction\":[{\"@type\":\"CommentAction\",\"name\":\"Comment\",\"target\":[\"https:\/\/kapitalis.com\/tunisie\/2017\/03\/02\/examen-de-la-cooperation-entre-la-tunisie-et-le-pnud\/#respond\"]}]},{\"@type\":\"WebPage\",\"@id\":\"https:\/\/kapitalis.com\/tunisie\/2017\/03\/02\/examen-de-la-cooperation-entre-la-tunisie-et-le-pnud\/\",\"url\":\"https:\/\/kapitalis.com\/tunisie\/2017\/03\/02\/examen-de-la-cooperation-entre-la-tunisie-et-le-pnud\/\",\"name\":\"Examen de la coop\u00e9ration entre la Tunisie et le Pnud - Kapitalis\",\"isPartOf\":{\"@id\":\"https:\/\/kapitalis.com\/tunisie\/#website\"},\"primaryImageOfPage\":{\"@id\":\"https:\/\/kapitalis.com\/tunisie\/2017\/03\/02\/examen-de-la-cooperation-entre-la-tunisie-et-le-pnud\/#primaryimage\"},\"image\":{\"@id\":\"https:\/\/kapitalis.com\/tunisie\/2017\/03\/02\/examen-de-la-cooperation-entre-la-tunisie-et-le-pnud\/#primaryimage\"},\"thumbnailUrl\":\"\",\"datePublished\":\"2017-03-02T08:24:22+00:00\",\"breadcrumb\":{\"@id\":\"https:\/\/kapitalis.com\/tunisie\/2017\/03\/02\/examen-de-la-cooperation-entre-la-tunisie-et-le-pnud\/#breadcrumb\"},\"inLanguage\":\"fr-FR\",\"potentialAction\":[{\"@type\":\"ReadAction\",\"target\":[\"https:\/\/kapitalis.com\/tunisie\/2017\/03\/02\/examen-de-la-cooperation-entre-la-tunisie-et-le-pnud\/\"]}]},{\"@type\":\"ImageObject\",\"inLanguage\":\"fr-FR\",\"@id\":\"https:\/\/kapitalis.com\/tunisie\/2017\/03\/02\/examen-de-la-cooperation-entre-la-tunisie-et-le-pnud\/#primaryimage\",\"url\":\"\",\"contentUrl\":\"\"},{\"@type\":\"BreadcrumbList\",\"@id\":\"https:\/\/kapitalis.com\/tunisie\/2017\/03\/02\/examen-de-la-cooperation-entre-la-tunisie-et-le-pnud\/#breadcrumb\",\"itemListElement\":[{\"@type\":\"ListItem\",\"position\":1,\"name\":\"Accueil\",\"item\":\"https:\/\/kapitalis.com\/tunisie\/\"},{\"@type\":\"ListItem\",\"position\":2,\"name\":\"Examen de la coop\u00e9ration entre la Tunisie et le Pnud\"}]},{\"@type\":\"WebSite\",\"@id\":\"https:\/\/kapitalis.com\/tunisie\/#website\",\"url\":\"https:\/\/kapitalis.com\/tunisie\/\",\"name\":\"Kapitalis\",\"description\":\"L&#039;actualit\u00e9 en Tunisie et dans le monde\",\"publisher\":{\"@id\":\"https:\/\/kapitalis.com\/tunisie\/#organization\"},\"potentialAction\":[{\"@type\":\"SearchAction\",\"target\":{\"@type\":\"EntryPoint\",\"urlTemplate\":\"https:\/\/kapitalis.com\/tunisie\/?s={search_term_string}\"},\"query-input\":{\"@type\":\"PropertyValueSpecification\",\"valueRequired\":true,\"valueName\":\"search_term_string\"}}],\"inLanguage\":\"fr-FR\"},{\"@type\":\"Organization\",\"@id\":\"https:\/\/kapitalis.com\/tunisie\/#organization\",\"name\":\"Kapitalis\",\"url\":\"https:\/\/kapitalis.com\/tunisie\/\",\"logo\":{\"@type\":\"ImageObject\",\"inLanguage\":\"fr-FR\",\"@id\":\"https:\/\/kapitalis.com\/tunisie\/#\/schema\/logo\/image\/\",\"url\":\"https:\/\/kapitalis.com\/tunisie\/wp-content\/uploads\/2022\/05\/Kapitalis-big-size.png\",\"contentUrl\":\"https:\/\/kapitalis.com\/tunisie\/wp-content\/uploads\/2022\/05\/Kapitalis-big-size.png\",\"width\":5000,\"height\":1500,\"caption\":\"Kapitalis\"},\"image\":{\"@id\":\"https:\/\/kapitalis.com\/tunisie\/#\/schema\/logo\/image\/\"},\"sameAs\":[\"https:\/\/www.facebook.com\/KapitalisInfo\/\",\"https:\/\/x.com\/KapitalisInfo\",\"https:\/\/www.youtube.com\/channel\/UC-yDYrHyfFBWWZaOw3FPg9Q\"]},{\"@type\":\"Person\",\"@id\":\"https:\/\/kapitalis.com\/tunisie\/#\/schema\/person\/d71f33a9ca44f7bad4698210b480c8e9\",\"name\":\"webmaster kapitalis\",\"url\":\"https:\/\/kapitalis.com\/tunisie\/author\/webmaster-kapitalis\/\"}]}<\/script>\n<!-- \/ Yoast SEO plugin. -->","yoast_head_json":{"title":"Examen de la coop\u00e9ration entre la Tunisie et le Pnud - Kapitalis","robots":{"index":"index","follow":"follow","max-snippet":"max-snippet:-1","max-image-preview":"max-image-preview:large","max-video-preview":"max-video-preview:-1"},"canonical":"https:\/\/kapitalis.com\/tunisie\/2017\/03\/02\/examen-de-la-cooperation-entre-la-tunisie-et-le-pnud\/","og_locale":"fr_FR","og_type":"article","og_title":"Examen de la coop\u00e9ration entre la Tunisie et le Pnud - Kapitalis","og_description":"La Coop\u00e9ration entre la Tunisie et le Pnud a \u00e9t\u00e9 au centre d\u2019une rencontre entre Mohamed Fadhel Abdelkefi et le nouveau repr\u00e9sentant r\u00e9sident.","og_url":"https:\/\/kapitalis.com\/tunisie\/2017\/03\/02\/examen-de-la-cooperation-entre-la-tunisie-et-le-pnud\/","og_site_name":"Kapitalis","article_publisher":"https:\/\/www.facebook.com\/KapitalisInfo\/","article_published_time":"2017-03-02T08:24:22+00:00","og_image":[{"width":1200,"height":630,"url":"https:\/\/kapitalis.com\/tunisie\/wp-content\/uploads\/2022\/05\/kapitalis-logo-fb.png","type":"image\/png"}],"author":"webmaster kapitalis","twitter_card":"summary_large_image","twitter_creator":"@KapitalisInfo","twitter_site":"@KapitalisInfo","twitter_misc":{"\u00c9crit par":"webmaster kapitalis","Dur\u00e9e de lecture estim\u00e9e":"1 minute"},"schema":{"@context":"https:\/\/schema.org","@graph":[{"@type":"Article","@id":"https:\/\/kapitalis.com\/tunisie\/2017\/03\/02\/examen-de-la-cooperation-entre-la-tunisie-et-le-pnud\/#article","isPartOf":{"@id":"https:\/\/kapitalis.com\/tunisie\/2017\/03\/02\/examen-de-la-cooperation-entre-la-tunisie-et-le-pnud\/"},"author":{"name":"webmaster kapitalis","@id":"https:\/\/kapitalis.com\/tunisie\/#\/schema\/person\/d71f33a9ca44f7bad4698210b480c8e9"},"headline":"Examen de la coop\u00e9ration entre la Tunisie et le Pnud","datePublished":"2017-03-02T08:24:22+00:00","mainEntityOfPage":{"@id":"https:\/\/kapitalis.com\/tunisie\/2017\/03\/02\/examen-de-la-cooperation-entre-la-tunisie-et-le-pnud\/"},"wordCount":304,"commentCount":0,"publisher":{"@id":"https:\/\/kapitalis.com\/tunisie\/#organization"},"image":{"@id":"https:\/\/kapitalis.com\/tunisie\/2017\/03\/02\/examen-de-la-cooperation-entre-la-tunisie-et-le-pnud\/#primaryimage"},"thumbnailUrl":"","keywords":["Diego Zorrilla","gouvernance","Mohamed Fadhel Abdelkefi","Pnud"],"articleSection":["ECONOMIE","Tunisie"],"inLanguage":"fr-FR","potentialAction":[{"@type":"CommentAction","name":"Comment","target":["https:\/\/kapitalis.com\/tunisie\/2017\/03\/02\/examen-de-la-cooperation-entre-la-tunisie-et-le-pnud\/#respond"]}]},{"@type":"WebPage","@id":"https:\/\/kapitalis.com\/tunisie\/2017\/03\/02\/examen-de-la-cooperation-entre-la-tunisie-et-le-pnud\/","url":"https:\/\/kapitalis.com\/tunisie\/2017\/03\/02\/examen-de-la-cooperation-entre-la-tunisie-et-le-pnud\/","name":"Examen de la coop\u00e9ration entre la Tunisie et le Pnud - Kapitalis","isPartOf":{"@id":"https:\/\/kapitalis.com\/tunisie\/#website"},"primaryImageOfPage":{"@id":"https:\/\/kapitalis.com\/tunisie\/2017\/03\/02\/examen-de-la-cooperation-entre-la-tunisie-et-le-pnud\/#primaryimage"},"image":{"@id":"https:\/\/kapitalis.com\/tunisie\/2017\/03\/02\/examen-de-la-cooperation-entre-la-tunisie-et-le-pnud\/#primaryimage"},"thumbnailUrl":"","datePublished":"2017-03-02T08:24:22+00:00","breadcrumb":{"@id":"https:\/\/kapitalis.com\/tunisie\/2017\/03\/02\/examen-de-la-cooperation-entre-la-tunisie-et-le-pnud\/#breadcrumb"},"inLanguage":"fr-FR","potentialAction":[{"@type":"ReadAction","target":["https:\/\/kapitalis.com\/tunisie\/2017\/03\/02\/examen-de-la-cooperation-entre-la-tunisie-et-le-pnud\/"]}]},{"@type":"ImageObject","inLanguage":"fr-FR","@id":"https:\/\/kapitalis.com\/tunisie\/2017\/03\/02\/examen-de-la-cooperation-entre-la-tunisie-et-le-pnud\/#primaryimage","url":"","contentUrl":""},{"@type":"BreadcrumbList","@id":"https:\/\/kapitalis.com\/tunisie\/2017\/03\/02\/examen-de-la-cooperation-entre-la-tunisie-et-le-pnud\/#breadcrumb","itemListElement":[{"@type":"ListItem","position":1,"name":"Accueil","item":"https:\/\/kapitalis.com\/tunisie\/"},{"@type":"ListItem","position":2,"name":"Examen de la coop\u00e9ration entre la Tunisie et le Pnud"}]},{"@type":"WebSite","@id":"https:\/\/kapitalis.com\/tunisie\/#website","url":"https:\/\/kapitalis.com\/tunisie\/","name":"Kapitalis","description":"L&#039;actualit\u00e9 en Tunisie et dans le monde","publisher":{"@id":"https:\/\/kapitalis.com\/tunisie\/#organization"},"potentialAction":[{"@type":"SearchAction","target":{"@type":"EntryPoint","urlTemplate":"https:\/\/kapitalis.com\/tunisie\/?s={search_term_string}"},"query-input":{"@type":"PropertyValueSpecification","valueRequired":true,"valueName":"search_term_string"}}],"inLanguage":"fr-FR"},{"@type":"Organization","@id":"https:\/\/kapitalis.com\/tunisie\/#organization","name":"Kapitalis","url":"https:\/\/kapitalis.com\/tunisie\/","logo":{"@type":"ImageObject","inLanguage":"fr-FR","@id":"https:\/\/kapitalis.com\/tunisie\/#\/schema\/logo\/image\/","url":"https:\/\/kapitalis.com\/tunisie\/wp-content\/uploads\/2022\/05\/Kapitalis-big-size.png","contentUrl":"https:\/\/kapitalis.com\/tunisie\/wp-content\/uploads\/2022\/05\/Kapitalis-big-size.png","width":5000,"height":1500,"caption":"Kapitalis"},"image":{"@id":"https:\/\/kapitalis.com\/tunisie\/#\/schema\/logo\/image\/"},"sameAs":["https:\/\/www.facebook.com\/KapitalisInfo\/","https:\/\/x.com\/KapitalisInfo","https:\/\/www.youtube.com\/channel\/UC-yDYrHyfFBWWZaOw3FPg9Q"]},{"@type":"Person","@id":"https:\/\/kapitalis.com\/tunisie\/#\/schema\/person\/d71f33a9ca44f7bad4698210b480c8e9","name":"webmaster kapitalis","url":"https:\/\/kapitalis.com\/tunisie\/author\/webmaster-kapitalis\/"}]}},"_links":{"self":[{"href":"https:\/\/kapitalis.com\/tunisie\/wp-json\/wp\/v2\/posts\/85185","targetHints":{"allow":["GET"]}}],"collection":[{"href":"https:\/\/kapitalis.com\/tunisie\/wp-json\/wp\/v2\/posts"}],"about":[{"href":"https:\/\/kapitalis.com\/tunisie\/wp-json\/wp\/v2\/types\/post"}],"author":[{"embeddable":true,"href":"https:\/\/kapitalis.com\/tunisie\/wp-json\/wp\/v2\/users\/8"}],"replies":[{"embeddable":true,"href":"https:\/\/kapitalis.com\/tunisie\/wp-json\/wp\/v2\/comments?post=85185"}],"version-history":[{"count":0,"href":"https:\/\/kapitalis.com\/tunisie\/wp-json\/wp\/v2\/posts\/85185\/revisions"}],"wp:featuredmedia":[{"embeddable":true,"href":"https:\/\/kapitalis.com\/tunisie\/wp-json\/wp\/v2\/media\/85186"}],"wp:attachment":[{"href":"https:\/\/kapitalis.com\/tunisie\/wp-json\/wp\/v2\/media?parent=85185"}],"wp:term":[{"taxonomy":"category","embeddable":true,"href":"https:\/\/kapitalis.com\/tunisie\/wp-json\/wp\/v2\/categories?post=85185"},{"taxonomy":"post_tag","embeddable":true,"href":"https:\/\/kapitalis.com\/tunisie\/wp-json\/wp\/v2\/tags?post=85185"}],"curies":[{"name":"wp","href":"https:\/\/api.w.org\/{rel}","templated":true}]}}