{"id":8526043,"date":"2023-06-24T21:34:20","date_gmt":"2023-06-24T20:34:20","guid":{"rendered":"https:\/\/kapitalis.com\/tunisie\/?p=8526043"},"modified":"2023-06-24T21:36:54","modified_gmt":"2023-06-24T20:36:54","slug":"beja-une-mere-et-son-enfant-meurent-dans-un-accident-a-beja","status":"publish","type":"post","link":"https:\/\/kapitalis.com\/tunisie\/2023\/06\/24\/beja-une-mere-et-son-enfant-meurent-dans-un-accident-a-beja\/","title":{"rendered":"B\u00e9ja : Une m\u00e8re et son enfant meurent dans un accident \u00e0 Beja"},"content":{"rendered":"\n<p><strong><em>Le Commissariat r\u00e9gional de l&rsquo;Education de B\u00e9ja a d\u00e9plor\u00e9 le d\u00e9c\u00e8s de l&rsquo;institutrice Bechira Zouaghi ainsi que de son fils Melek, dans un accident de la route survenu ce samedi 24 juin 2023.<\/em><\/strong><\/p>\n\n\n\n<!--more-->\n\n\n\n<p>Bechira Zouaghi, institutrice \u00e0 l&rsquo;ecole El-Haouari, est d\u00e9c\u00e9d\u00e9e dans cet accident survenu cet apr\u00e8s-midi sur la route nationale num\u00e9ro 6 entre B\u00e9ja et Jendouba au niveau de Hammam Siala, et qui a \u00e9galement fait 8 autres bless\u00e9s, apr\u00e8s une collision entre une voiture et un louage.<\/p>\n\n\n\n<p>Les bless\u00e9s ont \u00e9t\u00e9 transport\u00e9s \u00e0 l\u2019h\u00f4pital r\u00e9gional de B\u00e9ja et un autre dans un \u00e9tat grave a \u00e9t\u00e9 transf\u00e9r\u00e9 \u00e0 Tunis, selon une source m\u00e9dicale cit\u00e9e par l&rsquo;agence Tap.<\/p>\n\n\n\n<p class=\"has-text-align-right\"><strong>Y. N.<\/strong><\/p>\n","protected":false},"excerpt":{"rendered":"<p>B\u00e9ja : Une m\u00e8re et son enfant meurent dans un accident \u00e0 Beja<\/p>\n","protected":false},"author":6,"featured_media":8526155,"comment_status":"open","ping_status":"open","sticky":false,"template":"","format":"standard","meta":{"footnotes":""},"categories":[998,2433],"tags":[23,109537,136,64263,95271,6545,3287,62643],"class_list":["post-8526043","post","type-post","status-publish","format-standard","has-post-thumbnail","hentry","category-societe","category-tunisie","tag-accident","tag-bechira-zouaghi","tag-beja","tag-deces","tag-education-3","tag-institutrice","tag-louage","tag-tunisie"],"yoast_head":"<!-- This site is optimized with the Yoast SEO plugin v26.6 - https:\/\/yoast.com\/wordpress\/plugins\/seo\/ -->\n<title>B\u00e9ja : Une m\u00e8re et son enfant meurent dans un accident \u00e0 Beja - Kapitalis<\/title>\n<meta name=\"description\" content=\"LE Commissariat r\u00e9gional de l&#039;Education de B\u00e9ja a d\u00e9plor\u00e9 le d\u00e9c\u00e8s de l&#039;institutrice Bechira Zouaghi ainsi que de son fils Melek, dans un accident de la route survenu ce samedi 24 juin 2023.\" \/>\n<meta name=\"robots\" content=\"index, follow, max-snippet:-1, max-image-preview:large, max-video-preview:-1\" \/>\n<link rel=\"canonical\" href=\"https:\/\/kapitalis.com\/tunisie\/2023\/06\/24\/beja-une-mere-et-son-enfant-meurent-dans-un-accident-a-beja\/\" \/>\n<meta property=\"og:locale\" content=\"fr_FR\" \/>\n<meta property=\"og:type\" content=\"article\" \/>\n<meta property=\"og:title\" content=\"B\u00e9ja : Une m\u00e8re et son enfant meurent dans un accident \u00e0 Beja - Kapitalis\" \/>\n<meta property=\"og:description\" content=\"LE Commissariat r\u00e9gional de l&#039;Education de B\u00e9ja a d\u00e9plor\u00e9 le d\u00e9c\u00e8s de l&#039;institutrice Bechira Zouaghi ainsi que de son fils Melek, dans un accident de la route survenu ce samedi 24 juin 2023.\" \/>\n<meta property=\"og:url\" content=\"https:\/\/kapitalis.com\/tunisie\/2023\/06\/24\/beja-une-mere-et-son-enfant-meurent-dans-un-accident-a-beja\/\" \/>\n<meta property=\"og:site_name\" content=\"Kapitalis\" \/>\n<meta property=\"article:publisher\" content=\"https:\/\/www.facebook.com\/KapitalisInfo\/\" \/>\n<meta property=\"article:published_time\" content=\"2023-06-24T20:34:20+00:00\" \/>\n<meta property=\"article:modified_time\" content=\"2023-06-24T20:36:54+00:00\" \/>\n<meta property=\"og:image\" content=\"https:\/\/kapitalis.com\/tunisie\/wp-content\/uploads\/2023\/06\/deces-accident-beja.jpg\" \/>\n\t<meta property=\"og:image:width\" content=\"1200\" \/>\n\t<meta property=\"og:image:height\" content=\"630\" \/>\n\t<meta property=\"og:image:type\" content=\"image\/jpeg\" \/>\n<meta name=\"author\" content=\"Yusra NY\" \/>\n<meta name=\"twitter:card\" content=\"summary_large_image\" \/>\n<meta name=\"twitter:creator\" content=\"@KapitalisInfo\" \/>\n<meta name=\"twitter:site\" content=\"@KapitalisInfo\" \/>\n<meta name=\"twitter:label1\" content=\"\u00c9crit par\" \/>\n\t<meta name=\"twitter:data1\" content=\"Yusra NY\" \/>\n\t<meta name=\"twitter:label2\" content=\"Dur\u00e9e de lecture estim\u00e9e\" \/>\n\t<meta name=\"twitter:data2\" content=\"1 minute\" \/>\n<script type=\"application\/ld+json\" class=\"yoast-schema-graph\">{\"@context\":\"https:\/\/schema.org\",\"@graph\":[{\"@type\":\"Article\",\"@id\":\"https:\/\/kapitalis.com\/tunisie\/2023\/06\/24\/beja-une-mere-et-son-enfant-meurent-dans-un-accident-a-beja\/#article\",\"isPartOf\":{\"@id\":\"https:\/\/kapitalis.com\/tunisie\/2023\/06\/24\/beja-une-mere-et-son-enfant-meurent-dans-un-accident-a-beja\/\"},\"author\":{\"name\":\"Yusra NY\",\"@id\":\"https:\/\/kapitalis.com\/tunisie\/#\/schema\/person\/74bbde0154d49d790a92aaeac5bc01d5\"},\"headline\":\"B\u00e9ja : Une m\u00e8re et son enfant meurent dans un accident \u00e0 Beja\",\"datePublished\":\"2023-06-24T20:34:20+00:00\",\"dateModified\":\"2023-06-24T20:36:54+00:00\",\"mainEntityOfPage\":{\"@id\":\"https:\/\/kapitalis.com\/tunisie\/2023\/06\/24\/beja-une-mere-et-son-enfant-meurent-dans-un-accident-a-beja\/\"},\"wordCount\":139,\"commentCount\":5,\"publisher\":{\"@id\":\"https:\/\/kapitalis.com\/tunisie\/#organization\"},\"image\":{\"@id\":\"https:\/\/kapitalis.com\/tunisie\/2023\/06\/24\/beja-une-mere-et-son-enfant-meurent-dans-un-accident-a-beja\/#primaryimage\"},\"thumbnailUrl\":\"https:\/\/kapitalis.com\/tunisie\/wp-content\/uploads\/2023\/06\/deces-accident-beja.jpg\",\"keywords\":[\"accident\",\"Bechira Zouaghi\",\"B\u00e9ja\",\"d\u00e9c\u00e8s\",\"Education\",\"institutrice\",\"Louage\",\"Tunisie\"],\"articleSection\":[\"SOCIETE\",\"Tunisie\"],\"inLanguage\":\"fr-FR\",\"potentialAction\":[{\"@type\":\"CommentAction\",\"name\":\"Comment\",\"target\":[\"https:\/\/kapitalis.com\/tunisie\/2023\/06\/24\/beja-une-mere-et-son-enfant-meurent-dans-un-accident-a-beja\/#respond\"]}]},{\"@type\":\"WebPage\",\"@id\":\"https:\/\/kapitalis.com\/tunisie\/2023\/06\/24\/beja-une-mere-et-son-enfant-meurent-dans-un-accident-a-beja\/\",\"url\":\"https:\/\/kapitalis.com\/tunisie\/2023\/06\/24\/beja-une-mere-et-son-enfant-meurent-dans-un-accident-a-beja\/\",\"name\":\"B\u00e9ja : Une m\u00e8re et son enfant meurent dans un accident \u00e0 Beja - Kapitalis\",\"isPartOf\":{\"@id\":\"https:\/\/kapitalis.com\/tunisie\/#website\"},\"primaryImageOfPage\":{\"@id\":\"https:\/\/kapitalis.com\/tunisie\/2023\/06\/24\/beja-une-mere-et-son-enfant-meurent-dans-un-accident-a-beja\/#primaryimage\"},\"image\":{\"@id\":\"https:\/\/kapitalis.com\/tunisie\/2023\/06\/24\/beja-une-mere-et-son-enfant-meurent-dans-un-accident-a-beja\/#primaryimage\"},\"thumbnailUrl\":\"https:\/\/kapitalis.com\/tunisie\/wp-content\/uploads\/2023\/06\/deces-accident-beja.jpg\",\"datePublished\":\"2023-06-24T20:34:20+00:00\",\"dateModified\":\"2023-06-24T20:36:54+00:00\",\"description\":\"LE Commissariat r\u00e9gional de l'Education de B\u00e9ja a d\u00e9plor\u00e9 le d\u00e9c\u00e8s de l'institutrice Bechira Zouaghi ainsi que de son fils Melek, dans un accident de la route survenu ce samedi 24 juin 2023.\",\"breadcrumb\":{\"@id\":\"https:\/\/kapitalis.com\/tunisie\/2023\/06\/24\/beja-une-mere-et-son-enfant-meurent-dans-un-accident-a-beja\/#breadcrumb\"},\"inLanguage\":\"fr-FR\",\"potentialAction\":[{\"@type\":\"ReadAction\",\"target\":[\"https:\/\/kapitalis.com\/tunisie\/2023\/06\/24\/beja-une-mere-et-son-enfant-meurent-dans-un-accident-a-beja\/\"]}]},{\"@type\":\"ImageObject\",\"inLanguage\":\"fr-FR\",\"@id\":\"https:\/\/kapitalis.com\/tunisie\/2023\/06\/24\/beja-une-mere-et-son-enfant-meurent-dans-un-accident-a-beja\/#primaryimage\",\"url\":\"https:\/\/kapitalis.com\/tunisie\/wp-content\/uploads\/2023\/06\/deces-accident-beja.jpg\",\"contentUrl\":\"https:\/\/kapitalis.com\/tunisie\/wp-content\/uploads\/2023\/06\/deces-accident-beja.jpg\",\"width\":1200,\"height\":630},{\"@type\":\"BreadcrumbList\",\"@id\":\"https:\/\/kapitalis.com\/tunisie\/2023\/06\/24\/beja-une-mere-et-son-enfant-meurent-dans-un-accident-a-beja\/#breadcrumb\",\"itemListElement\":[{\"@type\":\"ListItem\",\"position\":1,\"name\":\"Accueil\",\"item\":\"https:\/\/kapitalis.com\/tunisie\/\"},{\"@type\":\"ListItem\",\"position\":2,\"name\":\"B\u00e9ja : Une m\u00e8re et son enfant meurent dans un accident \u00e0 Beja\"}]},{\"@type\":\"WebSite\",\"@id\":\"https:\/\/kapitalis.com\/tunisie\/#website\",\"url\":\"https:\/\/kapitalis.com\/tunisie\/\",\"name\":\"Kapitalis\",\"description\":\"L&#039;actualit\u00e9 en Tunisie et dans le monde\",\"publisher\":{\"@id\":\"https:\/\/kapitalis.com\/tunisie\/#organization\"},\"potentialAction\":[{\"@type\":\"SearchAction\",\"target\":{\"@type\":\"EntryPoint\",\"urlTemplate\":\"https:\/\/kapitalis.com\/tunisie\/?s={search_term_string}\"},\"query-input\":{\"@type\":\"PropertyValueSpecification\",\"valueRequired\":true,\"valueName\":\"search_term_string\"}}],\"inLanguage\":\"fr-FR\"},{\"@type\":\"Organization\",\"@id\":\"https:\/\/kapitalis.com\/tunisie\/#organization\",\"name\":\"Kapitalis\",\"url\":\"https:\/\/kapitalis.com\/tunisie\/\",\"logo\":{\"@type\":\"ImageObject\",\"inLanguage\":\"fr-FR\",\"@id\":\"https:\/\/kapitalis.com\/tunisie\/#\/schema\/logo\/image\/\",\"url\":\"https:\/\/kapitalis.com\/tunisie\/wp-content\/uploads\/2022\/05\/Kapitalis-big-size.png\",\"contentUrl\":\"https:\/\/kapitalis.com\/tunisie\/wp-content\/uploads\/2022\/05\/Kapitalis-big-size.png\",\"width\":5000,\"height\":1500,\"caption\":\"Kapitalis\"},\"image\":{\"@id\":\"https:\/\/kapitalis.com\/tunisie\/#\/schema\/logo\/image\/\"},\"sameAs\":[\"https:\/\/www.facebook.com\/KapitalisInfo\/\",\"https:\/\/x.com\/KapitalisInfo\",\"https:\/\/www.youtube.com\/channel\/UC-yDYrHyfFBWWZaOw3FPg9Q\"]},{\"@type\":\"Person\",\"@id\":\"https:\/\/kapitalis.com\/tunisie\/#\/schema\/person\/74bbde0154d49d790a92aaeac5bc01d5\",\"name\":\"Yusra NY\",\"url\":\"https:\/\/kapitalis.com\/tunisie\/author\/yuza_adam\/\"}]}<\/script>\n<!-- \/ Yoast SEO plugin. -->","yoast_head_json":{"title":"B\u00e9ja : Une m\u00e8re et son enfant meurent dans un accident \u00e0 Beja - Kapitalis","description":"LE Commissariat r\u00e9gional de l'Education de B\u00e9ja a d\u00e9plor\u00e9 le d\u00e9c\u00e8s de l'institutrice Bechira Zouaghi ainsi que de son fils Melek, dans un accident de la route survenu ce samedi 24 juin 2023.","robots":{"index":"index","follow":"follow","max-snippet":"max-snippet:-1","max-image-preview":"max-image-preview:large","max-video-preview":"max-video-preview:-1"},"canonical":"https:\/\/kapitalis.com\/tunisie\/2023\/06\/24\/beja-une-mere-et-son-enfant-meurent-dans-un-accident-a-beja\/","og_locale":"fr_FR","og_type":"article","og_title":"B\u00e9ja : Une m\u00e8re et son enfant meurent dans un accident \u00e0 Beja - Kapitalis","og_description":"LE Commissariat r\u00e9gional de l'Education de B\u00e9ja a d\u00e9plor\u00e9 le d\u00e9c\u00e8s de l'institutrice Bechira Zouaghi ainsi que de son fils Melek, dans un accident de la route survenu ce samedi 24 juin 2023.","og_url":"https:\/\/kapitalis.com\/tunisie\/2023\/06\/24\/beja-une-mere-et-son-enfant-meurent-dans-un-accident-a-beja\/","og_site_name":"Kapitalis","article_publisher":"https:\/\/www.facebook.com\/KapitalisInfo\/","article_published_time":"2023-06-24T20:34:20+00:00","article_modified_time":"2023-06-24T20:36:54+00:00","og_image":[{"width":1200,"height":630,"url":"https:\/\/kapitalis.com\/tunisie\/wp-content\/uploads\/2023\/06\/deces-accident-beja.jpg","type":"image\/jpeg"}],"author":"Yusra NY","twitter_card":"summary_large_image","twitter_creator":"@KapitalisInfo","twitter_site":"@KapitalisInfo","twitter_misc":{"\u00c9crit par":"Yusra NY","Dur\u00e9e de lecture estim\u00e9e":"1 minute"},"schema":{"@context":"https:\/\/schema.org","@graph":[{"@type":"Article","@id":"https:\/\/kapitalis.com\/tunisie\/2023\/06\/24\/beja-une-mere-et-son-enfant-meurent-dans-un-accident-a-beja\/#article","isPartOf":{"@id":"https:\/\/kapitalis.com\/tunisie\/2023\/06\/24\/beja-une-mere-et-son-enfant-meurent-dans-un-accident-a-beja\/"},"author":{"name":"Yusra NY","@id":"https:\/\/kapitalis.com\/tunisie\/#\/schema\/person\/74bbde0154d49d790a92aaeac5bc01d5"},"headline":"B\u00e9ja : Une m\u00e8re et son enfant meurent dans un accident \u00e0 Beja","datePublished":"2023-06-24T20:34:20+00:00","dateModified":"2023-06-24T20:36:54+00:00","mainEntityOfPage":{"@id":"https:\/\/kapitalis.com\/tunisie\/2023\/06\/24\/beja-une-mere-et-son-enfant-meurent-dans-un-accident-a-beja\/"},"wordCount":139,"commentCount":5,"publisher":{"@id":"https:\/\/kapitalis.com\/tunisie\/#organization"},"image":{"@id":"https:\/\/kapitalis.com\/tunisie\/2023\/06\/24\/beja-une-mere-et-son-enfant-meurent-dans-un-accident-a-beja\/#primaryimage"},"thumbnailUrl":"https:\/\/kapitalis.com\/tunisie\/wp-content\/uploads\/2023\/06\/deces-accident-beja.jpg","keywords":["accident","Bechira Zouaghi","B\u00e9ja","d\u00e9c\u00e8s","Education","institutrice","Louage","Tunisie"],"articleSection":["SOCIETE","Tunisie"],"inLanguage":"fr-FR","potentialAction":[{"@type":"CommentAction","name":"Comment","target":["https:\/\/kapitalis.com\/tunisie\/2023\/06\/24\/beja-une-mere-et-son-enfant-meurent-dans-un-accident-a-beja\/#respond"]}]},{"@type":"WebPage","@id":"https:\/\/kapitalis.com\/tunisie\/2023\/06\/24\/beja-une-mere-et-son-enfant-meurent-dans-un-accident-a-beja\/","url":"https:\/\/kapitalis.com\/tunisie\/2023\/06\/24\/beja-une-mere-et-son-enfant-meurent-dans-un-accident-a-beja\/","name":"B\u00e9ja : Une m\u00e8re et son enfant meurent dans un accident \u00e0 Beja - Kapitalis","isPartOf":{"@id":"https:\/\/kapitalis.com\/tunisie\/#website"},"primaryImageOfPage":{"@id":"https:\/\/kapitalis.com\/tunisie\/2023\/06\/24\/beja-une-mere-et-son-enfant-meurent-dans-un-accident-a-beja\/#primaryimage"},"image":{"@id":"https:\/\/kapitalis.com\/tunisie\/2023\/06\/24\/beja-une-mere-et-son-enfant-meurent-dans-un-accident-a-beja\/#primaryimage"},"thumbnailUrl":"https:\/\/kapitalis.com\/tunisie\/wp-content\/uploads\/2023\/06\/deces-accident-beja.jpg","datePublished":"2023-06-24T20:34:20+00:00","dateModified":"2023-06-24T20:36:54+00:00","description":"LE Commissariat r\u00e9gional de l'Education de B\u00e9ja a d\u00e9plor\u00e9 le d\u00e9c\u00e8s de l'institutrice Bechira Zouaghi ainsi que de son fils Melek, dans un accident de la route survenu ce samedi 24 juin 2023.","breadcrumb":{"@id":"https:\/\/kapitalis.com\/tunisie\/2023\/06\/24\/beja-une-mere-et-son-enfant-meurent-dans-un-accident-a-beja\/#breadcrumb"},"inLanguage":"fr-FR","potentialAction":[{"@type":"ReadAction","target":["https:\/\/kapitalis.com\/tunisie\/2023\/06\/24\/beja-une-mere-et-son-enfant-meurent-dans-un-accident-a-beja\/"]}]},{"@type":"ImageObject","inLanguage":"fr-FR","@id":"https:\/\/kapitalis.com\/tunisie\/2023\/06\/24\/beja-une-mere-et-son-enfant-meurent-dans-un-accident-a-beja\/#primaryimage","url":"https:\/\/kapitalis.com\/tunisie\/wp-content\/uploads\/2023\/06\/deces-accident-beja.jpg","contentUrl":"https:\/\/kapitalis.com\/tunisie\/wp-content\/uploads\/2023\/06\/deces-accident-beja.jpg","width":1200,"height":630},{"@type":"BreadcrumbList","@id":"https:\/\/kapitalis.com\/tunisie\/2023\/06\/24\/beja-une-mere-et-son-enfant-meurent-dans-un-accident-a-beja\/#breadcrumb","itemListElement":[{"@type":"ListItem","position":1,"name":"Accueil","item":"https:\/\/kapitalis.com\/tunisie\/"},{"@type":"ListItem","position":2,"name":"B\u00e9ja : Une m\u00e8re et son enfant meurent dans un accident \u00e0 Beja"}]},{"@type":"WebSite","@id":"https:\/\/kapitalis.com\/tunisie\/#website","url":"https:\/\/kapitalis.com\/tunisie\/","name":"Kapitalis","description":"L&#039;actualit\u00e9 en Tunisie et dans le monde","publisher":{"@id":"https:\/\/kapitalis.com\/tunisie\/#organization"},"potentialAction":[{"@type":"SearchAction","target":{"@type":"EntryPoint","urlTemplate":"https:\/\/kapitalis.com\/tunisie\/?s={search_term_string}"},"query-input":{"@type":"PropertyValueSpecification","valueRequired":true,"valueName":"search_term_string"}}],"inLanguage":"fr-FR"},{"@type":"Organization","@id":"https:\/\/kapitalis.com\/tunisie\/#organization","name":"Kapitalis","url":"https:\/\/kapitalis.com\/tunisie\/","logo":{"@type":"ImageObject","inLanguage":"fr-FR","@id":"https:\/\/kapitalis.com\/tunisie\/#\/schema\/logo\/image\/","url":"https:\/\/kapitalis.com\/tunisie\/wp-content\/uploads\/2022\/05\/Kapitalis-big-size.png","contentUrl":"https:\/\/kapitalis.com\/tunisie\/wp-content\/uploads\/2022\/05\/Kapitalis-big-size.png","width":5000,"height":1500,"caption":"Kapitalis"},"image":{"@id":"https:\/\/kapitalis.com\/tunisie\/#\/schema\/logo\/image\/"},"sameAs":["https:\/\/www.facebook.com\/KapitalisInfo\/","https:\/\/x.com\/KapitalisInfo","https:\/\/www.youtube.com\/channel\/UC-yDYrHyfFBWWZaOw3FPg9Q"]},{"@type":"Person","@id":"https:\/\/kapitalis.com\/tunisie\/#\/schema\/person\/74bbde0154d49d790a92aaeac5bc01d5","name":"Yusra NY","url":"https:\/\/kapitalis.com\/tunisie\/author\/yuza_adam\/"}]}},"_links":{"self":[{"href":"https:\/\/kapitalis.com\/tunisie\/wp-json\/wp\/v2\/posts\/8526043","targetHints":{"allow":["GET"]}}],"collection":[{"href":"https:\/\/kapitalis.com\/tunisie\/wp-json\/wp\/v2\/posts"}],"about":[{"href":"https:\/\/kapitalis.com\/tunisie\/wp-json\/wp\/v2\/types\/post"}],"author":[{"embeddable":true,"href":"https:\/\/kapitalis.com\/tunisie\/wp-json\/wp\/v2\/users\/6"}],"replies":[{"embeddable":true,"href":"https:\/\/kapitalis.com\/tunisie\/wp-json\/wp\/v2\/comments?post=8526043"}],"version-history":[{"count":2,"href":"https:\/\/kapitalis.com\/tunisie\/wp-json\/wp\/v2\/posts\/8526043\/revisions"}],"predecessor-version":[{"id":8526195,"href":"https:\/\/kapitalis.com\/tunisie\/wp-json\/wp\/v2\/posts\/8526043\/revisions\/8526195"}],"wp:featuredmedia":[{"embeddable":true,"href":"https:\/\/kapitalis.com\/tunisie\/wp-json\/wp\/v2\/media\/8526155"}],"wp:attachment":[{"href":"https:\/\/kapitalis.com\/tunisie\/wp-json\/wp\/v2\/media?parent=8526043"}],"wp:term":[{"taxonomy":"category","embeddable":true,"href":"https:\/\/kapitalis.com\/tunisie\/wp-json\/wp\/v2\/categories?post=8526043"},{"taxonomy":"post_tag","embeddable":true,"href":"https:\/\/kapitalis.com\/tunisie\/wp-json\/wp\/v2\/tags?post=8526043"}],"curies":[{"name":"wp","href":"https:\/\/api.w.org\/{rel}","templated":true}]}}