{"id":8535669,"date":"2023-06-25T11:12:38","date_gmt":"2023-06-25T10:12:38","guid":{"rendered":"https:\/\/kapitalis.com\/tunisie\/?p=8535669"},"modified":"2023-06-25T11:12:39","modified_gmt":"2023-06-25T10:12:39","slug":"tunisie-une-eleve-se-suicide-pour-navoir-pas-reussi-au-baccalaureat","status":"publish","type":"post","link":"https:\/\/kapitalis.com\/tunisie\/2023\/06\/25\/tunisie-une-eleve-se-suicide-pour-navoir-pas-reussi-au-baccalaureat\/","title":{"rendered":"Tunisie\u00a0: une \u00e9l\u00e8ve se suicide pour n\u2019avoir pas r\u00e9ussi au baccalaur\u00e9at \u00a0"},"content":{"rendered":"\n<p><strong><em>Le corps inerte d\u2019une \u00e9l\u00e8ve a \u00e9t\u00e9 retrouv\u00e9, hier, samedi 24 juin 2023, sur le toit de la maison familiale dans une d\u00e9l\u00e9gation du Kef. Elle aurait laiss\u00e9\u00a0une lettre \u00e0 ses parents o\u00f9 elle s\u2019excuse de n\u2019avoir pas r\u00e9ussi \u00e0 l\u2019examen du baccalaur\u00e9at, dont les r\u00e9sultats avaient \u00e9t\u00e9 proclam\u00e9s la veille.<\/em><\/strong><\/p>\n\n\n\n<!--more-->\n\n\n\n<p>Selon <a href=\"https:\/\/www.mosaiquefm.net\/ar\/%D8%A3%D8%AE%D8%A8%D8%A7%D8%B1-%D8%AA%D9%88%D9%86%D8%B3-%D8%AC%D9%87%D8%A7%D8%AA\/1174367\/%D8%A7%D9%84%D9%83%D8%A7%D9%81-%D8%AA%D9%86%D8%AA%D8%AD%D8%B1-%D8%A8%D8%B9%D8%AF-%D8%B1%D8%B3%D9%88%D8%A8%D9%87%D8%A7-%D9%81%D9%8A-%D8%A7%D9%84%D8%A8%D9%83%D8%A7%D9%84%D9%88%D8%B1%D9%8A%D8%A7-%D9%88%D8%AA%D8%AA%D8%B1%D9%83-%D8%B1%D8%B3%D8%A7%D9%84%D8%A9-%D8%A7%D8%B9%D8%AA%D8%B0%D8%A7%D8%B1-%D9%84%D9%88%D8%A7%D9%84%D8%AF%D9%8A%D9%87%D8%A7\" target=\"_blank\" rel=\"noreferrer noopener\">Mosa\u00efque<\/a>, les proches de la d\u00e9funte pensent qu\u2019elle a absorb\u00e9 une grande quantit\u00e9 de m\u00e9dicaments qui a caus\u00e9 sa mort. <\/p>\n\n\n\n<p>Le minist\u00e8re public a ordonn\u00e9 une autopsie du corps pour d\u00e9terminer les causes exactes du d\u00e9c\u00e8s et une enqu\u00eate a \u00e9t\u00e9 ouverte. \u00a0<\/p>\n\n\n\n<figure class=\"wp-block-embed is-type-wp-embed is-provider-kapitalis wp-block-embed-kapitalis\"><div class=\"wp-block-embed__wrapper\">\n<blockquote class=\"wp-embedded-content\" data-secret=\"17YHI4DkJK\"><a href=\"https:\/\/kapitalis.com\/tunisie\/2023\/06\/23\/resultats-du-baccalaureat-2023-sfax-en-tete-du-peloton-kasserine-larguee\/\">R\u00e9sultats du baccalaur\u00e9at 2023\u00a0: Sfax en t\u00eate du peloton, Kasserine largu\u00e9<\/a><\/blockquote><iframe loading=\"lazy\" class=\"wp-embedded-content\" sandbox=\"allow-scripts\" security=\"restricted\" style=\"position: absolute; clip: rect(1px, 1px, 1px, 1px);\" title=\"\u00ab\u00a0R\u00e9sultats du baccalaur\u00e9at 2023\u00a0: Sfax en t\u00eate du peloton, Kasserine largu\u00e9\u00a0\u00bb &#8212; Kapitalis\" src=\"https:\/\/kapitalis.com\/tunisie\/2023\/06\/23\/resultats-du-baccalaureat-2023-sfax-en-tete-du-peloton-kasserine-larguee\/embed\/#?secret=db7DTYKC1Y#?secret=17YHI4DkJK\" data-secret=\"17YHI4DkJK\" width=\"600\" height=\"338\" frameborder=\"0\" marginwidth=\"0\" marginheight=\"0\" scrolling=\"no\"><\/iframe>\n<\/div><\/figure>\n","protected":false},"excerpt":{"rendered":"<p>Une \u00e9l\u00e8ve du Kef se serait suicid\u00e9e pour n&rsquo;avoir pas r\u00e9ussi son examen du baccalaur\u00e9at. <\/p>\n","protected":false},"author":8,"featured_media":8535730,"comment_status":"open","ping_status":"open","sticky":false,"template":"","format":"standard","meta":{"footnotes":""},"categories":[998,2433],"tags":[1213,527,865,62643],"class_list":["post-8535669","post","type-post","status-publish","format-standard","has-post-thumbnail","hentry","category-societe","category-tunisie","tag-baccalaureat","tag-kef","tag-suicide","tag-tunisie"],"yoast_head":"<!-- This site is optimized with the Yoast SEO plugin v26.6 - https:\/\/yoast.com\/wordpress\/plugins\/seo\/ -->\n<title>Tunisie\u00a0: une \u00e9l\u00e8ve se suicide pour n\u2019avoir pas r\u00e9ussi au baccalaur\u00e9at \u00a0 - Kapitalis<\/title>\n<meta name=\"robots\" content=\"index, follow, max-snippet:-1, max-image-preview:large, max-video-preview:-1\" \/>\n<link rel=\"canonical\" href=\"https:\/\/kapitalis.com\/tunisie\/2023\/06\/25\/tunisie-une-eleve-se-suicide-pour-navoir-pas-reussi-au-baccalaureat\/\" \/>\n<meta property=\"og:locale\" content=\"fr_FR\" \/>\n<meta property=\"og:type\" content=\"article\" \/>\n<meta property=\"og:title\" content=\"Tunisie\u00a0: une \u00e9l\u00e8ve se suicide pour n\u2019avoir pas r\u00e9ussi au baccalaur\u00e9at \u00a0 - Kapitalis\" \/>\n<meta property=\"og:description\" content=\"Une \u00e9l\u00e8ve du Kef se serait suicid\u00e9e pour n&#039;avoir pas r\u00e9ussi son examen du baccalaur\u00e9at.\" \/>\n<meta property=\"og:url\" content=\"https:\/\/kapitalis.com\/tunisie\/2023\/06\/25\/tunisie-une-eleve-se-suicide-pour-navoir-pas-reussi-au-baccalaureat\/\" \/>\n<meta property=\"og:site_name\" content=\"Kapitalis\" \/>\n<meta property=\"article:publisher\" content=\"https:\/\/www.facebook.com\/KapitalisInfo\/\" \/>\n<meta property=\"article:published_time\" content=\"2023-06-25T10:12:38+00:00\" \/>\n<meta property=\"article:modified_time\" content=\"2023-06-25T10:12:39+00:00\" \/>\n<meta property=\"og:image\" content=\"https:\/\/kapitalis.com\/tunisie\/wp-content\/uploads\/2023\/06\/Cadavre.jpg\" \/>\n\t<meta property=\"og:image:width\" content=\"1200\" \/>\n\t<meta property=\"og:image:height\" content=\"630\" \/>\n\t<meta property=\"og:image:type\" content=\"image\/jpeg\" \/>\n<meta name=\"author\" content=\"webmaster kapitalis\" \/>\n<meta name=\"twitter:card\" content=\"summary_large_image\" \/>\n<meta name=\"twitter:creator\" content=\"@KapitalisInfo\" \/>\n<meta name=\"twitter:site\" content=\"@KapitalisInfo\" \/>\n<meta name=\"twitter:label1\" content=\"\u00c9crit par\" \/>\n\t<meta name=\"twitter:data1\" content=\"webmaster kapitalis\" \/>\n\t<meta name=\"twitter:label2\" content=\"Dur\u00e9e de lecture estim\u00e9e\" \/>\n\t<meta name=\"twitter:data2\" content=\"1 minute\" \/>\n<script type=\"application\/ld+json\" class=\"yoast-schema-graph\">{\"@context\":\"https:\/\/schema.org\",\"@graph\":[{\"@type\":\"Article\",\"@id\":\"https:\/\/kapitalis.com\/tunisie\/2023\/06\/25\/tunisie-une-eleve-se-suicide-pour-navoir-pas-reussi-au-baccalaureat\/#article\",\"isPartOf\":{\"@id\":\"https:\/\/kapitalis.com\/tunisie\/2023\/06\/25\/tunisie-une-eleve-se-suicide-pour-navoir-pas-reussi-au-baccalaureat\/\"},\"author\":{\"name\":\"webmaster kapitalis\",\"@id\":\"https:\/\/kapitalis.com\/tunisie\/#\/schema\/person\/d71f33a9ca44f7bad4698210b480c8e9\"},\"headline\":\"Tunisie\u00a0: une \u00e9l\u00e8ve se suicide pour n\u2019avoir pas r\u00e9ussi au baccalaur\u00e9at \u00a0\",\"datePublished\":\"2023-06-25T10:12:38+00:00\",\"dateModified\":\"2023-06-25T10:12:39+00:00\",\"mainEntityOfPage\":{\"@id\":\"https:\/\/kapitalis.com\/tunisie\/2023\/06\/25\/tunisie-une-eleve-se-suicide-pour-navoir-pas-reussi-au-baccalaureat\/\"},\"wordCount\":132,\"commentCount\":0,\"publisher\":{\"@id\":\"https:\/\/kapitalis.com\/tunisie\/#organization\"},\"image\":{\"@id\":\"https:\/\/kapitalis.com\/tunisie\/2023\/06\/25\/tunisie-une-eleve-se-suicide-pour-navoir-pas-reussi-au-baccalaureat\/#primaryimage\"},\"thumbnailUrl\":\"https:\/\/kapitalis.com\/tunisie\/wp-content\/uploads\/2023\/06\/Cadavre.jpg\",\"keywords\":[\"Baccalaur\u00e9at\",\"Kef\",\"suicide\",\"Tunisie\"],\"articleSection\":[\"SOCIETE\",\"Tunisie\"],\"inLanguage\":\"fr-FR\",\"potentialAction\":[{\"@type\":\"CommentAction\",\"name\":\"Comment\",\"target\":[\"https:\/\/kapitalis.com\/tunisie\/2023\/06\/25\/tunisie-une-eleve-se-suicide-pour-navoir-pas-reussi-au-baccalaureat\/#respond\"]}]},{\"@type\":\"WebPage\",\"@id\":\"https:\/\/kapitalis.com\/tunisie\/2023\/06\/25\/tunisie-une-eleve-se-suicide-pour-navoir-pas-reussi-au-baccalaureat\/\",\"url\":\"https:\/\/kapitalis.com\/tunisie\/2023\/06\/25\/tunisie-une-eleve-se-suicide-pour-navoir-pas-reussi-au-baccalaureat\/\",\"name\":\"Tunisie\u00a0: une \u00e9l\u00e8ve se suicide pour n\u2019avoir pas r\u00e9ussi au baccalaur\u00e9at \u00a0 - Kapitalis\",\"isPartOf\":{\"@id\":\"https:\/\/kapitalis.com\/tunisie\/#website\"},\"primaryImageOfPage\":{\"@id\":\"https:\/\/kapitalis.com\/tunisie\/2023\/06\/25\/tunisie-une-eleve-se-suicide-pour-navoir-pas-reussi-au-baccalaureat\/#primaryimage\"},\"image\":{\"@id\":\"https:\/\/kapitalis.com\/tunisie\/2023\/06\/25\/tunisie-une-eleve-se-suicide-pour-navoir-pas-reussi-au-baccalaureat\/#primaryimage\"},\"thumbnailUrl\":\"https:\/\/kapitalis.com\/tunisie\/wp-content\/uploads\/2023\/06\/Cadavre.jpg\",\"datePublished\":\"2023-06-25T10:12:38+00:00\",\"dateModified\":\"2023-06-25T10:12:39+00:00\",\"breadcrumb\":{\"@id\":\"https:\/\/kapitalis.com\/tunisie\/2023\/06\/25\/tunisie-une-eleve-se-suicide-pour-navoir-pas-reussi-au-baccalaureat\/#breadcrumb\"},\"inLanguage\":\"fr-FR\",\"potentialAction\":[{\"@type\":\"ReadAction\",\"target\":[\"https:\/\/kapitalis.com\/tunisie\/2023\/06\/25\/tunisie-une-eleve-se-suicide-pour-navoir-pas-reussi-au-baccalaureat\/\"]}]},{\"@type\":\"ImageObject\",\"inLanguage\":\"fr-FR\",\"@id\":\"https:\/\/kapitalis.com\/tunisie\/2023\/06\/25\/tunisie-une-eleve-se-suicide-pour-navoir-pas-reussi-au-baccalaureat\/#primaryimage\",\"url\":\"https:\/\/kapitalis.com\/tunisie\/wp-content\/uploads\/2023\/06\/Cadavre.jpg\",\"contentUrl\":\"https:\/\/kapitalis.com\/tunisie\/wp-content\/uploads\/2023\/06\/Cadavre.jpg\",\"width\":1200,\"height\":630},{\"@type\":\"BreadcrumbList\",\"@id\":\"https:\/\/kapitalis.com\/tunisie\/2023\/06\/25\/tunisie-une-eleve-se-suicide-pour-navoir-pas-reussi-au-baccalaureat\/#breadcrumb\",\"itemListElement\":[{\"@type\":\"ListItem\",\"position\":1,\"name\":\"Accueil\",\"item\":\"https:\/\/kapitalis.com\/tunisie\/\"},{\"@type\":\"ListItem\",\"position\":2,\"name\":\"Tunisie\u00a0: une \u00e9l\u00e8ve se suicide pour n\u2019avoir pas r\u00e9ussi au baccalaur\u00e9at \u00a0\"}]},{\"@type\":\"WebSite\",\"@id\":\"https:\/\/kapitalis.com\/tunisie\/#website\",\"url\":\"https:\/\/kapitalis.com\/tunisie\/\",\"name\":\"Kapitalis\",\"description\":\"L&#039;actualit\u00e9 en Tunisie et dans le monde\",\"publisher\":{\"@id\":\"https:\/\/kapitalis.com\/tunisie\/#organization\"},\"potentialAction\":[{\"@type\":\"SearchAction\",\"target\":{\"@type\":\"EntryPoint\",\"urlTemplate\":\"https:\/\/kapitalis.com\/tunisie\/?s={search_term_string}\"},\"query-input\":{\"@type\":\"PropertyValueSpecification\",\"valueRequired\":true,\"valueName\":\"search_term_string\"}}],\"inLanguage\":\"fr-FR\"},{\"@type\":\"Organization\",\"@id\":\"https:\/\/kapitalis.com\/tunisie\/#organization\",\"name\":\"Kapitalis\",\"url\":\"https:\/\/kapitalis.com\/tunisie\/\",\"logo\":{\"@type\":\"ImageObject\",\"inLanguage\":\"fr-FR\",\"@id\":\"https:\/\/kapitalis.com\/tunisie\/#\/schema\/logo\/image\/\",\"url\":\"https:\/\/kapitalis.com\/tunisie\/wp-content\/uploads\/2022\/05\/Kapitalis-big-size.png\",\"contentUrl\":\"https:\/\/kapitalis.com\/tunisie\/wp-content\/uploads\/2022\/05\/Kapitalis-big-size.png\",\"width\":5000,\"height\":1500,\"caption\":\"Kapitalis\"},\"image\":{\"@id\":\"https:\/\/kapitalis.com\/tunisie\/#\/schema\/logo\/image\/\"},\"sameAs\":[\"https:\/\/www.facebook.com\/KapitalisInfo\/\",\"https:\/\/x.com\/KapitalisInfo\",\"https:\/\/www.youtube.com\/channel\/UC-yDYrHyfFBWWZaOw3FPg9Q\"]},{\"@type\":\"Person\",\"@id\":\"https:\/\/kapitalis.com\/tunisie\/#\/schema\/person\/d71f33a9ca44f7bad4698210b480c8e9\",\"name\":\"webmaster kapitalis\",\"url\":\"https:\/\/kapitalis.com\/tunisie\/author\/webmaster-kapitalis\/\"}]}<\/script>\n<!-- \/ Yoast SEO plugin. -->","yoast_head_json":{"title":"Tunisie\u00a0: une \u00e9l\u00e8ve se suicide pour n\u2019avoir pas r\u00e9ussi au baccalaur\u00e9at \u00a0 - Kapitalis","robots":{"index":"index","follow":"follow","max-snippet":"max-snippet:-1","max-image-preview":"max-image-preview:large","max-video-preview":"max-video-preview:-1"},"canonical":"https:\/\/kapitalis.com\/tunisie\/2023\/06\/25\/tunisie-une-eleve-se-suicide-pour-navoir-pas-reussi-au-baccalaureat\/","og_locale":"fr_FR","og_type":"article","og_title":"Tunisie\u00a0: une \u00e9l\u00e8ve se suicide pour n\u2019avoir pas r\u00e9ussi au baccalaur\u00e9at \u00a0 - Kapitalis","og_description":"Une \u00e9l\u00e8ve du Kef se serait suicid\u00e9e pour n'avoir pas r\u00e9ussi son examen du baccalaur\u00e9at.","og_url":"https:\/\/kapitalis.com\/tunisie\/2023\/06\/25\/tunisie-une-eleve-se-suicide-pour-navoir-pas-reussi-au-baccalaureat\/","og_site_name":"Kapitalis","article_publisher":"https:\/\/www.facebook.com\/KapitalisInfo\/","article_published_time":"2023-06-25T10:12:38+00:00","article_modified_time":"2023-06-25T10:12:39+00:00","og_image":[{"width":1200,"height":630,"url":"https:\/\/kapitalis.com\/tunisie\/wp-content\/uploads\/2023\/06\/Cadavre.jpg","type":"image\/jpeg"}],"author":"webmaster kapitalis","twitter_card":"summary_large_image","twitter_creator":"@KapitalisInfo","twitter_site":"@KapitalisInfo","twitter_misc":{"\u00c9crit par":"webmaster kapitalis","Dur\u00e9e de lecture estim\u00e9e":"1 minute"},"schema":{"@context":"https:\/\/schema.org","@graph":[{"@type":"Article","@id":"https:\/\/kapitalis.com\/tunisie\/2023\/06\/25\/tunisie-une-eleve-se-suicide-pour-navoir-pas-reussi-au-baccalaureat\/#article","isPartOf":{"@id":"https:\/\/kapitalis.com\/tunisie\/2023\/06\/25\/tunisie-une-eleve-se-suicide-pour-navoir-pas-reussi-au-baccalaureat\/"},"author":{"name":"webmaster kapitalis","@id":"https:\/\/kapitalis.com\/tunisie\/#\/schema\/person\/d71f33a9ca44f7bad4698210b480c8e9"},"headline":"Tunisie\u00a0: une \u00e9l\u00e8ve se suicide pour n\u2019avoir pas r\u00e9ussi au baccalaur\u00e9at \u00a0","datePublished":"2023-06-25T10:12:38+00:00","dateModified":"2023-06-25T10:12:39+00:00","mainEntityOfPage":{"@id":"https:\/\/kapitalis.com\/tunisie\/2023\/06\/25\/tunisie-une-eleve-se-suicide-pour-navoir-pas-reussi-au-baccalaureat\/"},"wordCount":132,"commentCount":0,"publisher":{"@id":"https:\/\/kapitalis.com\/tunisie\/#organization"},"image":{"@id":"https:\/\/kapitalis.com\/tunisie\/2023\/06\/25\/tunisie-une-eleve-se-suicide-pour-navoir-pas-reussi-au-baccalaureat\/#primaryimage"},"thumbnailUrl":"https:\/\/kapitalis.com\/tunisie\/wp-content\/uploads\/2023\/06\/Cadavre.jpg","keywords":["Baccalaur\u00e9at","Kef","suicide","Tunisie"],"articleSection":["SOCIETE","Tunisie"],"inLanguage":"fr-FR","potentialAction":[{"@type":"CommentAction","name":"Comment","target":["https:\/\/kapitalis.com\/tunisie\/2023\/06\/25\/tunisie-une-eleve-se-suicide-pour-navoir-pas-reussi-au-baccalaureat\/#respond"]}]},{"@type":"WebPage","@id":"https:\/\/kapitalis.com\/tunisie\/2023\/06\/25\/tunisie-une-eleve-se-suicide-pour-navoir-pas-reussi-au-baccalaureat\/","url":"https:\/\/kapitalis.com\/tunisie\/2023\/06\/25\/tunisie-une-eleve-se-suicide-pour-navoir-pas-reussi-au-baccalaureat\/","name":"Tunisie\u00a0: une \u00e9l\u00e8ve se suicide pour n\u2019avoir pas r\u00e9ussi au baccalaur\u00e9at \u00a0 - Kapitalis","isPartOf":{"@id":"https:\/\/kapitalis.com\/tunisie\/#website"},"primaryImageOfPage":{"@id":"https:\/\/kapitalis.com\/tunisie\/2023\/06\/25\/tunisie-une-eleve-se-suicide-pour-navoir-pas-reussi-au-baccalaureat\/#primaryimage"},"image":{"@id":"https:\/\/kapitalis.com\/tunisie\/2023\/06\/25\/tunisie-une-eleve-se-suicide-pour-navoir-pas-reussi-au-baccalaureat\/#primaryimage"},"thumbnailUrl":"https:\/\/kapitalis.com\/tunisie\/wp-content\/uploads\/2023\/06\/Cadavre.jpg","datePublished":"2023-06-25T10:12:38+00:00","dateModified":"2023-06-25T10:12:39+00:00","breadcrumb":{"@id":"https:\/\/kapitalis.com\/tunisie\/2023\/06\/25\/tunisie-une-eleve-se-suicide-pour-navoir-pas-reussi-au-baccalaureat\/#breadcrumb"},"inLanguage":"fr-FR","potentialAction":[{"@type":"ReadAction","target":["https:\/\/kapitalis.com\/tunisie\/2023\/06\/25\/tunisie-une-eleve-se-suicide-pour-navoir-pas-reussi-au-baccalaureat\/"]}]},{"@type":"ImageObject","inLanguage":"fr-FR","@id":"https:\/\/kapitalis.com\/tunisie\/2023\/06\/25\/tunisie-une-eleve-se-suicide-pour-navoir-pas-reussi-au-baccalaureat\/#primaryimage","url":"https:\/\/kapitalis.com\/tunisie\/wp-content\/uploads\/2023\/06\/Cadavre.jpg","contentUrl":"https:\/\/kapitalis.com\/tunisie\/wp-content\/uploads\/2023\/06\/Cadavre.jpg","width":1200,"height":630},{"@type":"BreadcrumbList","@id":"https:\/\/kapitalis.com\/tunisie\/2023\/06\/25\/tunisie-une-eleve-se-suicide-pour-navoir-pas-reussi-au-baccalaureat\/#breadcrumb","itemListElement":[{"@type":"ListItem","position":1,"name":"Accueil","item":"https:\/\/kapitalis.com\/tunisie\/"},{"@type":"ListItem","position":2,"name":"Tunisie\u00a0: une \u00e9l\u00e8ve se suicide pour n\u2019avoir pas r\u00e9ussi au baccalaur\u00e9at \u00a0"}]},{"@type":"WebSite","@id":"https:\/\/kapitalis.com\/tunisie\/#website","url":"https:\/\/kapitalis.com\/tunisie\/","name":"Kapitalis","description":"L&#039;actualit\u00e9 en Tunisie et dans le monde","publisher":{"@id":"https:\/\/kapitalis.com\/tunisie\/#organization"},"potentialAction":[{"@type":"SearchAction","target":{"@type":"EntryPoint","urlTemplate":"https:\/\/kapitalis.com\/tunisie\/?s={search_term_string}"},"query-input":{"@type":"PropertyValueSpecification","valueRequired":true,"valueName":"search_term_string"}}],"inLanguage":"fr-FR"},{"@type":"Organization","@id":"https:\/\/kapitalis.com\/tunisie\/#organization","name":"Kapitalis","url":"https:\/\/kapitalis.com\/tunisie\/","logo":{"@type":"ImageObject","inLanguage":"fr-FR","@id":"https:\/\/kapitalis.com\/tunisie\/#\/schema\/logo\/image\/","url":"https:\/\/kapitalis.com\/tunisie\/wp-content\/uploads\/2022\/05\/Kapitalis-big-size.png","contentUrl":"https:\/\/kapitalis.com\/tunisie\/wp-content\/uploads\/2022\/05\/Kapitalis-big-size.png","width":5000,"height":1500,"caption":"Kapitalis"},"image":{"@id":"https:\/\/kapitalis.com\/tunisie\/#\/schema\/logo\/image\/"},"sameAs":["https:\/\/www.facebook.com\/KapitalisInfo\/","https:\/\/x.com\/KapitalisInfo","https:\/\/www.youtube.com\/channel\/UC-yDYrHyfFBWWZaOw3FPg9Q"]},{"@type":"Person","@id":"https:\/\/kapitalis.com\/tunisie\/#\/schema\/person\/d71f33a9ca44f7bad4698210b480c8e9","name":"webmaster kapitalis","url":"https:\/\/kapitalis.com\/tunisie\/author\/webmaster-kapitalis\/"}]}},"_links":{"self":[{"href":"https:\/\/kapitalis.com\/tunisie\/wp-json\/wp\/v2\/posts\/8535669","targetHints":{"allow":["GET"]}}],"collection":[{"href":"https:\/\/kapitalis.com\/tunisie\/wp-json\/wp\/v2\/posts"}],"about":[{"href":"https:\/\/kapitalis.com\/tunisie\/wp-json\/wp\/v2\/types\/post"}],"author":[{"embeddable":true,"href":"https:\/\/kapitalis.com\/tunisie\/wp-json\/wp\/v2\/users\/8"}],"replies":[{"embeddable":true,"href":"https:\/\/kapitalis.com\/tunisie\/wp-json\/wp\/v2\/comments?post=8535669"}],"version-history":[{"count":1,"href":"https:\/\/kapitalis.com\/tunisie\/wp-json\/wp\/v2\/posts\/8535669\/revisions"}],"predecessor-version":[{"id":8535823,"href":"https:\/\/kapitalis.com\/tunisie\/wp-json\/wp\/v2\/posts\/8535669\/revisions\/8535823"}],"wp:featuredmedia":[{"embeddable":true,"href":"https:\/\/kapitalis.com\/tunisie\/wp-json\/wp\/v2\/media\/8535730"}],"wp:attachment":[{"href":"https:\/\/kapitalis.com\/tunisie\/wp-json\/wp\/v2\/media?parent=8535669"}],"wp:term":[{"taxonomy":"category","embeddable":true,"href":"https:\/\/kapitalis.com\/tunisie\/wp-json\/wp\/v2\/categories?post=8535669"},{"taxonomy":"post_tag","embeddable":true,"href":"https:\/\/kapitalis.com\/tunisie\/wp-json\/wp\/v2\/tags?post=8535669"}],"curies":[{"name":"wp","href":"https:\/\/api.w.org\/{rel}","templated":true}]}}