{"id":85468,"date":"2017-03-04T08:39:55","date_gmt":"2017-03-04T07:39:55","guid":{"rendered":"http:\/\/kapitalis.com\/tunisie\/?p=85468"},"modified":"2017-03-04T08:39:55","modified_gmt":"2017-03-04T07:39:55","slug":"merkel-leurope-veut-traiter-avec-un-gouvernement-tunisien-fort","status":"publish","type":"post","link":"https:\/\/kapitalis.com\/tunisie\/2017\/03\/04\/merkel-leurope-veut-traiter-avec-un-gouvernement-tunisien-fort\/","title":{"rendered":"Merkel : \u00abL\u2019Europe veut traiter avec un gouvernement tunisien fort\u00bb"},"content":{"rendered":"<p style=\"text-align: center;\"><img loading=\"lazy\" decoding=\"async\" class=\"alignnone size-full wp-image-85469\" src=\"http:\/\/kapitalis.com\/tunisie\/wp-content\/uploads\/2017\/03\/Entretien-Merkel-Caid-Essebsi.jpg\" alt=\"\" width=\"626\" height=\"380\" \/><\/p>\n<p style=\"text-align: left;\"><em><strong>En visite vendredi 3 mars 2017 \u00e0 Tunis, Angela Merkel a r\u00e9it\u00e9r\u00e9 le soutien de l\u2019Allemagne au processus de transition d\u00e9mocratique en Tunisie.<\/strong><\/em><\/p>\n<p style=\"text-align: left;\"><!--more--><\/p>\n<p style=\"text-align: left;\">La chanceli\u00e8re allemande a eu, hier, une apr\u00e8s-midi marathonienne. En quelques heures, elle s\u2019est entretenue avec le pr\u00e9sident de la r\u00e9publique B\u00e9ji Ca\u00efd Essebsi, au palais de Carthage, le chef du gouvernement Youssef Chahed au Palais de la Kasbah, avant de prononcer un discours \u00e0 l\u2019Assembl\u00e9e des repr\u00e9sentant du peuple (ARP), au palais du Bardo, et de pr\u00e9sider avec M. Chahed, au palais des congr\u00e8s au centre-ville de Tunis, une table-ronde r\u00e9unissant des op\u00e9rateurs \u00e9conomiques tunisiens et allemands, dont une dizaine de repr\u00e9sentants de grandes entreprises allemandes qui faisaient partie de la d\u00e9l\u00e9gation officielle.<br \/>\nSon discours devant le parlement a \u00e9t\u00e9 l\u2019occasion pour la chanceli\u00e8re d\u2019exprimer l\u2019engagement allemand \u00e0 soutenir la Tunisie, politiquement et \u00e9conomiquement, et de l\u2019aider \u00e0 passer avec succ\u00e8s l\u2019examen de la transition d\u00e9mocratique.<\/p>\n<p style=\"text-align: left;\">Merkel a soulign\u00e9, \u00e9galement, que l\u2019Union europ\u00e9enne (EU) consid\u00e8re la Tunisie comme un partenaire privil\u00e9gi\u00e9, ajoutant que <em>\u00abl\u2019UE pr\u00e9f\u00e8re traiter avec un gouvernement tunisien fort\u00bb.<\/em> Les entreprises allemandes pr\u00e9f\u00e8rent, elles aussi, s\u2019associer \u00e0 un partenaire fiable, a-t-elle ajout\u00e9, en ajoutant que la Tunisie peut devenir ce partenaire.<\/p>\n<p style=\"text-align: center;\"><img loading=\"lazy\" decoding=\"async\" class=\"alignnone wp-image-85470\" src=\"http:\/\/kapitalis.com\/tunisie\/wp-content\/uploads\/2017\/03\/Caid-Essebsi-Merkel.jpg\" alt=\"Angela Merkel - B\u00e9ji Ca\u00efd Essebsi\" width=\"500\" height=\"333\" \/><\/p>\n<p style=\"text-align: left;\">Evoquant la question des r\u00e9fugi\u00e9s, la chanceli\u00e8re allemande a indiqu\u00e9 que la constitution allemande garantit le droit d\u2019asile, mais l\u2019Allemagne prendra aussi les mesures n\u00e9cessaires pour rapatrier ceux qui ont \u00e9t\u00e9 d\u00e9bout\u00e9s du droit d\u2019asile.<\/p>\n<p style=\"text-align: left;\">La rencontre entre les chefs d\u2019entreprises allemands et tunisiens, organis\u00e9e par l\u2019Union tunisienne de l\u2019industrie, du commerce et de l\u2019artisanat (Utica) et la Chambre tuniso-allemande de l\u2019industrie et du commerce (AHK Tunisie), a \u00e9t\u00e9 l\u2019occasion pour les investisseurs allemands de s\u2019interroger sur certains points rest\u00e9s flous dans le code de l\u2019investissement ou la loi de finances 2017, notamment la taxe exceptionnelle de 7,5% sur les b\u00e9n\u00e9fices impos\u00e9e aux soci\u00e9t\u00e9s au titre de participation aux ressources financi\u00e8res de l\u2019Etat.<\/p>\n<p style=\"text-align: left;\">Le message de Merkel aux hommes d\u2019affaires pr\u00e9sents \u00e9tait court, simple et fort : <em>\u00abNous nous sommes tout dit; le temps est maintenant \u00e0 l\u2019action\u00bb<\/em>.<\/p>\n<p style=\"text-align: left;\">La rencontre, en d\u00e9but de matin\u00e9e, avec le pr\u00e9sident Ca\u00efd Essebsi, a \u00e9t\u00e9 l\u2019occasion d\u2019annoncer un accord sur le sujet du retour des immigr\u00e9s tunisiens ill\u00e9gaux en Allemagne, contre des aides accord\u00e9es par la partie allemande pour aider les immigr\u00e9s rapatri\u00e9s en leur fournissant une formation professionnelle.<\/p>\n<p style=\"text-align: center;\"><img loading=\"lazy\" decoding=\"async\" class=\"alignnone wp-image-85471\" src=\"http:\/\/kapitalis.com\/tunisie\/wp-content\/uploads\/2017\/03\/Chahed-Merkel-Kasbah.jpg\" alt=\"Youssef Chahed Angela Merkel\" width=\"500\" height=\"333\" \/><\/p>\n<p style=\"text-align: left;\">Quant au projet d\u2019\u00e9tablissement d\u2019un camp sur le sol tunisien pour les refugi\u00e9s africains d\u00e9sirant se rendre en Europe, qui avait \u00e9t\u00e9 \u00e9voqu\u00e9 r\u00e9cemment par les autorit\u00e9s allemandes, le pr\u00e9sident de la r\u00e9publique a d\u00e9clar\u00e9, lors d\u2019un point de presse, que ce dossier a \u00e9t\u00e9 class\u00e9 d\u2019une mani\u00e8re d\u00e9finitive.<\/p>\n<p style=\"text-align: right;\"><strong>Abderrazek Krimi <\/strong><\/p>\n","protected":false},"excerpt":{"rendered":"<p>En visite vendredi 3 mars 2017 \u00e0 Tunis, Angela Merkel a r\u00e9it\u00e9r\u00e9 le soutien de l\u2019Allemagne au processus de transition d\u00e9mocratique en Tunisie.<\/p>\n","protected":false},"author":8,"featured_media":85469,"comment_status":"open","ping_status":"open","sticky":false,"template":"","format":"standard","meta":{"footnotes":""},"categories":[992,997,2433],"tags":[49,5188],"class_list":["post-85468","post","type-post","status-publish","format-standard","has-post-thumbnail","hentry","category-a-la-une","category-politique","category-tunisie","tag-ahk-tunisie","tag-angela-merkel"],"yoast_head":"<!-- This site is optimized with the Yoast SEO plugin v26.6 - https:\/\/yoast.com\/wordpress\/plugins\/seo\/ -->\n<title>Merkel : \u00abL\u2019Europe veut traiter avec un gouvernement tunisien fort\u00bb - Kapitalis<\/title>\n<meta name=\"robots\" content=\"index, follow, max-snippet:-1, max-image-preview:large, max-video-preview:-1\" \/>\n<link rel=\"canonical\" href=\"https:\/\/kapitalis.com\/tunisie\/2017\/03\/04\/merkel-leurope-veut-traiter-avec-un-gouvernement-tunisien-fort\/\" \/>\n<meta property=\"og:locale\" content=\"fr_FR\" \/>\n<meta property=\"og:type\" content=\"article\" \/>\n<meta property=\"og:title\" content=\"Merkel : \u00abL\u2019Europe veut traiter avec un gouvernement tunisien fort\u00bb - Kapitalis\" \/>\n<meta property=\"og:description\" content=\"En visite vendredi 3 mars 2017 \u00e0 Tunis, Angela Merkel a r\u00e9it\u00e9r\u00e9 le soutien de l\u2019Allemagne au processus de transition d\u00e9mocratique en Tunisie.\" \/>\n<meta property=\"og:url\" content=\"https:\/\/kapitalis.com\/tunisie\/2017\/03\/04\/merkel-leurope-veut-traiter-avec-un-gouvernement-tunisien-fort\/\" \/>\n<meta property=\"og:site_name\" content=\"Kapitalis\" \/>\n<meta property=\"article:publisher\" content=\"https:\/\/www.facebook.com\/KapitalisInfo\/\" \/>\n<meta property=\"article:published_time\" content=\"2017-03-04T07:39:55+00:00\" \/>\n<meta property=\"og:image\" content=\"https:\/\/kapitalis.com\/tunisie\/wp-content\/uploads\/2022\/05\/kapitalis-logo-fb.png\" \/>\n\t<meta property=\"og:image:width\" content=\"1200\" \/>\n\t<meta property=\"og:image:height\" content=\"630\" \/>\n\t<meta property=\"og:image:type\" content=\"image\/png\" \/>\n<meta name=\"author\" content=\"webmaster kapitalis\" \/>\n<meta name=\"twitter:card\" content=\"summary_large_image\" \/>\n<meta name=\"twitter:creator\" content=\"@KapitalisInfo\" \/>\n<meta name=\"twitter:site\" content=\"@KapitalisInfo\" \/>\n<meta name=\"twitter:label1\" content=\"\u00c9crit par\" \/>\n\t<meta name=\"twitter:data1\" content=\"webmaster kapitalis\" \/>\n\t<meta name=\"twitter:label2\" content=\"Dur\u00e9e de lecture estim\u00e9e\" \/>\n\t<meta name=\"twitter:data2\" content=\"3 minutes\" \/>\n<script type=\"application\/ld+json\" class=\"yoast-schema-graph\">{\"@context\":\"https:\/\/schema.org\",\"@graph\":[{\"@type\":\"Article\",\"@id\":\"https:\/\/kapitalis.com\/tunisie\/2017\/03\/04\/merkel-leurope-veut-traiter-avec-un-gouvernement-tunisien-fort\/#article\",\"isPartOf\":{\"@id\":\"https:\/\/kapitalis.com\/tunisie\/2017\/03\/04\/merkel-leurope-veut-traiter-avec-un-gouvernement-tunisien-fort\/\"},\"author\":{\"name\":\"webmaster kapitalis\",\"@id\":\"https:\/\/kapitalis.com\/tunisie\/#\/schema\/person\/d71f33a9ca44f7bad4698210b480c8e9\"},\"headline\":\"Merkel : \u00abL\u2019Europe veut traiter avec un gouvernement tunisien fort\u00bb\",\"datePublished\":\"2017-03-04T07:39:55+00:00\",\"mainEntityOfPage\":{\"@id\":\"https:\/\/kapitalis.com\/tunisie\/2017\/03\/04\/merkel-leurope-veut-traiter-avec-un-gouvernement-tunisien-fort\/\"},\"wordCount\":524,\"commentCount\":0,\"publisher\":{\"@id\":\"https:\/\/kapitalis.com\/tunisie\/#organization\"},\"image\":{\"@id\":\"https:\/\/kapitalis.com\/tunisie\/2017\/03\/04\/merkel-leurope-veut-traiter-avec-un-gouvernement-tunisien-fort\/#primaryimage\"},\"thumbnailUrl\":\"\",\"keywords\":[\"AHK-Tunisie\",\"Angela Merkel\"],\"articleSection\":[\"A LA UNE\",\"POLITIQUE\",\"Tunisie\"],\"inLanguage\":\"fr-FR\",\"potentialAction\":[{\"@type\":\"CommentAction\",\"name\":\"Comment\",\"target\":[\"https:\/\/kapitalis.com\/tunisie\/2017\/03\/04\/merkel-leurope-veut-traiter-avec-un-gouvernement-tunisien-fort\/#respond\"]}]},{\"@type\":\"WebPage\",\"@id\":\"https:\/\/kapitalis.com\/tunisie\/2017\/03\/04\/merkel-leurope-veut-traiter-avec-un-gouvernement-tunisien-fort\/\",\"url\":\"https:\/\/kapitalis.com\/tunisie\/2017\/03\/04\/merkel-leurope-veut-traiter-avec-un-gouvernement-tunisien-fort\/\",\"name\":\"Merkel : \u00abL\u2019Europe veut traiter avec un gouvernement tunisien fort\u00bb - Kapitalis\",\"isPartOf\":{\"@id\":\"https:\/\/kapitalis.com\/tunisie\/#website\"},\"primaryImageOfPage\":{\"@id\":\"https:\/\/kapitalis.com\/tunisie\/2017\/03\/04\/merkel-leurope-veut-traiter-avec-un-gouvernement-tunisien-fort\/#primaryimage\"},\"image\":{\"@id\":\"https:\/\/kapitalis.com\/tunisie\/2017\/03\/04\/merkel-leurope-veut-traiter-avec-un-gouvernement-tunisien-fort\/#primaryimage\"},\"thumbnailUrl\":\"\",\"datePublished\":\"2017-03-04T07:39:55+00:00\",\"breadcrumb\":{\"@id\":\"https:\/\/kapitalis.com\/tunisie\/2017\/03\/04\/merkel-leurope-veut-traiter-avec-un-gouvernement-tunisien-fort\/#breadcrumb\"},\"inLanguage\":\"fr-FR\",\"potentialAction\":[{\"@type\":\"ReadAction\",\"target\":[\"https:\/\/kapitalis.com\/tunisie\/2017\/03\/04\/merkel-leurope-veut-traiter-avec-un-gouvernement-tunisien-fort\/\"]}]},{\"@type\":\"ImageObject\",\"inLanguage\":\"fr-FR\",\"@id\":\"https:\/\/kapitalis.com\/tunisie\/2017\/03\/04\/merkel-leurope-veut-traiter-avec-un-gouvernement-tunisien-fort\/#primaryimage\",\"url\":\"\",\"contentUrl\":\"\"},{\"@type\":\"BreadcrumbList\",\"@id\":\"https:\/\/kapitalis.com\/tunisie\/2017\/03\/04\/merkel-leurope-veut-traiter-avec-un-gouvernement-tunisien-fort\/#breadcrumb\",\"itemListElement\":[{\"@type\":\"ListItem\",\"position\":1,\"name\":\"Accueil\",\"item\":\"https:\/\/kapitalis.com\/tunisie\/\"},{\"@type\":\"ListItem\",\"position\":2,\"name\":\"Merkel : \u00abL\u2019Europe veut traiter avec un gouvernement tunisien fort\u00bb\"}]},{\"@type\":\"WebSite\",\"@id\":\"https:\/\/kapitalis.com\/tunisie\/#website\",\"url\":\"https:\/\/kapitalis.com\/tunisie\/\",\"name\":\"Kapitalis\",\"description\":\"L&#039;actualit\u00e9 en Tunisie et dans le monde\",\"publisher\":{\"@id\":\"https:\/\/kapitalis.com\/tunisie\/#organization\"},\"potentialAction\":[{\"@type\":\"SearchAction\",\"target\":{\"@type\":\"EntryPoint\",\"urlTemplate\":\"https:\/\/kapitalis.com\/tunisie\/?s={search_term_string}\"},\"query-input\":{\"@type\":\"PropertyValueSpecification\",\"valueRequired\":true,\"valueName\":\"search_term_string\"}}],\"inLanguage\":\"fr-FR\"},{\"@type\":\"Organization\",\"@id\":\"https:\/\/kapitalis.com\/tunisie\/#organization\",\"name\":\"Kapitalis\",\"url\":\"https:\/\/kapitalis.com\/tunisie\/\",\"logo\":{\"@type\":\"ImageObject\",\"inLanguage\":\"fr-FR\",\"@id\":\"https:\/\/kapitalis.com\/tunisie\/#\/schema\/logo\/image\/\",\"url\":\"https:\/\/kapitalis.com\/tunisie\/wp-content\/uploads\/2022\/05\/Kapitalis-big-size.png\",\"contentUrl\":\"https:\/\/kapitalis.com\/tunisie\/wp-content\/uploads\/2022\/05\/Kapitalis-big-size.png\",\"width\":5000,\"height\":1500,\"caption\":\"Kapitalis\"},\"image\":{\"@id\":\"https:\/\/kapitalis.com\/tunisie\/#\/schema\/logo\/image\/\"},\"sameAs\":[\"https:\/\/www.facebook.com\/KapitalisInfo\/\",\"https:\/\/x.com\/KapitalisInfo\",\"https:\/\/www.youtube.com\/channel\/UC-yDYrHyfFBWWZaOw3FPg9Q\"]},{\"@type\":\"Person\",\"@id\":\"https:\/\/kapitalis.com\/tunisie\/#\/schema\/person\/d71f33a9ca44f7bad4698210b480c8e9\",\"name\":\"webmaster kapitalis\",\"url\":\"https:\/\/kapitalis.com\/tunisie\/author\/webmaster-kapitalis\/\"}]}<\/script>\n<!-- \/ Yoast SEO plugin. -->","yoast_head_json":{"title":"Merkel : \u00abL\u2019Europe veut traiter avec un gouvernement tunisien fort\u00bb - Kapitalis","robots":{"index":"index","follow":"follow","max-snippet":"max-snippet:-1","max-image-preview":"max-image-preview:large","max-video-preview":"max-video-preview:-1"},"canonical":"https:\/\/kapitalis.com\/tunisie\/2017\/03\/04\/merkel-leurope-veut-traiter-avec-un-gouvernement-tunisien-fort\/","og_locale":"fr_FR","og_type":"article","og_title":"Merkel : \u00abL\u2019Europe veut traiter avec un gouvernement tunisien fort\u00bb - Kapitalis","og_description":"En visite vendredi 3 mars 2017 \u00e0 Tunis, Angela Merkel a r\u00e9it\u00e9r\u00e9 le soutien de l\u2019Allemagne au processus de transition d\u00e9mocratique en Tunisie.","og_url":"https:\/\/kapitalis.com\/tunisie\/2017\/03\/04\/merkel-leurope-veut-traiter-avec-un-gouvernement-tunisien-fort\/","og_site_name":"Kapitalis","article_publisher":"https:\/\/www.facebook.com\/KapitalisInfo\/","article_published_time":"2017-03-04T07:39:55+00:00","og_image":[{"width":1200,"height":630,"url":"https:\/\/kapitalis.com\/tunisie\/wp-content\/uploads\/2022\/05\/kapitalis-logo-fb.png","type":"image\/png"}],"author":"webmaster kapitalis","twitter_card":"summary_large_image","twitter_creator":"@KapitalisInfo","twitter_site":"@KapitalisInfo","twitter_misc":{"\u00c9crit par":"webmaster kapitalis","Dur\u00e9e de lecture estim\u00e9e":"3 minutes"},"schema":{"@context":"https:\/\/schema.org","@graph":[{"@type":"Article","@id":"https:\/\/kapitalis.com\/tunisie\/2017\/03\/04\/merkel-leurope-veut-traiter-avec-un-gouvernement-tunisien-fort\/#article","isPartOf":{"@id":"https:\/\/kapitalis.com\/tunisie\/2017\/03\/04\/merkel-leurope-veut-traiter-avec-un-gouvernement-tunisien-fort\/"},"author":{"name":"webmaster kapitalis","@id":"https:\/\/kapitalis.com\/tunisie\/#\/schema\/person\/d71f33a9ca44f7bad4698210b480c8e9"},"headline":"Merkel : \u00abL\u2019Europe veut traiter avec un gouvernement tunisien fort\u00bb","datePublished":"2017-03-04T07:39:55+00:00","mainEntityOfPage":{"@id":"https:\/\/kapitalis.com\/tunisie\/2017\/03\/04\/merkel-leurope-veut-traiter-avec-un-gouvernement-tunisien-fort\/"},"wordCount":524,"commentCount":0,"publisher":{"@id":"https:\/\/kapitalis.com\/tunisie\/#organization"},"image":{"@id":"https:\/\/kapitalis.com\/tunisie\/2017\/03\/04\/merkel-leurope-veut-traiter-avec-un-gouvernement-tunisien-fort\/#primaryimage"},"thumbnailUrl":"","keywords":["AHK-Tunisie","Angela Merkel"],"articleSection":["A LA UNE","POLITIQUE","Tunisie"],"inLanguage":"fr-FR","potentialAction":[{"@type":"CommentAction","name":"Comment","target":["https:\/\/kapitalis.com\/tunisie\/2017\/03\/04\/merkel-leurope-veut-traiter-avec-un-gouvernement-tunisien-fort\/#respond"]}]},{"@type":"WebPage","@id":"https:\/\/kapitalis.com\/tunisie\/2017\/03\/04\/merkel-leurope-veut-traiter-avec-un-gouvernement-tunisien-fort\/","url":"https:\/\/kapitalis.com\/tunisie\/2017\/03\/04\/merkel-leurope-veut-traiter-avec-un-gouvernement-tunisien-fort\/","name":"Merkel : \u00abL\u2019Europe veut traiter avec un gouvernement tunisien fort\u00bb - Kapitalis","isPartOf":{"@id":"https:\/\/kapitalis.com\/tunisie\/#website"},"primaryImageOfPage":{"@id":"https:\/\/kapitalis.com\/tunisie\/2017\/03\/04\/merkel-leurope-veut-traiter-avec-un-gouvernement-tunisien-fort\/#primaryimage"},"image":{"@id":"https:\/\/kapitalis.com\/tunisie\/2017\/03\/04\/merkel-leurope-veut-traiter-avec-un-gouvernement-tunisien-fort\/#primaryimage"},"thumbnailUrl":"","datePublished":"2017-03-04T07:39:55+00:00","breadcrumb":{"@id":"https:\/\/kapitalis.com\/tunisie\/2017\/03\/04\/merkel-leurope-veut-traiter-avec-un-gouvernement-tunisien-fort\/#breadcrumb"},"inLanguage":"fr-FR","potentialAction":[{"@type":"ReadAction","target":["https:\/\/kapitalis.com\/tunisie\/2017\/03\/04\/merkel-leurope-veut-traiter-avec-un-gouvernement-tunisien-fort\/"]}]},{"@type":"ImageObject","inLanguage":"fr-FR","@id":"https:\/\/kapitalis.com\/tunisie\/2017\/03\/04\/merkel-leurope-veut-traiter-avec-un-gouvernement-tunisien-fort\/#primaryimage","url":"","contentUrl":""},{"@type":"BreadcrumbList","@id":"https:\/\/kapitalis.com\/tunisie\/2017\/03\/04\/merkel-leurope-veut-traiter-avec-un-gouvernement-tunisien-fort\/#breadcrumb","itemListElement":[{"@type":"ListItem","position":1,"name":"Accueil","item":"https:\/\/kapitalis.com\/tunisie\/"},{"@type":"ListItem","position":2,"name":"Merkel : \u00abL\u2019Europe veut traiter avec un gouvernement tunisien fort\u00bb"}]},{"@type":"WebSite","@id":"https:\/\/kapitalis.com\/tunisie\/#website","url":"https:\/\/kapitalis.com\/tunisie\/","name":"Kapitalis","description":"L&#039;actualit\u00e9 en Tunisie et dans le monde","publisher":{"@id":"https:\/\/kapitalis.com\/tunisie\/#organization"},"potentialAction":[{"@type":"SearchAction","target":{"@type":"EntryPoint","urlTemplate":"https:\/\/kapitalis.com\/tunisie\/?s={search_term_string}"},"query-input":{"@type":"PropertyValueSpecification","valueRequired":true,"valueName":"search_term_string"}}],"inLanguage":"fr-FR"},{"@type":"Organization","@id":"https:\/\/kapitalis.com\/tunisie\/#organization","name":"Kapitalis","url":"https:\/\/kapitalis.com\/tunisie\/","logo":{"@type":"ImageObject","inLanguage":"fr-FR","@id":"https:\/\/kapitalis.com\/tunisie\/#\/schema\/logo\/image\/","url":"https:\/\/kapitalis.com\/tunisie\/wp-content\/uploads\/2022\/05\/Kapitalis-big-size.png","contentUrl":"https:\/\/kapitalis.com\/tunisie\/wp-content\/uploads\/2022\/05\/Kapitalis-big-size.png","width":5000,"height":1500,"caption":"Kapitalis"},"image":{"@id":"https:\/\/kapitalis.com\/tunisie\/#\/schema\/logo\/image\/"},"sameAs":["https:\/\/www.facebook.com\/KapitalisInfo\/","https:\/\/x.com\/KapitalisInfo","https:\/\/www.youtube.com\/channel\/UC-yDYrHyfFBWWZaOw3FPg9Q"]},{"@type":"Person","@id":"https:\/\/kapitalis.com\/tunisie\/#\/schema\/person\/d71f33a9ca44f7bad4698210b480c8e9","name":"webmaster kapitalis","url":"https:\/\/kapitalis.com\/tunisie\/author\/webmaster-kapitalis\/"}]}},"_links":{"self":[{"href":"https:\/\/kapitalis.com\/tunisie\/wp-json\/wp\/v2\/posts\/85468","targetHints":{"allow":["GET"]}}],"collection":[{"href":"https:\/\/kapitalis.com\/tunisie\/wp-json\/wp\/v2\/posts"}],"about":[{"href":"https:\/\/kapitalis.com\/tunisie\/wp-json\/wp\/v2\/types\/post"}],"author":[{"embeddable":true,"href":"https:\/\/kapitalis.com\/tunisie\/wp-json\/wp\/v2\/users\/8"}],"replies":[{"embeddable":true,"href":"https:\/\/kapitalis.com\/tunisie\/wp-json\/wp\/v2\/comments?post=85468"}],"version-history":[{"count":0,"href":"https:\/\/kapitalis.com\/tunisie\/wp-json\/wp\/v2\/posts\/85468\/revisions"}],"wp:featuredmedia":[{"embeddable":true,"href":"https:\/\/kapitalis.com\/tunisie\/wp-json\/wp\/v2\/media\/85469"}],"wp:attachment":[{"href":"https:\/\/kapitalis.com\/tunisie\/wp-json\/wp\/v2\/media?parent=85468"}],"wp:term":[{"taxonomy":"category","embeddable":true,"href":"https:\/\/kapitalis.com\/tunisie\/wp-json\/wp\/v2\/categories?post=85468"},{"taxonomy":"post_tag","embeddable":true,"href":"https:\/\/kapitalis.com\/tunisie\/wp-json\/wp\/v2\/tags?post=85468"}],"curies":[{"name":"wp","href":"https:\/\/api.w.org\/{rel}","templated":true}]}}