{"id":85473,"date":"2017-03-04T09:03:50","date_gmt":"2017-03-04T08:03:50","guid":{"rendered":"http:\/\/kapitalis.com\/tunisie\/?p=85473"},"modified":"2017-03-04T09:07:43","modified_gmt":"2017-03-04T08:07:43","slug":"iyed-dahmani-une-enquete-sera-ouverte-sur-les-declarations-de-briki","status":"publish","type":"post","link":"https:\/\/kapitalis.com\/tunisie\/2017\/03\/04\/iyed-dahmani-une-enquete-sera-ouverte-sur-les-declarations-de-briki\/","title":{"rendered":"Iyed Dahmani : Une enqu\u00eate sera ouverte sur les d\u00e9clarations de Briki"},"content":{"rendered":"<p><img loading=\"lazy\" decoding=\"async\" class=\"alignnone size-full wp-image-85474 aligncenter\" src=\"http:\/\/kapitalis.com\/tunisie\/wp-content\/uploads\/2017\/03\/Iyed-Dahmani.jpg\" alt=\"\" width=\"626\" height=\"380\" \/><\/p>\n<p><em><strong>Une enqu\u00eate sera ouverte \u00e0 propos des d\u00e9clarations de l\u2019ex-ministre de la Fonction publique et de la Gouvernance Abid Briki.<\/strong><\/em><\/p>\n<p><!--more--><\/p>\n<p>C\u2019est ce qu\u2019a annonc\u00e9 le porte-parole du gouvernement, Iyed Dahmani, dans la soir\u00e9e du vendredi 3 mars 2017, dans un talk-show politique sur la premi\u00e8re cha\u00eene de t\u00e9l\u00e9vision nationale Wataniya 1. L\u2019enqu\u00eate portera notamment sur la personnalit\u00e9 politique tunisienne qui aurait re\u00e7u r\u00e9cemment d\u2019une partie \u00e9trang\u00e8re un montant de 12 millions dollars, a pr\u00e9cis\u00e9 M. Dahmani, en affirmant que le chef du gouvernement n\u2019a pas encore eu connaissance de cette affaire \u00e9voqu\u00e9e, hier, lors d\u2019une conf\u00e9rence de presse, par l\u2019ex-ministre de la Fonction publique et de la Gouvernance.<\/p>\n<p>Concernant les recrutements effectu\u00e9s dans la fonction publique sur instructions du pr\u00e9sident de la r\u00e9publique et du chef du gouvernement, Dahmani a indiqu\u00e9 que ces recrutements, effectu\u00e9s en dehors des proc\u00e9dures habituelles des concours, concernent les victimes des \u00e9v\u00e9nements de Siliana, en d\u00e9cembre 2012, et des membres des familles des marins noy\u00e9s, il y a quelques semaines, au large de Mahdia.<\/p>\n<p>Quant \u00e0 la d\u00e9signation aux hauts postes de la fonction publique, Dahmani a pr\u00e9cis\u00e9 que la nomination des ministres, des pr\u00e9sidents directeurs g\u00e9n\u00e9raux et des directeurs g\u00e9n\u00e9raux n\u2019est pas r\u00e9gie par le r\u00e9gime des concours mais se base sur les crit\u00e8res de comp\u00e9tence et d\u2019exp\u00e9rience. Et cela a \u00e9t\u00e9 de tout temps ainsi.<\/p>\n<p>Le porte-parole du gouvernement\u00a0a, par ailleurs, d\u00e9menti la d\u00e9claration du ministre\u00a0Briki sur l\u2019incapacit\u00e9 de l\u2019Etat de recouvrir ses cr\u00e9ances aupr\u00e8s des redevables d\u2019imp\u00f4ts, pr\u00e9cisant que le volume du recouvrement des cr\u00e9ances a grimp\u00e9 en janvier 2017 \u00e0 1.709 millions de dinars tunisiens (MDT), contre 1.600 MDT pour la m\u00eame p\u00e9riode en 2016.<\/p>\n<p>Il est \u00e0 rappeler qu\u2019Abid Briki a tenu, vendredi matin, une conf\u00e9rence de presse au cours de laquelle il a expliqu\u00e9 les raisons du diff\u00e9rend qui l\u2019a oppos\u00e9 au chef du gouvernement Youssef Chahed et qui auraient, selon lui, justifi\u00e9 son limogeage.<\/p>\n<p style=\"text-align: right;\"><strong>Abderrazek Krimi<\/strong><\/p>\n","protected":false},"excerpt":{"rendered":"<p>Une enqu\u00eate sera ouverte \u00e0 propos des d\u00e9clarations de l\u2019ex-ministre de la Fonction publique et de la Gouvernance Abid Briki.<\/p>\n","protected":false},"author":8,"featured_media":85474,"comment_status":"open","ping_status":"open","sticky":false,"template":"","format":"standard","meta":{"footnotes":""},"categories":[997,2433],"tags":[13802,1194,17936,8005],"class_list":["post-85473","post","type-post","status-publish","format-standard","has-post-thumbnail","hentry","category-politique","category-tunisie","tag-abid-briki","tag-fonction-publique","tag-iyed-dahmani","tag-recrutements"],"yoast_head":"<!-- This site is optimized with the Yoast SEO plugin v26.6 - https:\/\/yoast.com\/wordpress\/plugins\/seo\/ -->\n<title>Iyed Dahmani : Une enqu\u00eate sera ouverte sur les d\u00e9clarations de Briki - Kapitalis<\/title>\n<meta name=\"robots\" content=\"index, follow, max-snippet:-1, max-image-preview:large, max-video-preview:-1\" \/>\n<link rel=\"canonical\" href=\"https:\/\/kapitalis.com\/tunisie\/2017\/03\/04\/iyed-dahmani-une-enquete-sera-ouverte-sur-les-declarations-de-briki\/\" \/>\n<meta property=\"og:locale\" content=\"fr_FR\" \/>\n<meta property=\"og:type\" content=\"article\" \/>\n<meta property=\"og:title\" content=\"Iyed Dahmani : Une enqu\u00eate sera ouverte sur les d\u00e9clarations de Briki - Kapitalis\" \/>\n<meta property=\"og:description\" content=\"Une enqu\u00eate sera ouverte \u00e0 propos des d\u00e9clarations de l\u2019ex-ministre de la Fonction publique et de la Gouvernance Abid Briki.\" \/>\n<meta property=\"og:url\" content=\"https:\/\/kapitalis.com\/tunisie\/2017\/03\/04\/iyed-dahmani-une-enquete-sera-ouverte-sur-les-declarations-de-briki\/\" \/>\n<meta property=\"og:site_name\" content=\"Kapitalis\" \/>\n<meta property=\"article:publisher\" content=\"https:\/\/www.facebook.com\/KapitalisInfo\/\" \/>\n<meta property=\"article:published_time\" content=\"2017-03-04T08:03:50+00:00\" \/>\n<meta property=\"article:modified_time\" content=\"2017-03-04T08:07:43+00:00\" \/>\n<meta property=\"og:image\" content=\"https:\/\/kapitalis.com\/tunisie\/wp-content\/uploads\/2022\/05\/kapitalis-logo-fb.png\" \/>\n\t<meta property=\"og:image:width\" content=\"1200\" \/>\n\t<meta property=\"og:image:height\" content=\"630\" \/>\n\t<meta property=\"og:image:type\" content=\"image\/png\" \/>\n<meta name=\"author\" content=\"webmaster kapitalis\" \/>\n<meta name=\"twitter:card\" content=\"summary_large_image\" \/>\n<meta name=\"twitter:creator\" content=\"@KapitalisInfo\" \/>\n<meta name=\"twitter:site\" content=\"@KapitalisInfo\" \/>\n<meta name=\"twitter:label1\" content=\"\u00c9crit par\" \/>\n\t<meta name=\"twitter:data1\" content=\"webmaster kapitalis\" \/>\n\t<meta name=\"twitter:label2\" content=\"Dur\u00e9e de lecture estim\u00e9e\" \/>\n\t<meta name=\"twitter:data2\" content=\"2 minutes\" \/>\n<script type=\"application\/ld+json\" class=\"yoast-schema-graph\">{\"@context\":\"https:\/\/schema.org\",\"@graph\":[{\"@type\":\"Article\",\"@id\":\"https:\/\/kapitalis.com\/tunisie\/2017\/03\/04\/iyed-dahmani-une-enquete-sera-ouverte-sur-les-declarations-de-briki\/#article\",\"isPartOf\":{\"@id\":\"https:\/\/kapitalis.com\/tunisie\/2017\/03\/04\/iyed-dahmani-une-enquete-sera-ouverte-sur-les-declarations-de-briki\/\"},\"author\":{\"name\":\"webmaster kapitalis\",\"@id\":\"https:\/\/kapitalis.com\/tunisie\/#\/schema\/person\/d71f33a9ca44f7bad4698210b480c8e9\"},\"headline\":\"Iyed Dahmani : Une enqu\u00eate sera ouverte sur les d\u00e9clarations de Briki\",\"datePublished\":\"2017-03-04T08:03:50+00:00\",\"dateModified\":\"2017-03-04T08:07:43+00:00\",\"mainEntityOfPage\":{\"@id\":\"https:\/\/kapitalis.com\/tunisie\/2017\/03\/04\/iyed-dahmani-une-enquete-sera-ouverte-sur-les-declarations-de-briki\/\"},\"wordCount\":380,\"commentCount\":4,\"publisher\":{\"@id\":\"https:\/\/kapitalis.com\/tunisie\/#organization\"},\"image\":{\"@id\":\"https:\/\/kapitalis.com\/tunisie\/2017\/03\/04\/iyed-dahmani-une-enquete-sera-ouverte-sur-les-declarations-de-briki\/#primaryimage\"},\"thumbnailUrl\":\"\",\"keywords\":[\"Abid Briki\",\"fonction publique\",\"Iyed Dahmani\",\"recrutements\"],\"articleSection\":[\"POLITIQUE\",\"Tunisie\"],\"inLanguage\":\"fr-FR\",\"potentialAction\":[{\"@type\":\"CommentAction\",\"name\":\"Comment\",\"target\":[\"https:\/\/kapitalis.com\/tunisie\/2017\/03\/04\/iyed-dahmani-une-enquete-sera-ouverte-sur-les-declarations-de-briki\/#respond\"]}]},{\"@type\":\"WebPage\",\"@id\":\"https:\/\/kapitalis.com\/tunisie\/2017\/03\/04\/iyed-dahmani-une-enquete-sera-ouverte-sur-les-declarations-de-briki\/\",\"url\":\"https:\/\/kapitalis.com\/tunisie\/2017\/03\/04\/iyed-dahmani-une-enquete-sera-ouverte-sur-les-declarations-de-briki\/\",\"name\":\"Iyed Dahmani : Une enqu\u00eate sera ouverte sur les d\u00e9clarations de Briki - Kapitalis\",\"isPartOf\":{\"@id\":\"https:\/\/kapitalis.com\/tunisie\/#website\"},\"primaryImageOfPage\":{\"@id\":\"https:\/\/kapitalis.com\/tunisie\/2017\/03\/04\/iyed-dahmani-une-enquete-sera-ouverte-sur-les-declarations-de-briki\/#primaryimage\"},\"image\":{\"@id\":\"https:\/\/kapitalis.com\/tunisie\/2017\/03\/04\/iyed-dahmani-une-enquete-sera-ouverte-sur-les-declarations-de-briki\/#primaryimage\"},\"thumbnailUrl\":\"\",\"datePublished\":\"2017-03-04T08:03:50+00:00\",\"dateModified\":\"2017-03-04T08:07:43+00:00\",\"breadcrumb\":{\"@id\":\"https:\/\/kapitalis.com\/tunisie\/2017\/03\/04\/iyed-dahmani-une-enquete-sera-ouverte-sur-les-declarations-de-briki\/#breadcrumb\"},\"inLanguage\":\"fr-FR\",\"potentialAction\":[{\"@type\":\"ReadAction\",\"target\":[\"https:\/\/kapitalis.com\/tunisie\/2017\/03\/04\/iyed-dahmani-une-enquete-sera-ouverte-sur-les-declarations-de-briki\/\"]}]},{\"@type\":\"ImageObject\",\"inLanguage\":\"fr-FR\",\"@id\":\"https:\/\/kapitalis.com\/tunisie\/2017\/03\/04\/iyed-dahmani-une-enquete-sera-ouverte-sur-les-declarations-de-briki\/#primaryimage\",\"url\":\"\",\"contentUrl\":\"\"},{\"@type\":\"BreadcrumbList\",\"@id\":\"https:\/\/kapitalis.com\/tunisie\/2017\/03\/04\/iyed-dahmani-une-enquete-sera-ouverte-sur-les-declarations-de-briki\/#breadcrumb\",\"itemListElement\":[{\"@type\":\"ListItem\",\"position\":1,\"name\":\"Accueil\",\"item\":\"https:\/\/kapitalis.com\/tunisie\/\"},{\"@type\":\"ListItem\",\"position\":2,\"name\":\"Iyed Dahmani : Une enqu\u00eate sera ouverte sur les d\u00e9clarations de Briki\"}]},{\"@type\":\"WebSite\",\"@id\":\"https:\/\/kapitalis.com\/tunisie\/#website\",\"url\":\"https:\/\/kapitalis.com\/tunisie\/\",\"name\":\"Kapitalis\",\"description\":\"L&#039;actualit\u00e9 en Tunisie et dans le monde\",\"publisher\":{\"@id\":\"https:\/\/kapitalis.com\/tunisie\/#organization\"},\"potentialAction\":[{\"@type\":\"SearchAction\",\"target\":{\"@type\":\"EntryPoint\",\"urlTemplate\":\"https:\/\/kapitalis.com\/tunisie\/?s={search_term_string}\"},\"query-input\":{\"@type\":\"PropertyValueSpecification\",\"valueRequired\":true,\"valueName\":\"search_term_string\"}}],\"inLanguage\":\"fr-FR\"},{\"@type\":\"Organization\",\"@id\":\"https:\/\/kapitalis.com\/tunisie\/#organization\",\"name\":\"Kapitalis\",\"url\":\"https:\/\/kapitalis.com\/tunisie\/\",\"logo\":{\"@type\":\"ImageObject\",\"inLanguage\":\"fr-FR\",\"@id\":\"https:\/\/kapitalis.com\/tunisie\/#\/schema\/logo\/image\/\",\"url\":\"https:\/\/kapitalis.com\/tunisie\/wp-content\/uploads\/2022\/05\/Kapitalis-big-size.png\",\"contentUrl\":\"https:\/\/kapitalis.com\/tunisie\/wp-content\/uploads\/2022\/05\/Kapitalis-big-size.png\",\"width\":5000,\"height\":1500,\"caption\":\"Kapitalis\"},\"image\":{\"@id\":\"https:\/\/kapitalis.com\/tunisie\/#\/schema\/logo\/image\/\"},\"sameAs\":[\"https:\/\/www.facebook.com\/KapitalisInfo\/\",\"https:\/\/x.com\/KapitalisInfo\",\"https:\/\/www.youtube.com\/channel\/UC-yDYrHyfFBWWZaOw3FPg9Q\"]},{\"@type\":\"Person\",\"@id\":\"https:\/\/kapitalis.com\/tunisie\/#\/schema\/person\/d71f33a9ca44f7bad4698210b480c8e9\",\"name\":\"webmaster kapitalis\",\"url\":\"https:\/\/kapitalis.com\/tunisie\/author\/webmaster-kapitalis\/\"}]}<\/script>\n<!-- \/ Yoast SEO plugin. -->","yoast_head_json":{"title":"Iyed Dahmani : Une enqu\u00eate sera ouverte sur les d\u00e9clarations de Briki - Kapitalis","robots":{"index":"index","follow":"follow","max-snippet":"max-snippet:-1","max-image-preview":"max-image-preview:large","max-video-preview":"max-video-preview:-1"},"canonical":"https:\/\/kapitalis.com\/tunisie\/2017\/03\/04\/iyed-dahmani-une-enquete-sera-ouverte-sur-les-declarations-de-briki\/","og_locale":"fr_FR","og_type":"article","og_title":"Iyed Dahmani : Une enqu\u00eate sera ouverte sur les d\u00e9clarations de Briki - Kapitalis","og_description":"Une enqu\u00eate sera ouverte \u00e0 propos des d\u00e9clarations de l\u2019ex-ministre de la Fonction publique et de la Gouvernance Abid Briki.","og_url":"https:\/\/kapitalis.com\/tunisie\/2017\/03\/04\/iyed-dahmani-une-enquete-sera-ouverte-sur-les-declarations-de-briki\/","og_site_name":"Kapitalis","article_publisher":"https:\/\/www.facebook.com\/KapitalisInfo\/","article_published_time":"2017-03-04T08:03:50+00:00","article_modified_time":"2017-03-04T08:07:43+00:00","og_image":[{"width":1200,"height":630,"url":"https:\/\/kapitalis.com\/tunisie\/wp-content\/uploads\/2022\/05\/kapitalis-logo-fb.png","type":"image\/png"}],"author":"webmaster kapitalis","twitter_card":"summary_large_image","twitter_creator":"@KapitalisInfo","twitter_site":"@KapitalisInfo","twitter_misc":{"\u00c9crit par":"webmaster kapitalis","Dur\u00e9e de lecture estim\u00e9e":"2 minutes"},"schema":{"@context":"https:\/\/schema.org","@graph":[{"@type":"Article","@id":"https:\/\/kapitalis.com\/tunisie\/2017\/03\/04\/iyed-dahmani-une-enquete-sera-ouverte-sur-les-declarations-de-briki\/#article","isPartOf":{"@id":"https:\/\/kapitalis.com\/tunisie\/2017\/03\/04\/iyed-dahmani-une-enquete-sera-ouverte-sur-les-declarations-de-briki\/"},"author":{"name":"webmaster kapitalis","@id":"https:\/\/kapitalis.com\/tunisie\/#\/schema\/person\/d71f33a9ca44f7bad4698210b480c8e9"},"headline":"Iyed Dahmani : Une enqu\u00eate sera ouverte sur les d\u00e9clarations de Briki","datePublished":"2017-03-04T08:03:50+00:00","dateModified":"2017-03-04T08:07:43+00:00","mainEntityOfPage":{"@id":"https:\/\/kapitalis.com\/tunisie\/2017\/03\/04\/iyed-dahmani-une-enquete-sera-ouverte-sur-les-declarations-de-briki\/"},"wordCount":380,"commentCount":4,"publisher":{"@id":"https:\/\/kapitalis.com\/tunisie\/#organization"},"image":{"@id":"https:\/\/kapitalis.com\/tunisie\/2017\/03\/04\/iyed-dahmani-une-enquete-sera-ouverte-sur-les-declarations-de-briki\/#primaryimage"},"thumbnailUrl":"","keywords":["Abid Briki","fonction publique","Iyed Dahmani","recrutements"],"articleSection":["POLITIQUE","Tunisie"],"inLanguage":"fr-FR","potentialAction":[{"@type":"CommentAction","name":"Comment","target":["https:\/\/kapitalis.com\/tunisie\/2017\/03\/04\/iyed-dahmani-une-enquete-sera-ouverte-sur-les-declarations-de-briki\/#respond"]}]},{"@type":"WebPage","@id":"https:\/\/kapitalis.com\/tunisie\/2017\/03\/04\/iyed-dahmani-une-enquete-sera-ouverte-sur-les-declarations-de-briki\/","url":"https:\/\/kapitalis.com\/tunisie\/2017\/03\/04\/iyed-dahmani-une-enquete-sera-ouverte-sur-les-declarations-de-briki\/","name":"Iyed Dahmani : Une enqu\u00eate sera ouverte sur les d\u00e9clarations de Briki - Kapitalis","isPartOf":{"@id":"https:\/\/kapitalis.com\/tunisie\/#website"},"primaryImageOfPage":{"@id":"https:\/\/kapitalis.com\/tunisie\/2017\/03\/04\/iyed-dahmani-une-enquete-sera-ouverte-sur-les-declarations-de-briki\/#primaryimage"},"image":{"@id":"https:\/\/kapitalis.com\/tunisie\/2017\/03\/04\/iyed-dahmani-une-enquete-sera-ouverte-sur-les-declarations-de-briki\/#primaryimage"},"thumbnailUrl":"","datePublished":"2017-03-04T08:03:50+00:00","dateModified":"2017-03-04T08:07:43+00:00","breadcrumb":{"@id":"https:\/\/kapitalis.com\/tunisie\/2017\/03\/04\/iyed-dahmani-une-enquete-sera-ouverte-sur-les-declarations-de-briki\/#breadcrumb"},"inLanguage":"fr-FR","potentialAction":[{"@type":"ReadAction","target":["https:\/\/kapitalis.com\/tunisie\/2017\/03\/04\/iyed-dahmani-une-enquete-sera-ouverte-sur-les-declarations-de-briki\/"]}]},{"@type":"ImageObject","inLanguage":"fr-FR","@id":"https:\/\/kapitalis.com\/tunisie\/2017\/03\/04\/iyed-dahmani-une-enquete-sera-ouverte-sur-les-declarations-de-briki\/#primaryimage","url":"","contentUrl":""},{"@type":"BreadcrumbList","@id":"https:\/\/kapitalis.com\/tunisie\/2017\/03\/04\/iyed-dahmani-une-enquete-sera-ouverte-sur-les-declarations-de-briki\/#breadcrumb","itemListElement":[{"@type":"ListItem","position":1,"name":"Accueil","item":"https:\/\/kapitalis.com\/tunisie\/"},{"@type":"ListItem","position":2,"name":"Iyed Dahmani : Une enqu\u00eate sera ouverte sur les d\u00e9clarations de Briki"}]},{"@type":"WebSite","@id":"https:\/\/kapitalis.com\/tunisie\/#website","url":"https:\/\/kapitalis.com\/tunisie\/","name":"Kapitalis","description":"L&#039;actualit\u00e9 en Tunisie et dans le monde","publisher":{"@id":"https:\/\/kapitalis.com\/tunisie\/#organization"},"potentialAction":[{"@type":"SearchAction","target":{"@type":"EntryPoint","urlTemplate":"https:\/\/kapitalis.com\/tunisie\/?s={search_term_string}"},"query-input":{"@type":"PropertyValueSpecification","valueRequired":true,"valueName":"search_term_string"}}],"inLanguage":"fr-FR"},{"@type":"Organization","@id":"https:\/\/kapitalis.com\/tunisie\/#organization","name":"Kapitalis","url":"https:\/\/kapitalis.com\/tunisie\/","logo":{"@type":"ImageObject","inLanguage":"fr-FR","@id":"https:\/\/kapitalis.com\/tunisie\/#\/schema\/logo\/image\/","url":"https:\/\/kapitalis.com\/tunisie\/wp-content\/uploads\/2022\/05\/Kapitalis-big-size.png","contentUrl":"https:\/\/kapitalis.com\/tunisie\/wp-content\/uploads\/2022\/05\/Kapitalis-big-size.png","width":5000,"height":1500,"caption":"Kapitalis"},"image":{"@id":"https:\/\/kapitalis.com\/tunisie\/#\/schema\/logo\/image\/"},"sameAs":["https:\/\/www.facebook.com\/KapitalisInfo\/","https:\/\/x.com\/KapitalisInfo","https:\/\/www.youtube.com\/channel\/UC-yDYrHyfFBWWZaOw3FPg9Q"]},{"@type":"Person","@id":"https:\/\/kapitalis.com\/tunisie\/#\/schema\/person\/d71f33a9ca44f7bad4698210b480c8e9","name":"webmaster kapitalis","url":"https:\/\/kapitalis.com\/tunisie\/author\/webmaster-kapitalis\/"}]}},"_links":{"self":[{"href":"https:\/\/kapitalis.com\/tunisie\/wp-json\/wp\/v2\/posts\/85473","targetHints":{"allow":["GET"]}}],"collection":[{"href":"https:\/\/kapitalis.com\/tunisie\/wp-json\/wp\/v2\/posts"}],"about":[{"href":"https:\/\/kapitalis.com\/tunisie\/wp-json\/wp\/v2\/types\/post"}],"author":[{"embeddable":true,"href":"https:\/\/kapitalis.com\/tunisie\/wp-json\/wp\/v2\/users\/8"}],"replies":[{"embeddable":true,"href":"https:\/\/kapitalis.com\/tunisie\/wp-json\/wp\/v2\/comments?post=85473"}],"version-history":[{"count":0,"href":"https:\/\/kapitalis.com\/tunisie\/wp-json\/wp\/v2\/posts\/85473\/revisions"}],"wp:featuredmedia":[{"embeddable":true,"href":"https:\/\/kapitalis.com\/tunisie\/wp-json\/wp\/v2\/media\/85474"}],"wp:attachment":[{"href":"https:\/\/kapitalis.com\/tunisie\/wp-json\/wp\/v2\/media?parent=85473"}],"wp:term":[{"taxonomy":"category","embeddable":true,"href":"https:\/\/kapitalis.com\/tunisie\/wp-json\/wp\/v2\/categories?post=85473"},{"taxonomy":"post_tag","embeddable":true,"href":"https:\/\/kapitalis.com\/tunisie\/wp-json\/wp\/v2\/tags?post=85473"}],"curies":[{"name":"wp","href":"https:\/\/api.w.org\/{rel}","templated":true}]}}