{"id":8554125,"date":"2023-06-26T10:00:05","date_gmt":"2023-06-26T09:00:05","guid":{"rendered":"https:\/\/kapitalis.com\/tunisie\/?p=8554125"},"modified":"2023-06-26T10:00:07","modified_gmt":"2023-06-26T09:00:07","slug":"la-piece-de-theatre-tunisienne-chawk-primee-au-festival-international-du-theatre-libre-de-jordanie","status":"publish","type":"post","link":"https:\/\/kapitalis.com\/tunisie\/2023\/06\/26\/la-piece-de-theatre-tunisienne-chawk-primee-au-festival-international-du-theatre-libre-de-jordanie\/","title":{"rendered":"La pi\u00e8ce de th\u00e9\u00e2tre tunisienne \u00ab\u00a0Chawk\u00a0\u00bb prim\u00e9e au Festival international du Th\u00e9\u00e2tre libre de Jordanie"},"content":{"rendered":"\n<p><em><strong>\u00ab\u00a0Chawk\u00a0\u00bb de Hatem Derbel vient de remporter le prix d\u2019or du Festival international du Th\u00e9\u00e2tre libre de Jordanie.<\/strong><\/em><\/p>\n\n\n\n<!--more-->\n\n\n\n<p>\u00ab\u00a0<em>Chawk<\/em>\u00a0\u00bb, derni\u00e8re cr\u00e9ation th\u00e9\u00e2trale du metteur en sc\u00e8ne, dramaturge et ancien directeur des Journ\u00e9es th\u00e9\u00e2trales de Carthage (JTC) Hatem Derbel, vient d\u2019\u00eatre distingu\u00e9e \u00e0 la 18<sup>e<\/sup> \u00e9dition du Festival international du Th\u00e9\u00e2tre libre de Jordanie, o\u00f9 elle a remport\u00e9 le prix d\u2019or de la meilleure \u0153uvre, ainsi que le prix de la meilleure mise en sc\u00e8ne.<\/p>\n\n\n\n<p>\u00ab\u00a0<em>Chawk<\/em>\u00a0\u00bb sera pr\u00e9sent\u00e9e le 27 juillet dans le cadre de la programmation du Festival international de Hammamet. Elle est interpr\u00e9t\u00e9e par Emel Ferji, Nedra Toumi, Meriem Ben Hassen, Abdelmonom Chouyette, Hamadi Bjaoui.<\/p>\n\n\n\n<p class=\"has-text-align-right\"><strong>F.B<\/strong><\/p>\n","protected":false},"excerpt":{"rendered":"<p>\u00ab\u00a0Chawk\u00a0\u00bb de Hatem Derbel vient de remporter le prix d\u2019or du Festival international du Th\u00e9\u00e2tre libre de Jordanie.<\/p>\n","protected":false},"author":26,"featured_media":8554396,"comment_status":"open","ping_status":"open","sticky":false,"template":"","format":"standard","meta":{"footnotes":""},"categories":[994,2433],"tags":[109546,109547,68154,76231,62643],"class_list":["post-8554125","post","type-post","status-publish","format-standard","has-post-thumbnail","hentry","category-culture","category-tunisie","tag-chawk","tag-festival-du-theatre-libre-de-jordanie","tag-hatem-derbel","tag-theatre-tunisien","tag-tunisie"],"yoast_head":"<!-- This site is optimized with the Yoast SEO plugin v26.6 - https:\/\/yoast.com\/wordpress\/plugins\/seo\/ -->\n<title>La pi\u00e8ce de th\u00e9\u00e2tre tunisienne \u00ab\u00a0Chawk\u00a0\u00bb prim\u00e9e au Festival international du Th\u00e9\u00e2tre libre de Jordanie - Kapitalis<\/title>\n<meta name=\"robots\" content=\"index, follow, max-snippet:-1, max-image-preview:large, max-video-preview:-1\" \/>\n<link rel=\"canonical\" href=\"https:\/\/kapitalis.com\/tunisie\/2023\/06\/26\/la-piece-de-theatre-tunisienne-chawk-primee-au-festival-international-du-theatre-libre-de-jordanie\/\" \/>\n<meta property=\"og:locale\" content=\"fr_FR\" \/>\n<meta property=\"og:type\" content=\"article\" \/>\n<meta property=\"og:title\" content=\"La pi\u00e8ce de th\u00e9\u00e2tre tunisienne \u00ab\u00a0Chawk\u00a0\u00bb prim\u00e9e au Festival international du Th\u00e9\u00e2tre libre de Jordanie - Kapitalis\" \/>\n<meta property=\"og:description\" content=\"\u00ab\u00a0Chawk\u00a0\u00bb de Hatem Derbel vient de remporter le prix d\u2019or du Festival international du Th\u00e9\u00e2tre libre de Jordanie.\" \/>\n<meta property=\"og:url\" content=\"https:\/\/kapitalis.com\/tunisie\/2023\/06\/26\/la-piece-de-theatre-tunisienne-chawk-primee-au-festival-international-du-theatre-libre-de-jordanie\/\" \/>\n<meta property=\"og:site_name\" content=\"Kapitalis\" \/>\n<meta property=\"article:publisher\" content=\"https:\/\/www.facebook.com\/KapitalisInfo\/\" \/>\n<meta property=\"article:published_time\" content=\"2023-06-26T09:00:05+00:00\" \/>\n<meta property=\"article:modified_time\" content=\"2023-06-26T09:00:07+00:00\" \/>\n<meta property=\"og:image\" content=\"https:\/\/kapitalis.com\/tunisie\/wp-content\/uploads\/2023\/06\/Chawk-hatem-Derbel-_-Festival-Jordanie.jpg\" \/>\n\t<meta property=\"og:image:width\" content=\"1200\" \/>\n\t<meta property=\"og:image:height\" content=\"630\" \/>\n\t<meta property=\"og:image:type\" content=\"image\/jpeg\" \/>\n<meta name=\"author\" content=\"Fawz BenAli\" \/>\n<meta name=\"twitter:card\" content=\"summary_large_image\" \/>\n<meta name=\"twitter:creator\" content=\"@KapitalisInfo\" \/>\n<meta name=\"twitter:site\" content=\"@KapitalisInfo\" \/>\n<meta name=\"twitter:label1\" content=\"\u00c9crit par\" \/>\n\t<meta name=\"twitter:data1\" content=\"Fawz BenAli\" \/>\n\t<meta name=\"twitter:label2\" content=\"Dur\u00e9e de lecture estim\u00e9e\" \/>\n\t<meta name=\"twitter:data2\" content=\"1 minute\" \/>\n<script type=\"application\/ld+json\" class=\"yoast-schema-graph\">{\"@context\":\"https:\/\/schema.org\",\"@graph\":[{\"@type\":\"Article\",\"@id\":\"https:\/\/kapitalis.com\/tunisie\/2023\/06\/26\/la-piece-de-theatre-tunisienne-chawk-primee-au-festival-international-du-theatre-libre-de-jordanie\/#article\",\"isPartOf\":{\"@id\":\"https:\/\/kapitalis.com\/tunisie\/2023\/06\/26\/la-piece-de-theatre-tunisienne-chawk-primee-au-festival-international-du-theatre-libre-de-jordanie\/\"},\"author\":{\"name\":\"Fawz BenAli\",\"@id\":\"https:\/\/kapitalis.com\/tunisie\/#\/schema\/person\/73a5ecc1f6ae540c6ed91342eadca948\"},\"headline\":\"La pi\u00e8ce de th\u00e9\u00e2tre tunisienne \u00ab\u00a0Chawk\u00a0\u00bb prim\u00e9e au Festival international du Th\u00e9\u00e2tre libre de Jordanie\",\"datePublished\":\"2023-06-26T09:00:05+00:00\",\"dateModified\":\"2023-06-26T09:00:07+00:00\",\"mainEntityOfPage\":{\"@id\":\"https:\/\/kapitalis.com\/tunisie\/2023\/06\/26\/la-piece-de-theatre-tunisienne-chawk-primee-au-festival-international-du-theatre-libre-de-jordanie\/\"},\"wordCount\":142,\"commentCount\":0,\"publisher\":{\"@id\":\"https:\/\/kapitalis.com\/tunisie\/#organization\"},\"image\":{\"@id\":\"https:\/\/kapitalis.com\/tunisie\/2023\/06\/26\/la-piece-de-theatre-tunisienne-chawk-primee-au-festival-international-du-theatre-libre-de-jordanie\/#primaryimage\"},\"thumbnailUrl\":\"https:\/\/kapitalis.com\/tunisie\/wp-content\/uploads\/2023\/06\/Chawk-hatem-Derbel-_-Festival-Jordanie.jpg\",\"keywords\":[\"Chawk\",\"Festival du Th\u00e9\u00e2tre libre de Jordanie\",\"Hatem Derbel\",\"th\u00e9\u00e2tre tunisien\",\"Tunisie\"],\"articleSection\":[\"CULTURE\",\"Tunisie\"],\"inLanguage\":\"fr-FR\",\"potentialAction\":[{\"@type\":\"CommentAction\",\"name\":\"Comment\",\"target\":[\"https:\/\/kapitalis.com\/tunisie\/2023\/06\/26\/la-piece-de-theatre-tunisienne-chawk-primee-au-festival-international-du-theatre-libre-de-jordanie\/#respond\"]}]},{\"@type\":\"WebPage\",\"@id\":\"https:\/\/kapitalis.com\/tunisie\/2023\/06\/26\/la-piece-de-theatre-tunisienne-chawk-primee-au-festival-international-du-theatre-libre-de-jordanie\/\",\"url\":\"https:\/\/kapitalis.com\/tunisie\/2023\/06\/26\/la-piece-de-theatre-tunisienne-chawk-primee-au-festival-international-du-theatre-libre-de-jordanie\/\",\"name\":\"La pi\u00e8ce de th\u00e9\u00e2tre tunisienne \u00ab\u00a0Chawk\u00a0\u00bb prim\u00e9e au Festival international du Th\u00e9\u00e2tre libre de Jordanie - Kapitalis\",\"isPartOf\":{\"@id\":\"https:\/\/kapitalis.com\/tunisie\/#website\"},\"primaryImageOfPage\":{\"@id\":\"https:\/\/kapitalis.com\/tunisie\/2023\/06\/26\/la-piece-de-theatre-tunisienne-chawk-primee-au-festival-international-du-theatre-libre-de-jordanie\/#primaryimage\"},\"image\":{\"@id\":\"https:\/\/kapitalis.com\/tunisie\/2023\/06\/26\/la-piece-de-theatre-tunisienne-chawk-primee-au-festival-international-du-theatre-libre-de-jordanie\/#primaryimage\"},\"thumbnailUrl\":\"https:\/\/kapitalis.com\/tunisie\/wp-content\/uploads\/2023\/06\/Chawk-hatem-Derbel-_-Festival-Jordanie.jpg\",\"datePublished\":\"2023-06-26T09:00:05+00:00\",\"dateModified\":\"2023-06-26T09:00:07+00:00\",\"breadcrumb\":{\"@id\":\"https:\/\/kapitalis.com\/tunisie\/2023\/06\/26\/la-piece-de-theatre-tunisienne-chawk-primee-au-festival-international-du-theatre-libre-de-jordanie\/#breadcrumb\"},\"inLanguage\":\"fr-FR\",\"potentialAction\":[{\"@type\":\"ReadAction\",\"target\":[\"https:\/\/kapitalis.com\/tunisie\/2023\/06\/26\/la-piece-de-theatre-tunisienne-chawk-primee-au-festival-international-du-theatre-libre-de-jordanie\/\"]}]},{\"@type\":\"ImageObject\",\"inLanguage\":\"fr-FR\",\"@id\":\"https:\/\/kapitalis.com\/tunisie\/2023\/06\/26\/la-piece-de-theatre-tunisienne-chawk-primee-au-festival-international-du-theatre-libre-de-jordanie\/#primaryimage\",\"url\":\"https:\/\/kapitalis.com\/tunisie\/wp-content\/uploads\/2023\/06\/Chawk-hatem-Derbel-_-Festival-Jordanie.jpg\",\"contentUrl\":\"https:\/\/kapitalis.com\/tunisie\/wp-content\/uploads\/2023\/06\/Chawk-hatem-Derbel-_-Festival-Jordanie.jpg\",\"width\":1200,\"height\":630},{\"@type\":\"BreadcrumbList\",\"@id\":\"https:\/\/kapitalis.com\/tunisie\/2023\/06\/26\/la-piece-de-theatre-tunisienne-chawk-primee-au-festival-international-du-theatre-libre-de-jordanie\/#breadcrumb\",\"itemListElement\":[{\"@type\":\"ListItem\",\"position\":1,\"name\":\"Accueil\",\"item\":\"https:\/\/kapitalis.com\/tunisie\/\"},{\"@type\":\"ListItem\",\"position\":2,\"name\":\"La pi\u00e8ce de th\u00e9\u00e2tre tunisienne \u00ab\u00a0Chawk\u00a0\u00bb prim\u00e9e au Festival international du Th\u00e9\u00e2tre libre de Jordanie\"}]},{\"@type\":\"WebSite\",\"@id\":\"https:\/\/kapitalis.com\/tunisie\/#website\",\"url\":\"https:\/\/kapitalis.com\/tunisie\/\",\"name\":\"Kapitalis\",\"description\":\"L&#039;actualit\u00e9 en Tunisie et dans le monde\",\"publisher\":{\"@id\":\"https:\/\/kapitalis.com\/tunisie\/#organization\"},\"potentialAction\":[{\"@type\":\"SearchAction\",\"target\":{\"@type\":\"EntryPoint\",\"urlTemplate\":\"https:\/\/kapitalis.com\/tunisie\/?s={search_term_string}\"},\"query-input\":{\"@type\":\"PropertyValueSpecification\",\"valueRequired\":true,\"valueName\":\"search_term_string\"}}],\"inLanguage\":\"fr-FR\"},{\"@type\":\"Organization\",\"@id\":\"https:\/\/kapitalis.com\/tunisie\/#organization\",\"name\":\"Kapitalis\",\"url\":\"https:\/\/kapitalis.com\/tunisie\/\",\"logo\":{\"@type\":\"ImageObject\",\"inLanguage\":\"fr-FR\",\"@id\":\"https:\/\/kapitalis.com\/tunisie\/#\/schema\/logo\/image\/\",\"url\":\"https:\/\/kapitalis.com\/tunisie\/wp-content\/uploads\/2022\/05\/Kapitalis-big-size.png\",\"contentUrl\":\"https:\/\/kapitalis.com\/tunisie\/wp-content\/uploads\/2022\/05\/Kapitalis-big-size.png\",\"width\":5000,\"height\":1500,\"caption\":\"Kapitalis\"},\"image\":{\"@id\":\"https:\/\/kapitalis.com\/tunisie\/#\/schema\/logo\/image\/\"},\"sameAs\":[\"https:\/\/www.facebook.com\/KapitalisInfo\/\",\"https:\/\/x.com\/KapitalisInfo\",\"https:\/\/www.youtube.com\/channel\/UC-yDYrHyfFBWWZaOw3FPg9Q\"]},{\"@type\":\"Person\",\"@id\":\"https:\/\/kapitalis.com\/tunisie\/#\/schema\/person\/73a5ecc1f6ae540c6ed91342eadca948\",\"name\":\"Fawz BenAli\",\"url\":\"https:\/\/kapitalis.com\/tunisie\/author\/fawz\/\"}]}<\/script>\n<!-- \/ Yoast SEO plugin. -->","yoast_head_json":{"title":"La pi\u00e8ce de th\u00e9\u00e2tre tunisienne \u00ab\u00a0Chawk\u00a0\u00bb prim\u00e9e au Festival international du Th\u00e9\u00e2tre libre de Jordanie - Kapitalis","robots":{"index":"index","follow":"follow","max-snippet":"max-snippet:-1","max-image-preview":"max-image-preview:large","max-video-preview":"max-video-preview:-1"},"canonical":"https:\/\/kapitalis.com\/tunisie\/2023\/06\/26\/la-piece-de-theatre-tunisienne-chawk-primee-au-festival-international-du-theatre-libre-de-jordanie\/","og_locale":"fr_FR","og_type":"article","og_title":"La pi\u00e8ce de th\u00e9\u00e2tre tunisienne \u00ab\u00a0Chawk\u00a0\u00bb prim\u00e9e au Festival international du Th\u00e9\u00e2tre libre de Jordanie - Kapitalis","og_description":"\u00ab\u00a0Chawk\u00a0\u00bb de Hatem Derbel vient de remporter le prix d\u2019or du Festival international du Th\u00e9\u00e2tre libre de Jordanie.","og_url":"https:\/\/kapitalis.com\/tunisie\/2023\/06\/26\/la-piece-de-theatre-tunisienne-chawk-primee-au-festival-international-du-theatre-libre-de-jordanie\/","og_site_name":"Kapitalis","article_publisher":"https:\/\/www.facebook.com\/KapitalisInfo\/","article_published_time":"2023-06-26T09:00:05+00:00","article_modified_time":"2023-06-26T09:00:07+00:00","og_image":[{"width":1200,"height":630,"url":"https:\/\/kapitalis.com\/tunisie\/wp-content\/uploads\/2023\/06\/Chawk-hatem-Derbel-_-Festival-Jordanie.jpg","type":"image\/jpeg"}],"author":"Fawz BenAli","twitter_card":"summary_large_image","twitter_creator":"@KapitalisInfo","twitter_site":"@KapitalisInfo","twitter_misc":{"\u00c9crit par":"Fawz BenAli","Dur\u00e9e de lecture estim\u00e9e":"1 minute"},"schema":{"@context":"https:\/\/schema.org","@graph":[{"@type":"Article","@id":"https:\/\/kapitalis.com\/tunisie\/2023\/06\/26\/la-piece-de-theatre-tunisienne-chawk-primee-au-festival-international-du-theatre-libre-de-jordanie\/#article","isPartOf":{"@id":"https:\/\/kapitalis.com\/tunisie\/2023\/06\/26\/la-piece-de-theatre-tunisienne-chawk-primee-au-festival-international-du-theatre-libre-de-jordanie\/"},"author":{"name":"Fawz BenAli","@id":"https:\/\/kapitalis.com\/tunisie\/#\/schema\/person\/73a5ecc1f6ae540c6ed91342eadca948"},"headline":"La pi\u00e8ce de th\u00e9\u00e2tre tunisienne \u00ab\u00a0Chawk\u00a0\u00bb prim\u00e9e au Festival international du Th\u00e9\u00e2tre libre de Jordanie","datePublished":"2023-06-26T09:00:05+00:00","dateModified":"2023-06-26T09:00:07+00:00","mainEntityOfPage":{"@id":"https:\/\/kapitalis.com\/tunisie\/2023\/06\/26\/la-piece-de-theatre-tunisienne-chawk-primee-au-festival-international-du-theatre-libre-de-jordanie\/"},"wordCount":142,"commentCount":0,"publisher":{"@id":"https:\/\/kapitalis.com\/tunisie\/#organization"},"image":{"@id":"https:\/\/kapitalis.com\/tunisie\/2023\/06\/26\/la-piece-de-theatre-tunisienne-chawk-primee-au-festival-international-du-theatre-libre-de-jordanie\/#primaryimage"},"thumbnailUrl":"https:\/\/kapitalis.com\/tunisie\/wp-content\/uploads\/2023\/06\/Chawk-hatem-Derbel-_-Festival-Jordanie.jpg","keywords":["Chawk","Festival du Th\u00e9\u00e2tre libre de Jordanie","Hatem Derbel","th\u00e9\u00e2tre tunisien","Tunisie"],"articleSection":["CULTURE","Tunisie"],"inLanguage":"fr-FR","potentialAction":[{"@type":"CommentAction","name":"Comment","target":["https:\/\/kapitalis.com\/tunisie\/2023\/06\/26\/la-piece-de-theatre-tunisienne-chawk-primee-au-festival-international-du-theatre-libre-de-jordanie\/#respond"]}]},{"@type":"WebPage","@id":"https:\/\/kapitalis.com\/tunisie\/2023\/06\/26\/la-piece-de-theatre-tunisienne-chawk-primee-au-festival-international-du-theatre-libre-de-jordanie\/","url":"https:\/\/kapitalis.com\/tunisie\/2023\/06\/26\/la-piece-de-theatre-tunisienne-chawk-primee-au-festival-international-du-theatre-libre-de-jordanie\/","name":"La pi\u00e8ce de th\u00e9\u00e2tre tunisienne \u00ab\u00a0Chawk\u00a0\u00bb prim\u00e9e au Festival international du Th\u00e9\u00e2tre libre de Jordanie - Kapitalis","isPartOf":{"@id":"https:\/\/kapitalis.com\/tunisie\/#website"},"primaryImageOfPage":{"@id":"https:\/\/kapitalis.com\/tunisie\/2023\/06\/26\/la-piece-de-theatre-tunisienne-chawk-primee-au-festival-international-du-theatre-libre-de-jordanie\/#primaryimage"},"image":{"@id":"https:\/\/kapitalis.com\/tunisie\/2023\/06\/26\/la-piece-de-theatre-tunisienne-chawk-primee-au-festival-international-du-theatre-libre-de-jordanie\/#primaryimage"},"thumbnailUrl":"https:\/\/kapitalis.com\/tunisie\/wp-content\/uploads\/2023\/06\/Chawk-hatem-Derbel-_-Festival-Jordanie.jpg","datePublished":"2023-06-26T09:00:05+00:00","dateModified":"2023-06-26T09:00:07+00:00","breadcrumb":{"@id":"https:\/\/kapitalis.com\/tunisie\/2023\/06\/26\/la-piece-de-theatre-tunisienne-chawk-primee-au-festival-international-du-theatre-libre-de-jordanie\/#breadcrumb"},"inLanguage":"fr-FR","potentialAction":[{"@type":"ReadAction","target":["https:\/\/kapitalis.com\/tunisie\/2023\/06\/26\/la-piece-de-theatre-tunisienne-chawk-primee-au-festival-international-du-theatre-libre-de-jordanie\/"]}]},{"@type":"ImageObject","inLanguage":"fr-FR","@id":"https:\/\/kapitalis.com\/tunisie\/2023\/06\/26\/la-piece-de-theatre-tunisienne-chawk-primee-au-festival-international-du-theatre-libre-de-jordanie\/#primaryimage","url":"https:\/\/kapitalis.com\/tunisie\/wp-content\/uploads\/2023\/06\/Chawk-hatem-Derbel-_-Festival-Jordanie.jpg","contentUrl":"https:\/\/kapitalis.com\/tunisie\/wp-content\/uploads\/2023\/06\/Chawk-hatem-Derbel-_-Festival-Jordanie.jpg","width":1200,"height":630},{"@type":"BreadcrumbList","@id":"https:\/\/kapitalis.com\/tunisie\/2023\/06\/26\/la-piece-de-theatre-tunisienne-chawk-primee-au-festival-international-du-theatre-libre-de-jordanie\/#breadcrumb","itemListElement":[{"@type":"ListItem","position":1,"name":"Accueil","item":"https:\/\/kapitalis.com\/tunisie\/"},{"@type":"ListItem","position":2,"name":"La pi\u00e8ce de th\u00e9\u00e2tre tunisienne \u00ab\u00a0Chawk\u00a0\u00bb prim\u00e9e au Festival international du Th\u00e9\u00e2tre libre de Jordanie"}]},{"@type":"WebSite","@id":"https:\/\/kapitalis.com\/tunisie\/#website","url":"https:\/\/kapitalis.com\/tunisie\/","name":"Kapitalis","description":"L&#039;actualit\u00e9 en Tunisie et dans le monde","publisher":{"@id":"https:\/\/kapitalis.com\/tunisie\/#organization"},"potentialAction":[{"@type":"SearchAction","target":{"@type":"EntryPoint","urlTemplate":"https:\/\/kapitalis.com\/tunisie\/?s={search_term_string}"},"query-input":{"@type":"PropertyValueSpecification","valueRequired":true,"valueName":"search_term_string"}}],"inLanguage":"fr-FR"},{"@type":"Organization","@id":"https:\/\/kapitalis.com\/tunisie\/#organization","name":"Kapitalis","url":"https:\/\/kapitalis.com\/tunisie\/","logo":{"@type":"ImageObject","inLanguage":"fr-FR","@id":"https:\/\/kapitalis.com\/tunisie\/#\/schema\/logo\/image\/","url":"https:\/\/kapitalis.com\/tunisie\/wp-content\/uploads\/2022\/05\/Kapitalis-big-size.png","contentUrl":"https:\/\/kapitalis.com\/tunisie\/wp-content\/uploads\/2022\/05\/Kapitalis-big-size.png","width":5000,"height":1500,"caption":"Kapitalis"},"image":{"@id":"https:\/\/kapitalis.com\/tunisie\/#\/schema\/logo\/image\/"},"sameAs":["https:\/\/www.facebook.com\/KapitalisInfo\/","https:\/\/x.com\/KapitalisInfo","https:\/\/www.youtube.com\/channel\/UC-yDYrHyfFBWWZaOw3FPg9Q"]},{"@type":"Person","@id":"https:\/\/kapitalis.com\/tunisie\/#\/schema\/person\/73a5ecc1f6ae540c6ed91342eadca948","name":"Fawz BenAli","url":"https:\/\/kapitalis.com\/tunisie\/author\/fawz\/"}]}},"_links":{"self":[{"href":"https:\/\/kapitalis.com\/tunisie\/wp-json\/wp\/v2\/posts\/8554125","targetHints":{"allow":["GET"]}}],"collection":[{"href":"https:\/\/kapitalis.com\/tunisie\/wp-json\/wp\/v2\/posts"}],"about":[{"href":"https:\/\/kapitalis.com\/tunisie\/wp-json\/wp\/v2\/types\/post"}],"author":[{"embeddable":true,"href":"https:\/\/kapitalis.com\/tunisie\/wp-json\/wp\/v2\/users\/26"}],"replies":[{"embeddable":true,"href":"https:\/\/kapitalis.com\/tunisie\/wp-json\/wp\/v2\/comments?post=8554125"}],"version-history":[{"count":1,"href":"https:\/\/kapitalis.com\/tunisie\/wp-json\/wp\/v2\/posts\/8554125\/revisions"}],"predecessor-version":[{"id":8554486,"href":"https:\/\/kapitalis.com\/tunisie\/wp-json\/wp\/v2\/posts\/8554125\/revisions\/8554486"}],"wp:featuredmedia":[{"embeddable":true,"href":"https:\/\/kapitalis.com\/tunisie\/wp-json\/wp\/v2\/media\/8554396"}],"wp:attachment":[{"href":"https:\/\/kapitalis.com\/tunisie\/wp-json\/wp\/v2\/media?parent=8554125"}],"wp:term":[{"taxonomy":"category","embeddable":true,"href":"https:\/\/kapitalis.com\/tunisie\/wp-json\/wp\/v2\/categories?post=8554125"},{"taxonomy":"post_tag","embeddable":true,"href":"https:\/\/kapitalis.com\/tunisie\/wp-json\/wp\/v2\/tags?post=8554125"}],"curies":[{"name":"wp","href":"https:\/\/api.w.org\/{rel}","templated":true}]}}