{"id":8562736,"date":"2023-06-27T09:30:42","date_gmt":"2023-06-27T08:30:42","guid":{"rendered":"https:\/\/kapitalis.com\/tunisie\/?p=8562736"},"modified":"2023-06-27T09:30:43","modified_gmt":"2023-06-27T08:30:43","slug":"entretien-saied-rutte-lue-sonde-la-position-tunisienne-sur-la-question-migratoire","status":"publish","type":"post","link":"https:\/\/kapitalis.com\/tunisie\/2023\/06\/27\/entretien-saied-rutte-lue-sonde-la-position-tunisienne-sur-la-question-migratoire\/","title":{"rendered":"Entretien Sa\u00efed &#8211; Rutte\u00a0: l\u2019UE sonde la position tunisienne sur la question migratoire\u00a0"},"content":{"rendered":"\n<p><strong><em>Lors d\u2019un entretien t\u00e9l\u00e9phonique avec le pr\u00e9sident Ka\u00efs Sa\u00efed, lundi 26 juin 2023, le Premier ministre n\u00e9erlandais Mark Rutte a exprim\u00e9 la volont\u00e9 de son pays d\u2019investir davantage en Tunisie, notamment dans les domaines de l\u2019eau et des \u00e9nergies renouvelables.<\/em><\/strong><\/p>\n\n\n\n<!--more-->\n\n\n\n<p>Au cours de cet entretien, les deux parties ont \u00e9voqu\u00e9 les relations distingu\u00e9es entre les deux pays depuis l\u2019\u00e9tablissement des relations diplomatiques entre eux en 1958, ainsi que la r\u00e9cente rencontre du 11 juin \u00e0 Tunis, \u00e0 laquelle ont particip\u00e9, outre le Premier ministre n\u00e9erlandais, la cheffe du gouvernement italien Giorgia Meloni et la pr\u00e9sidente de la Commission europ\u00e9enne Ursula von der Leyen.<\/p>\n\n\n\n<p>Ils ont \u00e9galement \u00e9voqu\u00e9 les relations de coop\u00e9ration entre la Tunisie et l\u2019Union europ\u00e9enne (UE), le pr\u00e9sident de la r\u00e9publique rappelant que ces relations sont strat\u00e9giques et peuvent \u00eatre plus larges et plus \u00e9troites, soulignant que les deux parties peuvent tracer ensemble un nouveau cours de l\u2019histoire, main dans la main et d\u2019\u00e9gal \u00e0 \u00e9gal.<\/p>\n\n\n\n<p>L\u2019entretien pr\u00e9c\u00e8de la tenue du Conseil europ\u00e9en, les 29 et 30 juin, o\u00f9 le projet d\u2019accord entre la Tunisie et l\u2019UE, d\u2019un montant de 1 milliard d\u2019euros, dont un pr\u00eat 900 millions d\u2019euros, sera l\u2019un des points \u00e0 l\u2019ordre du jour, en lien avec la politique migratoire europ\u00e9enne.<\/p>\n\n\n\n<p>Le Premier ministre n\u00e9erlandais a voulu sans doute s\u2019assurer que la partie tunisienne est fermement engag\u00e9e dans la signature de cet accord qui fait d\u00e9bat, au sud comme au nord de la M\u00e9diterran\u00e9e, d\u2019autant que les responsables \u00e0 Tunis continuent de souffler le chaud et le froid, sur fond d\u2019aggravation de la crise migratoire dans le pays.<\/p>\n\n\n\n<p class=\"has-text-align-right\"><strong>I. B. \u00a0<\/strong><\/p>\n\n\n\n<figure class=\"wp-block-embed is-type-wp-embed is-provider-kapitalis wp-block-embed-kapitalis\"><div class=\"wp-block-embed__wrapper\">\n<blockquote class=\"wp-embedded-content\" data-secret=\"AgbKyKcVnY\"><a href=\"https:\/\/kapitalis.com\/tunisie\/2023\/06\/27\/tunisie-union-europeenne-de-leau-dans-le-gaz\/\">Tunisie &#8211; Union europ\u00e9enne\u00a0: de l\u2019eau dans le gaz<\/a><\/blockquote><iframe loading=\"lazy\" class=\"wp-embedded-content\" sandbox=\"allow-scripts\" security=\"restricted\" style=\"position: absolute; clip: rect(1px, 1px, 1px, 1px);\" title=\"\u00ab\u00a0Tunisie &#8211; Union europ\u00e9enne\u00a0: de l\u2019eau dans le gaz\u00a0\u00bb &#8212; Kapitalis\" src=\"https:\/\/kapitalis.com\/tunisie\/2023\/06\/27\/tunisie-union-europeenne-de-leau-dans-le-gaz\/embed\/#?secret=jwmE5Qg0ng#?secret=AgbKyKcVnY\" data-secret=\"AgbKyKcVnY\" width=\"600\" height=\"338\" frameborder=\"0\" marginwidth=\"0\" marginheight=\"0\" scrolling=\"no\"><\/iframe>\n<\/div><\/figure>\n\n\n\n<p class=\"has-text-align-right\">\u00a0<\/p>\n","protected":false},"excerpt":{"rendered":"<p>Les dessous de l&rsquo;entretien t\u00e9l\u00e9phonique Ka\u00ees Sa\u00efed &#8211; Mark Rutte. <\/p>\n","protected":false},"author":8,"featured_media":8331758,"comment_status":"open","ping_status":"open","sticky":false,"template":"","format":"standard","meta":{"footnotes":""},"categories":[997,2433],"tags":[103508,76012,109234,700,15762,62643,937,90832],"class_list":["post-8562736","post","type-post","status-publish","format-standard","has-post-thumbnail","hentry","category-politique","category-tunisie","tag-giorgia-meloni","tag-kais-saied-2","tag-mark-rutte","tag-pays-bas","tag-politique-migratoire","tag-tunisie","tag-union-europeenne","tag-ursula-von-der-leyen"],"yoast_head":"<!-- This site is optimized with the Yoast SEO plugin v26.6 - https:\/\/yoast.com\/wordpress\/plugins\/seo\/ -->\n<title>Entretien Sa\u00efed - Rutte\u00a0: l\u2019UE sonde la position tunisienne sur la question migratoire\u00a0 - Kapitalis<\/title>\n<meta name=\"robots\" content=\"index, follow, max-snippet:-1, max-image-preview:large, max-video-preview:-1\" \/>\n<link rel=\"canonical\" href=\"https:\/\/kapitalis.com\/tunisie\/2023\/06\/27\/entretien-saied-rutte-lue-sonde-la-position-tunisienne-sur-la-question-migratoire\/\" \/>\n<meta property=\"og:locale\" content=\"fr_FR\" \/>\n<meta property=\"og:type\" content=\"article\" \/>\n<meta property=\"og:title\" content=\"Entretien Sa\u00efed - Rutte\u00a0: l\u2019UE sonde la position tunisienne sur la question migratoire\u00a0 - Kapitalis\" \/>\n<meta property=\"og:description\" content=\"Les dessous de l&#039;entretien t\u00e9l\u00e9phonique Ka\u00ees Sa\u00efed - Mark Rutte.\" \/>\n<meta property=\"og:url\" content=\"https:\/\/kapitalis.com\/tunisie\/2023\/06\/27\/entretien-saied-rutte-lue-sonde-la-position-tunisienne-sur-la-question-migratoire\/\" \/>\n<meta property=\"og:site_name\" content=\"Kapitalis\" \/>\n<meta property=\"article:publisher\" content=\"https:\/\/www.facebook.com\/KapitalisInfo\/\" \/>\n<meta property=\"article:published_time\" content=\"2023-06-27T08:30:42+00:00\" \/>\n<meta property=\"article:modified_time\" content=\"2023-06-27T08:30:43+00:00\" \/>\n<meta property=\"og:image\" content=\"https:\/\/kapitalis.com\/tunisie\/wp-content\/uploads\/2023\/06\/Kais-Saied-Mark-Rutte.jpg\" \/>\n\t<meta property=\"og:image:width\" content=\"1200\" \/>\n\t<meta property=\"og:image:height\" content=\"630\" \/>\n\t<meta property=\"og:image:type\" content=\"image\/jpeg\" \/>\n<meta name=\"author\" content=\"webmaster kapitalis\" \/>\n<meta name=\"twitter:card\" content=\"summary_large_image\" \/>\n<meta name=\"twitter:creator\" content=\"@KapitalisInfo\" \/>\n<meta name=\"twitter:site\" content=\"@KapitalisInfo\" \/>\n<meta name=\"twitter:label1\" content=\"\u00c9crit par\" \/>\n\t<meta name=\"twitter:data1\" content=\"webmaster kapitalis\" \/>\n\t<meta name=\"twitter:label2\" content=\"Dur\u00e9e de lecture estim\u00e9e\" \/>\n\t<meta name=\"twitter:data2\" content=\"2 minutes\" \/>\n<script type=\"application\/ld+json\" class=\"yoast-schema-graph\">{\"@context\":\"https:\/\/schema.org\",\"@graph\":[{\"@type\":\"Article\",\"@id\":\"https:\/\/kapitalis.com\/tunisie\/2023\/06\/27\/entretien-saied-rutte-lue-sonde-la-position-tunisienne-sur-la-question-migratoire\/#article\",\"isPartOf\":{\"@id\":\"https:\/\/kapitalis.com\/tunisie\/2023\/06\/27\/entretien-saied-rutte-lue-sonde-la-position-tunisienne-sur-la-question-migratoire\/\"},\"author\":{\"name\":\"webmaster kapitalis\",\"@id\":\"https:\/\/kapitalis.com\/tunisie\/#\/schema\/person\/d71f33a9ca44f7bad4698210b480c8e9\"},\"headline\":\"Entretien Sa\u00efed &#8211; Rutte\u00a0: l\u2019UE sonde la position tunisienne sur la question migratoire\u00a0\",\"datePublished\":\"2023-06-27T08:30:42+00:00\",\"dateModified\":\"2023-06-27T08:30:43+00:00\",\"mainEntityOfPage\":{\"@id\":\"https:\/\/kapitalis.com\/tunisie\/2023\/06\/27\/entretien-saied-rutte-lue-sonde-la-position-tunisienne-sur-la-question-migratoire\/\"},\"wordCount\":316,\"commentCount\":1,\"publisher\":{\"@id\":\"https:\/\/kapitalis.com\/tunisie\/#organization\"},\"image\":{\"@id\":\"https:\/\/kapitalis.com\/tunisie\/2023\/06\/27\/entretien-saied-rutte-lue-sonde-la-position-tunisienne-sur-la-question-migratoire\/#primaryimage\"},\"thumbnailUrl\":\"https:\/\/kapitalis.com\/tunisie\/wp-content\/uploads\/2023\/06\/Kais-Saied-Mark-Rutte.jpg\",\"keywords\":[\"Giorgia Meloni\",\"Ka\u00efs Sa\u00efed\",\"Mark Rutte\",\"Pays-Bas\",\"politique migratoire\",\"Tunisie\",\"Union europ\u00e9enne\",\"Ursula von der Leyen\"],\"articleSection\":[\"POLITIQUE\",\"Tunisie\"],\"inLanguage\":\"fr-FR\",\"potentialAction\":[{\"@type\":\"CommentAction\",\"name\":\"Comment\",\"target\":[\"https:\/\/kapitalis.com\/tunisie\/2023\/06\/27\/entretien-saied-rutte-lue-sonde-la-position-tunisienne-sur-la-question-migratoire\/#respond\"]}]},{\"@type\":\"WebPage\",\"@id\":\"https:\/\/kapitalis.com\/tunisie\/2023\/06\/27\/entretien-saied-rutte-lue-sonde-la-position-tunisienne-sur-la-question-migratoire\/\",\"url\":\"https:\/\/kapitalis.com\/tunisie\/2023\/06\/27\/entretien-saied-rutte-lue-sonde-la-position-tunisienne-sur-la-question-migratoire\/\",\"name\":\"Entretien Sa\u00efed - Rutte\u00a0: l\u2019UE sonde la position tunisienne sur la question migratoire\u00a0 - Kapitalis\",\"isPartOf\":{\"@id\":\"https:\/\/kapitalis.com\/tunisie\/#website\"},\"primaryImageOfPage\":{\"@id\":\"https:\/\/kapitalis.com\/tunisie\/2023\/06\/27\/entretien-saied-rutte-lue-sonde-la-position-tunisienne-sur-la-question-migratoire\/#primaryimage\"},\"image\":{\"@id\":\"https:\/\/kapitalis.com\/tunisie\/2023\/06\/27\/entretien-saied-rutte-lue-sonde-la-position-tunisienne-sur-la-question-migratoire\/#primaryimage\"},\"thumbnailUrl\":\"https:\/\/kapitalis.com\/tunisie\/wp-content\/uploads\/2023\/06\/Kais-Saied-Mark-Rutte.jpg\",\"datePublished\":\"2023-06-27T08:30:42+00:00\",\"dateModified\":\"2023-06-27T08:30:43+00:00\",\"breadcrumb\":{\"@id\":\"https:\/\/kapitalis.com\/tunisie\/2023\/06\/27\/entretien-saied-rutte-lue-sonde-la-position-tunisienne-sur-la-question-migratoire\/#breadcrumb\"},\"inLanguage\":\"fr-FR\",\"potentialAction\":[{\"@type\":\"ReadAction\",\"target\":[\"https:\/\/kapitalis.com\/tunisie\/2023\/06\/27\/entretien-saied-rutte-lue-sonde-la-position-tunisienne-sur-la-question-migratoire\/\"]}]},{\"@type\":\"ImageObject\",\"inLanguage\":\"fr-FR\",\"@id\":\"https:\/\/kapitalis.com\/tunisie\/2023\/06\/27\/entretien-saied-rutte-lue-sonde-la-position-tunisienne-sur-la-question-migratoire\/#primaryimage\",\"url\":\"https:\/\/kapitalis.com\/tunisie\/wp-content\/uploads\/2023\/06\/Kais-Saied-Mark-Rutte.jpg\",\"contentUrl\":\"https:\/\/kapitalis.com\/tunisie\/wp-content\/uploads\/2023\/06\/Kais-Saied-Mark-Rutte.jpg\",\"width\":1200,\"height\":630},{\"@type\":\"BreadcrumbList\",\"@id\":\"https:\/\/kapitalis.com\/tunisie\/2023\/06\/27\/entretien-saied-rutte-lue-sonde-la-position-tunisienne-sur-la-question-migratoire\/#breadcrumb\",\"itemListElement\":[{\"@type\":\"ListItem\",\"position\":1,\"name\":\"Accueil\",\"item\":\"https:\/\/kapitalis.com\/tunisie\/\"},{\"@type\":\"ListItem\",\"position\":2,\"name\":\"Entretien Sa\u00efed &#8211; Rutte\u00a0: l\u2019UE sonde la position tunisienne sur la question migratoire\u00a0\"}]},{\"@type\":\"WebSite\",\"@id\":\"https:\/\/kapitalis.com\/tunisie\/#website\",\"url\":\"https:\/\/kapitalis.com\/tunisie\/\",\"name\":\"Kapitalis\",\"description\":\"L&#039;actualit\u00e9 en Tunisie et dans le monde\",\"publisher\":{\"@id\":\"https:\/\/kapitalis.com\/tunisie\/#organization\"},\"potentialAction\":[{\"@type\":\"SearchAction\",\"target\":{\"@type\":\"EntryPoint\",\"urlTemplate\":\"https:\/\/kapitalis.com\/tunisie\/?s={search_term_string}\"},\"query-input\":{\"@type\":\"PropertyValueSpecification\",\"valueRequired\":true,\"valueName\":\"search_term_string\"}}],\"inLanguage\":\"fr-FR\"},{\"@type\":\"Organization\",\"@id\":\"https:\/\/kapitalis.com\/tunisie\/#organization\",\"name\":\"Kapitalis\",\"url\":\"https:\/\/kapitalis.com\/tunisie\/\",\"logo\":{\"@type\":\"ImageObject\",\"inLanguage\":\"fr-FR\",\"@id\":\"https:\/\/kapitalis.com\/tunisie\/#\/schema\/logo\/image\/\",\"url\":\"https:\/\/kapitalis.com\/tunisie\/wp-content\/uploads\/2022\/05\/Kapitalis-big-size.png\",\"contentUrl\":\"https:\/\/kapitalis.com\/tunisie\/wp-content\/uploads\/2022\/05\/Kapitalis-big-size.png\",\"width\":5000,\"height\":1500,\"caption\":\"Kapitalis\"},\"image\":{\"@id\":\"https:\/\/kapitalis.com\/tunisie\/#\/schema\/logo\/image\/\"},\"sameAs\":[\"https:\/\/www.facebook.com\/KapitalisInfo\/\",\"https:\/\/x.com\/KapitalisInfo\",\"https:\/\/www.youtube.com\/channel\/UC-yDYrHyfFBWWZaOw3FPg9Q\"]},{\"@type\":\"Person\",\"@id\":\"https:\/\/kapitalis.com\/tunisie\/#\/schema\/person\/d71f33a9ca44f7bad4698210b480c8e9\",\"name\":\"webmaster kapitalis\",\"url\":\"https:\/\/kapitalis.com\/tunisie\/author\/webmaster-kapitalis\/\"}]}<\/script>\n<!-- \/ Yoast SEO plugin. -->","yoast_head_json":{"title":"Entretien Sa\u00efed - Rutte\u00a0: l\u2019UE sonde la position tunisienne sur la question migratoire\u00a0 - Kapitalis","robots":{"index":"index","follow":"follow","max-snippet":"max-snippet:-1","max-image-preview":"max-image-preview:large","max-video-preview":"max-video-preview:-1"},"canonical":"https:\/\/kapitalis.com\/tunisie\/2023\/06\/27\/entretien-saied-rutte-lue-sonde-la-position-tunisienne-sur-la-question-migratoire\/","og_locale":"fr_FR","og_type":"article","og_title":"Entretien Sa\u00efed - Rutte\u00a0: l\u2019UE sonde la position tunisienne sur la question migratoire\u00a0 - Kapitalis","og_description":"Les dessous de l'entretien t\u00e9l\u00e9phonique Ka\u00ees Sa\u00efed - Mark Rutte.","og_url":"https:\/\/kapitalis.com\/tunisie\/2023\/06\/27\/entretien-saied-rutte-lue-sonde-la-position-tunisienne-sur-la-question-migratoire\/","og_site_name":"Kapitalis","article_publisher":"https:\/\/www.facebook.com\/KapitalisInfo\/","article_published_time":"2023-06-27T08:30:42+00:00","article_modified_time":"2023-06-27T08:30:43+00:00","og_image":[{"width":1200,"height":630,"url":"https:\/\/kapitalis.com\/tunisie\/wp-content\/uploads\/2023\/06\/Kais-Saied-Mark-Rutte.jpg","type":"image\/jpeg"}],"author":"webmaster kapitalis","twitter_card":"summary_large_image","twitter_creator":"@KapitalisInfo","twitter_site":"@KapitalisInfo","twitter_misc":{"\u00c9crit par":"webmaster kapitalis","Dur\u00e9e de lecture estim\u00e9e":"2 minutes"},"schema":{"@context":"https:\/\/schema.org","@graph":[{"@type":"Article","@id":"https:\/\/kapitalis.com\/tunisie\/2023\/06\/27\/entretien-saied-rutte-lue-sonde-la-position-tunisienne-sur-la-question-migratoire\/#article","isPartOf":{"@id":"https:\/\/kapitalis.com\/tunisie\/2023\/06\/27\/entretien-saied-rutte-lue-sonde-la-position-tunisienne-sur-la-question-migratoire\/"},"author":{"name":"webmaster kapitalis","@id":"https:\/\/kapitalis.com\/tunisie\/#\/schema\/person\/d71f33a9ca44f7bad4698210b480c8e9"},"headline":"Entretien Sa\u00efed &#8211; Rutte\u00a0: l\u2019UE sonde la position tunisienne sur la question migratoire\u00a0","datePublished":"2023-06-27T08:30:42+00:00","dateModified":"2023-06-27T08:30:43+00:00","mainEntityOfPage":{"@id":"https:\/\/kapitalis.com\/tunisie\/2023\/06\/27\/entretien-saied-rutte-lue-sonde-la-position-tunisienne-sur-la-question-migratoire\/"},"wordCount":316,"commentCount":1,"publisher":{"@id":"https:\/\/kapitalis.com\/tunisie\/#organization"},"image":{"@id":"https:\/\/kapitalis.com\/tunisie\/2023\/06\/27\/entretien-saied-rutte-lue-sonde-la-position-tunisienne-sur-la-question-migratoire\/#primaryimage"},"thumbnailUrl":"https:\/\/kapitalis.com\/tunisie\/wp-content\/uploads\/2023\/06\/Kais-Saied-Mark-Rutte.jpg","keywords":["Giorgia Meloni","Ka\u00efs Sa\u00efed","Mark Rutte","Pays-Bas","politique migratoire","Tunisie","Union europ\u00e9enne","Ursula von der Leyen"],"articleSection":["POLITIQUE","Tunisie"],"inLanguage":"fr-FR","potentialAction":[{"@type":"CommentAction","name":"Comment","target":["https:\/\/kapitalis.com\/tunisie\/2023\/06\/27\/entretien-saied-rutte-lue-sonde-la-position-tunisienne-sur-la-question-migratoire\/#respond"]}]},{"@type":"WebPage","@id":"https:\/\/kapitalis.com\/tunisie\/2023\/06\/27\/entretien-saied-rutte-lue-sonde-la-position-tunisienne-sur-la-question-migratoire\/","url":"https:\/\/kapitalis.com\/tunisie\/2023\/06\/27\/entretien-saied-rutte-lue-sonde-la-position-tunisienne-sur-la-question-migratoire\/","name":"Entretien Sa\u00efed - Rutte\u00a0: l\u2019UE sonde la position tunisienne sur la question migratoire\u00a0 - Kapitalis","isPartOf":{"@id":"https:\/\/kapitalis.com\/tunisie\/#website"},"primaryImageOfPage":{"@id":"https:\/\/kapitalis.com\/tunisie\/2023\/06\/27\/entretien-saied-rutte-lue-sonde-la-position-tunisienne-sur-la-question-migratoire\/#primaryimage"},"image":{"@id":"https:\/\/kapitalis.com\/tunisie\/2023\/06\/27\/entretien-saied-rutte-lue-sonde-la-position-tunisienne-sur-la-question-migratoire\/#primaryimage"},"thumbnailUrl":"https:\/\/kapitalis.com\/tunisie\/wp-content\/uploads\/2023\/06\/Kais-Saied-Mark-Rutte.jpg","datePublished":"2023-06-27T08:30:42+00:00","dateModified":"2023-06-27T08:30:43+00:00","breadcrumb":{"@id":"https:\/\/kapitalis.com\/tunisie\/2023\/06\/27\/entretien-saied-rutte-lue-sonde-la-position-tunisienne-sur-la-question-migratoire\/#breadcrumb"},"inLanguage":"fr-FR","potentialAction":[{"@type":"ReadAction","target":["https:\/\/kapitalis.com\/tunisie\/2023\/06\/27\/entretien-saied-rutte-lue-sonde-la-position-tunisienne-sur-la-question-migratoire\/"]}]},{"@type":"ImageObject","inLanguage":"fr-FR","@id":"https:\/\/kapitalis.com\/tunisie\/2023\/06\/27\/entretien-saied-rutte-lue-sonde-la-position-tunisienne-sur-la-question-migratoire\/#primaryimage","url":"https:\/\/kapitalis.com\/tunisie\/wp-content\/uploads\/2023\/06\/Kais-Saied-Mark-Rutte.jpg","contentUrl":"https:\/\/kapitalis.com\/tunisie\/wp-content\/uploads\/2023\/06\/Kais-Saied-Mark-Rutte.jpg","width":1200,"height":630},{"@type":"BreadcrumbList","@id":"https:\/\/kapitalis.com\/tunisie\/2023\/06\/27\/entretien-saied-rutte-lue-sonde-la-position-tunisienne-sur-la-question-migratoire\/#breadcrumb","itemListElement":[{"@type":"ListItem","position":1,"name":"Accueil","item":"https:\/\/kapitalis.com\/tunisie\/"},{"@type":"ListItem","position":2,"name":"Entretien Sa\u00efed &#8211; Rutte\u00a0: l\u2019UE sonde la position tunisienne sur la question migratoire\u00a0"}]},{"@type":"WebSite","@id":"https:\/\/kapitalis.com\/tunisie\/#website","url":"https:\/\/kapitalis.com\/tunisie\/","name":"Kapitalis","description":"L&#039;actualit\u00e9 en Tunisie et dans le monde","publisher":{"@id":"https:\/\/kapitalis.com\/tunisie\/#organization"},"potentialAction":[{"@type":"SearchAction","target":{"@type":"EntryPoint","urlTemplate":"https:\/\/kapitalis.com\/tunisie\/?s={search_term_string}"},"query-input":{"@type":"PropertyValueSpecification","valueRequired":true,"valueName":"search_term_string"}}],"inLanguage":"fr-FR"},{"@type":"Organization","@id":"https:\/\/kapitalis.com\/tunisie\/#organization","name":"Kapitalis","url":"https:\/\/kapitalis.com\/tunisie\/","logo":{"@type":"ImageObject","inLanguage":"fr-FR","@id":"https:\/\/kapitalis.com\/tunisie\/#\/schema\/logo\/image\/","url":"https:\/\/kapitalis.com\/tunisie\/wp-content\/uploads\/2022\/05\/Kapitalis-big-size.png","contentUrl":"https:\/\/kapitalis.com\/tunisie\/wp-content\/uploads\/2022\/05\/Kapitalis-big-size.png","width":5000,"height":1500,"caption":"Kapitalis"},"image":{"@id":"https:\/\/kapitalis.com\/tunisie\/#\/schema\/logo\/image\/"},"sameAs":["https:\/\/www.facebook.com\/KapitalisInfo\/","https:\/\/x.com\/KapitalisInfo","https:\/\/www.youtube.com\/channel\/UC-yDYrHyfFBWWZaOw3FPg9Q"]},{"@type":"Person","@id":"https:\/\/kapitalis.com\/tunisie\/#\/schema\/person\/d71f33a9ca44f7bad4698210b480c8e9","name":"webmaster kapitalis","url":"https:\/\/kapitalis.com\/tunisie\/author\/webmaster-kapitalis\/"}]}},"_links":{"self":[{"href":"https:\/\/kapitalis.com\/tunisie\/wp-json\/wp\/v2\/posts\/8562736","targetHints":{"allow":["GET"]}}],"collection":[{"href":"https:\/\/kapitalis.com\/tunisie\/wp-json\/wp\/v2\/posts"}],"about":[{"href":"https:\/\/kapitalis.com\/tunisie\/wp-json\/wp\/v2\/types\/post"}],"author":[{"embeddable":true,"href":"https:\/\/kapitalis.com\/tunisie\/wp-json\/wp\/v2\/users\/8"}],"replies":[{"embeddable":true,"href":"https:\/\/kapitalis.com\/tunisie\/wp-json\/wp\/v2\/comments?post=8562736"}],"version-history":[{"count":1,"href":"https:\/\/kapitalis.com\/tunisie\/wp-json\/wp\/v2\/posts\/8562736\/revisions"}],"predecessor-version":[{"id":8562752,"href":"https:\/\/kapitalis.com\/tunisie\/wp-json\/wp\/v2\/posts\/8562736\/revisions\/8562752"}],"wp:featuredmedia":[{"embeddable":true,"href":"https:\/\/kapitalis.com\/tunisie\/wp-json\/wp\/v2\/media\/8331758"}],"wp:attachment":[{"href":"https:\/\/kapitalis.com\/tunisie\/wp-json\/wp\/v2\/media?parent=8562736"}],"wp:term":[{"taxonomy":"category","embeddable":true,"href":"https:\/\/kapitalis.com\/tunisie\/wp-json\/wp\/v2\/categories?post=8562736"},{"taxonomy":"post_tag","embeddable":true,"href":"https:\/\/kapitalis.com\/tunisie\/wp-json\/wp\/v2\/tags?post=8562736"}],"curies":[{"name":"wp","href":"https:\/\/api.w.org\/{rel}","templated":true}]}}