{"id":8562778,"date":"2023-06-27T10:01:26","date_gmt":"2023-06-27T09:01:26","guid":{"rendered":"https:\/\/kapitalis.com\/tunisie\/?p=8562778"},"modified":"2023-06-27T10:01:28","modified_gmt":"2023-06-27T09:01:28","slug":"tunisie-lorchestre-du-caire-annule-sa-participation-du-festival-de-musique-symphonique-del-jem","status":"publish","type":"post","link":"https:\/\/kapitalis.com\/tunisie\/2023\/06\/27\/tunisie-lorchestre-du-caire-annule-sa-participation-du-festival-de-musique-symphonique-del-jem\/","title":{"rendered":"Tunisie\u00a0: L\u2019Orchestre du Caire annule sa participation du Festival de musique symphonique d\u2019El Jem"},"content":{"rendered":"\n<p><em><strong>L\u2019Orchestre symphonique du Caire vient de se retirer de la 36<sup>e<\/sup> \u00e9dition du Festival international de Musique symphonique d\u2019El Jem. La soir\u00e9e sera donc assur\u00e9e par un autre orchestre.<\/strong><\/em><\/p>\n\n\n\n<!--more-->\n\n\n\n<p>Apr\u00e8s avoir annonc\u00e9 la programmation compl\u00e8te de la 36<sup>e<\/sup> \u00e9dition pr\u00e9vue du 5 juillet au 13 ao\u00fbt 2023, le comit\u00e9 directeur du festival de Musique symphonique d\u2019El jem a fait savoir lors d\u2019un point de presse que la soir\u00e9e du 8 juillet ne serait pas assur\u00e9e par l\u2019Orchestre symphonique du Caire, comme pr\u00e9vu initialement.<\/p>\n\n\n\n<p>Cette annulation revient \u00e0 des raisons financi\u00e8res li\u00e9es aux frais de d\u00e9placement des membres de l\u2019orchestre. La soir\u00e9e sera donc assur\u00e9e par l\u2019Acad\u00e9mie du Th\u00e9\u00e2tre de l\u2019Op\u00e9ra de Tunis sous la direction du maestro Fedi Ben Othman.<\/p>\n\n\n\n<p class=\"has-text-align-right\"><strong>F.B<\/strong><\/p>\n","protected":false},"excerpt":{"rendered":"<p>L\u2019Orchestre symphonique du Caire vient de se retirer de la 36e \u00e9dition du Festival international de Musique symphonique d\u2019El Jem. La soir\u00e9e sera donc assur\u00e9e par un autre orchestre.<\/p>\n","protected":false},"author":26,"featured_media":8562942,"comment_status":"open","ping_status":"open","sticky":false,"template":"","format":"standard","meta":{"footnotes":""},"categories":[994,2433],"tags":[109565,109564,109563,62643],"class_list":["post-8562778","post","type-post","status-publish","format-standard","has-post-thumbnail","hentry","category-culture","category-tunisie","tag-academie-du-theatre-de-lopera-de-tunis","tag-festival-international-de-musique-symphonique-del-jem-2023","tag-orchestre-symphonique-du-caire","tag-tunisie"],"yoast_head":"<!-- This site is optimized with the Yoast SEO plugin v26.6 - https:\/\/yoast.com\/wordpress\/plugins\/seo\/ -->\n<title>Tunisie\u00a0: L\u2019Orchestre du Caire annule sa participation du Festival de musique symphonique d\u2019El Jem - Kapitalis<\/title>\n<meta name=\"robots\" content=\"index, follow, max-snippet:-1, max-image-preview:large, max-video-preview:-1\" \/>\n<link rel=\"canonical\" href=\"https:\/\/kapitalis.com\/tunisie\/2023\/06\/27\/tunisie-lorchestre-du-caire-annule-sa-participation-du-festival-de-musique-symphonique-del-jem\/\" \/>\n<meta property=\"og:locale\" content=\"fr_FR\" \/>\n<meta property=\"og:type\" content=\"article\" \/>\n<meta property=\"og:title\" content=\"Tunisie\u00a0: L\u2019Orchestre du Caire annule sa participation du Festival de musique symphonique d\u2019El Jem - Kapitalis\" \/>\n<meta property=\"og:description\" content=\"L\u2019Orchestre symphonique du Caire vient de se retirer de la 36e \u00e9dition du Festival international de Musique symphonique d\u2019El Jem. La soir\u00e9e sera donc assur\u00e9e par un autre orchestre.\" \/>\n<meta property=\"og:url\" content=\"https:\/\/kapitalis.com\/tunisie\/2023\/06\/27\/tunisie-lorchestre-du-caire-annule-sa-participation-du-festival-de-musique-symphonique-del-jem\/\" \/>\n<meta property=\"og:site_name\" content=\"Kapitalis\" \/>\n<meta property=\"article:publisher\" content=\"https:\/\/www.facebook.com\/KapitalisInfo\/\" \/>\n<meta property=\"article:published_time\" content=\"2023-06-27T09:01:26+00:00\" \/>\n<meta property=\"article:modified_time\" content=\"2023-06-27T09:01:28+00:00\" \/>\n<meta property=\"og:image\" content=\"https:\/\/kapitalis.com\/tunisie\/wp-content\/uploads\/2023\/06\/Orchestre-symphonique-du-Caire.jpg\" \/>\n\t<meta property=\"og:image:width\" content=\"1200\" \/>\n\t<meta property=\"og:image:height\" content=\"630\" \/>\n\t<meta property=\"og:image:type\" content=\"image\/jpeg\" \/>\n<meta name=\"author\" content=\"Fawz BenAli\" \/>\n<meta name=\"twitter:card\" content=\"summary_large_image\" \/>\n<meta name=\"twitter:creator\" content=\"@KapitalisInfo\" \/>\n<meta name=\"twitter:site\" content=\"@KapitalisInfo\" \/>\n<meta name=\"twitter:label1\" content=\"\u00c9crit par\" \/>\n\t<meta name=\"twitter:data1\" content=\"Fawz BenAli\" \/>\n\t<meta name=\"twitter:label2\" content=\"Dur\u00e9e de lecture estim\u00e9e\" \/>\n\t<meta name=\"twitter:data2\" content=\"1 minute\" \/>\n<script type=\"application\/ld+json\" class=\"yoast-schema-graph\">{\"@context\":\"https:\/\/schema.org\",\"@graph\":[{\"@type\":\"Article\",\"@id\":\"https:\/\/kapitalis.com\/tunisie\/2023\/06\/27\/tunisie-lorchestre-du-caire-annule-sa-participation-du-festival-de-musique-symphonique-del-jem\/#article\",\"isPartOf\":{\"@id\":\"https:\/\/kapitalis.com\/tunisie\/2023\/06\/27\/tunisie-lorchestre-du-caire-annule-sa-participation-du-festival-de-musique-symphonique-del-jem\/\"},\"author\":{\"name\":\"Fawz BenAli\",\"@id\":\"https:\/\/kapitalis.com\/tunisie\/#\/schema\/person\/73a5ecc1f6ae540c6ed91342eadca948\"},\"headline\":\"Tunisie\u00a0: L\u2019Orchestre du Caire annule sa participation du Festival de musique symphonique d\u2019El Jem\",\"datePublished\":\"2023-06-27T09:01:26+00:00\",\"dateModified\":\"2023-06-27T09:01:28+00:00\",\"mainEntityOfPage\":{\"@id\":\"https:\/\/kapitalis.com\/tunisie\/2023\/06\/27\/tunisie-lorchestre-du-caire-annule-sa-participation-du-festival-de-musique-symphonique-del-jem\/\"},\"wordCount\":158,\"commentCount\":0,\"publisher\":{\"@id\":\"https:\/\/kapitalis.com\/tunisie\/#organization\"},\"image\":{\"@id\":\"https:\/\/kapitalis.com\/tunisie\/2023\/06\/27\/tunisie-lorchestre-du-caire-annule-sa-participation-du-festival-de-musique-symphonique-del-jem\/#primaryimage\"},\"thumbnailUrl\":\"https:\/\/kapitalis.com\/tunisie\/wp-content\/uploads\/2023\/06\/Orchestre-symphonique-du-Caire.jpg\",\"keywords\":[\"Acad\u00e9mie du Th\u00e9\u00e2tre de l&#039;Op\u00e9ra de Tunis\",\"Festival international de Musique symphonique d&#039;El Jem 2023\",\"Orchestre symphonique du Caire\",\"Tunisie\"],\"articleSection\":[\"CULTURE\",\"Tunisie\"],\"inLanguage\":\"fr-FR\",\"potentialAction\":[{\"@type\":\"CommentAction\",\"name\":\"Comment\",\"target\":[\"https:\/\/kapitalis.com\/tunisie\/2023\/06\/27\/tunisie-lorchestre-du-caire-annule-sa-participation-du-festival-de-musique-symphonique-del-jem\/#respond\"]}]},{\"@type\":\"WebPage\",\"@id\":\"https:\/\/kapitalis.com\/tunisie\/2023\/06\/27\/tunisie-lorchestre-du-caire-annule-sa-participation-du-festival-de-musique-symphonique-del-jem\/\",\"url\":\"https:\/\/kapitalis.com\/tunisie\/2023\/06\/27\/tunisie-lorchestre-du-caire-annule-sa-participation-du-festival-de-musique-symphonique-del-jem\/\",\"name\":\"Tunisie\u00a0: L\u2019Orchestre du Caire annule sa participation du Festival de musique symphonique d\u2019El Jem - Kapitalis\",\"isPartOf\":{\"@id\":\"https:\/\/kapitalis.com\/tunisie\/#website\"},\"primaryImageOfPage\":{\"@id\":\"https:\/\/kapitalis.com\/tunisie\/2023\/06\/27\/tunisie-lorchestre-du-caire-annule-sa-participation-du-festival-de-musique-symphonique-del-jem\/#primaryimage\"},\"image\":{\"@id\":\"https:\/\/kapitalis.com\/tunisie\/2023\/06\/27\/tunisie-lorchestre-du-caire-annule-sa-participation-du-festival-de-musique-symphonique-del-jem\/#primaryimage\"},\"thumbnailUrl\":\"https:\/\/kapitalis.com\/tunisie\/wp-content\/uploads\/2023\/06\/Orchestre-symphonique-du-Caire.jpg\",\"datePublished\":\"2023-06-27T09:01:26+00:00\",\"dateModified\":\"2023-06-27T09:01:28+00:00\",\"breadcrumb\":{\"@id\":\"https:\/\/kapitalis.com\/tunisie\/2023\/06\/27\/tunisie-lorchestre-du-caire-annule-sa-participation-du-festival-de-musique-symphonique-del-jem\/#breadcrumb\"},\"inLanguage\":\"fr-FR\",\"potentialAction\":[{\"@type\":\"ReadAction\",\"target\":[\"https:\/\/kapitalis.com\/tunisie\/2023\/06\/27\/tunisie-lorchestre-du-caire-annule-sa-participation-du-festival-de-musique-symphonique-del-jem\/\"]}]},{\"@type\":\"ImageObject\",\"inLanguage\":\"fr-FR\",\"@id\":\"https:\/\/kapitalis.com\/tunisie\/2023\/06\/27\/tunisie-lorchestre-du-caire-annule-sa-participation-du-festival-de-musique-symphonique-del-jem\/#primaryimage\",\"url\":\"https:\/\/kapitalis.com\/tunisie\/wp-content\/uploads\/2023\/06\/Orchestre-symphonique-du-Caire.jpg\",\"contentUrl\":\"https:\/\/kapitalis.com\/tunisie\/wp-content\/uploads\/2023\/06\/Orchestre-symphonique-du-Caire.jpg\",\"width\":1200,\"height\":630},{\"@type\":\"BreadcrumbList\",\"@id\":\"https:\/\/kapitalis.com\/tunisie\/2023\/06\/27\/tunisie-lorchestre-du-caire-annule-sa-participation-du-festival-de-musique-symphonique-del-jem\/#breadcrumb\",\"itemListElement\":[{\"@type\":\"ListItem\",\"position\":1,\"name\":\"Accueil\",\"item\":\"https:\/\/kapitalis.com\/tunisie\/\"},{\"@type\":\"ListItem\",\"position\":2,\"name\":\"Tunisie\u00a0: L\u2019Orchestre du Caire annule sa participation du Festival de musique symphonique d\u2019El Jem\"}]},{\"@type\":\"WebSite\",\"@id\":\"https:\/\/kapitalis.com\/tunisie\/#website\",\"url\":\"https:\/\/kapitalis.com\/tunisie\/\",\"name\":\"Kapitalis\",\"description\":\"L&#039;actualit\u00e9 en Tunisie et dans le monde\",\"publisher\":{\"@id\":\"https:\/\/kapitalis.com\/tunisie\/#organization\"},\"potentialAction\":[{\"@type\":\"SearchAction\",\"target\":{\"@type\":\"EntryPoint\",\"urlTemplate\":\"https:\/\/kapitalis.com\/tunisie\/?s={search_term_string}\"},\"query-input\":{\"@type\":\"PropertyValueSpecification\",\"valueRequired\":true,\"valueName\":\"search_term_string\"}}],\"inLanguage\":\"fr-FR\"},{\"@type\":\"Organization\",\"@id\":\"https:\/\/kapitalis.com\/tunisie\/#organization\",\"name\":\"Kapitalis\",\"url\":\"https:\/\/kapitalis.com\/tunisie\/\",\"logo\":{\"@type\":\"ImageObject\",\"inLanguage\":\"fr-FR\",\"@id\":\"https:\/\/kapitalis.com\/tunisie\/#\/schema\/logo\/image\/\",\"url\":\"https:\/\/kapitalis.com\/tunisie\/wp-content\/uploads\/2022\/05\/Kapitalis-big-size.png\",\"contentUrl\":\"https:\/\/kapitalis.com\/tunisie\/wp-content\/uploads\/2022\/05\/Kapitalis-big-size.png\",\"width\":5000,\"height\":1500,\"caption\":\"Kapitalis\"},\"image\":{\"@id\":\"https:\/\/kapitalis.com\/tunisie\/#\/schema\/logo\/image\/\"},\"sameAs\":[\"https:\/\/www.facebook.com\/KapitalisInfo\/\",\"https:\/\/x.com\/KapitalisInfo\",\"https:\/\/www.youtube.com\/channel\/UC-yDYrHyfFBWWZaOw3FPg9Q\"]},{\"@type\":\"Person\",\"@id\":\"https:\/\/kapitalis.com\/tunisie\/#\/schema\/person\/73a5ecc1f6ae540c6ed91342eadca948\",\"name\":\"Fawz BenAli\",\"url\":\"https:\/\/kapitalis.com\/tunisie\/author\/fawz\/\"}]}<\/script>\n<!-- \/ Yoast SEO plugin. -->","yoast_head_json":{"title":"Tunisie\u00a0: L\u2019Orchestre du Caire annule sa participation du Festival de musique symphonique d\u2019El Jem - Kapitalis","robots":{"index":"index","follow":"follow","max-snippet":"max-snippet:-1","max-image-preview":"max-image-preview:large","max-video-preview":"max-video-preview:-1"},"canonical":"https:\/\/kapitalis.com\/tunisie\/2023\/06\/27\/tunisie-lorchestre-du-caire-annule-sa-participation-du-festival-de-musique-symphonique-del-jem\/","og_locale":"fr_FR","og_type":"article","og_title":"Tunisie\u00a0: L\u2019Orchestre du Caire annule sa participation du Festival de musique symphonique d\u2019El Jem - Kapitalis","og_description":"L\u2019Orchestre symphonique du Caire vient de se retirer de la 36e \u00e9dition du Festival international de Musique symphonique d\u2019El Jem. La soir\u00e9e sera donc assur\u00e9e par un autre orchestre.","og_url":"https:\/\/kapitalis.com\/tunisie\/2023\/06\/27\/tunisie-lorchestre-du-caire-annule-sa-participation-du-festival-de-musique-symphonique-del-jem\/","og_site_name":"Kapitalis","article_publisher":"https:\/\/www.facebook.com\/KapitalisInfo\/","article_published_time":"2023-06-27T09:01:26+00:00","article_modified_time":"2023-06-27T09:01:28+00:00","og_image":[{"width":1200,"height":630,"url":"https:\/\/kapitalis.com\/tunisie\/wp-content\/uploads\/2023\/06\/Orchestre-symphonique-du-Caire.jpg","type":"image\/jpeg"}],"author":"Fawz BenAli","twitter_card":"summary_large_image","twitter_creator":"@KapitalisInfo","twitter_site":"@KapitalisInfo","twitter_misc":{"\u00c9crit par":"Fawz BenAli","Dur\u00e9e de lecture estim\u00e9e":"1 minute"},"schema":{"@context":"https:\/\/schema.org","@graph":[{"@type":"Article","@id":"https:\/\/kapitalis.com\/tunisie\/2023\/06\/27\/tunisie-lorchestre-du-caire-annule-sa-participation-du-festival-de-musique-symphonique-del-jem\/#article","isPartOf":{"@id":"https:\/\/kapitalis.com\/tunisie\/2023\/06\/27\/tunisie-lorchestre-du-caire-annule-sa-participation-du-festival-de-musique-symphonique-del-jem\/"},"author":{"name":"Fawz BenAli","@id":"https:\/\/kapitalis.com\/tunisie\/#\/schema\/person\/73a5ecc1f6ae540c6ed91342eadca948"},"headline":"Tunisie\u00a0: L\u2019Orchestre du Caire annule sa participation du Festival de musique symphonique d\u2019El Jem","datePublished":"2023-06-27T09:01:26+00:00","dateModified":"2023-06-27T09:01:28+00:00","mainEntityOfPage":{"@id":"https:\/\/kapitalis.com\/tunisie\/2023\/06\/27\/tunisie-lorchestre-du-caire-annule-sa-participation-du-festival-de-musique-symphonique-del-jem\/"},"wordCount":158,"commentCount":0,"publisher":{"@id":"https:\/\/kapitalis.com\/tunisie\/#organization"},"image":{"@id":"https:\/\/kapitalis.com\/tunisie\/2023\/06\/27\/tunisie-lorchestre-du-caire-annule-sa-participation-du-festival-de-musique-symphonique-del-jem\/#primaryimage"},"thumbnailUrl":"https:\/\/kapitalis.com\/tunisie\/wp-content\/uploads\/2023\/06\/Orchestre-symphonique-du-Caire.jpg","keywords":["Acad\u00e9mie du Th\u00e9\u00e2tre de l&#039;Op\u00e9ra de Tunis","Festival international de Musique symphonique d&#039;El Jem 2023","Orchestre symphonique du Caire","Tunisie"],"articleSection":["CULTURE","Tunisie"],"inLanguage":"fr-FR","potentialAction":[{"@type":"CommentAction","name":"Comment","target":["https:\/\/kapitalis.com\/tunisie\/2023\/06\/27\/tunisie-lorchestre-du-caire-annule-sa-participation-du-festival-de-musique-symphonique-del-jem\/#respond"]}]},{"@type":"WebPage","@id":"https:\/\/kapitalis.com\/tunisie\/2023\/06\/27\/tunisie-lorchestre-du-caire-annule-sa-participation-du-festival-de-musique-symphonique-del-jem\/","url":"https:\/\/kapitalis.com\/tunisie\/2023\/06\/27\/tunisie-lorchestre-du-caire-annule-sa-participation-du-festival-de-musique-symphonique-del-jem\/","name":"Tunisie\u00a0: L\u2019Orchestre du Caire annule sa participation du Festival de musique symphonique d\u2019El Jem - Kapitalis","isPartOf":{"@id":"https:\/\/kapitalis.com\/tunisie\/#website"},"primaryImageOfPage":{"@id":"https:\/\/kapitalis.com\/tunisie\/2023\/06\/27\/tunisie-lorchestre-du-caire-annule-sa-participation-du-festival-de-musique-symphonique-del-jem\/#primaryimage"},"image":{"@id":"https:\/\/kapitalis.com\/tunisie\/2023\/06\/27\/tunisie-lorchestre-du-caire-annule-sa-participation-du-festival-de-musique-symphonique-del-jem\/#primaryimage"},"thumbnailUrl":"https:\/\/kapitalis.com\/tunisie\/wp-content\/uploads\/2023\/06\/Orchestre-symphonique-du-Caire.jpg","datePublished":"2023-06-27T09:01:26+00:00","dateModified":"2023-06-27T09:01:28+00:00","breadcrumb":{"@id":"https:\/\/kapitalis.com\/tunisie\/2023\/06\/27\/tunisie-lorchestre-du-caire-annule-sa-participation-du-festival-de-musique-symphonique-del-jem\/#breadcrumb"},"inLanguage":"fr-FR","potentialAction":[{"@type":"ReadAction","target":["https:\/\/kapitalis.com\/tunisie\/2023\/06\/27\/tunisie-lorchestre-du-caire-annule-sa-participation-du-festival-de-musique-symphonique-del-jem\/"]}]},{"@type":"ImageObject","inLanguage":"fr-FR","@id":"https:\/\/kapitalis.com\/tunisie\/2023\/06\/27\/tunisie-lorchestre-du-caire-annule-sa-participation-du-festival-de-musique-symphonique-del-jem\/#primaryimage","url":"https:\/\/kapitalis.com\/tunisie\/wp-content\/uploads\/2023\/06\/Orchestre-symphonique-du-Caire.jpg","contentUrl":"https:\/\/kapitalis.com\/tunisie\/wp-content\/uploads\/2023\/06\/Orchestre-symphonique-du-Caire.jpg","width":1200,"height":630},{"@type":"BreadcrumbList","@id":"https:\/\/kapitalis.com\/tunisie\/2023\/06\/27\/tunisie-lorchestre-du-caire-annule-sa-participation-du-festival-de-musique-symphonique-del-jem\/#breadcrumb","itemListElement":[{"@type":"ListItem","position":1,"name":"Accueil","item":"https:\/\/kapitalis.com\/tunisie\/"},{"@type":"ListItem","position":2,"name":"Tunisie\u00a0: L\u2019Orchestre du Caire annule sa participation du Festival de musique symphonique d\u2019El Jem"}]},{"@type":"WebSite","@id":"https:\/\/kapitalis.com\/tunisie\/#website","url":"https:\/\/kapitalis.com\/tunisie\/","name":"Kapitalis","description":"L&#039;actualit\u00e9 en Tunisie et dans le monde","publisher":{"@id":"https:\/\/kapitalis.com\/tunisie\/#organization"},"potentialAction":[{"@type":"SearchAction","target":{"@type":"EntryPoint","urlTemplate":"https:\/\/kapitalis.com\/tunisie\/?s={search_term_string}"},"query-input":{"@type":"PropertyValueSpecification","valueRequired":true,"valueName":"search_term_string"}}],"inLanguage":"fr-FR"},{"@type":"Organization","@id":"https:\/\/kapitalis.com\/tunisie\/#organization","name":"Kapitalis","url":"https:\/\/kapitalis.com\/tunisie\/","logo":{"@type":"ImageObject","inLanguage":"fr-FR","@id":"https:\/\/kapitalis.com\/tunisie\/#\/schema\/logo\/image\/","url":"https:\/\/kapitalis.com\/tunisie\/wp-content\/uploads\/2022\/05\/Kapitalis-big-size.png","contentUrl":"https:\/\/kapitalis.com\/tunisie\/wp-content\/uploads\/2022\/05\/Kapitalis-big-size.png","width":5000,"height":1500,"caption":"Kapitalis"},"image":{"@id":"https:\/\/kapitalis.com\/tunisie\/#\/schema\/logo\/image\/"},"sameAs":["https:\/\/www.facebook.com\/KapitalisInfo\/","https:\/\/x.com\/KapitalisInfo","https:\/\/www.youtube.com\/channel\/UC-yDYrHyfFBWWZaOw3FPg9Q"]},{"@type":"Person","@id":"https:\/\/kapitalis.com\/tunisie\/#\/schema\/person\/73a5ecc1f6ae540c6ed91342eadca948","name":"Fawz BenAli","url":"https:\/\/kapitalis.com\/tunisie\/author\/fawz\/"}]}},"_links":{"self":[{"href":"https:\/\/kapitalis.com\/tunisie\/wp-json\/wp\/v2\/posts\/8562778","targetHints":{"allow":["GET"]}}],"collection":[{"href":"https:\/\/kapitalis.com\/tunisie\/wp-json\/wp\/v2\/posts"}],"about":[{"href":"https:\/\/kapitalis.com\/tunisie\/wp-json\/wp\/v2\/types\/post"}],"author":[{"embeddable":true,"href":"https:\/\/kapitalis.com\/tunisie\/wp-json\/wp\/v2\/users\/26"}],"replies":[{"embeddable":true,"href":"https:\/\/kapitalis.com\/tunisie\/wp-json\/wp\/v2\/comments?post=8562778"}],"version-history":[{"count":1,"href":"https:\/\/kapitalis.com\/tunisie\/wp-json\/wp\/v2\/posts\/8562778\/revisions"}],"predecessor-version":[{"id":8562955,"href":"https:\/\/kapitalis.com\/tunisie\/wp-json\/wp\/v2\/posts\/8562778\/revisions\/8562955"}],"wp:featuredmedia":[{"embeddable":true,"href":"https:\/\/kapitalis.com\/tunisie\/wp-json\/wp\/v2\/media\/8562942"}],"wp:attachment":[{"href":"https:\/\/kapitalis.com\/tunisie\/wp-json\/wp\/v2\/media?parent=8562778"}],"wp:term":[{"taxonomy":"category","embeddable":true,"href":"https:\/\/kapitalis.com\/tunisie\/wp-json\/wp\/v2\/categories?post=8562778"},{"taxonomy":"post_tag","embeddable":true,"href":"https:\/\/kapitalis.com\/tunisie\/wp-json\/wp\/v2\/tags?post=8562778"}],"curies":[{"name":"wp","href":"https:\/\/api.w.org\/{rel}","templated":true}]}}