{"id":85633,"date":"2017-03-05T16:52:19","date_gmt":"2017-03-05T15:52:19","guid":{"rendered":"http:\/\/kapitalis.com\/tunisie\/?p=85633"},"modified":"2017-03-05T16:52:55","modified_gmt":"2017-03-05T15:52:55","slug":"neji-jalloul-sera-t-il-sacrifie-par-nidaa-tounes-et-ennahdha","status":"publish","type":"post","link":"https:\/\/kapitalis.com\/tunisie\/2017\/03\/05\/neji-jalloul-sera-t-il-sacrifie-par-nidaa-tounes-et-ennahdha\/","title":{"rendered":"Neji Jalloul sera-t-il sacrifi\u00e9 par Nidaa Tounes et Ennahdha ?"},"content":{"rendered":"<p><img loading=\"lazy\" decoding=\"async\" class=\"alignnone size-full wp-image-84578 aligncenter\" src=\"http:\/\/kapitalis.com\/tunisie\/wp-content\/uploads\/2017\/02\/Youssef-Chahed-Neji-Jalloul.jpg\" alt=\"\" width=\"626\" height=\"380\" \/><\/p>\n<p><em><strong>Le ministre de l\u2019Education Neji Jalloul sera-t-il sacrifi\u00e9 sur l\u2019autel d\u2019une transaction politique entre Nidaa Tounes et Ennahdha?<\/strong> <\/em><\/p>\n<p><!--more--><\/p>\n<p>Cette question est d\u2019autant plus l\u00e9gitime que les directions des deux partis, qui dominent la coalition gouvernementale, ont discut\u00e9 d\u2019une issue \u00e0 la crise opposant les syndicats de l\u2019enseignement relevant de l\u2019Union g\u00e9n\u00e9rale tunisienne du travail (UGTT) et le ministre de l\u2019Education, et semblent m\u00eame s\u2019acheminer vers une solution jusque-l\u00e0 \u00e9cart\u00e9e par le chef du gouvernement Youssef Chahed, \u00e0 savoir le remplacement de Neji Jalloul dans le cadre d\u2019un nouveau remaniement minist\u00e9riel partiel qui sera annonc\u00e9 dans quelques semaines.<\/p>\n<p>Hafedh Ca\u00efd Essebsi, secr\u00e9taire ex\u00e9cutif autoproclam\u00e9 de Nidaa Tounes, qui a n\u00e9goci\u00e9 cette solution avec des dirigeants d\u2019Ennahdha, aurait m\u00eame propos\u00e9 une personnalit\u00e9 proche de Nidaa Tounes pour occuper le poste, nom que les islamistes ont accept\u00e9, car ils sont press\u00e9s de se d\u00e9barrasser d\u2019un fin politicien, qui a longtemps \u00e9t\u00e9 l\u2019un de leurs plus virulents opposants.<\/p>\n<p>Des sources ont indiqu\u00e9 \u00e0 Kapitalis que les deux partis ont m\u00eame soumis leur proposition au chef du gouvernement et avanc\u00e9 le nom d\u2019Hassen Annabi pour \u00eatre le prochain ministre de l\u2019Education.<\/p>\n<p>Historien et universitaire, Hassen Annabi conna\u00eet bien ce minist\u00e8re, puisqu\u2019il a occup\u00e9 du 7 mars au 24 d\u00e9cembre 2011 le poste de secr\u00e9taire d\u2019Etat aupr\u00e8s du ministre de l\u2019Education de l\u2019\u00e9poque, Taieb Baccouche, actuel secr\u00e9taire g\u00e9n\u00e9ral de l\u2019Union du Maghreb arabe (Uma).<\/p>\n<p style=\"text-align: right;\"><strong>Abderrazek Krimi<\/strong><\/p>\n","protected":false},"excerpt":{"rendered":"<p>Le ministre de l\u2019Education Neji Jalloul sera-t-il sacrifi\u00e9 sur l\u2019autel d\u2019une transaction politique entre Nidaa Tounes et Ennahdha?<\/p>\n","protected":false},"author":8,"featured_media":0,"comment_status":"open","ping_status":"open","sticky":false,"template":"","format":"standard","meta":{"footnotes":""},"categories":[997,2433],"tags":[],"class_list":["post-85633","post","type-post","status-publish","format-standard","hentry","category-politique","category-tunisie"],"yoast_head":"<!-- This site is optimized with the Yoast SEO plugin v26.6 - https:\/\/yoast.com\/wordpress\/plugins\/seo\/ -->\n<title>Neji Jalloul sera-t-il sacrifi\u00e9 par Nidaa Tounes et Ennahdha ? - Kapitalis<\/title>\n<meta name=\"robots\" content=\"index, follow, max-snippet:-1, max-image-preview:large, max-video-preview:-1\" \/>\n<link rel=\"canonical\" href=\"https:\/\/kapitalis.com\/tunisie\/2017\/03\/05\/neji-jalloul-sera-t-il-sacrifie-par-nidaa-tounes-et-ennahdha\/\" \/>\n<meta property=\"og:locale\" content=\"fr_FR\" \/>\n<meta property=\"og:type\" content=\"article\" \/>\n<meta property=\"og:title\" content=\"Neji Jalloul sera-t-il sacrifi\u00e9 par Nidaa Tounes et Ennahdha ? - Kapitalis\" \/>\n<meta property=\"og:description\" content=\"Le ministre de l\u2019Education Neji Jalloul sera-t-il sacrifi\u00e9 sur l\u2019autel d\u2019une transaction politique entre Nidaa Tounes et Ennahdha?\" \/>\n<meta property=\"og:url\" content=\"https:\/\/kapitalis.com\/tunisie\/2017\/03\/05\/neji-jalloul-sera-t-il-sacrifie-par-nidaa-tounes-et-ennahdha\/\" \/>\n<meta property=\"og:site_name\" content=\"Kapitalis\" \/>\n<meta property=\"article:publisher\" content=\"https:\/\/www.facebook.com\/KapitalisInfo\/\" \/>\n<meta property=\"article:published_time\" content=\"2017-03-05T15:52:19+00:00\" \/>\n<meta property=\"article:modified_time\" content=\"2017-03-05T15:52:55+00:00\" \/>\n<meta property=\"og:image\" content=\"http:\/\/kapitalis.com\/tunisie\/wp-content\/uploads\/2017\/02\/Youssef-Chahed-Neji-Jalloul.jpg\" \/>\n<meta name=\"author\" content=\"webmaster kapitalis\" \/>\n<meta name=\"twitter:card\" content=\"summary_large_image\" \/>\n<meta name=\"twitter:creator\" content=\"@KapitalisInfo\" \/>\n<meta name=\"twitter:site\" content=\"@KapitalisInfo\" \/>\n<meta name=\"twitter:label1\" content=\"\u00c9crit par\" \/>\n\t<meta name=\"twitter:data1\" content=\"webmaster kapitalis\" \/>\n\t<meta name=\"twitter:label2\" content=\"Dur\u00e9e de lecture estim\u00e9e\" \/>\n\t<meta name=\"twitter:data2\" content=\"1 minute\" \/>\n<script type=\"application\/ld+json\" class=\"yoast-schema-graph\">{\"@context\":\"https:\/\/schema.org\",\"@graph\":[{\"@type\":\"Article\",\"@id\":\"https:\/\/kapitalis.com\/tunisie\/2017\/03\/05\/neji-jalloul-sera-t-il-sacrifie-par-nidaa-tounes-et-ennahdha\/#article\",\"isPartOf\":{\"@id\":\"https:\/\/kapitalis.com\/tunisie\/2017\/03\/05\/neji-jalloul-sera-t-il-sacrifie-par-nidaa-tounes-et-ennahdha\/\"},\"author\":{\"name\":\"webmaster kapitalis\",\"@id\":\"https:\/\/kapitalis.com\/tunisie\/#\/schema\/person\/d71f33a9ca44f7bad4698210b480c8e9\"},\"headline\":\"Neji Jalloul sera-t-il sacrifi\u00e9 par Nidaa Tounes et Ennahdha ?\",\"datePublished\":\"2017-03-05T15:52:19+00:00\",\"dateModified\":\"2017-03-05T15:52:55+00:00\",\"mainEntityOfPage\":{\"@id\":\"https:\/\/kapitalis.com\/tunisie\/2017\/03\/05\/neji-jalloul-sera-t-il-sacrifie-par-nidaa-tounes-et-ennahdha\/\"},\"wordCount\":275,\"commentCount\":12,\"publisher\":{\"@id\":\"https:\/\/kapitalis.com\/tunisie\/#organization\"},\"image\":{\"@id\":\"https:\/\/kapitalis.com\/tunisie\/2017\/03\/05\/neji-jalloul-sera-t-il-sacrifie-par-nidaa-tounes-et-ennahdha\/#primaryimage\"},\"thumbnailUrl\":\"http:\/\/kapitalis.com\/tunisie\/wp-content\/uploads\/2017\/02\/Youssef-Chahed-Neji-Jalloul.jpg\",\"articleSection\":[\"POLITIQUE\",\"Tunisie\"],\"inLanguage\":\"fr-FR\",\"potentialAction\":[{\"@type\":\"CommentAction\",\"name\":\"Comment\",\"target\":[\"https:\/\/kapitalis.com\/tunisie\/2017\/03\/05\/neji-jalloul-sera-t-il-sacrifie-par-nidaa-tounes-et-ennahdha\/#respond\"]}]},{\"@type\":\"WebPage\",\"@id\":\"https:\/\/kapitalis.com\/tunisie\/2017\/03\/05\/neji-jalloul-sera-t-il-sacrifie-par-nidaa-tounes-et-ennahdha\/\",\"url\":\"https:\/\/kapitalis.com\/tunisie\/2017\/03\/05\/neji-jalloul-sera-t-il-sacrifie-par-nidaa-tounes-et-ennahdha\/\",\"name\":\"Neji Jalloul sera-t-il sacrifi\u00e9 par Nidaa Tounes et Ennahdha ? - Kapitalis\",\"isPartOf\":{\"@id\":\"https:\/\/kapitalis.com\/tunisie\/#website\"},\"primaryImageOfPage\":{\"@id\":\"https:\/\/kapitalis.com\/tunisie\/2017\/03\/05\/neji-jalloul-sera-t-il-sacrifie-par-nidaa-tounes-et-ennahdha\/#primaryimage\"},\"image\":{\"@id\":\"https:\/\/kapitalis.com\/tunisie\/2017\/03\/05\/neji-jalloul-sera-t-il-sacrifie-par-nidaa-tounes-et-ennahdha\/#primaryimage\"},\"thumbnailUrl\":\"http:\/\/kapitalis.com\/tunisie\/wp-content\/uploads\/2017\/02\/Youssef-Chahed-Neji-Jalloul.jpg\",\"datePublished\":\"2017-03-05T15:52:19+00:00\",\"dateModified\":\"2017-03-05T15:52:55+00:00\",\"breadcrumb\":{\"@id\":\"https:\/\/kapitalis.com\/tunisie\/2017\/03\/05\/neji-jalloul-sera-t-il-sacrifie-par-nidaa-tounes-et-ennahdha\/#breadcrumb\"},\"inLanguage\":\"fr-FR\",\"potentialAction\":[{\"@type\":\"ReadAction\",\"target\":[\"https:\/\/kapitalis.com\/tunisie\/2017\/03\/05\/neji-jalloul-sera-t-il-sacrifie-par-nidaa-tounes-et-ennahdha\/\"]}]},{\"@type\":\"ImageObject\",\"inLanguage\":\"fr-FR\",\"@id\":\"https:\/\/kapitalis.com\/tunisie\/2017\/03\/05\/neji-jalloul-sera-t-il-sacrifie-par-nidaa-tounes-et-ennahdha\/#primaryimage\",\"url\":\"http:\/\/kapitalis.com\/tunisie\/wp-content\/uploads\/2017\/02\/Youssef-Chahed-Neji-Jalloul.jpg\",\"contentUrl\":\"http:\/\/kapitalis.com\/tunisie\/wp-content\/uploads\/2017\/02\/Youssef-Chahed-Neji-Jalloul.jpg\"},{\"@type\":\"BreadcrumbList\",\"@id\":\"https:\/\/kapitalis.com\/tunisie\/2017\/03\/05\/neji-jalloul-sera-t-il-sacrifie-par-nidaa-tounes-et-ennahdha\/#breadcrumb\",\"itemListElement\":[{\"@type\":\"ListItem\",\"position\":1,\"name\":\"Accueil\",\"item\":\"https:\/\/kapitalis.com\/tunisie\/\"},{\"@type\":\"ListItem\",\"position\":2,\"name\":\"Neji Jalloul sera-t-il sacrifi\u00e9 par Nidaa Tounes et Ennahdha ?\"}]},{\"@type\":\"WebSite\",\"@id\":\"https:\/\/kapitalis.com\/tunisie\/#website\",\"url\":\"https:\/\/kapitalis.com\/tunisie\/\",\"name\":\"Kapitalis\",\"description\":\"L&#039;actualit\u00e9 en Tunisie et dans le monde\",\"publisher\":{\"@id\":\"https:\/\/kapitalis.com\/tunisie\/#organization\"},\"potentialAction\":[{\"@type\":\"SearchAction\",\"target\":{\"@type\":\"EntryPoint\",\"urlTemplate\":\"https:\/\/kapitalis.com\/tunisie\/?s={search_term_string}\"},\"query-input\":{\"@type\":\"PropertyValueSpecification\",\"valueRequired\":true,\"valueName\":\"search_term_string\"}}],\"inLanguage\":\"fr-FR\"},{\"@type\":\"Organization\",\"@id\":\"https:\/\/kapitalis.com\/tunisie\/#organization\",\"name\":\"Kapitalis\",\"url\":\"https:\/\/kapitalis.com\/tunisie\/\",\"logo\":{\"@type\":\"ImageObject\",\"inLanguage\":\"fr-FR\",\"@id\":\"https:\/\/kapitalis.com\/tunisie\/#\/schema\/logo\/image\/\",\"url\":\"https:\/\/kapitalis.com\/tunisie\/wp-content\/uploads\/2022\/05\/Kapitalis-big-size.png\",\"contentUrl\":\"https:\/\/kapitalis.com\/tunisie\/wp-content\/uploads\/2022\/05\/Kapitalis-big-size.png\",\"width\":5000,\"height\":1500,\"caption\":\"Kapitalis\"},\"image\":{\"@id\":\"https:\/\/kapitalis.com\/tunisie\/#\/schema\/logo\/image\/\"},\"sameAs\":[\"https:\/\/www.facebook.com\/KapitalisInfo\/\",\"https:\/\/x.com\/KapitalisInfo\",\"https:\/\/www.youtube.com\/channel\/UC-yDYrHyfFBWWZaOw3FPg9Q\"]},{\"@type\":\"Person\",\"@id\":\"https:\/\/kapitalis.com\/tunisie\/#\/schema\/person\/d71f33a9ca44f7bad4698210b480c8e9\",\"name\":\"webmaster kapitalis\",\"url\":\"https:\/\/kapitalis.com\/tunisie\/author\/webmaster-kapitalis\/\"}]}<\/script>\n<!-- \/ Yoast SEO plugin. -->","yoast_head_json":{"title":"Neji Jalloul sera-t-il sacrifi\u00e9 par Nidaa Tounes et Ennahdha ? - Kapitalis","robots":{"index":"index","follow":"follow","max-snippet":"max-snippet:-1","max-image-preview":"max-image-preview:large","max-video-preview":"max-video-preview:-1"},"canonical":"https:\/\/kapitalis.com\/tunisie\/2017\/03\/05\/neji-jalloul-sera-t-il-sacrifie-par-nidaa-tounes-et-ennahdha\/","og_locale":"fr_FR","og_type":"article","og_title":"Neji Jalloul sera-t-il sacrifi\u00e9 par Nidaa Tounes et Ennahdha ? - Kapitalis","og_description":"Le ministre de l\u2019Education Neji Jalloul sera-t-il sacrifi\u00e9 sur l\u2019autel d\u2019une transaction politique entre Nidaa Tounes et Ennahdha?","og_url":"https:\/\/kapitalis.com\/tunisie\/2017\/03\/05\/neji-jalloul-sera-t-il-sacrifie-par-nidaa-tounes-et-ennahdha\/","og_site_name":"Kapitalis","article_publisher":"https:\/\/www.facebook.com\/KapitalisInfo\/","article_published_time":"2017-03-05T15:52:19+00:00","article_modified_time":"2017-03-05T15:52:55+00:00","og_image":[{"url":"http:\/\/kapitalis.com\/tunisie\/wp-content\/uploads\/2017\/02\/Youssef-Chahed-Neji-Jalloul.jpg","type":"","width":"","height":""}],"author":"webmaster kapitalis","twitter_card":"summary_large_image","twitter_creator":"@KapitalisInfo","twitter_site":"@KapitalisInfo","twitter_misc":{"\u00c9crit par":"webmaster kapitalis","Dur\u00e9e de lecture estim\u00e9e":"1 minute"},"schema":{"@context":"https:\/\/schema.org","@graph":[{"@type":"Article","@id":"https:\/\/kapitalis.com\/tunisie\/2017\/03\/05\/neji-jalloul-sera-t-il-sacrifie-par-nidaa-tounes-et-ennahdha\/#article","isPartOf":{"@id":"https:\/\/kapitalis.com\/tunisie\/2017\/03\/05\/neji-jalloul-sera-t-il-sacrifie-par-nidaa-tounes-et-ennahdha\/"},"author":{"name":"webmaster kapitalis","@id":"https:\/\/kapitalis.com\/tunisie\/#\/schema\/person\/d71f33a9ca44f7bad4698210b480c8e9"},"headline":"Neji Jalloul sera-t-il sacrifi\u00e9 par Nidaa Tounes et Ennahdha ?","datePublished":"2017-03-05T15:52:19+00:00","dateModified":"2017-03-05T15:52:55+00:00","mainEntityOfPage":{"@id":"https:\/\/kapitalis.com\/tunisie\/2017\/03\/05\/neji-jalloul-sera-t-il-sacrifie-par-nidaa-tounes-et-ennahdha\/"},"wordCount":275,"commentCount":12,"publisher":{"@id":"https:\/\/kapitalis.com\/tunisie\/#organization"},"image":{"@id":"https:\/\/kapitalis.com\/tunisie\/2017\/03\/05\/neji-jalloul-sera-t-il-sacrifie-par-nidaa-tounes-et-ennahdha\/#primaryimage"},"thumbnailUrl":"http:\/\/kapitalis.com\/tunisie\/wp-content\/uploads\/2017\/02\/Youssef-Chahed-Neji-Jalloul.jpg","articleSection":["POLITIQUE","Tunisie"],"inLanguage":"fr-FR","potentialAction":[{"@type":"CommentAction","name":"Comment","target":["https:\/\/kapitalis.com\/tunisie\/2017\/03\/05\/neji-jalloul-sera-t-il-sacrifie-par-nidaa-tounes-et-ennahdha\/#respond"]}]},{"@type":"WebPage","@id":"https:\/\/kapitalis.com\/tunisie\/2017\/03\/05\/neji-jalloul-sera-t-il-sacrifie-par-nidaa-tounes-et-ennahdha\/","url":"https:\/\/kapitalis.com\/tunisie\/2017\/03\/05\/neji-jalloul-sera-t-il-sacrifie-par-nidaa-tounes-et-ennahdha\/","name":"Neji Jalloul sera-t-il sacrifi\u00e9 par Nidaa Tounes et Ennahdha ? - Kapitalis","isPartOf":{"@id":"https:\/\/kapitalis.com\/tunisie\/#website"},"primaryImageOfPage":{"@id":"https:\/\/kapitalis.com\/tunisie\/2017\/03\/05\/neji-jalloul-sera-t-il-sacrifie-par-nidaa-tounes-et-ennahdha\/#primaryimage"},"image":{"@id":"https:\/\/kapitalis.com\/tunisie\/2017\/03\/05\/neji-jalloul-sera-t-il-sacrifie-par-nidaa-tounes-et-ennahdha\/#primaryimage"},"thumbnailUrl":"http:\/\/kapitalis.com\/tunisie\/wp-content\/uploads\/2017\/02\/Youssef-Chahed-Neji-Jalloul.jpg","datePublished":"2017-03-05T15:52:19+00:00","dateModified":"2017-03-05T15:52:55+00:00","breadcrumb":{"@id":"https:\/\/kapitalis.com\/tunisie\/2017\/03\/05\/neji-jalloul-sera-t-il-sacrifie-par-nidaa-tounes-et-ennahdha\/#breadcrumb"},"inLanguage":"fr-FR","potentialAction":[{"@type":"ReadAction","target":["https:\/\/kapitalis.com\/tunisie\/2017\/03\/05\/neji-jalloul-sera-t-il-sacrifie-par-nidaa-tounes-et-ennahdha\/"]}]},{"@type":"ImageObject","inLanguage":"fr-FR","@id":"https:\/\/kapitalis.com\/tunisie\/2017\/03\/05\/neji-jalloul-sera-t-il-sacrifie-par-nidaa-tounes-et-ennahdha\/#primaryimage","url":"http:\/\/kapitalis.com\/tunisie\/wp-content\/uploads\/2017\/02\/Youssef-Chahed-Neji-Jalloul.jpg","contentUrl":"http:\/\/kapitalis.com\/tunisie\/wp-content\/uploads\/2017\/02\/Youssef-Chahed-Neji-Jalloul.jpg"},{"@type":"BreadcrumbList","@id":"https:\/\/kapitalis.com\/tunisie\/2017\/03\/05\/neji-jalloul-sera-t-il-sacrifie-par-nidaa-tounes-et-ennahdha\/#breadcrumb","itemListElement":[{"@type":"ListItem","position":1,"name":"Accueil","item":"https:\/\/kapitalis.com\/tunisie\/"},{"@type":"ListItem","position":2,"name":"Neji Jalloul sera-t-il sacrifi\u00e9 par Nidaa Tounes et Ennahdha ?"}]},{"@type":"WebSite","@id":"https:\/\/kapitalis.com\/tunisie\/#website","url":"https:\/\/kapitalis.com\/tunisie\/","name":"Kapitalis","description":"L&#039;actualit\u00e9 en Tunisie et dans le monde","publisher":{"@id":"https:\/\/kapitalis.com\/tunisie\/#organization"},"potentialAction":[{"@type":"SearchAction","target":{"@type":"EntryPoint","urlTemplate":"https:\/\/kapitalis.com\/tunisie\/?s={search_term_string}"},"query-input":{"@type":"PropertyValueSpecification","valueRequired":true,"valueName":"search_term_string"}}],"inLanguage":"fr-FR"},{"@type":"Organization","@id":"https:\/\/kapitalis.com\/tunisie\/#organization","name":"Kapitalis","url":"https:\/\/kapitalis.com\/tunisie\/","logo":{"@type":"ImageObject","inLanguage":"fr-FR","@id":"https:\/\/kapitalis.com\/tunisie\/#\/schema\/logo\/image\/","url":"https:\/\/kapitalis.com\/tunisie\/wp-content\/uploads\/2022\/05\/Kapitalis-big-size.png","contentUrl":"https:\/\/kapitalis.com\/tunisie\/wp-content\/uploads\/2022\/05\/Kapitalis-big-size.png","width":5000,"height":1500,"caption":"Kapitalis"},"image":{"@id":"https:\/\/kapitalis.com\/tunisie\/#\/schema\/logo\/image\/"},"sameAs":["https:\/\/www.facebook.com\/KapitalisInfo\/","https:\/\/x.com\/KapitalisInfo","https:\/\/www.youtube.com\/channel\/UC-yDYrHyfFBWWZaOw3FPg9Q"]},{"@type":"Person","@id":"https:\/\/kapitalis.com\/tunisie\/#\/schema\/person\/d71f33a9ca44f7bad4698210b480c8e9","name":"webmaster kapitalis","url":"https:\/\/kapitalis.com\/tunisie\/author\/webmaster-kapitalis\/"}]}},"_links":{"self":[{"href":"https:\/\/kapitalis.com\/tunisie\/wp-json\/wp\/v2\/posts\/85633","targetHints":{"allow":["GET"]}}],"collection":[{"href":"https:\/\/kapitalis.com\/tunisie\/wp-json\/wp\/v2\/posts"}],"about":[{"href":"https:\/\/kapitalis.com\/tunisie\/wp-json\/wp\/v2\/types\/post"}],"author":[{"embeddable":true,"href":"https:\/\/kapitalis.com\/tunisie\/wp-json\/wp\/v2\/users\/8"}],"replies":[{"embeddable":true,"href":"https:\/\/kapitalis.com\/tunisie\/wp-json\/wp\/v2\/comments?post=85633"}],"version-history":[{"count":0,"href":"https:\/\/kapitalis.com\/tunisie\/wp-json\/wp\/v2\/posts\/85633\/revisions"}],"wp:attachment":[{"href":"https:\/\/kapitalis.com\/tunisie\/wp-json\/wp\/v2\/media?parent=85633"}],"wp:term":[{"taxonomy":"category","embeddable":true,"href":"https:\/\/kapitalis.com\/tunisie\/wp-json\/wp\/v2\/categories?post=85633"},{"taxonomy":"post_tag","embeddable":true,"href":"https:\/\/kapitalis.com\/tunisie\/wp-json\/wp\/v2\/tags?post=85633"}],"curies":[{"name":"wp","href":"https:\/\/api.w.org\/{rel}","templated":true}]}}