{"id":8565423,"date":"2023-06-27T13:22:51","date_gmt":"2023-06-27T12:22:51","guid":{"rendered":"https:\/\/kapitalis.com\/tunisie\/?p=8565423"},"modified":"2023-06-27T13:22:52","modified_gmt":"2023-06-27T12:22:52","slug":"kais-saied-et-les-saboteurs-une-fiction-a-plusieurs-inconnues","status":"publish","type":"post","link":"https:\/\/kapitalis.com\/tunisie\/2023\/06\/27\/kais-saied-et-les-saboteurs-une-fiction-a-plusieurs-inconnues\/","title":{"rendered":"Ka\u00efs Sa\u00efed et les saboteurs, une fiction \u00e0 plusieurs inconnues"},"content":{"rendered":"\n<p><strong><em>Le pr\u00e9sident Ka\u00efs Sa\u00efed pense-t-il vraiment que l\u2019administration publique est en train de saboter le travail de l\u2019Etat\u00a0dont il a la charge ? Si c\u2019est le cas, quelles d\u00e9cisions pourraient-ils prendre pour d\u00e9bloquer la machine et relancer la croissance \u00e9conomique dans un pays en panne? \u00a0\u00a0\u00a0<\/em><\/strong><\/p>\n\n\n\n<p>Par <strong>Imed Bahri<\/strong><\/p>\n\n\n\n<!--more-->\n\n\n\n<p>En recevant la Premi\u00e8re ministre Najla Bouden, lundi 26 juin 2023, au palais de Carthage, le pr\u00e9sident de la R\u00e9publique Ka\u00efs Sa\u00efed a tenu un discours aussi surprenant qu&rsquo;inqui\u00e9tant, o\u00f9 il a laiss\u00e9 entendre qu\u2019une partie de l\u2019administration publique, dont il est le principal responsable, en tant que chef de l\u2019ex\u00e9cutif, est en train de faire obstruction au travail de l\u2019Etat.<\/p>\n\n\n\n<p>Selon un communiqu\u00e9 de presse diffus\u00e9 par la pr\u00e9sidence de la r\u00e9publique, Ka\u00efs Sa\u00efed a &nbsp;examin\u00e9 avec Najla Bouden l\u2019avancement du travail du gouvernement ces derniers jours, en appelant tous ceux qui ont des responsabilit\u00e9s au sein de l\u2019Etat \u00e0 assumer leur devoir sacr\u00e9 envers la patrie et le peuple, ajoutant que beaucoup parmi ces derniers h\u00e9sitent \u00e0 prendre une d\u00e9cision ou cherchent \u00e0 en perturber l\u2019ex\u00e9cution.<\/p>\n\n\n\n<h2 class=\"wp-block-heading\">Les saboteurs \u00e0 la man\u0153uvre \u00a0<\/h2>\n\n\n\n<p>Le chef de l\u2019Etat a averti que la situation ne peut pas continuer ainsi, d\u2019autant plus que les projets existent et que les fonds n\u00e9cessaires \u00e0 leur mise en \u0153uvre ont \u00e9t\u00e9 allou\u00e9s, soulignant que tout responsable de l\u2019administration publique doit accomplir la mission qui lui est confi\u00e9e, sinon il doit laisser la responsabilit\u00e9 \u00e0 ceux qui en sont dignes et qui veulent servir la patrie et le peuple.<\/p>\n\n\n\n<figure class=\"wp-block-embed is-type-wp-embed is-provider-kapitalis wp-block-embed-kapitalis\"><div class=\"wp-block-embed__wrapper\">\n<blockquote class=\"wp-embedded-content\" data-secret=\"yAtsz5i79x\"><a href=\"https:\/\/kapitalis.com\/tunisie\/2023\/05\/13\/administration-publique-en-tunisie-assainissement-ou-chasse-aux-sorcieres\/\">Administration publique en Tunisie : assainissement ou chasse aux sorci\u00e8res ?<\/a><\/blockquote><iframe loading=\"lazy\" class=\"wp-embedded-content\" sandbox=\"allow-scripts\" security=\"restricted\" style=\"position: absolute; clip: rect(1px, 1px, 1px, 1px);\" title=\"\u00ab\u00a0Administration publique en Tunisie : assainissement ou chasse aux sorci\u00e8res ?\u00a0\u00bb &#8212; Kapitalis\" src=\"https:\/\/kapitalis.com\/tunisie\/2023\/05\/13\/administration-publique-en-tunisie-assainissement-ou-chasse-aux-sorcieres\/embed\/#?secret=UtXTAMXCdS#?secret=yAtsz5i79x\" data-secret=\"yAtsz5i79x\" width=\"600\" height=\"338\" frameborder=\"0\" marginwidth=\"0\" marginheight=\"0\" scrolling=\"no\"><\/iframe>\n<\/div><\/figure>\n\n\n\n<p>Le pr\u00e9sident de la r\u00e9publique a \u00e9galement exhort\u00e9 les Tunisiens \u00e0 travailler, \u00e0 cr\u00e9er de la richesse et \u00e0 compter sur eux-m\u00eames, en affirmant que <em>\u00abnos moyens sont importants et notre volont\u00e9 est plus grande pour relever tous les d\u00e9fis, et avec nos bras et notre richesse humaine nous pouvons construire un avenir sans que personne de l\u2019ext\u00e9rieur ne vienne nous imposer ce que notre peuple rejette et qui hypoth\u00e8que notre volont\u00e9 et notre ind\u00e9pendance\u00bb<\/em>.<\/p>\n\n\n\n<p>Comme \u00e0 son habitude, le pr\u00e9sident ne cite pas des faits pr\u00e9cis ni ne nomme les parties ou les personnes qu\u2019il accuse de saboter l\u2019action de l\u2019Etat et d\u00e9signe ainsi \u00e0 la vindicte populaire.<\/p>\n\n\n\n<p>Ces criminels en col blancs sont, on l\u2019a compris, \u00e0 l\u2019origine de tout ce qui ne marche pas dans le pays et, ils sont ainsi d\u00e9sign\u00e9s comme les principaux responsables du bilan tr\u00e8s mitig\u00e9 du pr\u00e9sident de la r\u00e9publique, qui d\u00e9tient tous les pouvoirs dans le pays, et de <em>\u00abson\u00bb<\/em> gouvernement (dont il a choisi tous les membres au peigne fin).<\/p>\n\n\n\n<h2 class=\"wp-block-heading\">Une ambiance d\u00e9l\u00e9t\u00e8re<\/h2>\n\n\n\n<p>Est-ce que ce rappel \u00e0 l\u2019ordre sous forme de constat va \u00eatre suivi d\u2019une purge au sein de l\u2019administration publique&nbsp;pour mettre hors d\u2019\u00e9tat de nuire les \u00e9l\u00e9ments les plus nuisibles ?<\/p>\n\n\n\n<p>On pourrait s\u00e9rieusement le craindre, d\u2019autant que ces menaces \u00e0 peine voil\u00e9es risquent de bloquer davantage le travail des agents publics qui sont d\u00e9j\u00e0 paralys\u00e9s par la crainte de commettre des erreurs dont ils auraient \u00e0 rendre compte devant la justice.<\/p>\n\n\n\n<p>Cette ambiance d\u00e9l\u00e9t\u00e8re, o\u00f9 r\u00e8gnent les doutes et les suspicions, est peu propice \u00e0 la restauration de la confiance, laquelle est n\u00e9cessaire \u00e0 la relance \u00e9conomique esp\u00e9r\u00e9e. Aussi, les d\u00e9clarations pr\u00e9sidentielles laissent-elles pantois. Car si elles ne sont pas suivies de d\u00e9cisions concr\u00e8tes visant \u00e0 assainir le climat g\u00e9n\u00e9ral au sein de l\u2019administration publique, le risque est grand de les voir ajouter aux blocages actuels dont souffre le pays \u00e0 tous les niveaux.<\/p>\n\n\n\n<figure class=\"wp-block-embed is-type-wp-embed is-provider-kapitalis wp-block-embed-kapitalis\"><div class=\"wp-block-embed__wrapper\">\n<blockquote class=\"wp-embedded-content\" data-secret=\"VNdW5aZ30m\"><a href=\"https:\/\/kapitalis.com\/tunisie\/2023\/05\/09\/tunisie-le-president-saied-est-il-sabote-par-ladministration-publique\/\">Tunisie : le pr\u00e9sident Sa\u00efed est-il sabot\u00e9 par l&rsquo;administration publique ?<\/a><\/blockquote><iframe loading=\"lazy\" class=\"wp-embedded-content\" sandbox=\"allow-scripts\" security=\"restricted\" style=\"position: absolute; clip: rect(1px, 1px, 1px, 1px);\" title=\"\u00ab\u00a0Tunisie : le pr\u00e9sident Sa\u00efed est-il sabot\u00e9 par l&rsquo;administration publique ?\u00a0\u00bb &#8212; Kapitalis\" src=\"https:\/\/kapitalis.com\/tunisie\/2023\/05\/09\/tunisie-le-president-saied-est-il-sabote-par-ladministration-publique\/embed\/#?secret=C9rYCGyirR#?secret=VNdW5aZ30m\" data-secret=\"VNdW5aZ30m\" width=\"600\" height=\"338\" frameborder=\"0\" marginwidth=\"0\" marginheight=\"0\" scrolling=\"no\"><\/iframe>\n<\/div><\/figure>\n","protected":false},"excerpt":{"rendered":"<p>Le pr\u00e9sident Ka\u00efs Sa\u00efed pense-t-il vraiment que l\u2019administration publique est en train de saboter le travail de l\u2019Etat\u00a0dont il a la charge ? <\/p>\n","protected":false},"author":8,"featured_media":8565501,"comment_status":"open","ping_status":"open","sticky":false,"template":"","format":"standard","meta":{"footnotes":""},"categories":[992,997,2433],"tags":[76012,93722,62643],"class_list":["post-8565423","post","type-post","status-publish","format-standard","has-post-thumbnail","hentry","category-a-la-une","category-politique","category-tunisie","tag-kais-saied-2","tag-najla-bouden-romdhane","tag-tunisie"],"yoast_head":"<!-- This site is optimized with the Yoast SEO plugin v26.6 - https:\/\/yoast.com\/wordpress\/plugins\/seo\/ -->\n<title>Ka\u00efs Sa\u00efed et les saboteurs, une fiction \u00e0 plusieurs inconnues - Kapitalis<\/title>\n<meta name=\"robots\" content=\"index, follow, max-snippet:-1, max-image-preview:large, max-video-preview:-1\" \/>\n<link rel=\"canonical\" href=\"https:\/\/kapitalis.com\/tunisie\/2023\/06\/27\/kais-saied-et-les-saboteurs-une-fiction-a-plusieurs-inconnues\/\" \/>\n<meta property=\"og:locale\" content=\"fr_FR\" \/>\n<meta property=\"og:type\" content=\"article\" \/>\n<meta property=\"og:title\" content=\"Ka\u00efs Sa\u00efed et les saboteurs, une fiction \u00e0 plusieurs inconnues - Kapitalis\" \/>\n<meta property=\"og:description\" content=\"Le pr\u00e9sident Ka\u00efs Sa\u00efed pense-t-il vraiment que l\u2019administration publique est en train de saboter le travail de l\u2019Etat\u00a0dont il a la charge ?\" \/>\n<meta property=\"og:url\" content=\"https:\/\/kapitalis.com\/tunisie\/2023\/06\/27\/kais-saied-et-les-saboteurs-une-fiction-a-plusieurs-inconnues\/\" \/>\n<meta property=\"og:site_name\" content=\"Kapitalis\" \/>\n<meta property=\"article:publisher\" content=\"https:\/\/www.facebook.com\/KapitalisInfo\/\" \/>\n<meta property=\"article:published_time\" content=\"2023-06-27T12:22:51+00:00\" \/>\n<meta property=\"article:modified_time\" content=\"2023-06-27T12:22:52+00:00\" \/>\n<meta property=\"og:image\" content=\"https:\/\/kapitalis.com\/tunisie\/wp-content\/uploads\/2023\/06\/Kais-Saied-Najla-Bouden.gif\" \/>\n\t<meta property=\"og:image:width\" content=\"1200\" \/>\n\t<meta property=\"og:image:height\" content=\"630\" \/>\n\t<meta property=\"og:image:type\" content=\"image\/gif\" \/>\n<meta name=\"author\" content=\"webmaster kapitalis\" \/>\n<meta name=\"twitter:card\" content=\"summary_large_image\" \/>\n<meta name=\"twitter:creator\" content=\"@KapitalisInfo\" \/>\n<meta name=\"twitter:site\" content=\"@KapitalisInfo\" \/>\n<meta name=\"twitter:label1\" content=\"\u00c9crit par\" \/>\n\t<meta name=\"twitter:data1\" content=\"webmaster kapitalis\" \/>\n\t<meta name=\"twitter:label2\" content=\"Dur\u00e9e de lecture estim\u00e9e\" \/>\n\t<meta name=\"twitter:data2\" content=\"3 minutes\" \/>\n<script type=\"application\/ld+json\" class=\"yoast-schema-graph\">{\"@context\":\"https:\/\/schema.org\",\"@graph\":[{\"@type\":\"Article\",\"@id\":\"https:\/\/kapitalis.com\/tunisie\/2023\/06\/27\/kais-saied-et-les-saboteurs-une-fiction-a-plusieurs-inconnues\/#article\",\"isPartOf\":{\"@id\":\"https:\/\/kapitalis.com\/tunisie\/2023\/06\/27\/kais-saied-et-les-saboteurs-une-fiction-a-plusieurs-inconnues\/\"},\"author\":{\"name\":\"webmaster kapitalis\",\"@id\":\"https:\/\/kapitalis.com\/tunisie\/#\/schema\/person\/d71f33a9ca44f7bad4698210b480c8e9\"},\"headline\":\"Ka\u00efs Sa\u00efed et les saboteurs, une fiction \u00e0 plusieurs inconnues\",\"datePublished\":\"2023-06-27T12:22:51+00:00\",\"dateModified\":\"2023-06-27T12:22:52+00:00\",\"mainEntityOfPage\":{\"@id\":\"https:\/\/kapitalis.com\/tunisie\/2023\/06\/27\/kais-saied-et-les-saboteurs-une-fiction-a-plusieurs-inconnues\/\"},\"wordCount\":657,\"commentCount\":9,\"publisher\":{\"@id\":\"https:\/\/kapitalis.com\/tunisie\/#organization\"},\"image\":{\"@id\":\"https:\/\/kapitalis.com\/tunisie\/2023\/06\/27\/kais-saied-et-les-saboteurs-une-fiction-a-plusieurs-inconnues\/#primaryimage\"},\"thumbnailUrl\":\"https:\/\/kapitalis.com\/tunisie\/wp-content\/uploads\/2023\/06\/Kais-Saied-Najla-Bouden.gif\",\"keywords\":[\"Ka\u00efs Sa\u00efed\",\"Najla Bouden Romdhane\",\"Tunisie\"],\"articleSection\":[\"A LA UNE\",\"POLITIQUE\",\"Tunisie\"],\"inLanguage\":\"fr-FR\",\"potentialAction\":[{\"@type\":\"CommentAction\",\"name\":\"Comment\",\"target\":[\"https:\/\/kapitalis.com\/tunisie\/2023\/06\/27\/kais-saied-et-les-saboteurs-une-fiction-a-plusieurs-inconnues\/#respond\"]}]},{\"@type\":\"WebPage\",\"@id\":\"https:\/\/kapitalis.com\/tunisie\/2023\/06\/27\/kais-saied-et-les-saboteurs-une-fiction-a-plusieurs-inconnues\/\",\"url\":\"https:\/\/kapitalis.com\/tunisie\/2023\/06\/27\/kais-saied-et-les-saboteurs-une-fiction-a-plusieurs-inconnues\/\",\"name\":\"Ka\u00efs Sa\u00efed et les saboteurs, une fiction \u00e0 plusieurs inconnues - Kapitalis\",\"isPartOf\":{\"@id\":\"https:\/\/kapitalis.com\/tunisie\/#website\"},\"primaryImageOfPage\":{\"@id\":\"https:\/\/kapitalis.com\/tunisie\/2023\/06\/27\/kais-saied-et-les-saboteurs-une-fiction-a-plusieurs-inconnues\/#primaryimage\"},\"image\":{\"@id\":\"https:\/\/kapitalis.com\/tunisie\/2023\/06\/27\/kais-saied-et-les-saboteurs-une-fiction-a-plusieurs-inconnues\/#primaryimage\"},\"thumbnailUrl\":\"https:\/\/kapitalis.com\/tunisie\/wp-content\/uploads\/2023\/06\/Kais-Saied-Najla-Bouden.gif\",\"datePublished\":\"2023-06-27T12:22:51+00:00\",\"dateModified\":\"2023-06-27T12:22:52+00:00\",\"breadcrumb\":{\"@id\":\"https:\/\/kapitalis.com\/tunisie\/2023\/06\/27\/kais-saied-et-les-saboteurs-une-fiction-a-plusieurs-inconnues\/#breadcrumb\"},\"inLanguage\":\"fr-FR\",\"potentialAction\":[{\"@type\":\"ReadAction\",\"target\":[\"https:\/\/kapitalis.com\/tunisie\/2023\/06\/27\/kais-saied-et-les-saboteurs-une-fiction-a-plusieurs-inconnues\/\"]}]},{\"@type\":\"ImageObject\",\"inLanguage\":\"fr-FR\",\"@id\":\"https:\/\/kapitalis.com\/tunisie\/2023\/06\/27\/kais-saied-et-les-saboteurs-une-fiction-a-plusieurs-inconnues\/#primaryimage\",\"url\":\"https:\/\/kapitalis.com\/tunisie\/wp-content\/uploads\/2023\/06\/Kais-Saied-Najla-Bouden.gif\",\"contentUrl\":\"https:\/\/kapitalis.com\/tunisie\/wp-content\/uploads\/2023\/06\/Kais-Saied-Najla-Bouden.gif\",\"width\":1200,\"height\":630},{\"@type\":\"BreadcrumbList\",\"@id\":\"https:\/\/kapitalis.com\/tunisie\/2023\/06\/27\/kais-saied-et-les-saboteurs-une-fiction-a-plusieurs-inconnues\/#breadcrumb\",\"itemListElement\":[{\"@type\":\"ListItem\",\"position\":1,\"name\":\"Accueil\",\"item\":\"https:\/\/kapitalis.com\/tunisie\/\"},{\"@type\":\"ListItem\",\"position\":2,\"name\":\"Ka\u00efs Sa\u00efed et les saboteurs, une fiction \u00e0 plusieurs inconnues\"}]},{\"@type\":\"WebSite\",\"@id\":\"https:\/\/kapitalis.com\/tunisie\/#website\",\"url\":\"https:\/\/kapitalis.com\/tunisie\/\",\"name\":\"Kapitalis\",\"description\":\"L&#039;actualit\u00e9 en Tunisie et dans le monde\",\"publisher\":{\"@id\":\"https:\/\/kapitalis.com\/tunisie\/#organization\"},\"potentialAction\":[{\"@type\":\"SearchAction\",\"target\":{\"@type\":\"EntryPoint\",\"urlTemplate\":\"https:\/\/kapitalis.com\/tunisie\/?s={search_term_string}\"},\"query-input\":{\"@type\":\"PropertyValueSpecification\",\"valueRequired\":true,\"valueName\":\"search_term_string\"}}],\"inLanguage\":\"fr-FR\"},{\"@type\":\"Organization\",\"@id\":\"https:\/\/kapitalis.com\/tunisie\/#organization\",\"name\":\"Kapitalis\",\"url\":\"https:\/\/kapitalis.com\/tunisie\/\",\"logo\":{\"@type\":\"ImageObject\",\"inLanguage\":\"fr-FR\",\"@id\":\"https:\/\/kapitalis.com\/tunisie\/#\/schema\/logo\/image\/\",\"url\":\"https:\/\/kapitalis.com\/tunisie\/wp-content\/uploads\/2022\/05\/Kapitalis-big-size.png\",\"contentUrl\":\"https:\/\/kapitalis.com\/tunisie\/wp-content\/uploads\/2022\/05\/Kapitalis-big-size.png\",\"width\":5000,\"height\":1500,\"caption\":\"Kapitalis\"},\"image\":{\"@id\":\"https:\/\/kapitalis.com\/tunisie\/#\/schema\/logo\/image\/\"},\"sameAs\":[\"https:\/\/www.facebook.com\/KapitalisInfo\/\",\"https:\/\/x.com\/KapitalisInfo\",\"https:\/\/www.youtube.com\/channel\/UC-yDYrHyfFBWWZaOw3FPg9Q\"]},{\"@type\":\"Person\",\"@id\":\"https:\/\/kapitalis.com\/tunisie\/#\/schema\/person\/d71f33a9ca44f7bad4698210b480c8e9\",\"name\":\"webmaster kapitalis\",\"url\":\"https:\/\/kapitalis.com\/tunisie\/author\/webmaster-kapitalis\/\"}]}<\/script>\n<!-- \/ Yoast SEO plugin. -->","yoast_head_json":{"title":"Ka\u00efs Sa\u00efed et les saboteurs, une fiction \u00e0 plusieurs inconnues - Kapitalis","robots":{"index":"index","follow":"follow","max-snippet":"max-snippet:-1","max-image-preview":"max-image-preview:large","max-video-preview":"max-video-preview:-1"},"canonical":"https:\/\/kapitalis.com\/tunisie\/2023\/06\/27\/kais-saied-et-les-saboteurs-une-fiction-a-plusieurs-inconnues\/","og_locale":"fr_FR","og_type":"article","og_title":"Ka\u00efs Sa\u00efed et les saboteurs, une fiction \u00e0 plusieurs inconnues - Kapitalis","og_description":"Le pr\u00e9sident Ka\u00efs Sa\u00efed pense-t-il vraiment que l\u2019administration publique est en train de saboter le travail de l\u2019Etat\u00a0dont il a la charge ?","og_url":"https:\/\/kapitalis.com\/tunisie\/2023\/06\/27\/kais-saied-et-les-saboteurs-une-fiction-a-plusieurs-inconnues\/","og_site_name":"Kapitalis","article_publisher":"https:\/\/www.facebook.com\/KapitalisInfo\/","article_published_time":"2023-06-27T12:22:51+00:00","article_modified_time":"2023-06-27T12:22:52+00:00","og_image":[{"width":1200,"height":630,"url":"https:\/\/kapitalis.com\/tunisie\/wp-content\/uploads\/2023\/06\/Kais-Saied-Najla-Bouden.gif","type":"image\/gif"}],"author":"webmaster kapitalis","twitter_card":"summary_large_image","twitter_creator":"@KapitalisInfo","twitter_site":"@KapitalisInfo","twitter_misc":{"\u00c9crit par":"webmaster kapitalis","Dur\u00e9e de lecture estim\u00e9e":"3 minutes"},"schema":{"@context":"https:\/\/schema.org","@graph":[{"@type":"Article","@id":"https:\/\/kapitalis.com\/tunisie\/2023\/06\/27\/kais-saied-et-les-saboteurs-une-fiction-a-plusieurs-inconnues\/#article","isPartOf":{"@id":"https:\/\/kapitalis.com\/tunisie\/2023\/06\/27\/kais-saied-et-les-saboteurs-une-fiction-a-plusieurs-inconnues\/"},"author":{"name":"webmaster kapitalis","@id":"https:\/\/kapitalis.com\/tunisie\/#\/schema\/person\/d71f33a9ca44f7bad4698210b480c8e9"},"headline":"Ka\u00efs Sa\u00efed et les saboteurs, une fiction \u00e0 plusieurs inconnues","datePublished":"2023-06-27T12:22:51+00:00","dateModified":"2023-06-27T12:22:52+00:00","mainEntityOfPage":{"@id":"https:\/\/kapitalis.com\/tunisie\/2023\/06\/27\/kais-saied-et-les-saboteurs-une-fiction-a-plusieurs-inconnues\/"},"wordCount":657,"commentCount":9,"publisher":{"@id":"https:\/\/kapitalis.com\/tunisie\/#organization"},"image":{"@id":"https:\/\/kapitalis.com\/tunisie\/2023\/06\/27\/kais-saied-et-les-saboteurs-une-fiction-a-plusieurs-inconnues\/#primaryimage"},"thumbnailUrl":"https:\/\/kapitalis.com\/tunisie\/wp-content\/uploads\/2023\/06\/Kais-Saied-Najla-Bouden.gif","keywords":["Ka\u00efs Sa\u00efed","Najla Bouden Romdhane","Tunisie"],"articleSection":["A LA UNE","POLITIQUE","Tunisie"],"inLanguage":"fr-FR","potentialAction":[{"@type":"CommentAction","name":"Comment","target":["https:\/\/kapitalis.com\/tunisie\/2023\/06\/27\/kais-saied-et-les-saboteurs-une-fiction-a-plusieurs-inconnues\/#respond"]}]},{"@type":"WebPage","@id":"https:\/\/kapitalis.com\/tunisie\/2023\/06\/27\/kais-saied-et-les-saboteurs-une-fiction-a-plusieurs-inconnues\/","url":"https:\/\/kapitalis.com\/tunisie\/2023\/06\/27\/kais-saied-et-les-saboteurs-une-fiction-a-plusieurs-inconnues\/","name":"Ka\u00efs Sa\u00efed et les saboteurs, une fiction \u00e0 plusieurs inconnues - Kapitalis","isPartOf":{"@id":"https:\/\/kapitalis.com\/tunisie\/#website"},"primaryImageOfPage":{"@id":"https:\/\/kapitalis.com\/tunisie\/2023\/06\/27\/kais-saied-et-les-saboteurs-une-fiction-a-plusieurs-inconnues\/#primaryimage"},"image":{"@id":"https:\/\/kapitalis.com\/tunisie\/2023\/06\/27\/kais-saied-et-les-saboteurs-une-fiction-a-plusieurs-inconnues\/#primaryimage"},"thumbnailUrl":"https:\/\/kapitalis.com\/tunisie\/wp-content\/uploads\/2023\/06\/Kais-Saied-Najla-Bouden.gif","datePublished":"2023-06-27T12:22:51+00:00","dateModified":"2023-06-27T12:22:52+00:00","breadcrumb":{"@id":"https:\/\/kapitalis.com\/tunisie\/2023\/06\/27\/kais-saied-et-les-saboteurs-une-fiction-a-plusieurs-inconnues\/#breadcrumb"},"inLanguage":"fr-FR","potentialAction":[{"@type":"ReadAction","target":["https:\/\/kapitalis.com\/tunisie\/2023\/06\/27\/kais-saied-et-les-saboteurs-une-fiction-a-plusieurs-inconnues\/"]}]},{"@type":"ImageObject","inLanguage":"fr-FR","@id":"https:\/\/kapitalis.com\/tunisie\/2023\/06\/27\/kais-saied-et-les-saboteurs-une-fiction-a-plusieurs-inconnues\/#primaryimage","url":"https:\/\/kapitalis.com\/tunisie\/wp-content\/uploads\/2023\/06\/Kais-Saied-Najla-Bouden.gif","contentUrl":"https:\/\/kapitalis.com\/tunisie\/wp-content\/uploads\/2023\/06\/Kais-Saied-Najla-Bouden.gif","width":1200,"height":630},{"@type":"BreadcrumbList","@id":"https:\/\/kapitalis.com\/tunisie\/2023\/06\/27\/kais-saied-et-les-saboteurs-une-fiction-a-plusieurs-inconnues\/#breadcrumb","itemListElement":[{"@type":"ListItem","position":1,"name":"Accueil","item":"https:\/\/kapitalis.com\/tunisie\/"},{"@type":"ListItem","position":2,"name":"Ka\u00efs Sa\u00efed et les saboteurs, une fiction \u00e0 plusieurs inconnues"}]},{"@type":"WebSite","@id":"https:\/\/kapitalis.com\/tunisie\/#website","url":"https:\/\/kapitalis.com\/tunisie\/","name":"Kapitalis","description":"L&#039;actualit\u00e9 en Tunisie et dans le monde","publisher":{"@id":"https:\/\/kapitalis.com\/tunisie\/#organization"},"potentialAction":[{"@type":"SearchAction","target":{"@type":"EntryPoint","urlTemplate":"https:\/\/kapitalis.com\/tunisie\/?s={search_term_string}"},"query-input":{"@type":"PropertyValueSpecification","valueRequired":true,"valueName":"search_term_string"}}],"inLanguage":"fr-FR"},{"@type":"Organization","@id":"https:\/\/kapitalis.com\/tunisie\/#organization","name":"Kapitalis","url":"https:\/\/kapitalis.com\/tunisie\/","logo":{"@type":"ImageObject","inLanguage":"fr-FR","@id":"https:\/\/kapitalis.com\/tunisie\/#\/schema\/logo\/image\/","url":"https:\/\/kapitalis.com\/tunisie\/wp-content\/uploads\/2022\/05\/Kapitalis-big-size.png","contentUrl":"https:\/\/kapitalis.com\/tunisie\/wp-content\/uploads\/2022\/05\/Kapitalis-big-size.png","width":5000,"height":1500,"caption":"Kapitalis"},"image":{"@id":"https:\/\/kapitalis.com\/tunisie\/#\/schema\/logo\/image\/"},"sameAs":["https:\/\/www.facebook.com\/KapitalisInfo\/","https:\/\/x.com\/KapitalisInfo","https:\/\/www.youtube.com\/channel\/UC-yDYrHyfFBWWZaOw3FPg9Q"]},{"@type":"Person","@id":"https:\/\/kapitalis.com\/tunisie\/#\/schema\/person\/d71f33a9ca44f7bad4698210b480c8e9","name":"webmaster kapitalis","url":"https:\/\/kapitalis.com\/tunisie\/author\/webmaster-kapitalis\/"}]}},"_links":{"self":[{"href":"https:\/\/kapitalis.com\/tunisie\/wp-json\/wp\/v2\/posts\/8565423","targetHints":{"allow":["GET"]}}],"collection":[{"href":"https:\/\/kapitalis.com\/tunisie\/wp-json\/wp\/v2\/posts"}],"about":[{"href":"https:\/\/kapitalis.com\/tunisie\/wp-json\/wp\/v2\/types\/post"}],"author":[{"embeddable":true,"href":"https:\/\/kapitalis.com\/tunisie\/wp-json\/wp\/v2\/users\/8"}],"replies":[{"embeddable":true,"href":"https:\/\/kapitalis.com\/tunisie\/wp-json\/wp\/v2\/comments?post=8565423"}],"version-history":[{"count":1,"href":"https:\/\/kapitalis.com\/tunisie\/wp-json\/wp\/v2\/posts\/8565423\/revisions"}],"predecessor-version":[{"id":8565649,"href":"https:\/\/kapitalis.com\/tunisie\/wp-json\/wp\/v2\/posts\/8565423\/revisions\/8565649"}],"wp:featuredmedia":[{"embeddable":true,"href":"https:\/\/kapitalis.com\/tunisie\/wp-json\/wp\/v2\/media\/8565501"}],"wp:attachment":[{"href":"https:\/\/kapitalis.com\/tunisie\/wp-json\/wp\/v2\/media?parent=8565423"}],"wp:term":[{"taxonomy":"category","embeddable":true,"href":"https:\/\/kapitalis.com\/tunisie\/wp-json\/wp\/v2\/categories?post=8565423"},{"taxonomy":"post_tag","embeddable":true,"href":"https:\/\/kapitalis.com\/tunisie\/wp-json\/wp\/v2\/tags?post=8565423"}],"curies":[{"name":"wp","href":"https:\/\/api.w.org\/{rel}","templated":true}]}}