{"id":85691,"date":"2017-03-06T18:40:17","date_gmt":"2017-03-06T17:40:17","guid":{"rendered":"http:\/\/kapitalis.com\/tunisie\/?p=85691"},"modified":"2017-03-06T18:46:03","modified_gmt":"2017-03-06T17:46:03","slug":"ennahdha-said-ferjani-fait-la-tournee-des-azlems","status":"publish","type":"post","link":"https:\/\/kapitalis.com\/tunisie\/2017\/03\/06\/ennahdha-said-ferjani-fait-la-tournee-des-azlems\/","title":{"rendered":"Ennahdha: Sa\u00efd Ferjani fait la tourn\u00e9e des \u00abazlems\u00bb"},"content":{"rendered":"<p style=\"text-align: center;\"><img loading=\"lazy\" decoding=\"async\" class=\"alignnone size-full wp-image-85767\" src=\"http:\/\/kapitalis.com\/tunisie\/wp-content\/uploads\/2017\/03\/Said-Ferjani.jpg\" alt=\"\" width=\"626\" height=\"380\" \/><\/p>\n<p><em><strong>Le dirigeant islamiste Sa\u00efd Ferjani a rendu visite,\u00a0dimanche 5 mars 2017,\u00a0\u00e0 l\u2019un des 3 anciens hauts responsables de Ben Ali condamn\u00e9s \u00e0 6 ans de prison. <\/strong><\/em><\/p>\n<p><!--more-->Rached Ghannouchi, pr\u00e9sident du parti islamiste Ennahdha, a t\u00e9l\u00e9phon\u00e9, samedi 4 mars,\u00a0aux 3 anciens hauts responsables de Ben Ali (Samira Khayache, ex-membre de l\u2019association Basma pour handicap\u00e9s et ancienne ministre de l\u2019Equipement et de l\u2019Habitat, Tijani Haddad, ex-ministre du Tourisme, et Kamel Hadj Sassi, ancien secr\u00e9taire d\u2019Etat \u00e0 la Jeunesse), tous trois condamn\u00e9s, la veille,\u00a0\u00e0 6 ans de prison dans l\u2019affaire des concerts de Mariah Carey (en juillet 2006).<\/p>\n<p>Le lendemain, Sa\u00efd Ferjani,\u00a0membre du Conseil de la Choura d\u2019Ennahdha et\u00a0ancien conseiller du ministre de la Justice Noureddine Bhiri, s\u2019est rendu en personne chez l&rsquo;un de ces 3 anciens responsables (voir photo ci-haut).<\/p>\n<p>Quand on conna\u00eet cet homme\u00a0sulfureux et interlope et sa propension\u00a0aux micmacs et aux\u00a0manigances, on peut se poser des questions sur ce grand\u00a0int\u00e9r\u00eat des Nahdhaouis pour les <em>\u00abazlems\u00bb<\/em> (larbins) de Ben Ali, qu&rsquo;ils ne ratent aucune occasion pour vilipender.\u00a0Pourquoi les soutiennent-ils, aujourd&rsquo;hui, dans leurs d\u00e9m\u00eal\u00e9es avec la justice ? Difficile d&rsquo;imaginer que ce soutien est d\u00e9sint\u00e9ress\u00e9 ou qu&rsquo;il participe d&rsquo;une forme de charit\u00e9 musulmane. Qu&rsquo;ont-ils dit \u00e0 leurs h\u00f4tes? Que leur ont-ils promis? Les mauvaises langues parlent de\u00a0n\u00e9gociation voire de racket.<\/p>\n<p>Il convient de rappeler que ce Sa\u00efd Ferjani est souvent m\u00eal\u00e9 aux manoeuvres les plus scabreuses. Son nom a ainsi \u00e9t\u00e9 m\u00eal\u00e9 \u00e0 l&rsquo;affaire\u00a0Baghdadi Mahmoudi, l&rsquo;ancien Premier ministre de Kadhafi,\u00a0extrad\u00e9 de la Tunisie, en 2012, et en prison dans son pays depuis cette date.<\/p>\n<p>Selon plusieurs sources m\u00e9diatiques, dont le fran\u00e7ais M\u00e9diapart, il y a eu \u00e0 Paris, quelques jours avant l&rsquo;extradition\u00a0de M. Mahmoudi, une rencontre, au restaurant Le Fouquets, \u00e0 Paris, entre\u00a0Me Marcel Seccaldi, l\u2019un des avocats fran\u00e7ais de l\u2019ancien Premier ministre libyen, et&#8230;\u00a0Sa\u00efd Ferjani, compagnon de 35 ans de\u00a0Rached Ghannouchi, l&rsquo;ex\u00e9cuteur de ses basses oeuvres\u00a0et\u00a0son \u00e2me damn\u00e9e.<\/p>\n<p>Sa\u00efd Ferjani s&rsquo;est, \u00e9galement, charg\u00e9 d&rsquo;oeuvrer pour le rapprochement entre les anciens collaborateurs de Ben Ali et la direction d&rsquo;Ennahdha, pr\u00e9lude \u00e0 l&rsquo;int\u00e9gration des <em>\u00abazlems\u00bb <\/em>utiles\u00a0au parti islamiste Ennahdha.<\/p>\n<p>Dans cette strat\u00e9gie de r\u00e9cup\u00e9ration, la justice de M. Bhiri ne peut-elle pas \u00eatre utilis\u00e9e comme un b\u00e2ton, la carotte \u00e9tant, on l&rsquo;a compris, la promesse de fermer les dossiers?<\/p>\n<p style=\"text-align: right;\"><strong>Z. A.\u00a0<\/strong><\/p>\n<p>&nbsp;<\/p>\n","protected":false},"excerpt":{"rendered":"<p>Le dirigeant islamiste Sa\u00efd Ferjani a rendu visite,\u00a0dimanche 5 mars 2017,\u00a0\u00e0 l\u2019un des 3 anciens hauts responsables de Ben Ali condamn\u00e9s \u00e0 6 ans de prison.<\/p>\n","protected":false},"author":7,"featured_media":85767,"comment_status":"open","ping_status":"open","sticky":false,"template":"","format":"standard","meta":{"footnotes":""},"categories":[997,2433],"tags":[140,28550,28546,28547],"class_list":["post-85691","post","type-post","status-publish","format-standard","has-post-thumbnail","hentry","category-politique","category-tunisie","tag-ben-ali","tag-kamel-hadj-sassi","tag-samira-khayache","tag-tijani-haddad"],"yoast_head":"<!-- This site is optimized with the Yoast SEO plugin v26.6 - https:\/\/yoast.com\/wordpress\/plugins\/seo\/ -->\n<title>Ennahdha: Sa\u00efd Ferjani fait la tourn\u00e9e des \u00abazlems\u00bb - Kapitalis<\/title>\n<meta name=\"robots\" content=\"index, follow, max-snippet:-1, max-image-preview:large, max-video-preview:-1\" \/>\n<link rel=\"canonical\" href=\"https:\/\/kapitalis.com\/tunisie\/2017\/03\/06\/ennahdha-said-ferjani-fait-la-tournee-des-azlems\/\" \/>\n<meta property=\"og:locale\" content=\"fr_FR\" \/>\n<meta property=\"og:type\" content=\"article\" \/>\n<meta property=\"og:title\" content=\"Ennahdha: Sa\u00efd Ferjani fait la tourn\u00e9e des \u00abazlems\u00bb - Kapitalis\" \/>\n<meta property=\"og:description\" content=\"Le dirigeant islamiste Sa\u00efd Ferjani a rendu visite,\u00a0dimanche 5 mars 2017,\u00a0\u00e0 l\u2019un des 3 anciens hauts responsables de Ben Ali condamn\u00e9s \u00e0 6 ans de prison.\" \/>\n<meta property=\"og:url\" content=\"https:\/\/kapitalis.com\/tunisie\/2017\/03\/06\/ennahdha-said-ferjani-fait-la-tournee-des-azlems\/\" \/>\n<meta property=\"og:site_name\" content=\"Kapitalis\" \/>\n<meta property=\"article:publisher\" content=\"https:\/\/www.facebook.com\/KapitalisInfo\/\" \/>\n<meta property=\"article:published_time\" content=\"2017-03-06T17:40:17+00:00\" \/>\n<meta property=\"article:modified_time\" content=\"2017-03-06T17:46:03+00:00\" \/>\n<meta property=\"og:image\" content=\"https:\/\/kapitalis.com\/tunisie\/wp-content\/uploads\/2022\/05\/kapitalis-logo-fb.png\" \/>\n\t<meta property=\"og:image:width\" content=\"1200\" \/>\n\t<meta property=\"og:image:height\" content=\"630\" \/>\n\t<meta property=\"og:image:type\" content=\"image\/png\" \/>\n<meta name=\"author\" content=\"zohra abid\" \/>\n<meta name=\"twitter:card\" content=\"summary_large_image\" \/>\n<meta name=\"twitter:creator\" content=\"@KapitalisInfo\" \/>\n<meta name=\"twitter:site\" content=\"@KapitalisInfo\" \/>\n<meta name=\"twitter:label1\" content=\"\u00c9crit par\" \/>\n\t<meta name=\"twitter:data1\" content=\"zohra abid\" \/>\n\t<meta name=\"twitter:label2\" content=\"Dur\u00e9e de lecture estim\u00e9e\" \/>\n\t<meta name=\"twitter:data2\" content=\"2 minutes\" \/>\n<script type=\"application\/ld+json\" class=\"yoast-schema-graph\">{\"@context\":\"https:\/\/schema.org\",\"@graph\":[{\"@type\":\"Article\",\"@id\":\"https:\/\/kapitalis.com\/tunisie\/2017\/03\/06\/ennahdha-said-ferjani-fait-la-tournee-des-azlems\/#article\",\"isPartOf\":{\"@id\":\"https:\/\/kapitalis.com\/tunisie\/2017\/03\/06\/ennahdha-said-ferjani-fait-la-tournee-des-azlems\/\"},\"author\":{\"name\":\"zohra abid\",\"@id\":\"https:\/\/kapitalis.com\/tunisie\/#\/schema\/person\/6fc2988ceb6eacf6836db1d8360b4912\"},\"headline\":\"Ennahdha: Sa\u00efd Ferjani fait la tourn\u00e9e des \u00abazlems\u00bb\",\"datePublished\":\"2017-03-06T17:40:17+00:00\",\"dateModified\":\"2017-03-06T17:46:03+00:00\",\"mainEntityOfPage\":{\"@id\":\"https:\/\/kapitalis.com\/tunisie\/2017\/03\/06\/ennahdha-said-ferjani-fait-la-tournee-des-azlems\/\"},\"wordCount\":426,\"commentCount\":8,\"publisher\":{\"@id\":\"https:\/\/kapitalis.com\/tunisie\/#organization\"},\"image\":{\"@id\":\"https:\/\/kapitalis.com\/tunisie\/2017\/03\/06\/ennahdha-said-ferjani-fait-la-tournee-des-azlems\/#primaryimage\"},\"thumbnailUrl\":\"\",\"keywords\":[\"Ben Ali\",\"Kamel Hadj Sassi\",\"Samira Khayache\",\"Tijani Haddad\"],\"articleSection\":[\"POLITIQUE\",\"Tunisie\"],\"inLanguage\":\"fr-FR\",\"potentialAction\":[{\"@type\":\"CommentAction\",\"name\":\"Comment\",\"target\":[\"https:\/\/kapitalis.com\/tunisie\/2017\/03\/06\/ennahdha-said-ferjani-fait-la-tournee-des-azlems\/#respond\"]}]},{\"@type\":\"WebPage\",\"@id\":\"https:\/\/kapitalis.com\/tunisie\/2017\/03\/06\/ennahdha-said-ferjani-fait-la-tournee-des-azlems\/\",\"url\":\"https:\/\/kapitalis.com\/tunisie\/2017\/03\/06\/ennahdha-said-ferjani-fait-la-tournee-des-azlems\/\",\"name\":\"Ennahdha: Sa\u00efd Ferjani fait la tourn\u00e9e des \u00abazlems\u00bb - Kapitalis\",\"isPartOf\":{\"@id\":\"https:\/\/kapitalis.com\/tunisie\/#website\"},\"primaryImageOfPage\":{\"@id\":\"https:\/\/kapitalis.com\/tunisie\/2017\/03\/06\/ennahdha-said-ferjani-fait-la-tournee-des-azlems\/#primaryimage\"},\"image\":{\"@id\":\"https:\/\/kapitalis.com\/tunisie\/2017\/03\/06\/ennahdha-said-ferjani-fait-la-tournee-des-azlems\/#primaryimage\"},\"thumbnailUrl\":\"\",\"datePublished\":\"2017-03-06T17:40:17+00:00\",\"dateModified\":\"2017-03-06T17:46:03+00:00\",\"breadcrumb\":{\"@id\":\"https:\/\/kapitalis.com\/tunisie\/2017\/03\/06\/ennahdha-said-ferjani-fait-la-tournee-des-azlems\/#breadcrumb\"},\"inLanguage\":\"fr-FR\",\"potentialAction\":[{\"@type\":\"ReadAction\",\"target\":[\"https:\/\/kapitalis.com\/tunisie\/2017\/03\/06\/ennahdha-said-ferjani-fait-la-tournee-des-azlems\/\"]}]},{\"@type\":\"ImageObject\",\"inLanguage\":\"fr-FR\",\"@id\":\"https:\/\/kapitalis.com\/tunisie\/2017\/03\/06\/ennahdha-said-ferjani-fait-la-tournee-des-azlems\/#primaryimage\",\"url\":\"\",\"contentUrl\":\"\"},{\"@type\":\"BreadcrumbList\",\"@id\":\"https:\/\/kapitalis.com\/tunisie\/2017\/03\/06\/ennahdha-said-ferjani-fait-la-tournee-des-azlems\/#breadcrumb\",\"itemListElement\":[{\"@type\":\"ListItem\",\"position\":1,\"name\":\"Accueil\",\"item\":\"https:\/\/kapitalis.com\/tunisie\/\"},{\"@type\":\"ListItem\",\"position\":2,\"name\":\"Ennahdha: Sa\u00efd Ferjani fait la tourn\u00e9e des \u00abazlems\u00bb\"}]},{\"@type\":\"WebSite\",\"@id\":\"https:\/\/kapitalis.com\/tunisie\/#website\",\"url\":\"https:\/\/kapitalis.com\/tunisie\/\",\"name\":\"Kapitalis\",\"description\":\"L&#039;actualit\u00e9 en Tunisie et dans le monde\",\"publisher\":{\"@id\":\"https:\/\/kapitalis.com\/tunisie\/#organization\"},\"potentialAction\":[{\"@type\":\"SearchAction\",\"target\":{\"@type\":\"EntryPoint\",\"urlTemplate\":\"https:\/\/kapitalis.com\/tunisie\/?s={search_term_string}\"},\"query-input\":{\"@type\":\"PropertyValueSpecification\",\"valueRequired\":true,\"valueName\":\"search_term_string\"}}],\"inLanguage\":\"fr-FR\"},{\"@type\":\"Organization\",\"@id\":\"https:\/\/kapitalis.com\/tunisie\/#organization\",\"name\":\"Kapitalis\",\"url\":\"https:\/\/kapitalis.com\/tunisie\/\",\"logo\":{\"@type\":\"ImageObject\",\"inLanguage\":\"fr-FR\",\"@id\":\"https:\/\/kapitalis.com\/tunisie\/#\/schema\/logo\/image\/\",\"url\":\"https:\/\/kapitalis.com\/tunisie\/wp-content\/uploads\/2022\/05\/Kapitalis-big-size.png\",\"contentUrl\":\"https:\/\/kapitalis.com\/tunisie\/wp-content\/uploads\/2022\/05\/Kapitalis-big-size.png\",\"width\":5000,\"height\":1500,\"caption\":\"Kapitalis\"},\"image\":{\"@id\":\"https:\/\/kapitalis.com\/tunisie\/#\/schema\/logo\/image\/\"},\"sameAs\":[\"https:\/\/www.facebook.com\/KapitalisInfo\/\",\"https:\/\/x.com\/KapitalisInfo\",\"https:\/\/www.youtube.com\/channel\/UC-yDYrHyfFBWWZaOw3FPg9Q\"]},{\"@type\":\"Person\",\"@id\":\"https:\/\/kapitalis.com\/tunisie\/#\/schema\/person\/6fc2988ceb6eacf6836db1d8360b4912\",\"name\":\"zohra abid\",\"url\":\"https:\/\/kapitalis.com\/tunisie\/author\/zohra-abid-2015\/\"}]}<\/script>\n<!-- \/ Yoast SEO plugin. -->","yoast_head_json":{"title":"Ennahdha: Sa\u00efd Ferjani fait la tourn\u00e9e des \u00abazlems\u00bb - Kapitalis","robots":{"index":"index","follow":"follow","max-snippet":"max-snippet:-1","max-image-preview":"max-image-preview:large","max-video-preview":"max-video-preview:-1"},"canonical":"https:\/\/kapitalis.com\/tunisie\/2017\/03\/06\/ennahdha-said-ferjani-fait-la-tournee-des-azlems\/","og_locale":"fr_FR","og_type":"article","og_title":"Ennahdha: Sa\u00efd Ferjani fait la tourn\u00e9e des \u00abazlems\u00bb - Kapitalis","og_description":"Le dirigeant islamiste Sa\u00efd Ferjani a rendu visite,\u00a0dimanche 5 mars 2017,\u00a0\u00e0 l\u2019un des 3 anciens hauts responsables de Ben Ali condamn\u00e9s \u00e0 6 ans de prison.","og_url":"https:\/\/kapitalis.com\/tunisie\/2017\/03\/06\/ennahdha-said-ferjani-fait-la-tournee-des-azlems\/","og_site_name":"Kapitalis","article_publisher":"https:\/\/www.facebook.com\/KapitalisInfo\/","article_published_time":"2017-03-06T17:40:17+00:00","article_modified_time":"2017-03-06T17:46:03+00:00","og_image":[{"width":1200,"height":630,"url":"https:\/\/kapitalis.com\/tunisie\/wp-content\/uploads\/2022\/05\/kapitalis-logo-fb.png","type":"image\/png"}],"author":"zohra abid","twitter_card":"summary_large_image","twitter_creator":"@KapitalisInfo","twitter_site":"@KapitalisInfo","twitter_misc":{"\u00c9crit par":"zohra abid","Dur\u00e9e de lecture estim\u00e9e":"2 minutes"},"schema":{"@context":"https:\/\/schema.org","@graph":[{"@type":"Article","@id":"https:\/\/kapitalis.com\/tunisie\/2017\/03\/06\/ennahdha-said-ferjani-fait-la-tournee-des-azlems\/#article","isPartOf":{"@id":"https:\/\/kapitalis.com\/tunisie\/2017\/03\/06\/ennahdha-said-ferjani-fait-la-tournee-des-azlems\/"},"author":{"name":"zohra abid","@id":"https:\/\/kapitalis.com\/tunisie\/#\/schema\/person\/6fc2988ceb6eacf6836db1d8360b4912"},"headline":"Ennahdha: Sa\u00efd Ferjani fait la tourn\u00e9e des \u00abazlems\u00bb","datePublished":"2017-03-06T17:40:17+00:00","dateModified":"2017-03-06T17:46:03+00:00","mainEntityOfPage":{"@id":"https:\/\/kapitalis.com\/tunisie\/2017\/03\/06\/ennahdha-said-ferjani-fait-la-tournee-des-azlems\/"},"wordCount":426,"commentCount":8,"publisher":{"@id":"https:\/\/kapitalis.com\/tunisie\/#organization"},"image":{"@id":"https:\/\/kapitalis.com\/tunisie\/2017\/03\/06\/ennahdha-said-ferjani-fait-la-tournee-des-azlems\/#primaryimage"},"thumbnailUrl":"","keywords":["Ben Ali","Kamel Hadj Sassi","Samira Khayache","Tijani Haddad"],"articleSection":["POLITIQUE","Tunisie"],"inLanguage":"fr-FR","potentialAction":[{"@type":"CommentAction","name":"Comment","target":["https:\/\/kapitalis.com\/tunisie\/2017\/03\/06\/ennahdha-said-ferjani-fait-la-tournee-des-azlems\/#respond"]}]},{"@type":"WebPage","@id":"https:\/\/kapitalis.com\/tunisie\/2017\/03\/06\/ennahdha-said-ferjani-fait-la-tournee-des-azlems\/","url":"https:\/\/kapitalis.com\/tunisie\/2017\/03\/06\/ennahdha-said-ferjani-fait-la-tournee-des-azlems\/","name":"Ennahdha: Sa\u00efd Ferjani fait la tourn\u00e9e des \u00abazlems\u00bb - Kapitalis","isPartOf":{"@id":"https:\/\/kapitalis.com\/tunisie\/#website"},"primaryImageOfPage":{"@id":"https:\/\/kapitalis.com\/tunisie\/2017\/03\/06\/ennahdha-said-ferjani-fait-la-tournee-des-azlems\/#primaryimage"},"image":{"@id":"https:\/\/kapitalis.com\/tunisie\/2017\/03\/06\/ennahdha-said-ferjani-fait-la-tournee-des-azlems\/#primaryimage"},"thumbnailUrl":"","datePublished":"2017-03-06T17:40:17+00:00","dateModified":"2017-03-06T17:46:03+00:00","breadcrumb":{"@id":"https:\/\/kapitalis.com\/tunisie\/2017\/03\/06\/ennahdha-said-ferjani-fait-la-tournee-des-azlems\/#breadcrumb"},"inLanguage":"fr-FR","potentialAction":[{"@type":"ReadAction","target":["https:\/\/kapitalis.com\/tunisie\/2017\/03\/06\/ennahdha-said-ferjani-fait-la-tournee-des-azlems\/"]}]},{"@type":"ImageObject","inLanguage":"fr-FR","@id":"https:\/\/kapitalis.com\/tunisie\/2017\/03\/06\/ennahdha-said-ferjani-fait-la-tournee-des-azlems\/#primaryimage","url":"","contentUrl":""},{"@type":"BreadcrumbList","@id":"https:\/\/kapitalis.com\/tunisie\/2017\/03\/06\/ennahdha-said-ferjani-fait-la-tournee-des-azlems\/#breadcrumb","itemListElement":[{"@type":"ListItem","position":1,"name":"Accueil","item":"https:\/\/kapitalis.com\/tunisie\/"},{"@type":"ListItem","position":2,"name":"Ennahdha: Sa\u00efd Ferjani fait la tourn\u00e9e des \u00abazlems\u00bb"}]},{"@type":"WebSite","@id":"https:\/\/kapitalis.com\/tunisie\/#website","url":"https:\/\/kapitalis.com\/tunisie\/","name":"Kapitalis","description":"L&#039;actualit\u00e9 en Tunisie et dans le monde","publisher":{"@id":"https:\/\/kapitalis.com\/tunisie\/#organization"},"potentialAction":[{"@type":"SearchAction","target":{"@type":"EntryPoint","urlTemplate":"https:\/\/kapitalis.com\/tunisie\/?s={search_term_string}"},"query-input":{"@type":"PropertyValueSpecification","valueRequired":true,"valueName":"search_term_string"}}],"inLanguage":"fr-FR"},{"@type":"Organization","@id":"https:\/\/kapitalis.com\/tunisie\/#organization","name":"Kapitalis","url":"https:\/\/kapitalis.com\/tunisie\/","logo":{"@type":"ImageObject","inLanguage":"fr-FR","@id":"https:\/\/kapitalis.com\/tunisie\/#\/schema\/logo\/image\/","url":"https:\/\/kapitalis.com\/tunisie\/wp-content\/uploads\/2022\/05\/Kapitalis-big-size.png","contentUrl":"https:\/\/kapitalis.com\/tunisie\/wp-content\/uploads\/2022\/05\/Kapitalis-big-size.png","width":5000,"height":1500,"caption":"Kapitalis"},"image":{"@id":"https:\/\/kapitalis.com\/tunisie\/#\/schema\/logo\/image\/"},"sameAs":["https:\/\/www.facebook.com\/KapitalisInfo\/","https:\/\/x.com\/KapitalisInfo","https:\/\/www.youtube.com\/channel\/UC-yDYrHyfFBWWZaOw3FPg9Q"]},{"@type":"Person","@id":"https:\/\/kapitalis.com\/tunisie\/#\/schema\/person\/6fc2988ceb6eacf6836db1d8360b4912","name":"zohra abid","url":"https:\/\/kapitalis.com\/tunisie\/author\/zohra-abid-2015\/"}]}},"_links":{"self":[{"href":"https:\/\/kapitalis.com\/tunisie\/wp-json\/wp\/v2\/posts\/85691","targetHints":{"allow":["GET"]}}],"collection":[{"href":"https:\/\/kapitalis.com\/tunisie\/wp-json\/wp\/v2\/posts"}],"about":[{"href":"https:\/\/kapitalis.com\/tunisie\/wp-json\/wp\/v2\/types\/post"}],"author":[{"embeddable":true,"href":"https:\/\/kapitalis.com\/tunisie\/wp-json\/wp\/v2\/users\/7"}],"replies":[{"embeddable":true,"href":"https:\/\/kapitalis.com\/tunisie\/wp-json\/wp\/v2\/comments?post=85691"}],"version-history":[{"count":0,"href":"https:\/\/kapitalis.com\/tunisie\/wp-json\/wp\/v2\/posts\/85691\/revisions"}],"wp:featuredmedia":[{"embeddable":true,"href":"https:\/\/kapitalis.com\/tunisie\/wp-json\/wp\/v2\/media\/85767"}],"wp:attachment":[{"href":"https:\/\/kapitalis.com\/tunisie\/wp-json\/wp\/v2\/media?parent=85691"}],"wp:term":[{"taxonomy":"category","embeddable":true,"href":"https:\/\/kapitalis.com\/tunisie\/wp-json\/wp\/v2\/categories?post=85691"},{"taxonomy":"post_tag","embeddable":true,"href":"https:\/\/kapitalis.com\/tunisie\/wp-json\/wp\/v2\/tags?post=85691"}],"curies":[{"name":"wp","href":"https:\/\/api.w.org\/{rel}","templated":true}]}}