{"id":857644,"date":"2022-05-20T01:07:59","date_gmt":"2022-05-19T23:07:59","guid":{"rendered":"https:\/\/kapitalis.com\/tunisie\/?p=857644"},"modified":"2022-05-20T01:08:00","modified_gmt":"2022-05-19T23:08:00","slug":"tunisie-hommage-a-la-militante-maya-jribi-decedee-il-y-a-4-ans","status":"publish","type":"post","link":"https:\/\/kapitalis.com\/tunisie\/2022\/05\/20\/tunisie-hommage-a-la-militante-maya-jribi-decedee-il-y-a-4-ans\/","title":{"rendered":"Tunisie : Hommage \u00e0 la militante Maya Jribi, d\u00e9c\u00e9d\u00e9e il y a 4 ans"},"content":{"rendered":"\n<p><strong><em>La militante Maya Jribi, constituante et ancienne secr\u00e9taire g\u00e9n\u00e9rale du Parti Al-Jomhouri est d\u00e9c\u00e9d\u00e9e, il y a 4 ans, apr\u00e8s un long combat contre la maladie. Hommage \u00e0 la Femme tunisienne, patriote, engag\u00e9e et courageuse, qui a consacr\u00e9 sa vie \u00e0 d\u00e9fendre les droits, l\u2019\u00e9galit\u00e9 et les libert\u00e9s\u2026<\/em><\/strong><\/p>\n\n\n\n<!--more-->\n\n\n\n<p>Maya Jribi, biologiste de son \u00e9tat, est n\u00e9e \u00e0 Bou Arada au gouvernorat de Siliana et a v\u00e9cu \u00e0 Rad\u00e8s, dans la banlieue sud de Tunis. Elle a marqu\u00e9 l\u2019Histoire de notre pays, \u00e9tant l&rsquo;une des plus ferventes militantes contre la dictature, qui s\u2019est battue, sa vie durant, pour les libert\u00e9s, l&rsquo;\u00e9galit\u00e9, l&rsquo;\u00e9quit\u00e9 et la justice.<\/p>\n\n\n\n<p>F\u00e9ministe engag\u00e9e qui a \u00e9t\u00e9 sur tous les fronts, Maya Jribi a milit\u00e9 depuis son jeune \u00e2ge : En 1980, elle a int\u00e9gr\u00e9 l\u2019Union g\u00e9n\u00e9rale des \u00e9tudiants de Tunisie (Uget), puis la Ligue tunisienne des droits de l\u2019homme (LTDH), avant de cofonder, en 1983, avec Ahmed Nejib Chebbi,  le Parti socialiste progressiste (PSP), devenu en 1990, le Parti d\u00e9mocrate progressiste (PDP)..<\/p>\n\n\n\n<p>Figure embl\u00e9matique de l&rsquo;opposition au r\u00e9gime de Ben Ali, elle a \u00e9t\u00e9 \u00e9lue \u00e0 l\u2019Assembl\u00e9e nationale constituante (ANC), au lendemain de la r\u00e9volution tunisienne ayant abouti \u00e0 la chute de ce dernier en janvier 2011. Durant son mandat, Maya Jribi s&rsquo;est battue pour faire valoir les principes de la d\u00e9mocratie et de la libert\u00e9, ainsi que les droits de la femme.<\/p>\n\n\n\n<figure class=\"wp-block-gallery aligncenter has-nested-images columns-2 is-cropped wp-block-gallery-1 is-layout-flex wp-block-gallery-is-layout-flex\">\n<figure class=\"wp-block-image size-large\"><img loading=\"lazy\" decoding=\"async\" width=\"960\" height=\"640\" data-id=\"857817\" src=\"https:\/\/kapitalis.com\/tunisie\/wp-content\/uploads\/2022\/05\/M4.jpg\" alt=\"\" class=\"wp-image-857817\" srcset=\"https:\/\/kapitalis.com\/tunisie\/wp-content\/uploads\/2022\/05\/M4.jpg 960w, https:\/\/kapitalis.com\/tunisie\/wp-content\/uploads\/2022\/05\/M4-300x200.jpg 300w, https:\/\/kapitalis.com\/tunisie\/wp-content\/uploads\/2022\/05\/M4-768x512.jpg 768w, https:\/\/kapitalis.com\/tunisie\/wp-content\/uploads\/2022\/05\/M4-580x387.jpg 580w, https:\/\/kapitalis.com\/tunisie\/wp-content\/uploads\/2022\/05\/M4-860x573.jpg 860w\" sizes=\"auto, (max-width: 960px) 100vw, 960px\" \/><\/figure>\n\n\n\n<figure class=\"wp-block-image size-large\"><img loading=\"lazy\" decoding=\"async\" width=\"1024\" height=\"722\" data-id=\"857820\" src=\"https:\/\/kapitalis.com\/tunisie\/wp-content\/uploads\/2022\/05\/M3-1024x722.jpg\" alt=\"\" class=\"wp-image-857820\" srcset=\"https:\/\/kapitalis.com\/tunisie\/wp-content\/uploads\/2022\/05\/M3-1024x722.jpg 1024w, https:\/\/kapitalis.com\/tunisie\/wp-content\/uploads\/2022\/05\/M3-300x212.jpg 300w, https:\/\/kapitalis.com\/tunisie\/wp-content\/uploads\/2022\/05\/M3-768x542.jpg 768w, https:\/\/kapitalis.com\/tunisie\/wp-content\/uploads\/2022\/05\/M3-580x409.jpg 580w, https:\/\/kapitalis.com\/tunisie\/wp-content\/uploads\/2022\/05\/M3-860x607.jpg 860w, https:\/\/kapitalis.com\/tunisie\/wp-content\/uploads\/2022\/05\/M3-1160x818.jpg 1160w, https:\/\/kapitalis.com\/tunisie\/wp-content\/uploads\/2022\/05\/M3.jpg 1433w\" sizes=\"auto, (max-width: 1024px) 100vw, 1024px\" \/><\/figure>\n\n\n\n<figure class=\"wp-block-image size-large\"><img loading=\"lazy\" decoding=\"async\" width=\"720\" height=\"557\" data-id=\"857818\" src=\"https:\/\/kapitalis.com\/tunisie\/wp-content\/uploads\/2022\/05\/m1.jpg\" alt=\"\" class=\"wp-image-857818\" srcset=\"https:\/\/kapitalis.com\/tunisie\/wp-content\/uploads\/2022\/05\/m1.jpg 720w, https:\/\/kapitalis.com\/tunisie\/wp-content\/uploads\/2022\/05\/m1-300x232.jpg 300w, https:\/\/kapitalis.com\/tunisie\/wp-content\/uploads\/2022\/05\/m1-580x449.jpg 580w\" sizes=\"auto, (max-width: 720px) 100vw, 720px\" \/><\/figure>\n\n\n\n<figure class=\"wp-block-image size-large\"><img loading=\"lazy\" decoding=\"async\" width=\"1024\" height=\"1024\" data-id=\"857819\" src=\"https:\/\/kapitalis.com\/tunisie\/wp-content\/uploads\/2022\/05\/M-1024x1024.jpg\" alt=\"\" class=\"wp-image-857819\" srcset=\"https:\/\/kapitalis.com\/tunisie\/wp-content\/uploads\/2022\/05\/M-1024x1024.jpg 1024w, https:\/\/kapitalis.com\/tunisie\/wp-content\/uploads\/2022\/05\/M-300x300.jpg 300w, https:\/\/kapitalis.com\/tunisie\/wp-content\/uploads\/2022\/05\/M-150x150.jpg 150w, https:\/\/kapitalis.com\/tunisie\/wp-content\/uploads\/2022\/05\/M-768x768.jpg 768w, https:\/\/kapitalis.com\/tunisie\/wp-content\/uploads\/2022\/05\/M-120x120.jpg 120w, https:\/\/kapitalis.com\/tunisie\/wp-content\/uploads\/2022\/05\/M-360x360.jpg 360w, https:\/\/kapitalis.com\/tunisie\/wp-content\/uploads\/2022\/05\/M-580x580.jpg 580w, https:\/\/kapitalis.com\/tunisie\/wp-content\/uploads\/2022\/05\/M-860x860.jpg 860w, https:\/\/kapitalis.com\/tunisie\/wp-content\/uploads\/2022\/05\/M.jpg 1080w\" sizes=\"auto, (max-width: 1024px) 100vw, 1024px\" \/><\/figure>\n<\/figure>\n\n\n\n<p>Par ses positions courageuses, Maya Jribi s&rsquo;est aussi oppos\u00e9e \u00e0 l\u2019obscurantisme religieux et \u00e0 sa t\u00eate le parti islamiste Ennahdha, qui \u00e9tait alors au pouvoir de janvier 2012 \u00e0 janvier 2014. On se souvient aussi d&rsquo;une Maya Jribi, au sit-in Errahil en 2013, marchant la t\u00eate et le point lev\u00e9s au milieu de ses compatriotes qui scandaient : <em>\u00abC&rsquo;est elle&#8230; c&rsquo;est elle  la femme tunisienne !\u2026\u00bb<\/em><\/p>\n\n\n\n<p>La militante historique, qui a consacr\u00e9 sa vie \u00e0 militer pour faire de la Tunisie, un pays libre, o\u00f9 pr\u00f4nent justice \u00e9galit\u00e9 et \u00e9quit\u00e9, s&rsquo;est \u00e9galement dignement battue contre la maladie, avant de s&rsquo;\u00e9teindre un triste samedi 19 mai 2018, \u00e0 l\u2019\u00e2ge de 58 ans.<\/p>\n\n\n\n<p>Le pr\u00e9sident de la R\u00e9publique, Kais Sa\u00efed, a d&rsquo;ailleurs rendu hommage \u00e0 Maya Jribi, ce jeudi 19 mai 2022, lors du conseil minist\u00e9riel, en affirmant que la Tunisie n\u2019oublie pas ses militantes et ses militants. Une minute de silence a \u00e9galement \u00e9t\u00e9 observ\u00e9e, lors dudit conseil, en hommage \u00e0 la militante.<\/p>\n\n\n\n<p>Maya Jribi fait partie de ceux ancr\u00e9s \u00e0 jamais dans la m\u00e9moire collective et que nous ne pouvons oublier\u2026Son combat et son engagement, jusqu\u2019\u00e0 son dernier souffle, restent intacts et son nom est grav\u00e9 dans l&rsquo;Histoire \u00e0 jamais.<\/p>\n\n\n\n<p class=\"has-text-align-right\"><strong>Y. N.<\/strong><\/p>\n","protected":false},"excerpt":{"rendered":"<p>Tunisie : Hommage \u00e0 la militante Maya Jribi, d\u00e9c\u00e9d\u00e9e il y a 4 ans<\/p>\n","protected":false},"author":6,"featured_media":857754,"comment_status":"open","ping_status":"open","sticky":false,"template":"","format":"standard","meta":{"footnotes":""},"categories":[997,2433],"tags":[6632,10110,2560,541,3137,4485,11520,62643],"class_list":["post-857644","post","type-post","status-publish","format-standard","has-post-thumbnail","hentry","category-politique","category-tunisie","tag-al-jomhouri","tag-feministe","tag-hommage","tag-liberte","tag-ltdh","tag-maya-jribi","tag-militante","tag-tunisie"],"yoast_head":"<!-- This site is optimized with the Yoast SEO plugin v26.6 - https:\/\/yoast.com\/wordpress\/plugins\/seo\/ -->\n<title>Tunisie : Hommage \u00e0 la militante Maya Jribi, d\u00e9c\u00e9d\u00e9e il y a 4 ans - Kapitalis<\/title>\n<meta name=\"description\" content=\"La militante Maya Jribi, constituante et ancienne secr\u00e9taire g\u00e9n\u00e9rale du Parti Al-Jomhouri est d\u00e9c\u00e9d\u00e9e, il y a 4 ans, jour pour jour, apr\u00e8s un long combat contre la maladie. Hommage \u00e0 la Femme tunisienne, patriote, engag\u00e9e et courageuse, qui a consacr\u00e9 sa vie \u00e0 d\u00e9fendre les droits, l\u2019\u00e9galit\u00e9 et les libert\u00e9s\u2026\" \/>\n<meta name=\"robots\" content=\"index, follow, max-snippet:-1, max-image-preview:large, max-video-preview:-1\" \/>\n<link rel=\"canonical\" href=\"https:\/\/kapitalis.com\/tunisie\/2022\/05\/20\/tunisie-hommage-a-la-militante-maya-jribi-decedee-il-y-a-4-ans\/\" \/>\n<meta property=\"og:locale\" content=\"fr_FR\" \/>\n<meta property=\"og:type\" content=\"article\" \/>\n<meta property=\"og:title\" content=\"Tunisie : Hommage \u00e0 la militante Maya Jribi, d\u00e9c\u00e9d\u00e9e il y a 4 ans - Kapitalis\" \/>\n<meta property=\"og:description\" content=\"La militante Maya Jribi, constituante et ancienne secr\u00e9taire g\u00e9n\u00e9rale du Parti Al-Jomhouri est d\u00e9c\u00e9d\u00e9e, il y a 4 ans, jour pour jour, apr\u00e8s un long combat contre la maladie. Hommage \u00e0 la Femme tunisienne, patriote, engag\u00e9e et courageuse, qui a consacr\u00e9 sa vie \u00e0 d\u00e9fendre les droits, l\u2019\u00e9galit\u00e9 et les libert\u00e9s\u2026\" \/>\n<meta property=\"og:url\" content=\"https:\/\/kapitalis.com\/tunisie\/2022\/05\/20\/tunisie-hommage-a-la-militante-maya-jribi-decedee-il-y-a-4-ans\/\" \/>\n<meta property=\"og:site_name\" content=\"Kapitalis\" \/>\n<meta property=\"article:publisher\" content=\"https:\/\/www.facebook.com\/KapitalisInfo\/\" \/>\n<meta property=\"article:published_time\" content=\"2022-05-19T23:07:59+00:00\" \/>\n<meta property=\"article:modified_time\" content=\"2022-05-19T23:08:00+00:00\" \/>\n<meta property=\"og:image\" content=\"https:\/\/kapitalis.com\/tunisie\/wp-content\/uploads\/2022\/05\/Maya-Jribi.jpg\" \/>\n\t<meta property=\"og:image:width\" content=\"1200\" \/>\n\t<meta property=\"og:image:height\" content=\"630\" \/>\n\t<meta property=\"og:image:type\" content=\"image\/jpeg\" \/>\n<meta name=\"author\" content=\"Yusra NY\" \/>\n<meta name=\"twitter:card\" content=\"summary_large_image\" \/>\n<meta name=\"twitter:creator\" content=\"@KapitalisInfo\" \/>\n<meta name=\"twitter:site\" content=\"@KapitalisInfo\" \/>\n<meta name=\"twitter:label1\" content=\"\u00c9crit par\" \/>\n\t<meta name=\"twitter:data1\" content=\"Yusra NY\" \/>\n\t<meta name=\"twitter:label2\" content=\"Dur\u00e9e de lecture estim\u00e9e\" \/>\n\t<meta name=\"twitter:data2\" content=\"3 minutes\" \/>\n<script type=\"application\/ld+json\" class=\"yoast-schema-graph\">{\"@context\":\"https:\/\/schema.org\",\"@graph\":[{\"@type\":\"Article\",\"@id\":\"https:\/\/kapitalis.com\/tunisie\/2022\/05\/20\/tunisie-hommage-a-la-militante-maya-jribi-decedee-il-y-a-4-ans\/#article\",\"isPartOf\":{\"@id\":\"https:\/\/kapitalis.com\/tunisie\/2022\/05\/20\/tunisie-hommage-a-la-militante-maya-jribi-decedee-il-y-a-4-ans\/\"},\"author\":{\"name\":\"Yusra NY\",\"@id\":\"https:\/\/kapitalis.com\/tunisie\/#\/schema\/person\/74bbde0154d49d790a92aaeac5bc01d5\"},\"headline\":\"Tunisie : Hommage \u00e0 la militante Maya Jribi, d\u00e9c\u00e9d\u00e9e il y a 4 ans\",\"datePublished\":\"2022-05-19T23:07:59+00:00\",\"dateModified\":\"2022-05-19T23:08:00+00:00\",\"mainEntityOfPage\":{\"@id\":\"https:\/\/kapitalis.com\/tunisie\/2022\/05\/20\/tunisie-hommage-a-la-militante-maya-jribi-decedee-il-y-a-4-ans\/\"},\"wordCount\":461,\"commentCount\":0,\"publisher\":{\"@id\":\"https:\/\/kapitalis.com\/tunisie\/#organization\"},\"image\":{\"@id\":\"https:\/\/kapitalis.com\/tunisie\/2022\/05\/20\/tunisie-hommage-a-la-militante-maya-jribi-decedee-il-y-a-4-ans\/#primaryimage\"},\"thumbnailUrl\":\"https:\/\/kapitalis.com\/tunisie\/wp-content\/uploads\/2022\/05\/Maya-Jribi.jpg\",\"keywords\":[\"Al-Jomhouri\",\"f\u00e9ministe\",\"hommage\",\"libert\u00e9\",\"LTDH\",\"Maya Jribi\",\"militante\",\"Tunisie\"],\"articleSection\":[\"POLITIQUE\",\"Tunisie\"],\"inLanguage\":\"fr-FR\",\"potentialAction\":[{\"@type\":\"CommentAction\",\"name\":\"Comment\",\"target\":[\"https:\/\/kapitalis.com\/tunisie\/2022\/05\/20\/tunisie-hommage-a-la-militante-maya-jribi-decedee-il-y-a-4-ans\/#respond\"]}]},{\"@type\":\"WebPage\",\"@id\":\"https:\/\/kapitalis.com\/tunisie\/2022\/05\/20\/tunisie-hommage-a-la-militante-maya-jribi-decedee-il-y-a-4-ans\/\",\"url\":\"https:\/\/kapitalis.com\/tunisie\/2022\/05\/20\/tunisie-hommage-a-la-militante-maya-jribi-decedee-il-y-a-4-ans\/\",\"name\":\"Tunisie : Hommage \u00e0 la militante Maya Jribi, d\u00e9c\u00e9d\u00e9e il y a 4 ans - Kapitalis\",\"isPartOf\":{\"@id\":\"https:\/\/kapitalis.com\/tunisie\/#website\"},\"primaryImageOfPage\":{\"@id\":\"https:\/\/kapitalis.com\/tunisie\/2022\/05\/20\/tunisie-hommage-a-la-militante-maya-jribi-decedee-il-y-a-4-ans\/#primaryimage\"},\"image\":{\"@id\":\"https:\/\/kapitalis.com\/tunisie\/2022\/05\/20\/tunisie-hommage-a-la-militante-maya-jribi-decedee-il-y-a-4-ans\/#primaryimage\"},\"thumbnailUrl\":\"https:\/\/kapitalis.com\/tunisie\/wp-content\/uploads\/2022\/05\/Maya-Jribi.jpg\",\"datePublished\":\"2022-05-19T23:07:59+00:00\",\"dateModified\":\"2022-05-19T23:08:00+00:00\",\"description\":\"La militante Maya Jribi, constituante et ancienne secr\u00e9taire g\u00e9n\u00e9rale du Parti Al-Jomhouri est d\u00e9c\u00e9d\u00e9e, il y a 4 ans, jour pour jour, apr\u00e8s un long combat contre la maladie. Hommage \u00e0 la Femme tunisienne, patriote, engag\u00e9e et courageuse, qui a consacr\u00e9 sa vie \u00e0 d\u00e9fendre les droits, l\u2019\u00e9galit\u00e9 et les libert\u00e9s\u2026\",\"breadcrumb\":{\"@id\":\"https:\/\/kapitalis.com\/tunisie\/2022\/05\/20\/tunisie-hommage-a-la-militante-maya-jribi-decedee-il-y-a-4-ans\/#breadcrumb\"},\"inLanguage\":\"fr-FR\",\"potentialAction\":[{\"@type\":\"ReadAction\",\"target\":[\"https:\/\/kapitalis.com\/tunisie\/2022\/05\/20\/tunisie-hommage-a-la-militante-maya-jribi-decedee-il-y-a-4-ans\/\"]}]},{\"@type\":\"ImageObject\",\"inLanguage\":\"fr-FR\",\"@id\":\"https:\/\/kapitalis.com\/tunisie\/2022\/05\/20\/tunisie-hommage-a-la-militante-maya-jribi-decedee-il-y-a-4-ans\/#primaryimage\",\"url\":\"https:\/\/kapitalis.com\/tunisie\/wp-content\/uploads\/2022\/05\/Maya-Jribi.jpg\",\"contentUrl\":\"https:\/\/kapitalis.com\/tunisie\/wp-content\/uploads\/2022\/05\/Maya-Jribi.jpg\",\"width\":1200,\"height\":630},{\"@type\":\"BreadcrumbList\",\"@id\":\"https:\/\/kapitalis.com\/tunisie\/2022\/05\/20\/tunisie-hommage-a-la-militante-maya-jribi-decedee-il-y-a-4-ans\/#breadcrumb\",\"itemListElement\":[{\"@type\":\"ListItem\",\"position\":1,\"name\":\"Accueil\",\"item\":\"https:\/\/kapitalis.com\/tunisie\/\"},{\"@type\":\"ListItem\",\"position\":2,\"name\":\"Tunisie : Hommage \u00e0 la militante Maya Jribi, d\u00e9c\u00e9d\u00e9e il y a 4 ans\"}]},{\"@type\":\"WebSite\",\"@id\":\"https:\/\/kapitalis.com\/tunisie\/#website\",\"url\":\"https:\/\/kapitalis.com\/tunisie\/\",\"name\":\"Kapitalis\",\"description\":\"L&#039;actualit\u00e9 en Tunisie et dans le monde\",\"publisher\":{\"@id\":\"https:\/\/kapitalis.com\/tunisie\/#organization\"},\"potentialAction\":[{\"@type\":\"SearchAction\",\"target\":{\"@type\":\"EntryPoint\",\"urlTemplate\":\"https:\/\/kapitalis.com\/tunisie\/?s={search_term_string}\"},\"query-input\":{\"@type\":\"PropertyValueSpecification\",\"valueRequired\":true,\"valueName\":\"search_term_string\"}}],\"inLanguage\":\"fr-FR\"},{\"@type\":\"Organization\",\"@id\":\"https:\/\/kapitalis.com\/tunisie\/#organization\",\"name\":\"Kapitalis\",\"url\":\"https:\/\/kapitalis.com\/tunisie\/\",\"logo\":{\"@type\":\"ImageObject\",\"inLanguage\":\"fr-FR\",\"@id\":\"https:\/\/kapitalis.com\/tunisie\/#\/schema\/logo\/image\/\",\"url\":\"https:\/\/kapitalis.com\/tunisie\/wp-content\/uploads\/2022\/05\/Kapitalis-big-size.png\",\"contentUrl\":\"https:\/\/kapitalis.com\/tunisie\/wp-content\/uploads\/2022\/05\/Kapitalis-big-size.png\",\"width\":5000,\"height\":1500,\"caption\":\"Kapitalis\"},\"image\":{\"@id\":\"https:\/\/kapitalis.com\/tunisie\/#\/schema\/logo\/image\/\"},\"sameAs\":[\"https:\/\/www.facebook.com\/KapitalisInfo\/\",\"https:\/\/x.com\/KapitalisInfo\",\"https:\/\/www.youtube.com\/channel\/UC-yDYrHyfFBWWZaOw3FPg9Q\"]},{\"@type\":\"Person\",\"@id\":\"https:\/\/kapitalis.com\/tunisie\/#\/schema\/person\/74bbde0154d49d790a92aaeac5bc01d5\",\"name\":\"Yusra NY\",\"url\":\"https:\/\/kapitalis.com\/tunisie\/author\/yuza_adam\/\"}]}<\/script>\n<!-- \/ Yoast SEO plugin. -->","yoast_head_json":{"title":"Tunisie : Hommage \u00e0 la militante Maya Jribi, d\u00e9c\u00e9d\u00e9e il y a 4 ans - Kapitalis","description":"La militante Maya Jribi, constituante et ancienne secr\u00e9taire g\u00e9n\u00e9rale du Parti Al-Jomhouri est d\u00e9c\u00e9d\u00e9e, il y a 4 ans, jour pour jour, apr\u00e8s un long combat contre la maladie. Hommage \u00e0 la Femme tunisienne, patriote, engag\u00e9e et courageuse, qui a consacr\u00e9 sa vie \u00e0 d\u00e9fendre les droits, l\u2019\u00e9galit\u00e9 et les libert\u00e9s\u2026","robots":{"index":"index","follow":"follow","max-snippet":"max-snippet:-1","max-image-preview":"max-image-preview:large","max-video-preview":"max-video-preview:-1"},"canonical":"https:\/\/kapitalis.com\/tunisie\/2022\/05\/20\/tunisie-hommage-a-la-militante-maya-jribi-decedee-il-y-a-4-ans\/","og_locale":"fr_FR","og_type":"article","og_title":"Tunisie : Hommage \u00e0 la militante Maya Jribi, d\u00e9c\u00e9d\u00e9e il y a 4 ans - Kapitalis","og_description":"La militante Maya Jribi, constituante et ancienne secr\u00e9taire g\u00e9n\u00e9rale du Parti Al-Jomhouri est d\u00e9c\u00e9d\u00e9e, il y a 4 ans, jour pour jour, apr\u00e8s un long combat contre la maladie. Hommage \u00e0 la Femme tunisienne, patriote, engag\u00e9e et courageuse, qui a consacr\u00e9 sa vie \u00e0 d\u00e9fendre les droits, l\u2019\u00e9galit\u00e9 et les libert\u00e9s\u2026","og_url":"https:\/\/kapitalis.com\/tunisie\/2022\/05\/20\/tunisie-hommage-a-la-militante-maya-jribi-decedee-il-y-a-4-ans\/","og_site_name":"Kapitalis","article_publisher":"https:\/\/www.facebook.com\/KapitalisInfo\/","article_published_time":"2022-05-19T23:07:59+00:00","article_modified_time":"2022-05-19T23:08:00+00:00","og_image":[{"width":1200,"height":630,"url":"https:\/\/kapitalis.com\/tunisie\/wp-content\/uploads\/2022\/05\/Maya-Jribi.jpg","type":"image\/jpeg"}],"author":"Yusra NY","twitter_card":"summary_large_image","twitter_creator":"@KapitalisInfo","twitter_site":"@KapitalisInfo","twitter_misc":{"\u00c9crit par":"Yusra NY","Dur\u00e9e de lecture estim\u00e9e":"3 minutes"},"schema":{"@context":"https:\/\/schema.org","@graph":[{"@type":"Article","@id":"https:\/\/kapitalis.com\/tunisie\/2022\/05\/20\/tunisie-hommage-a-la-militante-maya-jribi-decedee-il-y-a-4-ans\/#article","isPartOf":{"@id":"https:\/\/kapitalis.com\/tunisie\/2022\/05\/20\/tunisie-hommage-a-la-militante-maya-jribi-decedee-il-y-a-4-ans\/"},"author":{"name":"Yusra NY","@id":"https:\/\/kapitalis.com\/tunisie\/#\/schema\/person\/74bbde0154d49d790a92aaeac5bc01d5"},"headline":"Tunisie : Hommage \u00e0 la militante Maya Jribi, d\u00e9c\u00e9d\u00e9e il y a 4 ans","datePublished":"2022-05-19T23:07:59+00:00","dateModified":"2022-05-19T23:08:00+00:00","mainEntityOfPage":{"@id":"https:\/\/kapitalis.com\/tunisie\/2022\/05\/20\/tunisie-hommage-a-la-militante-maya-jribi-decedee-il-y-a-4-ans\/"},"wordCount":461,"commentCount":0,"publisher":{"@id":"https:\/\/kapitalis.com\/tunisie\/#organization"},"image":{"@id":"https:\/\/kapitalis.com\/tunisie\/2022\/05\/20\/tunisie-hommage-a-la-militante-maya-jribi-decedee-il-y-a-4-ans\/#primaryimage"},"thumbnailUrl":"https:\/\/kapitalis.com\/tunisie\/wp-content\/uploads\/2022\/05\/Maya-Jribi.jpg","keywords":["Al-Jomhouri","f\u00e9ministe","hommage","libert\u00e9","LTDH","Maya Jribi","militante","Tunisie"],"articleSection":["POLITIQUE","Tunisie"],"inLanguage":"fr-FR","potentialAction":[{"@type":"CommentAction","name":"Comment","target":["https:\/\/kapitalis.com\/tunisie\/2022\/05\/20\/tunisie-hommage-a-la-militante-maya-jribi-decedee-il-y-a-4-ans\/#respond"]}]},{"@type":"WebPage","@id":"https:\/\/kapitalis.com\/tunisie\/2022\/05\/20\/tunisie-hommage-a-la-militante-maya-jribi-decedee-il-y-a-4-ans\/","url":"https:\/\/kapitalis.com\/tunisie\/2022\/05\/20\/tunisie-hommage-a-la-militante-maya-jribi-decedee-il-y-a-4-ans\/","name":"Tunisie : Hommage \u00e0 la militante Maya Jribi, d\u00e9c\u00e9d\u00e9e il y a 4 ans - Kapitalis","isPartOf":{"@id":"https:\/\/kapitalis.com\/tunisie\/#website"},"primaryImageOfPage":{"@id":"https:\/\/kapitalis.com\/tunisie\/2022\/05\/20\/tunisie-hommage-a-la-militante-maya-jribi-decedee-il-y-a-4-ans\/#primaryimage"},"image":{"@id":"https:\/\/kapitalis.com\/tunisie\/2022\/05\/20\/tunisie-hommage-a-la-militante-maya-jribi-decedee-il-y-a-4-ans\/#primaryimage"},"thumbnailUrl":"https:\/\/kapitalis.com\/tunisie\/wp-content\/uploads\/2022\/05\/Maya-Jribi.jpg","datePublished":"2022-05-19T23:07:59+00:00","dateModified":"2022-05-19T23:08:00+00:00","description":"La militante Maya Jribi, constituante et ancienne secr\u00e9taire g\u00e9n\u00e9rale du Parti Al-Jomhouri est d\u00e9c\u00e9d\u00e9e, il y a 4 ans, jour pour jour, apr\u00e8s un long combat contre la maladie. Hommage \u00e0 la Femme tunisienne, patriote, engag\u00e9e et courageuse, qui a consacr\u00e9 sa vie \u00e0 d\u00e9fendre les droits, l\u2019\u00e9galit\u00e9 et les libert\u00e9s\u2026","breadcrumb":{"@id":"https:\/\/kapitalis.com\/tunisie\/2022\/05\/20\/tunisie-hommage-a-la-militante-maya-jribi-decedee-il-y-a-4-ans\/#breadcrumb"},"inLanguage":"fr-FR","potentialAction":[{"@type":"ReadAction","target":["https:\/\/kapitalis.com\/tunisie\/2022\/05\/20\/tunisie-hommage-a-la-militante-maya-jribi-decedee-il-y-a-4-ans\/"]}]},{"@type":"ImageObject","inLanguage":"fr-FR","@id":"https:\/\/kapitalis.com\/tunisie\/2022\/05\/20\/tunisie-hommage-a-la-militante-maya-jribi-decedee-il-y-a-4-ans\/#primaryimage","url":"https:\/\/kapitalis.com\/tunisie\/wp-content\/uploads\/2022\/05\/Maya-Jribi.jpg","contentUrl":"https:\/\/kapitalis.com\/tunisie\/wp-content\/uploads\/2022\/05\/Maya-Jribi.jpg","width":1200,"height":630},{"@type":"BreadcrumbList","@id":"https:\/\/kapitalis.com\/tunisie\/2022\/05\/20\/tunisie-hommage-a-la-militante-maya-jribi-decedee-il-y-a-4-ans\/#breadcrumb","itemListElement":[{"@type":"ListItem","position":1,"name":"Accueil","item":"https:\/\/kapitalis.com\/tunisie\/"},{"@type":"ListItem","position":2,"name":"Tunisie : Hommage \u00e0 la militante Maya Jribi, d\u00e9c\u00e9d\u00e9e il y a 4 ans"}]},{"@type":"WebSite","@id":"https:\/\/kapitalis.com\/tunisie\/#website","url":"https:\/\/kapitalis.com\/tunisie\/","name":"Kapitalis","description":"L&#039;actualit\u00e9 en Tunisie et dans le monde","publisher":{"@id":"https:\/\/kapitalis.com\/tunisie\/#organization"},"potentialAction":[{"@type":"SearchAction","target":{"@type":"EntryPoint","urlTemplate":"https:\/\/kapitalis.com\/tunisie\/?s={search_term_string}"},"query-input":{"@type":"PropertyValueSpecification","valueRequired":true,"valueName":"search_term_string"}}],"inLanguage":"fr-FR"},{"@type":"Organization","@id":"https:\/\/kapitalis.com\/tunisie\/#organization","name":"Kapitalis","url":"https:\/\/kapitalis.com\/tunisie\/","logo":{"@type":"ImageObject","inLanguage":"fr-FR","@id":"https:\/\/kapitalis.com\/tunisie\/#\/schema\/logo\/image\/","url":"https:\/\/kapitalis.com\/tunisie\/wp-content\/uploads\/2022\/05\/Kapitalis-big-size.png","contentUrl":"https:\/\/kapitalis.com\/tunisie\/wp-content\/uploads\/2022\/05\/Kapitalis-big-size.png","width":5000,"height":1500,"caption":"Kapitalis"},"image":{"@id":"https:\/\/kapitalis.com\/tunisie\/#\/schema\/logo\/image\/"},"sameAs":["https:\/\/www.facebook.com\/KapitalisInfo\/","https:\/\/x.com\/KapitalisInfo","https:\/\/www.youtube.com\/channel\/UC-yDYrHyfFBWWZaOw3FPg9Q"]},{"@type":"Person","@id":"https:\/\/kapitalis.com\/tunisie\/#\/schema\/person\/74bbde0154d49d790a92aaeac5bc01d5","name":"Yusra NY","url":"https:\/\/kapitalis.com\/tunisie\/author\/yuza_adam\/"}]}},"_links":{"self":[{"href":"https:\/\/kapitalis.com\/tunisie\/wp-json\/wp\/v2\/posts\/857644","targetHints":{"allow":["GET"]}}],"collection":[{"href":"https:\/\/kapitalis.com\/tunisie\/wp-json\/wp\/v2\/posts"}],"about":[{"href":"https:\/\/kapitalis.com\/tunisie\/wp-json\/wp\/v2\/types\/post"}],"author":[{"embeddable":true,"href":"https:\/\/kapitalis.com\/tunisie\/wp-json\/wp\/v2\/users\/6"}],"replies":[{"embeddable":true,"href":"https:\/\/kapitalis.com\/tunisie\/wp-json\/wp\/v2\/comments?post=857644"}],"version-history":[{"count":0,"href":"https:\/\/kapitalis.com\/tunisie\/wp-json\/wp\/v2\/posts\/857644\/revisions"}],"wp:featuredmedia":[{"embeddable":true,"href":"https:\/\/kapitalis.com\/tunisie\/wp-json\/wp\/v2\/media\/857754"}],"wp:attachment":[{"href":"https:\/\/kapitalis.com\/tunisie\/wp-json\/wp\/v2\/media?parent=857644"}],"wp:term":[{"taxonomy":"category","embeddable":true,"href":"https:\/\/kapitalis.com\/tunisie\/wp-json\/wp\/v2\/categories?post=857644"},{"taxonomy":"post_tag","embeddable":true,"href":"https:\/\/kapitalis.com\/tunisie\/wp-json\/wp\/v2\/tags?post=857644"}],"curies":[{"name":"wp","href":"https:\/\/api.w.org\/{rel}","templated":true}]}}