{"id":8578220,"date":"2023-06-28T10:46:07","date_gmt":"2023-06-28T09:46:07","guid":{"rendered":"https:\/\/kapitalis.com\/tunisie\/?p=8578220"},"modified":"2023-06-28T10:46:08","modified_gmt":"2023-06-28T09:46:08","slug":"debarquement-de-259-migrants-a-lampedusa-au-cours-de-la-nuit-derniere","status":"publish","type":"post","link":"https:\/\/kapitalis.com\/tunisie\/2023\/06\/28\/debarquement-de-259-migrants-a-lampedusa-au-cours-de-la-nuit-derniere\/","title":{"rendered":"D\u00e9barquement de 259 migrants \u00e0 Lampedusa au cours de la nuit derni\u00e8re"},"content":{"rendered":"\n<p><strong><em>Apr\u00e8s une br\u00e8ve pause li\u00e9e aux conditions de mer, les d\u00e9barquements dans l\u2019\u00eele italienne de Lampedusa ont repris o\u00f9, dans la nuit du mardi 27 au mercredi 28 juin 2023, avec le d\u00e9barquement de 259 migrants.<\/em><\/strong><\/p>\n\n\n\n<!--more-->\n\n\n\n<p>Ils \u00e9taient sur trois bateaux attel\u00e9s par des patrouilleurs de la Guardia di Finanza et de la Capitaneria, rapporte l\u2019agence italienne Ansamed ce matin, ajoutant que peu de temps auparavant, il y avait eu trois d\u00e9barquements avec 114 personnes.<\/p>\n\n\n\n<p>Dans le hotspot du quartier d\u2019Imbriacola, que la pr\u00e9fecture et la police ont tent\u00e9 de d\u00e9sengorger ces derniers jours avec une s\u00e9rie de transferts, on compte actuellement 613 personnes.<\/p>\n\n\n\n<p>Sur le premier bateau, long de 10 m\u00e8tres, amarr\u00e9 pendant la nuit se trouvaient 131 migrants (dont 20 femmes et 15 mineurs) qui ont d\u00e9clar\u00e9 \u00eatre originaires du Maroc, de Syrie, d\u2019Egypte, de Tunisie et de Gambie et qu\u2019ils \u00e9taient partis des \u00eeles Kerkennah, au large de Sfax, en Tunisie, apr\u00e8s avoir pay\u00e9 de 2000 \u00e0 5000 dinars tunisiens.<\/p>\n\n\n\n<p>Sur la seconde barque, il y avait 17 Tunisiens (dont 4 femmes et 2 mineurs) partis de Monastir (Tunisie) et sur la troisi\u00e8me 111 (dont 10 femmes et 4 mineurs) Bengalis, Ivoiriens, Palestiniens, Syriens, Egyptiens et Soudanais.<\/p>\n\n\n\n<p><strong><em>Source\u00a0<\/em><\/strong>: <a href=\"https:\/\/www.ansa.it\/sito\/notizie\/cronaca\/2023\/06\/28\/riprendono-sbarchi-a-lampedusa-arrivati-259-migranti_e69e082f-d099-4dde-b625-a767e7b2d0ca.html\" target=\"_blank\" rel=\"noreferrer noopener\">Ansamed<\/a>.<\/p>\n","protected":false},"excerpt":{"rendered":"<p>Dans la nuit du mardi 27 au mercredi 28 juin, pas moins de 259 migrants ont d\u00e9barqu\u00e9 \u00e0 Lampedusa.<\/p>\n","protected":false},"author":8,"featured_media":8514110,"comment_status":"open","ping_status":"open","sticky":false,"template":"","format":"standard","meta":{"footnotes":""},"categories":[998,2433],"tags":[109595,100612,505,4479,2842,3145,633,823,62643],"class_list":["post-8578220","post","type-post","status-publish","format-standard","has-post-thumbnail","hentry","category-societe","category-tunisie","tag-guardia-di-finanza","tag-imbriacola","tag-italie","tag-kerkennah","tag-lampedusa","tag-migrants","tag-monastir","tag-sfax","tag-tunisie"],"yoast_head":"<!-- This site is optimized with the Yoast SEO plugin v26.6 - https:\/\/yoast.com\/wordpress\/plugins\/seo\/ -->\n<title>D\u00e9barquement de 259 migrants \u00e0 Lampedusa au cours de la nuit derni\u00e8re - Kapitalis<\/title>\n<meta name=\"robots\" content=\"index, follow, max-snippet:-1, max-image-preview:large, max-video-preview:-1\" \/>\n<link rel=\"canonical\" href=\"https:\/\/kapitalis.com\/tunisie\/2023\/06\/28\/debarquement-de-259-migrants-a-lampedusa-au-cours-de-la-nuit-derniere\/\" \/>\n<meta property=\"og:locale\" content=\"fr_FR\" \/>\n<meta property=\"og:type\" content=\"article\" \/>\n<meta property=\"og:title\" content=\"D\u00e9barquement de 259 migrants \u00e0 Lampedusa au cours de la nuit derni\u00e8re - Kapitalis\" \/>\n<meta property=\"og:description\" content=\"Dans la nuit du mardi 27 au mercredi 28 juin, pas moins de 259 migrants ont d\u00e9barqu\u00e9 \u00e0 Lampedusa.\" \/>\n<meta property=\"og:url\" content=\"https:\/\/kapitalis.com\/tunisie\/2023\/06\/28\/debarquement-de-259-migrants-a-lampedusa-au-cours-de-la-nuit-derniere\/\" \/>\n<meta property=\"og:site_name\" content=\"Kapitalis\" \/>\n<meta property=\"article:publisher\" content=\"https:\/\/www.facebook.com\/KapitalisInfo\/\" \/>\n<meta property=\"article:published_time\" content=\"2023-06-28T09:46:07+00:00\" \/>\n<meta property=\"article:modified_time\" content=\"2023-06-28T09:46:08+00:00\" \/>\n<meta property=\"og:image\" content=\"https:\/\/kapitalis.com\/tunisie\/wp-content\/uploads\/2023\/06\/Migrants-Lampedusa.jpg\" \/>\n\t<meta property=\"og:image:width\" content=\"1200\" \/>\n\t<meta property=\"og:image:height\" content=\"630\" \/>\n\t<meta property=\"og:image:type\" content=\"image\/jpeg\" \/>\n<meta name=\"author\" content=\"webmaster kapitalis\" \/>\n<meta name=\"twitter:card\" content=\"summary_large_image\" \/>\n<meta name=\"twitter:creator\" content=\"@KapitalisInfo\" \/>\n<meta name=\"twitter:site\" content=\"@KapitalisInfo\" \/>\n<meta name=\"twitter:label1\" content=\"\u00c9crit par\" \/>\n\t<meta name=\"twitter:data1\" content=\"webmaster kapitalis\" \/>\n\t<meta name=\"twitter:label2\" content=\"Dur\u00e9e de lecture estim\u00e9e\" \/>\n\t<meta name=\"twitter:data2\" content=\"2 minutes\" \/>\n<script type=\"application\/ld+json\" class=\"yoast-schema-graph\">{\"@context\":\"https:\/\/schema.org\",\"@graph\":[{\"@type\":\"Article\",\"@id\":\"https:\/\/kapitalis.com\/tunisie\/2023\/06\/28\/debarquement-de-259-migrants-a-lampedusa-au-cours-de-la-nuit-derniere\/#article\",\"isPartOf\":{\"@id\":\"https:\/\/kapitalis.com\/tunisie\/2023\/06\/28\/debarquement-de-259-migrants-a-lampedusa-au-cours-de-la-nuit-derniere\/\"},\"author\":{\"name\":\"webmaster kapitalis\",\"@id\":\"https:\/\/kapitalis.com\/tunisie\/#\/schema\/person\/d71f33a9ca44f7bad4698210b480c8e9\"},\"headline\":\"D\u00e9barquement de 259 migrants \u00e0 Lampedusa au cours de la nuit derni\u00e8re\",\"datePublished\":\"2023-06-28T09:46:07+00:00\",\"dateModified\":\"2023-06-28T09:46:08+00:00\",\"mainEntityOfPage\":{\"@id\":\"https:\/\/kapitalis.com\/tunisie\/2023\/06\/28\/debarquement-de-259-migrants-a-lampedusa-au-cours-de-la-nuit-derniere\/\"},\"wordCount\":214,\"commentCount\":2,\"publisher\":{\"@id\":\"https:\/\/kapitalis.com\/tunisie\/#organization\"},\"image\":{\"@id\":\"https:\/\/kapitalis.com\/tunisie\/2023\/06\/28\/debarquement-de-259-migrants-a-lampedusa-au-cours-de-la-nuit-derniere\/#primaryimage\"},\"thumbnailUrl\":\"https:\/\/kapitalis.com\/tunisie\/wp-content\/uploads\/2023\/06\/Migrants-Lampedusa.jpg\",\"keywords\":[\"Guardia di Finanza\",\"Imbriacola\",\"Italie\",\"Kerkennah\",\"Lampedusa\",\"migrants\",\"Monastir\",\"Sfax\",\"Tunisie\"],\"articleSection\":[\"SOCIETE\",\"Tunisie\"],\"inLanguage\":\"fr-FR\",\"potentialAction\":[{\"@type\":\"CommentAction\",\"name\":\"Comment\",\"target\":[\"https:\/\/kapitalis.com\/tunisie\/2023\/06\/28\/debarquement-de-259-migrants-a-lampedusa-au-cours-de-la-nuit-derniere\/#respond\"]}]},{\"@type\":\"WebPage\",\"@id\":\"https:\/\/kapitalis.com\/tunisie\/2023\/06\/28\/debarquement-de-259-migrants-a-lampedusa-au-cours-de-la-nuit-derniere\/\",\"url\":\"https:\/\/kapitalis.com\/tunisie\/2023\/06\/28\/debarquement-de-259-migrants-a-lampedusa-au-cours-de-la-nuit-derniere\/\",\"name\":\"D\u00e9barquement de 259 migrants \u00e0 Lampedusa au cours de la nuit derni\u00e8re - Kapitalis\",\"isPartOf\":{\"@id\":\"https:\/\/kapitalis.com\/tunisie\/#website\"},\"primaryImageOfPage\":{\"@id\":\"https:\/\/kapitalis.com\/tunisie\/2023\/06\/28\/debarquement-de-259-migrants-a-lampedusa-au-cours-de-la-nuit-derniere\/#primaryimage\"},\"image\":{\"@id\":\"https:\/\/kapitalis.com\/tunisie\/2023\/06\/28\/debarquement-de-259-migrants-a-lampedusa-au-cours-de-la-nuit-derniere\/#primaryimage\"},\"thumbnailUrl\":\"https:\/\/kapitalis.com\/tunisie\/wp-content\/uploads\/2023\/06\/Migrants-Lampedusa.jpg\",\"datePublished\":\"2023-06-28T09:46:07+00:00\",\"dateModified\":\"2023-06-28T09:46:08+00:00\",\"breadcrumb\":{\"@id\":\"https:\/\/kapitalis.com\/tunisie\/2023\/06\/28\/debarquement-de-259-migrants-a-lampedusa-au-cours-de-la-nuit-derniere\/#breadcrumb\"},\"inLanguage\":\"fr-FR\",\"potentialAction\":[{\"@type\":\"ReadAction\",\"target\":[\"https:\/\/kapitalis.com\/tunisie\/2023\/06\/28\/debarquement-de-259-migrants-a-lampedusa-au-cours-de-la-nuit-derniere\/\"]}]},{\"@type\":\"ImageObject\",\"inLanguage\":\"fr-FR\",\"@id\":\"https:\/\/kapitalis.com\/tunisie\/2023\/06\/28\/debarquement-de-259-migrants-a-lampedusa-au-cours-de-la-nuit-derniere\/#primaryimage\",\"url\":\"https:\/\/kapitalis.com\/tunisie\/wp-content\/uploads\/2023\/06\/Migrants-Lampedusa.jpg\",\"contentUrl\":\"https:\/\/kapitalis.com\/tunisie\/wp-content\/uploads\/2023\/06\/Migrants-Lampedusa.jpg\",\"width\":1200,\"height\":630},{\"@type\":\"BreadcrumbList\",\"@id\":\"https:\/\/kapitalis.com\/tunisie\/2023\/06\/28\/debarquement-de-259-migrants-a-lampedusa-au-cours-de-la-nuit-derniere\/#breadcrumb\",\"itemListElement\":[{\"@type\":\"ListItem\",\"position\":1,\"name\":\"Accueil\",\"item\":\"https:\/\/kapitalis.com\/tunisie\/\"},{\"@type\":\"ListItem\",\"position\":2,\"name\":\"D\u00e9barquement de 259 migrants \u00e0 Lampedusa au cours de la nuit derni\u00e8re\"}]},{\"@type\":\"WebSite\",\"@id\":\"https:\/\/kapitalis.com\/tunisie\/#website\",\"url\":\"https:\/\/kapitalis.com\/tunisie\/\",\"name\":\"Kapitalis\",\"description\":\"L&#039;actualit\u00e9 en Tunisie et dans le monde\",\"publisher\":{\"@id\":\"https:\/\/kapitalis.com\/tunisie\/#organization\"},\"potentialAction\":[{\"@type\":\"SearchAction\",\"target\":{\"@type\":\"EntryPoint\",\"urlTemplate\":\"https:\/\/kapitalis.com\/tunisie\/?s={search_term_string}\"},\"query-input\":{\"@type\":\"PropertyValueSpecification\",\"valueRequired\":true,\"valueName\":\"search_term_string\"}}],\"inLanguage\":\"fr-FR\"},{\"@type\":\"Organization\",\"@id\":\"https:\/\/kapitalis.com\/tunisie\/#organization\",\"name\":\"Kapitalis\",\"url\":\"https:\/\/kapitalis.com\/tunisie\/\",\"logo\":{\"@type\":\"ImageObject\",\"inLanguage\":\"fr-FR\",\"@id\":\"https:\/\/kapitalis.com\/tunisie\/#\/schema\/logo\/image\/\",\"url\":\"https:\/\/kapitalis.com\/tunisie\/wp-content\/uploads\/2022\/05\/Kapitalis-big-size.png\",\"contentUrl\":\"https:\/\/kapitalis.com\/tunisie\/wp-content\/uploads\/2022\/05\/Kapitalis-big-size.png\",\"width\":5000,\"height\":1500,\"caption\":\"Kapitalis\"},\"image\":{\"@id\":\"https:\/\/kapitalis.com\/tunisie\/#\/schema\/logo\/image\/\"},\"sameAs\":[\"https:\/\/www.facebook.com\/KapitalisInfo\/\",\"https:\/\/x.com\/KapitalisInfo\",\"https:\/\/www.youtube.com\/channel\/UC-yDYrHyfFBWWZaOw3FPg9Q\"]},{\"@type\":\"Person\",\"@id\":\"https:\/\/kapitalis.com\/tunisie\/#\/schema\/person\/d71f33a9ca44f7bad4698210b480c8e9\",\"name\":\"webmaster kapitalis\",\"url\":\"https:\/\/kapitalis.com\/tunisie\/author\/webmaster-kapitalis\/\"}]}<\/script>\n<!-- \/ Yoast SEO plugin. -->","yoast_head_json":{"title":"D\u00e9barquement de 259 migrants \u00e0 Lampedusa au cours de la nuit derni\u00e8re - Kapitalis","robots":{"index":"index","follow":"follow","max-snippet":"max-snippet:-1","max-image-preview":"max-image-preview:large","max-video-preview":"max-video-preview:-1"},"canonical":"https:\/\/kapitalis.com\/tunisie\/2023\/06\/28\/debarquement-de-259-migrants-a-lampedusa-au-cours-de-la-nuit-derniere\/","og_locale":"fr_FR","og_type":"article","og_title":"D\u00e9barquement de 259 migrants \u00e0 Lampedusa au cours de la nuit derni\u00e8re - Kapitalis","og_description":"Dans la nuit du mardi 27 au mercredi 28 juin, pas moins de 259 migrants ont d\u00e9barqu\u00e9 \u00e0 Lampedusa.","og_url":"https:\/\/kapitalis.com\/tunisie\/2023\/06\/28\/debarquement-de-259-migrants-a-lampedusa-au-cours-de-la-nuit-derniere\/","og_site_name":"Kapitalis","article_publisher":"https:\/\/www.facebook.com\/KapitalisInfo\/","article_published_time":"2023-06-28T09:46:07+00:00","article_modified_time":"2023-06-28T09:46:08+00:00","og_image":[{"width":1200,"height":630,"url":"https:\/\/kapitalis.com\/tunisie\/wp-content\/uploads\/2023\/06\/Migrants-Lampedusa.jpg","type":"image\/jpeg"}],"author":"webmaster kapitalis","twitter_card":"summary_large_image","twitter_creator":"@KapitalisInfo","twitter_site":"@KapitalisInfo","twitter_misc":{"\u00c9crit par":"webmaster kapitalis","Dur\u00e9e de lecture estim\u00e9e":"2 minutes"},"schema":{"@context":"https:\/\/schema.org","@graph":[{"@type":"Article","@id":"https:\/\/kapitalis.com\/tunisie\/2023\/06\/28\/debarquement-de-259-migrants-a-lampedusa-au-cours-de-la-nuit-derniere\/#article","isPartOf":{"@id":"https:\/\/kapitalis.com\/tunisie\/2023\/06\/28\/debarquement-de-259-migrants-a-lampedusa-au-cours-de-la-nuit-derniere\/"},"author":{"name":"webmaster kapitalis","@id":"https:\/\/kapitalis.com\/tunisie\/#\/schema\/person\/d71f33a9ca44f7bad4698210b480c8e9"},"headline":"D\u00e9barquement de 259 migrants \u00e0 Lampedusa au cours de la nuit derni\u00e8re","datePublished":"2023-06-28T09:46:07+00:00","dateModified":"2023-06-28T09:46:08+00:00","mainEntityOfPage":{"@id":"https:\/\/kapitalis.com\/tunisie\/2023\/06\/28\/debarquement-de-259-migrants-a-lampedusa-au-cours-de-la-nuit-derniere\/"},"wordCount":214,"commentCount":2,"publisher":{"@id":"https:\/\/kapitalis.com\/tunisie\/#organization"},"image":{"@id":"https:\/\/kapitalis.com\/tunisie\/2023\/06\/28\/debarquement-de-259-migrants-a-lampedusa-au-cours-de-la-nuit-derniere\/#primaryimage"},"thumbnailUrl":"https:\/\/kapitalis.com\/tunisie\/wp-content\/uploads\/2023\/06\/Migrants-Lampedusa.jpg","keywords":["Guardia di Finanza","Imbriacola","Italie","Kerkennah","Lampedusa","migrants","Monastir","Sfax","Tunisie"],"articleSection":["SOCIETE","Tunisie"],"inLanguage":"fr-FR","potentialAction":[{"@type":"CommentAction","name":"Comment","target":["https:\/\/kapitalis.com\/tunisie\/2023\/06\/28\/debarquement-de-259-migrants-a-lampedusa-au-cours-de-la-nuit-derniere\/#respond"]}]},{"@type":"WebPage","@id":"https:\/\/kapitalis.com\/tunisie\/2023\/06\/28\/debarquement-de-259-migrants-a-lampedusa-au-cours-de-la-nuit-derniere\/","url":"https:\/\/kapitalis.com\/tunisie\/2023\/06\/28\/debarquement-de-259-migrants-a-lampedusa-au-cours-de-la-nuit-derniere\/","name":"D\u00e9barquement de 259 migrants \u00e0 Lampedusa au cours de la nuit derni\u00e8re - Kapitalis","isPartOf":{"@id":"https:\/\/kapitalis.com\/tunisie\/#website"},"primaryImageOfPage":{"@id":"https:\/\/kapitalis.com\/tunisie\/2023\/06\/28\/debarquement-de-259-migrants-a-lampedusa-au-cours-de-la-nuit-derniere\/#primaryimage"},"image":{"@id":"https:\/\/kapitalis.com\/tunisie\/2023\/06\/28\/debarquement-de-259-migrants-a-lampedusa-au-cours-de-la-nuit-derniere\/#primaryimage"},"thumbnailUrl":"https:\/\/kapitalis.com\/tunisie\/wp-content\/uploads\/2023\/06\/Migrants-Lampedusa.jpg","datePublished":"2023-06-28T09:46:07+00:00","dateModified":"2023-06-28T09:46:08+00:00","breadcrumb":{"@id":"https:\/\/kapitalis.com\/tunisie\/2023\/06\/28\/debarquement-de-259-migrants-a-lampedusa-au-cours-de-la-nuit-derniere\/#breadcrumb"},"inLanguage":"fr-FR","potentialAction":[{"@type":"ReadAction","target":["https:\/\/kapitalis.com\/tunisie\/2023\/06\/28\/debarquement-de-259-migrants-a-lampedusa-au-cours-de-la-nuit-derniere\/"]}]},{"@type":"ImageObject","inLanguage":"fr-FR","@id":"https:\/\/kapitalis.com\/tunisie\/2023\/06\/28\/debarquement-de-259-migrants-a-lampedusa-au-cours-de-la-nuit-derniere\/#primaryimage","url":"https:\/\/kapitalis.com\/tunisie\/wp-content\/uploads\/2023\/06\/Migrants-Lampedusa.jpg","contentUrl":"https:\/\/kapitalis.com\/tunisie\/wp-content\/uploads\/2023\/06\/Migrants-Lampedusa.jpg","width":1200,"height":630},{"@type":"BreadcrumbList","@id":"https:\/\/kapitalis.com\/tunisie\/2023\/06\/28\/debarquement-de-259-migrants-a-lampedusa-au-cours-de-la-nuit-derniere\/#breadcrumb","itemListElement":[{"@type":"ListItem","position":1,"name":"Accueil","item":"https:\/\/kapitalis.com\/tunisie\/"},{"@type":"ListItem","position":2,"name":"D\u00e9barquement de 259 migrants \u00e0 Lampedusa au cours de la nuit derni\u00e8re"}]},{"@type":"WebSite","@id":"https:\/\/kapitalis.com\/tunisie\/#website","url":"https:\/\/kapitalis.com\/tunisie\/","name":"Kapitalis","description":"L&#039;actualit\u00e9 en Tunisie et dans le monde","publisher":{"@id":"https:\/\/kapitalis.com\/tunisie\/#organization"},"potentialAction":[{"@type":"SearchAction","target":{"@type":"EntryPoint","urlTemplate":"https:\/\/kapitalis.com\/tunisie\/?s={search_term_string}"},"query-input":{"@type":"PropertyValueSpecification","valueRequired":true,"valueName":"search_term_string"}}],"inLanguage":"fr-FR"},{"@type":"Organization","@id":"https:\/\/kapitalis.com\/tunisie\/#organization","name":"Kapitalis","url":"https:\/\/kapitalis.com\/tunisie\/","logo":{"@type":"ImageObject","inLanguage":"fr-FR","@id":"https:\/\/kapitalis.com\/tunisie\/#\/schema\/logo\/image\/","url":"https:\/\/kapitalis.com\/tunisie\/wp-content\/uploads\/2022\/05\/Kapitalis-big-size.png","contentUrl":"https:\/\/kapitalis.com\/tunisie\/wp-content\/uploads\/2022\/05\/Kapitalis-big-size.png","width":5000,"height":1500,"caption":"Kapitalis"},"image":{"@id":"https:\/\/kapitalis.com\/tunisie\/#\/schema\/logo\/image\/"},"sameAs":["https:\/\/www.facebook.com\/KapitalisInfo\/","https:\/\/x.com\/KapitalisInfo","https:\/\/www.youtube.com\/channel\/UC-yDYrHyfFBWWZaOw3FPg9Q"]},{"@type":"Person","@id":"https:\/\/kapitalis.com\/tunisie\/#\/schema\/person\/d71f33a9ca44f7bad4698210b480c8e9","name":"webmaster kapitalis","url":"https:\/\/kapitalis.com\/tunisie\/author\/webmaster-kapitalis\/"}]}},"_links":{"self":[{"href":"https:\/\/kapitalis.com\/tunisie\/wp-json\/wp\/v2\/posts\/8578220","targetHints":{"allow":["GET"]}}],"collection":[{"href":"https:\/\/kapitalis.com\/tunisie\/wp-json\/wp\/v2\/posts"}],"about":[{"href":"https:\/\/kapitalis.com\/tunisie\/wp-json\/wp\/v2\/types\/post"}],"author":[{"embeddable":true,"href":"https:\/\/kapitalis.com\/tunisie\/wp-json\/wp\/v2\/users\/8"}],"replies":[{"embeddable":true,"href":"https:\/\/kapitalis.com\/tunisie\/wp-json\/wp\/v2\/comments?post=8578220"}],"version-history":[{"count":1,"href":"https:\/\/kapitalis.com\/tunisie\/wp-json\/wp\/v2\/posts\/8578220\/revisions"}],"predecessor-version":[{"id":8578245,"href":"https:\/\/kapitalis.com\/tunisie\/wp-json\/wp\/v2\/posts\/8578220\/revisions\/8578245"}],"wp:featuredmedia":[{"embeddable":true,"href":"https:\/\/kapitalis.com\/tunisie\/wp-json\/wp\/v2\/media\/8514110"}],"wp:attachment":[{"href":"https:\/\/kapitalis.com\/tunisie\/wp-json\/wp\/v2\/media?parent=8578220"}],"wp:term":[{"taxonomy":"category","embeddable":true,"href":"https:\/\/kapitalis.com\/tunisie\/wp-json\/wp\/v2\/categories?post=8578220"},{"taxonomy":"post_tag","embeddable":true,"href":"https:\/\/kapitalis.com\/tunisie\/wp-json\/wp\/v2\/tags?post=8578220"}],"curies":[{"name":"wp","href":"https:\/\/api.w.org\/{rel}","templated":true}]}}