{"id":8588852,"date":"2023-06-29T07:16:56","date_gmt":"2023-06-29T06:16:56","guid":{"rendered":"https:\/\/kapitalis.com\/tunisie\/?p=8588852"},"modified":"2023-06-29T07:29:56","modified_gmt":"2023-06-29T06:29:56","slug":"organisations-internationales-aggravation-rapide-de-la-situation-des-droits-de-lhomme-en-tunisie","status":"publish","type":"post","link":"https:\/\/kapitalis.com\/tunisie\/2023\/06\/29\/organisations-internationales-aggravation-rapide-de-la-situation-des-droits-de-lhomme-en-tunisie\/","title":{"rendered":"Organisations internationales\u00a0: aggravation rapide de la situation des droits de l\u2019homme en Tunisie"},"content":{"rendered":"\n<p><strong><em>Sans la d\u00e9claration ci-dessous, quatre organisations internationales appellent les Etats membres du Conseil des droits de l\u2019homme de l\u2019Onu \u00e0 s\u2019attaquer \u00e0 la crise des droits de l\u2019homme qui s\u2019aggrave rapidement en Tunisie.<\/em><\/strong><\/p>\n\n\n\n<!--more-->\n\n\n\n<p>Le Conseil des droits de l\u2019homme de l\u2019homme devrait s\u2019attaquer de toute urgence \u00e0 la d\u00e9t\u00e9rioration de la situation des droits de l\u2019homme en Tunisie, ont d\u00e9clar\u00e9, mercredi 28 juin 2023, quatre organisations de d\u00e9fense des droits de l\u2019homme alors que la 53<sup>e<\/sup> session du Conseil est en cours.<\/p>\n\n\n\n<p>Dans une lettre envoy\u00e9e aux repr\u00e9sentants des \u00c9tats membres de l\u2019Onu, le 5 juin 2023, les organisations soussign\u00e9es ont mis en garde contre l\u2019aggravation rapide de la situation en Tunisie et ont exhort\u00e9 les \u00c9tats \u00e0 saisir l\u2019occasion de la session en cours du Conseil des droits de l\u2019homme pour y rem\u00e9dier.<\/p>\n\n\n\n<p>Les organisations ont appel\u00e9 le Conseil et les \u00c9tats membres \u00e0 faire pression sur les autorit\u00e9s tunisiennes pour qu\u2019elles respectent leurs obligations en vertu du droit international des droits de l\u2019homme, en particulier celles garantissant les droits \u00e0 un proc\u00e8s \u00e9quitable, la libert\u00e9 d\u2019expression, la libert\u00e9 de r\u00e9union et d\u2019association pacifiques et la non-discrimination.<\/p>\n\n\n\n<p>Le Conseil des droits de l\u2019homme devrait exhorter la Tunisie \u00e0 mettre fin \u00e0 la r\u00e9pression actuelle de la dissidence pacifique et de la libert\u00e9 d\u2019expression, et \u00e0 abandonner les poursuites et \u00e0 lib\u00e9rer toutes les personnes d\u00e9tenues et poursuivies uniquement sur la base de leurs activit\u00e9s politiques pacifiques et de l\u2019exercice de leurs droits fondamentaux.<\/p>\n\n\n\n<p>Le Conseil devrait \u00e9galement appeler la Tunisie \u00e0 mener une enqu\u00eate rapide, approfondie, ind\u00e9pendante, impartiale et transparente sur une vague de violence anti-Noirs \u2013 y compris des agressions et des expulsions sommaires \u2013 contre des ressortissants \u00e9trangers noirs africains, y compris des migrants, des demandeurs d\u2019asile et des r\u00e9fugi\u00e9s, et traduire en justice toute personne raisonnablement soup\u00e7onn\u00e9e d\u2019\u00eatre responsable, et fournir aux victimes un acc\u00e8s \u00e0 la justice et \u00e0 des recours effectifs.<\/p>\n\n\n\n<p>Au cours des deux derni\u00e8res ann\u00e9es, la Tunisie a connu un important recul des droits de l\u2019homme. Les garanties d\u2019ind\u00e9pendance judiciaire ont \u00e9t\u00e9 d\u00e9mantel\u00e9es et certains juges et procureurs ont \u00e9t\u00e9 l\u2019objet de r\u00e9vocations arbitraires, de poursuites p\u00e9nales politis\u00e9es et d\u2019une ing\u00e9rence accrue de la part de l\u2019ex\u00e9cutif. Des avocats sont poursuivis pour s\u2019\u00eatre acquitt\u00e9s de leurs obligations professionnelles et exerc\u00e9 leur droit \u00e0 la libert\u00e9 d\u2019expression.<\/p>\n\n\n\n<p><em>\u00abL\u2019ing\u00e9rence des autorit\u00e9s tunisiennes dans le syst\u00e8me judiciaire et les attaques contre les avocats ont fortement port\u00e9 atteinte au droit \u00e0 un proc\u00e8s \u00e9quitable et \u00e0 la confiance du public dans l\u2019int\u00e9grit\u00e9 du syst\u00e8me judiciaire. Les autorit\u00e9s doivent veiller \u00e0 ce que les tribunaux ne soient pas arm\u00e9s pour \u00e9craser la dissidence et la libert\u00e9 d\u2019expression\u00bb<\/em>, a d\u00e9clar\u00e9 le directeur Mena de la Commission internationale des juristes, Said Benarbia.<\/p>\n\n\n\n<p>Sous couvert de <em>\u00ablutte contre les d\u00e9lits li\u00e9s aux syst\u00e8mes d\u2019information et de communication\u00bb<\/em>, passibles de 10 ans d\u2019emprisonnement et d\u2019une lourde amende selon le d\u00e9cret-loi 54, au moins 13 individus, dont des journalistes, des opposants politiques, des avocats, des d\u00e9fenseurs des droits de l\u2019homme, et militants, ont fait l\u2019objet d\u2019enqu\u00eates polici\u00e8res ou judiciaires et risquent d\u2019\u00eatre poursuivis.<\/p>\n\n\n\n<p><em>\u00abAlors que la Tunisie est confront\u00e9e \u00e0 l\u2019incertitude politique et \u00e0 la crise \u00e9conomique, il est plus important que jamais que les Tunisiens soient libres de d\u00e9battre de l\u2019avenir de leur pays sans crainte de repr\u00e9sailles. Les autorit\u00e9s doivent s\u2019efforcer de permettre la jouissance effective du droit \u00e0 la libert\u00e9 d\u2019expression de chacun; au lieu de cela, ils l\u2019attaquent\u00bb<\/em>, a d\u00e9clar\u00e9 Rawya Rageh, directrice adjointe par int\u00e9rim d\u2019Amnesty International pour le Moyen-Orient et l\u2019Afrique du Nord.<\/p>\n\n\n\n<figure class=\"wp-block-embed is-type-wp-embed is-provider-kapitalis wp-block-embed-kapitalis\"><div class=\"wp-block-embed__wrapper\">\n<blockquote class=\"wp-embedded-content\" data-secret=\"mW1TjuXfqv\"><a href=\"https:\/\/kapitalis.com\/tunisie\/2023\/06\/23\/lonu-appelle-la-tunisie-a-cesser-de-criminaliser-le-journalisme-independant\/\">L\u2019Onu appelle la Tunisie \u00e0 \u00abcesser de criminaliser le journalisme ind\u00e9pendant\u00bb<\/a><\/blockquote><iframe loading=\"lazy\" class=\"wp-embedded-content\" sandbox=\"allow-scripts\" security=\"restricted\" style=\"position: absolute; clip: rect(1px, 1px, 1px, 1px);\" title=\"\u00ab\u00a0L\u2019Onu appelle la Tunisie \u00e0 \u00abcesser de criminaliser le journalisme ind\u00e9pendant\u00bb\u00a0\u00bb &#8212; Kapitalis\" src=\"https:\/\/kapitalis.com\/tunisie\/2023\/06\/23\/lonu-appelle-la-tunisie-a-cesser-de-criminaliser-le-journalisme-independant\/embed\/#?secret=NR0vWAJ3TN#?secret=mW1TjuXfqv\" data-secret=\"mW1TjuXfqv\" width=\"600\" height=\"338\" frameborder=\"0\" marginwidth=\"0\" marginheight=\"0\" scrolling=\"no\"><\/iframe>\n<\/div><\/figure>\n\n\n\n<p>La semaine derni\u00e8re, le Haut commissaire des Nations Unies aux droits de l\u2019homme a appel\u00e9 les autorit\u00e9s tunisiennes \u00e0 cesser de restreindre la libert\u00e9 des m\u00e9dias et de criminaliser le journalisme ind\u00e9pendant. Dans une d\u00e9claration publi\u00e9e le 23 juin,<a href=\"https:\/\/kapitalis.com\/tunisie\/2023\/06\/23\/lonu-appelle-la-tunisie-a-cesser-de-criminaliser-le-journalisme-independant\/\" target=\"_blank\" rel=\"noreferrer noopener\"> Volker T\u00fcrk <\/a>a exprim\u00e9 sa profonde pr\u00e9occupation face aux restrictions croissantes du droit \u00e0 la libert\u00e9 d\u2019expression et \u00e0 la libert\u00e9 de la presse en Tunisie, notant qu\u2019une l\u00e9gislation vague est utilis\u00e9e pour criminaliser le journalisme ind\u00e9pendant et \u00e9touffer les critiques \u00e0 l\u2019encontre des autorit\u00e9s. <em>\u00abIl est troublant de voir la Tunisie, un pays qui nourrissait autrefois tant d\u2019espoir, r\u00e9gresser et perdre les acquis de la derni\u00e8re d\u00e9cennie en mati\u00e8re de droits de l\u2019homme\u00bb<\/em>, a d\u00e9clar\u00e9 la Haut-Commissaire.<\/p>\n\n\n\n<p>Depuis f\u00e9vrier 2023, une vague d\u2019arrestations a vis\u00e9 des opposants politiques et des critiques pr\u00e9sum\u00e9s du pr\u00e9sident tunisien, Ka\u00efs Sa\u00efed. En l\u2019absence de preuves cr\u00e9dibles d\u2019infractions, les juges enqu\u00eatent sur au moins 48 personnes, telles que des dissidents, des personnalit\u00e9s de l\u2019opposition et des avocats, pour avoir pr\u00e9tendument conspir\u00e9 contre l\u2019\u00c9tat ou menac\u00e9 la s\u00fbret\u00e9 de l\u2019\u00c9tat, entre autres chefs d\u2019accusation. Au moins 17 d\u2019entre eux font l\u2019objet d\u2019une enqu\u00eate en vertu de la loi antiterroriste tunisienne de 2015.<\/p>\n\n\n\n<p><em>\u00abEn emprisonnant des dirigeants politiques et en interdisant les r\u00e9unions de l\u2019opposition, les autorit\u00e9s bafouent dangereusement les droits fondamentaux qui sous-tendent une d\u00e9mocratie dynamique. Le recul d\u00e9mocratique et les violations des droits humains, qui sont sans pr\u00e9c\u00e9dent depuis la r\u00e9volution de 2011, n\u00e9cessitent une attention urgente de la part du Conseil des droits de l\u2019homme et des \u00c9tats membres\u00bb<\/em>, a d\u00e9clar\u00e9 Salsabil Chellali, directeur pour la Tunisie \u00e0 Human Rights Watch.<\/p>\n\n\n\n<p class=\"has-text-align-right\"><em>Traduit de l&rsquo;anglais. <\/em><\/p>\n\n\n\n<p><strong><em>Signataires :<\/em><\/strong><\/p>\n\n\n\n<p>Commission internationale de juristes (CIJ)<\/p>\n\n\n\n<p>Service international pour les droits de l\u2019homme (ISHR)<\/p>\n\n\n\n<p>Amnesty International<\/p>\n\n\n\n<p>Human Rights Watch (HRW). <\/p>\n\n\n\n<p><strong><em>Source<\/em><\/strong>: <a href=\"https:\/\/www.hrw.org\/news\/2023\/06\/27\/un-human-rights-council-should-address-rapidly-growing-human-rights-crisis-tunisia\" target=\"_blank\" rel=\"noreferrer noopener\">HRW.<\/a> <\/p>\n","protected":false},"excerpt":{"rendered":"<p>Le Conseil des droits de l\u2019homme de l\u2019homme devrait s\u2019attaquer de toute urgence \u00e0 la d\u00e9t\u00e9rioration de la situation des droits de l\u2019homme en Tunisie. <\/p>\n","protected":false},"author":8,"featured_media":8588880,"comment_status":"open","ping_status":"open","sticky":false,"template":"","format":"standard","meta":{"footnotes":""},"categories":[997,2433],"tags":[5324,109596,3138,3218,12235,8698,108757,107474,107097,62643],"class_list":["post-8588852","post","type-post","status-publish","format-standard","has-post-thumbnail","hentry","category-politique","category-tunisie","tag-amnesty-international","tag-commission-internationale-des-juristes","tag-droits-de-lhomme","tag-human-rights-watch","tag-kais-saied","tag-liberte-dexpression","tag-rawya-rageh","tag-said-benarbia","tag-salsabil-chellali","tag-tunisie"],"yoast_head":"<!-- This site is optimized with the Yoast SEO plugin v26.6 - https:\/\/yoast.com\/wordpress\/plugins\/seo\/ -->\n<title>Organisations internationales\u00a0: aggravation rapide de la situation des droits de l\u2019homme en Tunisie - Kapitalis<\/title>\n<meta name=\"robots\" content=\"index, follow, max-snippet:-1, max-image-preview:large, max-video-preview:-1\" \/>\n<link rel=\"canonical\" href=\"https:\/\/kapitalis.com\/tunisie\/2023\/06\/29\/organisations-internationales-aggravation-rapide-de-la-situation-des-droits-de-lhomme-en-tunisie\/\" \/>\n<meta property=\"og:locale\" content=\"fr_FR\" \/>\n<meta property=\"og:type\" content=\"article\" \/>\n<meta property=\"og:title\" content=\"Organisations internationales\u00a0: aggravation rapide de la situation des droits de l\u2019homme en Tunisie - Kapitalis\" \/>\n<meta property=\"og:description\" content=\"Le Conseil des droits de l\u2019homme de l\u2019homme devrait s\u2019attaquer de toute urgence \u00e0 la d\u00e9t\u00e9rioration de la situation des droits de l\u2019homme en Tunisie.\" \/>\n<meta property=\"og:url\" content=\"https:\/\/kapitalis.com\/tunisie\/2023\/06\/29\/organisations-internationales-aggravation-rapide-de-la-situation-des-droits-de-lhomme-en-tunisie\/\" \/>\n<meta property=\"og:site_name\" content=\"Kapitalis\" \/>\n<meta property=\"article:publisher\" content=\"https:\/\/www.facebook.com\/KapitalisInfo\/\" \/>\n<meta property=\"article:published_time\" content=\"2023-06-29T06:16:56+00:00\" \/>\n<meta property=\"article:modified_time\" content=\"2023-06-29T06:29:56+00:00\" \/>\n<meta property=\"og:image\" content=\"https:\/\/kapitalis.com\/tunisie\/wp-content\/uploads\/2023\/06\/ICJ-AI-HRW-ISHR.jpg\" \/>\n\t<meta property=\"og:image:width\" content=\"1200\" \/>\n\t<meta property=\"og:image:height\" content=\"630\" \/>\n\t<meta property=\"og:image:type\" content=\"image\/jpeg\" \/>\n<meta name=\"author\" content=\"webmaster kapitalis\" \/>\n<meta name=\"twitter:card\" content=\"summary_large_image\" \/>\n<meta name=\"twitter:creator\" content=\"@KapitalisInfo\" \/>\n<meta name=\"twitter:site\" content=\"@KapitalisInfo\" \/>\n<meta name=\"twitter:label1\" content=\"\u00c9crit par\" \/>\n\t<meta name=\"twitter:data1\" content=\"webmaster kapitalis\" \/>\n\t<meta name=\"twitter:label2\" content=\"Dur\u00e9e de lecture estim\u00e9e\" \/>\n\t<meta name=\"twitter:data2\" content=\"5 minutes\" \/>\n<script type=\"application\/ld+json\" class=\"yoast-schema-graph\">{\"@context\":\"https:\/\/schema.org\",\"@graph\":[{\"@type\":\"Article\",\"@id\":\"https:\/\/kapitalis.com\/tunisie\/2023\/06\/29\/organisations-internationales-aggravation-rapide-de-la-situation-des-droits-de-lhomme-en-tunisie\/#article\",\"isPartOf\":{\"@id\":\"https:\/\/kapitalis.com\/tunisie\/2023\/06\/29\/organisations-internationales-aggravation-rapide-de-la-situation-des-droits-de-lhomme-en-tunisie\/\"},\"author\":{\"name\":\"webmaster kapitalis\",\"@id\":\"https:\/\/kapitalis.com\/tunisie\/#\/schema\/person\/d71f33a9ca44f7bad4698210b480c8e9\"},\"headline\":\"Organisations internationales\u00a0: aggravation rapide de la situation des droits de l\u2019homme en Tunisie\",\"datePublished\":\"2023-06-29T06:16:56+00:00\",\"dateModified\":\"2023-06-29T06:29:56+00:00\",\"mainEntityOfPage\":{\"@id\":\"https:\/\/kapitalis.com\/tunisie\/2023\/06\/29\/organisations-internationales-aggravation-rapide-de-la-situation-des-droits-de-lhomme-en-tunisie\/\"},\"wordCount\":1018,\"commentCount\":0,\"publisher\":{\"@id\":\"https:\/\/kapitalis.com\/tunisie\/#organization\"},\"image\":{\"@id\":\"https:\/\/kapitalis.com\/tunisie\/2023\/06\/29\/organisations-internationales-aggravation-rapide-de-la-situation-des-droits-de-lhomme-en-tunisie\/#primaryimage\"},\"thumbnailUrl\":\"https:\/\/kapitalis.com\/tunisie\/wp-content\/uploads\/2023\/06\/ICJ-AI-HRW-ISHR.jpg\",\"keywords\":[\"Amnesty international\",\"Commission internationale des juristes\",\"droits de l\u2019Homme\",\"Human Rights Watch\",\"Ka\u00efs Saied\",\"libert\u00e9 d'expression\",\"Rawya Rageh\",\"Said Benarbia\",\"Salsabil Chellali\",\"Tunisie\"],\"articleSection\":[\"POLITIQUE\",\"Tunisie\"],\"inLanguage\":\"fr-FR\",\"potentialAction\":[{\"@type\":\"CommentAction\",\"name\":\"Comment\",\"target\":[\"https:\/\/kapitalis.com\/tunisie\/2023\/06\/29\/organisations-internationales-aggravation-rapide-de-la-situation-des-droits-de-lhomme-en-tunisie\/#respond\"]}]},{\"@type\":\"WebPage\",\"@id\":\"https:\/\/kapitalis.com\/tunisie\/2023\/06\/29\/organisations-internationales-aggravation-rapide-de-la-situation-des-droits-de-lhomme-en-tunisie\/\",\"url\":\"https:\/\/kapitalis.com\/tunisie\/2023\/06\/29\/organisations-internationales-aggravation-rapide-de-la-situation-des-droits-de-lhomme-en-tunisie\/\",\"name\":\"Organisations internationales\u00a0: aggravation rapide de la situation des droits de l\u2019homme en Tunisie - Kapitalis\",\"isPartOf\":{\"@id\":\"https:\/\/kapitalis.com\/tunisie\/#website\"},\"primaryImageOfPage\":{\"@id\":\"https:\/\/kapitalis.com\/tunisie\/2023\/06\/29\/organisations-internationales-aggravation-rapide-de-la-situation-des-droits-de-lhomme-en-tunisie\/#primaryimage\"},\"image\":{\"@id\":\"https:\/\/kapitalis.com\/tunisie\/2023\/06\/29\/organisations-internationales-aggravation-rapide-de-la-situation-des-droits-de-lhomme-en-tunisie\/#primaryimage\"},\"thumbnailUrl\":\"https:\/\/kapitalis.com\/tunisie\/wp-content\/uploads\/2023\/06\/ICJ-AI-HRW-ISHR.jpg\",\"datePublished\":\"2023-06-29T06:16:56+00:00\",\"dateModified\":\"2023-06-29T06:29:56+00:00\",\"breadcrumb\":{\"@id\":\"https:\/\/kapitalis.com\/tunisie\/2023\/06\/29\/organisations-internationales-aggravation-rapide-de-la-situation-des-droits-de-lhomme-en-tunisie\/#breadcrumb\"},\"inLanguage\":\"fr-FR\",\"potentialAction\":[{\"@type\":\"ReadAction\",\"target\":[\"https:\/\/kapitalis.com\/tunisie\/2023\/06\/29\/organisations-internationales-aggravation-rapide-de-la-situation-des-droits-de-lhomme-en-tunisie\/\"]}]},{\"@type\":\"ImageObject\",\"inLanguage\":\"fr-FR\",\"@id\":\"https:\/\/kapitalis.com\/tunisie\/2023\/06\/29\/organisations-internationales-aggravation-rapide-de-la-situation-des-droits-de-lhomme-en-tunisie\/#primaryimage\",\"url\":\"https:\/\/kapitalis.com\/tunisie\/wp-content\/uploads\/2023\/06\/ICJ-AI-HRW-ISHR.jpg\",\"contentUrl\":\"https:\/\/kapitalis.com\/tunisie\/wp-content\/uploads\/2023\/06\/ICJ-AI-HRW-ISHR.jpg\",\"width\":1200,\"height\":630},{\"@type\":\"BreadcrumbList\",\"@id\":\"https:\/\/kapitalis.com\/tunisie\/2023\/06\/29\/organisations-internationales-aggravation-rapide-de-la-situation-des-droits-de-lhomme-en-tunisie\/#breadcrumb\",\"itemListElement\":[{\"@type\":\"ListItem\",\"position\":1,\"name\":\"Accueil\",\"item\":\"https:\/\/kapitalis.com\/tunisie\/\"},{\"@type\":\"ListItem\",\"position\":2,\"name\":\"Organisations internationales\u00a0: aggravation rapide de la situation des droits de l\u2019homme en Tunisie\"}]},{\"@type\":\"WebSite\",\"@id\":\"https:\/\/kapitalis.com\/tunisie\/#website\",\"url\":\"https:\/\/kapitalis.com\/tunisie\/\",\"name\":\"Kapitalis\",\"description\":\"L&#039;actualit\u00e9 en Tunisie et dans le monde\",\"publisher\":{\"@id\":\"https:\/\/kapitalis.com\/tunisie\/#organization\"},\"potentialAction\":[{\"@type\":\"SearchAction\",\"target\":{\"@type\":\"EntryPoint\",\"urlTemplate\":\"https:\/\/kapitalis.com\/tunisie\/?s={search_term_string}\"},\"query-input\":{\"@type\":\"PropertyValueSpecification\",\"valueRequired\":true,\"valueName\":\"search_term_string\"}}],\"inLanguage\":\"fr-FR\"},{\"@type\":\"Organization\",\"@id\":\"https:\/\/kapitalis.com\/tunisie\/#organization\",\"name\":\"Kapitalis\",\"url\":\"https:\/\/kapitalis.com\/tunisie\/\",\"logo\":{\"@type\":\"ImageObject\",\"inLanguage\":\"fr-FR\",\"@id\":\"https:\/\/kapitalis.com\/tunisie\/#\/schema\/logo\/image\/\",\"url\":\"https:\/\/kapitalis.com\/tunisie\/wp-content\/uploads\/2022\/05\/Kapitalis-big-size.png\",\"contentUrl\":\"https:\/\/kapitalis.com\/tunisie\/wp-content\/uploads\/2022\/05\/Kapitalis-big-size.png\",\"width\":5000,\"height\":1500,\"caption\":\"Kapitalis\"},\"image\":{\"@id\":\"https:\/\/kapitalis.com\/tunisie\/#\/schema\/logo\/image\/\"},\"sameAs\":[\"https:\/\/www.facebook.com\/KapitalisInfo\/\",\"https:\/\/x.com\/KapitalisInfo\",\"https:\/\/www.youtube.com\/channel\/UC-yDYrHyfFBWWZaOw3FPg9Q\"]},{\"@type\":\"Person\",\"@id\":\"https:\/\/kapitalis.com\/tunisie\/#\/schema\/person\/d71f33a9ca44f7bad4698210b480c8e9\",\"name\":\"webmaster kapitalis\",\"url\":\"https:\/\/kapitalis.com\/tunisie\/author\/webmaster-kapitalis\/\"}]}<\/script>\n<!-- \/ Yoast SEO plugin. -->","yoast_head_json":{"title":"Organisations internationales\u00a0: aggravation rapide de la situation des droits de l\u2019homme en Tunisie - Kapitalis","robots":{"index":"index","follow":"follow","max-snippet":"max-snippet:-1","max-image-preview":"max-image-preview:large","max-video-preview":"max-video-preview:-1"},"canonical":"https:\/\/kapitalis.com\/tunisie\/2023\/06\/29\/organisations-internationales-aggravation-rapide-de-la-situation-des-droits-de-lhomme-en-tunisie\/","og_locale":"fr_FR","og_type":"article","og_title":"Organisations internationales\u00a0: aggravation rapide de la situation des droits de l\u2019homme en Tunisie - Kapitalis","og_description":"Le Conseil des droits de l\u2019homme de l\u2019homme devrait s\u2019attaquer de toute urgence \u00e0 la d\u00e9t\u00e9rioration de la situation des droits de l\u2019homme en Tunisie.","og_url":"https:\/\/kapitalis.com\/tunisie\/2023\/06\/29\/organisations-internationales-aggravation-rapide-de-la-situation-des-droits-de-lhomme-en-tunisie\/","og_site_name":"Kapitalis","article_publisher":"https:\/\/www.facebook.com\/KapitalisInfo\/","article_published_time":"2023-06-29T06:16:56+00:00","article_modified_time":"2023-06-29T06:29:56+00:00","og_image":[{"width":1200,"height":630,"url":"https:\/\/kapitalis.com\/tunisie\/wp-content\/uploads\/2023\/06\/ICJ-AI-HRW-ISHR.jpg","type":"image\/jpeg"}],"author":"webmaster kapitalis","twitter_card":"summary_large_image","twitter_creator":"@KapitalisInfo","twitter_site":"@KapitalisInfo","twitter_misc":{"\u00c9crit par":"webmaster kapitalis","Dur\u00e9e de lecture estim\u00e9e":"5 minutes"},"schema":{"@context":"https:\/\/schema.org","@graph":[{"@type":"Article","@id":"https:\/\/kapitalis.com\/tunisie\/2023\/06\/29\/organisations-internationales-aggravation-rapide-de-la-situation-des-droits-de-lhomme-en-tunisie\/#article","isPartOf":{"@id":"https:\/\/kapitalis.com\/tunisie\/2023\/06\/29\/organisations-internationales-aggravation-rapide-de-la-situation-des-droits-de-lhomme-en-tunisie\/"},"author":{"name":"webmaster kapitalis","@id":"https:\/\/kapitalis.com\/tunisie\/#\/schema\/person\/d71f33a9ca44f7bad4698210b480c8e9"},"headline":"Organisations internationales\u00a0: aggravation rapide de la situation des droits de l\u2019homme en Tunisie","datePublished":"2023-06-29T06:16:56+00:00","dateModified":"2023-06-29T06:29:56+00:00","mainEntityOfPage":{"@id":"https:\/\/kapitalis.com\/tunisie\/2023\/06\/29\/organisations-internationales-aggravation-rapide-de-la-situation-des-droits-de-lhomme-en-tunisie\/"},"wordCount":1018,"commentCount":0,"publisher":{"@id":"https:\/\/kapitalis.com\/tunisie\/#organization"},"image":{"@id":"https:\/\/kapitalis.com\/tunisie\/2023\/06\/29\/organisations-internationales-aggravation-rapide-de-la-situation-des-droits-de-lhomme-en-tunisie\/#primaryimage"},"thumbnailUrl":"https:\/\/kapitalis.com\/tunisie\/wp-content\/uploads\/2023\/06\/ICJ-AI-HRW-ISHR.jpg","keywords":["Amnesty international","Commission internationale des juristes","droits de l\u2019Homme","Human Rights Watch","Ka\u00efs Saied","libert\u00e9 d'expression","Rawya Rageh","Said Benarbia","Salsabil Chellali","Tunisie"],"articleSection":["POLITIQUE","Tunisie"],"inLanguage":"fr-FR","potentialAction":[{"@type":"CommentAction","name":"Comment","target":["https:\/\/kapitalis.com\/tunisie\/2023\/06\/29\/organisations-internationales-aggravation-rapide-de-la-situation-des-droits-de-lhomme-en-tunisie\/#respond"]}]},{"@type":"WebPage","@id":"https:\/\/kapitalis.com\/tunisie\/2023\/06\/29\/organisations-internationales-aggravation-rapide-de-la-situation-des-droits-de-lhomme-en-tunisie\/","url":"https:\/\/kapitalis.com\/tunisie\/2023\/06\/29\/organisations-internationales-aggravation-rapide-de-la-situation-des-droits-de-lhomme-en-tunisie\/","name":"Organisations internationales\u00a0: aggravation rapide de la situation des droits de l\u2019homme en Tunisie - Kapitalis","isPartOf":{"@id":"https:\/\/kapitalis.com\/tunisie\/#website"},"primaryImageOfPage":{"@id":"https:\/\/kapitalis.com\/tunisie\/2023\/06\/29\/organisations-internationales-aggravation-rapide-de-la-situation-des-droits-de-lhomme-en-tunisie\/#primaryimage"},"image":{"@id":"https:\/\/kapitalis.com\/tunisie\/2023\/06\/29\/organisations-internationales-aggravation-rapide-de-la-situation-des-droits-de-lhomme-en-tunisie\/#primaryimage"},"thumbnailUrl":"https:\/\/kapitalis.com\/tunisie\/wp-content\/uploads\/2023\/06\/ICJ-AI-HRW-ISHR.jpg","datePublished":"2023-06-29T06:16:56+00:00","dateModified":"2023-06-29T06:29:56+00:00","breadcrumb":{"@id":"https:\/\/kapitalis.com\/tunisie\/2023\/06\/29\/organisations-internationales-aggravation-rapide-de-la-situation-des-droits-de-lhomme-en-tunisie\/#breadcrumb"},"inLanguage":"fr-FR","potentialAction":[{"@type":"ReadAction","target":["https:\/\/kapitalis.com\/tunisie\/2023\/06\/29\/organisations-internationales-aggravation-rapide-de-la-situation-des-droits-de-lhomme-en-tunisie\/"]}]},{"@type":"ImageObject","inLanguage":"fr-FR","@id":"https:\/\/kapitalis.com\/tunisie\/2023\/06\/29\/organisations-internationales-aggravation-rapide-de-la-situation-des-droits-de-lhomme-en-tunisie\/#primaryimage","url":"https:\/\/kapitalis.com\/tunisie\/wp-content\/uploads\/2023\/06\/ICJ-AI-HRW-ISHR.jpg","contentUrl":"https:\/\/kapitalis.com\/tunisie\/wp-content\/uploads\/2023\/06\/ICJ-AI-HRW-ISHR.jpg","width":1200,"height":630},{"@type":"BreadcrumbList","@id":"https:\/\/kapitalis.com\/tunisie\/2023\/06\/29\/organisations-internationales-aggravation-rapide-de-la-situation-des-droits-de-lhomme-en-tunisie\/#breadcrumb","itemListElement":[{"@type":"ListItem","position":1,"name":"Accueil","item":"https:\/\/kapitalis.com\/tunisie\/"},{"@type":"ListItem","position":2,"name":"Organisations internationales\u00a0: aggravation rapide de la situation des droits de l\u2019homme en Tunisie"}]},{"@type":"WebSite","@id":"https:\/\/kapitalis.com\/tunisie\/#website","url":"https:\/\/kapitalis.com\/tunisie\/","name":"Kapitalis","description":"L&#039;actualit\u00e9 en Tunisie et dans le monde","publisher":{"@id":"https:\/\/kapitalis.com\/tunisie\/#organization"},"potentialAction":[{"@type":"SearchAction","target":{"@type":"EntryPoint","urlTemplate":"https:\/\/kapitalis.com\/tunisie\/?s={search_term_string}"},"query-input":{"@type":"PropertyValueSpecification","valueRequired":true,"valueName":"search_term_string"}}],"inLanguage":"fr-FR"},{"@type":"Organization","@id":"https:\/\/kapitalis.com\/tunisie\/#organization","name":"Kapitalis","url":"https:\/\/kapitalis.com\/tunisie\/","logo":{"@type":"ImageObject","inLanguage":"fr-FR","@id":"https:\/\/kapitalis.com\/tunisie\/#\/schema\/logo\/image\/","url":"https:\/\/kapitalis.com\/tunisie\/wp-content\/uploads\/2022\/05\/Kapitalis-big-size.png","contentUrl":"https:\/\/kapitalis.com\/tunisie\/wp-content\/uploads\/2022\/05\/Kapitalis-big-size.png","width":5000,"height":1500,"caption":"Kapitalis"},"image":{"@id":"https:\/\/kapitalis.com\/tunisie\/#\/schema\/logo\/image\/"},"sameAs":["https:\/\/www.facebook.com\/KapitalisInfo\/","https:\/\/x.com\/KapitalisInfo","https:\/\/www.youtube.com\/channel\/UC-yDYrHyfFBWWZaOw3FPg9Q"]},{"@type":"Person","@id":"https:\/\/kapitalis.com\/tunisie\/#\/schema\/person\/d71f33a9ca44f7bad4698210b480c8e9","name":"webmaster kapitalis","url":"https:\/\/kapitalis.com\/tunisie\/author\/webmaster-kapitalis\/"}]}},"_links":{"self":[{"href":"https:\/\/kapitalis.com\/tunisie\/wp-json\/wp\/v2\/posts\/8588852","targetHints":{"allow":["GET"]}}],"collection":[{"href":"https:\/\/kapitalis.com\/tunisie\/wp-json\/wp\/v2\/posts"}],"about":[{"href":"https:\/\/kapitalis.com\/tunisie\/wp-json\/wp\/v2\/types\/post"}],"author":[{"embeddable":true,"href":"https:\/\/kapitalis.com\/tunisie\/wp-json\/wp\/v2\/users\/8"}],"replies":[{"embeddable":true,"href":"https:\/\/kapitalis.com\/tunisie\/wp-json\/wp\/v2\/comments?post=8588852"}],"version-history":[{"count":2,"href":"https:\/\/kapitalis.com\/tunisie\/wp-json\/wp\/v2\/posts\/8588852\/revisions"}],"predecessor-version":[{"id":8589001,"href":"https:\/\/kapitalis.com\/tunisie\/wp-json\/wp\/v2\/posts\/8588852\/revisions\/8589001"}],"wp:featuredmedia":[{"embeddable":true,"href":"https:\/\/kapitalis.com\/tunisie\/wp-json\/wp\/v2\/media\/8588880"}],"wp:attachment":[{"href":"https:\/\/kapitalis.com\/tunisie\/wp-json\/wp\/v2\/media?parent=8588852"}],"wp:term":[{"taxonomy":"category","embeddable":true,"href":"https:\/\/kapitalis.com\/tunisie\/wp-json\/wp\/v2\/categories?post=8588852"},{"taxonomy":"post_tag","embeddable":true,"href":"https:\/\/kapitalis.com\/tunisie\/wp-json\/wp\/v2\/tags?post=8588852"}],"curies":[{"name":"wp","href":"https:\/\/api.w.org\/{rel}","templated":true}]}}