{"id":8590720,"date":"2023-06-29T10:29:27","date_gmt":"2023-06-29T09:29:27","guid":{"rendered":"https:\/\/kapitalis.com\/tunisie\/?p=8590720"},"modified":"2023-06-29T10:33:06","modified_gmt":"2023-06-29T09:33:06","slug":"meloni-a-propos-de-la-tunisie-leurope-ne-traite-pas-avec-les-dictateurs-video","status":"publish","type":"post","link":"https:\/\/kapitalis.com\/tunisie\/2023\/06\/29\/meloni-a-propos-de-la-tunisie-leurope-ne-traite-pas-avec-les-dictateurs-video\/","title":{"rendered":"Meloni\u00a0\u00e0 propos de la Tunisie : \u00abL\u2019Europe ne traite pas avec les dictateurs\u00bb \u00a0(vid\u00e9o"},"content":{"rendered":"\n<p><strong><em>Dans une intervention devant le parlement italien, le 28 juin 2023, la Premi\u00e8re ministre italienne Giorgia Meloni a d\u00e9clar\u00e9, en parlant de la Tunisie, que \u00abl\u2019Union europ\u00e9enne ne traite pas avec les dictateurs\u00bb, ajoutant que son gouvernement \u00abtravaille pour \u00e9viter le d\u00e9faut de paiement\u00bb \u00e0 notre pays.<a href=\"https:\/\/www.ansa.it\/sito\/videogallery\/mondo\/2023\/06\/28\/tunisia-meloni-lue-non-tratta-con-i-dittatori-lavora-per-impedire-default_4a5c4127-7ac0-4c7e-bbec-60d49058ec19.html\" target=\"_blank\" rel=\"noreferrer noopener\"> Vid\u00e9o<\/a>.<\/em><\/strong><\/p>\n\n\n\n<!--more-->\n\n\n\n<p>Meloni r\u00e9pondait ainsi aux critiques exprim\u00e9es en Europe et, particuli\u00e8rement en Italie, sur le projet d\u2019accord sur la migration en cours de finalisation entre Bruxelles et Tunis, reprochant aux Europ\u00e9ens de traiter avec Ka\u00efs Sa\u00efed, un pr\u00e9sident autocrate, sur le dos de son peuple, selon leurs termes.<\/p>\n\n\n\n<p><em>\u00abNous devons nous d\u00e9fendre contre les trafiquants qui tuent les migrants\u00bb<\/em>, a insist\u00e9 Meloni, en parlant de ce projet d\u2019accord pour un soutien financier de 1,1 milliard d\u2019euros, dont 900 millions d\u2019euros de pr\u00eat, pour aider la Tunisie \u00e0 \u00e9viter le d\u00e9faut de paiement et \u00e0 payer ses dettes aupr\u00e8s de ses bailleurs de fonds, notamment l\u2019UE. &nbsp;<\/p>\n\n\n\n<p>La s\u00e9ance parlementaire portait sur les sujets qui seront trait\u00e9s lors de la r\u00e9union du Conseil europ\u00e9en, les 29 et 30 juin, au cours de laquelle le projet d\u2019accord avec la Tunisie devait \u00eatre discut\u00e9.<\/p>\n\n\n\n<p><em>\u00abLe gouvernement essaie d\u2019aider les citoyens tunisiens\u00bb<\/em>, a lanc\u00e9 Meloni, en ajoutant qu\u2019elle tente de <em>\u00absuivre une m\u00e9thode diff\u00e9rente avec les pays africains, celle de la coop\u00e9ration s\u00e9rieuse\u00bb<\/em>, selon ses termes. <\/p>\n\n\n\n<p class=\"has-text-align-right\"><strong>I. B.<\/strong><\/p>\n\n\n\n<p><a href=\"https:\/\/www.ansa.it\/sito\/videogallery\/mondo\/2023\/06\/28\/tunisia-meloni-lue-non-tratta-con-i-dittatori-lavora-per-impedire-default_4a5c4127-7ac0-4c7e-bbec-60d49058ec19.html\" target=\"_blank\" rel=\"noreferrer noopener\">Vid\u00e9o.<\/a><\/p>\n\n\n\n<figure class=\"wp-block-embed is-type-wp-embed is-provider-kapitalis wp-block-embed-kapitalis\"><div class=\"wp-block-embed__wrapper\">\n<blockquote class=\"wp-embedded-content\" data-secret=\"Le0BGifSVq\"><a href=\"https:\/\/kapitalis.com\/tunisie\/2023\/06\/07\/tunisie-italie-meloni-en-terrain-conquis-a-carthage\/\">Tunisie &#8211; Italie\u00a0: Meloni en terrain conquis \u00e0 Carthage<\/a><\/blockquote><iframe loading=\"lazy\" class=\"wp-embedded-content\" sandbox=\"allow-scripts\" security=\"restricted\" style=\"position: absolute; clip: rect(1px, 1px, 1px, 1px);\" title=\"\u00ab\u00a0Tunisie &#8211; Italie\u00a0: Meloni en terrain conquis \u00e0 Carthage\u00a0\u00bb &#8212; Kapitalis\" src=\"https:\/\/kapitalis.com\/tunisie\/2023\/06\/07\/tunisie-italie-meloni-en-terrain-conquis-a-carthage\/embed\/#?secret=LkF4bg25yC#?secret=Le0BGifSVq\" data-secret=\"Le0BGifSVq\" width=\"600\" height=\"338\" frameborder=\"0\" marginwidth=\"0\" marginheight=\"0\" scrolling=\"no\"><\/iframe>\n<\/div><\/figure>\n","protected":false},"excerpt":{"rendered":"<p>Parlant de la Tunisie, Giorgia Meloni a d\u00e9clar\u00e9 que \u00abl\u2019Union europ\u00e9enne ne traite pas avec les dictateurs\u00bb,<\/p>\n","protected":false},"author":8,"featured_media":8590771,"comment_status":"open","ping_status":"open","sticky":false,"template":"","format":"standard","meta":{"footnotes":""},"categories":[997,2433,4806],"tags":[90143,2572,109604,103508,505,76012,62643,937],"class_list":["post-8590720","post","type-post","status-publish","format-standard","has-post-thumbnail","hentry","category-politique","category-tunisie","category-videos","tag-defaut-de-paiement","tag-dettes","tag-dictateurs","tag-giorgia-meloni","tag-italie","tag-kais-saied-2","tag-tunisie","tag-union-europeenne"],"yoast_head":"<!-- This site is optimized with the Yoast SEO plugin v26.6 - https:\/\/yoast.com\/wordpress\/plugins\/seo\/ -->\n<title>Meloni\u00a0\u00e0 propos de la Tunisie : \u00abL\u2019Europe ne traite pas avec les dictateurs\u00bb \u00a0(vid\u00e9o - Kapitalis<\/title>\n<meta name=\"robots\" content=\"index, follow, max-snippet:-1, max-image-preview:large, max-video-preview:-1\" \/>\n<link rel=\"canonical\" href=\"https:\/\/kapitalis.com\/tunisie\/2023\/06\/29\/meloni-a-propos-de-la-tunisie-leurope-ne-traite-pas-avec-les-dictateurs-video\/\" \/>\n<meta property=\"og:locale\" content=\"fr_FR\" \/>\n<meta property=\"og:type\" content=\"article\" \/>\n<meta property=\"og:title\" content=\"Meloni\u00a0\u00e0 propos de la Tunisie : \u00abL\u2019Europe ne traite pas avec les dictateurs\u00bb \u00a0(vid\u00e9o - Kapitalis\" \/>\n<meta property=\"og:description\" content=\"Parlant de la Tunisie, Giorgia Meloni a d\u00e9clar\u00e9 que \u00abl\u2019Union europ\u00e9enne ne traite pas avec les dictateurs\u00bb,\" \/>\n<meta property=\"og:url\" content=\"https:\/\/kapitalis.com\/tunisie\/2023\/06\/29\/meloni-a-propos-de-la-tunisie-leurope-ne-traite-pas-avec-les-dictateurs-video\/\" \/>\n<meta property=\"og:site_name\" content=\"Kapitalis\" \/>\n<meta property=\"article:publisher\" content=\"https:\/\/www.facebook.com\/KapitalisInfo\/\" \/>\n<meta property=\"article:published_time\" content=\"2023-06-29T09:29:27+00:00\" \/>\n<meta property=\"article:modified_time\" content=\"2023-06-29T09:33:06+00:00\" \/>\n<meta property=\"og:image\" content=\"https:\/\/kapitalis.com\/tunisie\/wp-content\/uploads\/2023\/06\/Giorgia-Meloni-1.jpg\" \/>\n\t<meta property=\"og:image:width\" content=\"1200\" \/>\n\t<meta property=\"og:image:height\" content=\"630\" \/>\n\t<meta property=\"og:image:type\" content=\"image\/jpeg\" \/>\n<meta name=\"author\" content=\"webmaster kapitalis\" \/>\n<meta name=\"twitter:card\" content=\"summary_large_image\" \/>\n<meta name=\"twitter:creator\" content=\"@KapitalisInfo\" \/>\n<meta name=\"twitter:site\" content=\"@KapitalisInfo\" \/>\n<meta name=\"twitter:label1\" content=\"\u00c9crit par\" \/>\n\t<meta name=\"twitter:data1\" content=\"webmaster kapitalis\" \/>\n\t<meta name=\"twitter:label2\" content=\"Dur\u00e9e de lecture estim\u00e9e\" \/>\n\t<meta name=\"twitter:data2\" content=\"2 minutes\" \/>\n<script type=\"application\/ld+json\" class=\"yoast-schema-graph\">{\"@context\":\"https:\/\/schema.org\",\"@graph\":[{\"@type\":\"Article\",\"@id\":\"https:\/\/kapitalis.com\/tunisie\/2023\/06\/29\/meloni-a-propos-de-la-tunisie-leurope-ne-traite-pas-avec-les-dictateurs-video\/#article\",\"isPartOf\":{\"@id\":\"https:\/\/kapitalis.com\/tunisie\/2023\/06\/29\/meloni-a-propos-de-la-tunisie-leurope-ne-traite-pas-avec-les-dictateurs-video\/\"},\"author\":{\"name\":\"webmaster kapitalis\",\"@id\":\"https:\/\/kapitalis.com\/tunisie\/#\/schema\/person\/d71f33a9ca44f7bad4698210b480c8e9\"},\"headline\":\"Meloni\u00a0\u00e0 propos de la Tunisie : \u00abL\u2019Europe ne traite pas avec les dictateurs\u00bb \u00a0(vid\u00e9o\",\"datePublished\":\"2023-06-29T09:29:27+00:00\",\"dateModified\":\"2023-06-29T09:33:06+00:00\",\"mainEntityOfPage\":{\"@id\":\"https:\/\/kapitalis.com\/tunisie\/2023\/06\/29\/meloni-a-propos-de-la-tunisie-leurope-ne-traite-pas-avec-les-dictateurs-video\/\"},\"wordCount\":267,\"commentCount\":2,\"publisher\":{\"@id\":\"https:\/\/kapitalis.com\/tunisie\/#organization\"},\"image\":{\"@id\":\"https:\/\/kapitalis.com\/tunisie\/2023\/06\/29\/meloni-a-propos-de-la-tunisie-leurope-ne-traite-pas-avec-les-dictateurs-video\/#primaryimage\"},\"thumbnailUrl\":\"https:\/\/kapitalis.com\/tunisie\/wp-content\/uploads\/2023\/06\/Giorgia-Meloni-1.jpg\",\"keywords\":[\"d\u00e9faut de paiement\",\"dettes\",\"dictateurs\",\"Giorgia Meloni\",\"Italie\",\"Ka\u00efs Sa\u00efed\",\"Tunisie\",\"Union europ\u00e9enne\"],\"articleSection\":[\"POLITIQUE\",\"Tunisie\",\"VIDEOS\"],\"inLanguage\":\"fr-FR\",\"potentialAction\":[{\"@type\":\"CommentAction\",\"name\":\"Comment\",\"target\":[\"https:\/\/kapitalis.com\/tunisie\/2023\/06\/29\/meloni-a-propos-de-la-tunisie-leurope-ne-traite-pas-avec-les-dictateurs-video\/#respond\"]}]},{\"@type\":\"WebPage\",\"@id\":\"https:\/\/kapitalis.com\/tunisie\/2023\/06\/29\/meloni-a-propos-de-la-tunisie-leurope-ne-traite-pas-avec-les-dictateurs-video\/\",\"url\":\"https:\/\/kapitalis.com\/tunisie\/2023\/06\/29\/meloni-a-propos-de-la-tunisie-leurope-ne-traite-pas-avec-les-dictateurs-video\/\",\"name\":\"Meloni\u00a0\u00e0 propos de la Tunisie : \u00abL\u2019Europe ne traite pas avec les dictateurs\u00bb \u00a0(vid\u00e9o - Kapitalis\",\"isPartOf\":{\"@id\":\"https:\/\/kapitalis.com\/tunisie\/#website\"},\"primaryImageOfPage\":{\"@id\":\"https:\/\/kapitalis.com\/tunisie\/2023\/06\/29\/meloni-a-propos-de-la-tunisie-leurope-ne-traite-pas-avec-les-dictateurs-video\/#primaryimage\"},\"image\":{\"@id\":\"https:\/\/kapitalis.com\/tunisie\/2023\/06\/29\/meloni-a-propos-de-la-tunisie-leurope-ne-traite-pas-avec-les-dictateurs-video\/#primaryimage\"},\"thumbnailUrl\":\"https:\/\/kapitalis.com\/tunisie\/wp-content\/uploads\/2023\/06\/Giorgia-Meloni-1.jpg\",\"datePublished\":\"2023-06-29T09:29:27+00:00\",\"dateModified\":\"2023-06-29T09:33:06+00:00\",\"breadcrumb\":{\"@id\":\"https:\/\/kapitalis.com\/tunisie\/2023\/06\/29\/meloni-a-propos-de-la-tunisie-leurope-ne-traite-pas-avec-les-dictateurs-video\/#breadcrumb\"},\"inLanguage\":\"fr-FR\",\"potentialAction\":[{\"@type\":\"ReadAction\",\"target\":[\"https:\/\/kapitalis.com\/tunisie\/2023\/06\/29\/meloni-a-propos-de-la-tunisie-leurope-ne-traite-pas-avec-les-dictateurs-video\/\"]}]},{\"@type\":\"ImageObject\",\"inLanguage\":\"fr-FR\",\"@id\":\"https:\/\/kapitalis.com\/tunisie\/2023\/06\/29\/meloni-a-propos-de-la-tunisie-leurope-ne-traite-pas-avec-les-dictateurs-video\/#primaryimage\",\"url\":\"https:\/\/kapitalis.com\/tunisie\/wp-content\/uploads\/2023\/06\/Giorgia-Meloni-1.jpg\",\"contentUrl\":\"https:\/\/kapitalis.com\/tunisie\/wp-content\/uploads\/2023\/06\/Giorgia-Meloni-1.jpg\",\"width\":1200,\"height\":630},{\"@type\":\"BreadcrumbList\",\"@id\":\"https:\/\/kapitalis.com\/tunisie\/2023\/06\/29\/meloni-a-propos-de-la-tunisie-leurope-ne-traite-pas-avec-les-dictateurs-video\/#breadcrumb\",\"itemListElement\":[{\"@type\":\"ListItem\",\"position\":1,\"name\":\"Accueil\",\"item\":\"https:\/\/kapitalis.com\/tunisie\/\"},{\"@type\":\"ListItem\",\"position\":2,\"name\":\"Meloni\u00a0\u00e0 propos de la Tunisie : \u00abL\u2019Europe ne traite pas avec les dictateurs\u00bb \u00a0(vid\u00e9o\"}]},{\"@type\":\"WebSite\",\"@id\":\"https:\/\/kapitalis.com\/tunisie\/#website\",\"url\":\"https:\/\/kapitalis.com\/tunisie\/\",\"name\":\"Kapitalis\",\"description\":\"L&#039;actualit\u00e9 en Tunisie et dans le monde\",\"publisher\":{\"@id\":\"https:\/\/kapitalis.com\/tunisie\/#organization\"},\"potentialAction\":[{\"@type\":\"SearchAction\",\"target\":{\"@type\":\"EntryPoint\",\"urlTemplate\":\"https:\/\/kapitalis.com\/tunisie\/?s={search_term_string}\"},\"query-input\":{\"@type\":\"PropertyValueSpecification\",\"valueRequired\":true,\"valueName\":\"search_term_string\"}}],\"inLanguage\":\"fr-FR\"},{\"@type\":\"Organization\",\"@id\":\"https:\/\/kapitalis.com\/tunisie\/#organization\",\"name\":\"Kapitalis\",\"url\":\"https:\/\/kapitalis.com\/tunisie\/\",\"logo\":{\"@type\":\"ImageObject\",\"inLanguage\":\"fr-FR\",\"@id\":\"https:\/\/kapitalis.com\/tunisie\/#\/schema\/logo\/image\/\",\"url\":\"https:\/\/kapitalis.com\/tunisie\/wp-content\/uploads\/2022\/05\/Kapitalis-big-size.png\",\"contentUrl\":\"https:\/\/kapitalis.com\/tunisie\/wp-content\/uploads\/2022\/05\/Kapitalis-big-size.png\",\"width\":5000,\"height\":1500,\"caption\":\"Kapitalis\"},\"image\":{\"@id\":\"https:\/\/kapitalis.com\/tunisie\/#\/schema\/logo\/image\/\"},\"sameAs\":[\"https:\/\/www.facebook.com\/KapitalisInfo\/\",\"https:\/\/x.com\/KapitalisInfo\",\"https:\/\/www.youtube.com\/channel\/UC-yDYrHyfFBWWZaOw3FPg9Q\"]},{\"@type\":\"Person\",\"@id\":\"https:\/\/kapitalis.com\/tunisie\/#\/schema\/person\/d71f33a9ca44f7bad4698210b480c8e9\",\"name\":\"webmaster kapitalis\",\"url\":\"https:\/\/kapitalis.com\/tunisie\/author\/webmaster-kapitalis\/\"}]}<\/script>\n<!-- \/ Yoast SEO plugin. -->","yoast_head_json":{"title":"Meloni\u00a0\u00e0 propos de la Tunisie : \u00abL\u2019Europe ne traite pas avec les dictateurs\u00bb \u00a0(vid\u00e9o - Kapitalis","robots":{"index":"index","follow":"follow","max-snippet":"max-snippet:-1","max-image-preview":"max-image-preview:large","max-video-preview":"max-video-preview:-1"},"canonical":"https:\/\/kapitalis.com\/tunisie\/2023\/06\/29\/meloni-a-propos-de-la-tunisie-leurope-ne-traite-pas-avec-les-dictateurs-video\/","og_locale":"fr_FR","og_type":"article","og_title":"Meloni\u00a0\u00e0 propos de la Tunisie : \u00abL\u2019Europe ne traite pas avec les dictateurs\u00bb \u00a0(vid\u00e9o - Kapitalis","og_description":"Parlant de la Tunisie, Giorgia Meloni a d\u00e9clar\u00e9 que \u00abl\u2019Union europ\u00e9enne ne traite pas avec les dictateurs\u00bb,","og_url":"https:\/\/kapitalis.com\/tunisie\/2023\/06\/29\/meloni-a-propos-de-la-tunisie-leurope-ne-traite-pas-avec-les-dictateurs-video\/","og_site_name":"Kapitalis","article_publisher":"https:\/\/www.facebook.com\/KapitalisInfo\/","article_published_time":"2023-06-29T09:29:27+00:00","article_modified_time":"2023-06-29T09:33:06+00:00","og_image":[{"width":1200,"height":630,"url":"https:\/\/kapitalis.com\/tunisie\/wp-content\/uploads\/2023\/06\/Giorgia-Meloni-1.jpg","type":"image\/jpeg"}],"author":"webmaster kapitalis","twitter_card":"summary_large_image","twitter_creator":"@KapitalisInfo","twitter_site":"@KapitalisInfo","twitter_misc":{"\u00c9crit par":"webmaster kapitalis","Dur\u00e9e de lecture estim\u00e9e":"2 minutes"},"schema":{"@context":"https:\/\/schema.org","@graph":[{"@type":"Article","@id":"https:\/\/kapitalis.com\/tunisie\/2023\/06\/29\/meloni-a-propos-de-la-tunisie-leurope-ne-traite-pas-avec-les-dictateurs-video\/#article","isPartOf":{"@id":"https:\/\/kapitalis.com\/tunisie\/2023\/06\/29\/meloni-a-propos-de-la-tunisie-leurope-ne-traite-pas-avec-les-dictateurs-video\/"},"author":{"name":"webmaster kapitalis","@id":"https:\/\/kapitalis.com\/tunisie\/#\/schema\/person\/d71f33a9ca44f7bad4698210b480c8e9"},"headline":"Meloni\u00a0\u00e0 propos de la Tunisie : \u00abL\u2019Europe ne traite pas avec les dictateurs\u00bb \u00a0(vid\u00e9o","datePublished":"2023-06-29T09:29:27+00:00","dateModified":"2023-06-29T09:33:06+00:00","mainEntityOfPage":{"@id":"https:\/\/kapitalis.com\/tunisie\/2023\/06\/29\/meloni-a-propos-de-la-tunisie-leurope-ne-traite-pas-avec-les-dictateurs-video\/"},"wordCount":267,"commentCount":2,"publisher":{"@id":"https:\/\/kapitalis.com\/tunisie\/#organization"},"image":{"@id":"https:\/\/kapitalis.com\/tunisie\/2023\/06\/29\/meloni-a-propos-de-la-tunisie-leurope-ne-traite-pas-avec-les-dictateurs-video\/#primaryimage"},"thumbnailUrl":"https:\/\/kapitalis.com\/tunisie\/wp-content\/uploads\/2023\/06\/Giorgia-Meloni-1.jpg","keywords":["d\u00e9faut de paiement","dettes","dictateurs","Giorgia Meloni","Italie","Ka\u00efs Sa\u00efed","Tunisie","Union europ\u00e9enne"],"articleSection":["POLITIQUE","Tunisie","VIDEOS"],"inLanguage":"fr-FR","potentialAction":[{"@type":"CommentAction","name":"Comment","target":["https:\/\/kapitalis.com\/tunisie\/2023\/06\/29\/meloni-a-propos-de-la-tunisie-leurope-ne-traite-pas-avec-les-dictateurs-video\/#respond"]}]},{"@type":"WebPage","@id":"https:\/\/kapitalis.com\/tunisie\/2023\/06\/29\/meloni-a-propos-de-la-tunisie-leurope-ne-traite-pas-avec-les-dictateurs-video\/","url":"https:\/\/kapitalis.com\/tunisie\/2023\/06\/29\/meloni-a-propos-de-la-tunisie-leurope-ne-traite-pas-avec-les-dictateurs-video\/","name":"Meloni\u00a0\u00e0 propos de la Tunisie : \u00abL\u2019Europe ne traite pas avec les dictateurs\u00bb \u00a0(vid\u00e9o - Kapitalis","isPartOf":{"@id":"https:\/\/kapitalis.com\/tunisie\/#website"},"primaryImageOfPage":{"@id":"https:\/\/kapitalis.com\/tunisie\/2023\/06\/29\/meloni-a-propos-de-la-tunisie-leurope-ne-traite-pas-avec-les-dictateurs-video\/#primaryimage"},"image":{"@id":"https:\/\/kapitalis.com\/tunisie\/2023\/06\/29\/meloni-a-propos-de-la-tunisie-leurope-ne-traite-pas-avec-les-dictateurs-video\/#primaryimage"},"thumbnailUrl":"https:\/\/kapitalis.com\/tunisie\/wp-content\/uploads\/2023\/06\/Giorgia-Meloni-1.jpg","datePublished":"2023-06-29T09:29:27+00:00","dateModified":"2023-06-29T09:33:06+00:00","breadcrumb":{"@id":"https:\/\/kapitalis.com\/tunisie\/2023\/06\/29\/meloni-a-propos-de-la-tunisie-leurope-ne-traite-pas-avec-les-dictateurs-video\/#breadcrumb"},"inLanguage":"fr-FR","potentialAction":[{"@type":"ReadAction","target":["https:\/\/kapitalis.com\/tunisie\/2023\/06\/29\/meloni-a-propos-de-la-tunisie-leurope-ne-traite-pas-avec-les-dictateurs-video\/"]}]},{"@type":"ImageObject","inLanguage":"fr-FR","@id":"https:\/\/kapitalis.com\/tunisie\/2023\/06\/29\/meloni-a-propos-de-la-tunisie-leurope-ne-traite-pas-avec-les-dictateurs-video\/#primaryimage","url":"https:\/\/kapitalis.com\/tunisie\/wp-content\/uploads\/2023\/06\/Giorgia-Meloni-1.jpg","contentUrl":"https:\/\/kapitalis.com\/tunisie\/wp-content\/uploads\/2023\/06\/Giorgia-Meloni-1.jpg","width":1200,"height":630},{"@type":"BreadcrumbList","@id":"https:\/\/kapitalis.com\/tunisie\/2023\/06\/29\/meloni-a-propos-de-la-tunisie-leurope-ne-traite-pas-avec-les-dictateurs-video\/#breadcrumb","itemListElement":[{"@type":"ListItem","position":1,"name":"Accueil","item":"https:\/\/kapitalis.com\/tunisie\/"},{"@type":"ListItem","position":2,"name":"Meloni\u00a0\u00e0 propos de la Tunisie : \u00abL\u2019Europe ne traite pas avec les dictateurs\u00bb \u00a0(vid\u00e9o"}]},{"@type":"WebSite","@id":"https:\/\/kapitalis.com\/tunisie\/#website","url":"https:\/\/kapitalis.com\/tunisie\/","name":"Kapitalis","description":"L&#039;actualit\u00e9 en Tunisie et dans le monde","publisher":{"@id":"https:\/\/kapitalis.com\/tunisie\/#organization"},"potentialAction":[{"@type":"SearchAction","target":{"@type":"EntryPoint","urlTemplate":"https:\/\/kapitalis.com\/tunisie\/?s={search_term_string}"},"query-input":{"@type":"PropertyValueSpecification","valueRequired":true,"valueName":"search_term_string"}}],"inLanguage":"fr-FR"},{"@type":"Organization","@id":"https:\/\/kapitalis.com\/tunisie\/#organization","name":"Kapitalis","url":"https:\/\/kapitalis.com\/tunisie\/","logo":{"@type":"ImageObject","inLanguage":"fr-FR","@id":"https:\/\/kapitalis.com\/tunisie\/#\/schema\/logo\/image\/","url":"https:\/\/kapitalis.com\/tunisie\/wp-content\/uploads\/2022\/05\/Kapitalis-big-size.png","contentUrl":"https:\/\/kapitalis.com\/tunisie\/wp-content\/uploads\/2022\/05\/Kapitalis-big-size.png","width":5000,"height":1500,"caption":"Kapitalis"},"image":{"@id":"https:\/\/kapitalis.com\/tunisie\/#\/schema\/logo\/image\/"},"sameAs":["https:\/\/www.facebook.com\/KapitalisInfo\/","https:\/\/x.com\/KapitalisInfo","https:\/\/www.youtube.com\/channel\/UC-yDYrHyfFBWWZaOw3FPg9Q"]},{"@type":"Person","@id":"https:\/\/kapitalis.com\/tunisie\/#\/schema\/person\/d71f33a9ca44f7bad4698210b480c8e9","name":"webmaster kapitalis","url":"https:\/\/kapitalis.com\/tunisie\/author\/webmaster-kapitalis\/"}]}},"_links":{"self":[{"href":"https:\/\/kapitalis.com\/tunisie\/wp-json\/wp\/v2\/posts\/8590720","targetHints":{"allow":["GET"]}}],"collection":[{"href":"https:\/\/kapitalis.com\/tunisie\/wp-json\/wp\/v2\/posts"}],"about":[{"href":"https:\/\/kapitalis.com\/tunisie\/wp-json\/wp\/v2\/types\/post"}],"author":[{"embeddable":true,"href":"https:\/\/kapitalis.com\/tunisie\/wp-json\/wp\/v2\/users\/8"}],"replies":[{"embeddable":true,"href":"https:\/\/kapitalis.com\/tunisie\/wp-json\/wp\/v2\/comments?post=8590720"}],"version-history":[{"count":1,"href":"https:\/\/kapitalis.com\/tunisie\/wp-json\/wp\/v2\/posts\/8590720\/revisions"}],"predecessor-version":[{"id":8590794,"href":"https:\/\/kapitalis.com\/tunisie\/wp-json\/wp\/v2\/posts\/8590720\/revisions\/8590794"}],"wp:featuredmedia":[{"embeddable":true,"href":"https:\/\/kapitalis.com\/tunisie\/wp-json\/wp\/v2\/media\/8590771"}],"wp:attachment":[{"href":"https:\/\/kapitalis.com\/tunisie\/wp-json\/wp\/v2\/media?parent=8590720"}],"wp:term":[{"taxonomy":"category","embeddable":true,"href":"https:\/\/kapitalis.com\/tunisie\/wp-json\/wp\/v2\/categories?post=8590720"},{"taxonomy":"post_tag","embeddable":true,"href":"https:\/\/kapitalis.com\/tunisie\/wp-json\/wp\/v2\/tags?post=8590720"}],"curies":[{"name":"wp","href":"https:\/\/api.w.org\/{rel}","templated":true}]}}