{"id":85942,"date":"2017-03-08T08:38:37","date_gmt":"2017-03-08T07:38:37","guid":{"rendered":"http:\/\/kapitalis.com\/tunisie\/?p=85942"},"modified":"2017-03-08T08:38:37","modified_gmt":"2017-03-08T07:38:37","slug":"nouvel-acquis-des-tunisiennes-le-conge-prenatal","status":"publish","type":"post","link":"https:\/\/kapitalis.com\/tunisie\/2017\/03\/08\/nouvel-acquis-des-tunisiennes-le-conge-prenatal\/","title":{"rendered":"Nouvel acquis des Tunisiennes : Le cong\u00e9 pr\u00e9natal"},"content":{"rendered":"<p style=\"text-align: right;\"><img loading=\"lazy\" decoding=\"async\" class=\"alignnone size-full wp-image-68816 aligncenter\" src=\"http:\/\/kapitalis.com\/tunisie\/wp-content\/uploads\/2016\/10\/Tunisiennes.jpg\" alt=\"\" width=\"626\" height=\"380\" \/><\/p>\n<p style=\"text-align: left;\"><em><strong>\u00c0 l\u2019occasion de Journ\u00e9e internationale de la femme, le gouvernement tunisien va annoncer l\u2019adoption du cong\u00e9 pr\u00e9natal au profit des m\u00e8res.<\/strong> <\/em><\/p>\n<p style=\"text-align: left;\"><!--more--><\/p>\n<p style=\"text-align: left;\">Le minist\u00e8re des Affaires de la femme, de la famille, de l\u2019enfance et des personnes \u00e2g\u00e9es, organise, aujourd\u2019hui, mercredi 8 mars 2017, \u00e0 Tunis, un colloque international sous le titre: \u00ab<em>La femme tunisienne : de l\u2019autonomisation juridique \u00e0 l\u2019autonomisation \u00e9conomique<\/em>\u00bb.<\/p>\n<p style=\"text-align: left;\">Ce colloque, qui se tiendra sous le haut patronage du pr\u00e9sident de la r\u00e9publique, Beji Ca\u00efd Essebsi, verra l\u2019annonce par le chef du gouvernement Youssef Chahed de l\u2019octroi du cong\u00e9 pr\u00e9natal, a confi\u00e9 \u00e0 Kapitalis, Neziha Labidi, ministre de la Femme.<\/p>\n<p style=\"text-align: left;\">Plusieurs invit\u00e9s seront pr\u00e9sents au colloque qui se tiendra \u00e0 Tunis, dont l\u2019ancienne garde des sceaux fran\u00e7aise Christiane Taubira et les ambassadeurs de plusieurs pays.<\/p>\n<p style=\"text-align: left;\">Des communications seront pr\u00e9sent\u00e9es lors de ce colloque par des sp\u00e9cialistes de divers pays dont le Canada, le Maroc, l\u2019Espagne, la Su\u00e8de et la Finlande.<\/p>\n<p style=\"text-align: left;\">Par ailleurs, la ministre de la Femme a annonc\u00e9, hier, lors d\u2019une conf\u00e9rence de presse, le lancement du prix Fatma Al Fihriya pour la promotion de la formation de la femme et l\u2019\u00e9galit\u00e9 des chances entre les deux sexes.<\/p>\n<p style=\"text-align: left;\">Ce prix portera le nom d\u2019une femme marocaine d\u2019origine kairounaise qui a consacr\u00e9 toute sa fortune pour la construction de la mosqu\u00e9e Al Karaouine de Fez.<\/p>\n<p style=\"text-align: left;\">La premi\u00e8re session de ce prix sera organis\u00e9e, le 29 avril 2017, \u00e0 Kairouan, la ville dont Fatima Al Fihriya est originaire.<br \/>\nLa ministre de la Femme a insist\u00e9 sur la dimension symbolique de l\u2019attribution d\u2019un tel prix qui ressuscite la m\u00e9moire d\u2019une femme tunisienne et arabe qui a contribu\u00e9 \u00e0 la fondation de la premi\u00e8re universit\u00e9 au monde.<\/p>\n<p style=\"text-align: left;\">Neziha Labidi a, par ailleurs, mis l\u2019accent sur la contribution esp\u00e9r\u00e9e du prix \u00e0 la promotion de la recherche sur la femme et le renforcement des valeurs nobles de la science et de la famille.<\/p>\n<p style=\"text-align: right;\"><strong>Abderrazek Krimi<\/strong><\/p>\n","protected":false},"excerpt":{"rendered":"<p>\u00c0 l\u2019occasion de Journ\u00e9e internationale de la femme, le gouvernement tunisien va annoncer l\u2019adoption du cong\u00e9 pr\u00e9natal au profit des m\u00e8res.<\/p>\n","protected":false},"author":8,"featured_media":0,"comment_status":"open","ping_status":"open","sticky":false,"template":"","format":"standard","meta":{"footnotes":""},"categories":[998,2433],"tags":[28452,22818,3539],"class_list":["post-85942","post","type-post","status-publish","format-standard","hentry","category-societe","category-tunisie","tag-journee-internationale-de-la-femme","tag-neziha-labidi","tag-tunisiennes"],"yoast_head":"<!-- This site is optimized with the Yoast SEO plugin v26.6 - https:\/\/yoast.com\/wordpress\/plugins\/seo\/ -->\n<title>Nouvel acquis des Tunisiennes : Le cong\u00e9 pr\u00e9natal - Kapitalis<\/title>\n<meta name=\"robots\" content=\"index, follow, max-snippet:-1, max-image-preview:large, max-video-preview:-1\" \/>\n<link rel=\"canonical\" href=\"https:\/\/kapitalis.com\/tunisie\/2017\/03\/08\/nouvel-acquis-des-tunisiennes-le-conge-prenatal\/\" \/>\n<meta property=\"og:locale\" content=\"fr_FR\" \/>\n<meta property=\"og:type\" content=\"article\" \/>\n<meta property=\"og:title\" content=\"Nouvel acquis des Tunisiennes : Le cong\u00e9 pr\u00e9natal - Kapitalis\" \/>\n<meta property=\"og:description\" content=\"\u00c0 l\u2019occasion de Journ\u00e9e internationale de la femme, le gouvernement tunisien va annoncer l\u2019adoption du cong\u00e9 pr\u00e9natal au profit des m\u00e8res.\" \/>\n<meta property=\"og:url\" content=\"https:\/\/kapitalis.com\/tunisie\/2017\/03\/08\/nouvel-acquis-des-tunisiennes-le-conge-prenatal\/\" \/>\n<meta property=\"og:site_name\" content=\"Kapitalis\" \/>\n<meta property=\"article:publisher\" content=\"https:\/\/www.facebook.com\/KapitalisInfo\/\" \/>\n<meta property=\"article:published_time\" content=\"2017-03-08T07:38:37+00:00\" \/>\n<meta property=\"og:image\" content=\"http:\/\/kapitalis.com\/tunisie\/wp-content\/uploads\/2016\/10\/Tunisiennes.jpg\" \/>\n<meta name=\"author\" content=\"webmaster kapitalis\" \/>\n<meta name=\"twitter:card\" content=\"summary_large_image\" \/>\n<meta name=\"twitter:creator\" content=\"@KapitalisInfo\" \/>\n<meta name=\"twitter:site\" content=\"@KapitalisInfo\" \/>\n<meta name=\"twitter:label1\" content=\"\u00c9crit par\" \/>\n\t<meta name=\"twitter:data1\" content=\"webmaster kapitalis\" \/>\n\t<meta name=\"twitter:label2\" content=\"Dur\u00e9e de lecture estim\u00e9e\" \/>\n\t<meta name=\"twitter:data2\" content=\"2 minutes\" \/>\n<script type=\"application\/ld+json\" class=\"yoast-schema-graph\">{\"@context\":\"https:\/\/schema.org\",\"@graph\":[{\"@type\":\"Article\",\"@id\":\"https:\/\/kapitalis.com\/tunisie\/2017\/03\/08\/nouvel-acquis-des-tunisiennes-le-conge-prenatal\/#article\",\"isPartOf\":{\"@id\":\"https:\/\/kapitalis.com\/tunisie\/2017\/03\/08\/nouvel-acquis-des-tunisiennes-le-conge-prenatal\/\"},\"author\":{\"name\":\"webmaster kapitalis\",\"@id\":\"https:\/\/kapitalis.com\/tunisie\/#\/schema\/person\/d71f33a9ca44f7bad4698210b480c8e9\"},\"headline\":\"Nouvel acquis des Tunisiennes : Le cong\u00e9 pr\u00e9natal\",\"datePublished\":\"2017-03-08T07:38:37+00:00\",\"mainEntityOfPage\":{\"@id\":\"https:\/\/kapitalis.com\/tunisie\/2017\/03\/08\/nouvel-acquis-des-tunisiennes-le-conge-prenatal\/\"},\"wordCount\":350,\"commentCount\":1,\"publisher\":{\"@id\":\"https:\/\/kapitalis.com\/tunisie\/#organization\"},\"image\":{\"@id\":\"https:\/\/kapitalis.com\/tunisie\/2017\/03\/08\/nouvel-acquis-des-tunisiennes-le-conge-prenatal\/#primaryimage\"},\"thumbnailUrl\":\"http:\/\/kapitalis.com\/tunisie\/wp-content\/uploads\/2016\/10\/Tunisiennes.jpg\",\"keywords\":[\"Journ\u00e9e Internationale de la Femme\",\"Neziha Labidi\",\"Tunisiennes\"],\"articleSection\":[\"SOCIETE\",\"Tunisie\"],\"inLanguage\":\"fr-FR\",\"potentialAction\":[{\"@type\":\"CommentAction\",\"name\":\"Comment\",\"target\":[\"https:\/\/kapitalis.com\/tunisie\/2017\/03\/08\/nouvel-acquis-des-tunisiennes-le-conge-prenatal\/#respond\"]}]},{\"@type\":\"WebPage\",\"@id\":\"https:\/\/kapitalis.com\/tunisie\/2017\/03\/08\/nouvel-acquis-des-tunisiennes-le-conge-prenatal\/\",\"url\":\"https:\/\/kapitalis.com\/tunisie\/2017\/03\/08\/nouvel-acquis-des-tunisiennes-le-conge-prenatal\/\",\"name\":\"Nouvel acquis des Tunisiennes : Le cong\u00e9 pr\u00e9natal - Kapitalis\",\"isPartOf\":{\"@id\":\"https:\/\/kapitalis.com\/tunisie\/#website\"},\"primaryImageOfPage\":{\"@id\":\"https:\/\/kapitalis.com\/tunisie\/2017\/03\/08\/nouvel-acquis-des-tunisiennes-le-conge-prenatal\/#primaryimage\"},\"image\":{\"@id\":\"https:\/\/kapitalis.com\/tunisie\/2017\/03\/08\/nouvel-acquis-des-tunisiennes-le-conge-prenatal\/#primaryimage\"},\"thumbnailUrl\":\"http:\/\/kapitalis.com\/tunisie\/wp-content\/uploads\/2016\/10\/Tunisiennes.jpg\",\"datePublished\":\"2017-03-08T07:38:37+00:00\",\"breadcrumb\":{\"@id\":\"https:\/\/kapitalis.com\/tunisie\/2017\/03\/08\/nouvel-acquis-des-tunisiennes-le-conge-prenatal\/#breadcrumb\"},\"inLanguage\":\"fr-FR\",\"potentialAction\":[{\"@type\":\"ReadAction\",\"target\":[\"https:\/\/kapitalis.com\/tunisie\/2017\/03\/08\/nouvel-acquis-des-tunisiennes-le-conge-prenatal\/\"]}]},{\"@type\":\"ImageObject\",\"inLanguage\":\"fr-FR\",\"@id\":\"https:\/\/kapitalis.com\/tunisie\/2017\/03\/08\/nouvel-acquis-des-tunisiennes-le-conge-prenatal\/#primaryimage\",\"url\":\"http:\/\/kapitalis.com\/tunisie\/wp-content\/uploads\/2016\/10\/Tunisiennes.jpg\",\"contentUrl\":\"http:\/\/kapitalis.com\/tunisie\/wp-content\/uploads\/2016\/10\/Tunisiennes.jpg\"},{\"@type\":\"BreadcrumbList\",\"@id\":\"https:\/\/kapitalis.com\/tunisie\/2017\/03\/08\/nouvel-acquis-des-tunisiennes-le-conge-prenatal\/#breadcrumb\",\"itemListElement\":[{\"@type\":\"ListItem\",\"position\":1,\"name\":\"Accueil\",\"item\":\"https:\/\/kapitalis.com\/tunisie\/\"},{\"@type\":\"ListItem\",\"position\":2,\"name\":\"Nouvel acquis des Tunisiennes : Le cong\u00e9 pr\u00e9natal\"}]},{\"@type\":\"WebSite\",\"@id\":\"https:\/\/kapitalis.com\/tunisie\/#website\",\"url\":\"https:\/\/kapitalis.com\/tunisie\/\",\"name\":\"Kapitalis\",\"description\":\"L&#039;actualit\u00e9 en Tunisie et dans le monde\",\"publisher\":{\"@id\":\"https:\/\/kapitalis.com\/tunisie\/#organization\"},\"potentialAction\":[{\"@type\":\"SearchAction\",\"target\":{\"@type\":\"EntryPoint\",\"urlTemplate\":\"https:\/\/kapitalis.com\/tunisie\/?s={search_term_string}\"},\"query-input\":{\"@type\":\"PropertyValueSpecification\",\"valueRequired\":true,\"valueName\":\"search_term_string\"}}],\"inLanguage\":\"fr-FR\"},{\"@type\":\"Organization\",\"@id\":\"https:\/\/kapitalis.com\/tunisie\/#organization\",\"name\":\"Kapitalis\",\"url\":\"https:\/\/kapitalis.com\/tunisie\/\",\"logo\":{\"@type\":\"ImageObject\",\"inLanguage\":\"fr-FR\",\"@id\":\"https:\/\/kapitalis.com\/tunisie\/#\/schema\/logo\/image\/\",\"url\":\"https:\/\/kapitalis.com\/tunisie\/wp-content\/uploads\/2022\/05\/Kapitalis-big-size.png\",\"contentUrl\":\"https:\/\/kapitalis.com\/tunisie\/wp-content\/uploads\/2022\/05\/Kapitalis-big-size.png\",\"width\":5000,\"height\":1500,\"caption\":\"Kapitalis\"},\"image\":{\"@id\":\"https:\/\/kapitalis.com\/tunisie\/#\/schema\/logo\/image\/\"},\"sameAs\":[\"https:\/\/www.facebook.com\/KapitalisInfo\/\",\"https:\/\/x.com\/KapitalisInfo\",\"https:\/\/www.youtube.com\/channel\/UC-yDYrHyfFBWWZaOw3FPg9Q\"]},{\"@type\":\"Person\",\"@id\":\"https:\/\/kapitalis.com\/tunisie\/#\/schema\/person\/d71f33a9ca44f7bad4698210b480c8e9\",\"name\":\"webmaster kapitalis\",\"url\":\"https:\/\/kapitalis.com\/tunisie\/author\/webmaster-kapitalis\/\"}]}<\/script>\n<!-- \/ Yoast SEO plugin. -->","yoast_head_json":{"title":"Nouvel acquis des Tunisiennes : Le cong\u00e9 pr\u00e9natal - Kapitalis","robots":{"index":"index","follow":"follow","max-snippet":"max-snippet:-1","max-image-preview":"max-image-preview:large","max-video-preview":"max-video-preview:-1"},"canonical":"https:\/\/kapitalis.com\/tunisie\/2017\/03\/08\/nouvel-acquis-des-tunisiennes-le-conge-prenatal\/","og_locale":"fr_FR","og_type":"article","og_title":"Nouvel acquis des Tunisiennes : Le cong\u00e9 pr\u00e9natal - Kapitalis","og_description":"\u00c0 l\u2019occasion de Journ\u00e9e internationale de la femme, le gouvernement tunisien va annoncer l\u2019adoption du cong\u00e9 pr\u00e9natal au profit des m\u00e8res.","og_url":"https:\/\/kapitalis.com\/tunisie\/2017\/03\/08\/nouvel-acquis-des-tunisiennes-le-conge-prenatal\/","og_site_name":"Kapitalis","article_publisher":"https:\/\/www.facebook.com\/KapitalisInfo\/","article_published_time":"2017-03-08T07:38:37+00:00","og_image":[{"url":"http:\/\/kapitalis.com\/tunisie\/wp-content\/uploads\/2016\/10\/Tunisiennes.jpg","type":"","width":"","height":""}],"author":"webmaster kapitalis","twitter_card":"summary_large_image","twitter_creator":"@KapitalisInfo","twitter_site":"@KapitalisInfo","twitter_misc":{"\u00c9crit par":"webmaster kapitalis","Dur\u00e9e de lecture estim\u00e9e":"2 minutes"},"schema":{"@context":"https:\/\/schema.org","@graph":[{"@type":"Article","@id":"https:\/\/kapitalis.com\/tunisie\/2017\/03\/08\/nouvel-acquis-des-tunisiennes-le-conge-prenatal\/#article","isPartOf":{"@id":"https:\/\/kapitalis.com\/tunisie\/2017\/03\/08\/nouvel-acquis-des-tunisiennes-le-conge-prenatal\/"},"author":{"name":"webmaster kapitalis","@id":"https:\/\/kapitalis.com\/tunisie\/#\/schema\/person\/d71f33a9ca44f7bad4698210b480c8e9"},"headline":"Nouvel acquis des Tunisiennes : Le cong\u00e9 pr\u00e9natal","datePublished":"2017-03-08T07:38:37+00:00","mainEntityOfPage":{"@id":"https:\/\/kapitalis.com\/tunisie\/2017\/03\/08\/nouvel-acquis-des-tunisiennes-le-conge-prenatal\/"},"wordCount":350,"commentCount":1,"publisher":{"@id":"https:\/\/kapitalis.com\/tunisie\/#organization"},"image":{"@id":"https:\/\/kapitalis.com\/tunisie\/2017\/03\/08\/nouvel-acquis-des-tunisiennes-le-conge-prenatal\/#primaryimage"},"thumbnailUrl":"http:\/\/kapitalis.com\/tunisie\/wp-content\/uploads\/2016\/10\/Tunisiennes.jpg","keywords":["Journ\u00e9e Internationale de la Femme","Neziha Labidi","Tunisiennes"],"articleSection":["SOCIETE","Tunisie"],"inLanguage":"fr-FR","potentialAction":[{"@type":"CommentAction","name":"Comment","target":["https:\/\/kapitalis.com\/tunisie\/2017\/03\/08\/nouvel-acquis-des-tunisiennes-le-conge-prenatal\/#respond"]}]},{"@type":"WebPage","@id":"https:\/\/kapitalis.com\/tunisie\/2017\/03\/08\/nouvel-acquis-des-tunisiennes-le-conge-prenatal\/","url":"https:\/\/kapitalis.com\/tunisie\/2017\/03\/08\/nouvel-acquis-des-tunisiennes-le-conge-prenatal\/","name":"Nouvel acquis des Tunisiennes : Le cong\u00e9 pr\u00e9natal - Kapitalis","isPartOf":{"@id":"https:\/\/kapitalis.com\/tunisie\/#website"},"primaryImageOfPage":{"@id":"https:\/\/kapitalis.com\/tunisie\/2017\/03\/08\/nouvel-acquis-des-tunisiennes-le-conge-prenatal\/#primaryimage"},"image":{"@id":"https:\/\/kapitalis.com\/tunisie\/2017\/03\/08\/nouvel-acquis-des-tunisiennes-le-conge-prenatal\/#primaryimage"},"thumbnailUrl":"http:\/\/kapitalis.com\/tunisie\/wp-content\/uploads\/2016\/10\/Tunisiennes.jpg","datePublished":"2017-03-08T07:38:37+00:00","breadcrumb":{"@id":"https:\/\/kapitalis.com\/tunisie\/2017\/03\/08\/nouvel-acquis-des-tunisiennes-le-conge-prenatal\/#breadcrumb"},"inLanguage":"fr-FR","potentialAction":[{"@type":"ReadAction","target":["https:\/\/kapitalis.com\/tunisie\/2017\/03\/08\/nouvel-acquis-des-tunisiennes-le-conge-prenatal\/"]}]},{"@type":"ImageObject","inLanguage":"fr-FR","@id":"https:\/\/kapitalis.com\/tunisie\/2017\/03\/08\/nouvel-acquis-des-tunisiennes-le-conge-prenatal\/#primaryimage","url":"http:\/\/kapitalis.com\/tunisie\/wp-content\/uploads\/2016\/10\/Tunisiennes.jpg","contentUrl":"http:\/\/kapitalis.com\/tunisie\/wp-content\/uploads\/2016\/10\/Tunisiennes.jpg"},{"@type":"BreadcrumbList","@id":"https:\/\/kapitalis.com\/tunisie\/2017\/03\/08\/nouvel-acquis-des-tunisiennes-le-conge-prenatal\/#breadcrumb","itemListElement":[{"@type":"ListItem","position":1,"name":"Accueil","item":"https:\/\/kapitalis.com\/tunisie\/"},{"@type":"ListItem","position":2,"name":"Nouvel acquis des Tunisiennes : Le cong\u00e9 pr\u00e9natal"}]},{"@type":"WebSite","@id":"https:\/\/kapitalis.com\/tunisie\/#website","url":"https:\/\/kapitalis.com\/tunisie\/","name":"Kapitalis","description":"L&#039;actualit\u00e9 en Tunisie et dans le monde","publisher":{"@id":"https:\/\/kapitalis.com\/tunisie\/#organization"},"potentialAction":[{"@type":"SearchAction","target":{"@type":"EntryPoint","urlTemplate":"https:\/\/kapitalis.com\/tunisie\/?s={search_term_string}"},"query-input":{"@type":"PropertyValueSpecification","valueRequired":true,"valueName":"search_term_string"}}],"inLanguage":"fr-FR"},{"@type":"Organization","@id":"https:\/\/kapitalis.com\/tunisie\/#organization","name":"Kapitalis","url":"https:\/\/kapitalis.com\/tunisie\/","logo":{"@type":"ImageObject","inLanguage":"fr-FR","@id":"https:\/\/kapitalis.com\/tunisie\/#\/schema\/logo\/image\/","url":"https:\/\/kapitalis.com\/tunisie\/wp-content\/uploads\/2022\/05\/Kapitalis-big-size.png","contentUrl":"https:\/\/kapitalis.com\/tunisie\/wp-content\/uploads\/2022\/05\/Kapitalis-big-size.png","width":5000,"height":1500,"caption":"Kapitalis"},"image":{"@id":"https:\/\/kapitalis.com\/tunisie\/#\/schema\/logo\/image\/"},"sameAs":["https:\/\/www.facebook.com\/KapitalisInfo\/","https:\/\/x.com\/KapitalisInfo","https:\/\/www.youtube.com\/channel\/UC-yDYrHyfFBWWZaOw3FPg9Q"]},{"@type":"Person","@id":"https:\/\/kapitalis.com\/tunisie\/#\/schema\/person\/d71f33a9ca44f7bad4698210b480c8e9","name":"webmaster kapitalis","url":"https:\/\/kapitalis.com\/tunisie\/author\/webmaster-kapitalis\/"}]}},"_links":{"self":[{"href":"https:\/\/kapitalis.com\/tunisie\/wp-json\/wp\/v2\/posts\/85942","targetHints":{"allow":["GET"]}}],"collection":[{"href":"https:\/\/kapitalis.com\/tunisie\/wp-json\/wp\/v2\/posts"}],"about":[{"href":"https:\/\/kapitalis.com\/tunisie\/wp-json\/wp\/v2\/types\/post"}],"author":[{"embeddable":true,"href":"https:\/\/kapitalis.com\/tunisie\/wp-json\/wp\/v2\/users\/8"}],"replies":[{"embeddable":true,"href":"https:\/\/kapitalis.com\/tunisie\/wp-json\/wp\/v2\/comments?post=85942"}],"version-history":[{"count":0,"href":"https:\/\/kapitalis.com\/tunisie\/wp-json\/wp\/v2\/posts\/85942\/revisions"}],"wp:attachment":[{"href":"https:\/\/kapitalis.com\/tunisie\/wp-json\/wp\/v2\/media?parent=85942"}],"wp:term":[{"taxonomy":"category","embeddable":true,"href":"https:\/\/kapitalis.com\/tunisie\/wp-json\/wp\/v2\/categories?post=85942"},{"taxonomy":"post_tag","embeddable":true,"href":"https:\/\/kapitalis.com\/tunisie\/wp-json\/wp\/v2\/tags?post=85942"}],"curies":[{"name":"wp","href":"https:\/\/api.w.org\/{rel}","templated":true}]}}