{"id":86104,"date":"2017-03-09T13:03:55","date_gmt":"2017-03-09T12:03:55","guid":{"rendered":"http:\/\/kapitalis.com\/tunisie\/?p=86104"},"modified":"2017-03-09T15:12:13","modified_gmt":"2017-03-09T14:12:13","slug":"attijari-bank-parie-sur-lafrique-subsaharienne","status":"publish","type":"post","link":"https:\/\/kapitalis.com\/tunisie\/2017\/03\/09\/attijari-bank-parie-sur-lafrique-subsaharienne\/","title":{"rendered":"Attijari bank\u00a0parie sur l\u2019Afrique subsaharienne"},"content":{"rendered":"<p style=\"text-align: center;\"><img loading=\"lazy\" decoding=\"async\" class=\"alignnone size-full wp-image-86155\" src=\"http:\/\/kapitalis.com\/tunisie\/wp-content\/uploads\/2017\/03\/Attijari-Club-Afrique-Ban.jpg\" alt=\"\" width=\"626\" height=\"380\" \/><\/p>\n<p><em><strong>Attijari bank met ses services et\u00a0ses r\u00e9seaux d&rsquo;affaires en\u00a0<\/strong><\/em><em><strong>Afrique subsaharienne \u00e0 la disposition des entreprises tunisiennes cherchant \u00e0 aller vers cette nouvelle terre d&rsquo;opportunit\u00e9s.<\/strong><\/em><\/p>\n<p>Par <strong>Zohra Abid<\/strong><\/p>\n<p><!--more--><\/p>\n<p><em>\u00abD\u00e9veloppement en Afrique\u00a0: opportunit\u00e9s, business et d\u00e9fis\u00bb,<\/em> tel a \u00e9t\u00e9 le th\u00e8me de la conf\u00e9rence organis\u00e9e mardi 7 mars 2017, par Attijari bank, \u00e0 son si\u00e8ge, \u00e0 Tunis.<\/p>\n<p>La conf\u00e9rence annuelle organis\u00e9e par le Club Afrique D\u00e9veloppement (CAD), lanc\u00e9 en mai 2016 par Attijariwafa Bank, a \u00e9t\u00e9 anim\u00e9e par l\u2019expert international Thierry Apoteker, pr\u00e9sident de Taceconomics,\u00a0en pr\u00e9sence d\u2019un parterre de banquiers et d\u2019op\u00e9rateurs \u00e9conomiques tunisiens.<\/p>\n<p style=\"text-align: center;\"><img loading=\"lazy\" decoding=\"async\" class=\"alignnone wp-image-86157\" src=\"http:\/\/kapitalis.com\/tunisie\/wp-content\/uploads\/2017\/03\/Hicham-Seffa.jpg\" alt=\"Hicham Seffa\" width=\"500\" height=\"333\" \/><\/p>\n<p style=\"text-align: center;\"><em>Hicham Seffa.<\/em><\/p>\n<p><strong>La banque qui\u00a0accompagne et ouvre\u00a0la voie<\/strong><\/p>\n<p>\u00ab<em>La banque a choisi de se ranger du c\u00f4t\u00e9 de l\u2019entreprise\u00a0 tunisienne pour l\u2019accompagner dans son d\u00e9veloppement<\/em>\u00bb, a lanc\u00e9 dans son mot de bienvenu le directeur g\u00e9n\u00e9ral d\u2019Attijari bank, le Marocain Hicham Seffa, en soulignant la d\u00e9termination de son \u00e9tablissement \u00ab<em>\u00e0 contribuer \u00e0<\/em> <em>hisser les entreprises clientes au rang de champions r\u00e9gionaux<\/em>\u00bb.<\/p>\n<p>Attijari bank, qui a su se forger une expertise en mati\u00e8re d\u2019accompagnement des entreprises en Afrique, s\u2019est bien rod\u00e9e dans les montages financiers des op\u00e9rations de commerce et d\u2019investissement, et confirm\u00e9 \u00ab<em>sa volont\u00e9 d\u2019accompagner efficacement les entreprises tunisiennes dans leur\u00a0d\u00e9veloppement non seulement en Tunisie mais aussi en Afrique et \u00e0 l\u2019\u00e9chelle internationale, et de participer ainsi activement au d\u00e9veloppement \u00e9conomique du pays<\/em>\u00bb, a\u00a0poursuivi M. Seffa. Et d&rsquo;encha\u00eener :\u00a0\u00ab<em>L\u2019accompagnement des entreprises clientes d\u2019Attijari bank ne se limite pas au financement et \u00e0 la r\u00e9alisation des op\u00e9rations de commerce ext\u00e9rieur<\/em><em>. Il est exhaustif et complet, depuis la prospection jusqu\u2019\u00e0 l\u2019aboutissement de l\u2019affaire, en couvrant d\u2019autres volets, comme le renseignement commercial, l\u2019assistance dans le montage financier et le networking<\/em>\u00bb.<\/p>\n<p style=\"text-align: center;\"><img loading=\"lazy\" decoding=\"async\" class=\"alignnone wp-image-86158\" src=\"http:\/\/kapitalis.com\/tunisie\/wp-content\/uploads\/2017\/03\/Thierry-Apoteker.jpg\" alt=\"Thierry Apoteker\" width=\"500\" height=\"333\" \/><\/p>\n<p style=\"text-align: center;\"><em>Thierry Apoteker.<\/em><\/p>\n<p><strong>Sur un fond d&rsquo;incertitude mondiale\u00a0<\/strong><\/p>\n<p>Thierry Apoteker a, de son c\u00f4t\u00e9, pr\u00e9sent\u00e9 le cadre g\u00e9opolitique international dont l\u2019activit\u00e9 \u00e9conomique en Afrique d\u00e9pend de pr\u00e8s ou de loin. Pour en conclure que, \u00ab<em>malgr\u00e9 le pessimisme ambiant \u00e0 l\u2019\u00e9chelle mondiale, l\u2019environnement reste favorable et l\u2019ann\u00e9e 2017 sera\u00a0celle du\u00a0d\u00e9collage<\/em>\u00bb. En effet, selon ses pr\u00e9visions, plusieurs pays conna\u00eetront un regain de dynamisme \u00e9conomique, dont l\u2019Egypte et le Nig\u00e9ria, deux grands d&rsquo;Afrique qui, \u00a0gr\u00e2ce \u00e0 une politique courageuse, vont enregistrer une reprise \u00e9conomique.<\/p>\n<p>\u00ab<em>La Chine, 1<sup>\u00e8re<\/sup> nation commer\u00e7ante dans le monde et 2<sup>e<\/sup> \u00e9conomie mondiale, va, pour sa part, enregistrer, en 2017, une croissance de\u00a06,5% \u00e0\u00a07%. Quant au cycle am\u00e9ricain\u00a0(car l\u2019\u00e9conomie est un cycle), il ne va pas se poursuivre \u00e9ternellement. Il peut y avoir \u00e9galement d\u2019ici 2020, un retournement de tendance en Europe, \u00e0 cause de chocs conjoncturels. Il faut savoir g\u00e9rer ce retournement et profiter des prochains trimestres pour se relancer<\/em>\u00bb, a indiqu\u00e9 l&rsquo;expert, tout en soulignant\u00a0les liens \u00e9troits entre politique et \u00e9conomie.<\/p>\n<p style=\"text-align: center;\"><img loading=\"lazy\" decoding=\"async\" class=\"alignnone wp-image-86159\" src=\"http:\/\/kapitalis.com\/tunisie\/wp-content\/uploads\/2017\/03\/Hichem-Seffa-2.jpg\" alt=\"Hicham Seffa\" width=\"500\" height=\"281\" \/><\/p>\n<p>Apr\u00e8s l&rsquo;\u00e9lection de Donald Trump \u00e0 la pr\u00e9sidence des Etats-Unis, le pays le plus puissant du monde se trouve devant l\u2019inconnu, estime\u00a0Thierry Apoteker, car il est d\u00e9sormais dirig\u00e9 par\u00a0un \u00ab<em>homme de conflit et de division<\/em>\u00bb, populiste et sans r\u00e9elle\u00a0vision. Cons\u00e9quence: le taux de croissance des Etats-Unis,\u00a0dont\u00a0la dette repr\u00e9sente\u00a070% du PIB et o\u00f9\u00a0les m\u00e9nages sont eux aussi tr\u00e8s endett\u00e9s, ne d\u00e9passera pas 3%, pr\u00e9voit l&rsquo;expert.<\/p>\n<p>Dans la zone euro, la situation ne pr\u00e9sente pas sous un meilleur jour, car\u00a0\u00ab<em>m\u00eame si\u00a0les indicateurs \u00e9conomiques sugg\u00e8rent une hausse de la croissance, les incertitudes de la conjoncture en limiteront sans doute le rythme<\/em>\u00bb.<\/p>\n<p><strong>Le virage spectaculaire de l\u2019Afrique<\/strong><\/p>\n<p>Apr\u00e8s la crise financi\u00e8re de 2008, celle de la Gr\u00e8ce en 2012, qui est <em>\u00abcomme une \u00e9pine dans le pied de la zone euro\u00bb,<\/em> aura des cons\u00e9quences lourdes sur la croissance des pays de l&rsquo;Union europ\u00e9enne (UE). Surtout que l\u2019Italie a du mal \u00e0 se reprendre, plomb\u00e9e par\u00a0ses probl\u00e8mes institutionnels et\u00a0politiques et la m\u00e9diocrit\u00e9 de sa croissance \u00e9conomique, handicap\u00e9e par un\u00a0secteur bancaire en crise. <em>\u00abIl faut bien avoir, aujourd\u2019hui, l\u2019\u0153il sur cette Italie l\u00e0. Mais aussi sur la France et l&rsquo;Allemagne, o\u00f9 les prochaines \u00e9lections pr\u00e9sentent beaucoup d&rsquo;incertitudes\u00bb<\/em>, a encore estim\u00e9 l&rsquo;expert fran\u00e7ais. Qui a fait remarquer que\u00a0le Royaume Uni n\u2019a pas vraiment ressenti de grand choc apr\u00e8s le vote du Brexit<em>. \u00abLe choc \u00e9tait court et le pays a m\u00eame enregistr\u00e9 un\u00a0regain de dynamisme \u00e9conomique vers la\u00a0fin de 2016<\/em>\u00bb, a-t-il tenu \u00e0 souligner \u00e0 propos d&rsquo;un pays dont la sortie de l&rsquo;Union europ\u00e9enne avait \u00e9t\u00e9 annonc\u00e9e comme un cataclysme insurmontable.<\/p>\n<p style=\"text-align: center;\"><img loading=\"lazy\" decoding=\"async\" class=\"alignnone wp-image-86160\" src=\"http:\/\/kapitalis.com\/tunisie\/wp-content\/uploads\/2017\/03\/Thierry-Apoteker-2.jpg\" alt=\"Thierry Apoteker\" width=\"500\" height=\"281\" \/><\/p>\n<p>Reste, bien s\u00fbr, l&rsquo;Afrique subsaharienne, une r\u00e9gion qui se porte relativement bien et qui offre\u00a0de nouveaux march\u00e9s\u00a0pour le\u00a0commerce, l&rsquo;investissement et l\u2019enrichissement.<em> \u00abL\u2019Afrique qui, dans les ann\u00e9es 1990, \u00e9tait le continent de tous les probl\u00e8mes, est en passe de devenir celui\u00a0de tous les espoirs et de toutes promesses<\/em>\u00bb, a lanc\u00e9\u00a0Thierry Apoteker. Qui s&rsquo;est empress\u00e9 de pr\u00e9ciser:\u00a0<em>\u00abIl n\u2019y a pas une seule Afrique mais des Afriques. Et, partout, on assiste \u00e0\u00a0un virage spectaculaire\u00a0et un vrai d\u00e9collage. Tout s&rsquo;acc\u00e9l\u00e8re, notamment le processus d\u2019urbanisation. Dans les 10 prochaines ann\u00e9es, 125 millions de personnes vont investir les villes\u00a0et\u00a0des opportunit\u00e9s vont se cr\u00e9er.\u00bb <\/em><\/p>\n<p>Le conf\u00e9rencier a lanc\u00e9, en conclusion, aux hommes d&rsquo;affaires pr\u00e9sents:<em> \u00abAllez en Afrique subsaharienne, c\u2019est le moment d\u2019y aller. Ce continent se met en ordre de marche et avance. Il reste seulement \u00e0 savoir comment proc\u00e9der et optimiser les possibilit\u00e9s<\/em>\u00bb.<\/p>\n","protected":false},"excerpt":{"rendered":"<p>Attijari bank met ses services et\u00a0ses r\u00e9seaux d&rsquo;affaires en\u00a0Afrique subsaharienne \u00e0 la disposition des entreprises tunisiennes cherchant \u00e0 aller vers cette nouvelle terre d&rsquo;opportunit\u00e9s. Par Zohra Abid<\/p>\n","protected":false},"author":7,"featured_media":86155,"comment_status":"open","ping_status":"open","sticky":false,"template":"","format":"standard","meta":{"footnotes":""},"categories":[992,995,2433],"tags":[8124,4609,18014,15406],"class_list":["post-86104","post","type-post","status-publish","format-standard","has-post-thumbnail","hentry","category-a-la-une","category-economie","category-tunisie","tag-afrique-subsaharienne","tag-attijari-bank","tag-attijariwafa-bank","tag-hicham-seffa"],"yoast_head":"<!-- This site is optimized with the Yoast SEO plugin v26.6 - https:\/\/yoast.com\/wordpress\/plugins\/seo\/ -->\n<title>Attijari bank\u00a0parie sur l\u2019Afrique subsaharienne - Kapitalis<\/title>\n<meta name=\"robots\" content=\"index, follow, max-snippet:-1, max-image-preview:large, max-video-preview:-1\" \/>\n<link rel=\"canonical\" href=\"https:\/\/kapitalis.com\/tunisie\/2017\/03\/09\/attijari-bank-parie-sur-lafrique-subsaharienne\/\" \/>\n<meta property=\"og:locale\" content=\"fr_FR\" \/>\n<meta property=\"og:type\" content=\"article\" \/>\n<meta property=\"og:title\" content=\"Attijari bank\u00a0parie sur l\u2019Afrique subsaharienne - Kapitalis\" \/>\n<meta property=\"og:description\" content=\"Attijari bank met ses services et\u00a0ses r\u00e9seaux d&rsquo;affaires en\u00a0Afrique subsaharienne \u00e0 la disposition des entreprises tunisiennes cherchant \u00e0 aller vers cette nouvelle terre d&rsquo;opportunit\u00e9s. Par Zohra Abid\" \/>\n<meta property=\"og:url\" content=\"https:\/\/kapitalis.com\/tunisie\/2017\/03\/09\/attijari-bank-parie-sur-lafrique-subsaharienne\/\" \/>\n<meta property=\"og:site_name\" content=\"Kapitalis\" \/>\n<meta property=\"article:publisher\" content=\"https:\/\/www.facebook.com\/KapitalisInfo\/\" \/>\n<meta property=\"article:published_time\" content=\"2017-03-09T12:03:55+00:00\" \/>\n<meta property=\"article:modified_time\" content=\"2017-03-09T14:12:13+00:00\" \/>\n<meta property=\"og:image\" content=\"https:\/\/kapitalis.com\/tunisie\/wp-content\/uploads\/2022\/05\/kapitalis-logo-fb.png\" \/>\n\t<meta property=\"og:image:width\" content=\"1200\" \/>\n\t<meta property=\"og:image:height\" content=\"630\" \/>\n\t<meta property=\"og:image:type\" content=\"image\/png\" \/>\n<meta name=\"author\" content=\"zohra abid\" \/>\n<meta name=\"twitter:card\" content=\"summary_large_image\" \/>\n<meta name=\"twitter:creator\" content=\"@KapitalisInfo\" \/>\n<meta name=\"twitter:site\" content=\"@KapitalisInfo\" \/>\n<meta name=\"twitter:label1\" content=\"\u00c9crit par\" \/>\n\t<meta name=\"twitter:data1\" content=\"zohra abid\" \/>\n\t<meta name=\"twitter:label2\" content=\"Dur\u00e9e de lecture estim\u00e9e\" \/>\n\t<meta name=\"twitter:data2\" content=\"5 minutes\" \/>\n<script type=\"application\/ld+json\" class=\"yoast-schema-graph\">{\"@context\":\"https:\/\/schema.org\",\"@graph\":[{\"@type\":\"Article\",\"@id\":\"https:\/\/kapitalis.com\/tunisie\/2017\/03\/09\/attijari-bank-parie-sur-lafrique-subsaharienne\/#article\",\"isPartOf\":{\"@id\":\"https:\/\/kapitalis.com\/tunisie\/2017\/03\/09\/attijari-bank-parie-sur-lafrique-subsaharienne\/\"},\"author\":{\"name\":\"zohra abid\",\"@id\":\"https:\/\/kapitalis.com\/tunisie\/#\/schema\/person\/6fc2988ceb6eacf6836db1d8360b4912\"},\"headline\":\"Attijari bank\u00a0parie sur l\u2019Afrique subsaharienne\",\"datePublished\":\"2017-03-09T12:03:55+00:00\",\"dateModified\":\"2017-03-09T14:12:13+00:00\",\"mainEntityOfPage\":{\"@id\":\"https:\/\/kapitalis.com\/tunisie\/2017\/03\/09\/attijari-bank-parie-sur-lafrique-subsaharienne\/\"},\"wordCount\":959,\"commentCount\":1,\"publisher\":{\"@id\":\"https:\/\/kapitalis.com\/tunisie\/#organization\"},\"image\":{\"@id\":\"https:\/\/kapitalis.com\/tunisie\/2017\/03\/09\/attijari-bank-parie-sur-lafrique-subsaharienne\/#primaryimage\"},\"thumbnailUrl\":\"\",\"keywords\":[\"afrique subsaharienne\",\"Attijari Bank\",\"Attijariwafa bank\",\"Hicham Seffa\"],\"articleSection\":[\"A LA UNE\",\"ECONOMIE\",\"Tunisie\"],\"inLanguage\":\"fr-FR\",\"potentialAction\":[{\"@type\":\"CommentAction\",\"name\":\"Comment\",\"target\":[\"https:\/\/kapitalis.com\/tunisie\/2017\/03\/09\/attijari-bank-parie-sur-lafrique-subsaharienne\/#respond\"]}]},{\"@type\":\"WebPage\",\"@id\":\"https:\/\/kapitalis.com\/tunisie\/2017\/03\/09\/attijari-bank-parie-sur-lafrique-subsaharienne\/\",\"url\":\"https:\/\/kapitalis.com\/tunisie\/2017\/03\/09\/attijari-bank-parie-sur-lafrique-subsaharienne\/\",\"name\":\"Attijari bank\u00a0parie sur l\u2019Afrique subsaharienne - Kapitalis\",\"isPartOf\":{\"@id\":\"https:\/\/kapitalis.com\/tunisie\/#website\"},\"primaryImageOfPage\":{\"@id\":\"https:\/\/kapitalis.com\/tunisie\/2017\/03\/09\/attijari-bank-parie-sur-lafrique-subsaharienne\/#primaryimage\"},\"image\":{\"@id\":\"https:\/\/kapitalis.com\/tunisie\/2017\/03\/09\/attijari-bank-parie-sur-lafrique-subsaharienne\/#primaryimage\"},\"thumbnailUrl\":\"\",\"datePublished\":\"2017-03-09T12:03:55+00:00\",\"dateModified\":\"2017-03-09T14:12:13+00:00\",\"breadcrumb\":{\"@id\":\"https:\/\/kapitalis.com\/tunisie\/2017\/03\/09\/attijari-bank-parie-sur-lafrique-subsaharienne\/#breadcrumb\"},\"inLanguage\":\"fr-FR\",\"potentialAction\":[{\"@type\":\"ReadAction\",\"target\":[\"https:\/\/kapitalis.com\/tunisie\/2017\/03\/09\/attijari-bank-parie-sur-lafrique-subsaharienne\/\"]}]},{\"@type\":\"ImageObject\",\"inLanguage\":\"fr-FR\",\"@id\":\"https:\/\/kapitalis.com\/tunisie\/2017\/03\/09\/attijari-bank-parie-sur-lafrique-subsaharienne\/#primaryimage\",\"url\":\"\",\"contentUrl\":\"\"},{\"@type\":\"BreadcrumbList\",\"@id\":\"https:\/\/kapitalis.com\/tunisie\/2017\/03\/09\/attijari-bank-parie-sur-lafrique-subsaharienne\/#breadcrumb\",\"itemListElement\":[{\"@type\":\"ListItem\",\"position\":1,\"name\":\"Accueil\",\"item\":\"https:\/\/kapitalis.com\/tunisie\/\"},{\"@type\":\"ListItem\",\"position\":2,\"name\":\"Attijari bank\u00a0parie sur l\u2019Afrique subsaharienne\"}]},{\"@type\":\"WebSite\",\"@id\":\"https:\/\/kapitalis.com\/tunisie\/#website\",\"url\":\"https:\/\/kapitalis.com\/tunisie\/\",\"name\":\"Kapitalis\",\"description\":\"L&#039;actualit\u00e9 en Tunisie et dans le monde\",\"publisher\":{\"@id\":\"https:\/\/kapitalis.com\/tunisie\/#organization\"},\"potentialAction\":[{\"@type\":\"SearchAction\",\"target\":{\"@type\":\"EntryPoint\",\"urlTemplate\":\"https:\/\/kapitalis.com\/tunisie\/?s={search_term_string}\"},\"query-input\":{\"@type\":\"PropertyValueSpecification\",\"valueRequired\":true,\"valueName\":\"search_term_string\"}}],\"inLanguage\":\"fr-FR\"},{\"@type\":\"Organization\",\"@id\":\"https:\/\/kapitalis.com\/tunisie\/#organization\",\"name\":\"Kapitalis\",\"url\":\"https:\/\/kapitalis.com\/tunisie\/\",\"logo\":{\"@type\":\"ImageObject\",\"inLanguage\":\"fr-FR\",\"@id\":\"https:\/\/kapitalis.com\/tunisie\/#\/schema\/logo\/image\/\",\"url\":\"https:\/\/kapitalis.com\/tunisie\/wp-content\/uploads\/2022\/05\/Kapitalis-big-size.png\",\"contentUrl\":\"https:\/\/kapitalis.com\/tunisie\/wp-content\/uploads\/2022\/05\/Kapitalis-big-size.png\",\"width\":5000,\"height\":1500,\"caption\":\"Kapitalis\"},\"image\":{\"@id\":\"https:\/\/kapitalis.com\/tunisie\/#\/schema\/logo\/image\/\"},\"sameAs\":[\"https:\/\/www.facebook.com\/KapitalisInfo\/\",\"https:\/\/x.com\/KapitalisInfo\",\"https:\/\/www.youtube.com\/channel\/UC-yDYrHyfFBWWZaOw3FPg9Q\"]},{\"@type\":\"Person\",\"@id\":\"https:\/\/kapitalis.com\/tunisie\/#\/schema\/person\/6fc2988ceb6eacf6836db1d8360b4912\",\"name\":\"zohra abid\",\"url\":\"https:\/\/kapitalis.com\/tunisie\/author\/zohra-abid-2015\/\"}]}<\/script>\n<!-- \/ Yoast SEO plugin. -->","yoast_head_json":{"title":"Attijari bank\u00a0parie sur l\u2019Afrique subsaharienne - Kapitalis","robots":{"index":"index","follow":"follow","max-snippet":"max-snippet:-1","max-image-preview":"max-image-preview:large","max-video-preview":"max-video-preview:-1"},"canonical":"https:\/\/kapitalis.com\/tunisie\/2017\/03\/09\/attijari-bank-parie-sur-lafrique-subsaharienne\/","og_locale":"fr_FR","og_type":"article","og_title":"Attijari bank\u00a0parie sur l\u2019Afrique subsaharienne - Kapitalis","og_description":"Attijari bank met ses services et\u00a0ses r\u00e9seaux d&rsquo;affaires en\u00a0Afrique subsaharienne \u00e0 la disposition des entreprises tunisiennes cherchant \u00e0 aller vers cette nouvelle terre d&rsquo;opportunit\u00e9s. Par Zohra Abid","og_url":"https:\/\/kapitalis.com\/tunisie\/2017\/03\/09\/attijari-bank-parie-sur-lafrique-subsaharienne\/","og_site_name":"Kapitalis","article_publisher":"https:\/\/www.facebook.com\/KapitalisInfo\/","article_published_time":"2017-03-09T12:03:55+00:00","article_modified_time":"2017-03-09T14:12:13+00:00","og_image":[{"width":1200,"height":630,"url":"https:\/\/kapitalis.com\/tunisie\/wp-content\/uploads\/2022\/05\/kapitalis-logo-fb.png","type":"image\/png"}],"author":"zohra abid","twitter_card":"summary_large_image","twitter_creator":"@KapitalisInfo","twitter_site":"@KapitalisInfo","twitter_misc":{"\u00c9crit par":"zohra abid","Dur\u00e9e de lecture estim\u00e9e":"5 minutes"},"schema":{"@context":"https:\/\/schema.org","@graph":[{"@type":"Article","@id":"https:\/\/kapitalis.com\/tunisie\/2017\/03\/09\/attijari-bank-parie-sur-lafrique-subsaharienne\/#article","isPartOf":{"@id":"https:\/\/kapitalis.com\/tunisie\/2017\/03\/09\/attijari-bank-parie-sur-lafrique-subsaharienne\/"},"author":{"name":"zohra abid","@id":"https:\/\/kapitalis.com\/tunisie\/#\/schema\/person\/6fc2988ceb6eacf6836db1d8360b4912"},"headline":"Attijari bank\u00a0parie sur l\u2019Afrique subsaharienne","datePublished":"2017-03-09T12:03:55+00:00","dateModified":"2017-03-09T14:12:13+00:00","mainEntityOfPage":{"@id":"https:\/\/kapitalis.com\/tunisie\/2017\/03\/09\/attijari-bank-parie-sur-lafrique-subsaharienne\/"},"wordCount":959,"commentCount":1,"publisher":{"@id":"https:\/\/kapitalis.com\/tunisie\/#organization"},"image":{"@id":"https:\/\/kapitalis.com\/tunisie\/2017\/03\/09\/attijari-bank-parie-sur-lafrique-subsaharienne\/#primaryimage"},"thumbnailUrl":"","keywords":["afrique subsaharienne","Attijari Bank","Attijariwafa bank","Hicham Seffa"],"articleSection":["A LA UNE","ECONOMIE","Tunisie"],"inLanguage":"fr-FR","potentialAction":[{"@type":"CommentAction","name":"Comment","target":["https:\/\/kapitalis.com\/tunisie\/2017\/03\/09\/attijari-bank-parie-sur-lafrique-subsaharienne\/#respond"]}]},{"@type":"WebPage","@id":"https:\/\/kapitalis.com\/tunisie\/2017\/03\/09\/attijari-bank-parie-sur-lafrique-subsaharienne\/","url":"https:\/\/kapitalis.com\/tunisie\/2017\/03\/09\/attijari-bank-parie-sur-lafrique-subsaharienne\/","name":"Attijari bank\u00a0parie sur l\u2019Afrique subsaharienne - Kapitalis","isPartOf":{"@id":"https:\/\/kapitalis.com\/tunisie\/#website"},"primaryImageOfPage":{"@id":"https:\/\/kapitalis.com\/tunisie\/2017\/03\/09\/attijari-bank-parie-sur-lafrique-subsaharienne\/#primaryimage"},"image":{"@id":"https:\/\/kapitalis.com\/tunisie\/2017\/03\/09\/attijari-bank-parie-sur-lafrique-subsaharienne\/#primaryimage"},"thumbnailUrl":"","datePublished":"2017-03-09T12:03:55+00:00","dateModified":"2017-03-09T14:12:13+00:00","breadcrumb":{"@id":"https:\/\/kapitalis.com\/tunisie\/2017\/03\/09\/attijari-bank-parie-sur-lafrique-subsaharienne\/#breadcrumb"},"inLanguage":"fr-FR","potentialAction":[{"@type":"ReadAction","target":["https:\/\/kapitalis.com\/tunisie\/2017\/03\/09\/attijari-bank-parie-sur-lafrique-subsaharienne\/"]}]},{"@type":"ImageObject","inLanguage":"fr-FR","@id":"https:\/\/kapitalis.com\/tunisie\/2017\/03\/09\/attijari-bank-parie-sur-lafrique-subsaharienne\/#primaryimage","url":"","contentUrl":""},{"@type":"BreadcrumbList","@id":"https:\/\/kapitalis.com\/tunisie\/2017\/03\/09\/attijari-bank-parie-sur-lafrique-subsaharienne\/#breadcrumb","itemListElement":[{"@type":"ListItem","position":1,"name":"Accueil","item":"https:\/\/kapitalis.com\/tunisie\/"},{"@type":"ListItem","position":2,"name":"Attijari bank\u00a0parie sur l\u2019Afrique subsaharienne"}]},{"@type":"WebSite","@id":"https:\/\/kapitalis.com\/tunisie\/#website","url":"https:\/\/kapitalis.com\/tunisie\/","name":"Kapitalis","description":"L&#039;actualit\u00e9 en Tunisie et dans le monde","publisher":{"@id":"https:\/\/kapitalis.com\/tunisie\/#organization"},"potentialAction":[{"@type":"SearchAction","target":{"@type":"EntryPoint","urlTemplate":"https:\/\/kapitalis.com\/tunisie\/?s={search_term_string}"},"query-input":{"@type":"PropertyValueSpecification","valueRequired":true,"valueName":"search_term_string"}}],"inLanguage":"fr-FR"},{"@type":"Organization","@id":"https:\/\/kapitalis.com\/tunisie\/#organization","name":"Kapitalis","url":"https:\/\/kapitalis.com\/tunisie\/","logo":{"@type":"ImageObject","inLanguage":"fr-FR","@id":"https:\/\/kapitalis.com\/tunisie\/#\/schema\/logo\/image\/","url":"https:\/\/kapitalis.com\/tunisie\/wp-content\/uploads\/2022\/05\/Kapitalis-big-size.png","contentUrl":"https:\/\/kapitalis.com\/tunisie\/wp-content\/uploads\/2022\/05\/Kapitalis-big-size.png","width":5000,"height":1500,"caption":"Kapitalis"},"image":{"@id":"https:\/\/kapitalis.com\/tunisie\/#\/schema\/logo\/image\/"},"sameAs":["https:\/\/www.facebook.com\/KapitalisInfo\/","https:\/\/x.com\/KapitalisInfo","https:\/\/www.youtube.com\/channel\/UC-yDYrHyfFBWWZaOw3FPg9Q"]},{"@type":"Person","@id":"https:\/\/kapitalis.com\/tunisie\/#\/schema\/person\/6fc2988ceb6eacf6836db1d8360b4912","name":"zohra abid","url":"https:\/\/kapitalis.com\/tunisie\/author\/zohra-abid-2015\/"}]}},"_links":{"self":[{"href":"https:\/\/kapitalis.com\/tunisie\/wp-json\/wp\/v2\/posts\/86104","targetHints":{"allow":["GET"]}}],"collection":[{"href":"https:\/\/kapitalis.com\/tunisie\/wp-json\/wp\/v2\/posts"}],"about":[{"href":"https:\/\/kapitalis.com\/tunisie\/wp-json\/wp\/v2\/types\/post"}],"author":[{"embeddable":true,"href":"https:\/\/kapitalis.com\/tunisie\/wp-json\/wp\/v2\/users\/7"}],"replies":[{"embeddable":true,"href":"https:\/\/kapitalis.com\/tunisie\/wp-json\/wp\/v2\/comments?post=86104"}],"version-history":[{"count":0,"href":"https:\/\/kapitalis.com\/tunisie\/wp-json\/wp\/v2\/posts\/86104\/revisions"}],"wp:featuredmedia":[{"embeddable":true,"href":"https:\/\/kapitalis.com\/tunisie\/wp-json\/wp\/v2\/media\/86155"}],"wp:attachment":[{"href":"https:\/\/kapitalis.com\/tunisie\/wp-json\/wp\/v2\/media?parent=86104"}],"wp:term":[{"taxonomy":"category","embeddable":true,"href":"https:\/\/kapitalis.com\/tunisie\/wp-json\/wp\/v2\/categories?post=86104"},{"taxonomy":"post_tag","embeddable":true,"href":"https:\/\/kapitalis.com\/tunisie\/wp-json\/wp\/v2\/tags?post=86104"}],"curies":[{"name":"wp","href":"https:\/\/api.w.org\/{rel}","templated":true}]}}