{"id":8616636,"date":"2023-06-30T18:39:28","date_gmt":"2023-06-30T17:39:28","guid":{"rendered":"https:\/\/kapitalis.com\/tunisie\/?p=8616636"},"modified":"2023-06-30T18:41:16","modified_gmt":"2023-06-30T17:41:16","slug":"nejib-chebbi-empeche-de-rendre-visite-a-son-frere-issam-chebbi-a-la-prison-de-la-mornaguia","status":"publish","type":"post","link":"https:\/\/kapitalis.com\/tunisie\/2023\/06\/30\/nejib-chebbi-empeche-de-rendre-visite-a-son-frere-issam-chebbi-a-la-prison-de-la-mornaguia\/","title":{"rendered":"Nejib Chebbi emp\u00each\u00e9 de rendre visite \u00e0 son fr\u00e8re Issam Chebbi \u00e0 la prison de la Mornaguia"},"content":{"rendered":"\n<p><em><strong>Le dirigeant du Front du salut national (FSN) Ahmed Nejib Chebbi a annonc\u00e9, ce vendredi 30 juin 2023, avoir \u00e9t\u00e9 emp\u00each\u00e9, hier, de rendre visite \u00e0 son fr\u00e8re Issam Chebbi \u00e0 la prison de la Mornaguia.<\/strong><\/em><\/p>\n\n\n\n<!--more-->\n\n\n\n<p>Ahmed Nejib Chebbi a rappel\u00e9 que le parloir est permis une fois par semaine et que seules deux personnes de la famille sont autoris\u00e9es pour chaque visite, en affirmant que son tour est arriv\u00e9 et qu&rsquo;il s&rsquo;est alors rendu hier matin \u00e0 la prison afin de rendre visite \u00e0 son fr\u00e8re.<\/p>\n\n\n\n<p><em>\u00abApr\u00e8s avoir fait la queue pendant des heures sous un soleil de plomb avec l&rsquo;\u00e9pouse de mon fr\u00e8re pour lui donner le couffin, nous avons \u00e0 nouveau fait la queue pendant des heures pour l&rsquo;enregistrement sur la liste des visiteurs parmi les dizaines qui attendaient de voir les leurs sous cette chaleur exceptionnelle. Une fois arriv\u00e9s, nous avons \u00e9t\u00e9 refoul\u00e9s sous pr\u00e9texte que Issam Chebbi avait d\u00e9j\u00e0 b\u00e9n\u00e9fici\u00e9 de la visite de l\u2019A\u00efd<\/em>\u00bb, a-t-il d\u00e9plor\u00e9, estimant que celle-ci s&rsquo;inscrit dans le cadre d&rsquo;une visite exceptionnelle et n&rsquo;annule donc pas le parloir hebdomadaire.<\/p>\n\n\n\n<p>Et d&rsquo;ajouter : \u00ab<em>Nous sommes all\u00e9s au bureau des relations avec les citoyens pour nous plaindre de cette situation humiliante et inhumaine\u2026 Toutefois malgr\u00e9 la courtoisie de la personne de l&rsquo;accueil, nous n&rsquo;avons eu aucune r\u00e9ponse, aucune explication\u2026.\u00bb<\/em><\/p>\n\n\n\n<p>Ahmed Nejib Chebbi a \u00e9galement indiqu\u00e9 que son fr\u00e8re est priv\u00e9 d&rsquo;eau pour le 9e jour cons\u00e9cutif <em>: \u00abNous voulions rencontrer le directeur de la prison pour en savoir plus. Un agent arm\u00e9 nous a intercept\u00e9s pour dire qu&rsquo;aujourd&rsquo;hui est un jour f\u00e9ri\u00e9 et que le directeur n&rsquo;est donc pas pr\u00e9sent\u2026 Aupr\u00e8s de qui dois-je porter plainte aupr\u00e8s de l&rsquo;administration de mon pays ?? Au pouvoir politique qui nous asservit ?\u00bb<\/em>, a-t-il encore d\u00e9plor\u00e9.<\/p>\n\n\n\n<p>Rappelons que Issam Chebbi a \u00e9t\u00e9 arr\u00eat\u00e9 et plac\u00e9 en d\u00e9tention en f\u00e9vrier dernier, dans le cadre de l&rsquo;affaire dite de complot contre la s\u00fbret\u00e9 de l&rsquo;Etat. Il nie tout lien dans cette affaire et crie \u00e0 l&rsquo;injustice, tout en d\u00e9non\u00e7ant un acharnement contre les opposants politiques.<\/p>\n\n\n\n<p class=\"has-text-align-right\"><strong>Y. N.<\/strong><\/p>\n","protected":false},"excerpt":{"rendered":"<p>Nejib Chebbi emp\u00each\u00e9 de rendre visite \u00e0 son fr\u00e8re Issam Chebbi \u00e0 la prison de la Mornaguia<\/p>\n","protected":false},"author":6,"featured_media":7754759,"comment_status":"open","ping_status":"open","sticky":false,"template":"","format":"standard","meta":{"footnotes":""},"categories":[997,2433],"tags":[109627,3291,8314,1315,109629,1314,62643],"class_list":["post-8616636","post","type-post","status-publish","format-standard","has-post-thumbnail","hentry","category-politique","category-tunisie","tag-ahmed-nejib-chebbin","tag-aid","tag-issam-chebbi","tag-mornaguia","tag-parloir","tag-prison","tag-tunisie"],"yoast_head":"<!-- This site is optimized with the Yoast SEO plugin v26.6 - https:\/\/yoast.com\/wordpress\/plugins\/seo\/ -->\n<title>Nejib Chebbi emp\u00each\u00e9 de rendre visite \u00e0 son fr\u00e8re Issam Chebbi \u00e0 la prison de la Mornaguia - Kapitalis<\/title>\n<meta name=\"description\" content=\"Le dirigeant du Front du salut national (FSN) Ahmed Nejib Chebbi a annonc\u00e9, ce vendredi 30 juin 2023, avoir \u00e9t\u00e9 emp\u00each\u00e9, hier, de rendre visite \u00e0 son fr\u00e8re Issam Chebbi \u00e0 la prison de la Mornaguia.\" \/>\n<meta name=\"robots\" content=\"index, follow, max-snippet:-1, max-image-preview:large, max-video-preview:-1\" \/>\n<link rel=\"canonical\" href=\"https:\/\/kapitalis.com\/tunisie\/2023\/06\/30\/nejib-chebbi-empeche-de-rendre-visite-a-son-frere-issam-chebbi-a-la-prison-de-la-mornaguia\/\" \/>\n<meta property=\"og:locale\" content=\"fr_FR\" \/>\n<meta property=\"og:type\" content=\"article\" \/>\n<meta property=\"og:title\" content=\"Nejib Chebbi emp\u00each\u00e9 de rendre visite \u00e0 son fr\u00e8re Issam Chebbi \u00e0 la prison de la Mornaguia - Kapitalis\" \/>\n<meta property=\"og:description\" content=\"Le dirigeant du Front du salut national (FSN) Ahmed Nejib Chebbi a annonc\u00e9, ce vendredi 30 juin 2023, avoir \u00e9t\u00e9 emp\u00each\u00e9, hier, de rendre visite \u00e0 son fr\u00e8re Issam Chebbi \u00e0 la prison de la Mornaguia.\" \/>\n<meta property=\"og:url\" content=\"https:\/\/kapitalis.com\/tunisie\/2023\/06\/30\/nejib-chebbi-empeche-de-rendre-visite-a-son-frere-issam-chebbi-a-la-prison-de-la-mornaguia\/\" \/>\n<meta property=\"og:site_name\" content=\"Kapitalis\" \/>\n<meta property=\"article:publisher\" content=\"https:\/\/www.facebook.com\/KapitalisInfo\/\" \/>\n<meta property=\"article:published_time\" content=\"2023-06-30T17:39:28+00:00\" \/>\n<meta property=\"article:modified_time\" content=\"2023-06-30T17:41:16+00:00\" \/>\n<meta property=\"og:image\" content=\"https:\/\/kapitalis.com\/tunisie\/wp-content\/uploads\/2023\/05\/Ahmed-Nejib-Chebbi.jpg\" \/>\n\t<meta property=\"og:image:width\" content=\"1200\" \/>\n\t<meta property=\"og:image:height\" content=\"630\" \/>\n\t<meta property=\"og:image:type\" content=\"image\/jpeg\" \/>\n<meta name=\"author\" content=\"Yusra NY\" \/>\n<meta name=\"twitter:card\" content=\"summary_large_image\" \/>\n<meta name=\"twitter:creator\" content=\"@KapitalisInfo\" \/>\n<meta name=\"twitter:site\" content=\"@KapitalisInfo\" \/>\n<meta name=\"twitter:label1\" content=\"\u00c9crit par\" \/>\n\t<meta name=\"twitter:data1\" content=\"Yusra NY\" \/>\n\t<meta name=\"twitter:label2\" content=\"Dur\u00e9e de lecture estim\u00e9e\" \/>\n\t<meta name=\"twitter:data2\" content=\"2 minutes\" \/>\n<script type=\"application\/ld+json\" class=\"yoast-schema-graph\">{\"@context\":\"https:\/\/schema.org\",\"@graph\":[{\"@type\":\"Article\",\"@id\":\"https:\/\/kapitalis.com\/tunisie\/2023\/06\/30\/nejib-chebbi-empeche-de-rendre-visite-a-son-frere-issam-chebbi-a-la-prison-de-la-mornaguia\/#article\",\"isPartOf\":{\"@id\":\"https:\/\/kapitalis.com\/tunisie\/2023\/06\/30\/nejib-chebbi-empeche-de-rendre-visite-a-son-frere-issam-chebbi-a-la-prison-de-la-mornaguia\/\"},\"author\":{\"name\":\"Yusra NY\",\"@id\":\"https:\/\/kapitalis.com\/tunisie\/#\/schema\/person\/74bbde0154d49d790a92aaeac5bc01d5\"},\"headline\":\"Nejib Chebbi emp\u00each\u00e9 de rendre visite \u00e0 son fr\u00e8re Issam Chebbi \u00e0 la prison de la Mornaguia\",\"datePublished\":\"2023-06-30T17:39:28+00:00\",\"dateModified\":\"2023-06-30T17:41:16+00:00\",\"mainEntityOfPage\":{\"@id\":\"https:\/\/kapitalis.com\/tunisie\/2023\/06\/30\/nejib-chebbi-empeche-de-rendre-visite-a-son-frere-issam-chebbi-a-la-prison-de-la-mornaguia\/\"},\"wordCount\":377,\"commentCount\":0,\"publisher\":{\"@id\":\"https:\/\/kapitalis.com\/tunisie\/#organization\"},\"image\":{\"@id\":\"https:\/\/kapitalis.com\/tunisie\/2023\/06\/30\/nejib-chebbi-empeche-de-rendre-visite-a-son-frere-issam-chebbi-a-la-prison-de-la-mornaguia\/#primaryimage\"},\"thumbnailUrl\":\"https:\/\/kapitalis.com\/tunisie\/wp-content\/uploads\/2023\/05\/Ahmed-Nejib-Chebbi.jpg\",\"keywords\":[\"Ahmed Nejib Chebbin\",\"A\u00efd\",\"Issam Chebbi\",\"Mornaguia\",\"parloir\",\"prison\",\"Tunisie\"],\"articleSection\":[\"POLITIQUE\",\"Tunisie\"],\"inLanguage\":\"fr-FR\",\"potentialAction\":[{\"@type\":\"CommentAction\",\"name\":\"Comment\",\"target\":[\"https:\/\/kapitalis.com\/tunisie\/2023\/06\/30\/nejib-chebbi-empeche-de-rendre-visite-a-son-frere-issam-chebbi-a-la-prison-de-la-mornaguia\/#respond\"]}]},{\"@type\":\"WebPage\",\"@id\":\"https:\/\/kapitalis.com\/tunisie\/2023\/06\/30\/nejib-chebbi-empeche-de-rendre-visite-a-son-frere-issam-chebbi-a-la-prison-de-la-mornaguia\/\",\"url\":\"https:\/\/kapitalis.com\/tunisie\/2023\/06\/30\/nejib-chebbi-empeche-de-rendre-visite-a-son-frere-issam-chebbi-a-la-prison-de-la-mornaguia\/\",\"name\":\"Nejib Chebbi emp\u00each\u00e9 de rendre visite \u00e0 son fr\u00e8re Issam Chebbi \u00e0 la prison de la Mornaguia - Kapitalis\",\"isPartOf\":{\"@id\":\"https:\/\/kapitalis.com\/tunisie\/#website\"},\"primaryImageOfPage\":{\"@id\":\"https:\/\/kapitalis.com\/tunisie\/2023\/06\/30\/nejib-chebbi-empeche-de-rendre-visite-a-son-frere-issam-chebbi-a-la-prison-de-la-mornaguia\/#primaryimage\"},\"image\":{\"@id\":\"https:\/\/kapitalis.com\/tunisie\/2023\/06\/30\/nejib-chebbi-empeche-de-rendre-visite-a-son-frere-issam-chebbi-a-la-prison-de-la-mornaguia\/#primaryimage\"},\"thumbnailUrl\":\"https:\/\/kapitalis.com\/tunisie\/wp-content\/uploads\/2023\/05\/Ahmed-Nejib-Chebbi.jpg\",\"datePublished\":\"2023-06-30T17:39:28+00:00\",\"dateModified\":\"2023-06-30T17:41:16+00:00\",\"description\":\"Le dirigeant du Front du salut national (FSN) Ahmed Nejib Chebbi a annonc\u00e9, ce vendredi 30 juin 2023, avoir \u00e9t\u00e9 emp\u00each\u00e9, hier, de rendre visite \u00e0 son fr\u00e8re Issam Chebbi \u00e0 la prison de la Mornaguia.\",\"breadcrumb\":{\"@id\":\"https:\/\/kapitalis.com\/tunisie\/2023\/06\/30\/nejib-chebbi-empeche-de-rendre-visite-a-son-frere-issam-chebbi-a-la-prison-de-la-mornaguia\/#breadcrumb\"},\"inLanguage\":\"fr-FR\",\"potentialAction\":[{\"@type\":\"ReadAction\",\"target\":[\"https:\/\/kapitalis.com\/tunisie\/2023\/06\/30\/nejib-chebbi-empeche-de-rendre-visite-a-son-frere-issam-chebbi-a-la-prison-de-la-mornaguia\/\"]}]},{\"@type\":\"ImageObject\",\"inLanguage\":\"fr-FR\",\"@id\":\"https:\/\/kapitalis.com\/tunisie\/2023\/06\/30\/nejib-chebbi-empeche-de-rendre-visite-a-son-frere-issam-chebbi-a-la-prison-de-la-mornaguia\/#primaryimage\",\"url\":\"https:\/\/kapitalis.com\/tunisie\/wp-content\/uploads\/2023\/05\/Ahmed-Nejib-Chebbi.jpg\",\"contentUrl\":\"https:\/\/kapitalis.com\/tunisie\/wp-content\/uploads\/2023\/05\/Ahmed-Nejib-Chebbi.jpg\",\"width\":1200,\"height\":630},{\"@type\":\"BreadcrumbList\",\"@id\":\"https:\/\/kapitalis.com\/tunisie\/2023\/06\/30\/nejib-chebbi-empeche-de-rendre-visite-a-son-frere-issam-chebbi-a-la-prison-de-la-mornaguia\/#breadcrumb\",\"itemListElement\":[{\"@type\":\"ListItem\",\"position\":1,\"name\":\"Accueil\",\"item\":\"https:\/\/kapitalis.com\/tunisie\/\"},{\"@type\":\"ListItem\",\"position\":2,\"name\":\"Nejib Chebbi emp\u00each\u00e9 de rendre visite \u00e0 son fr\u00e8re Issam Chebbi \u00e0 la prison de la Mornaguia\"}]},{\"@type\":\"WebSite\",\"@id\":\"https:\/\/kapitalis.com\/tunisie\/#website\",\"url\":\"https:\/\/kapitalis.com\/tunisie\/\",\"name\":\"Kapitalis\",\"description\":\"L&#039;actualit\u00e9 en Tunisie et dans le monde\",\"publisher\":{\"@id\":\"https:\/\/kapitalis.com\/tunisie\/#organization\"},\"potentialAction\":[{\"@type\":\"SearchAction\",\"target\":{\"@type\":\"EntryPoint\",\"urlTemplate\":\"https:\/\/kapitalis.com\/tunisie\/?s={search_term_string}\"},\"query-input\":{\"@type\":\"PropertyValueSpecification\",\"valueRequired\":true,\"valueName\":\"search_term_string\"}}],\"inLanguage\":\"fr-FR\"},{\"@type\":\"Organization\",\"@id\":\"https:\/\/kapitalis.com\/tunisie\/#organization\",\"name\":\"Kapitalis\",\"url\":\"https:\/\/kapitalis.com\/tunisie\/\",\"logo\":{\"@type\":\"ImageObject\",\"inLanguage\":\"fr-FR\",\"@id\":\"https:\/\/kapitalis.com\/tunisie\/#\/schema\/logo\/image\/\",\"url\":\"https:\/\/kapitalis.com\/tunisie\/wp-content\/uploads\/2022\/05\/Kapitalis-big-size.png\",\"contentUrl\":\"https:\/\/kapitalis.com\/tunisie\/wp-content\/uploads\/2022\/05\/Kapitalis-big-size.png\",\"width\":5000,\"height\":1500,\"caption\":\"Kapitalis\"},\"image\":{\"@id\":\"https:\/\/kapitalis.com\/tunisie\/#\/schema\/logo\/image\/\"},\"sameAs\":[\"https:\/\/www.facebook.com\/KapitalisInfo\/\",\"https:\/\/x.com\/KapitalisInfo\",\"https:\/\/www.youtube.com\/channel\/UC-yDYrHyfFBWWZaOw3FPg9Q\"]},{\"@type\":\"Person\",\"@id\":\"https:\/\/kapitalis.com\/tunisie\/#\/schema\/person\/74bbde0154d49d790a92aaeac5bc01d5\",\"name\":\"Yusra NY\",\"url\":\"https:\/\/kapitalis.com\/tunisie\/author\/yuza_adam\/\"}]}<\/script>\n<!-- \/ Yoast SEO plugin. -->","yoast_head_json":{"title":"Nejib Chebbi emp\u00each\u00e9 de rendre visite \u00e0 son fr\u00e8re Issam Chebbi \u00e0 la prison de la Mornaguia - Kapitalis","description":"Le dirigeant du Front du salut national (FSN) Ahmed Nejib Chebbi a annonc\u00e9, ce vendredi 30 juin 2023, avoir \u00e9t\u00e9 emp\u00each\u00e9, hier, de rendre visite \u00e0 son fr\u00e8re Issam Chebbi \u00e0 la prison de la Mornaguia.","robots":{"index":"index","follow":"follow","max-snippet":"max-snippet:-1","max-image-preview":"max-image-preview:large","max-video-preview":"max-video-preview:-1"},"canonical":"https:\/\/kapitalis.com\/tunisie\/2023\/06\/30\/nejib-chebbi-empeche-de-rendre-visite-a-son-frere-issam-chebbi-a-la-prison-de-la-mornaguia\/","og_locale":"fr_FR","og_type":"article","og_title":"Nejib Chebbi emp\u00each\u00e9 de rendre visite \u00e0 son fr\u00e8re Issam Chebbi \u00e0 la prison de la Mornaguia - Kapitalis","og_description":"Le dirigeant du Front du salut national (FSN) Ahmed Nejib Chebbi a annonc\u00e9, ce vendredi 30 juin 2023, avoir \u00e9t\u00e9 emp\u00each\u00e9, hier, de rendre visite \u00e0 son fr\u00e8re Issam Chebbi \u00e0 la prison de la Mornaguia.","og_url":"https:\/\/kapitalis.com\/tunisie\/2023\/06\/30\/nejib-chebbi-empeche-de-rendre-visite-a-son-frere-issam-chebbi-a-la-prison-de-la-mornaguia\/","og_site_name":"Kapitalis","article_publisher":"https:\/\/www.facebook.com\/KapitalisInfo\/","article_published_time":"2023-06-30T17:39:28+00:00","article_modified_time":"2023-06-30T17:41:16+00:00","og_image":[{"width":1200,"height":630,"url":"https:\/\/kapitalis.com\/tunisie\/wp-content\/uploads\/2023\/05\/Ahmed-Nejib-Chebbi.jpg","type":"image\/jpeg"}],"author":"Yusra NY","twitter_card":"summary_large_image","twitter_creator":"@KapitalisInfo","twitter_site":"@KapitalisInfo","twitter_misc":{"\u00c9crit par":"Yusra NY","Dur\u00e9e de lecture estim\u00e9e":"2 minutes"},"schema":{"@context":"https:\/\/schema.org","@graph":[{"@type":"Article","@id":"https:\/\/kapitalis.com\/tunisie\/2023\/06\/30\/nejib-chebbi-empeche-de-rendre-visite-a-son-frere-issam-chebbi-a-la-prison-de-la-mornaguia\/#article","isPartOf":{"@id":"https:\/\/kapitalis.com\/tunisie\/2023\/06\/30\/nejib-chebbi-empeche-de-rendre-visite-a-son-frere-issam-chebbi-a-la-prison-de-la-mornaguia\/"},"author":{"name":"Yusra NY","@id":"https:\/\/kapitalis.com\/tunisie\/#\/schema\/person\/74bbde0154d49d790a92aaeac5bc01d5"},"headline":"Nejib Chebbi emp\u00each\u00e9 de rendre visite \u00e0 son fr\u00e8re Issam Chebbi \u00e0 la prison de la Mornaguia","datePublished":"2023-06-30T17:39:28+00:00","dateModified":"2023-06-30T17:41:16+00:00","mainEntityOfPage":{"@id":"https:\/\/kapitalis.com\/tunisie\/2023\/06\/30\/nejib-chebbi-empeche-de-rendre-visite-a-son-frere-issam-chebbi-a-la-prison-de-la-mornaguia\/"},"wordCount":377,"commentCount":0,"publisher":{"@id":"https:\/\/kapitalis.com\/tunisie\/#organization"},"image":{"@id":"https:\/\/kapitalis.com\/tunisie\/2023\/06\/30\/nejib-chebbi-empeche-de-rendre-visite-a-son-frere-issam-chebbi-a-la-prison-de-la-mornaguia\/#primaryimage"},"thumbnailUrl":"https:\/\/kapitalis.com\/tunisie\/wp-content\/uploads\/2023\/05\/Ahmed-Nejib-Chebbi.jpg","keywords":["Ahmed Nejib Chebbin","A\u00efd","Issam Chebbi","Mornaguia","parloir","prison","Tunisie"],"articleSection":["POLITIQUE","Tunisie"],"inLanguage":"fr-FR","potentialAction":[{"@type":"CommentAction","name":"Comment","target":["https:\/\/kapitalis.com\/tunisie\/2023\/06\/30\/nejib-chebbi-empeche-de-rendre-visite-a-son-frere-issam-chebbi-a-la-prison-de-la-mornaguia\/#respond"]}]},{"@type":"WebPage","@id":"https:\/\/kapitalis.com\/tunisie\/2023\/06\/30\/nejib-chebbi-empeche-de-rendre-visite-a-son-frere-issam-chebbi-a-la-prison-de-la-mornaguia\/","url":"https:\/\/kapitalis.com\/tunisie\/2023\/06\/30\/nejib-chebbi-empeche-de-rendre-visite-a-son-frere-issam-chebbi-a-la-prison-de-la-mornaguia\/","name":"Nejib Chebbi emp\u00each\u00e9 de rendre visite \u00e0 son fr\u00e8re Issam Chebbi \u00e0 la prison de la Mornaguia - Kapitalis","isPartOf":{"@id":"https:\/\/kapitalis.com\/tunisie\/#website"},"primaryImageOfPage":{"@id":"https:\/\/kapitalis.com\/tunisie\/2023\/06\/30\/nejib-chebbi-empeche-de-rendre-visite-a-son-frere-issam-chebbi-a-la-prison-de-la-mornaguia\/#primaryimage"},"image":{"@id":"https:\/\/kapitalis.com\/tunisie\/2023\/06\/30\/nejib-chebbi-empeche-de-rendre-visite-a-son-frere-issam-chebbi-a-la-prison-de-la-mornaguia\/#primaryimage"},"thumbnailUrl":"https:\/\/kapitalis.com\/tunisie\/wp-content\/uploads\/2023\/05\/Ahmed-Nejib-Chebbi.jpg","datePublished":"2023-06-30T17:39:28+00:00","dateModified":"2023-06-30T17:41:16+00:00","description":"Le dirigeant du Front du salut national (FSN) Ahmed Nejib Chebbi a annonc\u00e9, ce vendredi 30 juin 2023, avoir \u00e9t\u00e9 emp\u00each\u00e9, hier, de rendre visite \u00e0 son fr\u00e8re Issam Chebbi \u00e0 la prison de la Mornaguia.","breadcrumb":{"@id":"https:\/\/kapitalis.com\/tunisie\/2023\/06\/30\/nejib-chebbi-empeche-de-rendre-visite-a-son-frere-issam-chebbi-a-la-prison-de-la-mornaguia\/#breadcrumb"},"inLanguage":"fr-FR","potentialAction":[{"@type":"ReadAction","target":["https:\/\/kapitalis.com\/tunisie\/2023\/06\/30\/nejib-chebbi-empeche-de-rendre-visite-a-son-frere-issam-chebbi-a-la-prison-de-la-mornaguia\/"]}]},{"@type":"ImageObject","inLanguage":"fr-FR","@id":"https:\/\/kapitalis.com\/tunisie\/2023\/06\/30\/nejib-chebbi-empeche-de-rendre-visite-a-son-frere-issam-chebbi-a-la-prison-de-la-mornaguia\/#primaryimage","url":"https:\/\/kapitalis.com\/tunisie\/wp-content\/uploads\/2023\/05\/Ahmed-Nejib-Chebbi.jpg","contentUrl":"https:\/\/kapitalis.com\/tunisie\/wp-content\/uploads\/2023\/05\/Ahmed-Nejib-Chebbi.jpg","width":1200,"height":630},{"@type":"BreadcrumbList","@id":"https:\/\/kapitalis.com\/tunisie\/2023\/06\/30\/nejib-chebbi-empeche-de-rendre-visite-a-son-frere-issam-chebbi-a-la-prison-de-la-mornaguia\/#breadcrumb","itemListElement":[{"@type":"ListItem","position":1,"name":"Accueil","item":"https:\/\/kapitalis.com\/tunisie\/"},{"@type":"ListItem","position":2,"name":"Nejib Chebbi emp\u00each\u00e9 de rendre visite \u00e0 son fr\u00e8re Issam Chebbi \u00e0 la prison de la Mornaguia"}]},{"@type":"WebSite","@id":"https:\/\/kapitalis.com\/tunisie\/#website","url":"https:\/\/kapitalis.com\/tunisie\/","name":"Kapitalis","description":"L&#039;actualit\u00e9 en Tunisie et dans le monde","publisher":{"@id":"https:\/\/kapitalis.com\/tunisie\/#organization"},"potentialAction":[{"@type":"SearchAction","target":{"@type":"EntryPoint","urlTemplate":"https:\/\/kapitalis.com\/tunisie\/?s={search_term_string}"},"query-input":{"@type":"PropertyValueSpecification","valueRequired":true,"valueName":"search_term_string"}}],"inLanguage":"fr-FR"},{"@type":"Organization","@id":"https:\/\/kapitalis.com\/tunisie\/#organization","name":"Kapitalis","url":"https:\/\/kapitalis.com\/tunisie\/","logo":{"@type":"ImageObject","inLanguage":"fr-FR","@id":"https:\/\/kapitalis.com\/tunisie\/#\/schema\/logo\/image\/","url":"https:\/\/kapitalis.com\/tunisie\/wp-content\/uploads\/2022\/05\/Kapitalis-big-size.png","contentUrl":"https:\/\/kapitalis.com\/tunisie\/wp-content\/uploads\/2022\/05\/Kapitalis-big-size.png","width":5000,"height":1500,"caption":"Kapitalis"},"image":{"@id":"https:\/\/kapitalis.com\/tunisie\/#\/schema\/logo\/image\/"},"sameAs":["https:\/\/www.facebook.com\/KapitalisInfo\/","https:\/\/x.com\/KapitalisInfo","https:\/\/www.youtube.com\/channel\/UC-yDYrHyfFBWWZaOw3FPg9Q"]},{"@type":"Person","@id":"https:\/\/kapitalis.com\/tunisie\/#\/schema\/person\/74bbde0154d49d790a92aaeac5bc01d5","name":"Yusra NY","url":"https:\/\/kapitalis.com\/tunisie\/author\/yuza_adam\/"}]}},"_links":{"self":[{"href":"https:\/\/kapitalis.com\/tunisie\/wp-json\/wp\/v2\/posts\/8616636","targetHints":{"allow":["GET"]}}],"collection":[{"href":"https:\/\/kapitalis.com\/tunisie\/wp-json\/wp\/v2\/posts"}],"about":[{"href":"https:\/\/kapitalis.com\/tunisie\/wp-json\/wp\/v2\/types\/post"}],"author":[{"embeddable":true,"href":"https:\/\/kapitalis.com\/tunisie\/wp-json\/wp\/v2\/users\/6"}],"replies":[{"embeddable":true,"href":"https:\/\/kapitalis.com\/tunisie\/wp-json\/wp\/v2\/comments?post=8616636"}],"version-history":[{"count":2,"href":"https:\/\/kapitalis.com\/tunisie\/wp-json\/wp\/v2\/posts\/8616636\/revisions"}],"predecessor-version":[{"id":8617652,"href":"https:\/\/kapitalis.com\/tunisie\/wp-json\/wp\/v2\/posts\/8616636\/revisions\/8617652"}],"wp:featuredmedia":[{"embeddable":true,"href":"https:\/\/kapitalis.com\/tunisie\/wp-json\/wp\/v2\/media\/7754759"}],"wp:attachment":[{"href":"https:\/\/kapitalis.com\/tunisie\/wp-json\/wp\/v2\/media?parent=8616636"}],"wp:term":[{"taxonomy":"category","embeddable":true,"href":"https:\/\/kapitalis.com\/tunisie\/wp-json\/wp\/v2\/categories?post=8616636"},{"taxonomy":"post_tag","embeddable":true,"href":"https:\/\/kapitalis.com\/tunisie\/wp-json\/wp\/v2\/tags?post=8616636"}],"curies":[{"name":"wp","href":"https:\/\/api.w.org\/{rel}","templated":true}]}}