{"id":8621811,"date":"2023-06-30T22:58:54","date_gmt":"2023-06-30T21:58:54","guid":{"rendered":"https:\/\/kapitalis.com\/tunisie\/?p=8621811"},"modified":"2023-06-30T23:00:47","modified_gmt":"2023-06-30T22:00:47","slug":"mylene-ben-hamida-decoree-des-insignes-de-lordre-national-du-merite-ambassade-de-france","status":"publish","type":"post","link":"https:\/\/kapitalis.com\/tunisie\/2023\/06\/30\/mylene-ben-hamida-decoree-des-insignes-de-lordre-national-du-merite-ambassade-de-france\/","title":{"rendered":"Myl\u00e8ne Ben Hamida d\u00e9cor\u00e9e des insignes de l\u2019Ordre national du M\u00e9rite (Ambassade de France)"},"content":{"rendered":"\n<p><strong><em>L&rsquo;ambassade de France en Tunisie a annonc\u00e9, ce vendredi 30 juin 2023, que l&rsquo;ambassadeur Andr\u00e9 Parant a remis les insignes de l\u2019Ordre national du M\u00e9rite \u00e0 Myl\u00e8ne Ben Hamida<\/em><\/strong><\/p>\n\n\n\n<!--more-->\n\n\n\n<p>\u00ab<em>Cet hommage couronne des ann\u00e9es d\u2019engagement social et citoyen d\u2019une m\u00e9decin engag\u00e9e pour le d\u00e9veloppement de l\u2019amiti\u00e9 franco-tunisienne\u00bb,<\/em> lit-on dans la note, diffus\u00e9e, ce jour par l&rsquo;ambassade.<\/p>\n\n\n\n<p>Une c\u00e9r\u00e9monie avait \u00e9t\u00e9 organis\u00e9e le 27 juin \u00e0 cet effet et l&rsquo;ambassadeur avait alors exprim\u00e9 sa fiert\u00e9 de remettre l&rsquo;Ordre National du M\u00e9rite \u00e0 Myl\u00e8ne Ben Hamida, \u00ab<em>en reconnaissance de son engagement humaniste et citoyen, au service des autres et de l&rsquo;amiti\u00e9<\/em> \ud83c\udde8\ud83c\uddf5\ud83c\uddf9\ud83c\uddf3.\u00bb, avait-il soulign\u00e9.<\/p>\n\n\n\n<p><em>\u00abQuel honneur! Tr\u00e8s \u00e9mue et reconnaissante. Une remise d\u2019insigne qui restera un grand grand souvenir pour moi. Un moment inoubliable, entour\u00e9e des personnes ch\u00e8res \u00e0 mon c\u0153ur. Famille, amis, et ceux qui ont marqu\u00e9 ma vie professionnelle, un immense merci d\u2019avoir \u00e9t\u00e9 l\u00e0. Et un honneur d\u2019avoir \u00e9t\u00e9 d\u00e9cor\u00e9e par vous, cher Andr\u00e9 Parant<\/em>\u00bb, a comment\u00e9, de son c\u00f4t\u00e9 Myl\u00e8ne Ben Hamida.<\/p>\n\n\n\n<p class=\"has-text-align-right\"><strong>Y. N.<\/strong><\/p>\n","protected":false},"excerpt":{"rendered":"<p>Myl\u00e8ne Ben Hamida d\u00e9cor\u00e9e des insignes de l\u2019Ordre national du M\u00e9rite (Ambassade de France)<\/p>\n","protected":false},"author":6,"featured_media":8621887,"comment_status":"open","ping_status":"open","sticky":false,"template":"","format":"standard","meta":{"footnotes":""},"categories":[998,2433],"tags":[97638,81251,109631,62643],"class_list":["post-8621811","post","type-post","status-publish","format-standard","has-post-thumbnail","hentry","category-societe","category-tunisie","tag-ambassade-de-france","tag-andre-parant","tag-mylene-ben-hamida","tag-tunisie"],"yoast_head":"<!-- This site is optimized with the Yoast SEO plugin v26.6 - https:\/\/yoast.com\/wordpress\/plugins\/seo\/ -->\n<title>Myl\u00e8ne Ben Hamida d\u00e9cor\u00e9e des insignes de l\u2019Ordre national du M\u00e9rite (Ambassade de France) - Kapitalis<\/title>\n<meta name=\"description\" content=\"L&#039;ambassade de France en Tunisie a annonc\u00e9, ce vendredi 30 juin 2023, que l&#039;ambassadeur Andr\u00e9 Parant a remis les insignes de l\u2019Ordre national du M\u00e9rite \u00e0 Myl\u00e8ne Ben Hamida\" \/>\n<meta name=\"robots\" content=\"index, follow, max-snippet:-1, max-image-preview:large, max-video-preview:-1\" \/>\n<link rel=\"canonical\" href=\"https:\/\/kapitalis.com\/tunisie\/2023\/06\/30\/mylene-ben-hamida-decoree-des-insignes-de-lordre-national-du-merite-ambassade-de-france\/\" \/>\n<meta property=\"og:locale\" content=\"fr_FR\" \/>\n<meta property=\"og:type\" content=\"article\" \/>\n<meta property=\"og:title\" content=\"Myl\u00e8ne Ben Hamida d\u00e9cor\u00e9e des insignes de l\u2019Ordre national du M\u00e9rite (Ambassade de France) - Kapitalis\" \/>\n<meta property=\"og:description\" content=\"L&#039;ambassade de France en Tunisie a annonc\u00e9, ce vendredi 30 juin 2023, que l&#039;ambassadeur Andr\u00e9 Parant a remis les insignes de l\u2019Ordre national du M\u00e9rite \u00e0 Myl\u00e8ne Ben Hamida\" \/>\n<meta property=\"og:url\" content=\"https:\/\/kapitalis.com\/tunisie\/2023\/06\/30\/mylene-ben-hamida-decoree-des-insignes-de-lordre-national-du-merite-ambassade-de-france\/\" \/>\n<meta property=\"og:site_name\" content=\"Kapitalis\" \/>\n<meta property=\"article:publisher\" content=\"https:\/\/www.facebook.com\/KapitalisInfo\/\" \/>\n<meta property=\"article:published_time\" content=\"2023-06-30T21:58:54+00:00\" \/>\n<meta property=\"article:modified_time\" content=\"2023-06-30T22:00:47+00:00\" \/>\n<meta property=\"og:image\" content=\"https:\/\/kapitalis.com\/tunisie\/wp-content\/uploads\/2023\/06\/Mylene-Ben-Hamida.jpg\" \/>\n\t<meta property=\"og:image:width\" content=\"1200\" \/>\n\t<meta property=\"og:image:height\" content=\"630\" \/>\n\t<meta property=\"og:image:type\" content=\"image\/jpeg\" \/>\n<meta name=\"author\" content=\"Yusra NY\" \/>\n<meta name=\"twitter:card\" content=\"summary_large_image\" \/>\n<meta name=\"twitter:creator\" content=\"@KapitalisInfo\" \/>\n<meta name=\"twitter:site\" content=\"@KapitalisInfo\" \/>\n<meta name=\"twitter:label1\" content=\"\u00c9crit par\" \/>\n\t<meta name=\"twitter:data1\" content=\"Yusra NY\" \/>\n\t<meta name=\"twitter:label2\" content=\"Dur\u00e9e de lecture estim\u00e9e\" \/>\n\t<meta name=\"twitter:data2\" content=\"1 minute\" \/>\n<script type=\"application\/ld+json\" class=\"yoast-schema-graph\">{\"@context\":\"https:\/\/schema.org\",\"@graph\":[{\"@type\":\"Article\",\"@id\":\"https:\/\/kapitalis.com\/tunisie\/2023\/06\/30\/mylene-ben-hamida-decoree-des-insignes-de-lordre-national-du-merite-ambassade-de-france\/#article\",\"isPartOf\":{\"@id\":\"https:\/\/kapitalis.com\/tunisie\/2023\/06\/30\/mylene-ben-hamida-decoree-des-insignes-de-lordre-national-du-merite-ambassade-de-france\/\"},\"author\":{\"name\":\"Yusra NY\",\"@id\":\"https:\/\/kapitalis.com\/tunisie\/#\/schema\/person\/74bbde0154d49d790a92aaeac5bc01d5\"},\"headline\":\"Myl\u00e8ne Ben Hamida d\u00e9cor\u00e9e des insignes de l\u2019Ordre national du M\u00e9rite (Ambassade de France)\",\"datePublished\":\"2023-06-30T21:58:54+00:00\",\"dateModified\":\"2023-06-30T22:00:47+00:00\",\"mainEntityOfPage\":{\"@id\":\"https:\/\/kapitalis.com\/tunisie\/2023\/06\/30\/mylene-ben-hamida-decoree-des-insignes-de-lordre-national-du-merite-ambassade-de-france\/\"},\"wordCount\":204,\"commentCount\":1,\"publisher\":{\"@id\":\"https:\/\/kapitalis.com\/tunisie\/#organization\"},\"image\":{\"@id\":\"https:\/\/kapitalis.com\/tunisie\/2023\/06\/30\/mylene-ben-hamida-decoree-des-insignes-de-lordre-national-du-merite-ambassade-de-france\/#primaryimage\"},\"thumbnailUrl\":\"https:\/\/kapitalis.com\/tunisie\/wp-content\/uploads\/2023\/06\/Mylene-Ben-Hamida.jpg\",\"keywords\":[\"Ambassade de France\",\"Andr\u00e9 Parant\",\"Myl\u00e8ne Ben Hamida\",\"Tunisie\"],\"articleSection\":[\"SOCIETE\",\"Tunisie\"],\"inLanguage\":\"fr-FR\",\"potentialAction\":[{\"@type\":\"CommentAction\",\"name\":\"Comment\",\"target\":[\"https:\/\/kapitalis.com\/tunisie\/2023\/06\/30\/mylene-ben-hamida-decoree-des-insignes-de-lordre-national-du-merite-ambassade-de-france\/#respond\"]}]},{\"@type\":\"WebPage\",\"@id\":\"https:\/\/kapitalis.com\/tunisie\/2023\/06\/30\/mylene-ben-hamida-decoree-des-insignes-de-lordre-national-du-merite-ambassade-de-france\/\",\"url\":\"https:\/\/kapitalis.com\/tunisie\/2023\/06\/30\/mylene-ben-hamida-decoree-des-insignes-de-lordre-national-du-merite-ambassade-de-france\/\",\"name\":\"Myl\u00e8ne Ben Hamida d\u00e9cor\u00e9e des insignes de l\u2019Ordre national du M\u00e9rite (Ambassade de France) - Kapitalis\",\"isPartOf\":{\"@id\":\"https:\/\/kapitalis.com\/tunisie\/#website\"},\"primaryImageOfPage\":{\"@id\":\"https:\/\/kapitalis.com\/tunisie\/2023\/06\/30\/mylene-ben-hamida-decoree-des-insignes-de-lordre-national-du-merite-ambassade-de-france\/#primaryimage\"},\"image\":{\"@id\":\"https:\/\/kapitalis.com\/tunisie\/2023\/06\/30\/mylene-ben-hamida-decoree-des-insignes-de-lordre-national-du-merite-ambassade-de-france\/#primaryimage\"},\"thumbnailUrl\":\"https:\/\/kapitalis.com\/tunisie\/wp-content\/uploads\/2023\/06\/Mylene-Ben-Hamida.jpg\",\"datePublished\":\"2023-06-30T21:58:54+00:00\",\"dateModified\":\"2023-06-30T22:00:47+00:00\",\"description\":\"L'ambassade de France en Tunisie a annonc\u00e9, ce vendredi 30 juin 2023, que l'ambassadeur Andr\u00e9 Parant a remis les insignes de l\u2019Ordre national du M\u00e9rite \u00e0 Myl\u00e8ne Ben Hamida\",\"breadcrumb\":{\"@id\":\"https:\/\/kapitalis.com\/tunisie\/2023\/06\/30\/mylene-ben-hamida-decoree-des-insignes-de-lordre-national-du-merite-ambassade-de-france\/#breadcrumb\"},\"inLanguage\":\"fr-FR\",\"potentialAction\":[{\"@type\":\"ReadAction\",\"target\":[\"https:\/\/kapitalis.com\/tunisie\/2023\/06\/30\/mylene-ben-hamida-decoree-des-insignes-de-lordre-national-du-merite-ambassade-de-france\/\"]}]},{\"@type\":\"ImageObject\",\"inLanguage\":\"fr-FR\",\"@id\":\"https:\/\/kapitalis.com\/tunisie\/2023\/06\/30\/mylene-ben-hamida-decoree-des-insignes-de-lordre-national-du-merite-ambassade-de-france\/#primaryimage\",\"url\":\"https:\/\/kapitalis.com\/tunisie\/wp-content\/uploads\/2023\/06\/Mylene-Ben-Hamida.jpg\",\"contentUrl\":\"https:\/\/kapitalis.com\/tunisie\/wp-content\/uploads\/2023\/06\/Mylene-Ben-Hamida.jpg\",\"width\":1200,\"height\":630},{\"@type\":\"BreadcrumbList\",\"@id\":\"https:\/\/kapitalis.com\/tunisie\/2023\/06\/30\/mylene-ben-hamida-decoree-des-insignes-de-lordre-national-du-merite-ambassade-de-france\/#breadcrumb\",\"itemListElement\":[{\"@type\":\"ListItem\",\"position\":1,\"name\":\"Accueil\",\"item\":\"https:\/\/kapitalis.com\/tunisie\/\"},{\"@type\":\"ListItem\",\"position\":2,\"name\":\"Myl\u00e8ne Ben Hamida d\u00e9cor\u00e9e des insignes de l\u2019Ordre national du M\u00e9rite (Ambassade de France)\"}]},{\"@type\":\"WebSite\",\"@id\":\"https:\/\/kapitalis.com\/tunisie\/#website\",\"url\":\"https:\/\/kapitalis.com\/tunisie\/\",\"name\":\"Kapitalis\",\"description\":\"L&#039;actualit\u00e9 en Tunisie et dans le monde\",\"publisher\":{\"@id\":\"https:\/\/kapitalis.com\/tunisie\/#organization\"},\"potentialAction\":[{\"@type\":\"SearchAction\",\"target\":{\"@type\":\"EntryPoint\",\"urlTemplate\":\"https:\/\/kapitalis.com\/tunisie\/?s={search_term_string}\"},\"query-input\":{\"@type\":\"PropertyValueSpecification\",\"valueRequired\":true,\"valueName\":\"search_term_string\"}}],\"inLanguage\":\"fr-FR\"},{\"@type\":\"Organization\",\"@id\":\"https:\/\/kapitalis.com\/tunisie\/#organization\",\"name\":\"Kapitalis\",\"url\":\"https:\/\/kapitalis.com\/tunisie\/\",\"logo\":{\"@type\":\"ImageObject\",\"inLanguage\":\"fr-FR\",\"@id\":\"https:\/\/kapitalis.com\/tunisie\/#\/schema\/logo\/image\/\",\"url\":\"https:\/\/kapitalis.com\/tunisie\/wp-content\/uploads\/2022\/05\/Kapitalis-big-size.png\",\"contentUrl\":\"https:\/\/kapitalis.com\/tunisie\/wp-content\/uploads\/2022\/05\/Kapitalis-big-size.png\",\"width\":5000,\"height\":1500,\"caption\":\"Kapitalis\"},\"image\":{\"@id\":\"https:\/\/kapitalis.com\/tunisie\/#\/schema\/logo\/image\/\"},\"sameAs\":[\"https:\/\/www.facebook.com\/KapitalisInfo\/\",\"https:\/\/x.com\/KapitalisInfo\",\"https:\/\/www.youtube.com\/channel\/UC-yDYrHyfFBWWZaOw3FPg9Q\"]},{\"@type\":\"Person\",\"@id\":\"https:\/\/kapitalis.com\/tunisie\/#\/schema\/person\/74bbde0154d49d790a92aaeac5bc01d5\",\"name\":\"Yusra NY\",\"url\":\"https:\/\/kapitalis.com\/tunisie\/author\/yuza_adam\/\"}]}<\/script>\n<!-- \/ Yoast SEO plugin. -->","yoast_head_json":{"title":"Myl\u00e8ne Ben Hamida d\u00e9cor\u00e9e des insignes de l\u2019Ordre national du M\u00e9rite (Ambassade de France) - Kapitalis","description":"L'ambassade de France en Tunisie a annonc\u00e9, ce vendredi 30 juin 2023, que l'ambassadeur Andr\u00e9 Parant a remis les insignes de l\u2019Ordre national du M\u00e9rite \u00e0 Myl\u00e8ne Ben Hamida","robots":{"index":"index","follow":"follow","max-snippet":"max-snippet:-1","max-image-preview":"max-image-preview:large","max-video-preview":"max-video-preview:-1"},"canonical":"https:\/\/kapitalis.com\/tunisie\/2023\/06\/30\/mylene-ben-hamida-decoree-des-insignes-de-lordre-national-du-merite-ambassade-de-france\/","og_locale":"fr_FR","og_type":"article","og_title":"Myl\u00e8ne Ben Hamida d\u00e9cor\u00e9e des insignes de l\u2019Ordre national du M\u00e9rite (Ambassade de France) - Kapitalis","og_description":"L'ambassade de France en Tunisie a annonc\u00e9, ce vendredi 30 juin 2023, que l'ambassadeur Andr\u00e9 Parant a remis les insignes de l\u2019Ordre national du M\u00e9rite \u00e0 Myl\u00e8ne Ben Hamida","og_url":"https:\/\/kapitalis.com\/tunisie\/2023\/06\/30\/mylene-ben-hamida-decoree-des-insignes-de-lordre-national-du-merite-ambassade-de-france\/","og_site_name":"Kapitalis","article_publisher":"https:\/\/www.facebook.com\/KapitalisInfo\/","article_published_time":"2023-06-30T21:58:54+00:00","article_modified_time":"2023-06-30T22:00:47+00:00","og_image":[{"width":1200,"height":630,"url":"https:\/\/kapitalis.com\/tunisie\/wp-content\/uploads\/2023\/06\/Mylene-Ben-Hamida.jpg","type":"image\/jpeg"}],"author":"Yusra NY","twitter_card":"summary_large_image","twitter_creator":"@KapitalisInfo","twitter_site":"@KapitalisInfo","twitter_misc":{"\u00c9crit par":"Yusra NY","Dur\u00e9e de lecture estim\u00e9e":"1 minute"},"schema":{"@context":"https:\/\/schema.org","@graph":[{"@type":"Article","@id":"https:\/\/kapitalis.com\/tunisie\/2023\/06\/30\/mylene-ben-hamida-decoree-des-insignes-de-lordre-national-du-merite-ambassade-de-france\/#article","isPartOf":{"@id":"https:\/\/kapitalis.com\/tunisie\/2023\/06\/30\/mylene-ben-hamida-decoree-des-insignes-de-lordre-national-du-merite-ambassade-de-france\/"},"author":{"name":"Yusra NY","@id":"https:\/\/kapitalis.com\/tunisie\/#\/schema\/person\/74bbde0154d49d790a92aaeac5bc01d5"},"headline":"Myl\u00e8ne Ben Hamida d\u00e9cor\u00e9e des insignes de l\u2019Ordre national du M\u00e9rite (Ambassade de France)","datePublished":"2023-06-30T21:58:54+00:00","dateModified":"2023-06-30T22:00:47+00:00","mainEntityOfPage":{"@id":"https:\/\/kapitalis.com\/tunisie\/2023\/06\/30\/mylene-ben-hamida-decoree-des-insignes-de-lordre-national-du-merite-ambassade-de-france\/"},"wordCount":204,"commentCount":1,"publisher":{"@id":"https:\/\/kapitalis.com\/tunisie\/#organization"},"image":{"@id":"https:\/\/kapitalis.com\/tunisie\/2023\/06\/30\/mylene-ben-hamida-decoree-des-insignes-de-lordre-national-du-merite-ambassade-de-france\/#primaryimage"},"thumbnailUrl":"https:\/\/kapitalis.com\/tunisie\/wp-content\/uploads\/2023\/06\/Mylene-Ben-Hamida.jpg","keywords":["Ambassade de France","Andr\u00e9 Parant","Myl\u00e8ne Ben Hamida","Tunisie"],"articleSection":["SOCIETE","Tunisie"],"inLanguage":"fr-FR","potentialAction":[{"@type":"CommentAction","name":"Comment","target":["https:\/\/kapitalis.com\/tunisie\/2023\/06\/30\/mylene-ben-hamida-decoree-des-insignes-de-lordre-national-du-merite-ambassade-de-france\/#respond"]}]},{"@type":"WebPage","@id":"https:\/\/kapitalis.com\/tunisie\/2023\/06\/30\/mylene-ben-hamida-decoree-des-insignes-de-lordre-national-du-merite-ambassade-de-france\/","url":"https:\/\/kapitalis.com\/tunisie\/2023\/06\/30\/mylene-ben-hamida-decoree-des-insignes-de-lordre-national-du-merite-ambassade-de-france\/","name":"Myl\u00e8ne Ben Hamida d\u00e9cor\u00e9e des insignes de l\u2019Ordre national du M\u00e9rite (Ambassade de France) - Kapitalis","isPartOf":{"@id":"https:\/\/kapitalis.com\/tunisie\/#website"},"primaryImageOfPage":{"@id":"https:\/\/kapitalis.com\/tunisie\/2023\/06\/30\/mylene-ben-hamida-decoree-des-insignes-de-lordre-national-du-merite-ambassade-de-france\/#primaryimage"},"image":{"@id":"https:\/\/kapitalis.com\/tunisie\/2023\/06\/30\/mylene-ben-hamida-decoree-des-insignes-de-lordre-national-du-merite-ambassade-de-france\/#primaryimage"},"thumbnailUrl":"https:\/\/kapitalis.com\/tunisie\/wp-content\/uploads\/2023\/06\/Mylene-Ben-Hamida.jpg","datePublished":"2023-06-30T21:58:54+00:00","dateModified":"2023-06-30T22:00:47+00:00","description":"L'ambassade de France en Tunisie a annonc\u00e9, ce vendredi 30 juin 2023, que l'ambassadeur Andr\u00e9 Parant a remis les insignes de l\u2019Ordre national du M\u00e9rite \u00e0 Myl\u00e8ne Ben Hamida","breadcrumb":{"@id":"https:\/\/kapitalis.com\/tunisie\/2023\/06\/30\/mylene-ben-hamida-decoree-des-insignes-de-lordre-national-du-merite-ambassade-de-france\/#breadcrumb"},"inLanguage":"fr-FR","potentialAction":[{"@type":"ReadAction","target":["https:\/\/kapitalis.com\/tunisie\/2023\/06\/30\/mylene-ben-hamida-decoree-des-insignes-de-lordre-national-du-merite-ambassade-de-france\/"]}]},{"@type":"ImageObject","inLanguage":"fr-FR","@id":"https:\/\/kapitalis.com\/tunisie\/2023\/06\/30\/mylene-ben-hamida-decoree-des-insignes-de-lordre-national-du-merite-ambassade-de-france\/#primaryimage","url":"https:\/\/kapitalis.com\/tunisie\/wp-content\/uploads\/2023\/06\/Mylene-Ben-Hamida.jpg","contentUrl":"https:\/\/kapitalis.com\/tunisie\/wp-content\/uploads\/2023\/06\/Mylene-Ben-Hamida.jpg","width":1200,"height":630},{"@type":"BreadcrumbList","@id":"https:\/\/kapitalis.com\/tunisie\/2023\/06\/30\/mylene-ben-hamida-decoree-des-insignes-de-lordre-national-du-merite-ambassade-de-france\/#breadcrumb","itemListElement":[{"@type":"ListItem","position":1,"name":"Accueil","item":"https:\/\/kapitalis.com\/tunisie\/"},{"@type":"ListItem","position":2,"name":"Myl\u00e8ne Ben Hamida d\u00e9cor\u00e9e des insignes de l\u2019Ordre national du M\u00e9rite (Ambassade de France)"}]},{"@type":"WebSite","@id":"https:\/\/kapitalis.com\/tunisie\/#website","url":"https:\/\/kapitalis.com\/tunisie\/","name":"Kapitalis","description":"L&#039;actualit\u00e9 en Tunisie et dans le monde","publisher":{"@id":"https:\/\/kapitalis.com\/tunisie\/#organization"},"potentialAction":[{"@type":"SearchAction","target":{"@type":"EntryPoint","urlTemplate":"https:\/\/kapitalis.com\/tunisie\/?s={search_term_string}"},"query-input":{"@type":"PropertyValueSpecification","valueRequired":true,"valueName":"search_term_string"}}],"inLanguage":"fr-FR"},{"@type":"Organization","@id":"https:\/\/kapitalis.com\/tunisie\/#organization","name":"Kapitalis","url":"https:\/\/kapitalis.com\/tunisie\/","logo":{"@type":"ImageObject","inLanguage":"fr-FR","@id":"https:\/\/kapitalis.com\/tunisie\/#\/schema\/logo\/image\/","url":"https:\/\/kapitalis.com\/tunisie\/wp-content\/uploads\/2022\/05\/Kapitalis-big-size.png","contentUrl":"https:\/\/kapitalis.com\/tunisie\/wp-content\/uploads\/2022\/05\/Kapitalis-big-size.png","width":5000,"height":1500,"caption":"Kapitalis"},"image":{"@id":"https:\/\/kapitalis.com\/tunisie\/#\/schema\/logo\/image\/"},"sameAs":["https:\/\/www.facebook.com\/KapitalisInfo\/","https:\/\/x.com\/KapitalisInfo","https:\/\/www.youtube.com\/channel\/UC-yDYrHyfFBWWZaOw3FPg9Q"]},{"@type":"Person","@id":"https:\/\/kapitalis.com\/tunisie\/#\/schema\/person\/74bbde0154d49d790a92aaeac5bc01d5","name":"Yusra NY","url":"https:\/\/kapitalis.com\/tunisie\/author\/yuza_adam\/"}]}},"_links":{"self":[{"href":"https:\/\/kapitalis.com\/tunisie\/wp-json\/wp\/v2\/posts\/8621811","targetHints":{"allow":["GET"]}}],"collection":[{"href":"https:\/\/kapitalis.com\/tunisie\/wp-json\/wp\/v2\/posts"}],"about":[{"href":"https:\/\/kapitalis.com\/tunisie\/wp-json\/wp\/v2\/types\/post"}],"author":[{"embeddable":true,"href":"https:\/\/kapitalis.com\/tunisie\/wp-json\/wp\/v2\/users\/6"}],"replies":[{"embeddable":true,"href":"https:\/\/kapitalis.com\/tunisie\/wp-json\/wp\/v2\/comments?post=8621811"}],"version-history":[{"count":3,"href":"https:\/\/kapitalis.com\/tunisie\/wp-json\/wp\/v2\/posts\/8621811\/revisions"}],"predecessor-version":[{"id":8621923,"href":"https:\/\/kapitalis.com\/tunisie\/wp-json\/wp\/v2\/posts\/8621811\/revisions\/8621923"}],"wp:featuredmedia":[{"embeddable":true,"href":"https:\/\/kapitalis.com\/tunisie\/wp-json\/wp\/v2\/media\/8621887"}],"wp:attachment":[{"href":"https:\/\/kapitalis.com\/tunisie\/wp-json\/wp\/v2\/media?parent=8621811"}],"wp:term":[{"taxonomy":"category","embeddable":true,"href":"https:\/\/kapitalis.com\/tunisie\/wp-json\/wp\/v2\/categories?post=8621811"},{"taxonomy":"post_tag","embeddable":true,"href":"https:\/\/kapitalis.com\/tunisie\/wp-json\/wp\/v2\/tags?post=8621811"}],"curies":[{"name":"wp","href":"https:\/\/api.w.org\/{rel}","templated":true}]}}