{"id":86267,"date":"2017-03-10T08:12:52","date_gmt":"2017-03-10T07:12:52","guid":{"rendered":"http:\/\/kapitalis.com\/tunisie\/?p=86267"},"modified":"2017-03-10T08:16:27","modified_gmt":"2017-03-10T07:16:27","slug":"chahed-et-les-partis-dissiper-les-malentendus","status":"publish","type":"post","link":"https:\/\/kapitalis.com\/tunisie\/2017\/03\/10\/chahed-et-les-partis-dissiper-les-malentendus\/","title":{"rendered":"Chahed et les partis : Dissiper les malentendus"},"content":{"rendered":"<p style=\"text-align: center;\"><img loading=\"lazy\" decoding=\"async\" class=\"alignnone size-full wp-image-63269\" src=\"http:\/\/kapitalis.com\/tunisie\/wp-content\/uploads\/2016\/08\/Youssef-Chahed-Chef-de-gouvernement-1.jpg\" alt=\"\" width=\"626\" height=\"380\" \/><\/p>\n<p><em><strong>Le chef du gouvernement Youssef Chahed rencontrera ce weekend les partis participant au gouvernement d\u2019union nationale et les parties signataires de l\u2019accord de Carthage.<\/strong><\/em><\/p>\n<p><!--more--><\/p>\n<p>Cette rencontre, qui se tiendra \u00e0 la demande de ces parties, vise \u00e0 \u00e9valuer le travail du gouvernement au cours des 6 derniers mois et \u00e9tudier les moyens de renforcer la coordination entre les deux parties afin d\u2019\u00e9viter d\u2019\u00e9ventuels diff\u00e9rends, tel que celui provoqu\u00e9 par le dernier remaniement minist\u00e9riel partiel, auquel s\u2019est oppos\u00e9e notamment l\u2019Union g\u00e9n\u00e9rale tunisienne du travail (UGTT).<\/p>\n<p>A l\u2019ordre du jour de cette rencontre, les questions ayant suscit\u00e9 r\u00e9cemment des tensions, tel que celles du\u00a0limogeage d&rsquo;Abid Briki, ancien ministre de la Fonction publique et de la Gouvernance, du\u00a0diff\u00e9rend opposant les syndicats de l\u2019enseignement au\u00a0ministre de l\u2019Education Neji Jalloul, de la fixation de la date des prochaines \u00e9lections locales et r\u00e9gionales, ainsi que les dossiers \u00e9conomiques et sociaux prioritaires.<\/p>\n<p>Il est \u00e0 noter, d\u2019autre part, que l\u2019Assembl\u00e9e des repr\u00e9sentants du peuple (ARP), vient de recevoir du gouvernement, hier, jeudi 9 mars 2017, avec un retard de plus d\u2019une semaine, une demande pour la d\u00e9signation de la date de la\u00a0s\u00e9ance pl\u00e9ni\u00e8re pour accorder la confiance aux ministres nouvellement d\u00e9sign\u00e9s. Il est attendu que le bureau de l\u2019ARP se r\u00e9unisse demain pour la\u00a0fixer.<\/p>\n<p style=\"text-align: right;\"><strong>Abderrazek Krimi <\/strong><\/p>\n","protected":false},"excerpt":{"rendered":"<p>Le chef du gouvernement Youssef Chahed rencontrera ce weekend les partis participant au gouvernement d\u2019union nationale et les parties signataires de l\u2019accord de Carthage.<\/p>\n","protected":false},"author":8,"featured_media":0,"comment_status":"open","ping_status":"open","sticky":false,"template":"","format":"standard","meta":{"footnotes":""},"categories":[997,2433],"tags":[20930,3159],"class_list":["post-86267","post","type-post","status-publish","format-standard","hentry","category-politique","category-tunisie","tag-document-de-carthage","tag-neji-jalloul"],"yoast_head":"<!-- This site is optimized with the Yoast SEO plugin v26.6 - https:\/\/yoast.com\/wordpress\/plugins\/seo\/ -->\n<title>Chahed et les partis : Dissiper les malentendus - Kapitalis<\/title>\n<meta name=\"robots\" content=\"index, follow, max-snippet:-1, max-image-preview:large, max-video-preview:-1\" \/>\n<link rel=\"canonical\" href=\"https:\/\/kapitalis.com\/tunisie\/2017\/03\/10\/chahed-et-les-partis-dissiper-les-malentendus\/\" \/>\n<meta property=\"og:locale\" content=\"fr_FR\" \/>\n<meta property=\"og:type\" content=\"article\" \/>\n<meta property=\"og:title\" content=\"Chahed et les partis : Dissiper les malentendus - Kapitalis\" \/>\n<meta property=\"og:description\" content=\"Le chef du gouvernement Youssef Chahed rencontrera ce weekend les partis participant au gouvernement d\u2019union nationale et les parties signataires de l\u2019accord de Carthage.\" \/>\n<meta property=\"og:url\" content=\"https:\/\/kapitalis.com\/tunisie\/2017\/03\/10\/chahed-et-les-partis-dissiper-les-malentendus\/\" \/>\n<meta property=\"og:site_name\" content=\"Kapitalis\" \/>\n<meta property=\"article:publisher\" content=\"https:\/\/www.facebook.com\/KapitalisInfo\/\" \/>\n<meta property=\"article:published_time\" content=\"2017-03-10T07:12:52+00:00\" \/>\n<meta property=\"article:modified_time\" content=\"2017-03-10T07:16:27+00:00\" \/>\n<meta property=\"og:image\" content=\"http:\/\/kapitalis.com\/tunisie\/wp-content\/uploads\/2016\/08\/Youssef-Chahed-Chef-de-gouvernement-1.jpg\" \/>\n<meta name=\"author\" content=\"webmaster kapitalis\" \/>\n<meta name=\"twitter:card\" content=\"summary_large_image\" \/>\n<meta name=\"twitter:creator\" content=\"@KapitalisInfo\" \/>\n<meta name=\"twitter:site\" content=\"@KapitalisInfo\" \/>\n<meta name=\"twitter:label1\" content=\"\u00c9crit par\" \/>\n\t<meta name=\"twitter:data1\" content=\"webmaster kapitalis\" \/>\n\t<meta name=\"twitter:label2\" content=\"Dur\u00e9e de lecture estim\u00e9e\" \/>\n\t<meta name=\"twitter:data2\" content=\"1 minute\" \/>\n<script type=\"application\/ld+json\" class=\"yoast-schema-graph\">{\"@context\":\"https:\/\/schema.org\",\"@graph\":[{\"@type\":\"Article\",\"@id\":\"https:\/\/kapitalis.com\/tunisie\/2017\/03\/10\/chahed-et-les-partis-dissiper-les-malentendus\/#article\",\"isPartOf\":{\"@id\":\"https:\/\/kapitalis.com\/tunisie\/2017\/03\/10\/chahed-et-les-partis-dissiper-les-malentendus\/\"},\"author\":{\"name\":\"webmaster kapitalis\",\"@id\":\"https:\/\/kapitalis.com\/tunisie\/#\/schema\/person\/d71f33a9ca44f7bad4698210b480c8e9\"},\"headline\":\"Chahed et les partis : Dissiper les malentendus\",\"datePublished\":\"2017-03-10T07:12:52+00:00\",\"dateModified\":\"2017-03-10T07:16:27+00:00\",\"mainEntityOfPage\":{\"@id\":\"https:\/\/kapitalis.com\/tunisie\/2017\/03\/10\/chahed-et-les-partis-dissiper-les-malentendus\/\"},\"wordCount\":245,\"commentCount\":1,\"publisher\":{\"@id\":\"https:\/\/kapitalis.com\/tunisie\/#organization\"},\"image\":{\"@id\":\"https:\/\/kapitalis.com\/tunisie\/2017\/03\/10\/chahed-et-les-partis-dissiper-les-malentendus\/#primaryimage\"},\"thumbnailUrl\":\"http:\/\/kapitalis.com\/tunisie\/wp-content\/uploads\/2016\/08\/Youssef-Chahed-Chef-de-gouvernement-1.jpg\",\"keywords\":[\"document de Carthage\",\"Neji Jalloul\"],\"articleSection\":[\"POLITIQUE\",\"Tunisie\"],\"inLanguage\":\"fr-FR\",\"potentialAction\":[{\"@type\":\"CommentAction\",\"name\":\"Comment\",\"target\":[\"https:\/\/kapitalis.com\/tunisie\/2017\/03\/10\/chahed-et-les-partis-dissiper-les-malentendus\/#respond\"]}]},{\"@type\":\"WebPage\",\"@id\":\"https:\/\/kapitalis.com\/tunisie\/2017\/03\/10\/chahed-et-les-partis-dissiper-les-malentendus\/\",\"url\":\"https:\/\/kapitalis.com\/tunisie\/2017\/03\/10\/chahed-et-les-partis-dissiper-les-malentendus\/\",\"name\":\"Chahed et les partis : Dissiper les malentendus - Kapitalis\",\"isPartOf\":{\"@id\":\"https:\/\/kapitalis.com\/tunisie\/#website\"},\"primaryImageOfPage\":{\"@id\":\"https:\/\/kapitalis.com\/tunisie\/2017\/03\/10\/chahed-et-les-partis-dissiper-les-malentendus\/#primaryimage\"},\"image\":{\"@id\":\"https:\/\/kapitalis.com\/tunisie\/2017\/03\/10\/chahed-et-les-partis-dissiper-les-malentendus\/#primaryimage\"},\"thumbnailUrl\":\"http:\/\/kapitalis.com\/tunisie\/wp-content\/uploads\/2016\/08\/Youssef-Chahed-Chef-de-gouvernement-1.jpg\",\"datePublished\":\"2017-03-10T07:12:52+00:00\",\"dateModified\":\"2017-03-10T07:16:27+00:00\",\"breadcrumb\":{\"@id\":\"https:\/\/kapitalis.com\/tunisie\/2017\/03\/10\/chahed-et-les-partis-dissiper-les-malentendus\/#breadcrumb\"},\"inLanguage\":\"fr-FR\",\"potentialAction\":[{\"@type\":\"ReadAction\",\"target\":[\"https:\/\/kapitalis.com\/tunisie\/2017\/03\/10\/chahed-et-les-partis-dissiper-les-malentendus\/\"]}]},{\"@type\":\"ImageObject\",\"inLanguage\":\"fr-FR\",\"@id\":\"https:\/\/kapitalis.com\/tunisie\/2017\/03\/10\/chahed-et-les-partis-dissiper-les-malentendus\/#primaryimage\",\"url\":\"http:\/\/kapitalis.com\/tunisie\/wp-content\/uploads\/2016\/08\/Youssef-Chahed-Chef-de-gouvernement-1.jpg\",\"contentUrl\":\"http:\/\/kapitalis.com\/tunisie\/wp-content\/uploads\/2016\/08\/Youssef-Chahed-Chef-de-gouvernement-1.jpg\"},{\"@type\":\"BreadcrumbList\",\"@id\":\"https:\/\/kapitalis.com\/tunisie\/2017\/03\/10\/chahed-et-les-partis-dissiper-les-malentendus\/#breadcrumb\",\"itemListElement\":[{\"@type\":\"ListItem\",\"position\":1,\"name\":\"Accueil\",\"item\":\"https:\/\/kapitalis.com\/tunisie\/\"},{\"@type\":\"ListItem\",\"position\":2,\"name\":\"Chahed et les partis : Dissiper les malentendus\"}]},{\"@type\":\"WebSite\",\"@id\":\"https:\/\/kapitalis.com\/tunisie\/#website\",\"url\":\"https:\/\/kapitalis.com\/tunisie\/\",\"name\":\"Kapitalis\",\"description\":\"L&#039;actualit\u00e9 en Tunisie et dans le monde\",\"publisher\":{\"@id\":\"https:\/\/kapitalis.com\/tunisie\/#organization\"},\"potentialAction\":[{\"@type\":\"SearchAction\",\"target\":{\"@type\":\"EntryPoint\",\"urlTemplate\":\"https:\/\/kapitalis.com\/tunisie\/?s={search_term_string}\"},\"query-input\":{\"@type\":\"PropertyValueSpecification\",\"valueRequired\":true,\"valueName\":\"search_term_string\"}}],\"inLanguage\":\"fr-FR\"},{\"@type\":\"Organization\",\"@id\":\"https:\/\/kapitalis.com\/tunisie\/#organization\",\"name\":\"Kapitalis\",\"url\":\"https:\/\/kapitalis.com\/tunisie\/\",\"logo\":{\"@type\":\"ImageObject\",\"inLanguage\":\"fr-FR\",\"@id\":\"https:\/\/kapitalis.com\/tunisie\/#\/schema\/logo\/image\/\",\"url\":\"https:\/\/kapitalis.com\/tunisie\/wp-content\/uploads\/2022\/05\/Kapitalis-big-size.png\",\"contentUrl\":\"https:\/\/kapitalis.com\/tunisie\/wp-content\/uploads\/2022\/05\/Kapitalis-big-size.png\",\"width\":5000,\"height\":1500,\"caption\":\"Kapitalis\"},\"image\":{\"@id\":\"https:\/\/kapitalis.com\/tunisie\/#\/schema\/logo\/image\/\"},\"sameAs\":[\"https:\/\/www.facebook.com\/KapitalisInfo\/\",\"https:\/\/x.com\/KapitalisInfo\",\"https:\/\/www.youtube.com\/channel\/UC-yDYrHyfFBWWZaOw3FPg9Q\"]},{\"@type\":\"Person\",\"@id\":\"https:\/\/kapitalis.com\/tunisie\/#\/schema\/person\/d71f33a9ca44f7bad4698210b480c8e9\",\"name\":\"webmaster kapitalis\",\"url\":\"https:\/\/kapitalis.com\/tunisie\/author\/webmaster-kapitalis\/\"}]}<\/script>\n<!-- \/ Yoast SEO plugin. -->","yoast_head_json":{"title":"Chahed et les partis : Dissiper les malentendus - Kapitalis","robots":{"index":"index","follow":"follow","max-snippet":"max-snippet:-1","max-image-preview":"max-image-preview:large","max-video-preview":"max-video-preview:-1"},"canonical":"https:\/\/kapitalis.com\/tunisie\/2017\/03\/10\/chahed-et-les-partis-dissiper-les-malentendus\/","og_locale":"fr_FR","og_type":"article","og_title":"Chahed et les partis : Dissiper les malentendus - Kapitalis","og_description":"Le chef du gouvernement Youssef Chahed rencontrera ce weekend les partis participant au gouvernement d\u2019union nationale et les parties signataires de l\u2019accord de Carthage.","og_url":"https:\/\/kapitalis.com\/tunisie\/2017\/03\/10\/chahed-et-les-partis-dissiper-les-malentendus\/","og_site_name":"Kapitalis","article_publisher":"https:\/\/www.facebook.com\/KapitalisInfo\/","article_published_time":"2017-03-10T07:12:52+00:00","article_modified_time":"2017-03-10T07:16:27+00:00","og_image":[{"url":"http:\/\/kapitalis.com\/tunisie\/wp-content\/uploads\/2016\/08\/Youssef-Chahed-Chef-de-gouvernement-1.jpg","type":"","width":"","height":""}],"author":"webmaster kapitalis","twitter_card":"summary_large_image","twitter_creator":"@KapitalisInfo","twitter_site":"@KapitalisInfo","twitter_misc":{"\u00c9crit par":"webmaster kapitalis","Dur\u00e9e de lecture estim\u00e9e":"1 minute"},"schema":{"@context":"https:\/\/schema.org","@graph":[{"@type":"Article","@id":"https:\/\/kapitalis.com\/tunisie\/2017\/03\/10\/chahed-et-les-partis-dissiper-les-malentendus\/#article","isPartOf":{"@id":"https:\/\/kapitalis.com\/tunisie\/2017\/03\/10\/chahed-et-les-partis-dissiper-les-malentendus\/"},"author":{"name":"webmaster kapitalis","@id":"https:\/\/kapitalis.com\/tunisie\/#\/schema\/person\/d71f33a9ca44f7bad4698210b480c8e9"},"headline":"Chahed et les partis : Dissiper les malentendus","datePublished":"2017-03-10T07:12:52+00:00","dateModified":"2017-03-10T07:16:27+00:00","mainEntityOfPage":{"@id":"https:\/\/kapitalis.com\/tunisie\/2017\/03\/10\/chahed-et-les-partis-dissiper-les-malentendus\/"},"wordCount":245,"commentCount":1,"publisher":{"@id":"https:\/\/kapitalis.com\/tunisie\/#organization"},"image":{"@id":"https:\/\/kapitalis.com\/tunisie\/2017\/03\/10\/chahed-et-les-partis-dissiper-les-malentendus\/#primaryimage"},"thumbnailUrl":"http:\/\/kapitalis.com\/tunisie\/wp-content\/uploads\/2016\/08\/Youssef-Chahed-Chef-de-gouvernement-1.jpg","keywords":["document de Carthage","Neji Jalloul"],"articleSection":["POLITIQUE","Tunisie"],"inLanguage":"fr-FR","potentialAction":[{"@type":"CommentAction","name":"Comment","target":["https:\/\/kapitalis.com\/tunisie\/2017\/03\/10\/chahed-et-les-partis-dissiper-les-malentendus\/#respond"]}]},{"@type":"WebPage","@id":"https:\/\/kapitalis.com\/tunisie\/2017\/03\/10\/chahed-et-les-partis-dissiper-les-malentendus\/","url":"https:\/\/kapitalis.com\/tunisie\/2017\/03\/10\/chahed-et-les-partis-dissiper-les-malentendus\/","name":"Chahed et les partis : Dissiper les malentendus - Kapitalis","isPartOf":{"@id":"https:\/\/kapitalis.com\/tunisie\/#website"},"primaryImageOfPage":{"@id":"https:\/\/kapitalis.com\/tunisie\/2017\/03\/10\/chahed-et-les-partis-dissiper-les-malentendus\/#primaryimage"},"image":{"@id":"https:\/\/kapitalis.com\/tunisie\/2017\/03\/10\/chahed-et-les-partis-dissiper-les-malentendus\/#primaryimage"},"thumbnailUrl":"http:\/\/kapitalis.com\/tunisie\/wp-content\/uploads\/2016\/08\/Youssef-Chahed-Chef-de-gouvernement-1.jpg","datePublished":"2017-03-10T07:12:52+00:00","dateModified":"2017-03-10T07:16:27+00:00","breadcrumb":{"@id":"https:\/\/kapitalis.com\/tunisie\/2017\/03\/10\/chahed-et-les-partis-dissiper-les-malentendus\/#breadcrumb"},"inLanguage":"fr-FR","potentialAction":[{"@type":"ReadAction","target":["https:\/\/kapitalis.com\/tunisie\/2017\/03\/10\/chahed-et-les-partis-dissiper-les-malentendus\/"]}]},{"@type":"ImageObject","inLanguage":"fr-FR","@id":"https:\/\/kapitalis.com\/tunisie\/2017\/03\/10\/chahed-et-les-partis-dissiper-les-malentendus\/#primaryimage","url":"http:\/\/kapitalis.com\/tunisie\/wp-content\/uploads\/2016\/08\/Youssef-Chahed-Chef-de-gouvernement-1.jpg","contentUrl":"http:\/\/kapitalis.com\/tunisie\/wp-content\/uploads\/2016\/08\/Youssef-Chahed-Chef-de-gouvernement-1.jpg"},{"@type":"BreadcrumbList","@id":"https:\/\/kapitalis.com\/tunisie\/2017\/03\/10\/chahed-et-les-partis-dissiper-les-malentendus\/#breadcrumb","itemListElement":[{"@type":"ListItem","position":1,"name":"Accueil","item":"https:\/\/kapitalis.com\/tunisie\/"},{"@type":"ListItem","position":2,"name":"Chahed et les partis : Dissiper les malentendus"}]},{"@type":"WebSite","@id":"https:\/\/kapitalis.com\/tunisie\/#website","url":"https:\/\/kapitalis.com\/tunisie\/","name":"Kapitalis","description":"L&#039;actualit\u00e9 en Tunisie et dans le monde","publisher":{"@id":"https:\/\/kapitalis.com\/tunisie\/#organization"},"potentialAction":[{"@type":"SearchAction","target":{"@type":"EntryPoint","urlTemplate":"https:\/\/kapitalis.com\/tunisie\/?s={search_term_string}"},"query-input":{"@type":"PropertyValueSpecification","valueRequired":true,"valueName":"search_term_string"}}],"inLanguage":"fr-FR"},{"@type":"Organization","@id":"https:\/\/kapitalis.com\/tunisie\/#organization","name":"Kapitalis","url":"https:\/\/kapitalis.com\/tunisie\/","logo":{"@type":"ImageObject","inLanguage":"fr-FR","@id":"https:\/\/kapitalis.com\/tunisie\/#\/schema\/logo\/image\/","url":"https:\/\/kapitalis.com\/tunisie\/wp-content\/uploads\/2022\/05\/Kapitalis-big-size.png","contentUrl":"https:\/\/kapitalis.com\/tunisie\/wp-content\/uploads\/2022\/05\/Kapitalis-big-size.png","width":5000,"height":1500,"caption":"Kapitalis"},"image":{"@id":"https:\/\/kapitalis.com\/tunisie\/#\/schema\/logo\/image\/"},"sameAs":["https:\/\/www.facebook.com\/KapitalisInfo\/","https:\/\/x.com\/KapitalisInfo","https:\/\/www.youtube.com\/channel\/UC-yDYrHyfFBWWZaOw3FPg9Q"]},{"@type":"Person","@id":"https:\/\/kapitalis.com\/tunisie\/#\/schema\/person\/d71f33a9ca44f7bad4698210b480c8e9","name":"webmaster kapitalis","url":"https:\/\/kapitalis.com\/tunisie\/author\/webmaster-kapitalis\/"}]}},"_links":{"self":[{"href":"https:\/\/kapitalis.com\/tunisie\/wp-json\/wp\/v2\/posts\/86267","targetHints":{"allow":["GET"]}}],"collection":[{"href":"https:\/\/kapitalis.com\/tunisie\/wp-json\/wp\/v2\/posts"}],"about":[{"href":"https:\/\/kapitalis.com\/tunisie\/wp-json\/wp\/v2\/types\/post"}],"author":[{"embeddable":true,"href":"https:\/\/kapitalis.com\/tunisie\/wp-json\/wp\/v2\/users\/8"}],"replies":[{"embeddable":true,"href":"https:\/\/kapitalis.com\/tunisie\/wp-json\/wp\/v2\/comments?post=86267"}],"version-history":[{"count":0,"href":"https:\/\/kapitalis.com\/tunisie\/wp-json\/wp\/v2\/posts\/86267\/revisions"}],"wp:attachment":[{"href":"https:\/\/kapitalis.com\/tunisie\/wp-json\/wp\/v2\/media?parent=86267"}],"wp:term":[{"taxonomy":"category","embeddable":true,"href":"https:\/\/kapitalis.com\/tunisie\/wp-json\/wp\/v2\/categories?post=86267"},{"taxonomy":"post_tag","embeddable":true,"href":"https:\/\/kapitalis.com\/tunisie\/wp-json\/wp\/v2\/tags?post=86267"}],"curies":[{"name":"wp","href":"https:\/\/api.w.org\/{rel}","templated":true}]}}