{"id":8626991,"date":"2023-07-01T12:00:09","date_gmt":"2023-07-01T11:00:09","guid":{"rendered":"https:\/\/kapitalis.com\/tunisie\/?p=8626991"},"modified":"2023-07-01T12:00:11","modified_gmt":"2023-07-01T11:00:11","slug":"hermann-hesse-entre-litterature-et-cinema-au-goethe-institut-de-tunis","status":"publish","type":"post","link":"https:\/\/kapitalis.com\/tunisie\/2023\/07\/01\/hermann-hesse-entre-litterature-et-cinema-au-goethe-institut-de-tunis\/","title":{"rendered":"Hermann Hesse entre litt\u00e9rature et cin\u00e9ma au Goethe Institut de Tunis"},"content":{"rendered":"\n<p><em><strong>Le Goethe Institut de Tunis organise le jeudi 6 juillet une rencontre autour de l\u2019oeuvre du grand \u00e9crivain allemand Hermann Hesse. L\u2019\u00e9v\u00e9nement aura lieu au jardin du Goethe Institut de Tunis.<\/strong><\/em><\/p>\n\n\n\n<!--more-->\n\n\n\n<p>Le Goethe Institut de Tunis c\u00e9l\u00e8bre le 146<sup>e<\/sup> anniversaire de l\u2019un des plus grands \u00e9crivains allemands Hermann Hesse (1877 &#8211; 1962). Romancier, po\u00e8te, essayiste et peintre, il avait obtenu le Prix Nobel de litt\u00e9rature en 1945.<\/p>\n\n\n\n<p>\u00ab<em>\u00a0Le loup des steppes<\/em>\u00a0\u00bb, l\u2019un des romans les plus connus d\u2019Hesse paru en 1927 sera le sujet d\u2019un d\u00e9bat \u00e0 cette soir\u00e9e plac\u00e9e sous le signe de la litt\u00e9rature et du cin\u00e9ma. Les lectures seront pr\u00e9sent\u00e9es par la directrice du Goethe-Institut, Mme Andrea Jacob et sa programmatrice culturelle Mme Souhir Buonomo.<\/p>\n\n\n\n<p>L\u2019analyse et les commentaires des extraits de l\u2019adaptation cin\u00e9matographique du <em>Loup des steppes<\/em> seront assur\u00e9s par M. Tarek Ben Chaabane, Ma\u00eetre de conf\u00e9rence \u00e0 l&rsquo;ESAC et ancien directeur de la Cin\u00e9math\u00e8que tunisienne.<\/p>\n\n\n\n<p class=\"has-text-align-right\"><strong>F.B<\/strong><\/p>\n","protected":false},"excerpt":{"rendered":"<p>Le Goethe Institut de Tunis organise le jeudi 6 juillet une rencontre autour de l\u2019oeuvre du grand \u00e9crivain allemand Hermann Hesse. L\u2019\u00e9v\u00e9nement aura lieu au jardin du Goethe Institut de Tunis.<\/p>\n","protected":false},"author":26,"featured_media":8627431,"comment_status":"open","ping_status":"open","sticky":false,"template":"","format":"standard","meta":{"footnotes":""},"categories":[994,2433],"tags":[68078,81803,109642,109643,62643],"class_list":["post-8626991","post","type-post","status-publish","format-standard","has-post-thumbnail","hentry","category-culture","category-tunisie","tag-goethe-institut-de-tunis","tag-hermann-hesse","tag-litterature-allemande","tag-litterature-et-cinema","tag-tunisie"],"yoast_head":"<!-- This site is optimized with the Yoast SEO plugin v26.6 - https:\/\/yoast.com\/wordpress\/plugins\/seo\/ -->\n<title>Hermann Hesse entre litt\u00e9rature et cin\u00e9ma au Goethe Institut de Tunis - Kapitalis<\/title>\n<meta name=\"robots\" content=\"index, follow, max-snippet:-1, max-image-preview:large, max-video-preview:-1\" \/>\n<link rel=\"canonical\" href=\"https:\/\/kapitalis.com\/tunisie\/2023\/07\/01\/hermann-hesse-entre-litterature-et-cinema-au-goethe-institut-de-tunis\/\" \/>\n<meta property=\"og:locale\" content=\"fr_FR\" \/>\n<meta property=\"og:type\" content=\"article\" \/>\n<meta property=\"og:title\" content=\"Hermann Hesse entre litt\u00e9rature et cin\u00e9ma au Goethe Institut de Tunis - Kapitalis\" \/>\n<meta property=\"og:description\" content=\"Le Goethe Institut de Tunis organise le jeudi 6 juillet une rencontre autour de l\u2019oeuvre du grand \u00e9crivain allemand Hermann Hesse. L\u2019\u00e9v\u00e9nement aura lieu au jardin du Goethe Institut de Tunis.\" \/>\n<meta property=\"og:url\" content=\"https:\/\/kapitalis.com\/tunisie\/2023\/07\/01\/hermann-hesse-entre-litterature-et-cinema-au-goethe-institut-de-tunis\/\" \/>\n<meta property=\"og:site_name\" content=\"Kapitalis\" \/>\n<meta property=\"article:publisher\" content=\"https:\/\/www.facebook.com\/KapitalisInfo\/\" \/>\n<meta property=\"article:published_time\" content=\"2023-07-01T11:00:09+00:00\" \/>\n<meta property=\"article:modified_time\" content=\"2023-07-01T11:00:11+00:00\" \/>\n<meta property=\"og:image\" content=\"https:\/\/kapitalis.com\/tunisie\/wp-content\/uploads\/2023\/07\/Herman-Hesse.jpg\" \/>\n\t<meta property=\"og:image:width\" content=\"1200\" \/>\n\t<meta property=\"og:image:height\" content=\"630\" \/>\n\t<meta property=\"og:image:type\" content=\"image\/jpeg\" \/>\n<meta name=\"author\" content=\"Fawz BenAli\" \/>\n<meta name=\"twitter:card\" content=\"summary_large_image\" \/>\n<meta name=\"twitter:creator\" content=\"@KapitalisInfo\" \/>\n<meta name=\"twitter:site\" content=\"@KapitalisInfo\" \/>\n<meta name=\"twitter:label1\" content=\"\u00c9crit par\" \/>\n\t<meta name=\"twitter:data1\" content=\"Fawz BenAli\" \/>\n\t<meta name=\"twitter:label2\" content=\"Dur\u00e9e de lecture estim\u00e9e\" \/>\n\t<meta name=\"twitter:data2\" content=\"1 minute\" \/>\n<script type=\"application\/ld+json\" class=\"yoast-schema-graph\">{\"@context\":\"https:\/\/schema.org\",\"@graph\":[{\"@type\":\"Article\",\"@id\":\"https:\/\/kapitalis.com\/tunisie\/2023\/07\/01\/hermann-hesse-entre-litterature-et-cinema-au-goethe-institut-de-tunis\/#article\",\"isPartOf\":{\"@id\":\"https:\/\/kapitalis.com\/tunisie\/2023\/07\/01\/hermann-hesse-entre-litterature-et-cinema-au-goethe-institut-de-tunis\/\"},\"author\":{\"name\":\"Fawz BenAli\",\"@id\":\"https:\/\/kapitalis.com\/tunisie\/#\/schema\/person\/73a5ecc1f6ae540c6ed91342eadca948\"},\"headline\":\"Hermann Hesse entre litt\u00e9rature et cin\u00e9ma au Goethe Institut de Tunis\",\"datePublished\":\"2023-07-01T11:00:09+00:00\",\"dateModified\":\"2023-07-01T11:00:11+00:00\",\"mainEntityOfPage\":{\"@id\":\"https:\/\/kapitalis.com\/tunisie\/2023\/07\/01\/hermann-hesse-entre-litterature-et-cinema-au-goethe-institut-de-tunis\/\"},\"wordCount\":184,\"commentCount\":0,\"publisher\":{\"@id\":\"https:\/\/kapitalis.com\/tunisie\/#organization\"},\"image\":{\"@id\":\"https:\/\/kapitalis.com\/tunisie\/2023\/07\/01\/hermann-hesse-entre-litterature-et-cinema-au-goethe-institut-de-tunis\/#primaryimage\"},\"thumbnailUrl\":\"https:\/\/kapitalis.com\/tunisie\/wp-content\/uploads\/2023\/07\/Herman-Hesse.jpg\",\"keywords\":[\"Goethe Institut de Tunis\",\"Hermann Hesse\",\"litt\u00e9rature allemande\",\"litt\u00e9rature et cin\u00e9ma\",\"Tunisie\"],\"articleSection\":[\"CULTURE\",\"Tunisie\"],\"inLanguage\":\"fr-FR\",\"potentialAction\":[{\"@type\":\"CommentAction\",\"name\":\"Comment\",\"target\":[\"https:\/\/kapitalis.com\/tunisie\/2023\/07\/01\/hermann-hesse-entre-litterature-et-cinema-au-goethe-institut-de-tunis\/#respond\"]}]},{\"@type\":\"WebPage\",\"@id\":\"https:\/\/kapitalis.com\/tunisie\/2023\/07\/01\/hermann-hesse-entre-litterature-et-cinema-au-goethe-institut-de-tunis\/\",\"url\":\"https:\/\/kapitalis.com\/tunisie\/2023\/07\/01\/hermann-hesse-entre-litterature-et-cinema-au-goethe-institut-de-tunis\/\",\"name\":\"Hermann Hesse entre litt\u00e9rature et cin\u00e9ma au Goethe Institut de Tunis - Kapitalis\",\"isPartOf\":{\"@id\":\"https:\/\/kapitalis.com\/tunisie\/#website\"},\"primaryImageOfPage\":{\"@id\":\"https:\/\/kapitalis.com\/tunisie\/2023\/07\/01\/hermann-hesse-entre-litterature-et-cinema-au-goethe-institut-de-tunis\/#primaryimage\"},\"image\":{\"@id\":\"https:\/\/kapitalis.com\/tunisie\/2023\/07\/01\/hermann-hesse-entre-litterature-et-cinema-au-goethe-institut-de-tunis\/#primaryimage\"},\"thumbnailUrl\":\"https:\/\/kapitalis.com\/tunisie\/wp-content\/uploads\/2023\/07\/Herman-Hesse.jpg\",\"datePublished\":\"2023-07-01T11:00:09+00:00\",\"dateModified\":\"2023-07-01T11:00:11+00:00\",\"breadcrumb\":{\"@id\":\"https:\/\/kapitalis.com\/tunisie\/2023\/07\/01\/hermann-hesse-entre-litterature-et-cinema-au-goethe-institut-de-tunis\/#breadcrumb\"},\"inLanguage\":\"fr-FR\",\"potentialAction\":[{\"@type\":\"ReadAction\",\"target\":[\"https:\/\/kapitalis.com\/tunisie\/2023\/07\/01\/hermann-hesse-entre-litterature-et-cinema-au-goethe-institut-de-tunis\/\"]}]},{\"@type\":\"ImageObject\",\"inLanguage\":\"fr-FR\",\"@id\":\"https:\/\/kapitalis.com\/tunisie\/2023\/07\/01\/hermann-hesse-entre-litterature-et-cinema-au-goethe-institut-de-tunis\/#primaryimage\",\"url\":\"https:\/\/kapitalis.com\/tunisie\/wp-content\/uploads\/2023\/07\/Herman-Hesse.jpg\",\"contentUrl\":\"https:\/\/kapitalis.com\/tunisie\/wp-content\/uploads\/2023\/07\/Herman-Hesse.jpg\",\"width\":1200,\"height\":630},{\"@type\":\"BreadcrumbList\",\"@id\":\"https:\/\/kapitalis.com\/tunisie\/2023\/07\/01\/hermann-hesse-entre-litterature-et-cinema-au-goethe-institut-de-tunis\/#breadcrumb\",\"itemListElement\":[{\"@type\":\"ListItem\",\"position\":1,\"name\":\"Accueil\",\"item\":\"https:\/\/kapitalis.com\/tunisie\/\"},{\"@type\":\"ListItem\",\"position\":2,\"name\":\"Hermann Hesse entre litt\u00e9rature et cin\u00e9ma au Goethe Institut de Tunis\"}]},{\"@type\":\"WebSite\",\"@id\":\"https:\/\/kapitalis.com\/tunisie\/#website\",\"url\":\"https:\/\/kapitalis.com\/tunisie\/\",\"name\":\"Kapitalis\",\"description\":\"L&#039;actualit\u00e9 en Tunisie et dans le monde\",\"publisher\":{\"@id\":\"https:\/\/kapitalis.com\/tunisie\/#organization\"},\"potentialAction\":[{\"@type\":\"SearchAction\",\"target\":{\"@type\":\"EntryPoint\",\"urlTemplate\":\"https:\/\/kapitalis.com\/tunisie\/?s={search_term_string}\"},\"query-input\":{\"@type\":\"PropertyValueSpecification\",\"valueRequired\":true,\"valueName\":\"search_term_string\"}}],\"inLanguage\":\"fr-FR\"},{\"@type\":\"Organization\",\"@id\":\"https:\/\/kapitalis.com\/tunisie\/#organization\",\"name\":\"Kapitalis\",\"url\":\"https:\/\/kapitalis.com\/tunisie\/\",\"logo\":{\"@type\":\"ImageObject\",\"inLanguage\":\"fr-FR\",\"@id\":\"https:\/\/kapitalis.com\/tunisie\/#\/schema\/logo\/image\/\",\"url\":\"https:\/\/kapitalis.com\/tunisie\/wp-content\/uploads\/2022\/05\/Kapitalis-big-size.png\",\"contentUrl\":\"https:\/\/kapitalis.com\/tunisie\/wp-content\/uploads\/2022\/05\/Kapitalis-big-size.png\",\"width\":5000,\"height\":1500,\"caption\":\"Kapitalis\"},\"image\":{\"@id\":\"https:\/\/kapitalis.com\/tunisie\/#\/schema\/logo\/image\/\"},\"sameAs\":[\"https:\/\/www.facebook.com\/KapitalisInfo\/\",\"https:\/\/x.com\/KapitalisInfo\",\"https:\/\/www.youtube.com\/channel\/UC-yDYrHyfFBWWZaOw3FPg9Q\"]},{\"@type\":\"Person\",\"@id\":\"https:\/\/kapitalis.com\/tunisie\/#\/schema\/person\/73a5ecc1f6ae540c6ed91342eadca948\",\"name\":\"Fawz BenAli\",\"url\":\"https:\/\/kapitalis.com\/tunisie\/author\/fawz\/\"}]}<\/script>\n<!-- \/ Yoast SEO plugin. -->","yoast_head_json":{"title":"Hermann Hesse entre litt\u00e9rature et cin\u00e9ma au Goethe Institut de Tunis - Kapitalis","robots":{"index":"index","follow":"follow","max-snippet":"max-snippet:-1","max-image-preview":"max-image-preview:large","max-video-preview":"max-video-preview:-1"},"canonical":"https:\/\/kapitalis.com\/tunisie\/2023\/07\/01\/hermann-hesse-entre-litterature-et-cinema-au-goethe-institut-de-tunis\/","og_locale":"fr_FR","og_type":"article","og_title":"Hermann Hesse entre litt\u00e9rature et cin\u00e9ma au Goethe Institut de Tunis - Kapitalis","og_description":"Le Goethe Institut de Tunis organise le jeudi 6 juillet une rencontre autour de l\u2019oeuvre du grand \u00e9crivain allemand Hermann Hesse. L\u2019\u00e9v\u00e9nement aura lieu au jardin du Goethe Institut de Tunis.","og_url":"https:\/\/kapitalis.com\/tunisie\/2023\/07\/01\/hermann-hesse-entre-litterature-et-cinema-au-goethe-institut-de-tunis\/","og_site_name":"Kapitalis","article_publisher":"https:\/\/www.facebook.com\/KapitalisInfo\/","article_published_time":"2023-07-01T11:00:09+00:00","article_modified_time":"2023-07-01T11:00:11+00:00","og_image":[{"width":1200,"height":630,"url":"https:\/\/kapitalis.com\/tunisie\/wp-content\/uploads\/2023\/07\/Herman-Hesse.jpg","type":"image\/jpeg"}],"author":"Fawz BenAli","twitter_card":"summary_large_image","twitter_creator":"@KapitalisInfo","twitter_site":"@KapitalisInfo","twitter_misc":{"\u00c9crit par":"Fawz BenAli","Dur\u00e9e de lecture estim\u00e9e":"1 minute"},"schema":{"@context":"https:\/\/schema.org","@graph":[{"@type":"Article","@id":"https:\/\/kapitalis.com\/tunisie\/2023\/07\/01\/hermann-hesse-entre-litterature-et-cinema-au-goethe-institut-de-tunis\/#article","isPartOf":{"@id":"https:\/\/kapitalis.com\/tunisie\/2023\/07\/01\/hermann-hesse-entre-litterature-et-cinema-au-goethe-institut-de-tunis\/"},"author":{"name":"Fawz BenAli","@id":"https:\/\/kapitalis.com\/tunisie\/#\/schema\/person\/73a5ecc1f6ae540c6ed91342eadca948"},"headline":"Hermann Hesse entre litt\u00e9rature et cin\u00e9ma au Goethe Institut de Tunis","datePublished":"2023-07-01T11:00:09+00:00","dateModified":"2023-07-01T11:00:11+00:00","mainEntityOfPage":{"@id":"https:\/\/kapitalis.com\/tunisie\/2023\/07\/01\/hermann-hesse-entre-litterature-et-cinema-au-goethe-institut-de-tunis\/"},"wordCount":184,"commentCount":0,"publisher":{"@id":"https:\/\/kapitalis.com\/tunisie\/#organization"},"image":{"@id":"https:\/\/kapitalis.com\/tunisie\/2023\/07\/01\/hermann-hesse-entre-litterature-et-cinema-au-goethe-institut-de-tunis\/#primaryimage"},"thumbnailUrl":"https:\/\/kapitalis.com\/tunisie\/wp-content\/uploads\/2023\/07\/Herman-Hesse.jpg","keywords":["Goethe Institut de Tunis","Hermann Hesse","litt\u00e9rature allemande","litt\u00e9rature et cin\u00e9ma","Tunisie"],"articleSection":["CULTURE","Tunisie"],"inLanguage":"fr-FR","potentialAction":[{"@type":"CommentAction","name":"Comment","target":["https:\/\/kapitalis.com\/tunisie\/2023\/07\/01\/hermann-hesse-entre-litterature-et-cinema-au-goethe-institut-de-tunis\/#respond"]}]},{"@type":"WebPage","@id":"https:\/\/kapitalis.com\/tunisie\/2023\/07\/01\/hermann-hesse-entre-litterature-et-cinema-au-goethe-institut-de-tunis\/","url":"https:\/\/kapitalis.com\/tunisie\/2023\/07\/01\/hermann-hesse-entre-litterature-et-cinema-au-goethe-institut-de-tunis\/","name":"Hermann Hesse entre litt\u00e9rature et cin\u00e9ma au Goethe Institut de Tunis - Kapitalis","isPartOf":{"@id":"https:\/\/kapitalis.com\/tunisie\/#website"},"primaryImageOfPage":{"@id":"https:\/\/kapitalis.com\/tunisie\/2023\/07\/01\/hermann-hesse-entre-litterature-et-cinema-au-goethe-institut-de-tunis\/#primaryimage"},"image":{"@id":"https:\/\/kapitalis.com\/tunisie\/2023\/07\/01\/hermann-hesse-entre-litterature-et-cinema-au-goethe-institut-de-tunis\/#primaryimage"},"thumbnailUrl":"https:\/\/kapitalis.com\/tunisie\/wp-content\/uploads\/2023\/07\/Herman-Hesse.jpg","datePublished":"2023-07-01T11:00:09+00:00","dateModified":"2023-07-01T11:00:11+00:00","breadcrumb":{"@id":"https:\/\/kapitalis.com\/tunisie\/2023\/07\/01\/hermann-hesse-entre-litterature-et-cinema-au-goethe-institut-de-tunis\/#breadcrumb"},"inLanguage":"fr-FR","potentialAction":[{"@type":"ReadAction","target":["https:\/\/kapitalis.com\/tunisie\/2023\/07\/01\/hermann-hesse-entre-litterature-et-cinema-au-goethe-institut-de-tunis\/"]}]},{"@type":"ImageObject","inLanguage":"fr-FR","@id":"https:\/\/kapitalis.com\/tunisie\/2023\/07\/01\/hermann-hesse-entre-litterature-et-cinema-au-goethe-institut-de-tunis\/#primaryimage","url":"https:\/\/kapitalis.com\/tunisie\/wp-content\/uploads\/2023\/07\/Herman-Hesse.jpg","contentUrl":"https:\/\/kapitalis.com\/tunisie\/wp-content\/uploads\/2023\/07\/Herman-Hesse.jpg","width":1200,"height":630},{"@type":"BreadcrumbList","@id":"https:\/\/kapitalis.com\/tunisie\/2023\/07\/01\/hermann-hesse-entre-litterature-et-cinema-au-goethe-institut-de-tunis\/#breadcrumb","itemListElement":[{"@type":"ListItem","position":1,"name":"Accueil","item":"https:\/\/kapitalis.com\/tunisie\/"},{"@type":"ListItem","position":2,"name":"Hermann Hesse entre litt\u00e9rature et cin\u00e9ma au Goethe Institut de Tunis"}]},{"@type":"WebSite","@id":"https:\/\/kapitalis.com\/tunisie\/#website","url":"https:\/\/kapitalis.com\/tunisie\/","name":"Kapitalis","description":"L&#039;actualit\u00e9 en Tunisie et dans le monde","publisher":{"@id":"https:\/\/kapitalis.com\/tunisie\/#organization"},"potentialAction":[{"@type":"SearchAction","target":{"@type":"EntryPoint","urlTemplate":"https:\/\/kapitalis.com\/tunisie\/?s={search_term_string}"},"query-input":{"@type":"PropertyValueSpecification","valueRequired":true,"valueName":"search_term_string"}}],"inLanguage":"fr-FR"},{"@type":"Organization","@id":"https:\/\/kapitalis.com\/tunisie\/#organization","name":"Kapitalis","url":"https:\/\/kapitalis.com\/tunisie\/","logo":{"@type":"ImageObject","inLanguage":"fr-FR","@id":"https:\/\/kapitalis.com\/tunisie\/#\/schema\/logo\/image\/","url":"https:\/\/kapitalis.com\/tunisie\/wp-content\/uploads\/2022\/05\/Kapitalis-big-size.png","contentUrl":"https:\/\/kapitalis.com\/tunisie\/wp-content\/uploads\/2022\/05\/Kapitalis-big-size.png","width":5000,"height":1500,"caption":"Kapitalis"},"image":{"@id":"https:\/\/kapitalis.com\/tunisie\/#\/schema\/logo\/image\/"},"sameAs":["https:\/\/www.facebook.com\/KapitalisInfo\/","https:\/\/x.com\/KapitalisInfo","https:\/\/www.youtube.com\/channel\/UC-yDYrHyfFBWWZaOw3FPg9Q"]},{"@type":"Person","@id":"https:\/\/kapitalis.com\/tunisie\/#\/schema\/person\/73a5ecc1f6ae540c6ed91342eadca948","name":"Fawz BenAli","url":"https:\/\/kapitalis.com\/tunisie\/author\/fawz\/"}]}},"_links":{"self":[{"href":"https:\/\/kapitalis.com\/tunisie\/wp-json\/wp\/v2\/posts\/8626991","targetHints":{"allow":["GET"]}}],"collection":[{"href":"https:\/\/kapitalis.com\/tunisie\/wp-json\/wp\/v2\/posts"}],"about":[{"href":"https:\/\/kapitalis.com\/tunisie\/wp-json\/wp\/v2\/types\/post"}],"author":[{"embeddable":true,"href":"https:\/\/kapitalis.com\/tunisie\/wp-json\/wp\/v2\/users\/26"}],"replies":[{"embeddable":true,"href":"https:\/\/kapitalis.com\/tunisie\/wp-json\/wp\/v2\/comments?post=8626991"}],"version-history":[{"count":1,"href":"https:\/\/kapitalis.com\/tunisie\/wp-json\/wp\/v2\/posts\/8626991\/revisions"}],"predecessor-version":[{"id":8627468,"href":"https:\/\/kapitalis.com\/tunisie\/wp-json\/wp\/v2\/posts\/8626991\/revisions\/8627468"}],"wp:featuredmedia":[{"embeddable":true,"href":"https:\/\/kapitalis.com\/tunisie\/wp-json\/wp\/v2\/media\/8627431"}],"wp:attachment":[{"href":"https:\/\/kapitalis.com\/tunisie\/wp-json\/wp\/v2\/media?parent=8626991"}],"wp:term":[{"taxonomy":"category","embeddable":true,"href":"https:\/\/kapitalis.com\/tunisie\/wp-json\/wp\/v2\/categories?post=8626991"},{"taxonomy":"post_tag","embeddable":true,"href":"https:\/\/kapitalis.com\/tunisie\/wp-json\/wp\/v2\/tags?post=8626991"}],"curies":[{"name":"wp","href":"https:\/\/api.w.org\/{rel}","templated":true}]}}