{"id":86339,"date":"2017-03-10T16:29:01","date_gmt":"2017-03-10T15:29:01","guid":{"rendered":"http:\/\/kapitalis.com\/tunisie\/?p=86339"},"modified":"2017-03-10T17:10:29","modified_gmt":"2017-03-10T16:10:29","slug":"tunisie-evacuation-dun-foyer-universitaire-a-tunis","status":"publish","type":"post","link":"https:\/\/kapitalis.com\/tunisie\/2017\/03\/10\/tunisie-evacuation-dun-foyer-universitaire-a-tunis\/","title":{"rendered":"Evacuation d\u2019un foyer universitaire \u00e0 Tunis"},"content":{"rendered":"<p><img loading=\"lazy\" decoding=\"async\" class=\"alignnone size-full wp-image-86340 aligncenter\" src=\"http:\/\/kapitalis.com\/tunisie\/wp-content\/uploads\/2017\/03\/Slim-Khalbous-ENS.jpg\" alt=\"\" width=\"626\" height=\"380\" \/><\/p>\n<p><em><strong>Le foyer de l\u2019Ecole normale sup\u00e9rieure de Tunis a \u00e9t\u00e9 \u00e9vacu\u00e9 ce matin suite \u00e0 l&rsquo;effondrement d&rsquo;une partie du faux-plafond dans l&rsquo;une des chambres, mardi dernier.<\/strong> <\/em><\/p>\n<p><!--more--><\/p>\n<p>Cette d\u00e9cision d\u2019\u00e9vacuation imm\u00e9diate a \u00e9t\u00e9 prise par Slim Khalbous, ministre de l\u2019Enseignement sup\u00e9rieur et de Recherche scientifique, qui s\u2019est rendu sur les lieux, ce vendredi 10 mars 2017, pour prendre connaissance de l\u2019\u00e9tat des locaux et des conditions d\u2019h\u00e9bergement des \u00e9tudiants.<\/p>\n<p>La d\u00e9cision d\u2019\u00e9vacuation imm\u00e9diate du foyer a \u00e9t\u00e9 prise sur la base d\u2019un rapport d\u2019expertise technique command\u00e9e par le minist\u00e8re deux jours auparavant.<\/p>\n<p>Les 176 \u00e9tudiants seront r\u00e9affect\u00e9s provisoirement sur 5 foyers (Bardo, Omrane, Ras Tabia et Cit\u00e9 Ezzouhour) et des instructions ont \u00e9t\u00e9 donn\u00e9es pour faciliter leur d\u00e9m\u00e9nagement.<\/p>\n<p style=\"text-align: center;\"><img loading=\"lazy\" decoding=\"async\" class=\"alignnone wp-image-86342\" src=\"http:\/\/kapitalis.com\/tunisie\/wp-content\/uploads\/2017\/03\/Slim-Khalbous-ENS-2.jpg\" alt=\"Slim Khalbous \" width=\"500\" height=\"281\" \/><\/p>\n<p style=\"text-align: center;\"><em>Slim Khalbous inspecte les lieux.<\/em><\/p>\n<p>Les travaux de r\u00e9paration des faux plafonds d\u00e9marreront la semaine prochaine et les \u00e9tudiants r\u00e9int\u00e9greront leur foyer apr\u00e8s une seconde expertise favorable.<\/p>\n<p>Une enqu\u00eate administrative sera, par ailleurs, ouverte pour identifier d\u2019\u00e9ventuels dysfonctionnements dans la gestion du foyer, indique le minist\u00e8re dans un communiqu\u00e9.<\/p>\n<p style=\"text-align: right;\"><strong>I. B.<\/strong> (avec un communiqu\u00e9).<\/p>\n","protected":false},"excerpt":{"rendered":"<p>Le foyer de l\u2019Ecole normale sup\u00e9rieure de Tunis a \u00e9t\u00e9 \u00e9vacu\u00e9 ce matin suite \u00e0 l&rsquo;effondrement d&rsquo;une partie du faux-plafond dans l&rsquo;une des chambres, mardi dernier.<\/p>\n","protected":false},"author":8,"featured_media":86340,"comment_status":"open","ping_status":"open","sticky":false,"template":"","format":"standard","meta":{"footnotes":""},"categories":[998,2433],"tags":[2052,1470,23204],"class_list":["post-86339","post","type-post","status-publish","format-standard","has-post-thumbnail","hentry","category-societe","category-tunisie","tag-enseignement-superieur","tag-foyer-universitaire","tag-slim-khalbous"],"yoast_head":"<!-- This site is optimized with the Yoast SEO plugin v26.6 - https:\/\/yoast.com\/wordpress\/plugins\/seo\/ -->\n<title>Evacuation d\u2019un foyer universitaire \u00e0 Tunis - Kapitalis<\/title>\n<meta name=\"robots\" content=\"index, follow, max-snippet:-1, max-image-preview:large, max-video-preview:-1\" \/>\n<link rel=\"canonical\" href=\"https:\/\/kapitalis.com\/tunisie\/2017\/03\/10\/tunisie-evacuation-dun-foyer-universitaire-a-tunis\/\" \/>\n<meta property=\"og:locale\" content=\"fr_FR\" \/>\n<meta property=\"og:type\" content=\"article\" \/>\n<meta property=\"og:title\" content=\"Evacuation d\u2019un foyer universitaire \u00e0 Tunis - Kapitalis\" \/>\n<meta property=\"og:description\" content=\"Le foyer de l\u2019Ecole normale sup\u00e9rieure de Tunis a \u00e9t\u00e9 \u00e9vacu\u00e9 ce matin suite \u00e0 l&rsquo;effondrement d&rsquo;une partie du faux-plafond dans l&rsquo;une des chambres, mardi dernier.\" \/>\n<meta property=\"og:url\" content=\"https:\/\/kapitalis.com\/tunisie\/2017\/03\/10\/tunisie-evacuation-dun-foyer-universitaire-a-tunis\/\" \/>\n<meta property=\"og:site_name\" content=\"Kapitalis\" \/>\n<meta property=\"article:publisher\" content=\"https:\/\/www.facebook.com\/KapitalisInfo\/\" \/>\n<meta property=\"article:published_time\" content=\"2017-03-10T15:29:01+00:00\" \/>\n<meta property=\"article:modified_time\" content=\"2017-03-10T16:10:29+00:00\" \/>\n<meta property=\"og:image\" content=\"https:\/\/kapitalis.com\/tunisie\/wp-content\/uploads\/2022\/05\/kapitalis-logo-fb.png\" \/>\n\t<meta property=\"og:image:width\" content=\"1200\" \/>\n\t<meta property=\"og:image:height\" content=\"630\" \/>\n\t<meta property=\"og:image:type\" content=\"image\/png\" \/>\n<meta name=\"author\" content=\"webmaster kapitalis\" \/>\n<meta name=\"twitter:card\" content=\"summary_large_image\" \/>\n<meta name=\"twitter:creator\" content=\"@KapitalisInfo\" \/>\n<meta name=\"twitter:site\" content=\"@KapitalisInfo\" \/>\n<meta name=\"twitter:label1\" content=\"\u00c9crit par\" \/>\n\t<meta name=\"twitter:data1\" content=\"webmaster kapitalis\" \/>\n\t<meta name=\"twitter:label2\" content=\"Dur\u00e9e de lecture estim\u00e9e\" \/>\n\t<meta name=\"twitter:data2\" content=\"1 minute\" \/>\n<script type=\"application\/ld+json\" class=\"yoast-schema-graph\">{\"@context\":\"https:\/\/schema.org\",\"@graph\":[{\"@type\":\"Article\",\"@id\":\"https:\/\/kapitalis.com\/tunisie\/2017\/03\/10\/tunisie-evacuation-dun-foyer-universitaire-a-tunis\/#article\",\"isPartOf\":{\"@id\":\"https:\/\/kapitalis.com\/tunisie\/2017\/03\/10\/tunisie-evacuation-dun-foyer-universitaire-a-tunis\/\"},\"author\":{\"name\":\"webmaster kapitalis\",\"@id\":\"https:\/\/kapitalis.com\/tunisie\/#\/schema\/person\/d71f33a9ca44f7bad4698210b480c8e9\"},\"headline\":\"Evacuation d\u2019un foyer universitaire \u00e0 Tunis\",\"datePublished\":\"2017-03-10T15:29:01+00:00\",\"dateModified\":\"2017-03-10T16:10:29+00:00\",\"mainEntityOfPage\":{\"@id\":\"https:\/\/kapitalis.com\/tunisie\/2017\/03\/10\/tunisie-evacuation-dun-foyer-universitaire-a-tunis\/\"},\"wordCount\":203,\"commentCount\":0,\"publisher\":{\"@id\":\"https:\/\/kapitalis.com\/tunisie\/#organization\"},\"image\":{\"@id\":\"https:\/\/kapitalis.com\/tunisie\/2017\/03\/10\/tunisie-evacuation-dun-foyer-universitaire-a-tunis\/#primaryimage\"},\"thumbnailUrl\":\"\",\"keywords\":[\"enseignement sup\u00e9rieur\",\"foyer universitaire\",\"Slim Khalbous\"],\"articleSection\":[\"SOCIETE\",\"Tunisie\"],\"inLanguage\":\"fr-FR\",\"potentialAction\":[{\"@type\":\"CommentAction\",\"name\":\"Comment\",\"target\":[\"https:\/\/kapitalis.com\/tunisie\/2017\/03\/10\/tunisie-evacuation-dun-foyer-universitaire-a-tunis\/#respond\"]}]},{\"@type\":\"WebPage\",\"@id\":\"https:\/\/kapitalis.com\/tunisie\/2017\/03\/10\/tunisie-evacuation-dun-foyer-universitaire-a-tunis\/\",\"url\":\"https:\/\/kapitalis.com\/tunisie\/2017\/03\/10\/tunisie-evacuation-dun-foyer-universitaire-a-tunis\/\",\"name\":\"Evacuation d\u2019un foyer universitaire \u00e0 Tunis - Kapitalis\",\"isPartOf\":{\"@id\":\"https:\/\/kapitalis.com\/tunisie\/#website\"},\"primaryImageOfPage\":{\"@id\":\"https:\/\/kapitalis.com\/tunisie\/2017\/03\/10\/tunisie-evacuation-dun-foyer-universitaire-a-tunis\/#primaryimage\"},\"image\":{\"@id\":\"https:\/\/kapitalis.com\/tunisie\/2017\/03\/10\/tunisie-evacuation-dun-foyer-universitaire-a-tunis\/#primaryimage\"},\"thumbnailUrl\":\"\",\"datePublished\":\"2017-03-10T15:29:01+00:00\",\"dateModified\":\"2017-03-10T16:10:29+00:00\",\"breadcrumb\":{\"@id\":\"https:\/\/kapitalis.com\/tunisie\/2017\/03\/10\/tunisie-evacuation-dun-foyer-universitaire-a-tunis\/#breadcrumb\"},\"inLanguage\":\"fr-FR\",\"potentialAction\":[{\"@type\":\"ReadAction\",\"target\":[\"https:\/\/kapitalis.com\/tunisie\/2017\/03\/10\/tunisie-evacuation-dun-foyer-universitaire-a-tunis\/\"]}]},{\"@type\":\"ImageObject\",\"inLanguage\":\"fr-FR\",\"@id\":\"https:\/\/kapitalis.com\/tunisie\/2017\/03\/10\/tunisie-evacuation-dun-foyer-universitaire-a-tunis\/#primaryimage\",\"url\":\"\",\"contentUrl\":\"\"},{\"@type\":\"BreadcrumbList\",\"@id\":\"https:\/\/kapitalis.com\/tunisie\/2017\/03\/10\/tunisie-evacuation-dun-foyer-universitaire-a-tunis\/#breadcrumb\",\"itemListElement\":[{\"@type\":\"ListItem\",\"position\":1,\"name\":\"Accueil\",\"item\":\"https:\/\/kapitalis.com\/tunisie\/\"},{\"@type\":\"ListItem\",\"position\":2,\"name\":\"Evacuation d\u2019un foyer universitaire \u00e0 Tunis\"}]},{\"@type\":\"WebSite\",\"@id\":\"https:\/\/kapitalis.com\/tunisie\/#website\",\"url\":\"https:\/\/kapitalis.com\/tunisie\/\",\"name\":\"Kapitalis\",\"description\":\"L&#039;actualit\u00e9 en Tunisie et dans le monde\",\"publisher\":{\"@id\":\"https:\/\/kapitalis.com\/tunisie\/#organization\"},\"potentialAction\":[{\"@type\":\"SearchAction\",\"target\":{\"@type\":\"EntryPoint\",\"urlTemplate\":\"https:\/\/kapitalis.com\/tunisie\/?s={search_term_string}\"},\"query-input\":{\"@type\":\"PropertyValueSpecification\",\"valueRequired\":true,\"valueName\":\"search_term_string\"}}],\"inLanguage\":\"fr-FR\"},{\"@type\":\"Organization\",\"@id\":\"https:\/\/kapitalis.com\/tunisie\/#organization\",\"name\":\"Kapitalis\",\"url\":\"https:\/\/kapitalis.com\/tunisie\/\",\"logo\":{\"@type\":\"ImageObject\",\"inLanguage\":\"fr-FR\",\"@id\":\"https:\/\/kapitalis.com\/tunisie\/#\/schema\/logo\/image\/\",\"url\":\"https:\/\/kapitalis.com\/tunisie\/wp-content\/uploads\/2022\/05\/Kapitalis-big-size.png\",\"contentUrl\":\"https:\/\/kapitalis.com\/tunisie\/wp-content\/uploads\/2022\/05\/Kapitalis-big-size.png\",\"width\":5000,\"height\":1500,\"caption\":\"Kapitalis\"},\"image\":{\"@id\":\"https:\/\/kapitalis.com\/tunisie\/#\/schema\/logo\/image\/\"},\"sameAs\":[\"https:\/\/www.facebook.com\/KapitalisInfo\/\",\"https:\/\/x.com\/KapitalisInfo\",\"https:\/\/www.youtube.com\/channel\/UC-yDYrHyfFBWWZaOw3FPg9Q\"]},{\"@type\":\"Person\",\"@id\":\"https:\/\/kapitalis.com\/tunisie\/#\/schema\/person\/d71f33a9ca44f7bad4698210b480c8e9\",\"name\":\"webmaster kapitalis\",\"url\":\"https:\/\/kapitalis.com\/tunisie\/author\/webmaster-kapitalis\/\"}]}<\/script>\n<!-- \/ Yoast SEO plugin. -->","yoast_head_json":{"title":"Evacuation d\u2019un foyer universitaire \u00e0 Tunis - Kapitalis","robots":{"index":"index","follow":"follow","max-snippet":"max-snippet:-1","max-image-preview":"max-image-preview:large","max-video-preview":"max-video-preview:-1"},"canonical":"https:\/\/kapitalis.com\/tunisie\/2017\/03\/10\/tunisie-evacuation-dun-foyer-universitaire-a-tunis\/","og_locale":"fr_FR","og_type":"article","og_title":"Evacuation d\u2019un foyer universitaire \u00e0 Tunis - Kapitalis","og_description":"Le foyer de l\u2019Ecole normale sup\u00e9rieure de Tunis a \u00e9t\u00e9 \u00e9vacu\u00e9 ce matin suite \u00e0 l&rsquo;effondrement d&rsquo;une partie du faux-plafond dans l&rsquo;une des chambres, mardi dernier.","og_url":"https:\/\/kapitalis.com\/tunisie\/2017\/03\/10\/tunisie-evacuation-dun-foyer-universitaire-a-tunis\/","og_site_name":"Kapitalis","article_publisher":"https:\/\/www.facebook.com\/KapitalisInfo\/","article_published_time":"2017-03-10T15:29:01+00:00","article_modified_time":"2017-03-10T16:10:29+00:00","og_image":[{"width":1200,"height":630,"url":"https:\/\/kapitalis.com\/tunisie\/wp-content\/uploads\/2022\/05\/kapitalis-logo-fb.png","type":"image\/png"}],"author":"webmaster kapitalis","twitter_card":"summary_large_image","twitter_creator":"@KapitalisInfo","twitter_site":"@KapitalisInfo","twitter_misc":{"\u00c9crit par":"webmaster kapitalis","Dur\u00e9e de lecture estim\u00e9e":"1 minute"},"schema":{"@context":"https:\/\/schema.org","@graph":[{"@type":"Article","@id":"https:\/\/kapitalis.com\/tunisie\/2017\/03\/10\/tunisie-evacuation-dun-foyer-universitaire-a-tunis\/#article","isPartOf":{"@id":"https:\/\/kapitalis.com\/tunisie\/2017\/03\/10\/tunisie-evacuation-dun-foyer-universitaire-a-tunis\/"},"author":{"name":"webmaster kapitalis","@id":"https:\/\/kapitalis.com\/tunisie\/#\/schema\/person\/d71f33a9ca44f7bad4698210b480c8e9"},"headline":"Evacuation d\u2019un foyer universitaire \u00e0 Tunis","datePublished":"2017-03-10T15:29:01+00:00","dateModified":"2017-03-10T16:10:29+00:00","mainEntityOfPage":{"@id":"https:\/\/kapitalis.com\/tunisie\/2017\/03\/10\/tunisie-evacuation-dun-foyer-universitaire-a-tunis\/"},"wordCount":203,"commentCount":0,"publisher":{"@id":"https:\/\/kapitalis.com\/tunisie\/#organization"},"image":{"@id":"https:\/\/kapitalis.com\/tunisie\/2017\/03\/10\/tunisie-evacuation-dun-foyer-universitaire-a-tunis\/#primaryimage"},"thumbnailUrl":"","keywords":["enseignement sup\u00e9rieur","foyer universitaire","Slim Khalbous"],"articleSection":["SOCIETE","Tunisie"],"inLanguage":"fr-FR","potentialAction":[{"@type":"CommentAction","name":"Comment","target":["https:\/\/kapitalis.com\/tunisie\/2017\/03\/10\/tunisie-evacuation-dun-foyer-universitaire-a-tunis\/#respond"]}]},{"@type":"WebPage","@id":"https:\/\/kapitalis.com\/tunisie\/2017\/03\/10\/tunisie-evacuation-dun-foyer-universitaire-a-tunis\/","url":"https:\/\/kapitalis.com\/tunisie\/2017\/03\/10\/tunisie-evacuation-dun-foyer-universitaire-a-tunis\/","name":"Evacuation d\u2019un foyer universitaire \u00e0 Tunis - Kapitalis","isPartOf":{"@id":"https:\/\/kapitalis.com\/tunisie\/#website"},"primaryImageOfPage":{"@id":"https:\/\/kapitalis.com\/tunisie\/2017\/03\/10\/tunisie-evacuation-dun-foyer-universitaire-a-tunis\/#primaryimage"},"image":{"@id":"https:\/\/kapitalis.com\/tunisie\/2017\/03\/10\/tunisie-evacuation-dun-foyer-universitaire-a-tunis\/#primaryimage"},"thumbnailUrl":"","datePublished":"2017-03-10T15:29:01+00:00","dateModified":"2017-03-10T16:10:29+00:00","breadcrumb":{"@id":"https:\/\/kapitalis.com\/tunisie\/2017\/03\/10\/tunisie-evacuation-dun-foyer-universitaire-a-tunis\/#breadcrumb"},"inLanguage":"fr-FR","potentialAction":[{"@type":"ReadAction","target":["https:\/\/kapitalis.com\/tunisie\/2017\/03\/10\/tunisie-evacuation-dun-foyer-universitaire-a-tunis\/"]}]},{"@type":"ImageObject","inLanguage":"fr-FR","@id":"https:\/\/kapitalis.com\/tunisie\/2017\/03\/10\/tunisie-evacuation-dun-foyer-universitaire-a-tunis\/#primaryimage","url":"","contentUrl":""},{"@type":"BreadcrumbList","@id":"https:\/\/kapitalis.com\/tunisie\/2017\/03\/10\/tunisie-evacuation-dun-foyer-universitaire-a-tunis\/#breadcrumb","itemListElement":[{"@type":"ListItem","position":1,"name":"Accueil","item":"https:\/\/kapitalis.com\/tunisie\/"},{"@type":"ListItem","position":2,"name":"Evacuation d\u2019un foyer universitaire \u00e0 Tunis"}]},{"@type":"WebSite","@id":"https:\/\/kapitalis.com\/tunisie\/#website","url":"https:\/\/kapitalis.com\/tunisie\/","name":"Kapitalis","description":"L&#039;actualit\u00e9 en Tunisie et dans le monde","publisher":{"@id":"https:\/\/kapitalis.com\/tunisie\/#organization"},"potentialAction":[{"@type":"SearchAction","target":{"@type":"EntryPoint","urlTemplate":"https:\/\/kapitalis.com\/tunisie\/?s={search_term_string}"},"query-input":{"@type":"PropertyValueSpecification","valueRequired":true,"valueName":"search_term_string"}}],"inLanguage":"fr-FR"},{"@type":"Organization","@id":"https:\/\/kapitalis.com\/tunisie\/#organization","name":"Kapitalis","url":"https:\/\/kapitalis.com\/tunisie\/","logo":{"@type":"ImageObject","inLanguage":"fr-FR","@id":"https:\/\/kapitalis.com\/tunisie\/#\/schema\/logo\/image\/","url":"https:\/\/kapitalis.com\/tunisie\/wp-content\/uploads\/2022\/05\/Kapitalis-big-size.png","contentUrl":"https:\/\/kapitalis.com\/tunisie\/wp-content\/uploads\/2022\/05\/Kapitalis-big-size.png","width":5000,"height":1500,"caption":"Kapitalis"},"image":{"@id":"https:\/\/kapitalis.com\/tunisie\/#\/schema\/logo\/image\/"},"sameAs":["https:\/\/www.facebook.com\/KapitalisInfo\/","https:\/\/x.com\/KapitalisInfo","https:\/\/www.youtube.com\/channel\/UC-yDYrHyfFBWWZaOw3FPg9Q"]},{"@type":"Person","@id":"https:\/\/kapitalis.com\/tunisie\/#\/schema\/person\/d71f33a9ca44f7bad4698210b480c8e9","name":"webmaster kapitalis","url":"https:\/\/kapitalis.com\/tunisie\/author\/webmaster-kapitalis\/"}]}},"_links":{"self":[{"href":"https:\/\/kapitalis.com\/tunisie\/wp-json\/wp\/v2\/posts\/86339","targetHints":{"allow":["GET"]}}],"collection":[{"href":"https:\/\/kapitalis.com\/tunisie\/wp-json\/wp\/v2\/posts"}],"about":[{"href":"https:\/\/kapitalis.com\/tunisie\/wp-json\/wp\/v2\/types\/post"}],"author":[{"embeddable":true,"href":"https:\/\/kapitalis.com\/tunisie\/wp-json\/wp\/v2\/users\/8"}],"replies":[{"embeddable":true,"href":"https:\/\/kapitalis.com\/tunisie\/wp-json\/wp\/v2\/comments?post=86339"}],"version-history":[{"count":0,"href":"https:\/\/kapitalis.com\/tunisie\/wp-json\/wp\/v2\/posts\/86339\/revisions"}],"wp:featuredmedia":[{"embeddable":true,"href":"https:\/\/kapitalis.com\/tunisie\/wp-json\/wp\/v2\/media\/86340"}],"wp:attachment":[{"href":"https:\/\/kapitalis.com\/tunisie\/wp-json\/wp\/v2\/media?parent=86339"}],"wp:term":[{"taxonomy":"category","embeddable":true,"href":"https:\/\/kapitalis.com\/tunisie\/wp-json\/wp\/v2\/categories?post=86339"},{"taxonomy":"post_tag","embeddable":true,"href":"https:\/\/kapitalis.com\/tunisie\/wp-json\/wp\/v2\/tags?post=86339"}],"curies":[{"name":"wp","href":"https:\/\/api.w.org\/{rel}","templated":true}]}}