{"id":8635732,"date":"2023-07-01T23:19:20","date_gmt":"2023-07-01T22:19:20","guid":{"rendered":"https:\/\/kapitalis.com\/tunisie\/?p=8635732"},"modified":"2023-07-02T08:20:01","modified_gmt":"2023-07-02T07:20:01","slug":"moknine-une-grand-mere-arretee-pour-avoir-tue-en-2016-son-petit-fils-de-13-jours","status":"publish","type":"post","link":"https:\/\/kapitalis.com\/tunisie\/2023\/07\/01\/moknine-une-grand-mere-arretee-pour-avoir-tue-en-2016-son-petit-fils-de-13-jours\/","title":{"rendered":"Moknine : une grand-m\u00e8re arr\u00eat\u00e9e pour avoir tu\u00e9, en 2016, son petit-fils de 13 jours !"},"content":{"rendered":"\n<p><strong><em>Une plainte pour violence familiale a permis d&rsquo;\u00e9lucider un crime qui a co\u00fbt\u00e9 la vie \u00e0 un b\u00e9b\u00e9 de 13 jours en 2016 \u00e0 Menzel Fersi \u00e0 Moknine : la grand-m\u00e8re a \u00e9t\u00e9 arr\u00eat\u00e9e et plac\u00e9e en d\u00e9tention 7 ans apr\u00e8s le meurtre !<\/em><\/strong><\/p>\n\n\n\n<!--more-->\n\n\n\n<p>C&rsquo;est ce qu&rsquo;a indiqu\u00e9 Darid Ben Jha porte-parole du tribunal de Monastir, dans une d\u00e9claration \u00e0 Jawhara FM, en pr\u00e9cisant que dame \u00e2g\u00e9e s&rsquo;est r\u00e9cemment rendue \u00e0 la police pour porter plainte contre son fils pour violences.<\/p>\n\n\n\n<p>Les interrogatoires et les investigations men\u00e9s ont r\u00e9v\u00e9l\u00e9 que la plaignante avait tu\u00e9, en 2016, son petit-fils con\u00e7u dans le cadre d&rsquo;une relation hors mariage et dont la maman est morte en avril dernier&#8230; on avait alors parl\u00e9 de suicide la concernant.<\/p>\n\n\n\n<p>Selon les \u00e9l\u00e9ments de l&rsquo;enqu\u00eate la grand-m\u00e8re s&rsquo;est d\u00e9barrass\u00e9 de son petit-fils en l&rsquo;\u00e9touffant avec un oreiller et les parents ont pr\u00e9tendu une mort accidentelle, ajoute la m\u00eame source&#8230;<\/p>\n\n\n\n<p>Une enqu\u00eate pour meurtre a alors \u00e9t\u00e9 ouverte cette semaine et la grand-m\u00e8re qui est pass\u00e9e aux aveux, a \u00e9t\u00e9 plac\u00e9e en d\u00e9tention sur ordre du minist\u00e8re public, qui a \u00e9galement ordonn\u00e9 l&rsquo;ouverture d&rsquo;une enqu\u00eate sur la mort suspecte de la maman du b\u00e9b\u00e9, la piste du suicide \u00e9tant d\u00e9sormais remise en cause\u2026<\/p>\n\n\n\n<p class=\"has-text-align-right\"><strong>Y. N.<\/strong><\/p>\n","protected":false},"excerpt":{"rendered":"<p>Moknine : Une grand-m\u00e8re arr\u00eat\u00e9e pour avoir tu\u00e9, en 2016, son petit-fils de 13 jours !<\/p>\n","protected":false},"author":6,"featured_media":1532114,"comment_status":"open","ping_status":"open","sticky":false,"template":"","format":"standard","meta":{"footnotes":""},"categories":[998,2433],"tags":[631,633,62643],"class_list":["post-8635732","post","type-post","status-publish","format-standard","has-post-thumbnail","hentry","category-societe","category-tunisie","tag-moknine","tag-monastir","tag-tunisie"],"yoast_head":"<!-- This site is optimized with the Yoast SEO plugin v26.6 - https:\/\/yoast.com\/wordpress\/plugins\/seo\/ -->\n<title>Moknine : une grand-m\u00e8re arr\u00eat\u00e9e pour avoir tu\u00e9, en 2016, son petit-fils de 13 jours ! - Kapitalis<\/title>\n<meta name=\"description\" content=\"Une plainte pour violence familiale a permis d&#039;\u00e9lucider un crime qui a co\u00fbt\u00e9 la vie \u00e0 un b\u00e9b\u00e9 de 13 jours en 2016 \u00e0 Moknine : La grand-m\u00e8re a \u00e9t\u00e9 arr\u00eat\u00e9e et plac\u00e9e en d\u00e9tention 7 ans apr\u00e8s le meurtre !\" \/>\n<meta name=\"robots\" content=\"index, follow, max-snippet:-1, max-image-preview:large, max-video-preview:-1\" \/>\n<link rel=\"canonical\" href=\"https:\/\/kapitalis.com\/tunisie\/2023\/07\/01\/moknine-une-grand-mere-arretee-pour-avoir-tue-en-2016-son-petit-fils-de-13-jours\/\" \/>\n<meta property=\"og:locale\" content=\"fr_FR\" \/>\n<meta property=\"og:type\" content=\"article\" \/>\n<meta property=\"og:title\" content=\"Moknine : une grand-m\u00e8re arr\u00eat\u00e9e pour avoir tu\u00e9, en 2016, son petit-fils de 13 jours ! - Kapitalis\" \/>\n<meta property=\"og:description\" content=\"Une plainte pour violence familiale a permis d&#039;\u00e9lucider un crime qui a co\u00fbt\u00e9 la vie \u00e0 un b\u00e9b\u00e9 de 13 jours en 2016 \u00e0 Moknine : La grand-m\u00e8re a \u00e9t\u00e9 arr\u00eat\u00e9e et plac\u00e9e en d\u00e9tention 7 ans apr\u00e8s le meurtre !\" \/>\n<meta property=\"og:url\" content=\"https:\/\/kapitalis.com\/tunisie\/2023\/07\/01\/moknine-une-grand-mere-arretee-pour-avoir-tue-en-2016-son-petit-fils-de-13-jours\/\" \/>\n<meta property=\"og:site_name\" content=\"Kapitalis\" \/>\n<meta property=\"article:publisher\" content=\"https:\/\/www.facebook.com\/KapitalisInfo\/\" \/>\n<meta property=\"article:published_time\" content=\"2023-07-01T22:19:20+00:00\" \/>\n<meta property=\"article:modified_time\" content=\"2023-07-02T07:20:01+00:00\" \/>\n<meta property=\"og:image\" content=\"https:\/\/kapitalis.com\/tunisie\/wp-content\/uploads\/2022\/06\/bebe-1.jpg\" \/>\n\t<meta property=\"og:image:width\" content=\"1200\" \/>\n\t<meta property=\"og:image:height\" content=\"630\" \/>\n\t<meta property=\"og:image:type\" content=\"image\/jpeg\" \/>\n<meta name=\"author\" content=\"Yusra NY\" \/>\n<meta name=\"twitter:card\" content=\"summary_large_image\" \/>\n<meta name=\"twitter:creator\" content=\"@KapitalisInfo\" \/>\n<meta name=\"twitter:site\" content=\"@KapitalisInfo\" \/>\n<meta name=\"twitter:label1\" content=\"\u00c9crit par\" \/>\n\t<meta name=\"twitter:data1\" content=\"Yusra NY\" \/>\n\t<meta name=\"twitter:label2\" content=\"Dur\u00e9e de lecture estim\u00e9e\" \/>\n\t<meta name=\"twitter:data2\" content=\"2 minutes\" \/>\n<script type=\"application\/ld+json\" class=\"yoast-schema-graph\">{\"@context\":\"https:\/\/schema.org\",\"@graph\":[{\"@type\":\"Article\",\"@id\":\"https:\/\/kapitalis.com\/tunisie\/2023\/07\/01\/moknine-une-grand-mere-arretee-pour-avoir-tue-en-2016-son-petit-fils-de-13-jours\/#article\",\"isPartOf\":{\"@id\":\"https:\/\/kapitalis.com\/tunisie\/2023\/07\/01\/moknine-une-grand-mere-arretee-pour-avoir-tue-en-2016-son-petit-fils-de-13-jours\/\"},\"author\":{\"name\":\"Yusra NY\",\"@id\":\"https:\/\/kapitalis.com\/tunisie\/#\/schema\/person\/74bbde0154d49d790a92aaeac5bc01d5\"},\"headline\":\"Moknine : une grand-m\u00e8re arr\u00eat\u00e9e pour avoir tu\u00e9, en 2016, son petit-fils de 13 jours !\",\"datePublished\":\"2023-07-01T22:19:20+00:00\",\"dateModified\":\"2023-07-02T07:20:01+00:00\",\"mainEntityOfPage\":{\"@id\":\"https:\/\/kapitalis.com\/tunisie\/2023\/07\/01\/moknine-une-grand-mere-arretee-pour-avoir-tue-en-2016-son-petit-fils-de-13-jours\/\"},\"wordCount\":244,\"commentCount\":2,\"publisher\":{\"@id\":\"https:\/\/kapitalis.com\/tunisie\/#organization\"},\"image\":{\"@id\":\"https:\/\/kapitalis.com\/tunisie\/2023\/07\/01\/moknine-une-grand-mere-arretee-pour-avoir-tue-en-2016-son-petit-fils-de-13-jours\/#primaryimage\"},\"thumbnailUrl\":\"https:\/\/kapitalis.com\/tunisie\/wp-content\/uploads\/2022\/06\/bebe-1.jpg\",\"keywords\":[\"Moknine\",\"Monastir\",\"Tunisie\"],\"articleSection\":[\"SOCIETE\",\"Tunisie\"],\"inLanguage\":\"fr-FR\",\"potentialAction\":[{\"@type\":\"CommentAction\",\"name\":\"Comment\",\"target\":[\"https:\/\/kapitalis.com\/tunisie\/2023\/07\/01\/moknine-une-grand-mere-arretee-pour-avoir-tue-en-2016-son-petit-fils-de-13-jours\/#respond\"]}]},{\"@type\":\"WebPage\",\"@id\":\"https:\/\/kapitalis.com\/tunisie\/2023\/07\/01\/moknine-une-grand-mere-arretee-pour-avoir-tue-en-2016-son-petit-fils-de-13-jours\/\",\"url\":\"https:\/\/kapitalis.com\/tunisie\/2023\/07\/01\/moknine-une-grand-mere-arretee-pour-avoir-tue-en-2016-son-petit-fils-de-13-jours\/\",\"name\":\"Moknine : une grand-m\u00e8re arr\u00eat\u00e9e pour avoir tu\u00e9, en 2016, son petit-fils de 13 jours ! - Kapitalis\",\"isPartOf\":{\"@id\":\"https:\/\/kapitalis.com\/tunisie\/#website\"},\"primaryImageOfPage\":{\"@id\":\"https:\/\/kapitalis.com\/tunisie\/2023\/07\/01\/moknine-une-grand-mere-arretee-pour-avoir-tue-en-2016-son-petit-fils-de-13-jours\/#primaryimage\"},\"image\":{\"@id\":\"https:\/\/kapitalis.com\/tunisie\/2023\/07\/01\/moknine-une-grand-mere-arretee-pour-avoir-tue-en-2016-son-petit-fils-de-13-jours\/#primaryimage\"},\"thumbnailUrl\":\"https:\/\/kapitalis.com\/tunisie\/wp-content\/uploads\/2022\/06\/bebe-1.jpg\",\"datePublished\":\"2023-07-01T22:19:20+00:00\",\"dateModified\":\"2023-07-02T07:20:01+00:00\",\"description\":\"Une plainte pour violence familiale a permis d'\u00e9lucider un crime qui a co\u00fbt\u00e9 la vie \u00e0 un b\u00e9b\u00e9 de 13 jours en 2016 \u00e0 Moknine : La grand-m\u00e8re a \u00e9t\u00e9 arr\u00eat\u00e9e et plac\u00e9e en d\u00e9tention 7 ans apr\u00e8s le meurtre !\",\"breadcrumb\":{\"@id\":\"https:\/\/kapitalis.com\/tunisie\/2023\/07\/01\/moknine-une-grand-mere-arretee-pour-avoir-tue-en-2016-son-petit-fils-de-13-jours\/#breadcrumb\"},\"inLanguage\":\"fr-FR\",\"potentialAction\":[{\"@type\":\"ReadAction\",\"target\":[\"https:\/\/kapitalis.com\/tunisie\/2023\/07\/01\/moknine-une-grand-mere-arretee-pour-avoir-tue-en-2016-son-petit-fils-de-13-jours\/\"]}]},{\"@type\":\"ImageObject\",\"inLanguage\":\"fr-FR\",\"@id\":\"https:\/\/kapitalis.com\/tunisie\/2023\/07\/01\/moknine-une-grand-mere-arretee-pour-avoir-tue-en-2016-son-petit-fils-de-13-jours\/#primaryimage\",\"url\":\"https:\/\/kapitalis.com\/tunisie\/wp-content\/uploads\/2022\/06\/bebe-1.jpg\",\"contentUrl\":\"https:\/\/kapitalis.com\/tunisie\/wp-content\/uploads\/2022\/06\/bebe-1.jpg\",\"width\":1200,\"height\":630},{\"@type\":\"BreadcrumbList\",\"@id\":\"https:\/\/kapitalis.com\/tunisie\/2023\/07\/01\/moknine-une-grand-mere-arretee-pour-avoir-tue-en-2016-son-petit-fils-de-13-jours\/#breadcrumb\",\"itemListElement\":[{\"@type\":\"ListItem\",\"position\":1,\"name\":\"Accueil\",\"item\":\"https:\/\/kapitalis.com\/tunisie\/\"},{\"@type\":\"ListItem\",\"position\":2,\"name\":\"Moknine : une grand-m\u00e8re arr\u00eat\u00e9e pour avoir tu\u00e9, en 2016, son petit-fils de 13 jours !\"}]},{\"@type\":\"WebSite\",\"@id\":\"https:\/\/kapitalis.com\/tunisie\/#website\",\"url\":\"https:\/\/kapitalis.com\/tunisie\/\",\"name\":\"Kapitalis\",\"description\":\"L&#039;actualit\u00e9 en Tunisie et dans le monde\",\"publisher\":{\"@id\":\"https:\/\/kapitalis.com\/tunisie\/#organization\"},\"potentialAction\":[{\"@type\":\"SearchAction\",\"target\":{\"@type\":\"EntryPoint\",\"urlTemplate\":\"https:\/\/kapitalis.com\/tunisie\/?s={search_term_string}\"},\"query-input\":{\"@type\":\"PropertyValueSpecification\",\"valueRequired\":true,\"valueName\":\"search_term_string\"}}],\"inLanguage\":\"fr-FR\"},{\"@type\":\"Organization\",\"@id\":\"https:\/\/kapitalis.com\/tunisie\/#organization\",\"name\":\"Kapitalis\",\"url\":\"https:\/\/kapitalis.com\/tunisie\/\",\"logo\":{\"@type\":\"ImageObject\",\"inLanguage\":\"fr-FR\",\"@id\":\"https:\/\/kapitalis.com\/tunisie\/#\/schema\/logo\/image\/\",\"url\":\"https:\/\/kapitalis.com\/tunisie\/wp-content\/uploads\/2022\/05\/Kapitalis-big-size.png\",\"contentUrl\":\"https:\/\/kapitalis.com\/tunisie\/wp-content\/uploads\/2022\/05\/Kapitalis-big-size.png\",\"width\":5000,\"height\":1500,\"caption\":\"Kapitalis\"},\"image\":{\"@id\":\"https:\/\/kapitalis.com\/tunisie\/#\/schema\/logo\/image\/\"},\"sameAs\":[\"https:\/\/www.facebook.com\/KapitalisInfo\/\",\"https:\/\/x.com\/KapitalisInfo\",\"https:\/\/www.youtube.com\/channel\/UC-yDYrHyfFBWWZaOw3FPg9Q\"]},{\"@type\":\"Person\",\"@id\":\"https:\/\/kapitalis.com\/tunisie\/#\/schema\/person\/74bbde0154d49d790a92aaeac5bc01d5\",\"name\":\"Yusra NY\",\"url\":\"https:\/\/kapitalis.com\/tunisie\/author\/yuza_adam\/\"}]}<\/script>\n<!-- \/ Yoast SEO plugin. -->","yoast_head_json":{"title":"Moknine : une grand-m\u00e8re arr\u00eat\u00e9e pour avoir tu\u00e9, en 2016, son petit-fils de 13 jours ! - Kapitalis","description":"Une plainte pour violence familiale a permis d'\u00e9lucider un crime qui a co\u00fbt\u00e9 la vie \u00e0 un b\u00e9b\u00e9 de 13 jours en 2016 \u00e0 Moknine : La grand-m\u00e8re a \u00e9t\u00e9 arr\u00eat\u00e9e et plac\u00e9e en d\u00e9tention 7 ans apr\u00e8s le meurtre !","robots":{"index":"index","follow":"follow","max-snippet":"max-snippet:-1","max-image-preview":"max-image-preview:large","max-video-preview":"max-video-preview:-1"},"canonical":"https:\/\/kapitalis.com\/tunisie\/2023\/07\/01\/moknine-une-grand-mere-arretee-pour-avoir-tue-en-2016-son-petit-fils-de-13-jours\/","og_locale":"fr_FR","og_type":"article","og_title":"Moknine : une grand-m\u00e8re arr\u00eat\u00e9e pour avoir tu\u00e9, en 2016, son petit-fils de 13 jours ! - Kapitalis","og_description":"Une plainte pour violence familiale a permis d'\u00e9lucider un crime qui a co\u00fbt\u00e9 la vie \u00e0 un b\u00e9b\u00e9 de 13 jours en 2016 \u00e0 Moknine : La grand-m\u00e8re a \u00e9t\u00e9 arr\u00eat\u00e9e et plac\u00e9e en d\u00e9tention 7 ans apr\u00e8s le meurtre !","og_url":"https:\/\/kapitalis.com\/tunisie\/2023\/07\/01\/moknine-une-grand-mere-arretee-pour-avoir-tue-en-2016-son-petit-fils-de-13-jours\/","og_site_name":"Kapitalis","article_publisher":"https:\/\/www.facebook.com\/KapitalisInfo\/","article_published_time":"2023-07-01T22:19:20+00:00","article_modified_time":"2023-07-02T07:20:01+00:00","og_image":[{"width":1200,"height":630,"url":"https:\/\/kapitalis.com\/tunisie\/wp-content\/uploads\/2022\/06\/bebe-1.jpg","type":"image\/jpeg"}],"author":"Yusra NY","twitter_card":"summary_large_image","twitter_creator":"@KapitalisInfo","twitter_site":"@KapitalisInfo","twitter_misc":{"\u00c9crit par":"Yusra NY","Dur\u00e9e de lecture estim\u00e9e":"2 minutes"},"schema":{"@context":"https:\/\/schema.org","@graph":[{"@type":"Article","@id":"https:\/\/kapitalis.com\/tunisie\/2023\/07\/01\/moknine-une-grand-mere-arretee-pour-avoir-tue-en-2016-son-petit-fils-de-13-jours\/#article","isPartOf":{"@id":"https:\/\/kapitalis.com\/tunisie\/2023\/07\/01\/moknine-une-grand-mere-arretee-pour-avoir-tue-en-2016-son-petit-fils-de-13-jours\/"},"author":{"name":"Yusra NY","@id":"https:\/\/kapitalis.com\/tunisie\/#\/schema\/person\/74bbde0154d49d790a92aaeac5bc01d5"},"headline":"Moknine : une grand-m\u00e8re arr\u00eat\u00e9e pour avoir tu\u00e9, en 2016, son petit-fils de 13 jours !","datePublished":"2023-07-01T22:19:20+00:00","dateModified":"2023-07-02T07:20:01+00:00","mainEntityOfPage":{"@id":"https:\/\/kapitalis.com\/tunisie\/2023\/07\/01\/moknine-une-grand-mere-arretee-pour-avoir-tue-en-2016-son-petit-fils-de-13-jours\/"},"wordCount":244,"commentCount":2,"publisher":{"@id":"https:\/\/kapitalis.com\/tunisie\/#organization"},"image":{"@id":"https:\/\/kapitalis.com\/tunisie\/2023\/07\/01\/moknine-une-grand-mere-arretee-pour-avoir-tue-en-2016-son-petit-fils-de-13-jours\/#primaryimage"},"thumbnailUrl":"https:\/\/kapitalis.com\/tunisie\/wp-content\/uploads\/2022\/06\/bebe-1.jpg","keywords":["Moknine","Monastir","Tunisie"],"articleSection":["SOCIETE","Tunisie"],"inLanguage":"fr-FR","potentialAction":[{"@type":"CommentAction","name":"Comment","target":["https:\/\/kapitalis.com\/tunisie\/2023\/07\/01\/moknine-une-grand-mere-arretee-pour-avoir-tue-en-2016-son-petit-fils-de-13-jours\/#respond"]}]},{"@type":"WebPage","@id":"https:\/\/kapitalis.com\/tunisie\/2023\/07\/01\/moknine-une-grand-mere-arretee-pour-avoir-tue-en-2016-son-petit-fils-de-13-jours\/","url":"https:\/\/kapitalis.com\/tunisie\/2023\/07\/01\/moknine-une-grand-mere-arretee-pour-avoir-tue-en-2016-son-petit-fils-de-13-jours\/","name":"Moknine : une grand-m\u00e8re arr\u00eat\u00e9e pour avoir tu\u00e9, en 2016, son petit-fils de 13 jours ! - Kapitalis","isPartOf":{"@id":"https:\/\/kapitalis.com\/tunisie\/#website"},"primaryImageOfPage":{"@id":"https:\/\/kapitalis.com\/tunisie\/2023\/07\/01\/moknine-une-grand-mere-arretee-pour-avoir-tue-en-2016-son-petit-fils-de-13-jours\/#primaryimage"},"image":{"@id":"https:\/\/kapitalis.com\/tunisie\/2023\/07\/01\/moknine-une-grand-mere-arretee-pour-avoir-tue-en-2016-son-petit-fils-de-13-jours\/#primaryimage"},"thumbnailUrl":"https:\/\/kapitalis.com\/tunisie\/wp-content\/uploads\/2022\/06\/bebe-1.jpg","datePublished":"2023-07-01T22:19:20+00:00","dateModified":"2023-07-02T07:20:01+00:00","description":"Une plainte pour violence familiale a permis d'\u00e9lucider un crime qui a co\u00fbt\u00e9 la vie \u00e0 un b\u00e9b\u00e9 de 13 jours en 2016 \u00e0 Moknine : La grand-m\u00e8re a \u00e9t\u00e9 arr\u00eat\u00e9e et plac\u00e9e en d\u00e9tention 7 ans apr\u00e8s le meurtre !","breadcrumb":{"@id":"https:\/\/kapitalis.com\/tunisie\/2023\/07\/01\/moknine-une-grand-mere-arretee-pour-avoir-tue-en-2016-son-petit-fils-de-13-jours\/#breadcrumb"},"inLanguage":"fr-FR","potentialAction":[{"@type":"ReadAction","target":["https:\/\/kapitalis.com\/tunisie\/2023\/07\/01\/moknine-une-grand-mere-arretee-pour-avoir-tue-en-2016-son-petit-fils-de-13-jours\/"]}]},{"@type":"ImageObject","inLanguage":"fr-FR","@id":"https:\/\/kapitalis.com\/tunisie\/2023\/07\/01\/moknine-une-grand-mere-arretee-pour-avoir-tue-en-2016-son-petit-fils-de-13-jours\/#primaryimage","url":"https:\/\/kapitalis.com\/tunisie\/wp-content\/uploads\/2022\/06\/bebe-1.jpg","contentUrl":"https:\/\/kapitalis.com\/tunisie\/wp-content\/uploads\/2022\/06\/bebe-1.jpg","width":1200,"height":630},{"@type":"BreadcrumbList","@id":"https:\/\/kapitalis.com\/tunisie\/2023\/07\/01\/moknine-une-grand-mere-arretee-pour-avoir-tue-en-2016-son-petit-fils-de-13-jours\/#breadcrumb","itemListElement":[{"@type":"ListItem","position":1,"name":"Accueil","item":"https:\/\/kapitalis.com\/tunisie\/"},{"@type":"ListItem","position":2,"name":"Moknine : une grand-m\u00e8re arr\u00eat\u00e9e pour avoir tu\u00e9, en 2016, son petit-fils de 13 jours !"}]},{"@type":"WebSite","@id":"https:\/\/kapitalis.com\/tunisie\/#website","url":"https:\/\/kapitalis.com\/tunisie\/","name":"Kapitalis","description":"L&#039;actualit\u00e9 en Tunisie et dans le monde","publisher":{"@id":"https:\/\/kapitalis.com\/tunisie\/#organization"},"potentialAction":[{"@type":"SearchAction","target":{"@type":"EntryPoint","urlTemplate":"https:\/\/kapitalis.com\/tunisie\/?s={search_term_string}"},"query-input":{"@type":"PropertyValueSpecification","valueRequired":true,"valueName":"search_term_string"}}],"inLanguage":"fr-FR"},{"@type":"Organization","@id":"https:\/\/kapitalis.com\/tunisie\/#organization","name":"Kapitalis","url":"https:\/\/kapitalis.com\/tunisie\/","logo":{"@type":"ImageObject","inLanguage":"fr-FR","@id":"https:\/\/kapitalis.com\/tunisie\/#\/schema\/logo\/image\/","url":"https:\/\/kapitalis.com\/tunisie\/wp-content\/uploads\/2022\/05\/Kapitalis-big-size.png","contentUrl":"https:\/\/kapitalis.com\/tunisie\/wp-content\/uploads\/2022\/05\/Kapitalis-big-size.png","width":5000,"height":1500,"caption":"Kapitalis"},"image":{"@id":"https:\/\/kapitalis.com\/tunisie\/#\/schema\/logo\/image\/"},"sameAs":["https:\/\/www.facebook.com\/KapitalisInfo\/","https:\/\/x.com\/KapitalisInfo","https:\/\/www.youtube.com\/channel\/UC-yDYrHyfFBWWZaOw3FPg9Q"]},{"@type":"Person","@id":"https:\/\/kapitalis.com\/tunisie\/#\/schema\/person\/74bbde0154d49d790a92aaeac5bc01d5","name":"Yusra NY","url":"https:\/\/kapitalis.com\/tunisie\/author\/yuza_adam\/"}]}},"_links":{"self":[{"href":"https:\/\/kapitalis.com\/tunisie\/wp-json\/wp\/v2\/posts\/8635732","targetHints":{"allow":["GET"]}}],"collection":[{"href":"https:\/\/kapitalis.com\/tunisie\/wp-json\/wp\/v2\/posts"}],"about":[{"href":"https:\/\/kapitalis.com\/tunisie\/wp-json\/wp\/v2\/types\/post"}],"author":[{"embeddable":true,"href":"https:\/\/kapitalis.com\/tunisie\/wp-json\/wp\/v2\/users\/6"}],"replies":[{"embeddable":true,"href":"https:\/\/kapitalis.com\/tunisie\/wp-json\/wp\/v2\/comments?post=8635732"}],"version-history":[{"count":3,"href":"https:\/\/kapitalis.com\/tunisie\/wp-json\/wp\/v2\/posts\/8635732\/revisions"}],"predecessor-version":[{"id":8638776,"href":"https:\/\/kapitalis.com\/tunisie\/wp-json\/wp\/v2\/posts\/8635732\/revisions\/8638776"}],"wp:featuredmedia":[{"embeddable":true,"href":"https:\/\/kapitalis.com\/tunisie\/wp-json\/wp\/v2\/media\/1532114"}],"wp:attachment":[{"href":"https:\/\/kapitalis.com\/tunisie\/wp-json\/wp\/v2\/media?parent=8635732"}],"wp:term":[{"taxonomy":"category","embeddable":true,"href":"https:\/\/kapitalis.com\/tunisie\/wp-json\/wp\/v2\/categories?post=8635732"},{"taxonomy":"post_tag","embeddable":true,"href":"https:\/\/kapitalis.com\/tunisie\/wp-json\/wp\/v2\/tags?post=8635732"}],"curies":[{"name":"wp","href":"https:\/\/api.w.org\/{rel}","templated":true}]}}