{"id":86532,"date":"2017-03-11T15:37:41","date_gmt":"2017-03-11T14:37:41","guid":{"rendered":"http:\/\/kapitalis.com\/tunisie\/?p=86532"},"modified":"2017-03-11T15:37:41","modified_gmt":"2017-03-11T14:37:41","slug":"bardo-debut-de-semaine-charge-a-lassemblee","status":"publish","type":"post","link":"https:\/\/kapitalis.com\/tunisie\/2017\/03\/11\/bardo-debut-de-semaine-charge-a-lassemblee\/","title":{"rendered":"Bardo: D\u00e9but de semaine charg\u00e9 \u00e0 l\u2019Assembl\u00e9e"},"content":{"rendered":"<p style=\"text-align: center;\"><img loading=\"lazy\" decoding=\"async\" class=\"alignnone size-full wp-image-47604\" src=\"http:\/\/kapitalis.com\/tunisie\/wp-content\/uploads\/2016\/04\/Assemblee.jpg\" alt=\"\" width=\"626\" height=\"380\" \/><\/p>\n<p><em><strong>Huit projets de lois seront examin\u00e9s par l\u2019Assembl\u00e9e des repr\u00e9sentants du peuple (ARP) lors des s\u00e9ances pl\u00e9ni\u00e8res du mardi et mercredi 14 et 15 mars 2017.<\/strong> <\/em><\/p>\n<p><!--more--><\/p>\n<p>Parmi ces projets de lois, deux concernent l\u2019organisation du travail des commissions parlementaires et des commissions d\u2019enqu\u00eate parlementaires.<\/p>\n<p>Il y aura aussi un projet de loi organique portant sur l\u2019adh\u00e9sion de la Tunisie \u00e0 la Convention du 15 novembre 1965 relative \u00e0 <em>\u00abla signification et la notification \u00e0 l&rsquo;\u00e9tranger des actes judiciaires et extrajudiciaires en mati\u00e8re civile ou commerciale\u00bb.<\/em><\/p>\n<p>Les autres projets de lois concernent les engagements financiers de la Tunisie vis-\u00e0-vis des bailleurs de fonds \u00e9trangers, notamment le contrat de garantie conclu le 26 mai 2016 avec la Banque europ\u00e9enne d\u2019investissement (BEI) relatif \u00e0 un cr\u00e9dit compl\u00e9mentaire d\u2019un montant de 19 millions d\u2019euros au profit du Groupe chimique tunisien (GCT) pour l\u2019ach\u00e8vement du programme de r\u00e9habilitation environnementale d\u2019un montant.<\/p>\n<p>Au menu des discussions, aussi, des accords financiers conclus entre le gouvernement tunisien et des institutions financi\u00e8res fran\u00e7aises, allemandes et n\u00e9erlandaises.<\/p>\n<p style=\"text-align: right;\"><strong>A. K.<\/strong><\/p>\n","protected":false},"excerpt":{"rendered":"<p>Huit projets de lois seront examin\u00e9s par l\u2019Assembl\u00e9e des repr\u00e9sentants du peuple (ARP) lors des s\u00e9ances pl\u00e9ni\u00e8res du mardi et mercredi 14 et 15 mars 2017.<\/p>\n","protected":false},"author":8,"featured_media":0,"comment_status":"open","ping_status":"open","sticky":false,"template":"","format":"standard","meta":{"footnotes":""},"categories":[997,2433],"tags":[4638,6365,1044],"class_list":["post-86532","post","type-post","status-publish","format-standard","hentry","category-politique","category-tunisie","tag-assemblee-des-representants-du-peuple","tag-banque-europeenne-dinvestissement","tag-groupe-chimique-tunisien"],"yoast_head":"<!-- This site is optimized with the Yoast SEO plugin v26.6 - https:\/\/yoast.com\/wordpress\/plugins\/seo\/ -->\n<title>Bardo: D\u00e9but de semaine charg\u00e9 \u00e0 l\u2019Assembl\u00e9e - Kapitalis<\/title>\n<meta name=\"robots\" content=\"index, follow, max-snippet:-1, max-image-preview:large, max-video-preview:-1\" \/>\n<link rel=\"canonical\" href=\"https:\/\/kapitalis.com\/tunisie\/2017\/03\/11\/bardo-debut-de-semaine-charge-a-lassemblee\/\" \/>\n<meta property=\"og:locale\" content=\"fr_FR\" \/>\n<meta property=\"og:type\" content=\"article\" \/>\n<meta property=\"og:title\" content=\"Bardo: D\u00e9but de semaine charg\u00e9 \u00e0 l\u2019Assembl\u00e9e - Kapitalis\" \/>\n<meta property=\"og:description\" content=\"Huit projets de lois seront examin\u00e9s par l\u2019Assembl\u00e9e des repr\u00e9sentants du peuple (ARP) lors des s\u00e9ances pl\u00e9ni\u00e8res du mardi et mercredi 14 et 15 mars 2017.\" \/>\n<meta property=\"og:url\" content=\"https:\/\/kapitalis.com\/tunisie\/2017\/03\/11\/bardo-debut-de-semaine-charge-a-lassemblee\/\" \/>\n<meta property=\"og:site_name\" content=\"Kapitalis\" \/>\n<meta property=\"article:publisher\" content=\"https:\/\/www.facebook.com\/KapitalisInfo\/\" \/>\n<meta property=\"article:published_time\" content=\"2017-03-11T14:37:41+00:00\" \/>\n<meta property=\"og:image\" content=\"http:\/\/kapitalis.com\/tunisie\/wp-content\/uploads\/2016\/04\/Assemblee.jpg\" \/>\n<meta name=\"author\" content=\"webmaster kapitalis\" \/>\n<meta name=\"twitter:card\" content=\"summary_large_image\" \/>\n<meta name=\"twitter:creator\" content=\"@KapitalisInfo\" \/>\n<meta name=\"twitter:site\" content=\"@KapitalisInfo\" \/>\n<meta name=\"twitter:label1\" content=\"\u00c9crit par\" \/>\n\t<meta name=\"twitter:data1\" content=\"webmaster kapitalis\" \/>\n\t<meta name=\"twitter:label2\" content=\"Dur\u00e9e de lecture estim\u00e9e\" \/>\n\t<meta name=\"twitter:data2\" content=\"1 minute\" \/>\n<script type=\"application\/ld+json\" class=\"yoast-schema-graph\">{\"@context\":\"https:\/\/schema.org\",\"@graph\":[{\"@type\":\"Article\",\"@id\":\"https:\/\/kapitalis.com\/tunisie\/2017\/03\/11\/bardo-debut-de-semaine-charge-a-lassemblee\/#article\",\"isPartOf\":{\"@id\":\"https:\/\/kapitalis.com\/tunisie\/2017\/03\/11\/bardo-debut-de-semaine-charge-a-lassemblee\/\"},\"author\":{\"name\":\"webmaster kapitalis\",\"@id\":\"https:\/\/kapitalis.com\/tunisie\/#\/schema\/person\/d71f33a9ca44f7bad4698210b480c8e9\"},\"headline\":\"Bardo: D\u00e9but de semaine charg\u00e9 \u00e0 l\u2019Assembl\u00e9e\",\"datePublished\":\"2017-03-11T14:37:41+00:00\",\"mainEntityOfPage\":{\"@id\":\"https:\/\/kapitalis.com\/tunisie\/2017\/03\/11\/bardo-debut-de-semaine-charge-a-lassemblee\/\"},\"wordCount\":194,\"commentCount\":1,\"publisher\":{\"@id\":\"https:\/\/kapitalis.com\/tunisie\/#organization\"},\"image\":{\"@id\":\"https:\/\/kapitalis.com\/tunisie\/2017\/03\/11\/bardo-debut-de-semaine-charge-a-lassemblee\/#primaryimage\"},\"thumbnailUrl\":\"http:\/\/kapitalis.com\/tunisie\/wp-content\/uploads\/2016\/04\/Assemblee.jpg\",\"keywords\":[\"Assembl\u00e9e des repr\u00e9sentants du peuple\",\"Banque europ\u00e9enne d\u2019investissement\",\"Groupe chimique tunisien\"],\"articleSection\":[\"POLITIQUE\",\"Tunisie\"],\"inLanguage\":\"fr-FR\",\"potentialAction\":[{\"@type\":\"CommentAction\",\"name\":\"Comment\",\"target\":[\"https:\/\/kapitalis.com\/tunisie\/2017\/03\/11\/bardo-debut-de-semaine-charge-a-lassemblee\/#respond\"]}]},{\"@type\":\"WebPage\",\"@id\":\"https:\/\/kapitalis.com\/tunisie\/2017\/03\/11\/bardo-debut-de-semaine-charge-a-lassemblee\/\",\"url\":\"https:\/\/kapitalis.com\/tunisie\/2017\/03\/11\/bardo-debut-de-semaine-charge-a-lassemblee\/\",\"name\":\"Bardo: D\u00e9but de semaine charg\u00e9 \u00e0 l\u2019Assembl\u00e9e - Kapitalis\",\"isPartOf\":{\"@id\":\"https:\/\/kapitalis.com\/tunisie\/#website\"},\"primaryImageOfPage\":{\"@id\":\"https:\/\/kapitalis.com\/tunisie\/2017\/03\/11\/bardo-debut-de-semaine-charge-a-lassemblee\/#primaryimage\"},\"image\":{\"@id\":\"https:\/\/kapitalis.com\/tunisie\/2017\/03\/11\/bardo-debut-de-semaine-charge-a-lassemblee\/#primaryimage\"},\"thumbnailUrl\":\"http:\/\/kapitalis.com\/tunisie\/wp-content\/uploads\/2016\/04\/Assemblee.jpg\",\"datePublished\":\"2017-03-11T14:37:41+00:00\",\"breadcrumb\":{\"@id\":\"https:\/\/kapitalis.com\/tunisie\/2017\/03\/11\/bardo-debut-de-semaine-charge-a-lassemblee\/#breadcrumb\"},\"inLanguage\":\"fr-FR\",\"potentialAction\":[{\"@type\":\"ReadAction\",\"target\":[\"https:\/\/kapitalis.com\/tunisie\/2017\/03\/11\/bardo-debut-de-semaine-charge-a-lassemblee\/\"]}]},{\"@type\":\"ImageObject\",\"inLanguage\":\"fr-FR\",\"@id\":\"https:\/\/kapitalis.com\/tunisie\/2017\/03\/11\/bardo-debut-de-semaine-charge-a-lassemblee\/#primaryimage\",\"url\":\"http:\/\/kapitalis.com\/tunisie\/wp-content\/uploads\/2016\/04\/Assemblee.jpg\",\"contentUrl\":\"http:\/\/kapitalis.com\/tunisie\/wp-content\/uploads\/2016\/04\/Assemblee.jpg\"},{\"@type\":\"BreadcrumbList\",\"@id\":\"https:\/\/kapitalis.com\/tunisie\/2017\/03\/11\/bardo-debut-de-semaine-charge-a-lassemblee\/#breadcrumb\",\"itemListElement\":[{\"@type\":\"ListItem\",\"position\":1,\"name\":\"Accueil\",\"item\":\"https:\/\/kapitalis.com\/tunisie\/\"},{\"@type\":\"ListItem\",\"position\":2,\"name\":\"Bardo: D\u00e9but de semaine charg\u00e9 \u00e0 l\u2019Assembl\u00e9e\"}]},{\"@type\":\"WebSite\",\"@id\":\"https:\/\/kapitalis.com\/tunisie\/#website\",\"url\":\"https:\/\/kapitalis.com\/tunisie\/\",\"name\":\"Kapitalis\",\"description\":\"L&#039;actualit\u00e9 en Tunisie et dans le monde\",\"publisher\":{\"@id\":\"https:\/\/kapitalis.com\/tunisie\/#organization\"},\"potentialAction\":[{\"@type\":\"SearchAction\",\"target\":{\"@type\":\"EntryPoint\",\"urlTemplate\":\"https:\/\/kapitalis.com\/tunisie\/?s={search_term_string}\"},\"query-input\":{\"@type\":\"PropertyValueSpecification\",\"valueRequired\":true,\"valueName\":\"search_term_string\"}}],\"inLanguage\":\"fr-FR\"},{\"@type\":\"Organization\",\"@id\":\"https:\/\/kapitalis.com\/tunisie\/#organization\",\"name\":\"Kapitalis\",\"url\":\"https:\/\/kapitalis.com\/tunisie\/\",\"logo\":{\"@type\":\"ImageObject\",\"inLanguage\":\"fr-FR\",\"@id\":\"https:\/\/kapitalis.com\/tunisie\/#\/schema\/logo\/image\/\",\"url\":\"https:\/\/kapitalis.com\/tunisie\/wp-content\/uploads\/2022\/05\/Kapitalis-big-size.png\",\"contentUrl\":\"https:\/\/kapitalis.com\/tunisie\/wp-content\/uploads\/2022\/05\/Kapitalis-big-size.png\",\"width\":5000,\"height\":1500,\"caption\":\"Kapitalis\"},\"image\":{\"@id\":\"https:\/\/kapitalis.com\/tunisie\/#\/schema\/logo\/image\/\"},\"sameAs\":[\"https:\/\/www.facebook.com\/KapitalisInfo\/\",\"https:\/\/x.com\/KapitalisInfo\",\"https:\/\/www.youtube.com\/channel\/UC-yDYrHyfFBWWZaOw3FPg9Q\"]},{\"@type\":\"Person\",\"@id\":\"https:\/\/kapitalis.com\/tunisie\/#\/schema\/person\/d71f33a9ca44f7bad4698210b480c8e9\",\"name\":\"webmaster kapitalis\",\"url\":\"https:\/\/kapitalis.com\/tunisie\/author\/webmaster-kapitalis\/\"}]}<\/script>\n<!-- \/ Yoast SEO plugin. -->","yoast_head_json":{"title":"Bardo: D\u00e9but de semaine charg\u00e9 \u00e0 l\u2019Assembl\u00e9e - Kapitalis","robots":{"index":"index","follow":"follow","max-snippet":"max-snippet:-1","max-image-preview":"max-image-preview:large","max-video-preview":"max-video-preview:-1"},"canonical":"https:\/\/kapitalis.com\/tunisie\/2017\/03\/11\/bardo-debut-de-semaine-charge-a-lassemblee\/","og_locale":"fr_FR","og_type":"article","og_title":"Bardo: D\u00e9but de semaine charg\u00e9 \u00e0 l\u2019Assembl\u00e9e - Kapitalis","og_description":"Huit projets de lois seront examin\u00e9s par l\u2019Assembl\u00e9e des repr\u00e9sentants du peuple (ARP) lors des s\u00e9ances pl\u00e9ni\u00e8res du mardi et mercredi 14 et 15 mars 2017.","og_url":"https:\/\/kapitalis.com\/tunisie\/2017\/03\/11\/bardo-debut-de-semaine-charge-a-lassemblee\/","og_site_name":"Kapitalis","article_publisher":"https:\/\/www.facebook.com\/KapitalisInfo\/","article_published_time":"2017-03-11T14:37:41+00:00","og_image":[{"url":"http:\/\/kapitalis.com\/tunisie\/wp-content\/uploads\/2016\/04\/Assemblee.jpg","type":"","width":"","height":""}],"author":"webmaster kapitalis","twitter_card":"summary_large_image","twitter_creator":"@KapitalisInfo","twitter_site":"@KapitalisInfo","twitter_misc":{"\u00c9crit par":"webmaster kapitalis","Dur\u00e9e de lecture estim\u00e9e":"1 minute"},"schema":{"@context":"https:\/\/schema.org","@graph":[{"@type":"Article","@id":"https:\/\/kapitalis.com\/tunisie\/2017\/03\/11\/bardo-debut-de-semaine-charge-a-lassemblee\/#article","isPartOf":{"@id":"https:\/\/kapitalis.com\/tunisie\/2017\/03\/11\/bardo-debut-de-semaine-charge-a-lassemblee\/"},"author":{"name":"webmaster kapitalis","@id":"https:\/\/kapitalis.com\/tunisie\/#\/schema\/person\/d71f33a9ca44f7bad4698210b480c8e9"},"headline":"Bardo: D\u00e9but de semaine charg\u00e9 \u00e0 l\u2019Assembl\u00e9e","datePublished":"2017-03-11T14:37:41+00:00","mainEntityOfPage":{"@id":"https:\/\/kapitalis.com\/tunisie\/2017\/03\/11\/bardo-debut-de-semaine-charge-a-lassemblee\/"},"wordCount":194,"commentCount":1,"publisher":{"@id":"https:\/\/kapitalis.com\/tunisie\/#organization"},"image":{"@id":"https:\/\/kapitalis.com\/tunisie\/2017\/03\/11\/bardo-debut-de-semaine-charge-a-lassemblee\/#primaryimage"},"thumbnailUrl":"http:\/\/kapitalis.com\/tunisie\/wp-content\/uploads\/2016\/04\/Assemblee.jpg","keywords":["Assembl\u00e9e des repr\u00e9sentants du peuple","Banque europ\u00e9enne d\u2019investissement","Groupe chimique tunisien"],"articleSection":["POLITIQUE","Tunisie"],"inLanguage":"fr-FR","potentialAction":[{"@type":"CommentAction","name":"Comment","target":["https:\/\/kapitalis.com\/tunisie\/2017\/03\/11\/bardo-debut-de-semaine-charge-a-lassemblee\/#respond"]}]},{"@type":"WebPage","@id":"https:\/\/kapitalis.com\/tunisie\/2017\/03\/11\/bardo-debut-de-semaine-charge-a-lassemblee\/","url":"https:\/\/kapitalis.com\/tunisie\/2017\/03\/11\/bardo-debut-de-semaine-charge-a-lassemblee\/","name":"Bardo: D\u00e9but de semaine charg\u00e9 \u00e0 l\u2019Assembl\u00e9e - Kapitalis","isPartOf":{"@id":"https:\/\/kapitalis.com\/tunisie\/#website"},"primaryImageOfPage":{"@id":"https:\/\/kapitalis.com\/tunisie\/2017\/03\/11\/bardo-debut-de-semaine-charge-a-lassemblee\/#primaryimage"},"image":{"@id":"https:\/\/kapitalis.com\/tunisie\/2017\/03\/11\/bardo-debut-de-semaine-charge-a-lassemblee\/#primaryimage"},"thumbnailUrl":"http:\/\/kapitalis.com\/tunisie\/wp-content\/uploads\/2016\/04\/Assemblee.jpg","datePublished":"2017-03-11T14:37:41+00:00","breadcrumb":{"@id":"https:\/\/kapitalis.com\/tunisie\/2017\/03\/11\/bardo-debut-de-semaine-charge-a-lassemblee\/#breadcrumb"},"inLanguage":"fr-FR","potentialAction":[{"@type":"ReadAction","target":["https:\/\/kapitalis.com\/tunisie\/2017\/03\/11\/bardo-debut-de-semaine-charge-a-lassemblee\/"]}]},{"@type":"ImageObject","inLanguage":"fr-FR","@id":"https:\/\/kapitalis.com\/tunisie\/2017\/03\/11\/bardo-debut-de-semaine-charge-a-lassemblee\/#primaryimage","url":"http:\/\/kapitalis.com\/tunisie\/wp-content\/uploads\/2016\/04\/Assemblee.jpg","contentUrl":"http:\/\/kapitalis.com\/tunisie\/wp-content\/uploads\/2016\/04\/Assemblee.jpg"},{"@type":"BreadcrumbList","@id":"https:\/\/kapitalis.com\/tunisie\/2017\/03\/11\/bardo-debut-de-semaine-charge-a-lassemblee\/#breadcrumb","itemListElement":[{"@type":"ListItem","position":1,"name":"Accueil","item":"https:\/\/kapitalis.com\/tunisie\/"},{"@type":"ListItem","position":2,"name":"Bardo: D\u00e9but de semaine charg\u00e9 \u00e0 l\u2019Assembl\u00e9e"}]},{"@type":"WebSite","@id":"https:\/\/kapitalis.com\/tunisie\/#website","url":"https:\/\/kapitalis.com\/tunisie\/","name":"Kapitalis","description":"L&#039;actualit\u00e9 en Tunisie et dans le monde","publisher":{"@id":"https:\/\/kapitalis.com\/tunisie\/#organization"},"potentialAction":[{"@type":"SearchAction","target":{"@type":"EntryPoint","urlTemplate":"https:\/\/kapitalis.com\/tunisie\/?s={search_term_string}"},"query-input":{"@type":"PropertyValueSpecification","valueRequired":true,"valueName":"search_term_string"}}],"inLanguage":"fr-FR"},{"@type":"Organization","@id":"https:\/\/kapitalis.com\/tunisie\/#organization","name":"Kapitalis","url":"https:\/\/kapitalis.com\/tunisie\/","logo":{"@type":"ImageObject","inLanguage":"fr-FR","@id":"https:\/\/kapitalis.com\/tunisie\/#\/schema\/logo\/image\/","url":"https:\/\/kapitalis.com\/tunisie\/wp-content\/uploads\/2022\/05\/Kapitalis-big-size.png","contentUrl":"https:\/\/kapitalis.com\/tunisie\/wp-content\/uploads\/2022\/05\/Kapitalis-big-size.png","width":5000,"height":1500,"caption":"Kapitalis"},"image":{"@id":"https:\/\/kapitalis.com\/tunisie\/#\/schema\/logo\/image\/"},"sameAs":["https:\/\/www.facebook.com\/KapitalisInfo\/","https:\/\/x.com\/KapitalisInfo","https:\/\/www.youtube.com\/channel\/UC-yDYrHyfFBWWZaOw3FPg9Q"]},{"@type":"Person","@id":"https:\/\/kapitalis.com\/tunisie\/#\/schema\/person\/d71f33a9ca44f7bad4698210b480c8e9","name":"webmaster kapitalis","url":"https:\/\/kapitalis.com\/tunisie\/author\/webmaster-kapitalis\/"}]}},"_links":{"self":[{"href":"https:\/\/kapitalis.com\/tunisie\/wp-json\/wp\/v2\/posts\/86532","targetHints":{"allow":["GET"]}}],"collection":[{"href":"https:\/\/kapitalis.com\/tunisie\/wp-json\/wp\/v2\/posts"}],"about":[{"href":"https:\/\/kapitalis.com\/tunisie\/wp-json\/wp\/v2\/types\/post"}],"author":[{"embeddable":true,"href":"https:\/\/kapitalis.com\/tunisie\/wp-json\/wp\/v2\/users\/8"}],"replies":[{"embeddable":true,"href":"https:\/\/kapitalis.com\/tunisie\/wp-json\/wp\/v2\/comments?post=86532"}],"version-history":[{"count":0,"href":"https:\/\/kapitalis.com\/tunisie\/wp-json\/wp\/v2\/posts\/86532\/revisions"}],"wp:attachment":[{"href":"https:\/\/kapitalis.com\/tunisie\/wp-json\/wp\/v2\/media?parent=86532"}],"wp:term":[{"taxonomy":"category","embeddable":true,"href":"https:\/\/kapitalis.com\/tunisie\/wp-json\/wp\/v2\/categories?post=86532"},{"taxonomy":"post_tag","embeddable":true,"href":"https:\/\/kapitalis.com\/tunisie\/wp-json\/wp\/v2\/tags?post=86532"}],"curies":[{"name":"wp","href":"https:\/\/api.w.org\/{rel}","templated":true}]}}