{"id":86542,"date":"2017-03-12T08:13:26","date_gmt":"2017-03-12T07:13:26","guid":{"rendered":"http:\/\/kapitalis.com\/tunisie\/?p=86542"},"modified":"2017-03-12T08:13:26","modified_gmt":"2017-03-12T07:13:26","slug":"les-medecins-anesthesistes-reanimateurs-en-greve-les-14-et-15-mars","status":"publish","type":"post","link":"https:\/\/kapitalis.com\/tunisie\/2017\/03\/12\/les-medecins-anesthesistes-reanimateurs-en-greve-les-14-et-15-mars\/","title":{"rendered":"Les m\u00e9decins anesth\u00e9sistes-r\u00e9animateurs en gr\u00e8ve les 14 et 15 mars"},"content":{"rendered":"<p><img loading=\"lazy\" decoding=\"async\" class=\"alignnone size-full wp-image-82289 aligncenter\" src=\"http:\/\/kapitalis.com\/tunisie\/wp-content\/uploads\/2017\/02\/Manif-de-medecins-Kasbah.jpg\" alt=\"\" width=\"626\" height=\"380\" \/><\/p>\n<p style=\"text-align: center;\"><em>Manifestation des m\u00e9decins le 9 f\u00e9vrier 2017 \u00e0 la Kasbah.\u00a0<\/em><\/p>\n<p><em><strong>Les m\u00e9decins anesth\u00e9sistes-r\u00e9animateurs ont d\u00e9cid\u00e9 d\u2019observer une gr\u00e8ve g\u00e9n\u00e9rale les mardi 14 et mercredi 15 mars 2017.<\/strong> <\/em><\/p>\n<p><!--more--><\/p>\n<p>Cette gr\u00e8ve, d\u00e9cid\u00e9e \u00e0 l\u2019issue d\u2019une assembl\u00e9e g\u00e9n\u00e9rale qui s\u2019est tenue samedi 11 mars 2017, touchera aussi bien le secteur public que le secteur priv\u00e9.<\/p>\n<p>Par ailleurs, tous les m\u00e9decins de Tunisie (toutes sp\u00e9cialit\u00e9s confondues) sont convi\u00e9s \u00e0 assister \u00e0 une assembl\u00e9e extraordinaire, le mardi 14 \u00e0 midi, \u00e0 la facult\u00e9 de m\u00e9decine de Tunis pour une d\u00e9cision de gr\u00e8ve g\u00e9n\u00e9rale, public et priv\u00e9, dont la date et la dur\u00e9e seront pr\u00e9cis\u00e9es le jour m\u00eame.<\/p>\n<p>Cette gr\u00e8ve vise \u00e0 faire acc\u00e9l\u00e9rer l\u2019examen du projet de loi sur la responsabilit\u00e9 m\u00e9dicale, qui prot\u00e8ge aussi bien les patients et les m\u00e9decins.<\/p>\n<p>Rappelons qu\u2019\u00e0 la suite de l\u2019arrestation d\u2019un m\u00e9decin \u00e0 Gab\u00e8s pour une erreur de transfusion sanguine ayant entra\u00een\u00e9 la mort d\u2019un patient et d\u2019une r\u00e9sidente accus\u00e9e de n\u00e9gligence ayant entra\u00een\u00e9 la mort d\u2019un nouveau-n\u00e9 de 6 mois \u00e0 l\u2019h\u00f4pital Farhat Hached, les m\u00e9decins ont lanc\u00e9, en f\u00e9vrier dernier, plusieurs mouvements de protestation, \u00e0 Tunis, devant le palais du gouvernement, \u00e0 la Kasbah, et au Bardo, devant l\u2019Assembl\u00e9e des repr\u00e9sentants du peuple (ARP), mais aussi \u00e0 Sousse, \u00e0 Gab\u00e8s et dans d\u2019autres villes.<\/p>\n<p style=\"text-align: right;\"><strong>I. B.<\/strong><\/p>\n","protected":false},"excerpt":{"rendered":"<p>Manifestation des m\u00e9decins le 9 f\u00e9vrier 2017 \u00e0 la Kasbah.\u00a0 Les m\u00e9decins anesth\u00e9sistes-r\u00e9animateurs ont d\u00e9cid\u00e9 d\u2019observer une gr\u00e8ve g\u00e9n\u00e9rale les mardi 14 et mercredi 15 mars 2017.<\/p>\n","protected":false},"author":8,"featured_media":0,"comment_status":"open","ping_status":"open","sticky":false,"template":"","format":"standard","meta":{"footnotes":""},"categories":[998,2433],"tags":[425],"class_list":["post-86542","post","type-post","status-publish","format-standard","hentry","category-societe","category-tunisie","tag-greve"],"yoast_head":"<!-- This site is optimized with the Yoast SEO plugin v26.6 - https:\/\/yoast.com\/wordpress\/plugins\/seo\/ -->\n<title>Les m\u00e9decins anesth\u00e9sistes-r\u00e9animateurs en gr\u00e8ve les 14 et 15 mars - Kapitalis<\/title>\n<meta name=\"robots\" content=\"index, follow, max-snippet:-1, max-image-preview:large, max-video-preview:-1\" \/>\n<link rel=\"canonical\" href=\"https:\/\/kapitalis.com\/tunisie\/2017\/03\/12\/les-medecins-anesthesistes-reanimateurs-en-greve-les-14-et-15-mars\/\" \/>\n<meta property=\"og:locale\" content=\"fr_FR\" \/>\n<meta property=\"og:type\" content=\"article\" \/>\n<meta property=\"og:title\" content=\"Les m\u00e9decins anesth\u00e9sistes-r\u00e9animateurs en gr\u00e8ve les 14 et 15 mars - Kapitalis\" \/>\n<meta property=\"og:description\" content=\"Manifestation des m\u00e9decins le 9 f\u00e9vrier 2017 \u00e0 la Kasbah.\u00a0 Les m\u00e9decins anesth\u00e9sistes-r\u00e9animateurs ont d\u00e9cid\u00e9 d\u2019observer une gr\u00e8ve g\u00e9n\u00e9rale les mardi 14 et mercredi 15 mars 2017.\" \/>\n<meta property=\"og:url\" content=\"https:\/\/kapitalis.com\/tunisie\/2017\/03\/12\/les-medecins-anesthesistes-reanimateurs-en-greve-les-14-et-15-mars\/\" \/>\n<meta property=\"og:site_name\" content=\"Kapitalis\" \/>\n<meta property=\"article:publisher\" content=\"https:\/\/www.facebook.com\/KapitalisInfo\/\" \/>\n<meta property=\"article:published_time\" content=\"2017-03-12T07:13:26+00:00\" \/>\n<meta property=\"og:image\" content=\"http:\/\/kapitalis.com\/tunisie\/wp-content\/uploads\/2017\/02\/Manif-de-medecins-Kasbah.jpg\" \/>\n<meta name=\"author\" content=\"webmaster kapitalis\" \/>\n<meta name=\"twitter:card\" content=\"summary_large_image\" \/>\n<meta name=\"twitter:creator\" content=\"@KapitalisInfo\" \/>\n<meta name=\"twitter:site\" content=\"@KapitalisInfo\" \/>\n<meta name=\"twitter:label1\" content=\"\u00c9crit par\" \/>\n\t<meta name=\"twitter:data1\" content=\"webmaster kapitalis\" \/>\n\t<meta name=\"twitter:label2\" content=\"Dur\u00e9e de lecture estim\u00e9e\" \/>\n\t<meta name=\"twitter:data2\" content=\"1 minute\" \/>\n<script type=\"application\/ld+json\" class=\"yoast-schema-graph\">{\"@context\":\"https:\/\/schema.org\",\"@graph\":[{\"@type\":\"Article\",\"@id\":\"https:\/\/kapitalis.com\/tunisie\/2017\/03\/12\/les-medecins-anesthesistes-reanimateurs-en-greve-les-14-et-15-mars\/#article\",\"isPartOf\":{\"@id\":\"https:\/\/kapitalis.com\/tunisie\/2017\/03\/12\/les-medecins-anesthesistes-reanimateurs-en-greve-les-14-et-15-mars\/\"},\"author\":{\"name\":\"webmaster kapitalis\",\"@id\":\"https:\/\/kapitalis.com\/tunisie\/#\/schema\/person\/d71f33a9ca44f7bad4698210b480c8e9\"},\"headline\":\"Les m\u00e9decins anesth\u00e9sistes-r\u00e9animateurs en gr\u00e8ve les 14 et 15 mars\",\"datePublished\":\"2017-03-12T07:13:26+00:00\",\"mainEntityOfPage\":{\"@id\":\"https:\/\/kapitalis.com\/tunisie\/2017\/03\/12\/les-medecins-anesthesistes-reanimateurs-en-greve-les-14-et-15-mars\/\"},\"wordCount\":261,\"commentCount\":0,\"publisher\":{\"@id\":\"https:\/\/kapitalis.com\/tunisie\/#organization\"},\"image\":{\"@id\":\"https:\/\/kapitalis.com\/tunisie\/2017\/03\/12\/les-medecins-anesthesistes-reanimateurs-en-greve-les-14-et-15-mars\/#primaryimage\"},\"thumbnailUrl\":\"http:\/\/kapitalis.com\/tunisie\/wp-content\/uploads\/2017\/02\/Manif-de-medecins-Kasbah.jpg\",\"keywords\":[\"gr\u00e8ve\"],\"articleSection\":[\"SOCIETE\",\"Tunisie\"],\"inLanguage\":\"fr-FR\",\"potentialAction\":[{\"@type\":\"CommentAction\",\"name\":\"Comment\",\"target\":[\"https:\/\/kapitalis.com\/tunisie\/2017\/03\/12\/les-medecins-anesthesistes-reanimateurs-en-greve-les-14-et-15-mars\/#respond\"]}]},{\"@type\":\"WebPage\",\"@id\":\"https:\/\/kapitalis.com\/tunisie\/2017\/03\/12\/les-medecins-anesthesistes-reanimateurs-en-greve-les-14-et-15-mars\/\",\"url\":\"https:\/\/kapitalis.com\/tunisie\/2017\/03\/12\/les-medecins-anesthesistes-reanimateurs-en-greve-les-14-et-15-mars\/\",\"name\":\"Les m\u00e9decins anesth\u00e9sistes-r\u00e9animateurs en gr\u00e8ve les 14 et 15 mars - Kapitalis\",\"isPartOf\":{\"@id\":\"https:\/\/kapitalis.com\/tunisie\/#website\"},\"primaryImageOfPage\":{\"@id\":\"https:\/\/kapitalis.com\/tunisie\/2017\/03\/12\/les-medecins-anesthesistes-reanimateurs-en-greve-les-14-et-15-mars\/#primaryimage\"},\"image\":{\"@id\":\"https:\/\/kapitalis.com\/tunisie\/2017\/03\/12\/les-medecins-anesthesistes-reanimateurs-en-greve-les-14-et-15-mars\/#primaryimage\"},\"thumbnailUrl\":\"http:\/\/kapitalis.com\/tunisie\/wp-content\/uploads\/2017\/02\/Manif-de-medecins-Kasbah.jpg\",\"datePublished\":\"2017-03-12T07:13:26+00:00\",\"breadcrumb\":{\"@id\":\"https:\/\/kapitalis.com\/tunisie\/2017\/03\/12\/les-medecins-anesthesistes-reanimateurs-en-greve-les-14-et-15-mars\/#breadcrumb\"},\"inLanguage\":\"fr-FR\",\"potentialAction\":[{\"@type\":\"ReadAction\",\"target\":[\"https:\/\/kapitalis.com\/tunisie\/2017\/03\/12\/les-medecins-anesthesistes-reanimateurs-en-greve-les-14-et-15-mars\/\"]}]},{\"@type\":\"ImageObject\",\"inLanguage\":\"fr-FR\",\"@id\":\"https:\/\/kapitalis.com\/tunisie\/2017\/03\/12\/les-medecins-anesthesistes-reanimateurs-en-greve-les-14-et-15-mars\/#primaryimage\",\"url\":\"http:\/\/kapitalis.com\/tunisie\/wp-content\/uploads\/2017\/02\/Manif-de-medecins-Kasbah.jpg\",\"contentUrl\":\"http:\/\/kapitalis.com\/tunisie\/wp-content\/uploads\/2017\/02\/Manif-de-medecins-Kasbah.jpg\"},{\"@type\":\"BreadcrumbList\",\"@id\":\"https:\/\/kapitalis.com\/tunisie\/2017\/03\/12\/les-medecins-anesthesistes-reanimateurs-en-greve-les-14-et-15-mars\/#breadcrumb\",\"itemListElement\":[{\"@type\":\"ListItem\",\"position\":1,\"name\":\"Accueil\",\"item\":\"https:\/\/kapitalis.com\/tunisie\/\"},{\"@type\":\"ListItem\",\"position\":2,\"name\":\"Les m\u00e9decins anesth\u00e9sistes-r\u00e9animateurs en gr\u00e8ve les 14 et 15 mars\"}]},{\"@type\":\"WebSite\",\"@id\":\"https:\/\/kapitalis.com\/tunisie\/#website\",\"url\":\"https:\/\/kapitalis.com\/tunisie\/\",\"name\":\"Kapitalis\",\"description\":\"L&#039;actualit\u00e9 en Tunisie et dans le monde\",\"publisher\":{\"@id\":\"https:\/\/kapitalis.com\/tunisie\/#organization\"},\"potentialAction\":[{\"@type\":\"SearchAction\",\"target\":{\"@type\":\"EntryPoint\",\"urlTemplate\":\"https:\/\/kapitalis.com\/tunisie\/?s={search_term_string}\"},\"query-input\":{\"@type\":\"PropertyValueSpecification\",\"valueRequired\":true,\"valueName\":\"search_term_string\"}}],\"inLanguage\":\"fr-FR\"},{\"@type\":\"Organization\",\"@id\":\"https:\/\/kapitalis.com\/tunisie\/#organization\",\"name\":\"Kapitalis\",\"url\":\"https:\/\/kapitalis.com\/tunisie\/\",\"logo\":{\"@type\":\"ImageObject\",\"inLanguage\":\"fr-FR\",\"@id\":\"https:\/\/kapitalis.com\/tunisie\/#\/schema\/logo\/image\/\",\"url\":\"https:\/\/kapitalis.com\/tunisie\/wp-content\/uploads\/2022\/05\/Kapitalis-big-size.png\",\"contentUrl\":\"https:\/\/kapitalis.com\/tunisie\/wp-content\/uploads\/2022\/05\/Kapitalis-big-size.png\",\"width\":5000,\"height\":1500,\"caption\":\"Kapitalis\"},\"image\":{\"@id\":\"https:\/\/kapitalis.com\/tunisie\/#\/schema\/logo\/image\/\"},\"sameAs\":[\"https:\/\/www.facebook.com\/KapitalisInfo\/\",\"https:\/\/x.com\/KapitalisInfo\",\"https:\/\/www.youtube.com\/channel\/UC-yDYrHyfFBWWZaOw3FPg9Q\"]},{\"@type\":\"Person\",\"@id\":\"https:\/\/kapitalis.com\/tunisie\/#\/schema\/person\/d71f33a9ca44f7bad4698210b480c8e9\",\"name\":\"webmaster kapitalis\",\"url\":\"https:\/\/kapitalis.com\/tunisie\/author\/webmaster-kapitalis\/\"}]}<\/script>\n<!-- \/ Yoast SEO plugin. -->","yoast_head_json":{"title":"Les m\u00e9decins anesth\u00e9sistes-r\u00e9animateurs en gr\u00e8ve les 14 et 15 mars - Kapitalis","robots":{"index":"index","follow":"follow","max-snippet":"max-snippet:-1","max-image-preview":"max-image-preview:large","max-video-preview":"max-video-preview:-1"},"canonical":"https:\/\/kapitalis.com\/tunisie\/2017\/03\/12\/les-medecins-anesthesistes-reanimateurs-en-greve-les-14-et-15-mars\/","og_locale":"fr_FR","og_type":"article","og_title":"Les m\u00e9decins anesth\u00e9sistes-r\u00e9animateurs en gr\u00e8ve les 14 et 15 mars - Kapitalis","og_description":"Manifestation des m\u00e9decins le 9 f\u00e9vrier 2017 \u00e0 la Kasbah.\u00a0 Les m\u00e9decins anesth\u00e9sistes-r\u00e9animateurs ont d\u00e9cid\u00e9 d\u2019observer une gr\u00e8ve g\u00e9n\u00e9rale les mardi 14 et mercredi 15 mars 2017.","og_url":"https:\/\/kapitalis.com\/tunisie\/2017\/03\/12\/les-medecins-anesthesistes-reanimateurs-en-greve-les-14-et-15-mars\/","og_site_name":"Kapitalis","article_publisher":"https:\/\/www.facebook.com\/KapitalisInfo\/","article_published_time":"2017-03-12T07:13:26+00:00","og_image":[{"url":"http:\/\/kapitalis.com\/tunisie\/wp-content\/uploads\/2017\/02\/Manif-de-medecins-Kasbah.jpg","type":"","width":"","height":""}],"author":"webmaster kapitalis","twitter_card":"summary_large_image","twitter_creator":"@KapitalisInfo","twitter_site":"@KapitalisInfo","twitter_misc":{"\u00c9crit par":"webmaster kapitalis","Dur\u00e9e de lecture estim\u00e9e":"1 minute"},"schema":{"@context":"https:\/\/schema.org","@graph":[{"@type":"Article","@id":"https:\/\/kapitalis.com\/tunisie\/2017\/03\/12\/les-medecins-anesthesistes-reanimateurs-en-greve-les-14-et-15-mars\/#article","isPartOf":{"@id":"https:\/\/kapitalis.com\/tunisie\/2017\/03\/12\/les-medecins-anesthesistes-reanimateurs-en-greve-les-14-et-15-mars\/"},"author":{"name":"webmaster kapitalis","@id":"https:\/\/kapitalis.com\/tunisie\/#\/schema\/person\/d71f33a9ca44f7bad4698210b480c8e9"},"headline":"Les m\u00e9decins anesth\u00e9sistes-r\u00e9animateurs en gr\u00e8ve les 14 et 15 mars","datePublished":"2017-03-12T07:13:26+00:00","mainEntityOfPage":{"@id":"https:\/\/kapitalis.com\/tunisie\/2017\/03\/12\/les-medecins-anesthesistes-reanimateurs-en-greve-les-14-et-15-mars\/"},"wordCount":261,"commentCount":0,"publisher":{"@id":"https:\/\/kapitalis.com\/tunisie\/#organization"},"image":{"@id":"https:\/\/kapitalis.com\/tunisie\/2017\/03\/12\/les-medecins-anesthesistes-reanimateurs-en-greve-les-14-et-15-mars\/#primaryimage"},"thumbnailUrl":"http:\/\/kapitalis.com\/tunisie\/wp-content\/uploads\/2017\/02\/Manif-de-medecins-Kasbah.jpg","keywords":["gr\u00e8ve"],"articleSection":["SOCIETE","Tunisie"],"inLanguage":"fr-FR","potentialAction":[{"@type":"CommentAction","name":"Comment","target":["https:\/\/kapitalis.com\/tunisie\/2017\/03\/12\/les-medecins-anesthesistes-reanimateurs-en-greve-les-14-et-15-mars\/#respond"]}]},{"@type":"WebPage","@id":"https:\/\/kapitalis.com\/tunisie\/2017\/03\/12\/les-medecins-anesthesistes-reanimateurs-en-greve-les-14-et-15-mars\/","url":"https:\/\/kapitalis.com\/tunisie\/2017\/03\/12\/les-medecins-anesthesistes-reanimateurs-en-greve-les-14-et-15-mars\/","name":"Les m\u00e9decins anesth\u00e9sistes-r\u00e9animateurs en gr\u00e8ve les 14 et 15 mars - Kapitalis","isPartOf":{"@id":"https:\/\/kapitalis.com\/tunisie\/#website"},"primaryImageOfPage":{"@id":"https:\/\/kapitalis.com\/tunisie\/2017\/03\/12\/les-medecins-anesthesistes-reanimateurs-en-greve-les-14-et-15-mars\/#primaryimage"},"image":{"@id":"https:\/\/kapitalis.com\/tunisie\/2017\/03\/12\/les-medecins-anesthesistes-reanimateurs-en-greve-les-14-et-15-mars\/#primaryimage"},"thumbnailUrl":"http:\/\/kapitalis.com\/tunisie\/wp-content\/uploads\/2017\/02\/Manif-de-medecins-Kasbah.jpg","datePublished":"2017-03-12T07:13:26+00:00","breadcrumb":{"@id":"https:\/\/kapitalis.com\/tunisie\/2017\/03\/12\/les-medecins-anesthesistes-reanimateurs-en-greve-les-14-et-15-mars\/#breadcrumb"},"inLanguage":"fr-FR","potentialAction":[{"@type":"ReadAction","target":["https:\/\/kapitalis.com\/tunisie\/2017\/03\/12\/les-medecins-anesthesistes-reanimateurs-en-greve-les-14-et-15-mars\/"]}]},{"@type":"ImageObject","inLanguage":"fr-FR","@id":"https:\/\/kapitalis.com\/tunisie\/2017\/03\/12\/les-medecins-anesthesistes-reanimateurs-en-greve-les-14-et-15-mars\/#primaryimage","url":"http:\/\/kapitalis.com\/tunisie\/wp-content\/uploads\/2017\/02\/Manif-de-medecins-Kasbah.jpg","contentUrl":"http:\/\/kapitalis.com\/tunisie\/wp-content\/uploads\/2017\/02\/Manif-de-medecins-Kasbah.jpg"},{"@type":"BreadcrumbList","@id":"https:\/\/kapitalis.com\/tunisie\/2017\/03\/12\/les-medecins-anesthesistes-reanimateurs-en-greve-les-14-et-15-mars\/#breadcrumb","itemListElement":[{"@type":"ListItem","position":1,"name":"Accueil","item":"https:\/\/kapitalis.com\/tunisie\/"},{"@type":"ListItem","position":2,"name":"Les m\u00e9decins anesth\u00e9sistes-r\u00e9animateurs en gr\u00e8ve les 14 et 15 mars"}]},{"@type":"WebSite","@id":"https:\/\/kapitalis.com\/tunisie\/#website","url":"https:\/\/kapitalis.com\/tunisie\/","name":"Kapitalis","description":"L&#039;actualit\u00e9 en Tunisie et dans le monde","publisher":{"@id":"https:\/\/kapitalis.com\/tunisie\/#organization"},"potentialAction":[{"@type":"SearchAction","target":{"@type":"EntryPoint","urlTemplate":"https:\/\/kapitalis.com\/tunisie\/?s={search_term_string}"},"query-input":{"@type":"PropertyValueSpecification","valueRequired":true,"valueName":"search_term_string"}}],"inLanguage":"fr-FR"},{"@type":"Organization","@id":"https:\/\/kapitalis.com\/tunisie\/#organization","name":"Kapitalis","url":"https:\/\/kapitalis.com\/tunisie\/","logo":{"@type":"ImageObject","inLanguage":"fr-FR","@id":"https:\/\/kapitalis.com\/tunisie\/#\/schema\/logo\/image\/","url":"https:\/\/kapitalis.com\/tunisie\/wp-content\/uploads\/2022\/05\/Kapitalis-big-size.png","contentUrl":"https:\/\/kapitalis.com\/tunisie\/wp-content\/uploads\/2022\/05\/Kapitalis-big-size.png","width":5000,"height":1500,"caption":"Kapitalis"},"image":{"@id":"https:\/\/kapitalis.com\/tunisie\/#\/schema\/logo\/image\/"},"sameAs":["https:\/\/www.facebook.com\/KapitalisInfo\/","https:\/\/x.com\/KapitalisInfo","https:\/\/www.youtube.com\/channel\/UC-yDYrHyfFBWWZaOw3FPg9Q"]},{"@type":"Person","@id":"https:\/\/kapitalis.com\/tunisie\/#\/schema\/person\/d71f33a9ca44f7bad4698210b480c8e9","name":"webmaster kapitalis","url":"https:\/\/kapitalis.com\/tunisie\/author\/webmaster-kapitalis\/"}]}},"_links":{"self":[{"href":"https:\/\/kapitalis.com\/tunisie\/wp-json\/wp\/v2\/posts\/86542","targetHints":{"allow":["GET"]}}],"collection":[{"href":"https:\/\/kapitalis.com\/tunisie\/wp-json\/wp\/v2\/posts"}],"about":[{"href":"https:\/\/kapitalis.com\/tunisie\/wp-json\/wp\/v2\/types\/post"}],"author":[{"embeddable":true,"href":"https:\/\/kapitalis.com\/tunisie\/wp-json\/wp\/v2\/users\/8"}],"replies":[{"embeddable":true,"href":"https:\/\/kapitalis.com\/tunisie\/wp-json\/wp\/v2\/comments?post=86542"}],"version-history":[{"count":0,"href":"https:\/\/kapitalis.com\/tunisie\/wp-json\/wp\/v2\/posts\/86542\/revisions"}],"wp:attachment":[{"href":"https:\/\/kapitalis.com\/tunisie\/wp-json\/wp\/v2\/media?parent=86542"}],"wp:term":[{"taxonomy":"category","embeddable":true,"href":"https:\/\/kapitalis.com\/tunisie\/wp-json\/wp\/v2\/categories?post=86542"},{"taxonomy":"post_tag","embeddable":true,"href":"https:\/\/kapitalis.com\/tunisie\/wp-json\/wp\/v2\/tags?post=86542"}],"curies":[{"name":"wp","href":"https:\/\/api.w.org\/{rel}","templated":true}]}}