{"id":86620,"date":"2017-03-13T08:08:57","date_gmt":"2017-03-13T07:08:57","guid":{"rendered":"http:\/\/kapitalis.com\/tunisie\/?p=86620"},"modified":"2017-03-13T08:08:57","modified_gmt":"2017-03-13T07:08:57","slug":"berlin-va-extrader-un-tunisien-implique-dans-lattentat-du-bardo","status":"publish","type":"post","link":"https:\/\/kapitalis.com\/tunisie\/2017\/03\/13\/berlin-va-extrader-un-tunisien-implique-dans-lattentat-du-bardo\/","title":{"rendered":"Berlin va extrader un Tunisien impliqu\u00e9 dans l\u2019attentat du Bardo"},"content":{"rendered":"<p><img loading=\"lazy\" decoding=\"async\" class=\"alignnone size-full wp-image-86621 aligncenter\" src=\"http:\/\/kapitalis.com\/tunisie\/wp-content\/uploads\/2017\/03\/Attentat-du-Bardo.jpg\" alt=\"\" width=\"626\" height=\"380\" \/><\/p>\n<p><em><strong>Un demandeur d\u2019asile tunisien recherch\u00e9 en relation avec l\u2019attentat du Bardo sera extrad\u00e9. Il a \u00e9t\u00e9 arr\u00eat\u00e9 sur le soup\u00e7on de pr\u00e9paration d\u2019une attaque en Allemagne.<\/strong><\/em><\/p>\n<p><!--more--><\/p>\n<p>Apr\u00e8s plusieurs reports, le ministre allemand de l\u2019Int\u00e9rieur Thomas de Maizi\u00e8re a confirm\u00e9, dimanche 12 mars 2017, que les autorit\u00e9s allemandes vont extrader ce ressortissant tunisien soup\u00e7onn\u00e9 d\u2019avoir \u00e9t\u00e9 impliqu\u00e9 dans l\u2019attaque contre le mus\u00e9e du Bardo, le 18 mars 2015.<\/p>\n<p>Le suspect, identifi\u00e9 par les m\u00e9dias allemands sous le nom de Haykel S., a \u00e9t\u00e9 arr\u00eat\u00e9 le mois dernier, lors d\u2019une s\u00e9rie de raids anti-terroristes men\u00e9s par la police allemande dans la ville de Francfort.<\/p>\n<p>Outre l\u2019accusation port\u00e9e contre lui pour planification d\u2019une attaque terroriste sur le sol allemand, ce Tunisien est \u00e9galement soup\u00e7onn\u00e9 d\u2019avoir \u00e9t\u00e9 un recruteur de premier ordre pour l\u2019organisation terroriste de l\u2019Etat islamique (EI, Da\u00each) en Allemagne.<\/p>\n<p>Les enqu\u00eateurs tunisiens consid\u00e8rent Haykel S. d\u2019avoir \u00e9t\u00e9 partie prenante dans l\u2019attentat du mus\u00e9e national du Bardo qui a \u00e9t\u00e9 revendiqu\u00e9 par Da\u00each et co\u00fbt\u00e9 la vie \u00e0 21 personnes en majorit\u00e9 des touristes \u00e9trangers.<\/p>\n<p>C\u2019est cette participation pr\u00e9sum\u00e9e \u00e0 la tuerie du Bardo qui a mis Tunis et Berlin sur la voie des tractations sur son extradition vers la Tunisie.<\/p>\n<p>Thomas de Maizi\u00e8re salue la r\u00e9ussite de cette coop\u00e9ration: <em>\u00abJe peux confirmer que les discussions entre les parties tunisienne et allemande ont \u00e9t\u00e9 fructueuses\u00bb,<\/em> a-t-il d\u00e9clar\u00e9 au groupement de radiodiffusion allemand ARD, ajoutant que, <em>\u00abpour l\u2019instant, le terroriste est en d\u00e9tention et il sera bient\u00f4t extrad\u00e9.<\/em>\u00bb<\/p>\n<p>Haykel S. s\u2019est install\u00e9, une premi\u00e8re fois, en Allemagne en 2003 pour poursuivre des \u00e9tudes, y a pass\u00e9 pr\u00e8s de 10 ans avant de retourner en Tunisie, en 2013. En ao\u00fbt 2015, 5 mois seulement au lendemain de l\u2019attentat du Bardo, il est revenu une nouvelle fois en Allemagne, en tant que demandeur d\u2019asile.<\/p>\n<p>Selon l\u2019ARD, le djihadiste pr\u00e9sum\u00e9 a \u00e9t\u00e9 plac\u00e9 en d\u00e9tention en Allemagne au d\u00e9but de l\u2019ann\u00e9e derni\u00e8re, \u00e0 la suite d\u2019un mandat d\u2019arr\u00eat international \u00e9mis par les autorit\u00e9s tunisiennes. Une fois plac\u00e9 en garde \u00e0 vue, il \u00e9tait en attente de d\u00e9portation vers la Tunisie, entre septembre et novembre 2016. La proc\u00e9dure administrative \u2013 c\u2019est-\u00e0-dire l\u2019\u00e9tablissement des documents n\u00e9cessaires \u00e0 l\u2019expulsion \u2013 ayant pris trop de temps, la police allemande se serait trouv\u00e9e dans l\u2019obligation de rel\u00e2cher Haykel S., tout en le pla\u00e7ant sous surveillance\u2026<\/p>\n<p style=\"text-align: right;\"><strong>Marwan Chahla<\/strong><\/p>\n","protected":false},"excerpt":{"rendered":"<p>Un demandeur d\u2019asile tunisien recherch\u00e9 en relation avec l\u2019attentat du Bardo sera extrad\u00e9. Il a \u00e9t\u00e9 arr\u00eat\u00e9 sur le soup\u00e7on de pr\u00e9paration d\u2019une attaque en Allemagne.<\/p>\n","protected":false},"author":8,"featured_media":86621,"comment_status":"open","ping_status":"open","sticky":false,"template":"","format":"standard","meta":{"footnotes":""},"categories":[998,2433],"tags":[1096,2200,8541,18119],"class_list":["post-86620","post","type-post","status-publish","format-standard","has-post-thumbnail","hentry","category-societe","category-tunisie","tag-allemagne","tag-attentat-du-bardo","tag-djihadiste","tag-thomas-de-maiziere"],"yoast_head":"<!-- This site is optimized with the Yoast SEO plugin v26.6 - https:\/\/yoast.com\/wordpress\/plugins\/seo\/ -->\n<title>Berlin va extrader un Tunisien impliqu\u00e9 dans l\u2019attentat du Bardo - Kapitalis<\/title>\n<meta name=\"robots\" content=\"index, follow, max-snippet:-1, max-image-preview:large, max-video-preview:-1\" \/>\n<link rel=\"canonical\" href=\"https:\/\/kapitalis.com\/tunisie\/2017\/03\/13\/berlin-va-extrader-un-tunisien-implique-dans-lattentat-du-bardo\/\" \/>\n<meta property=\"og:locale\" content=\"fr_FR\" \/>\n<meta property=\"og:type\" content=\"article\" \/>\n<meta property=\"og:title\" content=\"Berlin va extrader un Tunisien impliqu\u00e9 dans l\u2019attentat du Bardo - Kapitalis\" \/>\n<meta property=\"og:description\" content=\"Un demandeur d\u2019asile tunisien recherch\u00e9 en relation avec l\u2019attentat du Bardo sera extrad\u00e9. Il a \u00e9t\u00e9 arr\u00eat\u00e9 sur le soup\u00e7on de pr\u00e9paration d\u2019une attaque en Allemagne.\" \/>\n<meta property=\"og:url\" content=\"https:\/\/kapitalis.com\/tunisie\/2017\/03\/13\/berlin-va-extrader-un-tunisien-implique-dans-lattentat-du-bardo\/\" \/>\n<meta property=\"og:site_name\" content=\"Kapitalis\" \/>\n<meta property=\"article:publisher\" content=\"https:\/\/www.facebook.com\/KapitalisInfo\/\" \/>\n<meta property=\"article:published_time\" content=\"2017-03-13T07:08:57+00:00\" \/>\n<meta property=\"og:image\" content=\"https:\/\/kapitalis.com\/tunisie\/wp-content\/uploads\/2022\/05\/kapitalis-logo-fb.png\" \/>\n\t<meta property=\"og:image:width\" content=\"1200\" \/>\n\t<meta property=\"og:image:height\" content=\"630\" \/>\n\t<meta property=\"og:image:type\" content=\"image\/png\" \/>\n<meta name=\"author\" content=\"webmaster kapitalis\" \/>\n<meta name=\"twitter:card\" content=\"summary_large_image\" \/>\n<meta name=\"twitter:creator\" content=\"@KapitalisInfo\" \/>\n<meta name=\"twitter:site\" content=\"@KapitalisInfo\" \/>\n<meta name=\"twitter:label1\" content=\"\u00c9crit par\" \/>\n\t<meta name=\"twitter:data1\" content=\"webmaster kapitalis\" \/>\n\t<meta name=\"twitter:label2\" content=\"Dur\u00e9e de lecture estim\u00e9e\" \/>\n\t<meta name=\"twitter:data2\" content=\"2 minutes\" \/>\n<script type=\"application\/ld+json\" class=\"yoast-schema-graph\">{\"@context\":\"https:\/\/schema.org\",\"@graph\":[{\"@type\":\"Article\",\"@id\":\"https:\/\/kapitalis.com\/tunisie\/2017\/03\/13\/berlin-va-extrader-un-tunisien-implique-dans-lattentat-du-bardo\/#article\",\"isPartOf\":{\"@id\":\"https:\/\/kapitalis.com\/tunisie\/2017\/03\/13\/berlin-va-extrader-un-tunisien-implique-dans-lattentat-du-bardo\/\"},\"author\":{\"name\":\"webmaster kapitalis\",\"@id\":\"https:\/\/kapitalis.com\/tunisie\/#\/schema\/person\/d71f33a9ca44f7bad4698210b480c8e9\"},\"headline\":\"Berlin va extrader un Tunisien impliqu\u00e9 dans l\u2019attentat du Bardo\",\"datePublished\":\"2017-03-13T07:08:57+00:00\",\"mainEntityOfPage\":{\"@id\":\"https:\/\/kapitalis.com\/tunisie\/2017\/03\/13\/berlin-va-extrader-un-tunisien-implique-dans-lattentat-du-bardo\/\"},\"wordCount\":452,\"commentCount\":0,\"publisher\":{\"@id\":\"https:\/\/kapitalis.com\/tunisie\/#organization\"},\"image\":{\"@id\":\"https:\/\/kapitalis.com\/tunisie\/2017\/03\/13\/berlin-va-extrader-un-tunisien-implique-dans-lattentat-du-bardo\/#primaryimage\"},\"thumbnailUrl\":\"\",\"keywords\":[\"Allemagne\",\"attentat du Bardo\",\"djihadiste\",\"Thomas de Maizi\u00e8re\"],\"articleSection\":[\"SOCIETE\",\"Tunisie\"],\"inLanguage\":\"fr-FR\",\"potentialAction\":[{\"@type\":\"CommentAction\",\"name\":\"Comment\",\"target\":[\"https:\/\/kapitalis.com\/tunisie\/2017\/03\/13\/berlin-va-extrader-un-tunisien-implique-dans-lattentat-du-bardo\/#respond\"]}]},{\"@type\":\"WebPage\",\"@id\":\"https:\/\/kapitalis.com\/tunisie\/2017\/03\/13\/berlin-va-extrader-un-tunisien-implique-dans-lattentat-du-bardo\/\",\"url\":\"https:\/\/kapitalis.com\/tunisie\/2017\/03\/13\/berlin-va-extrader-un-tunisien-implique-dans-lattentat-du-bardo\/\",\"name\":\"Berlin va extrader un Tunisien impliqu\u00e9 dans l\u2019attentat du Bardo - Kapitalis\",\"isPartOf\":{\"@id\":\"https:\/\/kapitalis.com\/tunisie\/#website\"},\"primaryImageOfPage\":{\"@id\":\"https:\/\/kapitalis.com\/tunisie\/2017\/03\/13\/berlin-va-extrader-un-tunisien-implique-dans-lattentat-du-bardo\/#primaryimage\"},\"image\":{\"@id\":\"https:\/\/kapitalis.com\/tunisie\/2017\/03\/13\/berlin-va-extrader-un-tunisien-implique-dans-lattentat-du-bardo\/#primaryimage\"},\"thumbnailUrl\":\"\",\"datePublished\":\"2017-03-13T07:08:57+00:00\",\"breadcrumb\":{\"@id\":\"https:\/\/kapitalis.com\/tunisie\/2017\/03\/13\/berlin-va-extrader-un-tunisien-implique-dans-lattentat-du-bardo\/#breadcrumb\"},\"inLanguage\":\"fr-FR\",\"potentialAction\":[{\"@type\":\"ReadAction\",\"target\":[\"https:\/\/kapitalis.com\/tunisie\/2017\/03\/13\/berlin-va-extrader-un-tunisien-implique-dans-lattentat-du-bardo\/\"]}]},{\"@type\":\"ImageObject\",\"inLanguage\":\"fr-FR\",\"@id\":\"https:\/\/kapitalis.com\/tunisie\/2017\/03\/13\/berlin-va-extrader-un-tunisien-implique-dans-lattentat-du-bardo\/#primaryimage\",\"url\":\"\",\"contentUrl\":\"\"},{\"@type\":\"BreadcrumbList\",\"@id\":\"https:\/\/kapitalis.com\/tunisie\/2017\/03\/13\/berlin-va-extrader-un-tunisien-implique-dans-lattentat-du-bardo\/#breadcrumb\",\"itemListElement\":[{\"@type\":\"ListItem\",\"position\":1,\"name\":\"Accueil\",\"item\":\"https:\/\/kapitalis.com\/tunisie\/\"},{\"@type\":\"ListItem\",\"position\":2,\"name\":\"Berlin va extrader un Tunisien impliqu\u00e9 dans l\u2019attentat du Bardo\"}]},{\"@type\":\"WebSite\",\"@id\":\"https:\/\/kapitalis.com\/tunisie\/#website\",\"url\":\"https:\/\/kapitalis.com\/tunisie\/\",\"name\":\"Kapitalis\",\"description\":\"L&#039;actualit\u00e9 en Tunisie et dans le monde\",\"publisher\":{\"@id\":\"https:\/\/kapitalis.com\/tunisie\/#organization\"},\"potentialAction\":[{\"@type\":\"SearchAction\",\"target\":{\"@type\":\"EntryPoint\",\"urlTemplate\":\"https:\/\/kapitalis.com\/tunisie\/?s={search_term_string}\"},\"query-input\":{\"@type\":\"PropertyValueSpecification\",\"valueRequired\":true,\"valueName\":\"search_term_string\"}}],\"inLanguage\":\"fr-FR\"},{\"@type\":\"Organization\",\"@id\":\"https:\/\/kapitalis.com\/tunisie\/#organization\",\"name\":\"Kapitalis\",\"url\":\"https:\/\/kapitalis.com\/tunisie\/\",\"logo\":{\"@type\":\"ImageObject\",\"inLanguage\":\"fr-FR\",\"@id\":\"https:\/\/kapitalis.com\/tunisie\/#\/schema\/logo\/image\/\",\"url\":\"https:\/\/kapitalis.com\/tunisie\/wp-content\/uploads\/2022\/05\/Kapitalis-big-size.png\",\"contentUrl\":\"https:\/\/kapitalis.com\/tunisie\/wp-content\/uploads\/2022\/05\/Kapitalis-big-size.png\",\"width\":5000,\"height\":1500,\"caption\":\"Kapitalis\"},\"image\":{\"@id\":\"https:\/\/kapitalis.com\/tunisie\/#\/schema\/logo\/image\/\"},\"sameAs\":[\"https:\/\/www.facebook.com\/KapitalisInfo\/\",\"https:\/\/x.com\/KapitalisInfo\",\"https:\/\/www.youtube.com\/channel\/UC-yDYrHyfFBWWZaOw3FPg9Q\"]},{\"@type\":\"Person\",\"@id\":\"https:\/\/kapitalis.com\/tunisie\/#\/schema\/person\/d71f33a9ca44f7bad4698210b480c8e9\",\"name\":\"webmaster kapitalis\",\"url\":\"https:\/\/kapitalis.com\/tunisie\/author\/webmaster-kapitalis\/\"}]}<\/script>\n<!-- \/ Yoast SEO plugin. -->","yoast_head_json":{"title":"Berlin va extrader un Tunisien impliqu\u00e9 dans l\u2019attentat du Bardo - Kapitalis","robots":{"index":"index","follow":"follow","max-snippet":"max-snippet:-1","max-image-preview":"max-image-preview:large","max-video-preview":"max-video-preview:-1"},"canonical":"https:\/\/kapitalis.com\/tunisie\/2017\/03\/13\/berlin-va-extrader-un-tunisien-implique-dans-lattentat-du-bardo\/","og_locale":"fr_FR","og_type":"article","og_title":"Berlin va extrader un Tunisien impliqu\u00e9 dans l\u2019attentat du Bardo - Kapitalis","og_description":"Un demandeur d\u2019asile tunisien recherch\u00e9 en relation avec l\u2019attentat du Bardo sera extrad\u00e9. Il a \u00e9t\u00e9 arr\u00eat\u00e9 sur le soup\u00e7on de pr\u00e9paration d\u2019une attaque en Allemagne.","og_url":"https:\/\/kapitalis.com\/tunisie\/2017\/03\/13\/berlin-va-extrader-un-tunisien-implique-dans-lattentat-du-bardo\/","og_site_name":"Kapitalis","article_publisher":"https:\/\/www.facebook.com\/KapitalisInfo\/","article_published_time":"2017-03-13T07:08:57+00:00","og_image":[{"width":1200,"height":630,"url":"https:\/\/kapitalis.com\/tunisie\/wp-content\/uploads\/2022\/05\/kapitalis-logo-fb.png","type":"image\/png"}],"author":"webmaster kapitalis","twitter_card":"summary_large_image","twitter_creator":"@KapitalisInfo","twitter_site":"@KapitalisInfo","twitter_misc":{"\u00c9crit par":"webmaster kapitalis","Dur\u00e9e de lecture estim\u00e9e":"2 minutes"},"schema":{"@context":"https:\/\/schema.org","@graph":[{"@type":"Article","@id":"https:\/\/kapitalis.com\/tunisie\/2017\/03\/13\/berlin-va-extrader-un-tunisien-implique-dans-lattentat-du-bardo\/#article","isPartOf":{"@id":"https:\/\/kapitalis.com\/tunisie\/2017\/03\/13\/berlin-va-extrader-un-tunisien-implique-dans-lattentat-du-bardo\/"},"author":{"name":"webmaster kapitalis","@id":"https:\/\/kapitalis.com\/tunisie\/#\/schema\/person\/d71f33a9ca44f7bad4698210b480c8e9"},"headline":"Berlin va extrader un Tunisien impliqu\u00e9 dans l\u2019attentat du Bardo","datePublished":"2017-03-13T07:08:57+00:00","mainEntityOfPage":{"@id":"https:\/\/kapitalis.com\/tunisie\/2017\/03\/13\/berlin-va-extrader-un-tunisien-implique-dans-lattentat-du-bardo\/"},"wordCount":452,"commentCount":0,"publisher":{"@id":"https:\/\/kapitalis.com\/tunisie\/#organization"},"image":{"@id":"https:\/\/kapitalis.com\/tunisie\/2017\/03\/13\/berlin-va-extrader-un-tunisien-implique-dans-lattentat-du-bardo\/#primaryimage"},"thumbnailUrl":"","keywords":["Allemagne","attentat du Bardo","djihadiste","Thomas de Maizi\u00e8re"],"articleSection":["SOCIETE","Tunisie"],"inLanguage":"fr-FR","potentialAction":[{"@type":"CommentAction","name":"Comment","target":["https:\/\/kapitalis.com\/tunisie\/2017\/03\/13\/berlin-va-extrader-un-tunisien-implique-dans-lattentat-du-bardo\/#respond"]}]},{"@type":"WebPage","@id":"https:\/\/kapitalis.com\/tunisie\/2017\/03\/13\/berlin-va-extrader-un-tunisien-implique-dans-lattentat-du-bardo\/","url":"https:\/\/kapitalis.com\/tunisie\/2017\/03\/13\/berlin-va-extrader-un-tunisien-implique-dans-lattentat-du-bardo\/","name":"Berlin va extrader un Tunisien impliqu\u00e9 dans l\u2019attentat du Bardo - Kapitalis","isPartOf":{"@id":"https:\/\/kapitalis.com\/tunisie\/#website"},"primaryImageOfPage":{"@id":"https:\/\/kapitalis.com\/tunisie\/2017\/03\/13\/berlin-va-extrader-un-tunisien-implique-dans-lattentat-du-bardo\/#primaryimage"},"image":{"@id":"https:\/\/kapitalis.com\/tunisie\/2017\/03\/13\/berlin-va-extrader-un-tunisien-implique-dans-lattentat-du-bardo\/#primaryimage"},"thumbnailUrl":"","datePublished":"2017-03-13T07:08:57+00:00","breadcrumb":{"@id":"https:\/\/kapitalis.com\/tunisie\/2017\/03\/13\/berlin-va-extrader-un-tunisien-implique-dans-lattentat-du-bardo\/#breadcrumb"},"inLanguage":"fr-FR","potentialAction":[{"@type":"ReadAction","target":["https:\/\/kapitalis.com\/tunisie\/2017\/03\/13\/berlin-va-extrader-un-tunisien-implique-dans-lattentat-du-bardo\/"]}]},{"@type":"ImageObject","inLanguage":"fr-FR","@id":"https:\/\/kapitalis.com\/tunisie\/2017\/03\/13\/berlin-va-extrader-un-tunisien-implique-dans-lattentat-du-bardo\/#primaryimage","url":"","contentUrl":""},{"@type":"BreadcrumbList","@id":"https:\/\/kapitalis.com\/tunisie\/2017\/03\/13\/berlin-va-extrader-un-tunisien-implique-dans-lattentat-du-bardo\/#breadcrumb","itemListElement":[{"@type":"ListItem","position":1,"name":"Accueil","item":"https:\/\/kapitalis.com\/tunisie\/"},{"@type":"ListItem","position":2,"name":"Berlin va extrader un Tunisien impliqu\u00e9 dans l\u2019attentat du Bardo"}]},{"@type":"WebSite","@id":"https:\/\/kapitalis.com\/tunisie\/#website","url":"https:\/\/kapitalis.com\/tunisie\/","name":"Kapitalis","description":"L&#039;actualit\u00e9 en Tunisie et dans le monde","publisher":{"@id":"https:\/\/kapitalis.com\/tunisie\/#organization"},"potentialAction":[{"@type":"SearchAction","target":{"@type":"EntryPoint","urlTemplate":"https:\/\/kapitalis.com\/tunisie\/?s={search_term_string}"},"query-input":{"@type":"PropertyValueSpecification","valueRequired":true,"valueName":"search_term_string"}}],"inLanguage":"fr-FR"},{"@type":"Organization","@id":"https:\/\/kapitalis.com\/tunisie\/#organization","name":"Kapitalis","url":"https:\/\/kapitalis.com\/tunisie\/","logo":{"@type":"ImageObject","inLanguage":"fr-FR","@id":"https:\/\/kapitalis.com\/tunisie\/#\/schema\/logo\/image\/","url":"https:\/\/kapitalis.com\/tunisie\/wp-content\/uploads\/2022\/05\/Kapitalis-big-size.png","contentUrl":"https:\/\/kapitalis.com\/tunisie\/wp-content\/uploads\/2022\/05\/Kapitalis-big-size.png","width":5000,"height":1500,"caption":"Kapitalis"},"image":{"@id":"https:\/\/kapitalis.com\/tunisie\/#\/schema\/logo\/image\/"},"sameAs":["https:\/\/www.facebook.com\/KapitalisInfo\/","https:\/\/x.com\/KapitalisInfo","https:\/\/www.youtube.com\/channel\/UC-yDYrHyfFBWWZaOw3FPg9Q"]},{"@type":"Person","@id":"https:\/\/kapitalis.com\/tunisie\/#\/schema\/person\/d71f33a9ca44f7bad4698210b480c8e9","name":"webmaster kapitalis","url":"https:\/\/kapitalis.com\/tunisie\/author\/webmaster-kapitalis\/"}]}},"_links":{"self":[{"href":"https:\/\/kapitalis.com\/tunisie\/wp-json\/wp\/v2\/posts\/86620","targetHints":{"allow":["GET"]}}],"collection":[{"href":"https:\/\/kapitalis.com\/tunisie\/wp-json\/wp\/v2\/posts"}],"about":[{"href":"https:\/\/kapitalis.com\/tunisie\/wp-json\/wp\/v2\/types\/post"}],"author":[{"embeddable":true,"href":"https:\/\/kapitalis.com\/tunisie\/wp-json\/wp\/v2\/users\/8"}],"replies":[{"embeddable":true,"href":"https:\/\/kapitalis.com\/tunisie\/wp-json\/wp\/v2\/comments?post=86620"}],"version-history":[{"count":0,"href":"https:\/\/kapitalis.com\/tunisie\/wp-json\/wp\/v2\/posts\/86620\/revisions"}],"wp:featuredmedia":[{"embeddable":true,"href":"https:\/\/kapitalis.com\/tunisie\/wp-json\/wp\/v2\/media\/86621"}],"wp:attachment":[{"href":"https:\/\/kapitalis.com\/tunisie\/wp-json\/wp\/v2\/media?parent=86620"}],"wp:term":[{"taxonomy":"category","embeddable":true,"href":"https:\/\/kapitalis.com\/tunisie\/wp-json\/wp\/v2\/categories?post=86620"},{"taxonomy":"post_tag","embeddable":true,"href":"https:\/\/kapitalis.com\/tunisie\/wp-json\/wp\/v2\/tags?post=86620"}],"curies":[{"name":"wp","href":"https:\/\/api.w.org\/{rel}","templated":true}]}}