{"id":86670,"date":"2017-03-13T12:59:29","date_gmt":"2017-03-13T11:59:29","guid":{"rendered":"http:\/\/kapitalis.com\/tunisie\/?p=86670"},"modified":"2017-03-13T13:01:25","modified_gmt":"2017-03-13T12:01:25","slug":"kebili-les-terroristes-avaient-planifie-une-attque-contre-le-district-de-police","status":"publish","type":"post","link":"https:\/\/kapitalis.com\/tunisie\/2017\/03\/13\/kebili-les-terroristes-avaient-planifie-une-attque-contre-le-district-de-police\/","title":{"rendered":"K\u00e9bili : Les terroristes avaient planifi\u00e9 une attque contre le district de police"},"content":{"rendered":"<p style=\"text-align: center;\"><img loading=\"lazy\" decoding=\"async\" class=\"alignnone size-full wp-image-86678\" src=\"http:\/\/kapitalis.com\/tunisie\/wp-content\/uploads\/2017\/03\/attaque-Kebili-terroristes-tu\u00e9s-et-bless\u00e9.jpg\" alt=\"\" width=\"626\" height=\"380\" \/><\/p>\n<p style=\"text-align: center;\"><em>Les 2 terroristes abattus et le 3e touch\u00e9 \u00e0 la t\u00eate.<\/em><\/p>\n<p><em><strong>Les terroristes ayant perp\u00e9tr\u00e9 l\u2019attaque, dimanche vers 0h45, \u00e0 K\u00e9bili, n\u2019avaient pas d\u2019armes. Ils ont attaqu\u00e9 les agents avec des couteaux et avaient des motos pi\u00e9g\u00e9es.<\/strong><\/em><\/p>\n<p><!--more--><\/p>\n<p>Une source a indiqu\u00e9 \u00e0 Kapitalis que les auteurs de l\u2019attaque du point de contr\u00f4le s\u00e9curitaire, dans la zone de Janoura, \u00e0 Kebili-Sud, dans le sud-ouest tunisien, comptaient tuer les 3 policiers, leur voler leurs armes et leurs uniformes et tuer la patrouille qui allait prendre la rel\u00e8ve, avant de perp\u00e9trer un attentat contre le\u00a0district s\u00e9curitaire de K\u00e9bili. Pour cela, ils avaient attaqu\u00e9 la patrouille quelques minute avant la rel\u00e8ve.<\/p>\n<p>Les 3 agents ont donc \u00e9vit\u00e9 le pire, en tuant les deux terroristes: Badr Msaddek et Jamel Adel et en blessant les 2 autres.<\/p>\n<p style=\"text-align: center;\"><img loading=\"lazy\" decoding=\"async\" class=\"alignnone size-full wp-image-86673\" src=\"http:\/\/kapitalis.com\/tunisie\/wp-content\/uploads\/2017\/03\/Kebili-agents-.jpg\" alt=\"\" width=\"500\" height=\"300\" \/><\/p>\n<p style=\"text-align: center;\"><em>A gauche, l&rsquo;agent Amine Jelili, qui se remet de ses blessures, \u00e0 droite, l&rsquo;agent martyr Modhafar Ben Ali.<\/em><\/p>\n<p>L\u2019agent Modhafar Ben Ali a \u00e9t\u00e9 tu\u00e9 dans cette attaque en recevant un coup de couteau \u00e0 la poitrine mais il est parvenu \u00e0 tirer sur le terroriste qui l\u2019a poignard\u00e9. L\u2019agent Amine Jelili a \u00e9t\u00e9 bless\u00e9 et a subi une op\u00e9ration, dimanche.<\/p>\n<p>La m\u00eame source a pr\u00e9cis\u00e9 que les 2 motos des terroristes \u00e9taient pr\u00eates \u00e0 exploser\u00a0: il y avait de l\u2019ammonitrate, des fils \u00e9lectriques et du phosphore, ainsi que des d\u00e9tonateurs \u00e0 distance.<\/p>\n<p>\u00ab<em>De quoi faire une explosion certes, mais ces explosifs pr\u00e9par\u00e9s par les terroristes eux-m\u00eames sont tr\u00e8s basiques<\/em>\u00bb, a pr\u00e9cis\u00e9 notre source, estimant que le groupe a probablement agi seul et dans la pr\u00e9cipitation.<\/p>\n<p style=\"text-align: center;\"><img loading=\"lazy\" decoding=\"async\" class=\"alignnone size-full wp-image-86674\" src=\"http:\/\/kapitalis.com\/tunisie\/wp-content\/uploads\/2017\/03\/Kebili-Armes-terroristes.jpg\" alt=\"\" width=\"500\" height=\"300\" \/><\/p>\n<p style=\"text-align: center;\"><em>Les armes blanches et les explosifs saisis par la police.<\/em><\/p>\n<p>Rappelons que 2 terroristes ont \u00e9t\u00e9 bless\u00e9s et arr\u00eat\u00e9s. L\u2019un d\u2019eux, touch\u00e9 \u00e0 la t\u00eate, est dans un \u00e9tat critique.<\/p>\n<p>Modhafar Ben Ali a \u00e9t\u00e9 enterr\u00e9 , hier, en pr\u00e9sence notamment du ministre de l\u2019Int\u00e9rieur H\u00e9di Majdoub, ainsi que des cadres s\u00e9curitaires de la r\u00e9gion.<\/p>\n<p>Plusieurs femmes ont manifest\u00e9, contre le terrorisme, \u00e0 K\u00e9bili, et pris part aux obs\u00e8ques de Modhafar Ben Ali, transgressant ainsi la coutume\u00a0qui veut que les femmes n&rsquo;accompagnent pas les\u00a0morts \u00e0 leur\u00a0derni\u00e8re demeure.<\/p>\n<p style=\"text-align: center;\"><img loading=\"lazy\" decoding=\"async\" class=\"alignnone size-full wp-image-86676\" src=\"http:\/\/kapitalis.com\/tunisie\/wp-content\/uploads\/2017\/03\/Kebili-manif-des-femmes-contre-terrorisme.jpg\" alt=\"\" width=\"500\" height=\"300\" \/><\/p>\n<p style=\"text-align: right;\"><strong>Y. N.<\/strong><\/p>\n","protected":false},"excerpt":{"rendered":"<p>Les 2 terroristes abattus et le 3e touch\u00e9 \u00e0 la t\u00eate. Les terroristes ayant perp\u00e9tr\u00e9 l\u2019attaque, dimanche vers 0h45, \u00e0 K\u00e9bili, n\u2019avaient pas d\u2019armes. Ils ont attaqu\u00e9 les agents avec des couteaux et avaient des motos pi\u00e9g\u00e9es.<\/p>\n","protected":false},"author":6,"featured_media":86672,"comment_status":"open","ping_status":"open","sticky":false,"template":"","format":"standard","meta":{"footnotes":""},"categories":[998,2433],"tags":[1270,105,28844,3691,28845,526,899],"class_list":["post-86670","post","type-post","status-publish","format-standard","has-post-thumbnail","hentry","category-societe","category-tunisie","tag-attaque","tag-attentat","tag-badr-msaddek","tag-explosifs","tag-jamel-adel","tag-kebili","tag-terroristes"],"yoast_head":"<!-- This site is optimized with the Yoast SEO plugin v26.6 - https:\/\/yoast.com\/wordpress\/plugins\/seo\/ -->\n<title>K\u00e9bili : Les terroristes avaient planifi\u00e9 une attque contre le district de police - Kapitalis<\/title>\n<meta name=\"robots\" content=\"index, follow, max-snippet:-1, max-image-preview:large, max-video-preview:-1\" \/>\n<link rel=\"canonical\" href=\"https:\/\/kapitalis.com\/tunisie\/2017\/03\/13\/kebili-les-terroristes-avaient-planifie-une-attque-contre-le-district-de-police\/\" \/>\n<meta property=\"og:locale\" content=\"fr_FR\" \/>\n<meta property=\"og:type\" content=\"article\" \/>\n<meta property=\"og:title\" content=\"K\u00e9bili : Les terroristes avaient planifi\u00e9 une attque contre le district de police - Kapitalis\" \/>\n<meta property=\"og:description\" content=\"Les 2 terroristes abattus et le 3e touch\u00e9 \u00e0 la t\u00eate. Les terroristes ayant perp\u00e9tr\u00e9 l\u2019attaque, dimanche vers 0h45, \u00e0 K\u00e9bili, n\u2019avaient pas d\u2019armes. Ils ont attaqu\u00e9 les agents avec des couteaux et avaient des motos pi\u00e9g\u00e9es.\" \/>\n<meta property=\"og:url\" content=\"https:\/\/kapitalis.com\/tunisie\/2017\/03\/13\/kebili-les-terroristes-avaient-planifie-une-attque-contre-le-district-de-police\/\" \/>\n<meta property=\"og:site_name\" content=\"Kapitalis\" \/>\n<meta property=\"article:publisher\" content=\"https:\/\/www.facebook.com\/KapitalisInfo\/\" \/>\n<meta property=\"article:published_time\" content=\"2017-03-13T11:59:29+00:00\" \/>\n<meta property=\"article:modified_time\" content=\"2017-03-13T12:01:25+00:00\" \/>\n<meta property=\"og:image\" content=\"https:\/\/kapitalis.com\/tunisie\/wp-content\/uploads\/2022\/05\/kapitalis-logo-fb.png\" \/>\n\t<meta property=\"og:image:width\" content=\"1200\" \/>\n\t<meta property=\"og:image:height\" content=\"630\" \/>\n\t<meta property=\"og:image:type\" content=\"image\/png\" \/>\n<meta name=\"author\" content=\"Yusra NY\" \/>\n<meta name=\"twitter:card\" content=\"summary_large_image\" \/>\n<meta name=\"twitter:creator\" content=\"@KapitalisInfo\" \/>\n<meta name=\"twitter:site\" content=\"@KapitalisInfo\" \/>\n<meta name=\"twitter:label1\" content=\"\u00c9crit par\" \/>\n\t<meta name=\"twitter:data1\" content=\"Yusra NY\" \/>\n\t<meta name=\"twitter:label2\" content=\"Dur\u00e9e de lecture estim\u00e9e\" \/>\n\t<meta name=\"twitter:data2\" content=\"2 minutes\" \/>\n<script type=\"application\/ld+json\" class=\"yoast-schema-graph\">{\"@context\":\"https:\/\/schema.org\",\"@graph\":[{\"@type\":\"Article\",\"@id\":\"https:\/\/kapitalis.com\/tunisie\/2017\/03\/13\/kebili-les-terroristes-avaient-planifie-une-attque-contre-le-district-de-police\/#article\",\"isPartOf\":{\"@id\":\"https:\/\/kapitalis.com\/tunisie\/2017\/03\/13\/kebili-les-terroristes-avaient-planifie-une-attque-contre-le-district-de-police\/\"},\"author\":{\"name\":\"Yusra NY\",\"@id\":\"https:\/\/kapitalis.com\/tunisie\/#\/schema\/person\/74bbde0154d49d790a92aaeac5bc01d5\"},\"headline\":\"K\u00e9bili : Les terroristes avaient planifi\u00e9 une attque contre le district de police\",\"datePublished\":\"2017-03-13T11:59:29+00:00\",\"dateModified\":\"2017-03-13T12:01:25+00:00\",\"mainEntityOfPage\":{\"@id\":\"https:\/\/kapitalis.com\/tunisie\/2017\/03\/13\/kebili-les-terroristes-avaient-planifie-une-attque-contre-le-district-de-police\/\"},\"wordCount\":390,\"commentCount\":1,\"publisher\":{\"@id\":\"https:\/\/kapitalis.com\/tunisie\/#organization\"},\"image\":{\"@id\":\"https:\/\/kapitalis.com\/tunisie\/2017\/03\/13\/kebili-les-terroristes-avaient-planifie-une-attque-contre-le-district-de-police\/#primaryimage\"},\"thumbnailUrl\":\"\",\"keywords\":[\"attaque\",\"attentat\",\"Badr Msaddek\",\"explosifs\",\"Jamel Adel\",\"K\u00e9bili\",\"terroristes\"],\"articleSection\":[\"SOCIETE\",\"Tunisie\"],\"inLanguage\":\"fr-FR\",\"potentialAction\":[{\"@type\":\"CommentAction\",\"name\":\"Comment\",\"target\":[\"https:\/\/kapitalis.com\/tunisie\/2017\/03\/13\/kebili-les-terroristes-avaient-planifie-une-attque-contre-le-district-de-police\/#respond\"]}]},{\"@type\":\"WebPage\",\"@id\":\"https:\/\/kapitalis.com\/tunisie\/2017\/03\/13\/kebili-les-terroristes-avaient-planifie-une-attque-contre-le-district-de-police\/\",\"url\":\"https:\/\/kapitalis.com\/tunisie\/2017\/03\/13\/kebili-les-terroristes-avaient-planifie-une-attque-contre-le-district-de-police\/\",\"name\":\"K\u00e9bili : Les terroristes avaient planifi\u00e9 une attque contre le district de police - Kapitalis\",\"isPartOf\":{\"@id\":\"https:\/\/kapitalis.com\/tunisie\/#website\"},\"primaryImageOfPage\":{\"@id\":\"https:\/\/kapitalis.com\/tunisie\/2017\/03\/13\/kebili-les-terroristes-avaient-planifie-une-attque-contre-le-district-de-police\/#primaryimage\"},\"image\":{\"@id\":\"https:\/\/kapitalis.com\/tunisie\/2017\/03\/13\/kebili-les-terroristes-avaient-planifie-une-attque-contre-le-district-de-police\/#primaryimage\"},\"thumbnailUrl\":\"\",\"datePublished\":\"2017-03-13T11:59:29+00:00\",\"dateModified\":\"2017-03-13T12:01:25+00:00\",\"breadcrumb\":{\"@id\":\"https:\/\/kapitalis.com\/tunisie\/2017\/03\/13\/kebili-les-terroristes-avaient-planifie-une-attque-contre-le-district-de-police\/#breadcrumb\"},\"inLanguage\":\"fr-FR\",\"potentialAction\":[{\"@type\":\"ReadAction\",\"target\":[\"https:\/\/kapitalis.com\/tunisie\/2017\/03\/13\/kebili-les-terroristes-avaient-planifie-une-attque-contre-le-district-de-police\/\"]}]},{\"@type\":\"ImageObject\",\"inLanguage\":\"fr-FR\",\"@id\":\"https:\/\/kapitalis.com\/tunisie\/2017\/03\/13\/kebili-les-terroristes-avaient-planifie-une-attque-contre-le-district-de-police\/#primaryimage\",\"url\":\"\",\"contentUrl\":\"\"},{\"@type\":\"BreadcrumbList\",\"@id\":\"https:\/\/kapitalis.com\/tunisie\/2017\/03\/13\/kebili-les-terroristes-avaient-planifie-une-attque-contre-le-district-de-police\/#breadcrumb\",\"itemListElement\":[{\"@type\":\"ListItem\",\"position\":1,\"name\":\"Accueil\",\"item\":\"https:\/\/kapitalis.com\/tunisie\/\"},{\"@type\":\"ListItem\",\"position\":2,\"name\":\"K\u00e9bili : Les terroristes avaient planifi\u00e9 une attque contre le district de police\"}]},{\"@type\":\"WebSite\",\"@id\":\"https:\/\/kapitalis.com\/tunisie\/#website\",\"url\":\"https:\/\/kapitalis.com\/tunisie\/\",\"name\":\"Kapitalis\",\"description\":\"L&#039;actualit\u00e9 en Tunisie et dans le monde\",\"publisher\":{\"@id\":\"https:\/\/kapitalis.com\/tunisie\/#organization\"},\"potentialAction\":[{\"@type\":\"SearchAction\",\"target\":{\"@type\":\"EntryPoint\",\"urlTemplate\":\"https:\/\/kapitalis.com\/tunisie\/?s={search_term_string}\"},\"query-input\":{\"@type\":\"PropertyValueSpecification\",\"valueRequired\":true,\"valueName\":\"search_term_string\"}}],\"inLanguage\":\"fr-FR\"},{\"@type\":\"Organization\",\"@id\":\"https:\/\/kapitalis.com\/tunisie\/#organization\",\"name\":\"Kapitalis\",\"url\":\"https:\/\/kapitalis.com\/tunisie\/\",\"logo\":{\"@type\":\"ImageObject\",\"inLanguage\":\"fr-FR\",\"@id\":\"https:\/\/kapitalis.com\/tunisie\/#\/schema\/logo\/image\/\",\"url\":\"https:\/\/kapitalis.com\/tunisie\/wp-content\/uploads\/2022\/05\/Kapitalis-big-size.png\",\"contentUrl\":\"https:\/\/kapitalis.com\/tunisie\/wp-content\/uploads\/2022\/05\/Kapitalis-big-size.png\",\"width\":5000,\"height\":1500,\"caption\":\"Kapitalis\"},\"image\":{\"@id\":\"https:\/\/kapitalis.com\/tunisie\/#\/schema\/logo\/image\/\"},\"sameAs\":[\"https:\/\/www.facebook.com\/KapitalisInfo\/\",\"https:\/\/x.com\/KapitalisInfo\",\"https:\/\/www.youtube.com\/channel\/UC-yDYrHyfFBWWZaOw3FPg9Q\"]},{\"@type\":\"Person\",\"@id\":\"https:\/\/kapitalis.com\/tunisie\/#\/schema\/person\/74bbde0154d49d790a92aaeac5bc01d5\",\"name\":\"Yusra NY\",\"url\":\"https:\/\/kapitalis.com\/tunisie\/author\/yuza_adam\/\"}]}<\/script>\n<!-- \/ Yoast SEO plugin. -->","yoast_head_json":{"title":"K\u00e9bili : Les terroristes avaient planifi\u00e9 une attque contre le district de police - Kapitalis","robots":{"index":"index","follow":"follow","max-snippet":"max-snippet:-1","max-image-preview":"max-image-preview:large","max-video-preview":"max-video-preview:-1"},"canonical":"https:\/\/kapitalis.com\/tunisie\/2017\/03\/13\/kebili-les-terroristes-avaient-planifie-une-attque-contre-le-district-de-police\/","og_locale":"fr_FR","og_type":"article","og_title":"K\u00e9bili : Les terroristes avaient planifi\u00e9 une attque contre le district de police - Kapitalis","og_description":"Les 2 terroristes abattus et le 3e touch\u00e9 \u00e0 la t\u00eate. Les terroristes ayant perp\u00e9tr\u00e9 l\u2019attaque, dimanche vers 0h45, \u00e0 K\u00e9bili, n\u2019avaient pas d\u2019armes. Ils ont attaqu\u00e9 les agents avec des couteaux et avaient des motos pi\u00e9g\u00e9es.","og_url":"https:\/\/kapitalis.com\/tunisie\/2017\/03\/13\/kebili-les-terroristes-avaient-planifie-une-attque-contre-le-district-de-police\/","og_site_name":"Kapitalis","article_publisher":"https:\/\/www.facebook.com\/KapitalisInfo\/","article_published_time":"2017-03-13T11:59:29+00:00","article_modified_time":"2017-03-13T12:01:25+00:00","og_image":[{"width":1200,"height":630,"url":"https:\/\/kapitalis.com\/tunisie\/wp-content\/uploads\/2022\/05\/kapitalis-logo-fb.png","type":"image\/png"}],"author":"Yusra NY","twitter_card":"summary_large_image","twitter_creator":"@KapitalisInfo","twitter_site":"@KapitalisInfo","twitter_misc":{"\u00c9crit par":"Yusra NY","Dur\u00e9e de lecture estim\u00e9e":"2 minutes"},"schema":{"@context":"https:\/\/schema.org","@graph":[{"@type":"Article","@id":"https:\/\/kapitalis.com\/tunisie\/2017\/03\/13\/kebili-les-terroristes-avaient-planifie-une-attque-contre-le-district-de-police\/#article","isPartOf":{"@id":"https:\/\/kapitalis.com\/tunisie\/2017\/03\/13\/kebili-les-terroristes-avaient-planifie-une-attque-contre-le-district-de-police\/"},"author":{"name":"Yusra NY","@id":"https:\/\/kapitalis.com\/tunisie\/#\/schema\/person\/74bbde0154d49d790a92aaeac5bc01d5"},"headline":"K\u00e9bili : Les terroristes avaient planifi\u00e9 une attque contre le district de police","datePublished":"2017-03-13T11:59:29+00:00","dateModified":"2017-03-13T12:01:25+00:00","mainEntityOfPage":{"@id":"https:\/\/kapitalis.com\/tunisie\/2017\/03\/13\/kebili-les-terroristes-avaient-planifie-une-attque-contre-le-district-de-police\/"},"wordCount":390,"commentCount":1,"publisher":{"@id":"https:\/\/kapitalis.com\/tunisie\/#organization"},"image":{"@id":"https:\/\/kapitalis.com\/tunisie\/2017\/03\/13\/kebili-les-terroristes-avaient-planifie-une-attque-contre-le-district-de-police\/#primaryimage"},"thumbnailUrl":"","keywords":["attaque","attentat","Badr Msaddek","explosifs","Jamel Adel","K\u00e9bili","terroristes"],"articleSection":["SOCIETE","Tunisie"],"inLanguage":"fr-FR","potentialAction":[{"@type":"CommentAction","name":"Comment","target":["https:\/\/kapitalis.com\/tunisie\/2017\/03\/13\/kebili-les-terroristes-avaient-planifie-une-attque-contre-le-district-de-police\/#respond"]}]},{"@type":"WebPage","@id":"https:\/\/kapitalis.com\/tunisie\/2017\/03\/13\/kebili-les-terroristes-avaient-planifie-une-attque-contre-le-district-de-police\/","url":"https:\/\/kapitalis.com\/tunisie\/2017\/03\/13\/kebili-les-terroristes-avaient-planifie-une-attque-contre-le-district-de-police\/","name":"K\u00e9bili : Les terroristes avaient planifi\u00e9 une attque contre le district de police - Kapitalis","isPartOf":{"@id":"https:\/\/kapitalis.com\/tunisie\/#website"},"primaryImageOfPage":{"@id":"https:\/\/kapitalis.com\/tunisie\/2017\/03\/13\/kebili-les-terroristes-avaient-planifie-une-attque-contre-le-district-de-police\/#primaryimage"},"image":{"@id":"https:\/\/kapitalis.com\/tunisie\/2017\/03\/13\/kebili-les-terroristes-avaient-planifie-une-attque-contre-le-district-de-police\/#primaryimage"},"thumbnailUrl":"","datePublished":"2017-03-13T11:59:29+00:00","dateModified":"2017-03-13T12:01:25+00:00","breadcrumb":{"@id":"https:\/\/kapitalis.com\/tunisie\/2017\/03\/13\/kebili-les-terroristes-avaient-planifie-une-attque-contre-le-district-de-police\/#breadcrumb"},"inLanguage":"fr-FR","potentialAction":[{"@type":"ReadAction","target":["https:\/\/kapitalis.com\/tunisie\/2017\/03\/13\/kebili-les-terroristes-avaient-planifie-une-attque-contre-le-district-de-police\/"]}]},{"@type":"ImageObject","inLanguage":"fr-FR","@id":"https:\/\/kapitalis.com\/tunisie\/2017\/03\/13\/kebili-les-terroristes-avaient-planifie-une-attque-contre-le-district-de-police\/#primaryimage","url":"","contentUrl":""},{"@type":"BreadcrumbList","@id":"https:\/\/kapitalis.com\/tunisie\/2017\/03\/13\/kebili-les-terroristes-avaient-planifie-une-attque-contre-le-district-de-police\/#breadcrumb","itemListElement":[{"@type":"ListItem","position":1,"name":"Accueil","item":"https:\/\/kapitalis.com\/tunisie\/"},{"@type":"ListItem","position":2,"name":"K\u00e9bili : Les terroristes avaient planifi\u00e9 une attque contre le district de police"}]},{"@type":"WebSite","@id":"https:\/\/kapitalis.com\/tunisie\/#website","url":"https:\/\/kapitalis.com\/tunisie\/","name":"Kapitalis","description":"L&#039;actualit\u00e9 en Tunisie et dans le monde","publisher":{"@id":"https:\/\/kapitalis.com\/tunisie\/#organization"},"potentialAction":[{"@type":"SearchAction","target":{"@type":"EntryPoint","urlTemplate":"https:\/\/kapitalis.com\/tunisie\/?s={search_term_string}"},"query-input":{"@type":"PropertyValueSpecification","valueRequired":true,"valueName":"search_term_string"}}],"inLanguage":"fr-FR"},{"@type":"Organization","@id":"https:\/\/kapitalis.com\/tunisie\/#organization","name":"Kapitalis","url":"https:\/\/kapitalis.com\/tunisie\/","logo":{"@type":"ImageObject","inLanguage":"fr-FR","@id":"https:\/\/kapitalis.com\/tunisie\/#\/schema\/logo\/image\/","url":"https:\/\/kapitalis.com\/tunisie\/wp-content\/uploads\/2022\/05\/Kapitalis-big-size.png","contentUrl":"https:\/\/kapitalis.com\/tunisie\/wp-content\/uploads\/2022\/05\/Kapitalis-big-size.png","width":5000,"height":1500,"caption":"Kapitalis"},"image":{"@id":"https:\/\/kapitalis.com\/tunisie\/#\/schema\/logo\/image\/"},"sameAs":["https:\/\/www.facebook.com\/KapitalisInfo\/","https:\/\/x.com\/KapitalisInfo","https:\/\/www.youtube.com\/channel\/UC-yDYrHyfFBWWZaOw3FPg9Q"]},{"@type":"Person","@id":"https:\/\/kapitalis.com\/tunisie\/#\/schema\/person\/74bbde0154d49d790a92aaeac5bc01d5","name":"Yusra NY","url":"https:\/\/kapitalis.com\/tunisie\/author\/yuza_adam\/"}]}},"_links":{"self":[{"href":"https:\/\/kapitalis.com\/tunisie\/wp-json\/wp\/v2\/posts\/86670","targetHints":{"allow":["GET"]}}],"collection":[{"href":"https:\/\/kapitalis.com\/tunisie\/wp-json\/wp\/v2\/posts"}],"about":[{"href":"https:\/\/kapitalis.com\/tunisie\/wp-json\/wp\/v2\/types\/post"}],"author":[{"embeddable":true,"href":"https:\/\/kapitalis.com\/tunisie\/wp-json\/wp\/v2\/users\/6"}],"replies":[{"embeddable":true,"href":"https:\/\/kapitalis.com\/tunisie\/wp-json\/wp\/v2\/comments?post=86670"}],"version-history":[{"count":0,"href":"https:\/\/kapitalis.com\/tunisie\/wp-json\/wp\/v2\/posts\/86670\/revisions"}],"wp:featuredmedia":[{"embeddable":true,"href":"https:\/\/kapitalis.com\/tunisie\/wp-json\/wp\/v2\/media\/86672"}],"wp:attachment":[{"href":"https:\/\/kapitalis.com\/tunisie\/wp-json\/wp\/v2\/media?parent=86670"}],"wp:term":[{"taxonomy":"category","embeddable":true,"href":"https:\/\/kapitalis.com\/tunisie\/wp-json\/wp\/v2\/categories?post=86670"},{"taxonomy":"post_tag","embeddable":true,"href":"https:\/\/kapitalis.com\/tunisie\/wp-json\/wp\/v2\/tags?post=86670"}],"curies":[{"name":"wp","href":"https:\/\/api.w.org\/{rel}","templated":true}]}}