{"id":8669482,"date":"2023-07-05T07:54:42","date_gmt":"2023-07-05T06:54:42","guid":{"rendered":"https:\/\/kapitalis.com\/tunisie\/?p=8669482"},"modified":"2023-07-05T07:57:10","modified_gmt":"2023-07-05T06:57:10","slug":"8669482","status":"publish","type":"post","link":"https:\/\/kapitalis.com\/tunisie\/2023\/07\/05\/8669482\/","title":{"rendered":"Tunisie : l&rsquo;Etat \u00e0 l&rsquo;\u00e9preuve de la migration ill\u00e9gale"},"content":{"rendered":"\n<p><strong><em>Alors qu\u2019elle fait face \u00e0 de graves difficult\u00e9s \u00e9conomiques et sociales, la Tunisie doit \u00e9galement g\u00e9rer le probl\u00e8me migratoire qui est en passe d\u2019occuper les devants de sc\u00e8ne avec des affrontements violents entre la population locale et les migrants ill\u00e9gaux et des remous au sein de l\u2019Etat et de la soci\u00e9t\u00e9 civile.<\/em><\/strong><\/p>\n\n\n\n<p>Par <strong>Imed Bahri \u00a0\u00a0<\/strong><\/p>\n\n\n\n<!--more-->\n\n\n\n<p>Le pr\u00e9sident de la r\u00e9publique Ka\u00efs Sa\u00efed s&rsquo;est r\u00e9uni mardi 4 juillet 2023, au si\u00e8ge du minist\u00e8re de l\u2019Int\u00e9rieur, avec le ministre Kamel Feki et plusieurs cadres s\u00e9curitaires.<\/p>\n\n\n\n<p>La rencontre s\u2019est focalis\u00e9e sur la situation s\u00e9curitaire \u00e0 Sfax suite aux<em> \u00abactes criminels\u00bb<\/em> survenus la veille dans la ville, indique un communiqu\u00e9\u00a0de la pr\u00e9sidence de la r\u00e9publique, faisant allusion au meurtre en pleine rue \u00e0 Sakiet Eddaier, la veille, du jeune Nizar Amri.<\/p>\n\n\n\n<p>A cette occasion, Ka\u00efs Sa\u00efed a r\u00e9affirm\u00e9 sa doctrine sur l\u2019immigration selon laquelle la Tunisie n\u2019accepte le s\u00e9jour sur son territoire que selon ses propres lois, refuse d\u2019\u00eatre une terre de transit ou d\u2019installation des ressortissants subsahariens et est d\u00e9termin\u00e9e \u00e0 ne surveiller que ses propres fronti\u00e8res (sic&nbsp;!), r\u00e9pondant ainsi \u00e0 ceux qui critiquent le projet d\u2019accord sur la migration avec l\u2019Union europ\u00e9enne (UE) en vertu duquel la Tunisie va jouer un r\u00f4le d\u00e9terminant dans la lutte contre la migration ill\u00e9gale vers l\u2019Italie.<\/p>\n\n\n\n<h2 class=\"wp-block-heading\">Une situation <em>\u00abanormale\u00bb<\/em><\/h2>\n\n\n\n<p>Le chef de l\u2019Etat a une fois de plus \u00e9voqu\u00e9 l\u2019existence de \u00abr\u00e9seaux criminels qu\u2019il incombe \u00e0 l\u2019Etat de d\u00e9manteler\u00bb, soulignant la pr\u00e9sence de nombreuses preuves qui confirment que cette situation est <em>\u00abanormale\u00bb<\/em>.<\/p>\n\n\n\n<p>Le pr\u00e9sident Sa\u00efed s\u2019est, en outre, demand\u00e9 comment ces migrants, qui viennent en Tunisie apr\u00e8s avoir parcouru des milliers de kilom\u00e8tres, se dirigent-ils vers une ville ou un quartier en question. Est-ce qu\u2019ils connaissent d\u00e9j\u00e0 ces villes et ces quartiers lorsqu\u2019ils sont encore dans leurs pays respectifs ? Sont-ils des migrants ou des d\u00e9plac\u00e9s manipul\u00e9s par des groupes criminels qui exploitent leur mis\u00e8re et visent la paix civile en Tunisie ?<\/p>\n\n\n\n<figure class=\"wp-block-embed is-type-wp-embed is-provider-kapitalis wp-block-embed-kapitalis\"><div class=\"wp-block-embed__wrapper\">\n<blockquote class=\"wp-embedded-content\" data-secret=\"oVwu363RM8\"><a href=\"https:\/\/kapitalis.com\/tunisie\/2023\/07\/04\/meurtre-a-sakiet-eddaier-sfax-trois-subsahariens-arretes\/\">Meurtre \u00e0 Sakiet Eddaier (Sfax) : Trois Subsahariens arr\u00eat\u00e9s<\/a><\/blockquote><iframe loading=\"lazy\" class=\"wp-embedded-content\" sandbox=\"allow-scripts\" security=\"restricted\" style=\"position: absolute; clip: rect(1px, 1px, 1px, 1px);\" title=\"\u00ab\u00a0Meurtre \u00e0 Sakiet Eddaier (Sfax) : Trois Subsahariens arr\u00eat\u00e9s\u00a0\u00bb &#8212; Kapitalis\" src=\"https:\/\/kapitalis.com\/tunisie\/2023\/07\/04\/meurtre-a-sakiet-eddaier-sfax-trois-subsahariens-arretes\/embed\/#?secret=kl05nv1aoc#?secret=oVwu363RM8\" data-secret=\"oVwu363RM8\" width=\"600\" height=\"338\" frameborder=\"0\" marginwidth=\"0\" marginheight=\"0\" scrolling=\"no\"><\/iframe>\n<\/div><\/figure>\n\n\n\n<p>Le pr\u00e9sident de la r\u00e9publique reprend ici, \u00e0 demi-mot, sa fameuse th\u00e8se sur le complot international dont la Tunisie serait l\u2019objet, d\u00e9j\u00e0 \u00e9voqu\u00e9 le 21 f\u00e9vrier dernier, et qui viserait \u00e0 changer la composition d\u00e9mographique du pays et son identit\u00e9 culturelle arabo-musulmane.<\/p>\n\n\n\n<p>Pour faire face \u00e0 ce complot, Sa\u00efed a rappel\u00e9 la n\u00e9cessit\u00e9 d\u2019imposer le respect de la loi \u00e0 ceux qui exploitent ces personnes vuln\u00e9rables en Tunisie, soulignant que <em>\u00abla location de logements aux \u00e9trangers exige d\u2019en informer les autorit\u00e9s polici\u00e8res\u00bb<\/em> et que <em>\u00abl\u2019emploi des \u00e9trangers est \u00e9galement soumis \u00e0 la l\u00e9gislation tunisienne\u00bb<\/em>, sachant que nombre de migrants sont employ\u00e9s dans des t\u00e2ches qui sont souvent d\u00e9laiss\u00e9es par les Tunisiens, ce qui a d\u2019ailleurs amen\u00e9 r\u00e9cemment les milieux d\u2019affaires \u00e0 demander \u00e0 l\u2019Etat d\u2019organiser ce secteur afin de permettre aux Subsahariens pr\u00e9sents dans le pays de travailler en toute l\u00e9galit\u00e9 et de r\u00e9pondre ainsi aux besoins des op\u00e9rateurs \u00e9conomiques. &nbsp;<\/p>\n\n\n\n<p>Sur un autre plan, et sacrifiant une nouvelle fois \u00e0 sa th\u00e9orie complotiste, cens\u00e9e justifier tous les dysfonctionnements au sein de l\u2019Etat, le pr\u00e9sident Sa\u00efed a rappel\u00e9 qu\u2019il n\u2019y a pas de place dans les institutions de l&rsquo;Etat pour ceux qui cherchent \u00e0 les d\u00e9manteler et \u00e0 porter atteinte \u00e0 la s\u00e9curit\u00e9 nationale. Il n\u2019y a pas non plus lieu d\u2019\u00eatre indulgents envers ceux qui fomentent les tensions et agissent dans l&rsquo;ombre. Les lobbies n\u2019ont pas de place dans les institutions de l\u2019Etat, et ceux qui les servent n\u2019y ont pas leur place non plus.<\/p>\n\n\n\n<h2 class=\"wp-block-heading\">Concertation r\u00e9gionale &nbsp;<\/h2>\n\n\n\n<p>Prenant \u00e0 bras-le-corps la question migratoire, qui occupe les devants de l\u2019actualit\u00e9 suite aux affrontements dont Sfax et Mahdia sont le th\u00e9\u00e2tre depuis quelques jours, le pr\u00e9sident Sa\u00efed a eu un entretien t\u00e9l\u00e9phonique, hier apr\u00e8s-midi, avec le chef du gouvernement d\u2019unit\u00e9 nationale libyen, Abdelhamid Dbeibah.<\/p>\n\n\n\n<figure class=\"wp-block-embed is-type-wp-embed is-provider-kapitalis wp-block-embed-kapitalis\"><div class=\"wp-block-embed__wrapper\">\n<blockquote class=\"wp-embedded-content\" data-secret=\"9fK14thZK2\"><a href=\"https:\/\/kapitalis.com\/tunisie\/2023\/07\/04\/sfax-34-migrants-subsahariens-en-garde-a-vue-pour-faits-de-violence\/\">Sfax : 34 migrants subsahariens en garde \u00e0 vue pour faits de violence<\/a><\/blockquote><iframe loading=\"lazy\" class=\"wp-embedded-content\" sandbox=\"allow-scripts\" security=\"restricted\" style=\"position: absolute; clip: rect(1px, 1px, 1px, 1px);\" title=\"\u00ab\u00a0Sfax : 34 migrants subsahariens en garde \u00e0 vue pour faits de violence\u00a0\u00bb &#8212; Kapitalis\" src=\"https:\/\/kapitalis.com\/tunisie\/2023\/07\/04\/sfax-34-migrants-subsahariens-en-garde-a-vue-pour-faits-de-violence\/embed\/#?secret=RJIgAjoZZJ#?secret=9fK14thZK2\" data-secret=\"9fK14thZK2\" width=\"600\" height=\"338\" frameborder=\"0\" marginwidth=\"0\" marginheight=\"0\" scrolling=\"no\"><\/iframe>\n<\/div><\/figure>\n\n\n\n<p>L\u2019entretien a \u00e9t\u00e9 l\u2019occasion d&rsquo;\u00e9voquer bon nombre de questions dont notamment le ph\u00e9nom\u00e8ne de la migration irr\u00e9guli\u00e8re et l\u2019imp\u00e9ratif qu\u2019il y a \u00e0 conjuguer les efforts en vue de trouver des solutions urgentes, lit-on dans un communiqu\u00e9 de la pr\u00e9sidence de la r\u00e9publique publi\u00e9 mardi soir.<\/p>\n\n\n\n<p>Le chef de l\u2019Etat a saisi l\u2019occasion pour souligner au responsable libyen que pour faire face \u00e0 la mont\u00e9e en puissance du ph\u00e9nom\u00e8ne de migration irr\u00e9guli\u00e8re, il importe de pr\u00e9voir une <em>\u00absolution collective\u00bb <\/em>impliquant tous les pays concern\u00e9s, qu\u2019ils soient du sud ou du nord de la M\u00e9diterran\u00e9e.<\/p>\n\n\n\n<p>A ce titre, le pr\u00e9sident Sa\u00efed a rappel\u00e9 l\u2019initiative qu\u2019il avait annonc\u00e9e et qui consiste \u00e0 tenir un sommet de haut niveau associant les diff\u00e9rentes parties prenantes pour s\u2019attaquer aux origines du ph\u00e9nom\u00e8ne avant de se pencher sur ses potentielles incidences et retomb\u00e9es.<\/p>\n\n\n\n<p>Il reste \u00e0 se demander si le pr\u00e9sident Sa\u00efed va s\u2019entretenir \u00e9galement \u00e0 ce sujet avec le pr\u00e9sident alg\u00e9rien Abdelmadjid Tebboune, sachant que l\u2019essentiel des migrants ill\u00e9gaux viennent de l\u2019Alg\u00e9rie voisine, ainsi qu\u2019avec ses autres homologues africains concern\u00e9s par la migration clandestine. \u00a0\u00a0\u00a0<\/p>\n\n\n<div class=\"wp-block-image\">\n<figure class=\"aligncenter size-full\"><img loading=\"lazy\" decoding=\"async\" width=\"800\" height=\"400\" src=\"https:\/\/kapitalis.com\/tunisie\/wp-content\/uploads\/2023\/07\/Reunion-securitaire-Sfax.jpg\" alt=\"\" class=\"wp-image-8669528\" srcset=\"https:\/\/kapitalis.com\/tunisie\/wp-content\/uploads\/2023\/07\/Reunion-securitaire-Sfax.jpg 800w, https:\/\/kapitalis.com\/tunisie\/wp-content\/uploads\/2023\/07\/Reunion-securitaire-Sfax-300x150.jpg 300w, https:\/\/kapitalis.com\/tunisie\/wp-content\/uploads\/2023\/07\/Reunion-securitaire-Sfax-768x384.jpg 768w, https:\/\/kapitalis.com\/tunisie\/wp-content\/uploads\/2023\/07\/Reunion-securitaire-Sfax-580x290.jpg 580w\" sizes=\"auto, (max-width: 800px) 100vw, 800px\" \/><\/figure>\n<\/div>\n\n\n<p class=\"has-text-align-center\"><em>R\u00e9union s\u00e9curitaire hier \u00e0 Sfax. <\/em><\/p>\n\n\n\n<p>Dans le m\u00eame contexte, le directeur g\u00e9n\u00e9ral de la S\u00fbret\u00e9 nationale et le directeur g\u00e9n\u00e9ral, commandant de la Garde nationale se sont rendus dans la journ\u00e9e d\u2019hier \u00e0 Sfax accompagn\u00e9s de hauts responsables de la s\u00e9curit\u00e9 pour suivre de pr\u00e8s l\u2019\u00e9volution de la r\u00e9gion suite au meurtre de Nizar Amri lors d\u2019affrontements avec des migrants subsahariens pr\u00e8s de la route Mahdia km10 \u00e0 Sakiet Eddaier.<\/p>\n\n\n\n<p>Plus t\u00f4t dans la journ\u00e9e, le parquet pr\u00e8s le tribunal de premi\u00e8re instance de Sfax 1 avait ordonn\u00e9 l\u2019arrestation de trois migrants subsahariens soup\u00e7onn\u00e9s d\u2019\u00eatre impliqu\u00e9s dans l\u2019assassinat, survenu lundi soir. Et un quatri\u00e8me suspect est recherch\u00e9 dans le cadre de la m\u00eame affaire.<\/p>\n\n\n\n<h2 class=\"wp-block-heading\">Sfax sur un toit br\u00fblant &nbsp;<\/h2>\n\n\n\n<p>Dans la soir\u00e9e, les affrontements se sont poursuivis et des vid\u00e9os ont circul\u00e9 sur les r\u00e9seaux sociaux o\u00f9 l\u2019on voyait des habitants s\u2019attaquer aux migrants subsahariens, saccager leurs biens et les chasser des maisons qu\u2019ils louaient dans une ambiance explosive que les derniers propos pr\u00e9sidentiels ne vont sans doute pas aider \u00e0 calmer.<\/p>\n\n\n\n<p>Dans le m\u00eame temps, les migrants ill\u00e9gaux continuent de d\u00e9barquer sur les c\u00f4tes italiennes, dont des milliers de Tunisiens qui ne manqueront pas de subir le m\u00eame sort que leurs semblables subsahariens en Tunisie. Pour dire la complexit\u00e9 de ce probl\u00e8me qui ne saurait \u00eatre g\u00e9r\u00e9 par des d\u00e9clarations intempestives mais par des politiques concert\u00e9es entre toutes les parties-prenantes\u00a0: pays d\u2019origine des migrants, pays de transit et pays d\u2019installation.<\/p>\n\n\n\n<figure class=\"wp-block-embed is-type-wp-embed is-provider-kapitalis wp-block-embed-kapitalis\"><div class=\"wp-block-embed__wrapper\">\n<blockquote class=\"wp-embedded-content\" data-secret=\"tpsMhlwKBb\"><a href=\"https:\/\/kapitalis.com\/tunisie\/2023\/03\/15\/pourquoi-le-president-kais-saied-sen-prend-il-aux-migrants-subsahariens\/\">Pourquoi le pr\u00e9sident Ka\u00efs Sa\u00efed s\u2019en prend-il aux migrants subsahariens ?<\/a><\/blockquote><iframe loading=\"lazy\" class=\"wp-embedded-content\" sandbox=\"allow-scripts\" security=\"restricted\" style=\"position: absolute; clip: rect(1px, 1px, 1px, 1px);\" title=\"\u00ab\u00a0Pourquoi le pr\u00e9sident Ka\u00efs Sa\u00efed s\u2019en prend-il aux migrants subsahariens ?\u00a0\u00bb &#8212; Kapitalis\" src=\"https:\/\/kapitalis.com\/tunisie\/2023\/03\/15\/pourquoi-le-president-kais-saied-sen-prend-il-aux-migrants-subsahariens\/embed\/#?secret=zxsGcmuyYw#?secret=tpsMhlwKBb\" data-secret=\"tpsMhlwKBb\" width=\"600\" height=\"338\" frameborder=\"0\" marginwidth=\"0\" marginheight=\"0\" scrolling=\"no\"><\/iframe>\n<\/div><\/figure>\n","protected":false},"excerpt":{"rendered":"<p>Le probl\u00e8me migratoire est en passe d\u2019occuper les devants de sc\u00e8ne en Tunisie avec des affrontements violents entre la population locale et les migrants ill\u00e9gaux et des remous au sein de l\u2019Etat et de la soci\u00e9t\u00e9 civile.<\/p>\n","protected":false},"author":8,"featured_media":8669511,"comment_status":"open","ping_status":"open","sticky":false,"template":"","format":"standard","meta":{"footnotes":""},"categories":[992,997,2433],"tags":[88369,5726,76012,96161,64674,109710,71642,823,62643],"class_list":["post-8669482","post","type-post","status-publish","format-standard","has-post-thumbnail","hentry","category-a-la-une","category-politique","category-tunisie","tag-abdelhamid-dbeibah","tag-immigration","tag-kais-saied-2","tag-kamel-feki","tag-migrants-illegaux","tag-nizar-amri","tag-sakiet-eddaier","tag-sfax","tag-tunisie"],"yoast_head":"<!-- This site is optimized with the Yoast SEO plugin v26.6 - https:\/\/yoast.com\/wordpress\/plugins\/seo\/ -->\n<title>Tunisie : l&#039;Etat \u00e0 l&#039;\u00e9preuve de la migration ill\u00e9gale - Kapitalis<\/title>\n<meta name=\"robots\" content=\"index, follow, max-snippet:-1, max-image-preview:large, max-video-preview:-1\" \/>\n<link rel=\"canonical\" href=\"https:\/\/kapitalis.com\/tunisie\/2023\/07\/05\/8669482\/\" \/>\n<meta property=\"og:locale\" content=\"fr_FR\" \/>\n<meta property=\"og:type\" content=\"article\" \/>\n<meta property=\"og:title\" content=\"Tunisie : l&#039;Etat \u00e0 l&#039;\u00e9preuve de la migration ill\u00e9gale - Kapitalis\" \/>\n<meta property=\"og:description\" content=\"Le probl\u00e8me migratoire est en passe d\u2019occuper les devants de sc\u00e8ne en Tunisie avec des affrontements violents entre la population locale et les migrants ill\u00e9gaux et des remous au sein de l\u2019Etat et de la soci\u00e9t\u00e9 civile.\" \/>\n<meta property=\"og:url\" content=\"https:\/\/kapitalis.com\/tunisie\/2023\/07\/05\/8669482\/\" \/>\n<meta property=\"og:site_name\" content=\"Kapitalis\" \/>\n<meta property=\"article:publisher\" content=\"https:\/\/www.facebook.com\/KapitalisInfo\/\" \/>\n<meta property=\"article:published_time\" content=\"2023-07-05T06:54:42+00:00\" \/>\n<meta property=\"article:modified_time\" content=\"2023-07-05T06:57:10+00:00\" \/>\n<meta property=\"og:image\" content=\"https:\/\/kapitalis.com\/tunisie\/wp-content\/uploads\/2023\/07\/Kais-Saied-ministere-Interieur-migration.jpg\" \/>\n\t<meta property=\"og:image:width\" content=\"1200\" \/>\n\t<meta property=\"og:image:height\" content=\"630\" \/>\n\t<meta property=\"og:image:type\" content=\"image\/jpeg\" \/>\n<meta name=\"author\" content=\"webmaster kapitalis\" \/>\n<meta name=\"twitter:card\" content=\"summary_large_image\" \/>\n<meta name=\"twitter:creator\" content=\"@KapitalisInfo\" \/>\n<meta name=\"twitter:site\" content=\"@KapitalisInfo\" \/>\n<meta name=\"twitter:label1\" content=\"\u00c9crit par\" \/>\n\t<meta name=\"twitter:data1\" content=\"webmaster kapitalis\" \/>\n\t<meta name=\"twitter:label2\" content=\"Dur\u00e9e de lecture estim\u00e9e\" \/>\n\t<meta name=\"twitter:data2\" content=\"6 minutes\" \/>\n<script type=\"application\/ld+json\" class=\"yoast-schema-graph\">{\"@context\":\"https:\/\/schema.org\",\"@graph\":[{\"@type\":\"Article\",\"@id\":\"https:\/\/kapitalis.com\/tunisie\/2023\/07\/05\/8669482\/#article\",\"isPartOf\":{\"@id\":\"https:\/\/kapitalis.com\/tunisie\/2023\/07\/05\/8669482\/\"},\"author\":{\"name\":\"webmaster kapitalis\",\"@id\":\"https:\/\/kapitalis.com\/tunisie\/#\/schema\/person\/d71f33a9ca44f7bad4698210b480c8e9\"},\"headline\":\"Tunisie : l&rsquo;Etat \u00e0 l&rsquo;\u00e9preuve de la migration ill\u00e9gale\",\"datePublished\":\"2023-07-05T06:54:42+00:00\",\"dateModified\":\"2023-07-05T06:57:10+00:00\",\"mainEntityOfPage\":{\"@id\":\"https:\/\/kapitalis.com\/tunisie\/2023\/07\/05\/8669482\/\"},\"wordCount\":1233,\"commentCount\":6,\"publisher\":{\"@id\":\"https:\/\/kapitalis.com\/tunisie\/#organization\"},\"image\":{\"@id\":\"https:\/\/kapitalis.com\/tunisie\/2023\/07\/05\/8669482\/#primaryimage\"},\"thumbnailUrl\":\"https:\/\/kapitalis.com\/tunisie\/wp-content\/uploads\/2023\/07\/Kais-Saied-ministere-Interieur-migration.jpg\",\"keywords\":[\"Abdelhamid Dbeibah\",\"immigration\",\"Ka\u00efs Sa\u00efed\",\"Kamel Feki\",\"migrants ill\u00e9gaux\",\"Nizar Amri\",\"Sakiet Eddaier\",\"Sfax\",\"Tunisie\"],\"articleSection\":[\"A LA UNE\",\"POLITIQUE\",\"Tunisie\"],\"inLanguage\":\"fr-FR\",\"potentialAction\":[{\"@type\":\"CommentAction\",\"name\":\"Comment\",\"target\":[\"https:\/\/kapitalis.com\/tunisie\/2023\/07\/05\/8669482\/#respond\"]}]},{\"@type\":\"WebPage\",\"@id\":\"https:\/\/kapitalis.com\/tunisie\/2023\/07\/05\/8669482\/\",\"url\":\"https:\/\/kapitalis.com\/tunisie\/2023\/07\/05\/8669482\/\",\"name\":\"Tunisie : l'Etat \u00e0 l'\u00e9preuve de la migration ill\u00e9gale - Kapitalis\",\"isPartOf\":{\"@id\":\"https:\/\/kapitalis.com\/tunisie\/#website\"},\"primaryImageOfPage\":{\"@id\":\"https:\/\/kapitalis.com\/tunisie\/2023\/07\/05\/8669482\/#primaryimage\"},\"image\":{\"@id\":\"https:\/\/kapitalis.com\/tunisie\/2023\/07\/05\/8669482\/#primaryimage\"},\"thumbnailUrl\":\"https:\/\/kapitalis.com\/tunisie\/wp-content\/uploads\/2023\/07\/Kais-Saied-ministere-Interieur-migration.jpg\",\"datePublished\":\"2023-07-05T06:54:42+00:00\",\"dateModified\":\"2023-07-05T06:57:10+00:00\",\"breadcrumb\":{\"@id\":\"https:\/\/kapitalis.com\/tunisie\/2023\/07\/05\/8669482\/#breadcrumb\"},\"inLanguage\":\"fr-FR\",\"potentialAction\":[{\"@type\":\"ReadAction\",\"target\":[\"https:\/\/kapitalis.com\/tunisie\/2023\/07\/05\/8669482\/\"]}]},{\"@type\":\"ImageObject\",\"inLanguage\":\"fr-FR\",\"@id\":\"https:\/\/kapitalis.com\/tunisie\/2023\/07\/05\/8669482\/#primaryimage\",\"url\":\"https:\/\/kapitalis.com\/tunisie\/wp-content\/uploads\/2023\/07\/Kais-Saied-ministere-Interieur-migration.jpg\",\"contentUrl\":\"https:\/\/kapitalis.com\/tunisie\/wp-content\/uploads\/2023\/07\/Kais-Saied-ministere-Interieur-migration.jpg\",\"width\":1200,\"height\":630},{\"@type\":\"BreadcrumbList\",\"@id\":\"https:\/\/kapitalis.com\/tunisie\/2023\/07\/05\/8669482\/#breadcrumb\",\"itemListElement\":[{\"@type\":\"ListItem\",\"position\":1,\"name\":\"Accueil\",\"item\":\"https:\/\/kapitalis.com\/tunisie\/\"},{\"@type\":\"ListItem\",\"position\":2,\"name\":\"Tunisie : l&rsquo;Etat \u00e0 l&rsquo;\u00e9preuve de la migration ill\u00e9gale\"}]},{\"@type\":\"WebSite\",\"@id\":\"https:\/\/kapitalis.com\/tunisie\/#website\",\"url\":\"https:\/\/kapitalis.com\/tunisie\/\",\"name\":\"Kapitalis\",\"description\":\"L&#039;actualit\u00e9 en Tunisie et dans le monde\",\"publisher\":{\"@id\":\"https:\/\/kapitalis.com\/tunisie\/#organization\"},\"potentialAction\":[{\"@type\":\"SearchAction\",\"target\":{\"@type\":\"EntryPoint\",\"urlTemplate\":\"https:\/\/kapitalis.com\/tunisie\/?s={search_term_string}\"},\"query-input\":{\"@type\":\"PropertyValueSpecification\",\"valueRequired\":true,\"valueName\":\"search_term_string\"}}],\"inLanguage\":\"fr-FR\"},{\"@type\":\"Organization\",\"@id\":\"https:\/\/kapitalis.com\/tunisie\/#organization\",\"name\":\"Kapitalis\",\"url\":\"https:\/\/kapitalis.com\/tunisie\/\",\"logo\":{\"@type\":\"ImageObject\",\"inLanguage\":\"fr-FR\",\"@id\":\"https:\/\/kapitalis.com\/tunisie\/#\/schema\/logo\/image\/\",\"url\":\"https:\/\/kapitalis.com\/tunisie\/wp-content\/uploads\/2022\/05\/Kapitalis-big-size.png\",\"contentUrl\":\"https:\/\/kapitalis.com\/tunisie\/wp-content\/uploads\/2022\/05\/Kapitalis-big-size.png\",\"width\":5000,\"height\":1500,\"caption\":\"Kapitalis\"},\"image\":{\"@id\":\"https:\/\/kapitalis.com\/tunisie\/#\/schema\/logo\/image\/\"},\"sameAs\":[\"https:\/\/www.facebook.com\/KapitalisInfo\/\",\"https:\/\/x.com\/KapitalisInfo\",\"https:\/\/www.youtube.com\/channel\/UC-yDYrHyfFBWWZaOw3FPg9Q\"]},{\"@type\":\"Person\",\"@id\":\"https:\/\/kapitalis.com\/tunisie\/#\/schema\/person\/d71f33a9ca44f7bad4698210b480c8e9\",\"name\":\"webmaster kapitalis\",\"url\":\"https:\/\/kapitalis.com\/tunisie\/author\/webmaster-kapitalis\/\"}]}<\/script>\n<!-- \/ Yoast SEO plugin. -->","yoast_head_json":{"title":"Tunisie : l'Etat \u00e0 l'\u00e9preuve de la migration ill\u00e9gale - Kapitalis","robots":{"index":"index","follow":"follow","max-snippet":"max-snippet:-1","max-image-preview":"max-image-preview:large","max-video-preview":"max-video-preview:-1"},"canonical":"https:\/\/kapitalis.com\/tunisie\/2023\/07\/05\/8669482\/","og_locale":"fr_FR","og_type":"article","og_title":"Tunisie : l'Etat \u00e0 l'\u00e9preuve de la migration ill\u00e9gale - Kapitalis","og_description":"Le probl\u00e8me migratoire est en passe d\u2019occuper les devants de sc\u00e8ne en Tunisie avec des affrontements violents entre la population locale et les migrants ill\u00e9gaux et des remous au sein de l\u2019Etat et de la soci\u00e9t\u00e9 civile.","og_url":"https:\/\/kapitalis.com\/tunisie\/2023\/07\/05\/8669482\/","og_site_name":"Kapitalis","article_publisher":"https:\/\/www.facebook.com\/KapitalisInfo\/","article_published_time":"2023-07-05T06:54:42+00:00","article_modified_time":"2023-07-05T06:57:10+00:00","og_image":[{"width":1200,"height":630,"url":"https:\/\/kapitalis.com\/tunisie\/wp-content\/uploads\/2023\/07\/Kais-Saied-ministere-Interieur-migration.jpg","type":"image\/jpeg"}],"author":"webmaster kapitalis","twitter_card":"summary_large_image","twitter_creator":"@KapitalisInfo","twitter_site":"@KapitalisInfo","twitter_misc":{"\u00c9crit par":"webmaster kapitalis","Dur\u00e9e de lecture estim\u00e9e":"6 minutes"},"schema":{"@context":"https:\/\/schema.org","@graph":[{"@type":"Article","@id":"https:\/\/kapitalis.com\/tunisie\/2023\/07\/05\/8669482\/#article","isPartOf":{"@id":"https:\/\/kapitalis.com\/tunisie\/2023\/07\/05\/8669482\/"},"author":{"name":"webmaster kapitalis","@id":"https:\/\/kapitalis.com\/tunisie\/#\/schema\/person\/d71f33a9ca44f7bad4698210b480c8e9"},"headline":"Tunisie : l&rsquo;Etat \u00e0 l&rsquo;\u00e9preuve de la migration ill\u00e9gale","datePublished":"2023-07-05T06:54:42+00:00","dateModified":"2023-07-05T06:57:10+00:00","mainEntityOfPage":{"@id":"https:\/\/kapitalis.com\/tunisie\/2023\/07\/05\/8669482\/"},"wordCount":1233,"commentCount":6,"publisher":{"@id":"https:\/\/kapitalis.com\/tunisie\/#organization"},"image":{"@id":"https:\/\/kapitalis.com\/tunisie\/2023\/07\/05\/8669482\/#primaryimage"},"thumbnailUrl":"https:\/\/kapitalis.com\/tunisie\/wp-content\/uploads\/2023\/07\/Kais-Saied-ministere-Interieur-migration.jpg","keywords":["Abdelhamid Dbeibah","immigration","Ka\u00efs Sa\u00efed","Kamel Feki","migrants ill\u00e9gaux","Nizar Amri","Sakiet Eddaier","Sfax","Tunisie"],"articleSection":["A LA UNE","POLITIQUE","Tunisie"],"inLanguage":"fr-FR","potentialAction":[{"@type":"CommentAction","name":"Comment","target":["https:\/\/kapitalis.com\/tunisie\/2023\/07\/05\/8669482\/#respond"]}]},{"@type":"WebPage","@id":"https:\/\/kapitalis.com\/tunisie\/2023\/07\/05\/8669482\/","url":"https:\/\/kapitalis.com\/tunisie\/2023\/07\/05\/8669482\/","name":"Tunisie : l'Etat \u00e0 l'\u00e9preuve de la migration ill\u00e9gale - Kapitalis","isPartOf":{"@id":"https:\/\/kapitalis.com\/tunisie\/#website"},"primaryImageOfPage":{"@id":"https:\/\/kapitalis.com\/tunisie\/2023\/07\/05\/8669482\/#primaryimage"},"image":{"@id":"https:\/\/kapitalis.com\/tunisie\/2023\/07\/05\/8669482\/#primaryimage"},"thumbnailUrl":"https:\/\/kapitalis.com\/tunisie\/wp-content\/uploads\/2023\/07\/Kais-Saied-ministere-Interieur-migration.jpg","datePublished":"2023-07-05T06:54:42+00:00","dateModified":"2023-07-05T06:57:10+00:00","breadcrumb":{"@id":"https:\/\/kapitalis.com\/tunisie\/2023\/07\/05\/8669482\/#breadcrumb"},"inLanguage":"fr-FR","potentialAction":[{"@type":"ReadAction","target":["https:\/\/kapitalis.com\/tunisie\/2023\/07\/05\/8669482\/"]}]},{"@type":"ImageObject","inLanguage":"fr-FR","@id":"https:\/\/kapitalis.com\/tunisie\/2023\/07\/05\/8669482\/#primaryimage","url":"https:\/\/kapitalis.com\/tunisie\/wp-content\/uploads\/2023\/07\/Kais-Saied-ministere-Interieur-migration.jpg","contentUrl":"https:\/\/kapitalis.com\/tunisie\/wp-content\/uploads\/2023\/07\/Kais-Saied-ministere-Interieur-migration.jpg","width":1200,"height":630},{"@type":"BreadcrumbList","@id":"https:\/\/kapitalis.com\/tunisie\/2023\/07\/05\/8669482\/#breadcrumb","itemListElement":[{"@type":"ListItem","position":1,"name":"Accueil","item":"https:\/\/kapitalis.com\/tunisie\/"},{"@type":"ListItem","position":2,"name":"Tunisie : l&rsquo;Etat \u00e0 l&rsquo;\u00e9preuve de la migration ill\u00e9gale"}]},{"@type":"WebSite","@id":"https:\/\/kapitalis.com\/tunisie\/#website","url":"https:\/\/kapitalis.com\/tunisie\/","name":"Kapitalis","description":"L&#039;actualit\u00e9 en Tunisie et dans le monde","publisher":{"@id":"https:\/\/kapitalis.com\/tunisie\/#organization"},"potentialAction":[{"@type":"SearchAction","target":{"@type":"EntryPoint","urlTemplate":"https:\/\/kapitalis.com\/tunisie\/?s={search_term_string}"},"query-input":{"@type":"PropertyValueSpecification","valueRequired":true,"valueName":"search_term_string"}}],"inLanguage":"fr-FR"},{"@type":"Organization","@id":"https:\/\/kapitalis.com\/tunisie\/#organization","name":"Kapitalis","url":"https:\/\/kapitalis.com\/tunisie\/","logo":{"@type":"ImageObject","inLanguage":"fr-FR","@id":"https:\/\/kapitalis.com\/tunisie\/#\/schema\/logo\/image\/","url":"https:\/\/kapitalis.com\/tunisie\/wp-content\/uploads\/2022\/05\/Kapitalis-big-size.png","contentUrl":"https:\/\/kapitalis.com\/tunisie\/wp-content\/uploads\/2022\/05\/Kapitalis-big-size.png","width":5000,"height":1500,"caption":"Kapitalis"},"image":{"@id":"https:\/\/kapitalis.com\/tunisie\/#\/schema\/logo\/image\/"},"sameAs":["https:\/\/www.facebook.com\/KapitalisInfo\/","https:\/\/x.com\/KapitalisInfo","https:\/\/www.youtube.com\/channel\/UC-yDYrHyfFBWWZaOw3FPg9Q"]},{"@type":"Person","@id":"https:\/\/kapitalis.com\/tunisie\/#\/schema\/person\/d71f33a9ca44f7bad4698210b480c8e9","name":"webmaster kapitalis","url":"https:\/\/kapitalis.com\/tunisie\/author\/webmaster-kapitalis\/"}]}},"_links":{"self":[{"href":"https:\/\/kapitalis.com\/tunisie\/wp-json\/wp\/v2\/posts\/8669482","targetHints":{"allow":["GET"]}}],"collection":[{"href":"https:\/\/kapitalis.com\/tunisie\/wp-json\/wp\/v2\/posts"}],"about":[{"href":"https:\/\/kapitalis.com\/tunisie\/wp-json\/wp\/v2\/types\/post"}],"author":[{"embeddable":true,"href":"https:\/\/kapitalis.com\/tunisie\/wp-json\/wp\/v2\/users\/8"}],"replies":[{"embeddable":true,"href":"https:\/\/kapitalis.com\/tunisie\/wp-json\/wp\/v2\/comments?post=8669482"}],"version-history":[{"count":3,"href":"https:\/\/kapitalis.com\/tunisie\/wp-json\/wp\/v2\/posts\/8669482\/revisions"}],"predecessor-version":[{"id":8669573,"href":"https:\/\/kapitalis.com\/tunisie\/wp-json\/wp\/v2\/posts\/8669482\/revisions\/8669573"}],"wp:featuredmedia":[{"embeddable":true,"href":"https:\/\/kapitalis.com\/tunisie\/wp-json\/wp\/v2\/media\/8669511"}],"wp:attachment":[{"href":"https:\/\/kapitalis.com\/tunisie\/wp-json\/wp\/v2\/media?parent=8669482"}],"wp:term":[{"taxonomy":"category","embeddable":true,"href":"https:\/\/kapitalis.com\/tunisie\/wp-json\/wp\/v2\/categories?post=8669482"},{"taxonomy":"post_tag","embeddable":true,"href":"https:\/\/kapitalis.com\/tunisie\/wp-json\/wp\/v2\/tags?post=8669482"}],"curies":[{"name":"wp","href":"https:\/\/api.w.org\/{rel}","templated":true}]}}