{"id":8671699,"date":"2023-07-05T12:00:52","date_gmt":"2023-07-05T11:00:52","guid":{"rendered":"https:\/\/kapitalis.com\/tunisie\/?p=8671699"},"modified":"2023-07-06T07:03:40","modified_gmt":"2023-07-06T06:03:40","slug":"tunisie-migration-sfax-sur-un-toit-brulant-video","status":"publish","type":"post","link":"https:\/\/kapitalis.com\/tunisie\/2023\/07\/05\/tunisie-migration-sfax-sur-un-toit-brulant-video\/","title":{"rendered":"Tunisie-Migration\u00a0: Sfax sur un toit br\u00fblant"},"content":{"rendered":"\n<p><strong><em>Pour la troisi\u00e8me nuit cons\u00e9cutive, mardi 4 juillet 2023, Sfax et ses environs ont \u00e9t\u00e9 le th\u00e9\u00e2tre de tensions et d\u2019affrontements entre riverains et migrants subsahariens qui, \u00e0 certains moments, ont d\u00e9g\u00e9n\u00e9r\u00e9 en pogroms dont ces derniers ont fait les frais, dans une atmosph\u00e8re de terreur g\u00e9n\u00e9ralis\u00e9e.<\/em><\/strong><\/p>\n\n\n\n<p>Par <strong>Imed Bahri<\/strong><\/p>\n\n\n\n<!--more-->\n\n\n\n<p>La route de Sfax a \u00e9t\u00e9 bloqu\u00e9e par des pneus incendi\u00e9s et une succession de jets de pierres entre groupes rivaux avec des habitants demandant aux autorit\u00e9s l\u2019expulsion des migrants irr\u00e9guliers de la ville.<\/p>\n\n\n\n<p>Des vid\u00e9os partag\u00e9es sur les r\u00e9seaux sociaux pr\u00e9sentent des migrants subsahariens harcel\u00e9s et agress\u00e9s par des jeunes et des adolescents munis de b\u00e2tons et qui semblent fiers de commettre leurs forfaits en arborant les signes de la victoire comme s\u2019ils \u00e9taient en guerre.<\/p>\n\n\n\n<p>Ces images \u00f4 combien choquantes ne semblent pas avoir choqu\u00e9 beaucoup de Tunisiens qui s\u2019expriment sur les r\u00e9seaux sociaux et trouvent des justifications \u00e0 ces actes ignobles, qui font honte au pays et en donnent une image peu reluisante.<\/p>\n\n\n\n<p>La police a d\u00fb intervenir pour r\u00e9tablir l\u2019ordre, a rapport\u00e9 Thyna FM, la radio priv\u00e9e de Sfax, notant que la tension \u00e9tait d\u00e9j\u00e0 mont\u00e9e dans l\u2019apr\u00e8s-midi \u00e0 l\u2019issue des obs\u00e8ques du Tunisien de 38 ans poignard\u00e9 \u00e0 mort la veille par un groupe de trois migrants subsahariens, un drame pour lequel le procureur de Sfax a ordonn\u00e9 la d\u00e9tention provisoire de trois Camerounais tandis qu\u2019un autre est en cavale.<\/p>\n\n\n\n<h2 class=\"wp-block-heading\">Sa\u00efed monte au cr\u00e9neau<\/h2>\n\n\n\n<p>Des hauts responsables de la gendarmerie et de la garde nationale tunisienne se sont rendus hier \u00e0 Sfax, o\u00f9 la pr\u00e9sence s\u00e9curitaire a \u00e9t\u00e9 renforc\u00e9e suite aux affrontements entre habitants et migrants subsahariens.<\/p>\n\n\n\n<p>Une campagne de contr\u00f4les a conduit ces derniers jours \u00e0 l\u2019arrestation de 300 migrants de divers pays d\u2019Afrique subsaharienne dans la r\u00e9gion, point de d\u00e9part d\u2019un grand nombre de migrants ill\u00e9gaux vers l\u2019Italie, o\u00f9 les habitants protestent r\u00e9guli\u00e8rement contre la pr\u00e9sence de ces derniers dans leur ville et exigent leur \u00e9loignement.<\/p>\n\n\n\n<figure class=\"wp-block-embed is-type-wp-embed is-provider-kapitalis wp-block-embed-kapitalis\"><div class=\"wp-block-embed__wrapper\">\n<blockquote class=\"wp-embedded-content\" data-secret=\"cTrzKpAikW\"><a href=\"https:\/\/kapitalis.com\/tunisie\/2023\/07\/05\/8669482\/\">Tunisie : l&rsquo;Etat \u00e0 l&rsquo;\u00e9preuve de la migration ill\u00e9gale<\/a><\/blockquote><iframe loading=\"lazy\" class=\"wp-embedded-content\" sandbox=\"allow-scripts\" security=\"restricted\" style=\"position: absolute; clip: rect(1px, 1px, 1px, 1px);\" title=\"\u00ab\u00a0Tunisie : l&rsquo;Etat \u00e0 l&rsquo;\u00e9preuve de la migration ill\u00e9gale\u00a0\u00bb &#8212; Kapitalis\" src=\"https:\/\/kapitalis.com\/tunisie\/2023\/07\/05\/8669482\/embed\/#?secret=FlYNWqTjZI#?secret=cTrzKpAikW\" data-secret=\"cTrzKpAikW\" width=\"600\" height=\"338\" frameborder=\"0\" marginwidth=\"0\" marginheight=\"0\" scrolling=\"no\"><\/iframe>\n<\/div><\/figure>\n\n\n\n<p>Dans les quartiers populaires de Sfax, deuxi\u00e8me ville du pays, o\u00f9 vivent beaucoup de migrants, les violences verbales et physiques entre habitants et migrants sont fr\u00e9quentes. Une violence qui selon les observateurs s\u2019est accrue apr\u00e8s un discours le 21 f\u00e9vrier du pr\u00e9sident Ka\u00efs Sa\u00efed  condamnant l\u2019immigration clandestine et la pr\u00e9sentant comme une menace \u00e0 l\u2019\u00e9quilibre d\u00e9mographique du pays.<\/p>\n\n\n\n<p>Lors d\u2019une visite hier au si\u00e8ge du minist\u00e8re de l\u2019Int\u00e9rieur \u00e0 Tunis, Sa\u00efed a \u00e9voqu\u00e9 la situation \u00e0 Sfax <em>\u00abapr\u00e8s l\u2019acte criminel qui s\u2019y est d\u00e9roul\u00e9\u00bb<\/em>, lit-on dans un communiqu\u00e9 de la pr\u00e9sidence. La Tunisie <em>\u00abn\u2019accepte pas que ceux qui ne respectent pas ses lois r\u00e9sident sur son territoire, ni qu\u2019elle soit un pays de transit<\/em> (vers l\u2019Europe) <em>ou une terre de r\u00e9installation pour les citoyens de certains pays africains\u00bb<\/em>, a-t-il dit.<\/p>\n\n\n\n<p>En effet, la plupart des migrants d\u2019Afrique sub-saharienne arrivent en Tunisie puis tentent de rejoindre l\u2019Europe par la mer, atterrissant clandestinement sur les c\u00f4tes italiennes. Selon Sa\u00efed, derri\u00e8re l\u2019immigration clandestine se cachent des<em> \u00abr\u00e9seaux criminels\u00bb<\/em> qui visent \u00e0 troubler la <em>\u00abpaix sociale en Tunisie\u00bb<\/em>.<\/p>\n\n\n\n<h2 class=\"wp-block-heading\">Calmer les esprits<\/h2>\n\n\n\n<p>Hier, la police a proc\u00e9d\u00e9 \u00e0 des arrestations de migrants en situation irr\u00e9guli\u00e8re, dont des femmes et des enfants.&nbsp;Selon certaines sources, les autorit\u00e9s pourraient envisager de renvoyer ces derniers via les fronti\u00e8res d\u2019o\u00f9 ils ont pu entrer en Tunisie. &nbsp;&nbsp;<\/p>\n\n\n\n<p>Selon Romdane Ben Amor, porte-parole du Forum pour les droits \u00e9conomiques et sociaux (FTDES), une ONG qui suit les questions migratoires en Tunisie, la tension actuelle \u00e0 Sfax \u00e9tait pourtant<em> \u00abattendue\u00bb<\/em> et appelle \u00e0 un discours <em>\u00abqui calmera les esprits\u00bb<\/em>, en d\u00e9plorant qu\u2019une question humanitaire ait suscit\u00e9 des surench\u00e8res politiques, au nord comme au sud de la M\u00e9diterran\u00e9e. <\/p>\n\n\n\n<figure class=\"wp-block-embed is-type-wp-embed is-provider-kapitalis wp-block-embed-kapitalis\"><div class=\"wp-block-embed__wrapper\">\n<blockquote class=\"wp-embedded-content\" data-secret=\"qL9ArXvLId\"><a href=\"https:\/\/kapitalis.com\/tunisie\/2023\/07\/04\/sfax-34-migrants-subsahariens-en-garde-a-vue-pour-faits-de-violence\/\">Sfax : 34 migrants subsahariens en garde \u00e0 vue pour faits de violence<\/a><\/blockquote><iframe loading=\"lazy\" class=\"wp-embedded-content\" sandbox=\"allow-scripts\" security=\"restricted\" style=\"position: absolute; clip: rect(1px, 1px, 1px, 1px);\" title=\"\u00ab\u00a0Sfax : 34 migrants subsahariens en garde \u00e0 vue pour faits de violence\u00a0\u00bb &#8212; Kapitalis\" src=\"https:\/\/kapitalis.com\/tunisie\/2023\/07\/04\/sfax-34-migrants-subsahariens-en-garde-a-vue-pour-faits-de-violence\/embed\/#?secret=4AuI3pbTe6#?secret=qL9ArXvLId\" data-secret=\"qL9ArXvLId\" width=\"600\" height=\"338\" frameborder=\"0\" marginwidth=\"0\" marginheight=\"0\" scrolling=\"no\"><\/iframe>\n<\/div><\/figure>\n","protected":false},"excerpt":{"rendered":"<p>Sfax et ses environs est depuis plusieurs jours le th\u00e9\u00e2tre de tensions et d\u2019affrontements entre riverains et migrants subsahariens qui, \u00e0 certains moments, ont d\u00e9g\u00e9n\u00e9r\u00e9 en pogroms. <\/p>\n","protected":false},"author":8,"featured_media":8671813,"comment_status":"open","ping_status":"open","sticky":false,"template":"","format":"standard","meta":{"footnotes":""},"categories":[992,997,998,2433],"tags":[401,12235,85766,109715,823,62643],"class_list":["post-8671699","post","type-post","status-publish","format-standard","has-post-thumbnail","hentry","category-a-la-une","category-politique","category-societe","category-tunisie","tag-ftdes","tag-kais-saied","tag-migrants-subsahariens","tag-romdane-ben-amor","tag-sfax","tag-tunisie"],"yoast_head":"<!-- This site is optimized with the Yoast SEO plugin v26.6 - https:\/\/yoast.com\/wordpress\/plugins\/seo\/ -->\n<title>Tunisie-Migration\u00a0: Sfax sur un toit br\u00fblant - Kapitalis<\/title>\n<meta name=\"robots\" content=\"index, follow, max-snippet:-1, max-image-preview:large, max-video-preview:-1\" \/>\n<link rel=\"canonical\" href=\"https:\/\/kapitalis.com\/tunisie\/2023\/07\/05\/tunisie-migration-sfax-sur-un-toit-brulant-video\/\" \/>\n<meta property=\"og:locale\" content=\"fr_FR\" \/>\n<meta property=\"og:type\" content=\"article\" \/>\n<meta property=\"og:title\" content=\"Tunisie-Migration\u00a0: Sfax sur un toit br\u00fblant - Kapitalis\" \/>\n<meta property=\"og:description\" content=\"Sfax et ses environs est depuis plusieurs jours le th\u00e9\u00e2tre de tensions et d\u2019affrontements entre riverains et migrants subsahariens qui, \u00e0 certains moments, ont d\u00e9g\u00e9n\u00e9r\u00e9 en pogroms.\" \/>\n<meta property=\"og:url\" content=\"https:\/\/kapitalis.com\/tunisie\/2023\/07\/05\/tunisie-migration-sfax-sur-un-toit-brulant-video\/\" \/>\n<meta property=\"og:site_name\" content=\"Kapitalis\" \/>\n<meta property=\"article:publisher\" content=\"https:\/\/www.facebook.com\/KapitalisInfo\/\" \/>\n<meta property=\"article:published_time\" content=\"2023-07-05T11:00:52+00:00\" \/>\n<meta property=\"article:modified_time\" content=\"2023-07-06T06:03:40+00:00\" \/>\n<meta property=\"og:image\" content=\"https:\/\/kapitalis.com\/tunisie\/wp-content\/uploads\/2023\/07\/Sfax-Violence-contre-migrants.jpg\" \/>\n\t<meta property=\"og:image:width\" content=\"1200\" \/>\n\t<meta property=\"og:image:height\" content=\"630\" \/>\n\t<meta property=\"og:image:type\" content=\"image\/jpeg\" \/>\n<meta name=\"author\" content=\"webmaster kapitalis\" \/>\n<meta name=\"twitter:card\" content=\"summary_large_image\" \/>\n<meta name=\"twitter:creator\" content=\"@KapitalisInfo\" \/>\n<meta name=\"twitter:site\" content=\"@KapitalisInfo\" \/>\n<meta name=\"twitter:label1\" content=\"\u00c9crit par\" \/>\n\t<meta name=\"twitter:data1\" content=\"webmaster kapitalis\" \/>\n\t<meta name=\"twitter:label2\" content=\"Dur\u00e9e de lecture estim\u00e9e\" \/>\n\t<meta name=\"twitter:data2\" content=\"4 minutes\" \/>\n<script type=\"application\/ld+json\" class=\"yoast-schema-graph\">{\"@context\":\"https:\/\/schema.org\",\"@graph\":[{\"@type\":\"Article\",\"@id\":\"https:\/\/kapitalis.com\/tunisie\/2023\/07\/05\/tunisie-migration-sfax-sur-un-toit-brulant-video\/#article\",\"isPartOf\":{\"@id\":\"https:\/\/kapitalis.com\/tunisie\/2023\/07\/05\/tunisie-migration-sfax-sur-un-toit-brulant-video\/\"},\"author\":{\"name\":\"webmaster kapitalis\",\"@id\":\"https:\/\/kapitalis.com\/tunisie\/#\/schema\/person\/d71f33a9ca44f7bad4698210b480c8e9\"},\"headline\":\"Tunisie-Migration\u00a0: Sfax sur un toit br\u00fblant\",\"datePublished\":\"2023-07-05T11:00:52+00:00\",\"dateModified\":\"2023-07-06T06:03:40+00:00\",\"mainEntityOfPage\":{\"@id\":\"https:\/\/kapitalis.com\/tunisie\/2023\/07\/05\/tunisie-migration-sfax-sur-un-toit-brulant-video\/\"},\"wordCount\":698,\"commentCount\":10,\"publisher\":{\"@id\":\"https:\/\/kapitalis.com\/tunisie\/#organization\"},\"image\":{\"@id\":\"https:\/\/kapitalis.com\/tunisie\/2023\/07\/05\/tunisie-migration-sfax-sur-un-toit-brulant-video\/#primaryimage\"},\"thumbnailUrl\":\"https:\/\/kapitalis.com\/tunisie\/wp-content\/uploads\/2023\/07\/Sfax-Violence-contre-migrants.jpg\",\"keywords\":[\"FTDES\",\"Ka\u00efs Saied\",\"migrants subsahariens\",\"Romdane Ben Amor\",\"Sfax\",\"Tunisie\"],\"articleSection\":[\"A LA UNE\",\"POLITIQUE\",\"SOCIETE\",\"Tunisie\"],\"inLanguage\":\"fr-FR\",\"potentialAction\":[{\"@type\":\"CommentAction\",\"name\":\"Comment\",\"target\":[\"https:\/\/kapitalis.com\/tunisie\/2023\/07\/05\/tunisie-migration-sfax-sur-un-toit-brulant-video\/#respond\"]}]},{\"@type\":\"WebPage\",\"@id\":\"https:\/\/kapitalis.com\/tunisie\/2023\/07\/05\/tunisie-migration-sfax-sur-un-toit-brulant-video\/\",\"url\":\"https:\/\/kapitalis.com\/tunisie\/2023\/07\/05\/tunisie-migration-sfax-sur-un-toit-brulant-video\/\",\"name\":\"Tunisie-Migration\u00a0: Sfax sur un toit br\u00fblant - Kapitalis\",\"isPartOf\":{\"@id\":\"https:\/\/kapitalis.com\/tunisie\/#website\"},\"primaryImageOfPage\":{\"@id\":\"https:\/\/kapitalis.com\/tunisie\/2023\/07\/05\/tunisie-migration-sfax-sur-un-toit-brulant-video\/#primaryimage\"},\"image\":{\"@id\":\"https:\/\/kapitalis.com\/tunisie\/2023\/07\/05\/tunisie-migration-sfax-sur-un-toit-brulant-video\/#primaryimage\"},\"thumbnailUrl\":\"https:\/\/kapitalis.com\/tunisie\/wp-content\/uploads\/2023\/07\/Sfax-Violence-contre-migrants.jpg\",\"datePublished\":\"2023-07-05T11:00:52+00:00\",\"dateModified\":\"2023-07-06T06:03:40+00:00\",\"breadcrumb\":{\"@id\":\"https:\/\/kapitalis.com\/tunisie\/2023\/07\/05\/tunisie-migration-sfax-sur-un-toit-brulant-video\/#breadcrumb\"},\"inLanguage\":\"fr-FR\",\"potentialAction\":[{\"@type\":\"ReadAction\",\"target\":[\"https:\/\/kapitalis.com\/tunisie\/2023\/07\/05\/tunisie-migration-sfax-sur-un-toit-brulant-video\/\"]}]},{\"@type\":\"ImageObject\",\"inLanguage\":\"fr-FR\",\"@id\":\"https:\/\/kapitalis.com\/tunisie\/2023\/07\/05\/tunisie-migration-sfax-sur-un-toit-brulant-video\/#primaryimage\",\"url\":\"https:\/\/kapitalis.com\/tunisie\/wp-content\/uploads\/2023\/07\/Sfax-Violence-contre-migrants.jpg\",\"contentUrl\":\"https:\/\/kapitalis.com\/tunisie\/wp-content\/uploads\/2023\/07\/Sfax-Violence-contre-migrants.jpg\",\"width\":1200,\"height\":630},{\"@type\":\"BreadcrumbList\",\"@id\":\"https:\/\/kapitalis.com\/tunisie\/2023\/07\/05\/tunisie-migration-sfax-sur-un-toit-brulant-video\/#breadcrumb\",\"itemListElement\":[{\"@type\":\"ListItem\",\"position\":1,\"name\":\"Accueil\",\"item\":\"https:\/\/kapitalis.com\/tunisie\/\"},{\"@type\":\"ListItem\",\"position\":2,\"name\":\"Tunisie-Migration\u00a0: Sfax sur un toit br\u00fblant\"}]},{\"@type\":\"WebSite\",\"@id\":\"https:\/\/kapitalis.com\/tunisie\/#website\",\"url\":\"https:\/\/kapitalis.com\/tunisie\/\",\"name\":\"Kapitalis\",\"description\":\"L&#039;actualit\u00e9 en Tunisie et dans le monde\",\"publisher\":{\"@id\":\"https:\/\/kapitalis.com\/tunisie\/#organization\"},\"potentialAction\":[{\"@type\":\"SearchAction\",\"target\":{\"@type\":\"EntryPoint\",\"urlTemplate\":\"https:\/\/kapitalis.com\/tunisie\/?s={search_term_string}\"},\"query-input\":{\"@type\":\"PropertyValueSpecification\",\"valueRequired\":true,\"valueName\":\"search_term_string\"}}],\"inLanguage\":\"fr-FR\"},{\"@type\":\"Organization\",\"@id\":\"https:\/\/kapitalis.com\/tunisie\/#organization\",\"name\":\"Kapitalis\",\"url\":\"https:\/\/kapitalis.com\/tunisie\/\",\"logo\":{\"@type\":\"ImageObject\",\"inLanguage\":\"fr-FR\",\"@id\":\"https:\/\/kapitalis.com\/tunisie\/#\/schema\/logo\/image\/\",\"url\":\"https:\/\/kapitalis.com\/tunisie\/wp-content\/uploads\/2022\/05\/Kapitalis-big-size.png\",\"contentUrl\":\"https:\/\/kapitalis.com\/tunisie\/wp-content\/uploads\/2022\/05\/Kapitalis-big-size.png\",\"width\":5000,\"height\":1500,\"caption\":\"Kapitalis\"},\"image\":{\"@id\":\"https:\/\/kapitalis.com\/tunisie\/#\/schema\/logo\/image\/\"},\"sameAs\":[\"https:\/\/www.facebook.com\/KapitalisInfo\/\",\"https:\/\/x.com\/KapitalisInfo\",\"https:\/\/www.youtube.com\/channel\/UC-yDYrHyfFBWWZaOw3FPg9Q\"]},{\"@type\":\"Person\",\"@id\":\"https:\/\/kapitalis.com\/tunisie\/#\/schema\/person\/d71f33a9ca44f7bad4698210b480c8e9\",\"name\":\"webmaster kapitalis\",\"url\":\"https:\/\/kapitalis.com\/tunisie\/author\/webmaster-kapitalis\/\"}]}<\/script>\n<!-- \/ Yoast SEO plugin. -->","yoast_head_json":{"title":"Tunisie-Migration\u00a0: Sfax sur un toit br\u00fblant - Kapitalis","robots":{"index":"index","follow":"follow","max-snippet":"max-snippet:-1","max-image-preview":"max-image-preview:large","max-video-preview":"max-video-preview:-1"},"canonical":"https:\/\/kapitalis.com\/tunisie\/2023\/07\/05\/tunisie-migration-sfax-sur-un-toit-brulant-video\/","og_locale":"fr_FR","og_type":"article","og_title":"Tunisie-Migration\u00a0: Sfax sur un toit br\u00fblant - Kapitalis","og_description":"Sfax et ses environs est depuis plusieurs jours le th\u00e9\u00e2tre de tensions et d\u2019affrontements entre riverains et migrants subsahariens qui, \u00e0 certains moments, ont d\u00e9g\u00e9n\u00e9r\u00e9 en pogroms.","og_url":"https:\/\/kapitalis.com\/tunisie\/2023\/07\/05\/tunisie-migration-sfax-sur-un-toit-brulant-video\/","og_site_name":"Kapitalis","article_publisher":"https:\/\/www.facebook.com\/KapitalisInfo\/","article_published_time":"2023-07-05T11:00:52+00:00","article_modified_time":"2023-07-06T06:03:40+00:00","og_image":[{"width":1200,"height":630,"url":"https:\/\/kapitalis.com\/tunisie\/wp-content\/uploads\/2023\/07\/Sfax-Violence-contre-migrants.jpg","type":"image\/jpeg"}],"author":"webmaster kapitalis","twitter_card":"summary_large_image","twitter_creator":"@KapitalisInfo","twitter_site":"@KapitalisInfo","twitter_misc":{"\u00c9crit par":"webmaster kapitalis","Dur\u00e9e de lecture estim\u00e9e":"4 minutes"},"schema":{"@context":"https:\/\/schema.org","@graph":[{"@type":"Article","@id":"https:\/\/kapitalis.com\/tunisie\/2023\/07\/05\/tunisie-migration-sfax-sur-un-toit-brulant-video\/#article","isPartOf":{"@id":"https:\/\/kapitalis.com\/tunisie\/2023\/07\/05\/tunisie-migration-sfax-sur-un-toit-brulant-video\/"},"author":{"name":"webmaster kapitalis","@id":"https:\/\/kapitalis.com\/tunisie\/#\/schema\/person\/d71f33a9ca44f7bad4698210b480c8e9"},"headline":"Tunisie-Migration\u00a0: Sfax sur un toit br\u00fblant","datePublished":"2023-07-05T11:00:52+00:00","dateModified":"2023-07-06T06:03:40+00:00","mainEntityOfPage":{"@id":"https:\/\/kapitalis.com\/tunisie\/2023\/07\/05\/tunisie-migration-sfax-sur-un-toit-brulant-video\/"},"wordCount":698,"commentCount":10,"publisher":{"@id":"https:\/\/kapitalis.com\/tunisie\/#organization"},"image":{"@id":"https:\/\/kapitalis.com\/tunisie\/2023\/07\/05\/tunisie-migration-sfax-sur-un-toit-brulant-video\/#primaryimage"},"thumbnailUrl":"https:\/\/kapitalis.com\/tunisie\/wp-content\/uploads\/2023\/07\/Sfax-Violence-contre-migrants.jpg","keywords":["FTDES","Ka\u00efs Saied","migrants subsahariens","Romdane Ben Amor","Sfax","Tunisie"],"articleSection":["A LA UNE","POLITIQUE","SOCIETE","Tunisie"],"inLanguage":"fr-FR","potentialAction":[{"@type":"CommentAction","name":"Comment","target":["https:\/\/kapitalis.com\/tunisie\/2023\/07\/05\/tunisie-migration-sfax-sur-un-toit-brulant-video\/#respond"]}]},{"@type":"WebPage","@id":"https:\/\/kapitalis.com\/tunisie\/2023\/07\/05\/tunisie-migration-sfax-sur-un-toit-brulant-video\/","url":"https:\/\/kapitalis.com\/tunisie\/2023\/07\/05\/tunisie-migration-sfax-sur-un-toit-brulant-video\/","name":"Tunisie-Migration\u00a0: Sfax sur un toit br\u00fblant - Kapitalis","isPartOf":{"@id":"https:\/\/kapitalis.com\/tunisie\/#website"},"primaryImageOfPage":{"@id":"https:\/\/kapitalis.com\/tunisie\/2023\/07\/05\/tunisie-migration-sfax-sur-un-toit-brulant-video\/#primaryimage"},"image":{"@id":"https:\/\/kapitalis.com\/tunisie\/2023\/07\/05\/tunisie-migration-sfax-sur-un-toit-brulant-video\/#primaryimage"},"thumbnailUrl":"https:\/\/kapitalis.com\/tunisie\/wp-content\/uploads\/2023\/07\/Sfax-Violence-contre-migrants.jpg","datePublished":"2023-07-05T11:00:52+00:00","dateModified":"2023-07-06T06:03:40+00:00","breadcrumb":{"@id":"https:\/\/kapitalis.com\/tunisie\/2023\/07\/05\/tunisie-migration-sfax-sur-un-toit-brulant-video\/#breadcrumb"},"inLanguage":"fr-FR","potentialAction":[{"@type":"ReadAction","target":["https:\/\/kapitalis.com\/tunisie\/2023\/07\/05\/tunisie-migration-sfax-sur-un-toit-brulant-video\/"]}]},{"@type":"ImageObject","inLanguage":"fr-FR","@id":"https:\/\/kapitalis.com\/tunisie\/2023\/07\/05\/tunisie-migration-sfax-sur-un-toit-brulant-video\/#primaryimage","url":"https:\/\/kapitalis.com\/tunisie\/wp-content\/uploads\/2023\/07\/Sfax-Violence-contre-migrants.jpg","contentUrl":"https:\/\/kapitalis.com\/tunisie\/wp-content\/uploads\/2023\/07\/Sfax-Violence-contre-migrants.jpg","width":1200,"height":630},{"@type":"BreadcrumbList","@id":"https:\/\/kapitalis.com\/tunisie\/2023\/07\/05\/tunisie-migration-sfax-sur-un-toit-brulant-video\/#breadcrumb","itemListElement":[{"@type":"ListItem","position":1,"name":"Accueil","item":"https:\/\/kapitalis.com\/tunisie\/"},{"@type":"ListItem","position":2,"name":"Tunisie-Migration\u00a0: Sfax sur un toit br\u00fblant"}]},{"@type":"WebSite","@id":"https:\/\/kapitalis.com\/tunisie\/#website","url":"https:\/\/kapitalis.com\/tunisie\/","name":"Kapitalis","description":"L&#039;actualit\u00e9 en Tunisie et dans le monde","publisher":{"@id":"https:\/\/kapitalis.com\/tunisie\/#organization"},"potentialAction":[{"@type":"SearchAction","target":{"@type":"EntryPoint","urlTemplate":"https:\/\/kapitalis.com\/tunisie\/?s={search_term_string}"},"query-input":{"@type":"PropertyValueSpecification","valueRequired":true,"valueName":"search_term_string"}}],"inLanguage":"fr-FR"},{"@type":"Organization","@id":"https:\/\/kapitalis.com\/tunisie\/#organization","name":"Kapitalis","url":"https:\/\/kapitalis.com\/tunisie\/","logo":{"@type":"ImageObject","inLanguage":"fr-FR","@id":"https:\/\/kapitalis.com\/tunisie\/#\/schema\/logo\/image\/","url":"https:\/\/kapitalis.com\/tunisie\/wp-content\/uploads\/2022\/05\/Kapitalis-big-size.png","contentUrl":"https:\/\/kapitalis.com\/tunisie\/wp-content\/uploads\/2022\/05\/Kapitalis-big-size.png","width":5000,"height":1500,"caption":"Kapitalis"},"image":{"@id":"https:\/\/kapitalis.com\/tunisie\/#\/schema\/logo\/image\/"},"sameAs":["https:\/\/www.facebook.com\/KapitalisInfo\/","https:\/\/x.com\/KapitalisInfo","https:\/\/www.youtube.com\/channel\/UC-yDYrHyfFBWWZaOw3FPg9Q"]},{"@type":"Person","@id":"https:\/\/kapitalis.com\/tunisie\/#\/schema\/person\/d71f33a9ca44f7bad4698210b480c8e9","name":"webmaster kapitalis","url":"https:\/\/kapitalis.com\/tunisie\/author\/webmaster-kapitalis\/"}]}},"_links":{"self":[{"href":"https:\/\/kapitalis.com\/tunisie\/wp-json\/wp\/v2\/posts\/8671699","targetHints":{"allow":["GET"]}}],"collection":[{"href":"https:\/\/kapitalis.com\/tunisie\/wp-json\/wp\/v2\/posts"}],"about":[{"href":"https:\/\/kapitalis.com\/tunisie\/wp-json\/wp\/v2\/types\/post"}],"author":[{"embeddable":true,"href":"https:\/\/kapitalis.com\/tunisie\/wp-json\/wp\/v2\/users\/8"}],"replies":[{"embeddable":true,"href":"https:\/\/kapitalis.com\/tunisie\/wp-json\/wp\/v2\/comments?post=8671699"}],"version-history":[{"count":4,"href":"https:\/\/kapitalis.com\/tunisie\/wp-json\/wp\/v2\/posts\/8671699\/revisions"}],"predecessor-version":[{"id":8681151,"href":"https:\/\/kapitalis.com\/tunisie\/wp-json\/wp\/v2\/posts\/8671699\/revisions\/8681151"}],"wp:featuredmedia":[{"embeddable":true,"href":"https:\/\/kapitalis.com\/tunisie\/wp-json\/wp\/v2\/media\/8671813"}],"wp:attachment":[{"href":"https:\/\/kapitalis.com\/tunisie\/wp-json\/wp\/v2\/media?parent=8671699"}],"wp:term":[{"taxonomy":"category","embeddable":true,"href":"https:\/\/kapitalis.com\/tunisie\/wp-json\/wp\/v2\/categories?post=8671699"},{"taxonomy":"post_tag","embeddable":true,"href":"https:\/\/kapitalis.com\/tunisie\/wp-json\/wp\/v2\/tags?post=8671699"}],"curies":[{"name":"wp","href":"https:\/\/api.w.org\/{rel}","templated":true}]}}