{"id":8673712,"date":"2023-07-05T14:47:48","date_gmt":"2023-07-05T13:47:48","guid":{"rendered":"https:\/\/kapitalis.com\/tunisie\/?p=8673712"},"modified":"2023-07-05T14:47:50","modified_gmt":"2023-07-05T13:47:50","slug":"tunisie-rencontre-avec-samia-kassab-charfi-autour-de-barg-ellil-a-lift","status":"publish","type":"post","link":"https:\/\/kapitalis.com\/tunisie\/2023\/07\/05\/tunisie-rencontre-avec-samia-kassab-charfi-autour-de-barg-ellil-a-lift\/","title":{"rendered":"Tunisie\u00a0: Rencontre avec Samia Kassab Charfi autour de \u00ab\u00a0Barg ellil\u00a0\u00bb \u00e0 l&rsquo;IFT"},"content":{"rendered":"\n<p><em><strong>l\u2019Institut Fran\u00e7ais de Tunisie (IFT) accueille demain, jeudi 6 juillet, une rencontre-lecture avec Samia Kassab Charfi \u00e0 l\u2019occasion de la parution de sa traduction fran\u00e7aise du roman tunisien \u00ab\u00a0Barg ellil\u00a0\u00bb de B\u00e9chir Khra\u00efef.<\/strong><\/em><\/p>\n\n\n\n<!--more-->\n\n\n\n<p>\u00ab<em> Barg Ellil<\/em> \u00bb (l\u2019\u00e9clair de la nuit) est l\u2019un des romans les plus connus du nouvelliste et romancier tunisien B\u00e9chir Khra\u00efef (1917-1983), l\u2019un des fondateurs majeurs du roman tunisien. Une fiction historique situ\u00e9e au 16e si\u00e8cle mais qui tourne en d\u00e9rision la soci\u00e9t\u00e9 tunisienne et ses r\u00e8gles liberticides \u00e0 travers le personnage d\u2019un esclave noir nomm\u00e9 Barg Ellil.<\/p>\n\n\n\n<p>L\u2019universitaire Samia Kassab Charfi a r\u00e9cemment publi\u00e9 chez Sud \u00e9ditions une traduction en langue fran\u00e7aise qui avait \u00e9t\u00e9 soutenue par l\u2019IFT dans le cadre du Programme d\u2019aide \u00e0 la publication, qu\u2019elle pr\u00e9sentera demain \u00e0 l\u2019IFT. L\u2019\u00e9v\u00e9nement sera l\u2019occasion de lire des extraits en fran\u00e7ais et en dialecte tunisien du roman, d\u2019en d\u00e9battre avec la traductrice et de se faire d\u00e9dicacer le livre.<\/p>\n\n\n\n<p class=\"has-text-align-right\"><strong>F.B<\/strong><\/p>\n","protected":false},"excerpt":{"rendered":"<p>l\u2019Institut Fran\u00e7ais de Tunisie (IFT) accueille demain, jeudi 6 juillet, une rencontre-lecture avec Samia Kassab Charfi \u00e0 l\u2019occasion de la parution de sa traduction fran\u00e7aise du roman tunisien \u00ab\u00a0Barg ellil\u00a0\u00bb de B\u00e9chir Khra\u00efef.<\/p>\n","protected":false},"author":26,"featured_media":6842083,"comment_status":"open","ping_status":"open","sticky":false,"template":"","format":"standard","meta":{"footnotes":""},"categories":[994,2433],"tags":[107124,462,107126,62643],"class_list":["post-8673712","post","type-post","status-publish","format-standard","has-post-thumbnail","hentry","category-culture","category-tunisie","tag-barg-ellil","tag-ift","tag-samia-kassab-charfi","tag-tunisie"],"yoast_head":"<!-- This site is optimized with the Yoast SEO plugin v26.6 - https:\/\/yoast.com\/wordpress\/plugins\/seo\/ -->\n<title>Tunisie\u00a0: Rencontre avec Samia Kassab Charfi autour de \u00ab\u00a0Barg ellil\u00a0\u00bb \u00e0 l&#039;IFT - Kapitalis<\/title>\n<meta name=\"robots\" content=\"index, follow, max-snippet:-1, max-image-preview:large, max-video-preview:-1\" \/>\n<link rel=\"canonical\" href=\"https:\/\/kapitalis.com\/tunisie\/2023\/07\/05\/tunisie-rencontre-avec-samia-kassab-charfi-autour-de-barg-ellil-a-lift\/\" \/>\n<meta property=\"og:locale\" content=\"fr_FR\" \/>\n<meta property=\"og:type\" content=\"article\" \/>\n<meta property=\"og:title\" content=\"Tunisie\u00a0: Rencontre avec Samia Kassab Charfi autour de \u00ab\u00a0Barg ellil\u00a0\u00bb \u00e0 l&#039;IFT - Kapitalis\" \/>\n<meta property=\"og:description\" content=\"l\u2019Institut Fran\u00e7ais de Tunisie (IFT) accueille demain, jeudi 6 juillet, une rencontre-lecture avec Samia Kassab Charfi \u00e0 l\u2019occasion de la parution de sa traduction fran\u00e7aise du roman tunisien \u00ab\u00a0Barg ellil\u00a0\u00bb de B\u00e9chir Khra\u00efef.\" \/>\n<meta property=\"og:url\" content=\"https:\/\/kapitalis.com\/tunisie\/2023\/07\/05\/tunisie-rencontre-avec-samia-kassab-charfi-autour-de-barg-ellil-a-lift\/\" \/>\n<meta property=\"og:site_name\" content=\"Kapitalis\" \/>\n<meta property=\"article:publisher\" content=\"https:\/\/www.facebook.com\/KapitalisInfo\/\" \/>\n<meta property=\"article:published_time\" content=\"2023-07-05T13:47:48+00:00\" \/>\n<meta property=\"article:modified_time\" content=\"2023-07-05T13:47:50+00:00\" \/>\n<meta property=\"og:image\" content=\"https:\/\/kapitalis.com\/tunisie\/wp-content\/uploads\/2023\/03\/Barg-Ellil-_-Traduction-S.jpg\" \/>\n\t<meta property=\"og:image:width\" content=\"1200\" \/>\n\t<meta property=\"og:image:height\" content=\"630\" \/>\n\t<meta property=\"og:image:type\" content=\"image\/jpeg\" \/>\n<meta name=\"author\" content=\"Fawz BenAli\" \/>\n<meta name=\"twitter:card\" content=\"summary_large_image\" \/>\n<meta name=\"twitter:creator\" content=\"@KapitalisInfo\" \/>\n<meta name=\"twitter:site\" content=\"@KapitalisInfo\" \/>\n<meta name=\"twitter:label1\" content=\"\u00c9crit par\" \/>\n\t<meta name=\"twitter:data1\" content=\"Fawz BenAli\" \/>\n\t<meta name=\"twitter:label2\" content=\"Dur\u00e9e de lecture estim\u00e9e\" \/>\n\t<meta name=\"twitter:data2\" content=\"1 minute\" \/>\n<script type=\"application\/ld+json\" class=\"yoast-schema-graph\">{\"@context\":\"https:\/\/schema.org\",\"@graph\":[{\"@type\":\"Article\",\"@id\":\"https:\/\/kapitalis.com\/tunisie\/2023\/07\/05\/tunisie-rencontre-avec-samia-kassab-charfi-autour-de-barg-ellil-a-lift\/#article\",\"isPartOf\":{\"@id\":\"https:\/\/kapitalis.com\/tunisie\/2023\/07\/05\/tunisie-rencontre-avec-samia-kassab-charfi-autour-de-barg-ellil-a-lift\/\"},\"author\":{\"name\":\"Fawz BenAli\",\"@id\":\"https:\/\/kapitalis.com\/tunisie\/#\/schema\/person\/73a5ecc1f6ae540c6ed91342eadca948\"},\"headline\":\"Tunisie\u00a0: Rencontre avec Samia Kassab Charfi autour de \u00ab\u00a0Barg ellil\u00a0\u00bb \u00e0 l&rsquo;IFT\",\"datePublished\":\"2023-07-05T13:47:48+00:00\",\"dateModified\":\"2023-07-05T13:47:50+00:00\",\"mainEntityOfPage\":{\"@id\":\"https:\/\/kapitalis.com\/tunisie\/2023\/07\/05\/tunisie-rencontre-avec-samia-kassab-charfi-autour-de-barg-ellil-a-lift\/\"},\"wordCount\":192,\"commentCount\":0,\"publisher\":{\"@id\":\"https:\/\/kapitalis.com\/tunisie\/#organization\"},\"image\":{\"@id\":\"https:\/\/kapitalis.com\/tunisie\/2023\/07\/05\/tunisie-rencontre-avec-samia-kassab-charfi-autour-de-barg-ellil-a-lift\/#primaryimage\"},\"thumbnailUrl\":\"https:\/\/kapitalis.com\/tunisie\/wp-content\/uploads\/2023\/03\/Barg-Ellil-_-Traduction-S.jpg\",\"keywords\":[\"Barg Ellil\",\"IFT\",\"Samia Kassab Charfi\",\"Tunisie\"],\"articleSection\":[\"CULTURE\",\"Tunisie\"],\"inLanguage\":\"fr-FR\",\"potentialAction\":[{\"@type\":\"CommentAction\",\"name\":\"Comment\",\"target\":[\"https:\/\/kapitalis.com\/tunisie\/2023\/07\/05\/tunisie-rencontre-avec-samia-kassab-charfi-autour-de-barg-ellil-a-lift\/#respond\"]}]},{\"@type\":\"WebPage\",\"@id\":\"https:\/\/kapitalis.com\/tunisie\/2023\/07\/05\/tunisie-rencontre-avec-samia-kassab-charfi-autour-de-barg-ellil-a-lift\/\",\"url\":\"https:\/\/kapitalis.com\/tunisie\/2023\/07\/05\/tunisie-rencontre-avec-samia-kassab-charfi-autour-de-barg-ellil-a-lift\/\",\"name\":\"Tunisie\u00a0: Rencontre avec Samia Kassab Charfi autour de \u00ab\u00a0Barg ellil\u00a0\u00bb \u00e0 l'IFT - Kapitalis\",\"isPartOf\":{\"@id\":\"https:\/\/kapitalis.com\/tunisie\/#website\"},\"primaryImageOfPage\":{\"@id\":\"https:\/\/kapitalis.com\/tunisie\/2023\/07\/05\/tunisie-rencontre-avec-samia-kassab-charfi-autour-de-barg-ellil-a-lift\/#primaryimage\"},\"image\":{\"@id\":\"https:\/\/kapitalis.com\/tunisie\/2023\/07\/05\/tunisie-rencontre-avec-samia-kassab-charfi-autour-de-barg-ellil-a-lift\/#primaryimage\"},\"thumbnailUrl\":\"https:\/\/kapitalis.com\/tunisie\/wp-content\/uploads\/2023\/03\/Barg-Ellil-_-Traduction-S.jpg\",\"datePublished\":\"2023-07-05T13:47:48+00:00\",\"dateModified\":\"2023-07-05T13:47:50+00:00\",\"breadcrumb\":{\"@id\":\"https:\/\/kapitalis.com\/tunisie\/2023\/07\/05\/tunisie-rencontre-avec-samia-kassab-charfi-autour-de-barg-ellil-a-lift\/#breadcrumb\"},\"inLanguage\":\"fr-FR\",\"potentialAction\":[{\"@type\":\"ReadAction\",\"target\":[\"https:\/\/kapitalis.com\/tunisie\/2023\/07\/05\/tunisie-rencontre-avec-samia-kassab-charfi-autour-de-barg-ellil-a-lift\/\"]}]},{\"@type\":\"ImageObject\",\"inLanguage\":\"fr-FR\",\"@id\":\"https:\/\/kapitalis.com\/tunisie\/2023\/07\/05\/tunisie-rencontre-avec-samia-kassab-charfi-autour-de-barg-ellil-a-lift\/#primaryimage\",\"url\":\"https:\/\/kapitalis.com\/tunisie\/wp-content\/uploads\/2023\/03\/Barg-Ellil-_-Traduction-S.jpg\",\"contentUrl\":\"https:\/\/kapitalis.com\/tunisie\/wp-content\/uploads\/2023\/03\/Barg-Ellil-_-Traduction-S.jpg\",\"width\":1200,\"height\":630},{\"@type\":\"BreadcrumbList\",\"@id\":\"https:\/\/kapitalis.com\/tunisie\/2023\/07\/05\/tunisie-rencontre-avec-samia-kassab-charfi-autour-de-barg-ellil-a-lift\/#breadcrumb\",\"itemListElement\":[{\"@type\":\"ListItem\",\"position\":1,\"name\":\"Accueil\",\"item\":\"https:\/\/kapitalis.com\/tunisie\/\"},{\"@type\":\"ListItem\",\"position\":2,\"name\":\"Tunisie\u00a0: Rencontre avec Samia Kassab Charfi autour de \u00ab\u00a0Barg ellil\u00a0\u00bb \u00e0 l&rsquo;IFT\"}]},{\"@type\":\"WebSite\",\"@id\":\"https:\/\/kapitalis.com\/tunisie\/#website\",\"url\":\"https:\/\/kapitalis.com\/tunisie\/\",\"name\":\"Kapitalis\",\"description\":\"L&#039;actualit\u00e9 en Tunisie et dans le monde\",\"publisher\":{\"@id\":\"https:\/\/kapitalis.com\/tunisie\/#organization\"},\"potentialAction\":[{\"@type\":\"SearchAction\",\"target\":{\"@type\":\"EntryPoint\",\"urlTemplate\":\"https:\/\/kapitalis.com\/tunisie\/?s={search_term_string}\"},\"query-input\":{\"@type\":\"PropertyValueSpecification\",\"valueRequired\":true,\"valueName\":\"search_term_string\"}}],\"inLanguage\":\"fr-FR\"},{\"@type\":\"Organization\",\"@id\":\"https:\/\/kapitalis.com\/tunisie\/#organization\",\"name\":\"Kapitalis\",\"url\":\"https:\/\/kapitalis.com\/tunisie\/\",\"logo\":{\"@type\":\"ImageObject\",\"inLanguage\":\"fr-FR\",\"@id\":\"https:\/\/kapitalis.com\/tunisie\/#\/schema\/logo\/image\/\",\"url\":\"https:\/\/kapitalis.com\/tunisie\/wp-content\/uploads\/2022\/05\/Kapitalis-big-size.png\",\"contentUrl\":\"https:\/\/kapitalis.com\/tunisie\/wp-content\/uploads\/2022\/05\/Kapitalis-big-size.png\",\"width\":5000,\"height\":1500,\"caption\":\"Kapitalis\"},\"image\":{\"@id\":\"https:\/\/kapitalis.com\/tunisie\/#\/schema\/logo\/image\/\"},\"sameAs\":[\"https:\/\/www.facebook.com\/KapitalisInfo\/\",\"https:\/\/x.com\/KapitalisInfo\",\"https:\/\/www.youtube.com\/channel\/UC-yDYrHyfFBWWZaOw3FPg9Q\"]},{\"@type\":\"Person\",\"@id\":\"https:\/\/kapitalis.com\/tunisie\/#\/schema\/person\/73a5ecc1f6ae540c6ed91342eadca948\",\"name\":\"Fawz BenAli\",\"url\":\"https:\/\/kapitalis.com\/tunisie\/author\/fawz\/\"}]}<\/script>\n<!-- \/ Yoast SEO plugin. -->","yoast_head_json":{"title":"Tunisie\u00a0: Rencontre avec Samia Kassab Charfi autour de \u00ab\u00a0Barg ellil\u00a0\u00bb \u00e0 l'IFT - Kapitalis","robots":{"index":"index","follow":"follow","max-snippet":"max-snippet:-1","max-image-preview":"max-image-preview:large","max-video-preview":"max-video-preview:-1"},"canonical":"https:\/\/kapitalis.com\/tunisie\/2023\/07\/05\/tunisie-rencontre-avec-samia-kassab-charfi-autour-de-barg-ellil-a-lift\/","og_locale":"fr_FR","og_type":"article","og_title":"Tunisie\u00a0: Rencontre avec Samia Kassab Charfi autour de \u00ab\u00a0Barg ellil\u00a0\u00bb \u00e0 l'IFT - Kapitalis","og_description":"l\u2019Institut Fran\u00e7ais de Tunisie (IFT) accueille demain, jeudi 6 juillet, une rencontre-lecture avec Samia Kassab Charfi \u00e0 l\u2019occasion de la parution de sa traduction fran\u00e7aise du roman tunisien \u00ab\u00a0Barg ellil\u00a0\u00bb de B\u00e9chir Khra\u00efef.","og_url":"https:\/\/kapitalis.com\/tunisie\/2023\/07\/05\/tunisie-rencontre-avec-samia-kassab-charfi-autour-de-barg-ellil-a-lift\/","og_site_name":"Kapitalis","article_publisher":"https:\/\/www.facebook.com\/KapitalisInfo\/","article_published_time":"2023-07-05T13:47:48+00:00","article_modified_time":"2023-07-05T13:47:50+00:00","og_image":[{"width":1200,"height":630,"url":"https:\/\/kapitalis.com\/tunisie\/wp-content\/uploads\/2023\/03\/Barg-Ellil-_-Traduction-S.jpg","type":"image\/jpeg"}],"author":"Fawz BenAli","twitter_card":"summary_large_image","twitter_creator":"@KapitalisInfo","twitter_site":"@KapitalisInfo","twitter_misc":{"\u00c9crit par":"Fawz BenAli","Dur\u00e9e de lecture estim\u00e9e":"1 minute"},"schema":{"@context":"https:\/\/schema.org","@graph":[{"@type":"Article","@id":"https:\/\/kapitalis.com\/tunisie\/2023\/07\/05\/tunisie-rencontre-avec-samia-kassab-charfi-autour-de-barg-ellil-a-lift\/#article","isPartOf":{"@id":"https:\/\/kapitalis.com\/tunisie\/2023\/07\/05\/tunisie-rencontre-avec-samia-kassab-charfi-autour-de-barg-ellil-a-lift\/"},"author":{"name":"Fawz BenAli","@id":"https:\/\/kapitalis.com\/tunisie\/#\/schema\/person\/73a5ecc1f6ae540c6ed91342eadca948"},"headline":"Tunisie\u00a0: Rencontre avec Samia Kassab Charfi autour de \u00ab\u00a0Barg ellil\u00a0\u00bb \u00e0 l&rsquo;IFT","datePublished":"2023-07-05T13:47:48+00:00","dateModified":"2023-07-05T13:47:50+00:00","mainEntityOfPage":{"@id":"https:\/\/kapitalis.com\/tunisie\/2023\/07\/05\/tunisie-rencontre-avec-samia-kassab-charfi-autour-de-barg-ellil-a-lift\/"},"wordCount":192,"commentCount":0,"publisher":{"@id":"https:\/\/kapitalis.com\/tunisie\/#organization"},"image":{"@id":"https:\/\/kapitalis.com\/tunisie\/2023\/07\/05\/tunisie-rencontre-avec-samia-kassab-charfi-autour-de-barg-ellil-a-lift\/#primaryimage"},"thumbnailUrl":"https:\/\/kapitalis.com\/tunisie\/wp-content\/uploads\/2023\/03\/Barg-Ellil-_-Traduction-S.jpg","keywords":["Barg Ellil","IFT","Samia Kassab Charfi","Tunisie"],"articleSection":["CULTURE","Tunisie"],"inLanguage":"fr-FR","potentialAction":[{"@type":"CommentAction","name":"Comment","target":["https:\/\/kapitalis.com\/tunisie\/2023\/07\/05\/tunisie-rencontre-avec-samia-kassab-charfi-autour-de-barg-ellil-a-lift\/#respond"]}]},{"@type":"WebPage","@id":"https:\/\/kapitalis.com\/tunisie\/2023\/07\/05\/tunisie-rencontre-avec-samia-kassab-charfi-autour-de-barg-ellil-a-lift\/","url":"https:\/\/kapitalis.com\/tunisie\/2023\/07\/05\/tunisie-rencontre-avec-samia-kassab-charfi-autour-de-barg-ellil-a-lift\/","name":"Tunisie\u00a0: Rencontre avec Samia Kassab Charfi autour de \u00ab\u00a0Barg ellil\u00a0\u00bb \u00e0 l'IFT - Kapitalis","isPartOf":{"@id":"https:\/\/kapitalis.com\/tunisie\/#website"},"primaryImageOfPage":{"@id":"https:\/\/kapitalis.com\/tunisie\/2023\/07\/05\/tunisie-rencontre-avec-samia-kassab-charfi-autour-de-barg-ellil-a-lift\/#primaryimage"},"image":{"@id":"https:\/\/kapitalis.com\/tunisie\/2023\/07\/05\/tunisie-rencontre-avec-samia-kassab-charfi-autour-de-barg-ellil-a-lift\/#primaryimage"},"thumbnailUrl":"https:\/\/kapitalis.com\/tunisie\/wp-content\/uploads\/2023\/03\/Barg-Ellil-_-Traduction-S.jpg","datePublished":"2023-07-05T13:47:48+00:00","dateModified":"2023-07-05T13:47:50+00:00","breadcrumb":{"@id":"https:\/\/kapitalis.com\/tunisie\/2023\/07\/05\/tunisie-rencontre-avec-samia-kassab-charfi-autour-de-barg-ellil-a-lift\/#breadcrumb"},"inLanguage":"fr-FR","potentialAction":[{"@type":"ReadAction","target":["https:\/\/kapitalis.com\/tunisie\/2023\/07\/05\/tunisie-rencontre-avec-samia-kassab-charfi-autour-de-barg-ellil-a-lift\/"]}]},{"@type":"ImageObject","inLanguage":"fr-FR","@id":"https:\/\/kapitalis.com\/tunisie\/2023\/07\/05\/tunisie-rencontre-avec-samia-kassab-charfi-autour-de-barg-ellil-a-lift\/#primaryimage","url":"https:\/\/kapitalis.com\/tunisie\/wp-content\/uploads\/2023\/03\/Barg-Ellil-_-Traduction-S.jpg","contentUrl":"https:\/\/kapitalis.com\/tunisie\/wp-content\/uploads\/2023\/03\/Barg-Ellil-_-Traduction-S.jpg","width":1200,"height":630},{"@type":"BreadcrumbList","@id":"https:\/\/kapitalis.com\/tunisie\/2023\/07\/05\/tunisie-rencontre-avec-samia-kassab-charfi-autour-de-barg-ellil-a-lift\/#breadcrumb","itemListElement":[{"@type":"ListItem","position":1,"name":"Accueil","item":"https:\/\/kapitalis.com\/tunisie\/"},{"@type":"ListItem","position":2,"name":"Tunisie\u00a0: Rencontre avec Samia Kassab Charfi autour de \u00ab\u00a0Barg ellil\u00a0\u00bb \u00e0 l&rsquo;IFT"}]},{"@type":"WebSite","@id":"https:\/\/kapitalis.com\/tunisie\/#website","url":"https:\/\/kapitalis.com\/tunisie\/","name":"Kapitalis","description":"L&#039;actualit\u00e9 en Tunisie et dans le monde","publisher":{"@id":"https:\/\/kapitalis.com\/tunisie\/#organization"},"potentialAction":[{"@type":"SearchAction","target":{"@type":"EntryPoint","urlTemplate":"https:\/\/kapitalis.com\/tunisie\/?s={search_term_string}"},"query-input":{"@type":"PropertyValueSpecification","valueRequired":true,"valueName":"search_term_string"}}],"inLanguage":"fr-FR"},{"@type":"Organization","@id":"https:\/\/kapitalis.com\/tunisie\/#organization","name":"Kapitalis","url":"https:\/\/kapitalis.com\/tunisie\/","logo":{"@type":"ImageObject","inLanguage":"fr-FR","@id":"https:\/\/kapitalis.com\/tunisie\/#\/schema\/logo\/image\/","url":"https:\/\/kapitalis.com\/tunisie\/wp-content\/uploads\/2022\/05\/Kapitalis-big-size.png","contentUrl":"https:\/\/kapitalis.com\/tunisie\/wp-content\/uploads\/2022\/05\/Kapitalis-big-size.png","width":5000,"height":1500,"caption":"Kapitalis"},"image":{"@id":"https:\/\/kapitalis.com\/tunisie\/#\/schema\/logo\/image\/"},"sameAs":["https:\/\/www.facebook.com\/KapitalisInfo\/","https:\/\/x.com\/KapitalisInfo","https:\/\/www.youtube.com\/channel\/UC-yDYrHyfFBWWZaOw3FPg9Q"]},{"@type":"Person","@id":"https:\/\/kapitalis.com\/tunisie\/#\/schema\/person\/73a5ecc1f6ae540c6ed91342eadca948","name":"Fawz BenAli","url":"https:\/\/kapitalis.com\/tunisie\/author\/fawz\/"}]}},"_links":{"self":[{"href":"https:\/\/kapitalis.com\/tunisie\/wp-json\/wp\/v2\/posts\/8673712","targetHints":{"allow":["GET"]}}],"collection":[{"href":"https:\/\/kapitalis.com\/tunisie\/wp-json\/wp\/v2\/posts"}],"about":[{"href":"https:\/\/kapitalis.com\/tunisie\/wp-json\/wp\/v2\/types\/post"}],"author":[{"embeddable":true,"href":"https:\/\/kapitalis.com\/tunisie\/wp-json\/wp\/v2\/users\/26"}],"replies":[{"embeddable":true,"href":"https:\/\/kapitalis.com\/tunisie\/wp-json\/wp\/v2\/comments?post=8673712"}],"version-history":[{"count":1,"href":"https:\/\/kapitalis.com\/tunisie\/wp-json\/wp\/v2\/posts\/8673712\/revisions"}],"predecessor-version":[{"id":8673737,"href":"https:\/\/kapitalis.com\/tunisie\/wp-json\/wp\/v2\/posts\/8673712\/revisions\/8673737"}],"wp:featuredmedia":[{"embeddable":true,"href":"https:\/\/kapitalis.com\/tunisie\/wp-json\/wp\/v2\/media\/6842083"}],"wp:attachment":[{"href":"https:\/\/kapitalis.com\/tunisie\/wp-json\/wp\/v2\/media?parent=8673712"}],"wp:term":[{"taxonomy":"category","embeddable":true,"href":"https:\/\/kapitalis.com\/tunisie\/wp-json\/wp\/v2\/categories?post=8673712"},{"taxonomy":"post_tag","embeddable":true,"href":"https:\/\/kapitalis.com\/tunisie\/wp-json\/wp\/v2\/tags?post=8673712"}],"curies":[{"name":"wp","href":"https:\/\/api.w.org\/{rel}","templated":true}]}}