{"id":8684301,"date":"2023-07-06T12:06:01","date_gmt":"2023-07-06T11:06:01","guid":{"rendered":"https:\/\/kapitalis.com\/tunisie\/?p=8684301"},"modified":"2023-07-06T12:06:03","modified_gmt":"2023-07-06T11:06:03","slug":"le-film-tunisien-sous-les-figues-sort-dans-les-salles-espagnoles","status":"publish","type":"post","link":"https:\/\/kapitalis.com\/tunisie\/2023\/07\/06\/le-film-tunisien-sous-les-figues-sort-dans-les-salles-espagnoles\/","title":{"rendered":"Le film tunisien \u00ab\u00a0Sous les figues\u00a0\u00bb sort dans les salles espagnoles"},"content":{"rendered":"\n<p><em><strong>Apr\u00e8s la France, l\u2019Italie et l\u2019Angleterre, le film tunisien \u00ab\u00a0Sous les figues\u00a0\u00bb d\u2019Erige Sehiri ira prochainement \u00e0 la rencontre du public espagnol.<\/strong><\/em><\/p>\n\n\n\n<!--more-->\n\n\n\n<p>\u00ab<em>\u00a0Sous les figues<\/em>\u00a0\u00bb est le deuxi\u00e8me long-m\u00e9trage de la jeune cin\u00e9aste tunisienne Erige Sehiri apr\u00e8s \u00ab\u00a0<em>La voie normale<\/em>\u00a0\u00bb. Ce nouvel opus de fiction qui empreint les codes du documentaires avait fait sa premi\u00e8re mondiale \u00e0 la Quinzaine des R\u00e9alisateurs \u00e0 Cannes avant de recevoir le Tanit d\u2019argent aux JCC et de vaciller les grands festivals internationaux.<\/p>\n\n\n\n<p>Le film qui suit une journ\u00e9e estivale de r\u00e9colte de figues pour des ouvri\u00e8res au nord-ouest de la Tunisie, est sorti dans les salles de cin\u00e9ma en France, en Italie et en Angleterre\u00a0; il s\u2019appr\u00eate maintenant \u00e0 aller \u00e0 la rencontre du public espagnol, la date de sortie est pr\u00e9vue pour le 14 juillet.<\/p>\n\n\n\n<p class=\"has-text-align-right\"><strong>F.B<\/strong><\/p>\n","protected":false},"excerpt":{"rendered":"<p>Apr\u00e8s la France, l\u2019Italie et l\u2019Angleterre, le film tunisien \u00ab\u00a0Sous les figues\u00a0\u00bb d\u2019Erige Sehiri ira prochainement \u00e0 la rencontre du public espagnol.<\/p>\n","protected":false},"author":26,"featured_media":8685118,"comment_status":"open","ping_status":"open","sticky":false,"template":"","format":"standard","meta":{"footnotes":""},"categories":[994,2433],"tags":[9668,92169,341,99079,62643],"class_list":["post-8684301","post","type-post","status-publish","format-standard","has-post-thumbnail","hentry","category-culture","category-tunisie","tag-cinema-tunisien","tag-erige-sehiri","tag-espagne","tag-sous-les-figues","tag-tunisie"],"yoast_head":"<!-- This site is optimized with the Yoast SEO plugin v26.6 - https:\/\/yoast.com\/wordpress\/plugins\/seo\/ -->\n<title>Le film tunisien \u00ab\u00a0Sous les figues\u00a0\u00bb sort dans les salles espagnoles - Kapitalis<\/title>\n<meta name=\"robots\" content=\"index, follow, max-snippet:-1, max-image-preview:large, max-video-preview:-1\" \/>\n<link rel=\"canonical\" href=\"https:\/\/kapitalis.com\/tunisie\/2023\/07\/06\/le-film-tunisien-sous-les-figues-sort-dans-les-salles-espagnoles\/\" \/>\n<meta property=\"og:locale\" content=\"fr_FR\" \/>\n<meta property=\"og:type\" content=\"article\" \/>\n<meta property=\"og:title\" content=\"Le film tunisien \u00ab\u00a0Sous les figues\u00a0\u00bb sort dans les salles espagnoles - Kapitalis\" \/>\n<meta property=\"og:description\" content=\"Apr\u00e8s la France, l\u2019Italie et l\u2019Angleterre, le film tunisien \u00ab\u00a0Sous les figues\u00a0\u00bb d\u2019Erige Sehiri ira prochainement \u00e0 la rencontre du public espagnol.\" \/>\n<meta property=\"og:url\" content=\"https:\/\/kapitalis.com\/tunisie\/2023\/07\/06\/le-film-tunisien-sous-les-figues-sort-dans-les-salles-espagnoles\/\" \/>\n<meta property=\"og:site_name\" content=\"Kapitalis\" \/>\n<meta property=\"article:publisher\" content=\"https:\/\/www.facebook.com\/KapitalisInfo\/\" \/>\n<meta property=\"article:published_time\" content=\"2023-07-06T11:06:01+00:00\" \/>\n<meta property=\"article:modified_time\" content=\"2023-07-06T11:06:03+00:00\" \/>\n<meta property=\"og:image\" content=\"https:\/\/kapitalis.com\/tunisie\/wp-content\/uploads\/2023\/07\/Sous-les-figues-_-sortie-espagnole.jpg\" \/>\n\t<meta property=\"og:image:width\" content=\"1200\" \/>\n\t<meta property=\"og:image:height\" content=\"630\" \/>\n\t<meta property=\"og:image:type\" content=\"image\/jpeg\" \/>\n<meta name=\"author\" content=\"Fawz BenAli\" \/>\n<meta name=\"twitter:card\" content=\"summary_large_image\" \/>\n<meta name=\"twitter:creator\" content=\"@KapitalisInfo\" \/>\n<meta name=\"twitter:site\" content=\"@KapitalisInfo\" \/>\n<meta name=\"twitter:label1\" content=\"\u00c9crit par\" \/>\n\t<meta name=\"twitter:data1\" content=\"Fawz BenAli\" \/>\n\t<meta name=\"twitter:label2\" content=\"Dur\u00e9e de lecture estim\u00e9e\" \/>\n\t<meta name=\"twitter:data2\" content=\"1 minute\" \/>\n<script type=\"application\/ld+json\" class=\"yoast-schema-graph\">{\"@context\":\"https:\/\/schema.org\",\"@graph\":[{\"@type\":\"Article\",\"@id\":\"https:\/\/kapitalis.com\/tunisie\/2023\/07\/06\/le-film-tunisien-sous-les-figues-sort-dans-les-salles-espagnoles\/#article\",\"isPartOf\":{\"@id\":\"https:\/\/kapitalis.com\/tunisie\/2023\/07\/06\/le-film-tunisien-sous-les-figues-sort-dans-les-salles-espagnoles\/\"},\"author\":{\"name\":\"Fawz BenAli\",\"@id\":\"https:\/\/kapitalis.com\/tunisie\/#\/schema\/person\/73a5ecc1f6ae540c6ed91342eadca948\"},\"headline\":\"Le film tunisien \u00ab\u00a0Sous les figues\u00a0\u00bb sort dans les salles espagnoles\",\"datePublished\":\"2023-07-06T11:06:01+00:00\",\"dateModified\":\"2023-07-06T11:06:03+00:00\",\"mainEntityOfPage\":{\"@id\":\"https:\/\/kapitalis.com\/tunisie\/2023\/07\/06\/le-film-tunisien-sous-les-figues-sort-dans-les-salles-espagnoles\/\"},\"wordCount\":157,\"commentCount\":0,\"publisher\":{\"@id\":\"https:\/\/kapitalis.com\/tunisie\/#organization\"},\"image\":{\"@id\":\"https:\/\/kapitalis.com\/tunisie\/2023\/07\/06\/le-film-tunisien-sous-les-figues-sort-dans-les-salles-espagnoles\/#primaryimage\"},\"thumbnailUrl\":\"https:\/\/kapitalis.com\/tunisie\/wp-content\/uploads\/2023\/07\/Sous-les-figues-_-sortie-espagnole.jpg\",\"keywords\":[\"cin\u00e9ma tunisien\",\"Erige Sehiri\",\"Espagne\",\"Sous les Figues\",\"Tunisie\"],\"articleSection\":[\"CULTURE\",\"Tunisie\"],\"inLanguage\":\"fr-FR\",\"potentialAction\":[{\"@type\":\"CommentAction\",\"name\":\"Comment\",\"target\":[\"https:\/\/kapitalis.com\/tunisie\/2023\/07\/06\/le-film-tunisien-sous-les-figues-sort-dans-les-salles-espagnoles\/#respond\"]}]},{\"@type\":\"WebPage\",\"@id\":\"https:\/\/kapitalis.com\/tunisie\/2023\/07\/06\/le-film-tunisien-sous-les-figues-sort-dans-les-salles-espagnoles\/\",\"url\":\"https:\/\/kapitalis.com\/tunisie\/2023\/07\/06\/le-film-tunisien-sous-les-figues-sort-dans-les-salles-espagnoles\/\",\"name\":\"Le film tunisien \u00ab\u00a0Sous les figues\u00a0\u00bb sort dans les salles espagnoles - Kapitalis\",\"isPartOf\":{\"@id\":\"https:\/\/kapitalis.com\/tunisie\/#website\"},\"primaryImageOfPage\":{\"@id\":\"https:\/\/kapitalis.com\/tunisie\/2023\/07\/06\/le-film-tunisien-sous-les-figues-sort-dans-les-salles-espagnoles\/#primaryimage\"},\"image\":{\"@id\":\"https:\/\/kapitalis.com\/tunisie\/2023\/07\/06\/le-film-tunisien-sous-les-figues-sort-dans-les-salles-espagnoles\/#primaryimage\"},\"thumbnailUrl\":\"https:\/\/kapitalis.com\/tunisie\/wp-content\/uploads\/2023\/07\/Sous-les-figues-_-sortie-espagnole.jpg\",\"datePublished\":\"2023-07-06T11:06:01+00:00\",\"dateModified\":\"2023-07-06T11:06:03+00:00\",\"breadcrumb\":{\"@id\":\"https:\/\/kapitalis.com\/tunisie\/2023\/07\/06\/le-film-tunisien-sous-les-figues-sort-dans-les-salles-espagnoles\/#breadcrumb\"},\"inLanguage\":\"fr-FR\",\"potentialAction\":[{\"@type\":\"ReadAction\",\"target\":[\"https:\/\/kapitalis.com\/tunisie\/2023\/07\/06\/le-film-tunisien-sous-les-figues-sort-dans-les-salles-espagnoles\/\"]}]},{\"@type\":\"ImageObject\",\"inLanguage\":\"fr-FR\",\"@id\":\"https:\/\/kapitalis.com\/tunisie\/2023\/07\/06\/le-film-tunisien-sous-les-figues-sort-dans-les-salles-espagnoles\/#primaryimage\",\"url\":\"https:\/\/kapitalis.com\/tunisie\/wp-content\/uploads\/2023\/07\/Sous-les-figues-_-sortie-espagnole.jpg\",\"contentUrl\":\"https:\/\/kapitalis.com\/tunisie\/wp-content\/uploads\/2023\/07\/Sous-les-figues-_-sortie-espagnole.jpg\",\"width\":1200,\"height\":630},{\"@type\":\"BreadcrumbList\",\"@id\":\"https:\/\/kapitalis.com\/tunisie\/2023\/07\/06\/le-film-tunisien-sous-les-figues-sort-dans-les-salles-espagnoles\/#breadcrumb\",\"itemListElement\":[{\"@type\":\"ListItem\",\"position\":1,\"name\":\"Accueil\",\"item\":\"https:\/\/kapitalis.com\/tunisie\/\"},{\"@type\":\"ListItem\",\"position\":2,\"name\":\"Le film tunisien \u00ab\u00a0Sous les figues\u00a0\u00bb sort dans les salles espagnoles\"}]},{\"@type\":\"WebSite\",\"@id\":\"https:\/\/kapitalis.com\/tunisie\/#website\",\"url\":\"https:\/\/kapitalis.com\/tunisie\/\",\"name\":\"Kapitalis\",\"description\":\"L&#039;actualit\u00e9 en Tunisie et dans le monde\",\"publisher\":{\"@id\":\"https:\/\/kapitalis.com\/tunisie\/#organization\"},\"potentialAction\":[{\"@type\":\"SearchAction\",\"target\":{\"@type\":\"EntryPoint\",\"urlTemplate\":\"https:\/\/kapitalis.com\/tunisie\/?s={search_term_string}\"},\"query-input\":{\"@type\":\"PropertyValueSpecification\",\"valueRequired\":true,\"valueName\":\"search_term_string\"}}],\"inLanguage\":\"fr-FR\"},{\"@type\":\"Organization\",\"@id\":\"https:\/\/kapitalis.com\/tunisie\/#organization\",\"name\":\"Kapitalis\",\"url\":\"https:\/\/kapitalis.com\/tunisie\/\",\"logo\":{\"@type\":\"ImageObject\",\"inLanguage\":\"fr-FR\",\"@id\":\"https:\/\/kapitalis.com\/tunisie\/#\/schema\/logo\/image\/\",\"url\":\"https:\/\/kapitalis.com\/tunisie\/wp-content\/uploads\/2022\/05\/Kapitalis-big-size.png\",\"contentUrl\":\"https:\/\/kapitalis.com\/tunisie\/wp-content\/uploads\/2022\/05\/Kapitalis-big-size.png\",\"width\":5000,\"height\":1500,\"caption\":\"Kapitalis\"},\"image\":{\"@id\":\"https:\/\/kapitalis.com\/tunisie\/#\/schema\/logo\/image\/\"},\"sameAs\":[\"https:\/\/www.facebook.com\/KapitalisInfo\/\",\"https:\/\/x.com\/KapitalisInfo\",\"https:\/\/www.youtube.com\/channel\/UC-yDYrHyfFBWWZaOw3FPg9Q\"]},{\"@type\":\"Person\",\"@id\":\"https:\/\/kapitalis.com\/tunisie\/#\/schema\/person\/73a5ecc1f6ae540c6ed91342eadca948\",\"name\":\"Fawz BenAli\",\"url\":\"https:\/\/kapitalis.com\/tunisie\/author\/fawz\/\"}]}<\/script>\n<!-- \/ Yoast SEO plugin. -->","yoast_head_json":{"title":"Le film tunisien \u00ab\u00a0Sous les figues\u00a0\u00bb sort dans les salles espagnoles - Kapitalis","robots":{"index":"index","follow":"follow","max-snippet":"max-snippet:-1","max-image-preview":"max-image-preview:large","max-video-preview":"max-video-preview:-1"},"canonical":"https:\/\/kapitalis.com\/tunisie\/2023\/07\/06\/le-film-tunisien-sous-les-figues-sort-dans-les-salles-espagnoles\/","og_locale":"fr_FR","og_type":"article","og_title":"Le film tunisien \u00ab\u00a0Sous les figues\u00a0\u00bb sort dans les salles espagnoles - Kapitalis","og_description":"Apr\u00e8s la France, l\u2019Italie et l\u2019Angleterre, le film tunisien \u00ab\u00a0Sous les figues\u00a0\u00bb d\u2019Erige Sehiri ira prochainement \u00e0 la rencontre du public espagnol.","og_url":"https:\/\/kapitalis.com\/tunisie\/2023\/07\/06\/le-film-tunisien-sous-les-figues-sort-dans-les-salles-espagnoles\/","og_site_name":"Kapitalis","article_publisher":"https:\/\/www.facebook.com\/KapitalisInfo\/","article_published_time":"2023-07-06T11:06:01+00:00","article_modified_time":"2023-07-06T11:06:03+00:00","og_image":[{"width":1200,"height":630,"url":"https:\/\/kapitalis.com\/tunisie\/wp-content\/uploads\/2023\/07\/Sous-les-figues-_-sortie-espagnole.jpg","type":"image\/jpeg"}],"author":"Fawz BenAli","twitter_card":"summary_large_image","twitter_creator":"@KapitalisInfo","twitter_site":"@KapitalisInfo","twitter_misc":{"\u00c9crit par":"Fawz BenAli","Dur\u00e9e de lecture estim\u00e9e":"1 minute"},"schema":{"@context":"https:\/\/schema.org","@graph":[{"@type":"Article","@id":"https:\/\/kapitalis.com\/tunisie\/2023\/07\/06\/le-film-tunisien-sous-les-figues-sort-dans-les-salles-espagnoles\/#article","isPartOf":{"@id":"https:\/\/kapitalis.com\/tunisie\/2023\/07\/06\/le-film-tunisien-sous-les-figues-sort-dans-les-salles-espagnoles\/"},"author":{"name":"Fawz BenAli","@id":"https:\/\/kapitalis.com\/tunisie\/#\/schema\/person\/73a5ecc1f6ae540c6ed91342eadca948"},"headline":"Le film tunisien \u00ab\u00a0Sous les figues\u00a0\u00bb sort dans les salles espagnoles","datePublished":"2023-07-06T11:06:01+00:00","dateModified":"2023-07-06T11:06:03+00:00","mainEntityOfPage":{"@id":"https:\/\/kapitalis.com\/tunisie\/2023\/07\/06\/le-film-tunisien-sous-les-figues-sort-dans-les-salles-espagnoles\/"},"wordCount":157,"commentCount":0,"publisher":{"@id":"https:\/\/kapitalis.com\/tunisie\/#organization"},"image":{"@id":"https:\/\/kapitalis.com\/tunisie\/2023\/07\/06\/le-film-tunisien-sous-les-figues-sort-dans-les-salles-espagnoles\/#primaryimage"},"thumbnailUrl":"https:\/\/kapitalis.com\/tunisie\/wp-content\/uploads\/2023\/07\/Sous-les-figues-_-sortie-espagnole.jpg","keywords":["cin\u00e9ma tunisien","Erige Sehiri","Espagne","Sous les Figues","Tunisie"],"articleSection":["CULTURE","Tunisie"],"inLanguage":"fr-FR","potentialAction":[{"@type":"CommentAction","name":"Comment","target":["https:\/\/kapitalis.com\/tunisie\/2023\/07\/06\/le-film-tunisien-sous-les-figues-sort-dans-les-salles-espagnoles\/#respond"]}]},{"@type":"WebPage","@id":"https:\/\/kapitalis.com\/tunisie\/2023\/07\/06\/le-film-tunisien-sous-les-figues-sort-dans-les-salles-espagnoles\/","url":"https:\/\/kapitalis.com\/tunisie\/2023\/07\/06\/le-film-tunisien-sous-les-figues-sort-dans-les-salles-espagnoles\/","name":"Le film tunisien \u00ab\u00a0Sous les figues\u00a0\u00bb sort dans les salles espagnoles - Kapitalis","isPartOf":{"@id":"https:\/\/kapitalis.com\/tunisie\/#website"},"primaryImageOfPage":{"@id":"https:\/\/kapitalis.com\/tunisie\/2023\/07\/06\/le-film-tunisien-sous-les-figues-sort-dans-les-salles-espagnoles\/#primaryimage"},"image":{"@id":"https:\/\/kapitalis.com\/tunisie\/2023\/07\/06\/le-film-tunisien-sous-les-figues-sort-dans-les-salles-espagnoles\/#primaryimage"},"thumbnailUrl":"https:\/\/kapitalis.com\/tunisie\/wp-content\/uploads\/2023\/07\/Sous-les-figues-_-sortie-espagnole.jpg","datePublished":"2023-07-06T11:06:01+00:00","dateModified":"2023-07-06T11:06:03+00:00","breadcrumb":{"@id":"https:\/\/kapitalis.com\/tunisie\/2023\/07\/06\/le-film-tunisien-sous-les-figues-sort-dans-les-salles-espagnoles\/#breadcrumb"},"inLanguage":"fr-FR","potentialAction":[{"@type":"ReadAction","target":["https:\/\/kapitalis.com\/tunisie\/2023\/07\/06\/le-film-tunisien-sous-les-figues-sort-dans-les-salles-espagnoles\/"]}]},{"@type":"ImageObject","inLanguage":"fr-FR","@id":"https:\/\/kapitalis.com\/tunisie\/2023\/07\/06\/le-film-tunisien-sous-les-figues-sort-dans-les-salles-espagnoles\/#primaryimage","url":"https:\/\/kapitalis.com\/tunisie\/wp-content\/uploads\/2023\/07\/Sous-les-figues-_-sortie-espagnole.jpg","contentUrl":"https:\/\/kapitalis.com\/tunisie\/wp-content\/uploads\/2023\/07\/Sous-les-figues-_-sortie-espagnole.jpg","width":1200,"height":630},{"@type":"BreadcrumbList","@id":"https:\/\/kapitalis.com\/tunisie\/2023\/07\/06\/le-film-tunisien-sous-les-figues-sort-dans-les-salles-espagnoles\/#breadcrumb","itemListElement":[{"@type":"ListItem","position":1,"name":"Accueil","item":"https:\/\/kapitalis.com\/tunisie\/"},{"@type":"ListItem","position":2,"name":"Le film tunisien \u00ab\u00a0Sous les figues\u00a0\u00bb sort dans les salles espagnoles"}]},{"@type":"WebSite","@id":"https:\/\/kapitalis.com\/tunisie\/#website","url":"https:\/\/kapitalis.com\/tunisie\/","name":"Kapitalis","description":"L&#039;actualit\u00e9 en Tunisie et dans le monde","publisher":{"@id":"https:\/\/kapitalis.com\/tunisie\/#organization"},"potentialAction":[{"@type":"SearchAction","target":{"@type":"EntryPoint","urlTemplate":"https:\/\/kapitalis.com\/tunisie\/?s={search_term_string}"},"query-input":{"@type":"PropertyValueSpecification","valueRequired":true,"valueName":"search_term_string"}}],"inLanguage":"fr-FR"},{"@type":"Organization","@id":"https:\/\/kapitalis.com\/tunisie\/#organization","name":"Kapitalis","url":"https:\/\/kapitalis.com\/tunisie\/","logo":{"@type":"ImageObject","inLanguage":"fr-FR","@id":"https:\/\/kapitalis.com\/tunisie\/#\/schema\/logo\/image\/","url":"https:\/\/kapitalis.com\/tunisie\/wp-content\/uploads\/2022\/05\/Kapitalis-big-size.png","contentUrl":"https:\/\/kapitalis.com\/tunisie\/wp-content\/uploads\/2022\/05\/Kapitalis-big-size.png","width":5000,"height":1500,"caption":"Kapitalis"},"image":{"@id":"https:\/\/kapitalis.com\/tunisie\/#\/schema\/logo\/image\/"},"sameAs":["https:\/\/www.facebook.com\/KapitalisInfo\/","https:\/\/x.com\/KapitalisInfo","https:\/\/www.youtube.com\/channel\/UC-yDYrHyfFBWWZaOw3FPg9Q"]},{"@type":"Person","@id":"https:\/\/kapitalis.com\/tunisie\/#\/schema\/person\/73a5ecc1f6ae540c6ed91342eadca948","name":"Fawz BenAli","url":"https:\/\/kapitalis.com\/tunisie\/author\/fawz\/"}]}},"_links":{"self":[{"href":"https:\/\/kapitalis.com\/tunisie\/wp-json\/wp\/v2\/posts\/8684301","targetHints":{"allow":["GET"]}}],"collection":[{"href":"https:\/\/kapitalis.com\/tunisie\/wp-json\/wp\/v2\/posts"}],"about":[{"href":"https:\/\/kapitalis.com\/tunisie\/wp-json\/wp\/v2\/types\/post"}],"author":[{"embeddable":true,"href":"https:\/\/kapitalis.com\/tunisie\/wp-json\/wp\/v2\/users\/26"}],"replies":[{"embeddable":true,"href":"https:\/\/kapitalis.com\/tunisie\/wp-json\/wp\/v2\/comments?post=8684301"}],"version-history":[{"count":1,"href":"https:\/\/kapitalis.com\/tunisie\/wp-json\/wp\/v2\/posts\/8684301\/revisions"}],"predecessor-version":[{"id":8685125,"href":"https:\/\/kapitalis.com\/tunisie\/wp-json\/wp\/v2\/posts\/8684301\/revisions\/8685125"}],"wp:featuredmedia":[{"embeddable":true,"href":"https:\/\/kapitalis.com\/tunisie\/wp-json\/wp\/v2\/media\/8685118"}],"wp:attachment":[{"href":"https:\/\/kapitalis.com\/tunisie\/wp-json\/wp\/v2\/media?parent=8684301"}],"wp:term":[{"taxonomy":"category","embeddable":true,"href":"https:\/\/kapitalis.com\/tunisie\/wp-json\/wp\/v2\/categories?post=8684301"},{"taxonomy":"post_tag","embeddable":true,"href":"https:\/\/kapitalis.com\/tunisie\/wp-json\/wp\/v2\/tags?post=8684301"}],"curies":[{"name":"wp","href":"https:\/\/api.w.org\/{rel}","templated":true}]}}