{"id":8685414,"date":"2023-07-06T12:59:10","date_gmt":"2023-07-06T11:59:10","guid":{"rendered":"https:\/\/kapitalis.com\/tunisie\/?p=8685414"},"modified":"2023-07-06T13:03:10","modified_gmt":"2023-07-06T12:03:10","slug":"violences-urbaines-en-france-saint-sarkozy-priez-pour-nous","status":"publish","type":"post","link":"https:\/\/kapitalis.com\/tunisie\/2023\/07\/06\/violences-urbaines-en-france-saint-sarkozy-priez-pour-nous\/","title":{"rendered":"Violences urbaines en France\u00a0: Saint-Sarkozy priez pour nous\u00a0!"},"content":{"rendered":"\n<p><strong><em>Violences urbaines en France\u00a0: Saint-Sarkozy priez pour nous\u00a0! \u00c7a recommence. Les violences urbaines en France ont atteint un pic et ne semblent pas vouloir en redescendre facilement. Cela suite au d\u00e9c\u00e8s d\u2019un jeune Fran\u00e7ais d\u2019origine alg\u00e9rienne pr\u00e9nomm\u00e9 Nahel, au cours d\u2019un contr\u00f4le routier effectu\u00e9 par la police en banlieue parisienne.<\/em><\/strong><\/p>\n\n\n\n<p>Par <strong>Jean-Guillaume Lozato<\/strong> *<\/p>\n\n\n\n<!--more-->\n\n\n<div class=\"wp-block-image\">\n<figure class=\"alignleft size-full\"><img decoding=\"async\" src=\"http:\/\/kapitalis.com\/tunisie\/wp-content\/uploads\/2019\/09\/Jean-Guillaume-Lozato-1.jpg\" alt=\"\" class=\"wp-image-241349\"\/><\/figure>\n<\/div>\n\n\n<p>Mardi 27 juin. Nanterre. Petite couronne de la r\u00e9gion parisienne. Un jeune homme encore adolescent (17 ans) a perdu la vie suite \u00e0 un contr\u00f4le de police qui a mal tourn\u00e9. La faute \u00e0 un d\u00e9lit de fuite cons\u00e9cutif \u00e0 un refus d\u2019obtemp\u00e9rer alors qu\u2019il conduisait une voiture sans permis. La faute \u00e0 une balle tir\u00e9e par un policier en plein exercice de ses fonctions, re\u00e7ue par le pas encore majeur Nahel ou Na\u00ebl. Un tir dont le retentissement m\u00e9diatique ne se limitera pas \u00e0 la simple d\u00e9tonation mais s\u2019apparentera \u00e0 une d\u00e9flagration soci\u00e9tale si les choses ne sont pas prises en main d\u00e8s maintenant et de fa\u00e7on le plus rapidement possible efficace tant dans la fermet\u00e9 que dans la bienveillance objective.<\/p>\n\n\n\n<p>Cons\u00e9cutivement \u00e0 cet \u00e9pisode malheureux ont \u00e9clat\u00e9 des soul\u00e8vements un peu partout dans Nanterre. Puis promptement sur plusieurs communes de banlieue. Un fl\u00e9au qui a atteint \u00e0 l\u2019heure actuelle plusieurs d\u00e9partements.<\/p>\n\n\n\n<p>Depuis ce fameux 27 juin, les actes les plus r\u00e9pr\u00e9hensibles se succ\u00e8dent&nbsp;: d\u00e9gradations du milieu urbain, vitrines bris\u00e9es, tramways et autobus caillass\u00e9s ou incendi\u00e9s, commerces pill\u00e9s, passants menac\u00e9s, agressions suivies de vols \u00e0 l\u2019arrach\u00e9.<\/p>\n\n\n\n<p>Cet ensauvagement d\u00e9complex\u00e9 rel\u00e8ve de cons\u00e9quences aussi bien r\u00e9centes qu\u2019enracin\u00e9es sur le territoire hexagonal.<\/p>\n\n\n\n<h2 class=\"wp-block-heading\">Des pr\u00e9c\u00e9dents f\u00e2cheux<\/h2>\n\n\n\n<p>Bien \u00e9videmment, les \u00e9meutes urbaines de l\u2019automne 2005 reviennent hanter les esprits. Et m\u00eame les lieux \u00e0 en juger le vandalisme pratiqu\u00e9 dans la nuit de jeudi \u00e0 vendredi sur Aulnay-sous-Bois et Clichy-sous-Bois, p\u00e9rim\u00e8tre d\u2019o\u00f9 \u00e9taient partis les premi\u00e8res \u00e9tincelles li\u00e9es au d\u00e9c\u00e8s de Bouna et Ziyed (jeunes Fran\u00e7ais respectivement d\u2019origine mauritanienne et tunisienne), morts \u00e9lectrocut\u00e9s en voulant \u00e9chapper \u00e0 un contr\u00f4le de police car s\u2019\u00e9tant r\u00e9fugi\u00e9s sur le toit d\u2019un transformateur \u00e9lectrique. Leur compagnon d\u2019infortune Muhittin Altun, Turc lui aussi mineur, s\u2019en sortira gri\u00e8vement bless\u00e9. S\u2019arr\u00eater \u00e0 ce rappel serait insuffisant.<\/p>\n\n\n\n<p>En France, la d\u00e9linquance en g\u00e9n\u00e9ral et chez les jeunes en particulier ne correspond ni \u00e0 un \u00e9piph\u00e9nom\u00e8ne, ni \u00e0 un ph\u00e9nom\u00e8ne nouveau. Que ce soit sous la gouvernance Emmanuel Macron ou sous d\u2019autres mandats pr\u00e9sidentiels, des heurts violents avec les forces de l\u2019ordre s\u2019\u00e9taient d\u00e9j\u00e0 produits d\u00e8s la fin du dix-neuvi\u00e8me si\u00e8cle, pour atteindre son point culminant dans le quartier parisien de M\u00e9nilmontant avec le gang des Apaches, Casque d\u2019Or dans les ann\u00e9es 1900.Puis vint l\u2019\u00e9poque du banditisme \u00e0 coloration plus <em>\u00abexotique\u00bb<\/em> par l\u2019entremise des Corses (\u00e0 Marseille) et des Italiens (Nogent, Paris, Marseille, Nice). Quelques d\u00e9cennies plus tard, les Blousons Noirs se sont illustr\u00e9s avant de laisser la place \u00e0 la fin des ann\u00e9es 70 aux bandes de skinheads, aux <em>\u00abRequins vicieux\u00bb<\/em> des ann\u00e9es 80, \u00e0 la Bande de la banane (Paris 11<sup>e<\/sup> et Paris 20<sup>e<\/sup>) et aux bandes de Mantes-la-Jolie, Puteaux, Saint-Denis, Montreuil, Les Mureaux, Argenteuil.<\/p>\n\n\n\n<p>Une forte pr\u00e9dominance parisienne mais une importante touche provinciale aussi, comme si la d\u00e9linquance aussi mettait en \u0153uvre une d\u00e9centralisation (des villes comme Marseille avec ses quartiers Nord, une ville comme Tourcoing ou encore Nice avec l\u2019Ariane, la rue Vernier ou les Moulins rivalisent avec la Capitale).<\/p>\n\n\n\n<figure class=\"wp-block-embed is-type-wp-embed is-provider-kapitalis wp-block-embed-kapitalis\"><div class=\"wp-block-embed__wrapper\">\n<blockquote class=\"wp-embedded-content\" data-secret=\"sKqw23vTne\"><a href=\"https:\/\/kapitalis.com\/tunisie\/2023\/07\/04\/france-affaire-nael-les-victimes-au-banc-des-accuses\/\">France\u00a0&#8211; Affaire Na\u00ebl: les victimes au banc des accus\u00e9s\u00a0!<\/a><\/blockquote><iframe loading=\"lazy\" class=\"wp-embedded-content\" sandbox=\"allow-scripts\" security=\"restricted\" style=\"position: absolute; clip: rect(1px, 1px, 1px, 1px);\" title=\"\u00ab\u00a0France\u00a0&#8211; Affaire Na\u00ebl: les victimes au banc des accus\u00e9s\u00a0!\u00a0\u00bb &#8212; Kapitalis\" src=\"https:\/\/kapitalis.com\/tunisie\/2023\/07\/04\/france-affaire-nael-les-victimes-au-banc-des-accuses\/embed\/#?secret=p1QGE8QBjf#?secret=sKqw23vTne\" data-secret=\"sKqw23vTne\" width=\"600\" height=\"338\" frameborder=\"0\" marginwidth=\"0\" marginheight=\"0\" scrolling=\"no\"><\/iframe>\n<\/div><\/figure>\n\n\n\n<p>Ainsi, depuis les ann\u00e9es 70, de v\u00e9ritables r\u00e9voltes se sont organis\u00e9es, \u00e0 l\u2019image des p\u00e9riph\u00e9ries lyonnaise (V\u00e9nissieux en 1979) et strasbourgeoise. Des actes qui ont chang\u00e9 d\u2019\u00e9chelle, passant d\u2019\u00e9pisodiques \u00e0 r\u00e9currents, animant la sc\u00e8ne t\u00e9l\u00e9visuelle et politique de d\u00e9bats interminables.<\/p>\n\n\n\n<p>Au pays de la R\u00e9volution Fran\u00e7aise et de Mai 68, les grands ensembles sont devenus les porte-drapeaux de frustrations et autres incapacit\u00e9s communicatives, avant m\u00eame les revendications.<\/p>\n\n\n\n<h2 class=\"wp-block-heading\">Les racines du mal<\/h2>\n\n\n\n<p>Les racines du mal sont donc \u00e0 premi\u00e8re vue historiques. M\u00eame si s\u2019attarder sur la chronologie ne garantit pas l\u2019acc\u00e8s \u00e0 toutes les clefs de compr\u00e9hension.<\/p>\n\n\n\n<p>Historiquement, la France a \u00e9t\u00e9 marqu\u00e9e par une succession d\u2019accalmies et de violences. Y compris dans la ville d\u2019Avignon en sa p\u00e9riode dite de r\u00e9sidence des papes, d\u00e9crite \u00e0 l\u2019\u00e9poque comme un lieu des plus dangereux par l\u2019\u00e9crivain florentin Dante Alighieri. La Saint-Barth\u00e9l\u00e9my sur fond de pers\u00e9cutions religieuses. Les jacqueries pour ce qui est de la r\u00e9volte paysanne. Des brigands c\u00e9l\u00e8bres comme Cartouche et Louis Mandrin. Puis l\u2019ann\u00e9e 1789 puis la p\u00e9riode de la Terreur. Il est ind\u00e9niable que l\u2019espace bleu-blanc-rouge a connu des secousses telluriques. Mais tr\u00e8s peu de nations dans le monde peuvent se vanter d\u2019avoir connu une histoire continuellement sereine. &nbsp;<\/p>\n\n\n\n<p>Si l\u2019historicit\u00e9 ne nous apporte pas plus de r\u00e9ponses, alors attachons-nous \u00e0 ce qui s\u2019apparente au g\u00e9ographique. Avec un recours \u00e0 l\u2019\u00e9tymologie pour nous apercevoir que le mot <em>\u00abbanlieue\u00bb<\/em> rec\u00e8le des pistes int\u00e9ressantes.<\/p>\n\n\n\n<p>Etymologiquement et g\u00e9ographiquement, ce vocable agit comme un vrai mot-valise puisque l\u2019\u00e9tymon <em>\u00abban\u00bb<\/em> provient du Gaulois. D\u2019o\u00f9 une origine tr\u00e8s lointaine et autochtone \u2013 correspondant \u00e0 la traduction de <em>\u00abtombeau\u00bb<\/em> \u2013 accol\u00e9e \u00e0 <em>\u00ablieue\u00bb<\/em> ou <em>\u00ablieu\u00bb<\/em> renvoyant \u00e0 la localisation.<\/p>\n\n\n\n<p>Cette forme anticip\u00e9e de d\u00e9terminisme g\u00e9o-spatial s\u2019est prolong\u00e9e dans le temps, accompagn\u00e9e par l\u2019adjectif <em>\u00abbanlieusard\u00bb<\/em>, sorte de gentil\u00e9 plus ou moins officiel, beaucoup plus p\u00e9joratif que le qualificatif de <em>\u00abp\u00e9riph\u00e9rique\u00bb<\/em>. Ceci renvoyant automatiquement vers un monde situ\u00e9 en marge. A noter le suffixe <em>\u00abard\u00bb<\/em> renfor\u00e7ant la n\u00e9gativit\u00e9 de tout ce qui est \u00e0 rattacher \u00e0 une zone o\u00f9 l\u2019acc\u00e8s aux commodit\u00e9s \u00e9tait d\u00e9j\u00e0 rendu compliqu\u00e9 voire inaccessible d\u00e8s le Moyen-\u00c2ge, plus particuli\u00e8rement sur ses flancs Nord et Est o\u00f9 les habitants ne pouvaient disposer comme ils le voulaient d\u2019un pressoir.<\/p>\n\n\n\n<p>L\u2019isolement spatial date donc de l\u2019\u00e9poque m\u00e9di\u00e9vale. A cet \u00e9loignement s\u2019est ajout\u00e9 l\u2019isolement social,&nbsp;<em>\u00abban\u00bb<\/em> faisant penser \u00e0 <em>\u00abbannir\u00bb<\/em>, \u00e0 <em>\u00ab\u00eatre mis au ban\u00bb<\/em> ou encore \u00e0 <em>\u00ab\u00eatre en rupture de ban\u00bb<\/em>.<\/p>\n\n\n\n<h2 class=\"wp-block-heading\">Le caract\u00e8re interethnique de la p\u00e8gre<\/h2>\n\n\n\n<p>Plus tard cette h\u00e9r\u00e9dit\u00e9 de r\u00e9sidence discriminante s\u2019est transmise \u00e0 des g\u00e9n\u00e9rations de travailleurs immigr\u00e9s et de leurs descendants. Le Nogent-sur-Marne, devenue une commune cossue \u00e0 l\u2019heure actuelle, savamment narr\u00e9 par Fran\u00e7ois Cavanna dans son roman autobiographique <em>Les Ritals<\/em> nous plonge au c\u0153ur d\u2019une communaut\u00e9 italienne o\u00f9 des bandes de voyous puis de malfrats se constituaient. Quelques g\u00e9n\u00e9rations plus tard, le plateau Vitry\/Ivry\/Choisy le Roi\/Villejuif a vu grandir le gangster italien Antonio Ferrara qui a su f\u00e9d\u00e9rer des membres \u00e0 la fois d\u2019origine italienne, maghr\u00e9bine et corse au sein de la p\u00e8gre. Ce qui nous permet de relever le caract\u00e8re interethnique in\u00e9dit de cette <em>\u00abfusion\u00bb<\/em>. Toutefois nous nous trouvons dans l\u2019obligation de nous rendre \u00e0 une \u00e9vidence: les difficult\u00e9s d\u2019appr\u00e9hension et d\u2019int\u00e9gration concernant les ressortissants originaires du continent africain.<\/p>\n\n\n\n<p>La notion d\u2019Afrique est vaste. Elle illustre \u00e0 elle seule les probl\u00e8mes d\u2019insertion de tous les gens arriv\u00e9s en France. Si l\u2019on prend en compte le caract\u00e8re ethno-spatial, les probl\u00e8mes touchent aussi bien les Arabo-Berb\u00e8res que les Subsahariens.<\/p>\n\n\n\n<p>A partir de la fin de l\u2019\u00e8re coloniale les gangsters juifs s\u00e9farades se sont fait remarquer dans l\u2019Hexagone, comme on peut le contempler dans le film <em>Le Grand Pardon<\/em>.<\/p>\n\n\n\n<p>Plus tard le Gang des barbares dirig\u00e9s par Youssouf Fofana, jeune Fran\u00e7ais d\u2019origine malienne, ainsi que divers groupes se donnant rendez-vous \u00e0 La D\u00e9fense, ont mis en lumi\u00e8re les <em>\u00abBlacks\u00bb<\/em>.<\/p>\n\n\n\n<p>Quant aux bandes \u00e9cumant Nice dans les ann\u00e9es 85\/95, elles \u00e9taient compos\u00e9es tr\u00e8s essentiellement de Beurs. Ce qui d\u00e9montre que malgr\u00e9 les diff\u00e9rences d\u2019ob\u00e9dience religieuses et d\u2019appartenance dite raciale par certains intervenants, les probl\u00e8mes identiques se posaient pour chaque communaut\u00e9 nouvellement arriv\u00e9e, avec comme point d\u2019intersection la domiciliation dans des zones excentr\u00e9es par rapport aux centres des villes.<\/p>\n\n\n\n<h2 class=\"wp-block-heading\">Cons\u00e9quences et faux d\u00e9bats<\/h2>\n\n\n\n<p>Le probl\u00e8me a \u00e9t\u00e9 que les <em>\u00abann\u00e9es Giscard\u00bb<\/em>, mandat sous lequel les premiers flux impressionnants de regroupement familial sont apparus, un premier grand plan banlieue avait \u00e9t\u00e9 d\u00e9ploy\u00e9. Avec de timides r\u00e9sultats. M\u00eame pendant les quatorze ann\u00e9es de socialisme mitterrandien, les in\u00e9galit\u00e9s ont perdur\u00e9 malgr\u00e9 quelques avanc\u00e9es comme notamment l\u2019am\u00e9lioration des conditions r\u00e9gissant la carte de s\u00e9jour.<\/p>\n\n\n\n<p>Certes, l\u2019immigration cons\u00e9quente n\u2019\u00e9tant pas forc\u00e9ment compatible avec les ralentissements \u00e9conomiques a aliment\u00e9 les angoisses et les discours des politiciens fran\u00e7ais de toutes les tendances. Mais la notion d\u2019\u00e9chec de l\u2019int\u00e9gration est devenue le n\u0153ud gordien des d\u00e9bats publics, passant de l\u2019\u00e9tat de probl\u00e9matique au statut d\u2019affaire d\u2019\u00c9tat.<\/p>\n\n\n\n<p>En 2023, force est de constater que depuis le 11 septembre 2001 la jeunesse maghr\u00e9bine et musulmane se voit regard\u00e9e avec une double circonspection qui est all\u00e9e en s\u2019acc\u00e9l\u00e9rant. N\u00e9anmoins, la victimisation tout comme le racisme ont leurs limites. Des limites d\u00e9limit\u00e9s par le bon sens, lequel peut nous faire constater que le ph\u00e9nom\u00e8ne de la d\u00e9linquance d\u2019origine \u00e9trang\u00e8re n\u2019est pas nouveau puisque m\u00eame dans un endroit de France comme la Charente Maritime, qui n\u2019a jamais vraiment polaris\u00e9 de mani\u00e8re importante les flux migratoires, plus de la moiti\u00e9 des d\u00e9tenus \u00e9crou\u00e9s sur la p\u00e9riode 1899-1934 portaient des patronymes \u00e9trangers, pour la plupart italiens ou corses, d\u2019autres portant des noms espagnols. Une r\u00e9alit\u00e9 statistique rappelant que beaucoup de gangsters \u00e0 Chicago \u00e9taient d\u2019origine italienne, mais aussi su\u00e9doise, irlandaise ou hongroise\u2026<\/p>\n\n\n\n<p>Le vrai fil conducteur se doit d\u2019\u00eatre la gestion des jeunes et la lutte contre la drogue.<\/p>\n\n\n\n<p>Evoquer seulement l\u2019origine des \u00e9meutiers rend le d\u00e9bat contre-productif. Des gens d\u2019origine \u00e9trang\u00e8res se comptent \u00e9galement parmi les victimes, \u00e0 l\u2019image de cette buraliste nomm\u00e9e Souad Dellidj et dont le commerce a \u00e9t\u00e9 mis \u00e0 sac \u00e0 Marseille. Des Fran\u00e7ais composent environ 90% des vandales et pilleurs incrimin\u00e9s, d\u2019apr\u00e8s le ministre de l\u2019Int\u00e9rieur G\u00e9rard Darmanin. Dont un grand nombre seraient d\u2019origine \u00e9trang\u00e8re&nbsp;?<\/p>\n\n\n\n<p>Il est vital d\u2019enregistrer un aspect important&nbsp;: il s\u2019agit bien d\u2019un probl\u00e8me avant tout g\u00e9n\u00e9rationnel, avant d\u2019\u00eatre social, avec par exemple des Maghr\u00e9bins install\u00e9s en France se d\u00e9clinant sur cinq g\u00e9n\u00e9rations. Nous sommes en face d\u2019un d\u00e9bat franco-fran\u00e7ais. Avec des Fran\u00e7ais mineurs ou tr\u00e8s jeunes majeurs impatients de prendre le wagon de la r\u00e9ussite mais dont l\u2019ascension est retard\u00e9e par le manque de dipl\u00f4mes, la d\u00e9linquance ou le manque de perspectives dans leur environnement direct souvent enclav\u00e9.<\/p>\n\n\n\n<p>La mort de Nahel a \u00e9t\u00e9 une \u00e9tincelle. Certains la d\u00e9crivent comme un pr\u00e9texte. D\u2019autres comme la faute de trop comme Moustapha Mebarek, 52 ans, en France depuis l\u2019\u00e9cole primaire, Oranais ayant v\u00e9cu \u00e0 Nanterre, Puteaux, Saint-Ouen et Marseille&nbsp;: <em>\u00abA Nanterre il n\u2019y a pas qu\u2019un seul endroit chaud. Il y en a cinq ou six. De toutes fa\u00e7ons \u00e7a pouvait p\u00e9ter n\u2019importe quand donc il fallait une occasion\u00bb<\/em>. Ce quinquag\u00e9naire, sosie de Charles Bronson, affirme <em>\u00abne pas \u00eatre \u00e9tonn\u00e9\u00bb<\/em> et pense que <em>\u00ables jeunes peuvent faire pire qu\u2019en 2005 m\u00eame s\u2019ils sont plus \u00e9go\u00efstes qu\u2019avant\u00bb<\/em>. Selon lui la police <em>\u00abaura du mal, elle aura besoin de l\u2019aide de l\u2019arm\u00e9e. Et en plus il y a des endroits pires comme la cit\u00e9 des Canibouts dans la m\u00eame ville\u00bb<\/em> (un reportage y faisait d\u00e9j\u00e0 allusion il y a une quarantaine d\u2019ann\u00e9e, consultable sur le site de l\u2019INA).<\/p>\n\n\n\n<p>Cette r\u00e9volte d\u2019une partie de la jeunesse soul\u00e8ve des interrogations, mais d\u00e9sorient\u00e9es \u00e0 l\u2019image du flou entourant les revendications. <em>\u00abCe sont des cons ceux qui br\u00fblent tout. En fait pas mieux que les Libyens qui pratiquent le saccage et l\u2019expropriation vis-\u00e0-vis de leurs compatriotes noirs sous pr\u00e9texte qu\u2019ils soutenaient tous Kadhafi. Pourquoi&nbsp;? Parce que finalement ils se font \u00e7a entre citoyens fran\u00e7ais. Les types comme moi n\u00e9s \u00e0 l\u2019ext\u00e9rieur et arriv\u00e9s ici \u00e0 leur majorit\u00e9 pour bosser on ne les voit pas au milieu de tout \u00e7a\u00bb<\/em>, argumente un enseignant tunisien d\u00e9sirant conserver l\u2019anonymat.<\/p>\n\n\n\n<p>Un autre enseignant s\u2019exprimant anonymement livre une explication int\u00e9ressante&nbsp;: <em>\u00abJe me d\u00e9finis comme franco-breton si vous voulez tout savoir&nbsp;! Je compatis pour le d\u00e9c\u00e8s d\u2019un gamin de dix-sept ans et je regrette s\u2019il y a une bavure polici\u00e8re, surtout que j\u2019\u00e9tais assez militant dans ma jeunesse, \u00e9lev\u00e9s par des parents soixante-huitards. Mais je d\u00e9couvre qu\u2019en fait on est tous Fran\u00e7ais sans que tout le monde ne se sente Fran\u00e7ais&nbsp;lorsque je regarde les d\u00e9bats t\u00e9l\u00e9vis\u00e9s. Alors que le plus urgent c\u2019est lutter contre l\u2019oisivet\u00e9 et surtout pour l\u2019acc\u00e8s \u00e0 l\u2019emploi. Pas \u00e9tonnant que de plus en plus d\u2019enseignants votent RN et qu\u2019en parall\u00e8le tant de voiles et d\u2019abayas fleurissent dans les cours de r\u00e9cr\u00e9ation. Chacun est en train de s\u2019embastiller, c\u2019est-\u00e0-dire s\u2019emmurer dans une image, une communaut\u00e9, sans laisser une issue\u00bb<\/em>.<\/p>\n\n\n\n<p>Si nous devions conclure provisoirement face \u00e0 l\u2019\u00e9moi provoqu\u00e9 par la mort d\u2019un jeune homme d\u2019origine \u00e9trang\u00e8re, la t\u00e2che serait plurielle, tr\u00e8s loin d\u2019\u00eatre \u00e9vidente.<\/p>\n\n\n\n<p>Instinctivement, il est facile de basculer dans un sentimentalisme compatissant envers le mort et sa famille. Ceci ayant pour effet de reporter les \u00e9lans de compassion pourtant n\u00e9cessaires envers les commer\u00e7ants ruin\u00e9s, les travailleurs dont le v\u00e9hicule a \u00e9t\u00e9 br\u00fbl\u00e9, les maires qui ont d\u00fb subir menaces et agressions.<\/p>\n\n\n\n<p>N\u2019oublions pas non plus, pour maintenir l\u2019objectivit\u00e9 la plus grande possible, l\u2019ar\u00e8ne politique ressemble \u00e0 celle des jeux du cirque&nbsp;: on s\u2019apostrophe, on se d\u00e9nigre, LFI et Jean-Luc M\u00e9lenchon ne veulent surtout pas lancer des appels au calme et pr\u00f4nent le retour \u00e0 la Constitution de 1793 stipulant le droit \u00e0 l\u2019insurrection; le pr\u00e9sident en exercice commet des erreurs de communication qui encouragent indirectement \u00e0 affronter les policiers; chacun reporte la faute sur l\u2019autre.<\/p>\n\n\n\n<p>Il est \u00e0 remarquer que pendant ce temps les \u00e9lus agress\u00e9s appartiennent \u00e0 diff\u00e9rents partis, ce qui prouve la fracture entre les jeunes et le monde politique traditionnel.<\/p>\n\n\n\n<p>Etablir des parall\u00e8les avec des affaires comme Dreyfus, Sacco et Vanzetti, Malek Oussekine&nbsp;? Oui et non. Oui car elles prouvent que chaque communaut\u00e9 a eu sa stigmatisation, que ce n\u2019est pas le seul apanage des discrimin\u00e9(e)s d\u2019aujourd\u2019hui. Non car chaque contexte est trop sp\u00e9cifique pour en tirer des conclusions.<\/p>\n\n\n\n<p>Actuellement, une g\u00e9n\u00e9ration fran\u00e7aise est en train de pratiquer l\u2019autodestruction. Contrairement \u00e0 2005 la situation \u00e9conomique g\u00e9n\u00e9rale a empir\u00e9 \u00e0 partir de 2008 (crise des Subprimes dont les effets se sont \u00e9tal\u00e9s longtemps, crise sanitaire\u2026), sans compter les r\u00e9formes du bac qui sont mal pass\u00e9es.<\/p>\n\n\n\n<figure class=\"wp-block-embed is-type-wp-embed is-provider-kapitalis wp-block-embed-kapitalis\"><div class=\"wp-block-embed__wrapper\">\n<blockquote class=\"wp-embedded-content\" data-secret=\"kfV6g7wvbw\"><a href=\"https:\/\/kapitalis.com\/tunisie\/2023\/07\/02\/la-france-les-hordes-de-saccageurs-et-nous\/\">La France, les hordes de saccageurs et nous<\/a><\/blockquote><iframe loading=\"lazy\" class=\"wp-embedded-content\" sandbox=\"allow-scripts\" security=\"restricted\" style=\"position: absolute; clip: rect(1px, 1px, 1px, 1px);\" title=\"\u00ab\u00a0La France, les hordes de saccageurs et nous\u00a0\u00bb &#8212; Kapitalis\" src=\"https:\/\/kapitalis.com\/tunisie\/2023\/07\/02\/la-france-les-hordes-de-saccageurs-et-nous\/embed\/#?secret=wia1bJHfxu#?secret=kfV6g7wvbw\" data-secret=\"kfV6g7wvbw\" width=\"600\" height=\"338\" frameborder=\"0\" marginwidth=\"0\" marginheight=\"0\" scrolling=\"no\"><\/iframe>\n<\/div><\/figure>\n\n\n\n<p>Sabrina, documentaliste d\u2019origine alg\u00e9rienne n\u00e9e sur le territoire fran\u00e7ais, s\u2019exprime sur ce point\u00a0: <em>\u00abAvant, j\u2019\u00e9tais en Seine-Saint-Denis et \u00e0 l\u2019\u00e9poque il y avait plus de racisme que maintenant, de discrimination \u00e0 l\u2019embauche. Mais maintenant c\u2019est vraiment pour tous les jeunes que c\u2019est difficile, y compris pour ceux dont les familles sont Fran\u00e7aises depuis toujours et qui s\u2019appellent Pierre, Marie ou Dupont. Ce qui m\u2019a aid\u00e9e c\u2019est \u00e9tudier et surtout les passerelles entre ma banlieue et les classes pr\u00e9pas avec la discrimination positive\u00bb<\/em>.<\/p>\n\n\n\n<h2 class=\"wp-block-heading\">Sarkozy aurait mieux g\u00e9r\u00e9 l&rsquo;affaire  <\/h2>\n\n\n\n<p>Ce rappel, de la part de la jeune femme de 34 ans, d\u2019un dispositif destin\u00e9 \u00e0 aider la r\u00e9ussite de chacun montre que des efforts avaient \u00e9t\u00e9 tent\u00e9s dans une r\u00e9gion parisienne qui compte un lyc\u00e9e Mouloudji (dans les Hauts-de-Seine) et une m\u00e9diath\u00e8que Assia Djebbar (Paris 20<sup>e<\/sup>). Dans un pays qui a compt\u00e9 deux pr\u00e9sidents de la R\u00e9publique aux patronymes \u00e9trangers\u00a0: L\u00e9on Gambetta et Nicolas Sarkozy. Ce dernier avait justement d\u00fb g\u00e9rer les \u00e9meutes urbaines de l\u2019automne 2005 en tant que ministre de l\u2019Int\u00e9rieur. Il semblerait que la France ait besoin d\u2019un homme de sa comp\u00e9tence pour conseiller Emmanuel Macron sur ce point. Cela pallierait les h\u00e9sitations pr\u00e9sidentielles ainsi que celles de G\u00e9rald Darmanin, qui ne jouit de cr\u00e9dibilit\u00e9 ni aupr\u00e8s d\u2019\u00e9ventuels appuis politiciens, ni aupr\u00e8s de la population en g\u00e9n\u00e9ral. A moins que Sarkozy, lass\u00e9 de l\u2019acharnement m\u00e9diatique et judiciaire dont il est l\u2019objet, ne se r\u00e9fugie derri\u00e8re ses Ray Ban <em>\u00abbling-bling\u00bb<\/em> et ne d\u00e9cline l\u2019offre tout en observant le spectacle. Ce qui serait dommage car il pourrait \u00eatre le meilleur conseiller s\u00e9curitaire. Saint-Sark\u00f6zy venez en aide aux incomp\u00e9tents.\u00a0<\/p>\n\n\n\n<p><em>\u00abDarmanin, il me fait marrer. Il a d\u00e9j\u00e0 \u00e9t\u00e9 soup\u00e7onn\u00e9 de harc\u00e8lement sexuel et en plus il s\u2019appelle en fait G\u00e9rald Moussa Darmanin donc je n\u2019ai pas d\u2019ordre \u00e0 recevoir de lui. Et Eric Ciotti, il donne des le\u00e7ons alors qu\u2019il n\u2019a m\u00eame pas un nom fran\u00e7ais\u00bb<\/em>, s\u2019insurge un \u00e9ducateur sportif d\u2019origine s\u00e9n\u00e9galaise.<\/p>\n\n\n\n<p>Nous sommes entr\u00e9s dans une \u00e8re d\u2019essentialisation. Contrairement \u00e0 2005 o\u00f9 elle relevait essentiellement de la crise ethnique (un article du <em>Monde<\/em> de l\u2019\u00e9t\u00e9 2005 avait mis en relief les tensions entre Afro-Fran\u00e7ais, Franco-Maghr\u00e9bins d\u2019un c\u00f4t\u00e9 et jeunes Fran\u00e7ais de souche au look bourgeois ou <em>\u00abskater\u00bb<\/em> de l\u2019autre), la racialisation du d\u00e9bat ne semble plus la priorit\u00e9. Les filles se sont invit\u00e9es aussi au festival des incivilit\u00e9s \u00e0 en juger par les statistiques des interpellations.<\/p>\n\n\n\n<p>Tandis que la religion avait auparavant attis\u00e9 le feu social. Parmi les exactions des casseurs, signalons le saccage d\u2019une librairie catholique \u00e0 Nantes pendant que certains avaient tent\u00e9 de d\u00e9truire les portes d\u2019acc\u00e8s de l\u2019immeuble o\u00f9 est bas\u00e9e l\u2019\u00e9glise Notre-Dame de Lourdes dans le 20<sup>e<\/sup> arrondissement. Il y a quelques jours, c\u2019est la mosqu\u00e9e d\u2019Auch qui a \u00e9t\u00e9 couverte de tags des plus malveillants, alors que le m\u00e9morial de la d\u00e9portation des Juifs a \u00e9t\u00e9 d\u00e9grad\u00e9 \u00e0 Nanterre. Si jamais le fait religieux entre dans le d\u00e9bat de la conflictualit\u00e9 alors l\u00e0 on passera d\u2019une guerre civique \u00e0 une guerre civile.<\/p>\n\n\n\n<p>Dor\u00e9navant Nahel est enterr\u00e9. En France. Sa terre natale. Laissons-le reposer en paix et honorons sa m\u00e9moire en \u00e9difiant les bases de vrais d\u00e9bats sans vis\u00e9es uniquement \u00e9lectoralistes, sans instrumentaliser son d\u00e9c\u00e8s. Et que les jeunes patientent afin de mieux se construire un avenir.<\/p>\n\n\n\n<p>* <em>Universitaire et \u00e9crivain.<\/em><\/p>\n","protected":false},"excerpt":{"rendered":"<p>Les violences urbaines en France ont atteint un pic et ne semblent pas vouloir en redescendre facilement. <\/p>\n","protected":false},"author":8,"featured_media":8685779,"comment_status":"open","ping_status":"open","sticky":false,"template":"","format":"standard","meta":{"footnotes":""},"categories":[992,997,1000,2433],"tags":[19579,395,84366,86731,2507,648,109688,109664,73702],"class_list":["post-8685414","post","type-post","status-publish","format-standard","has-post-thumbnail","hentry","category-a-la-une","category-politique","category-tribune","category-tunisie","tag-emmanuel-macron","tag-france","tag-gerald-darmanin","tag-jean-guillaume-lozato","tag-maghrebins","tag-musulmans","tag-nael-2","tag-nahel","tag-violences-urbaines"],"yoast_head":"<!-- This site is optimized with the Yoast SEO plugin v26.6 - https:\/\/yoast.com\/wordpress\/plugins\/seo\/ -->\n<title>Violences urbaines en France\u00a0: Saint-Sarkozy priez pour nous\u00a0! - Kapitalis<\/title>\n<meta name=\"robots\" content=\"index, follow, max-snippet:-1, max-image-preview:large, max-video-preview:-1\" \/>\n<link rel=\"canonical\" href=\"https:\/\/kapitalis.com\/tunisie\/2023\/07\/06\/violences-urbaines-en-france-saint-sarkozy-priez-pour-nous\/\" \/>\n<meta property=\"og:locale\" content=\"fr_FR\" \/>\n<meta property=\"og:type\" content=\"article\" \/>\n<meta property=\"og:title\" content=\"Violences urbaines en France\u00a0: Saint-Sarkozy priez pour nous\u00a0! - Kapitalis\" \/>\n<meta property=\"og:description\" content=\"Les violences urbaines en France ont atteint un pic et ne semblent pas vouloir en redescendre facilement.\" \/>\n<meta property=\"og:url\" content=\"https:\/\/kapitalis.com\/tunisie\/2023\/07\/06\/violences-urbaines-en-france-saint-sarkozy-priez-pour-nous\/\" \/>\n<meta property=\"og:site_name\" content=\"Kapitalis\" \/>\n<meta property=\"article:publisher\" content=\"https:\/\/www.facebook.com\/KapitalisInfo\/\" \/>\n<meta property=\"article:published_time\" content=\"2023-07-06T11:59:10+00:00\" \/>\n<meta property=\"article:modified_time\" content=\"2023-07-06T12:03:10+00:00\" \/>\n<meta property=\"og:image\" content=\"https:\/\/kapitalis.com\/tunisie\/wp-content\/uploads\/2023\/07\/Violences-urbaines-France.jpg\" \/>\n\t<meta property=\"og:image:width\" content=\"1200\" \/>\n\t<meta property=\"og:image:height\" content=\"630\" \/>\n\t<meta property=\"og:image:type\" content=\"image\/jpeg\" \/>\n<meta name=\"author\" content=\"webmaster kapitalis\" \/>\n<meta name=\"twitter:card\" content=\"summary_large_image\" \/>\n<meta name=\"twitter:creator\" content=\"@KapitalisInfo\" \/>\n<meta name=\"twitter:site\" content=\"@KapitalisInfo\" \/>\n<meta name=\"twitter:label1\" content=\"\u00c9crit par\" \/>\n\t<meta name=\"twitter:data1\" content=\"webmaster kapitalis\" \/>\n\t<meta name=\"twitter:label2\" content=\"Dur\u00e9e de lecture estim\u00e9e\" \/>\n\t<meta name=\"twitter:data2\" content=\"15 minutes\" \/>\n<script type=\"application\/ld+json\" class=\"yoast-schema-graph\">{\"@context\":\"https:\/\/schema.org\",\"@graph\":[{\"@type\":\"Article\",\"@id\":\"https:\/\/kapitalis.com\/tunisie\/2023\/07\/06\/violences-urbaines-en-france-saint-sarkozy-priez-pour-nous\/#article\",\"isPartOf\":{\"@id\":\"https:\/\/kapitalis.com\/tunisie\/2023\/07\/06\/violences-urbaines-en-france-saint-sarkozy-priez-pour-nous\/\"},\"author\":{\"name\":\"webmaster kapitalis\",\"@id\":\"https:\/\/kapitalis.com\/tunisie\/#\/schema\/person\/d71f33a9ca44f7bad4698210b480c8e9\"},\"headline\":\"Violences urbaines en France\u00a0: Saint-Sarkozy priez pour nous\u00a0!\",\"datePublished\":\"2023-07-06T11:59:10+00:00\",\"dateModified\":\"2023-07-06T12:03:10+00:00\",\"mainEntityOfPage\":{\"@id\":\"https:\/\/kapitalis.com\/tunisie\/2023\/07\/06\/violences-urbaines-en-france-saint-sarkozy-priez-pour-nous\/\"},\"wordCount\":3297,\"commentCount\":12,\"publisher\":{\"@id\":\"https:\/\/kapitalis.com\/tunisie\/#organization\"},\"image\":{\"@id\":\"https:\/\/kapitalis.com\/tunisie\/2023\/07\/06\/violences-urbaines-en-france-saint-sarkozy-priez-pour-nous\/#primaryimage\"},\"thumbnailUrl\":\"https:\/\/kapitalis.com\/tunisie\/wp-content\/uploads\/2023\/07\/Violences-urbaines-France.jpg\",\"keywords\":[\"Emmanuel Macron\",\"France\",\"G\u00e9rald Darmanin\",\"Jean-Guillaume Lozato\",\"Maghr\u00e9bins\",\"musulmans\",\"Na\u00ebl\",\"Nahel\",\"violences urbaines\"],\"articleSection\":[\"A LA UNE\",\"POLITIQUE\",\"TRIBUNE\",\"Tunisie\"],\"inLanguage\":\"fr-FR\",\"potentialAction\":[{\"@type\":\"CommentAction\",\"name\":\"Comment\",\"target\":[\"https:\/\/kapitalis.com\/tunisie\/2023\/07\/06\/violences-urbaines-en-france-saint-sarkozy-priez-pour-nous\/#respond\"]}]},{\"@type\":\"WebPage\",\"@id\":\"https:\/\/kapitalis.com\/tunisie\/2023\/07\/06\/violences-urbaines-en-france-saint-sarkozy-priez-pour-nous\/\",\"url\":\"https:\/\/kapitalis.com\/tunisie\/2023\/07\/06\/violences-urbaines-en-france-saint-sarkozy-priez-pour-nous\/\",\"name\":\"Violences urbaines en France\u00a0: Saint-Sarkozy priez pour nous\u00a0! - Kapitalis\",\"isPartOf\":{\"@id\":\"https:\/\/kapitalis.com\/tunisie\/#website\"},\"primaryImageOfPage\":{\"@id\":\"https:\/\/kapitalis.com\/tunisie\/2023\/07\/06\/violences-urbaines-en-france-saint-sarkozy-priez-pour-nous\/#primaryimage\"},\"image\":{\"@id\":\"https:\/\/kapitalis.com\/tunisie\/2023\/07\/06\/violences-urbaines-en-france-saint-sarkozy-priez-pour-nous\/#primaryimage\"},\"thumbnailUrl\":\"https:\/\/kapitalis.com\/tunisie\/wp-content\/uploads\/2023\/07\/Violences-urbaines-France.jpg\",\"datePublished\":\"2023-07-06T11:59:10+00:00\",\"dateModified\":\"2023-07-06T12:03:10+00:00\",\"breadcrumb\":{\"@id\":\"https:\/\/kapitalis.com\/tunisie\/2023\/07\/06\/violences-urbaines-en-france-saint-sarkozy-priez-pour-nous\/#breadcrumb\"},\"inLanguage\":\"fr-FR\",\"potentialAction\":[{\"@type\":\"ReadAction\",\"target\":[\"https:\/\/kapitalis.com\/tunisie\/2023\/07\/06\/violences-urbaines-en-france-saint-sarkozy-priez-pour-nous\/\"]}]},{\"@type\":\"ImageObject\",\"inLanguage\":\"fr-FR\",\"@id\":\"https:\/\/kapitalis.com\/tunisie\/2023\/07\/06\/violences-urbaines-en-france-saint-sarkozy-priez-pour-nous\/#primaryimage\",\"url\":\"https:\/\/kapitalis.com\/tunisie\/wp-content\/uploads\/2023\/07\/Violences-urbaines-France.jpg\",\"contentUrl\":\"https:\/\/kapitalis.com\/tunisie\/wp-content\/uploads\/2023\/07\/Violences-urbaines-France.jpg\",\"width\":1200,\"height\":630},{\"@type\":\"BreadcrumbList\",\"@id\":\"https:\/\/kapitalis.com\/tunisie\/2023\/07\/06\/violences-urbaines-en-france-saint-sarkozy-priez-pour-nous\/#breadcrumb\",\"itemListElement\":[{\"@type\":\"ListItem\",\"position\":1,\"name\":\"Accueil\",\"item\":\"https:\/\/kapitalis.com\/tunisie\/\"},{\"@type\":\"ListItem\",\"position\":2,\"name\":\"Violences urbaines en France\u00a0: Saint-Sarkozy priez pour nous\u00a0!\"}]},{\"@type\":\"WebSite\",\"@id\":\"https:\/\/kapitalis.com\/tunisie\/#website\",\"url\":\"https:\/\/kapitalis.com\/tunisie\/\",\"name\":\"Kapitalis\",\"description\":\"L&#039;actualit\u00e9 en Tunisie et dans le monde\",\"publisher\":{\"@id\":\"https:\/\/kapitalis.com\/tunisie\/#organization\"},\"potentialAction\":[{\"@type\":\"SearchAction\",\"target\":{\"@type\":\"EntryPoint\",\"urlTemplate\":\"https:\/\/kapitalis.com\/tunisie\/?s={search_term_string}\"},\"query-input\":{\"@type\":\"PropertyValueSpecification\",\"valueRequired\":true,\"valueName\":\"search_term_string\"}}],\"inLanguage\":\"fr-FR\"},{\"@type\":\"Organization\",\"@id\":\"https:\/\/kapitalis.com\/tunisie\/#organization\",\"name\":\"Kapitalis\",\"url\":\"https:\/\/kapitalis.com\/tunisie\/\",\"logo\":{\"@type\":\"ImageObject\",\"inLanguage\":\"fr-FR\",\"@id\":\"https:\/\/kapitalis.com\/tunisie\/#\/schema\/logo\/image\/\",\"url\":\"https:\/\/kapitalis.com\/tunisie\/wp-content\/uploads\/2022\/05\/Kapitalis-big-size.png\",\"contentUrl\":\"https:\/\/kapitalis.com\/tunisie\/wp-content\/uploads\/2022\/05\/Kapitalis-big-size.png\",\"width\":5000,\"height\":1500,\"caption\":\"Kapitalis\"},\"image\":{\"@id\":\"https:\/\/kapitalis.com\/tunisie\/#\/schema\/logo\/image\/\"},\"sameAs\":[\"https:\/\/www.facebook.com\/KapitalisInfo\/\",\"https:\/\/x.com\/KapitalisInfo\",\"https:\/\/www.youtube.com\/channel\/UC-yDYrHyfFBWWZaOw3FPg9Q\"]},{\"@type\":\"Person\",\"@id\":\"https:\/\/kapitalis.com\/tunisie\/#\/schema\/person\/d71f33a9ca44f7bad4698210b480c8e9\",\"name\":\"webmaster kapitalis\",\"url\":\"https:\/\/kapitalis.com\/tunisie\/author\/webmaster-kapitalis\/\"}]}<\/script>\n<!-- \/ Yoast SEO plugin. -->","yoast_head_json":{"title":"Violences urbaines en France\u00a0: Saint-Sarkozy priez pour nous\u00a0! - Kapitalis","robots":{"index":"index","follow":"follow","max-snippet":"max-snippet:-1","max-image-preview":"max-image-preview:large","max-video-preview":"max-video-preview:-1"},"canonical":"https:\/\/kapitalis.com\/tunisie\/2023\/07\/06\/violences-urbaines-en-france-saint-sarkozy-priez-pour-nous\/","og_locale":"fr_FR","og_type":"article","og_title":"Violences urbaines en France\u00a0: Saint-Sarkozy priez pour nous\u00a0! - Kapitalis","og_description":"Les violences urbaines en France ont atteint un pic et ne semblent pas vouloir en redescendre facilement.","og_url":"https:\/\/kapitalis.com\/tunisie\/2023\/07\/06\/violences-urbaines-en-france-saint-sarkozy-priez-pour-nous\/","og_site_name":"Kapitalis","article_publisher":"https:\/\/www.facebook.com\/KapitalisInfo\/","article_published_time":"2023-07-06T11:59:10+00:00","article_modified_time":"2023-07-06T12:03:10+00:00","og_image":[{"width":1200,"height":630,"url":"https:\/\/kapitalis.com\/tunisie\/wp-content\/uploads\/2023\/07\/Violences-urbaines-France.jpg","type":"image\/jpeg"}],"author":"webmaster kapitalis","twitter_card":"summary_large_image","twitter_creator":"@KapitalisInfo","twitter_site":"@KapitalisInfo","twitter_misc":{"\u00c9crit par":"webmaster kapitalis","Dur\u00e9e de lecture estim\u00e9e":"15 minutes"},"schema":{"@context":"https:\/\/schema.org","@graph":[{"@type":"Article","@id":"https:\/\/kapitalis.com\/tunisie\/2023\/07\/06\/violences-urbaines-en-france-saint-sarkozy-priez-pour-nous\/#article","isPartOf":{"@id":"https:\/\/kapitalis.com\/tunisie\/2023\/07\/06\/violences-urbaines-en-france-saint-sarkozy-priez-pour-nous\/"},"author":{"name":"webmaster kapitalis","@id":"https:\/\/kapitalis.com\/tunisie\/#\/schema\/person\/d71f33a9ca44f7bad4698210b480c8e9"},"headline":"Violences urbaines en France\u00a0: Saint-Sarkozy priez pour nous\u00a0!","datePublished":"2023-07-06T11:59:10+00:00","dateModified":"2023-07-06T12:03:10+00:00","mainEntityOfPage":{"@id":"https:\/\/kapitalis.com\/tunisie\/2023\/07\/06\/violences-urbaines-en-france-saint-sarkozy-priez-pour-nous\/"},"wordCount":3297,"commentCount":12,"publisher":{"@id":"https:\/\/kapitalis.com\/tunisie\/#organization"},"image":{"@id":"https:\/\/kapitalis.com\/tunisie\/2023\/07\/06\/violences-urbaines-en-france-saint-sarkozy-priez-pour-nous\/#primaryimage"},"thumbnailUrl":"https:\/\/kapitalis.com\/tunisie\/wp-content\/uploads\/2023\/07\/Violences-urbaines-France.jpg","keywords":["Emmanuel Macron","France","G\u00e9rald Darmanin","Jean-Guillaume Lozato","Maghr\u00e9bins","musulmans","Na\u00ebl","Nahel","violences urbaines"],"articleSection":["A LA UNE","POLITIQUE","TRIBUNE","Tunisie"],"inLanguage":"fr-FR","potentialAction":[{"@type":"CommentAction","name":"Comment","target":["https:\/\/kapitalis.com\/tunisie\/2023\/07\/06\/violences-urbaines-en-france-saint-sarkozy-priez-pour-nous\/#respond"]}]},{"@type":"WebPage","@id":"https:\/\/kapitalis.com\/tunisie\/2023\/07\/06\/violences-urbaines-en-france-saint-sarkozy-priez-pour-nous\/","url":"https:\/\/kapitalis.com\/tunisie\/2023\/07\/06\/violences-urbaines-en-france-saint-sarkozy-priez-pour-nous\/","name":"Violences urbaines en France\u00a0: Saint-Sarkozy priez pour nous\u00a0! - Kapitalis","isPartOf":{"@id":"https:\/\/kapitalis.com\/tunisie\/#website"},"primaryImageOfPage":{"@id":"https:\/\/kapitalis.com\/tunisie\/2023\/07\/06\/violences-urbaines-en-france-saint-sarkozy-priez-pour-nous\/#primaryimage"},"image":{"@id":"https:\/\/kapitalis.com\/tunisie\/2023\/07\/06\/violences-urbaines-en-france-saint-sarkozy-priez-pour-nous\/#primaryimage"},"thumbnailUrl":"https:\/\/kapitalis.com\/tunisie\/wp-content\/uploads\/2023\/07\/Violences-urbaines-France.jpg","datePublished":"2023-07-06T11:59:10+00:00","dateModified":"2023-07-06T12:03:10+00:00","breadcrumb":{"@id":"https:\/\/kapitalis.com\/tunisie\/2023\/07\/06\/violences-urbaines-en-france-saint-sarkozy-priez-pour-nous\/#breadcrumb"},"inLanguage":"fr-FR","potentialAction":[{"@type":"ReadAction","target":["https:\/\/kapitalis.com\/tunisie\/2023\/07\/06\/violences-urbaines-en-france-saint-sarkozy-priez-pour-nous\/"]}]},{"@type":"ImageObject","inLanguage":"fr-FR","@id":"https:\/\/kapitalis.com\/tunisie\/2023\/07\/06\/violences-urbaines-en-france-saint-sarkozy-priez-pour-nous\/#primaryimage","url":"https:\/\/kapitalis.com\/tunisie\/wp-content\/uploads\/2023\/07\/Violences-urbaines-France.jpg","contentUrl":"https:\/\/kapitalis.com\/tunisie\/wp-content\/uploads\/2023\/07\/Violences-urbaines-France.jpg","width":1200,"height":630},{"@type":"BreadcrumbList","@id":"https:\/\/kapitalis.com\/tunisie\/2023\/07\/06\/violences-urbaines-en-france-saint-sarkozy-priez-pour-nous\/#breadcrumb","itemListElement":[{"@type":"ListItem","position":1,"name":"Accueil","item":"https:\/\/kapitalis.com\/tunisie\/"},{"@type":"ListItem","position":2,"name":"Violences urbaines en France\u00a0: Saint-Sarkozy priez pour nous\u00a0!"}]},{"@type":"WebSite","@id":"https:\/\/kapitalis.com\/tunisie\/#website","url":"https:\/\/kapitalis.com\/tunisie\/","name":"Kapitalis","description":"L&#039;actualit\u00e9 en Tunisie et dans le monde","publisher":{"@id":"https:\/\/kapitalis.com\/tunisie\/#organization"},"potentialAction":[{"@type":"SearchAction","target":{"@type":"EntryPoint","urlTemplate":"https:\/\/kapitalis.com\/tunisie\/?s={search_term_string}"},"query-input":{"@type":"PropertyValueSpecification","valueRequired":true,"valueName":"search_term_string"}}],"inLanguage":"fr-FR"},{"@type":"Organization","@id":"https:\/\/kapitalis.com\/tunisie\/#organization","name":"Kapitalis","url":"https:\/\/kapitalis.com\/tunisie\/","logo":{"@type":"ImageObject","inLanguage":"fr-FR","@id":"https:\/\/kapitalis.com\/tunisie\/#\/schema\/logo\/image\/","url":"https:\/\/kapitalis.com\/tunisie\/wp-content\/uploads\/2022\/05\/Kapitalis-big-size.png","contentUrl":"https:\/\/kapitalis.com\/tunisie\/wp-content\/uploads\/2022\/05\/Kapitalis-big-size.png","width":5000,"height":1500,"caption":"Kapitalis"},"image":{"@id":"https:\/\/kapitalis.com\/tunisie\/#\/schema\/logo\/image\/"},"sameAs":["https:\/\/www.facebook.com\/KapitalisInfo\/","https:\/\/x.com\/KapitalisInfo","https:\/\/www.youtube.com\/channel\/UC-yDYrHyfFBWWZaOw3FPg9Q"]},{"@type":"Person","@id":"https:\/\/kapitalis.com\/tunisie\/#\/schema\/person\/d71f33a9ca44f7bad4698210b480c8e9","name":"webmaster kapitalis","url":"https:\/\/kapitalis.com\/tunisie\/author\/webmaster-kapitalis\/"}]}},"_links":{"self":[{"href":"https:\/\/kapitalis.com\/tunisie\/wp-json\/wp\/v2\/posts\/8685414","targetHints":{"allow":["GET"]}}],"collection":[{"href":"https:\/\/kapitalis.com\/tunisie\/wp-json\/wp\/v2\/posts"}],"about":[{"href":"https:\/\/kapitalis.com\/tunisie\/wp-json\/wp\/v2\/types\/post"}],"author":[{"embeddable":true,"href":"https:\/\/kapitalis.com\/tunisie\/wp-json\/wp\/v2\/users\/8"}],"replies":[{"embeddable":true,"href":"https:\/\/kapitalis.com\/tunisie\/wp-json\/wp\/v2\/comments?post=8685414"}],"version-history":[{"count":2,"href":"https:\/\/kapitalis.com\/tunisie\/wp-json\/wp\/v2\/posts\/8685414\/revisions"}],"predecessor-version":[{"id":8685872,"href":"https:\/\/kapitalis.com\/tunisie\/wp-json\/wp\/v2\/posts\/8685414\/revisions\/8685872"}],"wp:featuredmedia":[{"embeddable":true,"href":"https:\/\/kapitalis.com\/tunisie\/wp-json\/wp\/v2\/media\/8685779"}],"wp:attachment":[{"href":"https:\/\/kapitalis.com\/tunisie\/wp-json\/wp\/v2\/media?parent=8685414"}],"wp:term":[{"taxonomy":"category","embeddable":true,"href":"https:\/\/kapitalis.com\/tunisie\/wp-json\/wp\/v2\/categories?post=8685414"},{"taxonomy":"post_tag","embeddable":true,"href":"https:\/\/kapitalis.com\/tunisie\/wp-json\/wp\/v2\/tags?post=8685414"}],"curies":[{"name":"wp","href":"https:\/\/api.w.org\/{rel}","templated":true}]}}