{"id":8709631,"date":"2023-07-08T11:27:28","date_gmt":"2023-07-08T10:27:28","guid":{"rendered":"https:\/\/kapitalis.com\/tunisie\/?p=8709631"},"modified":"2023-07-08T11:46:09","modified_gmt":"2023-07-08T10:46:09","slug":"la-tunisie-leurope-et-la-patate-chaude-de-la-migration-irreguliere","status":"publish","type":"post","link":"https:\/\/kapitalis.com\/tunisie\/2023\/07\/08\/la-tunisie-leurope-et-la-patate-chaude-de-la-migration-irreguliere\/","title":{"rendered":"La Tunisie, l\u2019Europe et la patate chaude de la migration irr\u00e9guli\u00e8re \u00a0\u00a0"},"content":{"rendered":"\n<p><strong><em>Alors que des <a href=\"https:\/\/kapitalis.com\/tunisie\/2023\/07\/07\/hrw-appelle-la-tunisie-a-mettre-un-terme-aux-expulsions-collectives-de-migrants-africains\/\" target=\"_blank\" rel=\"noreferrer noopener\">organisations non gouvernementales<\/a> d\u00e9noncent les agressions dont sont victimes les migrants subsahariens \u00e0 Sfax et dans d\u2019autres villes tunisiennes, les autorit\u00e9s r\u00e9gionales et centrales observent un silence g\u00ean\u00e9 sur ces agressions, tout en participant activement \u00e0 la d\u00e9portation d\u2019un grand nombre de migrants vers les zones frontali\u00e8res avec la Libye et l\u2019Alg\u00e9rie, afin de desserrer la pression migratoire sur les villes concern\u00e9es&nbsp;: notamment Sfax et Mahdia.<\/em><\/strong> &nbsp;<em>(Illustration : migrants fuyant Sfax vers d&rsquo;autres villes tunisiennes).<\/em> <\/p>\n\n\n\n<p>Par <strong>Imed Bahri<\/strong><\/p>\n\n\n\n<!--more-->\n\n\n\n<p>C\u2019est une v\u00e9ritable chasse \u00e0 l\u2019homme qui s\u2019est d\u00e9roul\u00e9e ces derniers jours \u00e0 Sfax, la ville c\u00f4ti\u00e8re du centre-est de la Tunisie, contre les Africains subsahariens dont un grand nombre s\u2019est enfui pour \u00e9viter la vague de r\u00e9pression impun\u00e9ment men\u00e9e par des citoyens en col\u00e8re, parfois sous le regard complice ou vaguement embarrass\u00e9 des autorit\u00e9s.<\/p>\n\n\n\n<p>La r\u00e9ponse des autorit\u00e9s et des habitants, apr\u00e8s le <a href=\"https:\/\/kapitalis.com\/tunisie\/2023\/07\/05\/tunisie-migration-sfax-sur-un-toit-brulant-video\/\" target=\"_blank\" rel=\"noreferrer noopener\">meurtre d\u2019un Tunisien par un groupe de migrants<\/a>, est tr\u00e8s dure : plusieurs vid\u00e9os circulant sur les r\u00e9seaux sociaux montrent des coups, des agressions et des expulsions avec des habitants qui, sous les applaudissements, incitent la police \u00e0 expulser les irr\u00e9guliers au cri de <em>\u00abVive la Tunisie ! Sfax n\u2019est pas une colonie\u00bb<\/em> ou encore <em>\u00abDehors! Rentrer chez vous!\u00bb<\/em>.<\/p>\n\n\n\n<h2 class=\"wp-block-heading\">Un meurtre met le feu aux poudres <\/h2>\n\n\n\n<p>Ce mouvement d\u2019hostilit\u00e9 aux migrants subsahariens a pris pr\u00e9texte des propos jug\u00e9s x\u00e9nophobes du pr\u00e9sident Ka\u00efs Sa\u00efed selon lesquelles <em>\u00abla Tunisie est un pays qui n\u2019accepte que ceux qui respectent ses lois sur son territoire. Elle ne tol\u00e8re pas d\u2019\u00eatre utilis\u00e9e comme zone de transit ou d\u2019installation pour des personnes de plusieurs pays africains, ni d\u2019\u00eatre la gardienne des fronti\u00e8res autres que les siennes\u00bb<\/em>. Le pr\u00e9sident tunisien parlait \u00e0 la suite du meurtre d&rsquo;un habitant de Sfax, pour lequel trois Camerounais sont actuellement en garde \u00e0 vue et une autre personne est toujours en fuite.<\/p>\n\n\n\n<figure class=\"wp-block-embed is-type-wp-embed is-provider-kapitalis wp-block-embed-kapitalis\"><div class=\"wp-block-embed__wrapper\">\n<blockquote class=\"wp-embedded-content\" data-secret=\"BwxQzch2j0\"><a href=\"https:\/\/kapitalis.com\/tunisie\/2023\/07\/08\/la-ltdh-denonce-les-agressions-contres-migrants-subsahariens-en-tunisie\/\">La LTDH\u00a0 d\u00e9nonce les agressions contre les migrants subsahariens en Tunisie \u00a0<\/a><\/blockquote><iframe loading=\"lazy\" class=\"wp-embedded-content\" sandbox=\"allow-scripts\" security=\"restricted\" style=\"position: absolute; clip: rect(1px, 1px, 1px, 1px);\" title=\"\u00ab\u00a0La LTDH\u00a0 d\u00e9nonce les agressions contre les migrants subsahariens en Tunisie \u00a0\u00a0\u00bb &#8212; Kapitalis\" src=\"https:\/\/kapitalis.com\/tunisie\/2023\/07\/08\/la-ltdh-denonce-les-agressions-contres-migrants-subsahariens-en-tunisie\/embed\/#?secret=SmS6GyCMS1#?secret=BwxQzch2j0\" data-secret=\"BwxQzch2j0\" width=\"600\" height=\"338\" frameborder=\"0\" marginwidth=\"0\" marginheight=\"0\" scrolling=\"no\"><\/iframe>\n<\/div><\/figure>\n\n\n\n<p>Des centaines de migrants africains, chass\u00e9s de Sfax, ont \u00e9t\u00e9 emmen\u00e9s \u2013 selon des t\u00e9moignages recueillis sur place par l\u2019AFP et des ONG \u2013 dans des zones d\u00e9sertiques du sud du pays, \u00e0 la fronti\u00e8re avec la Libye.<\/p>\n\n\n\n<p>La vague de violence aliment\u00e9e par des appels \u00e0 la vengeance a \u00e9clat\u00e9 apr\u00e8s qu\u2019un migrant a tu\u00e9 un habitant de Sfax lors d\u2019une bagarre plus t\u00f4t cette semaine. C\u2019\u00e9tait une \u00e9tincelle qui a d\u00e9clench\u00e9 \u00e0 mouvement d\u2019hostilit\u00e9 aux migrants subsahariens de la part de la population et une s\u00e9rie d\u2019arrestations effectu\u00e9es par les forces de s\u00e9curit\u00e9 parmi les migrants. Selon les ONG, des centaines d\u2019entre eux ont \u00e9t\u00e9 emmen\u00e9s en bus dans des zones d\u00e9sertiques du sud tunisien, certains pr\u00e8s de la fronti\u00e8re avec la Libye et d\u2019autres avec l\u2019Alg\u00e9rie, d\u2019o\u00f9 \u00e9taient arriv\u00e9s de nombreux migrants.<\/p>\n\n\n\n<p><em>\u00abNous n\u2019avons rien \u00e0 manger ni \u00e0 boire. Nous sommes dans le d\u00e9sert\u00bb<\/em>, a d\u00e9clar\u00e9 \u00e0 l\u2019AFP par t\u00e9l\u00e9phone Issa Kon\u00e9, un Malien de 27 ans, racontant avoir \u00e9t\u00e9 emmen\u00e9 en bus pr\u00e8s de la fronti\u00e8re alg\u00e9rienne avec une dizaine d\u2019autres migrants.<\/p>\n\n\n\n<p>Les migrants tentent d\u00e9sormais de s\u2019enfuir : avant-hier, deux trains en provenance de Gafsa et de Sfax sont arriv\u00e9s \u00e0 Tunis avec \u00e0 leur bord environ soixante-dix Subsahariens, ont rapport\u00e9 divers m\u00e9dias, affirmant que des centaines avaient envahi la gare pour s\u2019enfuir.<\/p>\n\n\n\n<figure class=\"wp-block-embed is-type-wp-embed is-provider-kapitalis wp-block-embed-kapitalis\"><div class=\"wp-block-embed__wrapper\">\n<blockquote class=\"wp-embedded-content\" data-secret=\"ve3QQaTGHA\"><a href=\"https:\/\/kapitalis.com\/tunisie\/2023\/07\/07\/lue-alimente-la-migration-depuis-la-tunisie-elle-ne-larrete-pas\/\">L\u2019UE alimente la migration depuis la Tunisie, elle ne l\u2019arr\u00eate pas<\/a><\/blockquote><iframe loading=\"lazy\" class=\"wp-embedded-content\" sandbox=\"allow-scripts\" security=\"restricted\" style=\"position: absolute; clip: rect(1px, 1px, 1px, 1px);\" title=\"\u00ab\u00a0L\u2019UE alimente la migration depuis la Tunisie, elle ne l\u2019arr\u00eate pas\u00a0\u00bb &#8212; Kapitalis\" src=\"https:\/\/kapitalis.com\/tunisie\/2023\/07\/07\/lue-alimente-la-migration-depuis-la-tunisie-elle-ne-larrete-pas\/embed\/#?secret=oqxolEY1Jx#?secret=ve3QQaTGHA\" data-secret=\"ve3QQaTGHA\" width=\"600\" height=\"338\" frameborder=\"0\" marginwidth=\"0\" marginheight=\"0\" scrolling=\"no\"><\/iframe>\n<\/div><\/figure>\n\n\n\n<p>Selon des sources \u00e0 Sfax, 1 200 migrants ont \u00e9t\u00e9 expuls\u00e9s, de fin juin \u00e0 aujourd\u2019hui, \u00e0 partir de cette ville du sud-est tunisien vers les r\u00e9gions frontali\u00e8res de Libye et d\u2019Alg\u00e9rie : les migrants ill\u00e9gaux sont transport\u00e9s par groupe de 200 et des navettes continuent de partir de Sfax pour les transporter vers les fronti\u00e8res, le but \u00e9tant d\u2019expulser de 3000 \u00e0 4 000 d\u2019entre eux d\u2019ici la fin de la semaine et de calmer momentan\u00e9ment la col\u00e8re des riverains qui commencent \u00e0 protester contre le manque de r\u00e9action des autorit\u00e9s face \u00e0 la massification des flux migratoires au d\u00e9part de la seconde ville du pays.<\/p>\n\n\n\n<h2 class=\"wp-block-heading\">L&rsquo;Union europ\u00e9enne s&rsquo;en lave les mains <\/h2>\n\n\n\n<p>Ce tableau aggrave encore la pression migratoire sur l&rsquo;Europe en provenance de Tunisie, les d\u00e9barquements sur les c\u00f4tes italiennes se poursuivant sans rel\u00e2che.<\/p>\n\n\n\n<p>Selon Nabila Massrali, porte-parole de l\u2019Union europ\u00e9enne (UE) pour les Affaires \u00e9trang\u00e8res et la Politique de s\u00e9curit\u00e9, cit\u00e9e par l\u2019agence italienne <a href=\"https:\/\/www.ansa.it\/ansamed\/it\/notizie\/rubriche\/nazioni\/2023\/07\/06\/ong-tunisine-denunciano-deportazioni-forzate-di-migranti_2c162ca6-a87a-441d-aedc-c6811e6d7951.html\" target=\"_blank\" rel=\"noreferrer noopener\">Ansamed<\/a> <em>\u00abl\u2019UE continue de suivre les manifestations \u00e0 Sfax contre les migrants en situation irr\u00e9guli\u00e8re\u00bb.<\/em> <em>\u00abComme on le sait, le partenariat avec la Tunisie est bas\u00e9 sur le respect des droits des migrants. Notre message aux autorit\u00e9s tunisiennes est de porter une attention maximale \u00e0 la population et \u00e0 ses conditions \u00e9conomiques\u00bb<\/em>, a-t-elle aussi d\u00e9clar\u00e9.<\/p>\n\n\n\n<p>Le porte-parole de la Commission europ\u00e9enne, Eric Mamer, a, de son c\u00f4t\u00e9, rappel\u00e9 aux autorit\u00e9s tunisiennes que <em>\u00ables discussions sont toujours en cours pour le protocole d\u2019accord\u00bb<\/em> (sur la migration), r\u00e9cemment convenu avec le pr\u00e9sident Ka\u00efs Sa\u00efed, soulignant qu\u2019il n\u2019y a pour le moment aucune mise \u00e0 jour sur la date \u00e0 laquelle le commissaire \u00e0 l\u2019\u00e9largissement Olivier Varhelyi sera \u00e0 Tunis pour sa signature. <\/p>\n\n\n\n<p>Ce dernier devait se rendre \u00e0 Tunis au cours de la semaine pr\u00e9c\u00e9dente, mais sa visite a \u00e9t\u00e9 report\u00e9e \u00e0 la demande de la partie tunisienne sans qu\u2019une nouvelle date n\u2019ait \u00e9t\u00e9 fix\u00e9e, ce qui traduit la g\u00eane et l\u2019h\u00e9sitation de la partie tunisienne \u00e0 s\u2019engager dans un accord qui risque d\u2019aggraver la pression migratoire sur le pays, alors qu\u2019il traverse une grave crise politique, \u00e9conomique et sociale. <\/p>\n\n\n\n<p>La mani\u00e8re avec laquelle l&rsquo;UE maintient la pression sur la Tunisie, lui demandant de contenir la pression migratoire tout en lui enjoignant de respecter les droits humains, participe d&rsquo;une hypocrisie qui ne dit pas son nom, Bruxelles se lavant clairement les mains des abus qui seraient commis contre les migrants subsahariens et se d\u00e9faussant de toutes ses responsabilit\u00e9s dans ce domaine sur la petite Tunisie, dont les relations avec les autres pays africains n&rsquo;ont jamais \u00e9t\u00e9 aussi compliqu\u00e9es.   <\/p>\n","protected":false},"excerpt":{"rendered":"<p>Apr\u00e8s les r\u00e9cents \u00e9v\u00e9nements \u00e0 Sfax, les autorit\u00e9s tunisiennes semblent h\u00e9siter \u00e0 donner suite au projet d&rsquo;accord avec l&rsquo;Union europ\u00e9enne sur la migration.  <\/p>\n","protected":false},"author":8,"featured_media":8696614,"comment_status":"open","ping_status":"open","sticky":false,"template":"","format":"standard","meta":{"footnotes":""},"categories":[992,997,998,2433],"tags":[64,109258,76012,544,90139,109780,98540,823,3146,62643,937],"class_list":["post-8709631","post","type-post","status-publish","format-standard","has-post-thumbnail","hentry","category-a-la-une","category-politique","category-societe","category-tunisie","tag-algerie","tag-eric-mamer","tag-kais-saied-2","tag-libye","tag-migration-illegale","tag-nabila-massrali","tag-olivier-varhelyi","tag-sfax","tag-subsahariens","tag-tunisie","tag-union-europeenne"],"yoast_head":"<!-- This site is optimized with the Yoast SEO plugin v26.6 - https:\/\/yoast.com\/wordpress\/plugins\/seo\/ -->\n<title>La Tunisie, l\u2019Europe et la patate chaude de la migration irr\u00e9guli\u00e8re \u00a0\u00a0 - Kapitalis<\/title>\n<meta name=\"robots\" content=\"index, follow, max-snippet:-1, max-image-preview:large, max-video-preview:-1\" \/>\n<link rel=\"canonical\" href=\"https:\/\/kapitalis.com\/tunisie\/2023\/07\/08\/la-tunisie-leurope-et-la-patate-chaude-de-la-migration-irreguliere\/\" \/>\n<meta property=\"og:locale\" content=\"fr_FR\" \/>\n<meta property=\"og:type\" content=\"article\" \/>\n<meta property=\"og:title\" content=\"La Tunisie, l\u2019Europe et la patate chaude de la migration irr\u00e9guli\u00e8re \u00a0\u00a0 - Kapitalis\" \/>\n<meta property=\"og:description\" content=\"Apr\u00e8s les r\u00e9cents \u00e9v\u00e9nements \u00e0 Sfax, les autorit\u00e9s tunisiennes semblent h\u00e9siter \u00e0 donner suite au projet d&#039;accord avec l&#039;Union europ\u00e9enne sur la migration.\" \/>\n<meta property=\"og:url\" content=\"https:\/\/kapitalis.com\/tunisie\/2023\/07\/08\/la-tunisie-leurope-et-la-patate-chaude-de-la-migration-irreguliere\/\" \/>\n<meta property=\"og:site_name\" content=\"Kapitalis\" \/>\n<meta property=\"article:publisher\" content=\"https:\/\/www.facebook.com\/KapitalisInfo\/\" \/>\n<meta property=\"article:published_time\" content=\"2023-07-08T10:27:28+00:00\" \/>\n<meta property=\"article:modified_time\" content=\"2023-07-08T10:46:09+00:00\" \/>\n<meta property=\"og:image\" content=\"https:\/\/kapitalis.com\/tunisie\/wp-content\/uploads\/2023\/07\/Migrants-subsahariens-fuyant-Sfax.jpg\" \/>\n\t<meta property=\"og:image:width\" content=\"1200\" \/>\n\t<meta property=\"og:image:height\" content=\"630\" \/>\n\t<meta property=\"og:image:type\" content=\"image\/jpeg\" \/>\n<meta name=\"author\" content=\"webmaster kapitalis\" \/>\n<meta name=\"twitter:card\" content=\"summary_large_image\" \/>\n<meta name=\"twitter:creator\" content=\"@KapitalisInfo\" \/>\n<meta name=\"twitter:site\" content=\"@KapitalisInfo\" \/>\n<meta name=\"twitter:label1\" content=\"\u00c9crit par\" \/>\n\t<meta name=\"twitter:data1\" content=\"webmaster kapitalis\" \/>\n\t<meta name=\"twitter:label2\" content=\"Dur\u00e9e de lecture estim\u00e9e\" \/>\n\t<meta name=\"twitter:data2\" content=\"5 minutes\" \/>\n<script type=\"application\/ld+json\" class=\"yoast-schema-graph\">{\"@context\":\"https:\/\/schema.org\",\"@graph\":[{\"@type\":\"Article\",\"@id\":\"https:\/\/kapitalis.com\/tunisie\/2023\/07\/08\/la-tunisie-leurope-et-la-patate-chaude-de-la-migration-irreguliere\/#article\",\"isPartOf\":{\"@id\":\"https:\/\/kapitalis.com\/tunisie\/2023\/07\/08\/la-tunisie-leurope-et-la-patate-chaude-de-la-migration-irreguliere\/\"},\"author\":{\"name\":\"webmaster kapitalis\",\"@id\":\"https:\/\/kapitalis.com\/tunisie\/#\/schema\/person\/d71f33a9ca44f7bad4698210b480c8e9\"},\"headline\":\"La Tunisie, l\u2019Europe et la patate chaude de la migration irr\u00e9guli\u00e8re \u00a0\u00a0\",\"datePublished\":\"2023-07-08T10:27:28+00:00\",\"dateModified\":\"2023-07-08T10:46:09+00:00\",\"mainEntityOfPage\":{\"@id\":\"https:\/\/kapitalis.com\/tunisie\/2023\/07\/08\/la-tunisie-leurope-et-la-patate-chaude-de-la-migration-irreguliere\/\"},\"wordCount\":1080,\"commentCount\":0,\"publisher\":{\"@id\":\"https:\/\/kapitalis.com\/tunisie\/#organization\"},\"image\":{\"@id\":\"https:\/\/kapitalis.com\/tunisie\/2023\/07\/08\/la-tunisie-leurope-et-la-patate-chaude-de-la-migration-irreguliere\/#primaryimage\"},\"thumbnailUrl\":\"https:\/\/kapitalis.com\/tunisie\/wp-content\/uploads\/2023\/07\/Migrants-subsahariens-fuyant-Sfax.jpg\",\"keywords\":[\"Alg\u00e9rie\",\"Eric Mamer\",\"Ka\u00efs Sa\u00efed\",\"Libye\",\"migration ill\u00e9gale\",\"Nabila Massrali\",\"Olivier Varhelyi\",\"Sfax\",\"subsahariens\",\"Tunisie\",\"Union europ\u00e9enne\"],\"articleSection\":[\"A LA UNE\",\"POLITIQUE\",\"SOCIETE\",\"Tunisie\"],\"inLanguage\":\"fr-FR\",\"potentialAction\":[{\"@type\":\"CommentAction\",\"name\":\"Comment\",\"target\":[\"https:\/\/kapitalis.com\/tunisie\/2023\/07\/08\/la-tunisie-leurope-et-la-patate-chaude-de-la-migration-irreguliere\/#respond\"]}]},{\"@type\":\"WebPage\",\"@id\":\"https:\/\/kapitalis.com\/tunisie\/2023\/07\/08\/la-tunisie-leurope-et-la-patate-chaude-de-la-migration-irreguliere\/\",\"url\":\"https:\/\/kapitalis.com\/tunisie\/2023\/07\/08\/la-tunisie-leurope-et-la-patate-chaude-de-la-migration-irreguliere\/\",\"name\":\"La Tunisie, l\u2019Europe et la patate chaude de la migration irr\u00e9guli\u00e8re \u00a0\u00a0 - Kapitalis\",\"isPartOf\":{\"@id\":\"https:\/\/kapitalis.com\/tunisie\/#website\"},\"primaryImageOfPage\":{\"@id\":\"https:\/\/kapitalis.com\/tunisie\/2023\/07\/08\/la-tunisie-leurope-et-la-patate-chaude-de-la-migration-irreguliere\/#primaryimage\"},\"image\":{\"@id\":\"https:\/\/kapitalis.com\/tunisie\/2023\/07\/08\/la-tunisie-leurope-et-la-patate-chaude-de-la-migration-irreguliere\/#primaryimage\"},\"thumbnailUrl\":\"https:\/\/kapitalis.com\/tunisie\/wp-content\/uploads\/2023\/07\/Migrants-subsahariens-fuyant-Sfax.jpg\",\"datePublished\":\"2023-07-08T10:27:28+00:00\",\"dateModified\":\"2023-07-08T10:46:09+00:00\",\"breadcrumb\":{\"@id\":\"https:\/\/kapitalis.com\/tunisie\/2023\/07\/08\/la-tunisie-leurope-et-la-patate-chaude-de-la-migration-irreguliere\/#breadcrumb\"},\"inLanguage\":\"fr-FR\",\"potentialAction\":[{\"@type\":\"ReadAction\",\"target\":[\"https:\/\/kapitalis.com\/tunisie\/2023\/07\/08\/la-tunisie-leurope-et-la-patate-chaude-de-la-migration-irreguliere\/\"]}]},{\"@type\":\"ImageObject\",\"inLanguage\":\"fr-FR\",\"@id\":\"https:\/\/kapitalis.com\/tunisie\/2023\/07\/08\/la-tunisie-leurope-et-la-patate-chaude-de-la-migration-irreguliere\/#primaryimage\",\"url\":\"https:\/\/kapitalis.com\/tunisie\/wp-content\/uploads\/2023\/07\/Migrants-subsahariens-fuyant-Sfax.jpg\",\"contentUrl\":\"https:\/\/kapitalis.com\/tunisie\/wp-content\/uploads\/2023\/07\/Migrants-subsahariens-fuyant-Sfax.jpg\",\"width\":1200,\"height\":630},{\"@type\":\"BreadcrumbList\",\"@id\":\"https:\/\/kapitalis.com\/tunisie\/2023\/07\/08\/la-tunisie-leurope-et-la-patate-chaude-de-la-migration-irreguliere\/#breadcrumb\",\"itemListElement\":[{\"@type\":\"ListItem\",\"position\":1,\"name\":\"Accueil\",\"item\":\"https:\/\/kapitalis.com\/tunisie\/\"},{\"@type\":\"ListItem\",\"position\":2,\"name\":\"La Tunisie, l\u2019Europe et la patate chaude de la migration irr\u00e9guli\u00e8re \u00a0\u00a0\"}]},{\"@type\":\"WebSite\",\"@id\":\"https:\/\/kapitalis.com\/tunisie\/#website\",\"url\":\"https:\/\/kapitalis.com\/tunisie\/\",\"name\":\"Kapitalis\",\"description\":\"L&#039;actualit\u00e9 en Tunisie et dans le monde\",\"publisher\":{\"@id\":\"https:\/\/kapitalis.com\/tunisie\/#organization\"},\"potentialAction\":[{\"@type\":\"SearchAction\",\"target\":{\"@type\":\"EntryPoint\",\"urlTemplate\":\"https:\/\/kapitalis.com\/tunisie\/?s={search_term_string}\"},\"query-input\":{\"@type\":\"PropertyValueSpecification\",\"valueRequired\":true,\"valueName\":\"search_term_string\"}}],\"inLanguage\":\"fr-FR\"},{\"@type\":\"Organization\",\"@id\":\"https:\/\/kapitalis.com\/tunisie\/#organization\",\"name\":\"Kapitalis\",\"url\":\"https:\/\/kapitalis.com\/tunisie\/\",\"logo\":{\"@type\":\"ImageObject\",\"inLanguage\":\"fr-FR\",\"@id\":\"https:\/\/kapitalis.com\/tunisie\/#\/schema\/logo\/image\/\",\"url\":\"https:\/\/kapitalis.com\/tunisie\/wp-content\/uploads\/2022\/05\/Kapitalis-big-size.png\",\"contentUrl\":\"https:\/\/kapitalis.com\/tunisie\/wp-content\/uploads\/2022\/05\/Kapitalis-big-size.png\",\"width\":5000,\"height\":1500,\"caption\":\"Kapitalis\"},\"image\":{\"@id\":\"https:\/\/kapitalis.com\/tunisie\/#\/schema\/logo\/image\/\"},\"sameAs\":[\"https:\/\/www.facebook.com\/KapitalisInfo\/\",\"https:\/\/x.com\/KapitalisInfo\",\"https:\/\/www.youtube.com\/channel\/UC-yDYrHyfFBWWZaOw3FPg9Q\"]},{\"@type\":\"Person\",\"@id\":\"https:\/\/kapitalis.com\/tunisie\/#\/schema\/person\/d71f33a9ca44f7bad4698210b480c8e9\",\"name\":\"webmaster kapitalis\",\"url\":\"https:\/\/kapitalis.com\/tunisie\/author\/webmaster-kapitalis\/\"}]}<\/script>\n<!-- \/ Yoast SEO plugin. -->","yoast_head_json":{"title":"La Tunisie, l\u2019Europe et la patate chaude de la migration irr\u00e9guli\u00e8re \u00a0\u00a0 - Kapitalis","robots":{"index":"index","follow":"follow","max-snippet":"max-snippet:-1","max-image-preview":"max-image-preview:large","max-video-preview":"max-video-preview:-1"},"canonical":"https:\/\/kapitalis.com\/tunisie\/2023\/07\/08\/la-tunisie-leurope-et-la-patate-chaude-de-la-migration-irreguliere\/","og_locale":"fr_FR","og_type":"article","og_title":"La Tunisie, l\u2019Europe et la patate chaude de la migration irr\u00e9guli\u00e8re \u00a0\u00a0 - Kapitalis","og_description":"Apr\u00e8s les r\u00e9cents \u00e9v\u00e9nements \u00e0 Sfax, les autorit\u00e9s tunisiennes semblent h\u00e9siter \u00e0 donner suite au projet d'accord avec l'Union europ\u00e9enne sur la migration.","og_url":"https:\/\/kapitalis.com\/tunisie\/2023\/07\/08\/la-tunisie-leurope-et-la-patate-chaude-de-la-migration-irreguliere\/","og_site_name":"Kapitalis","article_publisher":"https:\/\/www.facebook.com\/KapitalisInfo\/","article_published_time":"2023-07-08T10:27:28+00:00","article_modified_time":"2023-07-08T10:46:09+00:00","og_image":[{"width":1200,"height":630,"url":"https:\/\/kapitalis.com\/tunisie\/wp-content\/uploads\/2023\/07\/Migrants-subsahariens-fuyant-Sfax.jpg","type":"image\/jpeg"}],"author":"webmaster kapitalis","twitter_card":"summary_large_image","twitter_creator":"@KapitalisInfo","twitter_site":"@KapitalisInfo","twitter_misc":{"\u00c9crit par":"webmaster kapitalis","Dur\u00e9e de lecture estim\u00e9e":"5 minutes"},"schema":{"@context":"https:\/\/schema.org","@graph":[{"@type":"Article","@id":"https:\/\/kapitalis.com\/tunisie\/2023\/07\/08\/la-tunisie-leurope-et-la-patate-chaude-de-la-migration-irreguliere\/#article","isPartOf":{"@id":"https:\/\/kapitalis.com\/tunisie\/2023\/07\/08\/la-tunisie-leurope-et-la-patate-chaude-de-la-migration-irreguliere\/"},"author":{"name":"webmaster kapitalis","@id":"https:\/\/kapitalis.com\/tunisie\/#\/schema\/person\/d71f33a9ca44f7bad4698210b480c8e9"},"headline":"La Tunisie, l\u2019Europe et la patate chaude de la migration irr\u00e9guli\u00e8re \u00a0\u00a0","datePublished":"2023-07-08T10:27:28+00:00","dateModified":"2023-07-08T10:46:09+00:00","mainEntityOfPage":{"@id":"https:\/\/kapitalis.com\/tunisie\/2023\/07\/08\/la-tunisie-leurope-et-la-patate-chaude-de-la-migration-irreguliere\/"},"wordCount":1080,"commentCount":0,"publisher":{"@id":"https:\/\/kapitalis.com\/tunisie\/#organization"},"image":{"@id":"https:\/\/kapitalis.com\/tunisie\/2023\/07\/08\/la-tunisie-leurope-et-la-patate-chaude-de-la-migration-irreguliere\/#primaryimage"},"thumbnailUrl":"https:\/\/kapitalis.com\/tunisie\/wp-content\/uploads\/2023\/07\/Migrants-subsahariens-fuyant-Sfax.jpg","keywords":["Alg\u00e9rie","Eric Mamer","Ka\u00efs Sa\u00efed","Libye","migration ill\u00e9gale","Nabila Massrali","Olivier Varhelyi","Sfax","subsahariens","Tunisie","Union europ\u00e9enne"],"articleSection":["A LA UNE","POLITIQUE","SOCIETE","Tunisie"],"inLanguage":"fr-FR","potentialAction":[{"@type":"CommentAction","name":"Comment","target":["https:\/\/kapitalis.com\/tunisie\/2023\/07\/08\/la-tunisie-leurope-et-la-patate-chaude-de-la-migration-irreguliere\/#respond"]}]},{"@type":"WebPage","@id":"https:\/\/kapitalis.com\/tunisie\/2023\/07\/08\/la-tunisie-leurope-et-la-patate-chaude-de-la-migration-irreguliere\/","url":"https:\/\/kapitalis.com\/tunisie\/2023\/07\/08\/la-tunisie-leurope-et-la-patate-chaude-de-la-migration-irreguliere\/","name":"La Tunisie, l\u2019Europe et la patate chaude de la migration irr\u00e9guli\u00e8re \u00a0\u00a0 - Kapitalis","isPartOf":{"@id":"https:\/\/kapitalis.com\/tunisie\/#website"},"primaryImageOfPage":{"@id":"https:\/\/kapitalis.com\/tunisie\/2023\/07\/08\/la-tunisie-leurope-et-la-patate-chaude-de-la-migration-irreguliere\/#primaryimage"},"image":{"@id":"https:\/\/kapitalis.com\/tunisie\/2023\/07\/08\/la-tunisie-leurope-et-la-patate-chaude-de-la-migration-irreguliere\/#primaryimage"},"thumbnailUrl":"https:\/\/kapitalis.com\/tunisie\/wp-content\/uploads\/2023\/07\/Migrants-subsahariens-fuyant-Sfax.jpg","datePublished":"2023-07-08T10:27:28+00:00","dateModified":"2023-07-08T10:46:09+00:00","breadcrumb":{"@id":"https:\/\/kapitalis.com\/tunisie\/2023\/07\/08\/la-tunisie-leurope-et-la-patate-chaude-de-la-migration-irreguliere\/#breadcrumb"},"inLanguage":"fr-FR","potentialAction":[{"@type":"ReadAction","target":["https:\/\/kapitalis.com\/tunisie\/2023\/07\/08\/la-tunisie-leurope-et-la-patate-chaude-de-la-migration-irreguliere\/"]}]},{"@type":"ImageObject","inLanguage":"fr-FR","@id":"https:\/\/kapitalis.com\/tunisie\/2023\/07\/08\/la-tunisie-leurope-et-la-patate-chaude-de-la-migration-irreguliere\/#primaryimage","url":"https:\/\/kapitalis.com\/tunisie\/wp-content\/uploads\/2023\/07\/Migrants-subsahariens-fuyant-Sfax.jpg","contentUrl":"https:\/\/kapitalis.com\/tunisie\/wp-content\/uploads\/2023\/07\/Migrants-subsahariens-fuyant-Sfax.jpg","width":1200,"height":630},{"@type":"BreadcrumbList","@id":"https:\/\/kapitalis.com\/tunisie\/2023\/07\/08\/la-tunisie-leurope-et-la-patate-chaude-de-la-migration-irreguliere\/#breadcrumb","itemListElement":[{"@type":"ListItem","position":1,"name":"Accueil","item":"https:\/\/kapitalis.com\/tunisie\/"},{"@type":"ListItem","position":2,"name":"La Tunisie, l\u2019Europe et la patate chaude de la migration irr\u00e9guli\u00e8re \u00a0\u00a0"}]},{"@type":"WebSite","@id":"https:\/\/kapitalis.com\/tunisie\/#website","url":"https:\/\/kapitalis.com\/tunisie\/","name":"Kapitalis","description":"L&#039;actualit\u00e9 en Tunisie et dans le monde","publisher":{"@id":"https:\/\/kapitalis.com\/tunisie\/#organization"},"potentialAction":[{"@type":"SearchAction","target":{"@type":"EntryPoint","urlTemplate":"https:\/\/kapitalis.com\/tunisie\/?s={search_term_string}"},"query-input":{"@type":"PropertyValueSpecification","valueRequired":true,"valueName":"search_term_string"}}],"inLanguage":"fr-FR"},{"@type":"Organization","@id":"https:\/\/kapitalis.com\/tunisie\/#organization","name":"Kapitalis","url":"https:\/\/kapitalis.com\/tunisie\/","logo":{"@type":"ImageObject","inLanguage":"fr-FR","@id":"https:\/\/kapitalis.com\/tunisie\/#\/schema\/logo\/image\/","url":"https:\/\/kapitalis.com\/tunisie\/wp-content\/uploads\/2022\/05\/Kapitalis-big-size.png","contentUrl":"https:\/\/kapitalis.com\/tunisie\/wp-content\/uploads\/2022\/05\/Kapitalis-big-size.png","width":5000,"height":1500,"caption":"Kapitalis"},"image":{"@id":"https:\/\/kapitalis.com\/tunisie\/#\/schema\/logo\/image\/"},"sameAs":["https:\/\/www.facebook.com\/KapitalisInfo\/","https:\/\/x.com\/KapitalisInfo","https:\/\/www.youtube.com\/channel\/UC-yDYrHyfFBWWZaOw3FPg9Q"]},{"@type":"Person","@id":"https:\/\/kapitalis.com\/tunisie\/#\/schema\/person\/d71f33a9ca44f7bad4698210b480c8e9","name":"webmaster kapitalis","url":"https:\/\/kapitalis.com\/tunisie\/author\/webmaster-kapitalis\/"}]}},"_links":{"self":[{"href":"https:\/\/kapitalis.com\/tunisie\/wp-json\/wp\/v2\/posts\/8709631","targetHints":{"allow":["GET"]}}],"collection":[{"href":"https:\/\/kapitalis.com\/tunisie\/wp-json\/wp\/v2\/posts"}],"about":[{"href":"https:\/\/kapitalis.com\/tunisie\/wp-json\/wp\/v2\/types\/post"}],"author":[{"embeddable":true,"href":"https:\/\/kapitalis.com\/tunisie\/wp-json\/wp\/v2\/users\/8"}],"replies":[{"embeddable":true,"href":"https:\/\/kapitalis.com\/tunisie\/wp-json\/wp\/v2\/comments?post=8709631"}],"version-history":[{"count":3,"href":"https:\/\/kapitalis.com\/tunisie\/wp-json\/wp\/v2\/posts\/8709631\/revisions"}],"predecessor-version":[{"id":8709993,"href":"https:\/\/kapitalis.com\/tunisie\/wp-json\/wp\/v2\/posts\/8709631\/revisions\/8709993"}],"wp:featuredmedia":[{"embeddable":true,"href":"https:\/\/kapitalis.com\/tunisie\/wp-json\/wp\/v2\/media\/8696614"}],"wp:attachment":[{"href":"https:\/\/kapitalis.com\/tunisie\/wp-json\/wp\/v2\/media?parent=8709631"}],"wp:term":[{"taxonomy":"category","embeddable":true,"href":"https:\/\/kapitalis.com\/tunisie\/wp-json\/wp\/v2\/categories?post=8709631"},{"taxonomy":"post_tag","embeddable":true,"href":"https:\/\/kapitalis.com\/tunisie\/wp-json\/wp\/v2\/tags?post=8709631"}],"curies":[{"name":"wp","href":"https:\/\/api.w.org\/{rel}","templated":true}]}}