{"id":8710452,"date":"2023-07-08T12:16:20","date_gmt":"2023-07-08T11:16:20","guid":{"rendered":"https:\/\/kapitalis.com\/tunisie\/?p=8710452"},"modified":"2023-07-08T12:16:22","modified_gmt":"2023-07-08T11:16:22","slug":"les-produits-tunisiens-absents-au-marche-de-rungis-a-paris","status":"publish","type":"post","link":"https:\/\/kapitalis.com\/tunisie\/2023\/07\/08\/les-produits-tunisiens-absents-au-marche-de-rungis-a-paris\/","title":{"rendered":"Les produits tunisiens absents au march\u00e9 de Rungis \u00e0 Paris \u00a0\u00a0"},"content":{"rendered":"\n<p><strong><em>Dans ce post Facebook post\u00e9 \u00e0 la suite d\u2019une r\u00e9cente visite effectu\u00e9e au march\u00e9 de gros de Rungis, \u00e0 Paris, l\u2019auteur rappelle aux op\u00e9rateurs et aux autorit\u00e9s en Tunisie ce qui leur reste \u00e0 faire pour simplement faire exister leurs produits dans de pareils plateformes commerciales internationales. \u00a0<\/em><\/strong>\u00a0<\/p>\n\n\n\n<p>Par <strong>Faouzi Ben Abderrahman<\/strong> *<\/p>\n\n\n\n<!--more-->\n\n\n<div class=\"wp-block-image\">\n<figure class=\"alignleft size-full\"><img decoding=\"async\" src=\"http:\/\/kapitalis.com\/tunisie\/wp-content\/uploads\/2020\/08\/Faouzi-Ben-Abderrahman.jpg\" alt=\"\" class=\"wp-image-314370\"\/><\/figure>\n<\/div>\n\n\n<p>L\u2019occasion de faire un tour au march\u00e9 international de gros de Rungis \u00e0 Paris.<\/p>\n\n\n\n<p>Une ville dans la ville, une organisation impeccable, un am\u00e9nagement agr\u00e9able, des espaces de restauration et de d\u00e9tente, qui rendent la visite un moment de plaisir.<\/p>\n\n\n\n<p>Les produits expos\u00e9s viennent des quatre coins de la terre, bien pr\u00e9sent\u00e9s dans un festival de couleurs.<\/p>\n\n\n\n<p>Les produits tunisiens sont presque totalement absents. Il est vrai que nous n\u2019avons pas la quantit\u00e9 pour nous imposer malgr\u00e9 la notori\u00e9t\u00e9 de certains de nos produits.<\/p>\n\n\n\n<p>Mais le plus grave est de plus en plus la mauvaise r\u00e9putation de certains de nos exportateurs \u00e0 propos du professionnalisme de leur prestations et qui tient \u00e0 deux facteurs importants : la qualit\u00e9 intrins\u00e8que de l\u2019op\u00e9rateur (respect des engagements, qualit\u00e9, cr\u00e9dibilit\u00e9, d\u00e9lais, mentalit\u00e9&#8230;) ainsi que la d\u00e9ficience dramatique de la cha\u00eene logistique (offres, politiques publiques, bureaucratie, structures d\u2019appui nombreuses et sans efficacit\u00e9 r\u00e9elle\u2026).<\/p>\n\n\n\n<p>Les solutions ? Elles existent bien s\u00fbr mais il va falloir d\u00e9j\u00e0 convaincre les Tunisiens qu\u2019ils doivent travailler ensemble, que le marketing est une science, que le branding est vital, que la planification est un savoir-faire et qu\u2019ils ne peuvent pas \u00eatre bons partout surtout pour acqu\u00e9rir des march\u00e9s et les garder.<\/p>\n\n\n\n<p>Et il va falloir convaincre nos autorit\u00e9s publiques et essentiellement notre administration qui vit hors du temps et de l\u2019espace qu\u2019ils doivent regarder ce qui se fait chez nos concurrents et partenaires et reconna\u00eetre qu\u2019ils ont perdu toute comp\u00e9tence. Ce n\u2019est pas une question d\u2019argent mais bel et bien de mentalit\u00e9s.<\/p>\n\n\n\n<p><em>* Ancien ministre de la Formation et de l\u2019Emploi<\/em>. <\/p>\n\n\n\n<figure class=\"wp-block-gallery aligncenter has-nested-images columns-default is-cropped wp-block-gallery-1 is-layout-flex wp-block-gallery-is-layout-flex\">\n<figure class=\"wp-block-image size-large\"><img loading=\"lazy\" decoding=\"async\" width=\"1024\" height=\"538\" data-id=\"8710525\" src=\"https:\/\/kapitalis.com\/tunisie\/wp-content\/uploads\/2023\/07\/Marche-de-Rungis-2-1024x538.jpg\" alt=\"\" class=\"wp-image-8710525\" srcset=\"https:\/\/kapitalis.com\/tunisie\/wp-content\/uploads\/2023\/07\/Marche-de-Rungis-2-1024x538.jpg 1024w, https:\/\/kapitalis.com\/tunisie\/wp-content\/uploads\/2023\/07\/Marche-de-Rungis-2-300x158.jpg 300w, https:\/\/kapitalis.com\/tunisie\/wp-content\/uploads\/2023\/07\/Marche-de-Rungis-2-768x403.jpg 768w, https:\/\/kapitalis.com\/tunisie\/wp-content\/uploads\/2023\/07\/Marche-de-Rungis-2-580x305.jpg 580w, https:\/\/kapitalis.com\/tunisie\/wp-content\/uploads\/2023\/07\/Marche-de-Rungis-2-860x452.jpg 860w, https:\/\/kapitalis.com\/tunisie\/wp-content\/uploads\/2023\/07\/Marche-de-Rungis-2-1160x609.jpg 1160w, https:\/\/kapitalis.com\/tunisie\/wp-content\/uploads\/2023\/07\/Marche-de-Rungis-2.jpg 1200w\" sizes=\"auto, (max-width: 1024px) 100vw, 1024px\" \/><\/figure>\n\n\n\n<figure class=\"wp-block-image size-large\"><img loading=\"lazy\" decoding=\"async\" width=\"1024\" height=\"538\" data-id=\"8710526\" src=\"https:\/\/kapitalis.com\/tunisie\/wp-content\/uploads\/2023\/07\/Marche-de-Rungis-Brasserie-1024x538.jpg\" alt=\"\" class=\"wp-image-8710526\" srcset=\"https:\/\/kapitalis.com\/tunisie\/wp-content\/uploads\/2023\/07\/Marche-de-Rungis-Brasserie-1024x538.jpg 1024w, https:\/\/kapitalis.com\/tunisie\/wp-content\/uploads\/2023\/07\/Marche-de-Rungis-Brasserie-300x158.jpg 300w, https:\/\/kapitalis.com\/tunisie\/wp-content\/uploads\/2023\/07\/Marche-de-Rungis-Brasserie-768x403.jpg 768w, https:\/\/kapitalis.com\/tunisie\/wp-content\/uploads\/2023\/07\/Marche-de-Rungis-Brasserie-580x305.jpg 580w, https:\/\/kapitalis.com\/tunisie\/wp-content\/uploads\/2023\/07\/Marche-de-Rungis-Brasserie-860x452.jpg 860w, https:\/\/kapitalis.com\/tunisie\/wp-content\/uploads\/2023\/07\/Marche-de-Rungis-Brasserie-1160x609.jpg 1160w, https:\/\/kapitalis.com\/tunisie\/wp-content\/uploads\/2023\/07\/Marche-de-Rungis-Brasserie.jpg 1200w\" sizes=\"auto, (max-width: 1024px) 100vw, 1024px\" \/><\/figure>\n\n\n\n<figure class=\"wp-block-image size-large\"><img loading=\"lazy\" decoding=\"async\" width=\"1024\" height=\"538\" data-id=\"8710527\" src=\"https:\/\/kapitalis.com\/tunisie\/wp-content\/uploads\/2023\/07\/Marche-de-Rungis-Fruits-et-legumes-1024x538.jpg\" alt=\"\" class=\"wp-image-8710527\" srcset=\"https:\/\/kapitalis.com\/tunisie\/wp-content\/uploads\/2023\/07\/Marche-de-Rungis-Fruits-et-legumes-1024x538.jpg 1024w, https:\/\/kapitalis.com\/tunisie\/wp-content\/uploads\/2023\/07\/Marche-de-Rungis-Fruits-et-legumes-300x158.jpg 300w, https:\/\/kapitalis.com\/tunisie\/wp-content\/uploads\/2023\/07\/Marche-de-Rungis-Fruits-et-legumes-768x403.jpg 768w, https:\/\/kapitalis.com\/tunisie\/wp-content\/uploads\/2023\/07\/Marche-de-Rungis-Fruits-et-legumes-580x305.jpg 580w, https:\/\/kapitalis.com\/tunisie\/wp-content\/uploads\/2023\/07\/Marche-de-Rungis-Fruits-et-legumes-860x452.jpg 860w, https:\/\/kapitalis.com\/tunisie\/wp-content\/uploads\/2023\/07\/Marche-de-Rungis-Fruits-et-legumes-1160x609.jpg 1160w, https:\/\/kapitalis.com\/tunisie\/wp-content\/uploads\/2023\/07\/Marche-de-Rungis-Fruits-et-legumes.jpg 1200w\" sizes=\"auto, (max-width: 1024px) 100vw, 1024px\" \/><\/figure>\n<\/figure>\n","protected":false},"excerpt":{"rendered":"<p>Pourquoi les produits tunisiens sont-ils presque totalement absents du march\u00e9 de gros de Rungis, \u00e0 Paris ? <\/p>\n","protected":false},"author":8,"featured_media":8710512,"comment_status":"open","ping_status":"open","sticky":false,"template":"","format":"standard","meta":{"footnotes":""},"categories":[992,995,1000,2433],"tags":[109785,82920,109784,1364,12738,62643],"class_list":["post-8710452","post","type-post","status-publish","format-standard","has-post-thumbnail","hentry","category-a-la-une","category-economie","category-tribune","category-tunisie","tag-chaine-logistique","tag-faouzi-ben-abderrahman","tag-marche-de-gros-de-rungis","tag-paris","tag-produits-tunisiens","tag-tunisie"],"yoast_head":"<!-- This site is optimized with the Yoast SEO plugin v26.6 - https:\/\/yoast.com\/wordpress\/plugins\/seo\/ -->\n<title>Les produits tunisiens absents au march\u00e9 de Rungis \u00e0 Paris \u00a0\u00a0 - Kapitalis<\/title>\n<meta name=\"robots\" content=\"index, follow, max-snippet:-1, max-image-preview:large, max-video-preview:-1\" \/>\n<link rel=\"canonical\" href=\"https:\/\/kapitalis.com\/tunisie\/2023\/07\/08\/les-produits-tunisiens-absents-au-marche-de-rungis-a-paris\/\" \/>\n<meta property=\"og:locale\" content=\"fr_FR\" \/>\n<meta property=\"og:type\" content=\"article\" \/>\n<meta property=\"og:title\" content=\"Les produits tunisiens absents au march\u00e9 de Rungis \u00e0 Paris \u00a0\u00a0 - Kapitalis\" \/>\n<meta property=\"og:description\" content=\"Pourquoi les produits tunisiens sont-ils presque totalement absents du march\u00e9 de gros de Rungis, \u00e0 Paris ?\" \/>\n<meta property=\"og:url\" content=\"https:\/\/kapitalis.com\/tunisie\/2023\/07\/08\/les-produits-tunisiens-absents-au-marche-de-rungis-a-paris\/\" \/>\n<meta property=\"og:site_name\" content=\"Kapitalis\" \/>\n<meta property=\"article:publisher\" content=\"https:\/\/www.facebook.com\/KapitalisInfo\/\" \/>\n<meta property=\"article:published_time\" content=\"2023-07-08T11:16:20+00:00\" \/>\n<meta property=\"article:modified_time\" content=\"2023-07-08T11:16:22+00:00\" \/>\n<meta property=\"og:image\" content=\"https:\/\/kapitalis.com\/tunisie\/wp-content\/uploads\/2023\/07\/Marche-de-Rungis.jpg\" \/>\n\t<meta property=\"og:image:width\" content=\"1200\" \/>\n\t<meta property=\"og:image:height\" content=\"630\" \/>\n\t<meta property=\"og:image:type\" content=\"image\/jpeg\" \/>\n<meta name=\"author\" content=\"webmaster kapitalis\" \/>\n<meta name=\"twitter:card\" content=\"summary_large_image\" \/>\n<meta name=\"twitter:creator\" content=\"@KapitalisInfo\" \/>\n<meta name=\"twitter:site\" content=\"@KapitalisInfo\" \/>\n<meta name=\"twitter:label1\" content=\"\u00c9crit par\" \/>\n\t<meta name=\"twitter:data1\" content=\"webmaster kapitalis\" \/>\n\t<meta name=\"twitter:label2\" content=\"Dur\u00e9e de lecture estim\u00e9e\" \/>\n\t<meta name=\"twitter:data2\" content=\"3 minutes\" \/>\n<script type=\"application\/ld+json\" class=\"yoast-schema-graph\">{\"@context\":\"https:\/\/schema.org\",\"@graph\":[{\"@type\":\"Article\",\"@id\":\"https:\/\/kapitalis.com\/tunisie\/2023\/07\/08\/les-produits-tunisiens-absents-au-marche-de-rungis-a-paris\/#article\",\"isPartOf\":{\"@id\":\"https:\/\/kapitalis.com\/tunisie\/2023\/07\/08\/les-produits-tunisiens-absents-au-marche-de-rungis-a-paris\/\"},\"author\":{\"name\":\"webmaster kapitalis\",\"@id\":\"https:\/\/kapitalis.com\/tunisie\/#\/schema\/person\/d71f33a9ca44f7bad4698210b480c8e9\"},\"headline\":\"Les produits tunisiens absents au march\u00e9 de Rungis \u00e0 Paris \u00a0\u00a0\",\"datePublished\":\"2023-07-08T11:16:20+00:00\",\"dateModified\":\"2023-07-08T11:16:22+00:00\",\"mainEntityOfPage\":{\"@id\":\"https:\/\/kapitalis.com\/tunisie\/2023\/07\/08\/les-produits-tunisiens-absents-au-marche-de-rungis-a-paris\/\"},\"wordCount\":352,\"commentCount\":14,\"publisher\":{\"@id\":\"https:\/\/kapitalis.com\/tunisie\/#organization\"},\"image\":{\"@id\":\"https:\/\/kapitalis.com\/tunisie\/2023\/07\/08\/les-produits-tunisiens-absents-au-marche-de-rungis-a-paris\/#primaryimage\"},\"thumbnailUrl\":\"https:\/\/kapitalis.com\/tunisie\/wp-content\/uploads\/2023\/07\/Marche-de-Rungis.jpg\",\"keywords\":[\"cha\u00eene logistique\",\"Faouzi Ben Abderrahman\",\"march\u00e9 de gros de Rungis\",\"Paris\",\"produits tunisiens\",\"Tunisie\"],\"articleSection\":[\"A LA UNE\",\"ECONOMIE\",\"TRIBUNE\",\"Tunisie\"],\"inLanguage\":\"fr-FR\",\"potentialAction\":[{\"@type\":\"CommentAction\",\"name\":\"Comment\",\"target\":[\"https:\/\/kapitalis.com\/tunisie\/2023\/07\/08\/les-produits-tunisiens-absents-au-marche-de-rungis-a-paris\/#respond\"]}]},{\"@type\":\"WebPage\",\"@id\":\"https:\/\/kapitalis.com\/tunisie\/2023\/07\/08\/les-produits-tunisiens-absents-au-marche-de-rungis-a-paris\/\",\"url\":\"https:\/\/kapitalis.com\/tunisie\/2023\/07\/08\/les-produits-tunisiens-absents-au-marche-de-rungis-a-paris\/\",\"name\":\"Les produits tunisiens absents au march\u00e9 de Rungis \u00e0 Paris \u00a0\u00a0 - Kapitalis\",\"isPartOf\":{\"@id\":\"https:\/\/kapitalis.com\/tunisie\/#website\"},\"primaryImageOfPage\":{\"@id\":\"https:\/\/kapitalis.com\/tunisie\/2023\/07\/08\/les-produits-tunisiens-absents-au-marche-de-rungis-a-paris\/#primaryimage\"},\"image\":{\"@id\":\"https:\/\/kapitalis.com\/tunisie\/2023\/07\/08\/les-produits-tunisiens-absents-au-marche-de-rungis-a-paris\/#primaryimage\"},\"thumbnailUrl\":\"https:\/\/kapitalis.com\/tunisie\/wp-content\/uploads\/2023\/07\/Marche-de-Rungis.jpg\",\"datePublished\":\"2023-07-08T11:16:20+00:00\",\"dateModified\":\"2023-07-08T11:16:22+00:00\",\"breadcrumb\":{\"@id\":\"https:\/\/kapitalis.com\/tunisie\/2023\/07\/08\/les-produits-tunisiens-absents-au-marche-de-rungis-a-paris\/#breadcrumb\"},\"inLanguage\":\"fr-FR\",\"potentialAction\":[{\"@type\":\"ReadAction\",\"target\":[\"https:\/\/kapitalis.com\/tunisie\/2023\/07\/08\/les-produits-tunisiens-absents-au-marche-de-rungis-a-paris\/\"]}]},{\"@type\":\"ImageObject\",\"inLanguage\":\"fr-FR\",\"@id\":\"https:\/\/kapitalis.com\/tunisie\/2023\/07\/08\/les-produits-tunisiens-absents-au-marche-de-rungis-a-paris\/#primaryimage\",\"url\":\"https:\/\/kapitalis.com\/tunisie\/wp-content\/uploads\/2023\/07\/Marche-de-Rungis.jpg\",\"contentUrl\":\"https:\/\/kapitalis.com\/tunisie\/wp-content\/uploads\/2023\/07\/Marche-de-Rungis.jpg\",\"width\":1200,\"height\":630},{\"@type\":\"BreadcrumbList\",\"@id\":\"https:\/\/kapitalis.com\/tunisie\/2023\/07\/08\/les-produits-tunisiens-absents-au-marche-de-rungis-a-paris\/#breadcrumb\",\"itemListElement\":[{\"@type\":\"ListItem\",\"position\":1,\"name\":\"Accueil\",\"item\":\"https:\/\/kapitalis.com\/tunisie\/\"},{\"@type\":\"ListItem\",\"position\":2,\"name\":\"Les produits tunisiens absents au march\u00e9 de Rungis \u00e0 Paris \u00a0\u00a0\"}]},{\"@type\":\"WebSite\",\"@id\":\"https:\/\/kapitalis.com\/tunisie\/#website\",\"url\":\"https:\/\/kapitalis.com\/tunisie\/\",\"name\":\"Kapitalis\",\"description\":\"L&#039;actualit\u00e9 en Tunisie et dans le monde\",\"publisher\":{\"@id\":\"https:\/\/kapitalis.com\/tunisie\/#organization\"},\"potentialAction\":[{\"@type\":\"SearchAction\",\"target\":{\"@type\":\"EntryPoint\",\"urlTemplate\":\"https:\/\/kapitalis.com\/tunisie\/?s={search_term_string}\"},\"query-input\":{\"@type\":\"PropertyValueSpecification\",\"valueRequired\":true,\"valueName\":\"search_term_string\"}}],\"inLanguage\":\"fr-FR\"},{\"@type\":\"Organization\",\"@id\":\"https:\/\/kapitalis.com\/tunisie\/#organization\",\"name\":\"Kapitalis\",\"url\":\"https:\/\/kapitalis.com\/tunisie\/\",\"logo\":{\"@type\":\"ImageObject\",\"inLanguage\":\"fr-FR\",\"@id\":\"https:\/\/kapitalis.com\/tunisie\/#\/schema\/logo\/image\/\",\"url\":\"https:\/\/kapitalis.com\/tunisie\/wp-content\/uploads\/2022\/05\/Kapitalis-big-size.png\",\"contentUrl\":\"https:\/\/kapitalis.com\/tunisie\/wp-content\/uploads\/2022\/05\/Kapitalis-big-size.png\",\"width\":5000,\"height\":1500,\"caption\":\"Kapitalis\"},\"image\":{\"@id\":\"https:\/\/kapitalis.com\/tunisie\/#\/schema\/logo\/image\/\"},\"sameAs\":[\"https:\/\/www.facebook.com\/KapitalisInfo\/\",\"https:\/\/x.com\/KapitalisInfo\",\"https:\/\/www.youtube.com\/channel\/UC-yDYrHyfFBWWZaOw3FPg9Q\"]},{\"@type\":\"Person\",\"@id\":\"https:\/\/kapitalis.com\/tunisie\/#\/schema\/person\/d71f33a9ca44f7bad4698210b480c8e9\",\"name\":\"webmaster kapitalis\",\"url\":\"https:\/\/kapitalis.com\/tunisie\/author\/webmaster-kapitalis\/\"}]}<\/script>\n<!-- \/ Yoast SEO plugin. -->","yoast_head_json":{"title":"Les produits tunisiens absents au march\u00e9 de Rungis \u00e0 Paris \u00a0\u00a0 - Kapitalis","robots":{"index":"index","follow":"follow","max-snippet":"max-snippet:-1","max-image-preview":"max-image-preview:large","max-video-preview":"max-video-preview:-1"},"canonical":"https:\/\/kapitalis.com\/tunisie\/2023\/07\/08\/les-produits-tunisiens-absents-au-marche-de-rungis-a-paris\/","og_locale":"fr_FR","og_type":"article","og_title":"Les produits tunisiens absents au march\u00e9 de Rungis \u00e0 Paris \u00a0\u00a0 - Kapitalis","og_description":"Pourquoi les produits tunisiens sont-ils presque totalement absents du march\u00e9 de gros de Rungis, \u00e0 Paris ?","og_url":"https:\/\/kapitalis.com\/tunisie\/2023\/07\/08\/les-produits-tunisiens-absents-au-marche-de-rungis-a-paris\/","og_site_name":"Kapitalis","article_publisher":"https:\/\/www.facebook.com\/KapitalisInfo\/","article_published_time":"2023-07-08T11:16:20+00:00","article_modified_time":"2023-07-08T11:16:22+00:00","og_image":[{"width":1200,"height":630,"url":"https:\/\/kapitalis.com\/tunisie\/wp-content\/uploads\/2023\/07\/Marche-de-Rungis.jpg","type":"image\/jpeg"}],"author":"webmaster kapitalis","twitter_card":"summary_large_image","twitter_creator":"@KapitalisInfo","twitter_site":"@KapitalisInfo","twitter_misc":{"\u00c9crit par":"webmaster kapitalis","Dur\u00e9e de lecture estim\u00e9e":"3 minutes"},"schema":{"@context":"https:\/\/schema.org","@graph":[{"@type":"Article","@id":"https:\/\/kapitalis.com\/tunisie\/2023\/07\/08\/les-produits-tunisiens-absents-au-marche-de-rungis-a-paris\/#article","isPartOf":{"@id":"https:\/\/kapitalis.com\/tunisie\/2023\/07\/08\/les-produits-tunisiens-absents-au-marche-de-rungis-a-paris\/"},"author":{"name":"webmaster kapitalis","@id":"https:\/\/kapitalis.com\/tunisie\/#\/schema\/person\/d71f33a9ca44f7bad4698210b480c8e9"},"headline":"Les produits tunisiens absents au march\u00e9 de Rungis \u00e0 Paris \u00a0\u00a0","datePublished":"2023-07-08T11:16:20+00:00","dateModified":"2023-07-08T11:16:22+00:00","mainEntityOfPage":{"@id":"https:\/\/kapitalis.com\/tunisie\/2023\/07\/08\/les-produits-tunisiens-absents-au-marche-de-rungis-a-paris\/"},"wordCount":352,"commentCount":14,"publisher":{"@id":"https:\/\/kapitalis.com\/tunisie\/#organization"},"image":{"@id":"https:\/\/kapitalis.com\/tunisie\/2023\/07\/08\/les-produits-tunisiens-absents-au-marche-de-rungis-a-paris\/#primaryimage"},"thumbnailUrl":"https:\/\/kapitalis.com\/tunisie\/wp-content\/uploads\/2023\/07\/Marche-de-Rungis.jpg","keywords":["cha\u00eene logistique","Faouzi Ben Abderrahman","march\u00e9 de gros de Rungis","Paris","produits tunisiens","Tunisie"],"articleSection":["A LA UNE","ECONOMIE","TRIBUNE","Tunisie"],"inLanguage":"fr-FR","potentialAction":[{"@type":"CommentAction","name":"Comment","target":["https:\/\/kapitalis.com\/tunisie\/2023\/07\/08\/les-produits-tunisiens-absents-au-marche-de-rungis-a-paris\/#respond"]}]},{"@type":"WebPage","@id":"https:\/\/kapitalis.com\/tunisie\/2023\/07\/08\/les-produits-tunisiens-absents-au-marche-de-rungis-a-paris\/","url":"https:\/\/kapitalis.com\/tunisie\/2023\/07\/08\/les-produits-tunisiens-absents-au-marche-de-rungis-a-paris\/","name":"Les produits tunisiens absents au march\u00e9 de Rungis \u00e0 Paris \u00a0\u00a0 - Kapitalis","isPartOf":{"@id":"https:\/\/kapitalis.com\/tunisie\/#website"},"primaryImageOfPage":{"@id":"https:\/\/kapitalis.com\/tunisie\/2023\/07\/08\/les-produits-tunisiens-absents-au-marche-de-rungis-a-paris\/#primaryimage"},"image":{"@id":"https:\/\/kapitalis.com\/tunisie\/2023\/07\/08\/les-produits-tunisiens-absents-au-marche-de-rungis-a-paris\/#primaryimage"},"thumbnailUrl":"https:\/\/kapitalis.com\/tunisie\/wp-content\/uploads\/2023\/07\/Marche-de-Rungis.jpg","datePublished":"2023-07-08T11:16:20+00:00","dateModified":"2023-07-08T11:16:22+00:00","breadcrumb":{"@id":"https:\/\/kapitalis.com\/tunisie\/2023\/07\/08\/les-produits-tunisiens-absents-au-marche-de-rungis-a-paris\/#breadcrumb"},"inLanguage":"fr-FR","potentialAction":[{"@type":"ReadAction","target":["https:\/\/kapitalis.com\/tunisie\/2023\/07\/08\/les-produits-tunisiens-absents-au-marche-de-rungis-a-paris\/"]}]},{"@type":"ImageObject","inLanguage":"fr-FR","@id":"https:\/\/kapitalis.com\/tunisie\/2023\/07\/08\/les-produits-tunisiens-absents-au-marche-de-rungis-a-paris\/#primaryimage","url":"https:\/\/kapitalis.com\/tunisie\/wp-content\/uploads\/2023\/07\/Marche-de-Rungis.jpg","contentUrl":"https:\/\/kapitalis.com\/tunisie\/wp-content\/uploads\/2023\/07\/Marche-de-Rungis.jpg","width":1200,"height":630},{"@type":"BreadcrumbList","@id":"https:\/\/kapitalis.com\/tunisie\/2023\/07\/08\/les-produits-tunisiens-absents-au-marche-de-rungis-a-paris\/#breadcrumb","itemListElement":[{"@type":"ListItem","position":1,"name":"Accueil","item":"https:\/\/kapitalis.com\/tunisie\/"},{"@type":"ListItem","position":2,"name":"Les produits tunisiens absents au march\u00e9 de Rungis \u00e0 Paris \u00a0\u00a0"}]},{"@type":"WebSite","@id":"https:\/\/kapitalis.com\/tunisie\/#website","url":"https:\/\/kapitalis.com\/tunisie\/","name":"Kapitalis","description":"L&#039;actualit\u00e9 en Tunisie et dans le monde","publisher":{"@id":"https:\/\/kapitalis.com\/tunisie\/#organization"},"potentialAction":[{"@type":"SearchAction","target":{"@type":"EntryPoint","urlTemplate":"https:\/\/kapitalis.com\/tunisie\/?s={search_term_string}"},"query-input":{"@type":"PropertyValueSpecification","valueRequired":true,"valueName":"search_term_string"}}],"inLanguage":"fr-FR"},{"@type":"Organization","@id":"https:\/\/kapitalis.com\/tunisie\/#organization","name":"Kapitalis","url":"https:\/\/kapitalis.com\/tunisie\/","logo":{"@type":"ImageObject","inLanguage":"fr-FR","@id":"https:\/\/kapitalis.com\/tunisie\/#\/schema\/logo\/image\/","url":"https:\/\/kapitalis.com\/tunisie\/wp-content\/uploads\/2022\/05\/Kapitalis-big-size.png","contentUrl":"https:\/\/kapitalis.com\/tunisie\/wp-content\/uploads\/2022\/05\/Kapitalis-big-size.png","width":5000,"height":1500,"caption":"Kapitalis"},"image":{"@id":"https:\/\/kapitalis.com\/tunisie\/#\/schema\/logo\/image\/"},"sameAs":["https:\/\/www.facebook.com\/KapitalisInfo\/","https:\/\/x.com\/KapitalisInfo","https:\/\/www.youtube.com\/channel\/UC-yDYrHyfFBWWZaOw3FPg9Q"]},{"@type":"Person","@id":"https:\/\/kapitalis.com\/tunisie\/#\/schema\/person\/d71f33a9ca44f7bad4698210b480c8e9","name":"webmaster kapitalis","url":"https:\/\/kapitalis.com\/tunisie\/author\/webmaster-kapitalis\/"}]}},"_links":{"self":[{"href":"https:\/\/kapitalis.com\/tunisie\/wp-json\/wp\/v2\/posts\/8710452","targetHints":{"allow":["GET"]}}],"collection":[{"href":"https:\/\/kapitalis.com\/tunisie\/wp-json\/wp\/v2\/posts"}],"about":[{"href":"https:\/\/kapitalis.com\/tunisie\/wp-json\/wp\/v2\/types\/post"}],"author":[{"embeddable":true,"href":"https:\/\/kapitalis.com\/tunisie\/wp-json\/wp\/v2\/users\/8"}],"replies":[{"embeddable":true,"href":"https:\/\/kapitalis.com\/tunisie\/wp-json\/wp\/v2\/comments?post=8710452"}],"version-history":[{"count":1,"href":"https:\/\/kapitalis.com\/tunisie\/wp-json\/wp\/v2\/posts\/8710452\/revisions"}],"predecessor-version":[{"id":8710534,"href":"https:\/\/kapitalis.com\/tunisie\/wp-json\/wp\/v2\/posts\/8710452\/revisions\/8710534"}],"wp:featuredmedia":[{"embeddable":true,"href":"https:\/\/kapitalis.com\/tunisie\/wp-json\/wp\/v2\/media\/8710512"}],"wp:attachment":[{"href":"https:\/\/kapitalis.com\/tunisie\/wp-json\/wp\/v2\/media?parent=8710452"}],"wp:term":[{"taxonomy":"category","embeddable":true,"href":"https:\/\/kapitalis.com\/tunisie\/wp-json\/wp\/v2\/categories?post=8710452"},{"taxonomy":"post_tag","embeddable":true,"href":"https:\/\/kapitalis.com\/tunisie\/wp-json\/wp\/v2\/tags?post=8710452"}],"curies":[{"name":"wp","href":"https:\/\/api.w.org\/{rel}","templated":true}]}}