{"id":87125,"date":"2017-03-16T08:30:44","date_gmt":"2017-03-16T07:30:44","guid":{"rendered":"http:\/\/kapitalis.com\/tunisie\/?p=87125"},"modified":"2017-03-16T08:30:44","modified_gmt":"2017-03-16T07:30:44","slug":"ghazi-jeribi-defend-le-decret-relatif-a-lacces-a-linstitut-de-la-magistrature","status":"publish","type":"post","link":"https:\/\/kapitalis.com\/tunisie\/2017\/03\/16\/ghazi-jeribi-defend-le-decret-relatif-a-lacces-a-linstitut-de-la-magistrature\/","title":{"rendered":"Ghazi Jeribi d\u00e9fend le d\u00e9cret relatif \u00e0 l\u2019acc\u00e8s \u00e0 l\u2019Institut de la magistrature"},"content":{"rendered":"<p style=\"text-align: center;\"><img loading=\"lazy\" decoding=\"async\" class=\"alignnone size-full wp-image-64046\" src=\"http:\/\/kapitalis.com\/tunisie\/wp-content\/uploads\/2016\/09\/Ghazi-Jeribi-et-Youssef-Chahed.jpg\" alt=\"\" width=\"626\" height=\"380\" \/><\/p>\n<p style=\"text-align: center;\"><em> Ghazi Jeribi et Youssef Chahed.<\/em><\/p>\n<p style=\"text-align: left;\"><em><strong>Le d\u00e9cret gouvernemental 345 relatif \u00e0 l\u2019acc\u00e8s \u00e0 l\u2019Institut sup\u00e9rieur de la magistrature (ISM) vise \u00e0 am\u00e9liorer le niveau scientifique des futurs magistrats.<\/strong><\/em><\/p>\n<p style=\"text-align: left;\"><!--more--><\/p>\n<p style=\"text-align: left;\">C\u2019est ce qu\u2019a d\u00e9clar\u00e9 le ministre de la Justice Ghazi Jeribi hier, mercredi 15 mars 2017, ajoutant que ce d\u00e9cret vise aussi \u00e0 garantir plus d\u2019harmonie entre les diff\u00e9rents corps de la magistrature.<\/p>\n<p style=\"text-align: left;\">Dans une d\u00e9claration au m\u00e9dias, en marge de la s\u00e9ance pl\u00e9ni\u00e8re \u00e0 l\u2019Assembl\u00e9e des repr\u00e9sentants du peuple (ARP) pour l\u2019approbation du projet de loi organique relatif \u00e0 l\u2019adh\u00e9sion de la Tunisie \u00e0 \u00ab<em>la convention du 15 novembre 1965 relative \u00e0 la signification et \u00e0 la notification \u00e0 l\u2019\u00e9tranger des actes judiciaires et extrajudiciaires en mati\u00e8re civile ou commerciale\u00bb<\/em>, le ministre de la Justice a indiqu\u00e9 que la magistrature vit <em>\u00abun d\u00e9s\u00e9quilibre entre les juges de premier degr\u00e9 et les juges de second degr\u00e9, alors que le Conseil sup\u00e9rieur de la magistrature (CSM) comprend toutes les cat\u00e9gories de magistrats\u00bb<\/em>.<\/p>\n<p style=\"text-align: left;\">M. Jeribi a, par ailleurs, rappel\u00e9 que le projet du d\u00e9cret 345 a \u00e9t\u00e9 transmis au tribunal administratif pour avis et que cette juridiction sp\u00e9cialis\u00e9e n\u2019a \u00e9mis aucune r\u00e9serve juridique \u00e0 son propos, insistant sur l\u2019importance de doter les magistrats d\u2019un \u00abniveau valable\u00bb qui am\u00e9liore leur capacit\u00e9 \u00e0 traiter des litiges.<\/p>\n<p style=\"text-align: left;\">Il est \u00e0 rappeler que le d\u00e9cret 345 du 9 mars 2017 relatif \u00e0 la candidature au concours d\u2019acc\u00e8s \u00e0 l\u2019ISM, a provoqu\u00e9 une forte r\u00e9action de la part des \u00e9tudiants de droit, des doyens des facult\u00e9s de droit et des directeurs des instituts sup\u00e9rieurs des sciences juridiques.<\/p>\n<p style=\"text-align: left;\">Une d\u00e9l\u00e9gation des \u00e9tudiants de droit, qui ont effectu\u00e9 hier un sit-in \u00e0 la Kasbah, se sont entretenus avec le ministre de la Justice sans que les deux parties parviennent \u00e0 un accord. Deux recours judiciaires, l\u2019un aupr\u00e8s du tribunal administratif et l\u2019autre pour la suspension de l\u2019application de ce d\u00e9cret, ont \u00e9t\u00e9, par ailleurs engag\u00e9s par l\u2019avocat et universitaire Kamel Ben Messaoud.<\/p>\n<p style=\"text-align: left;\">Les \u00e9tudiants de droit, ont d\u2019autre part d\u00e9cid\u00e9 de poursuivre leur combat sous la f\u00e9rule de l\u2019Union g\u00e9n\u00e9rale des \u00e9tudiants tunisiens (Uget), qui a annonc\u00e9 un grand mouvement de protestation, aujourd\u2019hui, au campus universitaire Farhat Hached \u00e0 El-Manar qui rassemblera les \u00e9tudiants des facult\u00e9s et instituts de droit de toute la r\u00e9publique.<\/p>\n<p><strong>Abderrazek Krimi<\/strong><\/p>\n","protected":false},"excerpt":{"rendered":"<p>Ghazi Jeribi et Youssef Chahed. Le d\u00e9cret gouvernemental 345 relatif \u00e0 l\u2019acc\u00e8s \u00e0 l\u2019Institut sup\u00e9rieur de la magistrature (ISM) vise \u00e0 am\u00e9liorer le niveau scientifique des futurs magistrats.<\/p>\n","protected":false},"author":8,"featured_media":0,"comment_status":"open","ping_status":"open","sticky":false,"template":"","format":"standard","meta":{"footnotes":""},"categories":[997,2433],"tags":[7902,5161,22316,28967,1473],"class_list":["post-87125","post","type-post","status-publish","format-standard","hentry","category-politique","category-tunisie","tag-conseil-superieur-de-la-magistrature","tag-el-manar","tag-ghazi-jeribi","tag-institut-superieur-de-la-magistrature","tag-uget"],"yoast_head":"<!-- This site is optimized with the Yoast SEO plugin v26.6 - https:\/\/yoast.com\/wordpress\/plugins\/seo\/ -->\n<title>Ghazi Jeribi d\u00e9fend le d\u00e9cret relatif \u00e0 l\u2019acc\u00e8s \u00e0 l\u2019Institut de la magistrature - Kapitalis<\/title>\n<meta name=\"robots\" content=\"index, follow, max-snippet:-1, max-image-preview:large, max-video-preview:-1\" \/>\n<link rel=\"canonical\" href=\"https:\/\/kapitalis.com\/tunisie\/2017\/03\/16\/ghazi-jeribi-defend-le-decret-relatif-a-lacces-a-linstitut-de-la-magistrature\/\" \/>\n<meta property=\"og:locale\" content=\"fr_FR\" \/>\n<meta property=\"og:type\" content=\"article\" \/>\n<meta property=\"og:title\" content=\"Ghazi Jeribi d\u00e9fend le d\u00e9cret relatif \u00e0 l\u2019acc\u00e8s \u00e0 l\u2019Institut de la magistrature - Kapitalis\" \/>\n<meta property=\"og:description\" content=\"Ghazi Jeribi et Youssef Chahed. Le d\u00e9cret gouvernemental 345 relatif \u00e0 l\u2019acc\u00e8s \u00e0 l\u2019Institut sup\u00e9rieur de la magistrature (ISM) vise \u00e0 am\u00e9liorer le niveau scientifique des futurs magistrats.\" \/>\n<meta property=\"og:url\" content=\"https:\/\/kapitalis.com\/tunisie\/2017\/03\/16\/ghazi-jeribi-defend-le-decret-relatif-a-lacces-a-linstitut-de-la-magistrature\/\" \/>\n<meta property=\"og:site_name\" content=\"Kapitalis\" \/>\n<meta property=\"article:publisher\" content=\"https:\/\/www.facebook.com\/KapitalisInfo\/\" \/>\n<meta property=\"article:published_time\" content=\"2017-03-16T07:30:44+00:00\" \/>\n<meta property=\"og:image\" content=\"http:\/\/kapitalis.com\/tunisie\/wp-content\/uploads\/2016\/09\/Ghazi-Jeribi-et-Youssef-Chahed.jpg\" \/>\n<meta name=\"author\" content=\"webmaster kapitalis\" \/>\n<meta name=\"twitter:card\" content=\"summary_large_image\" \/>\n<meta name=\"twitter:creator\" content=\"@KapitalisInfo\" \/>\n<meta name=\"twitter:site\" content=\"@KapitalisInfo\" \/>\n<meta name=\"twitter:label1\" content=\"\u00c9crit par\" \/>\n\t<meta name=\"twitter:data1\" content=\"webmaster kapitalis\" \/>\n\t<meta name=\"twitter:label2\" content=\"Dur\u00e9e de lecture estim\u00e9e\" \/>\n\t<meta name=\"twitter:data2\" content=\"2 minutes\" \/>\n<script type=\"application\/ld+json\" class=\"yoast-schema-graph\">{\"@context\":\"https:\/\/schema.org\",\"@graph\":[{\"@type\":\"Article\",\"@id\":\"https:\/\/kapitalis.com\/tunisie\/2017\/03\/16\/ghazi-jeribi-defend-le-decret-relatif-a-lacces-a-linstitut-de-la-magistrature\/#article\",\"isPartOf\":{\"@id\":\"https:\/\/kapitalis.com\/tunisie\/2017\/03\/16\/ghazi-jeribi-defend-le-decret-relatif-a-lacces-a-linstitut-de-la-magistrature\/\"},\"author\":{\"name\":\"webmaster kapitalis\",\"@id\":\"https:\/\/kapitalis.com\/tunisie\/#\/schema\/person\/d71f33a9ca44f7bad4698210b480c8e9\"},\"headline\":\"Ghazi Jeribi d\u00e9fend le d\u00e9cret relatif \u00e0 l\u2019acc\u00e8s \u00e0 l\u2019Institut de la magistrature\",\"datePublished\":\"2017-03-16T07:30:44+00:00\",\"mainEntityOfPage\":{\"@id\":\"https:\/\/kapitalis.com\/tunisie\/2017\/03\/16\/ghazi-jeribi-defend-le-decret-relatif-a-lacces-a-linstitut-de-la-magistrature\/\"},\"wordCount\":426,\"commentCount\":0,\"publisher\":{\"@id\":\"https:\/\/kapitalis.com\/tunisie\/#organization\"},\"image\":{\"@id\":\"https:\/\/kapitalis.com\/tunisie\/2017\/03\/16\/ghazi-jeribi-defend-le-decret-relatif-a-lacces-a-linstitut-de-la-magistrature\/#primaryimage\"},\"thumbnailUrl\":\"http:\/\/kapitalis.com\/tunisie\/wp-content\/uploads\/2016\/09\/Ghazi-Jeribi-et-Youssef-Chahed.jpg\",\"keywords\":[\"conseil sup\u00e9rieur de la magistrature\",\"El-Manar\",\"Ghazi Jeribi\",\"Institut sup\u00e9rieur de la magistrature\",\"Uget\"],\"articleSection\":[\"POLITIQUE\",\"Tunisie\"],\"inLanguage\":\"fr-FR\",\"potentialAction\":[{\"@type\":\"CommentAction\",\"name\":\"Comment\",\"target\":[\"https:\/\/kapitalis.com\/tunisie\/2017\/03\/16\/ghazi-jeribi-defend-le-decret-relatif-a-lacces-a-linstitut-de-la-magistrature\/#respond\"]}]},{\"@type\":\"WebPage\",\"@id\":\"https:\/\/kapitalis.com\/tunisie\/2017\/03\/16\/ghazi-jeribi-defend-le-decret-relatif-a-lacces-a-linstitut-de-la-magistrature\/\",\"url\":\"https:\/\/kapitalis.com\/tunisie\/2017\/03\/16\/ghazi-jeribi-defend-le-decret-relatif-a-lacces-a-linstitut-de-la-magistrature\/\",\"name\":\"Ghazi Jeribi d\u00e9fend le d\u00e9cret relatif \u00e0 l\u2019acc\u00e8s \u00e0 l\u2019Institut de la magistrature - Kapitalis\",\"isPartOf\":{\"@id\":\"https:\/\/kapitalis.com\/tunisie\/#website\"},\"primaryImageOfPage\":{\"@id\":\"https:\/\/kapitalis.com\/tunisie\/2017\/03\/16\/ghazi-jeribi-defend-le-decret-relatif-a-lacces-a-linstitut-de-la-magistrature\/#primaryimage\"},\"image\":{\"@id\":\"https:\/\/kapitalis.com\/tunisie\/2017\/03\/16\/ghazi-jeribi-defend-le-decret-relatif-a-lacces-a-linstitut-de-la-magistrature\/#primaryimage\"},\"thumbnailUrl\":\"http:\/\/kapitalis.com\/tunisie\/wp-content\/uploads\/2016\/09\/Ghazi-Jeribi-et-Youssef-Chahed.jpg\",\"datePublished\":\"2017-03-16T07:30:44+00:00\",\"breadcrumb\":{\"@id\":\"https:\/\/kapitalis.com\/tunisie\/2017\/03\/16\/ghazi-jeribi-defend-le-decret-relatif-a-lacces-a-linstitut-de-la-magistrature\/#breadcrumb\"},\"inLanguage\":\"fr-FR\",\"potentialAction\":[{\"@type\":\"ReadAction\",\"target\":[\"https:\/\/kapitalis.com\/tunisie\/2017\/03\/16\/ghazi-jeribi-defend-le-decret-relatif-a-lacces-a-linstitut-de-la-magistrature\/\"]}]},{\"@type\":\"ImageObject\",\"inLanguage\":\"fr-FR\",\"@id\":\"https:\/\/kapitalis.com\/tunisie\/2017\/03\/16\/ghazi-jeribi-defend-le-decret-relatif-a-lacces-a-linstitut-de-la-magistrature\/#primaryimage\",\"url\":\"http:\/\/kapitalis.com\/tunisie\/wp-content\/uploads\/2016\/09\/Ghazi-Jeribi-et-Youssef-Chahed.jpg\",\"contentUrl\":\"http:\/\/kapitalis.com\/tunisie\/wp-content\/uploads\/2016\/09\/Ghazi-Jeribi-et-Youssef-Chahed.jpg\"},{\"@type\":\"BreadcrumbList\",\"@id\":\"https:\/\/kapitalis.com\/tunisie\/2017\/03\/16\/ghazi-jeribi-defend-le-decret-relatif-a-lacces-a-linstitut-de-la-magistrature\/#breadcrumb\",\"itemListElement\":[{\"@type\":\"ListItem\",\"position\":1,\"name\":\"Accueil\",\"item\":\"https:\/\/kapitalis.com\/tunisie\/\"},{\"@type\":\"ListItem\",\"position\":2,\"name\":\"Ghazi Jeribi d\u00e9fend le d\u00e9cret relatif \u00e0 l\u2019acc\u00e8s \u00e0 l\u2019Institut de la magistrature\"}]},{\"@type\":\"WebSite\",\"@id\":\"https:\/\/kapitalis.com\/tunisie\/#website\",\"url\":\"https:\/\/kapitalis.com\/tunisie\/\",\"name\":\"Kapitalis\",\"description\":\"L&#039;actualit\u00e9 en Tunisie et dans le monde\",\"publisher\":{\"@id\":\"https:\/\/kapitalis.com\/tunisie\/#organization\"},\"potentialAction\":[{\"@type\":\"SearchAction\",\"target\":{\"@type\":\"EntryPoint\",\"urlTemplate\":\"https:\/\/kapitalis.com\/tunisie\/?s={search_term_string}\"},\"query-input\":{\"@type\":\"PropertyValueSpecification\",\"valueRequired\":true,\"valueName\":\"search_term_string\"}}],\"inLanguage\":\"fr-FR\"},{\"@type\":\"Organization\",\"@id\":\"https:\/\/kapitalis.com\/tunisie\/#organization\",\"name\":\"Kapitalis\",\"url\":\"https:\/\/kapitalis.com\/tunisie\/\",\"logo\":{\"@type\":\"ImageObject\",\"inLanguage\":\"fr-FR\",\"@id\":\"https:\/\/kapitalis.com\/tunisie\/#\/schema\/logo\/image\/\",\"url\":\"https:\/\/kapitalis.com\/tunisie\/wp-content\/uploads\/2022\/05\/Kapitalis-big-size.png\",\"contentUrl\":\"https:\/\/kapitalis.com\/tunisie\/wp-content\/uploads\/2022\/05\/Kapitalis-big-size.png\",\"width\":5000,\"height\":1500,\"caption\":\"Kapitalis\"},\"image\":{\"@id\":\"https:\/\/kapitalis.com\/tunisie\/#\/schema\/logo\/image\/\"},\"sameAs\":[\"https:\/\/www.facebook.com\/KapitalisInfo\/\",\"https:\/\/x.com\/KapitalisInfo\",\"https:\/\/www.youtube.com\/channel\/UC-yDYrHyfFBWWZaOw3FPg9Q\"]},{\"@type\":\"Person\",\"@id\":\"https:\/\/kapitalis.com\/tunisie\/#\/schema\/person\/d71f33a9ca44f7bad4698210b480c8e9\",\"name\":\"webmaster kapitalis\",\"url\":\"https:\/\/kapitalis.com\/tunisie\/author\/webmaster-kapitalis\/\"}]}<\/script>\n<!-- \/ Yoast SEO plugin. -->","yoast_head_json":{"title":"Ghazi Jeribi d\u00e9fend le d\u00e9cret relatif \u00e0 l\u2019acc\u00e8s \u00e0 l\u2019Institut de la magistrature - Kapitalis","robots":{"index":"index","follow":"follow","max-snippet":"max-snippet:-1","max-image-preview":"max-image-preview:large","max-video-preview":"max-video-preview:-1"},"canonical":"https:\/\/kapitalis.com\/tunisie\/2017\/03\/16\/ghazi-jeribi-defend-le-decret-relatif-a-lacces-a-linstitut-de-la-magistrature\/","og_locale":"fr_FR","og_type":"article","og_title":"Ghazi Jeribi d\u00e9fend le d\u00e9cret relatif \u00e0 l\u2019acc\u00e8s \u00e0 l\u2019Institut de la magistrature - Kapitalis","og_description":"Ghazi Jeribi et Youssef Chahed. Le d\u00e9cret gouvernemental 345 relatif \u00e0 l\u2019acc\u00e8s \u00e0 l\u2019Institut sup\u00e9rieur de la magistrature (ISM) vise \u00e0 am\u00e9liorer le niveau scientifique des futurs magistrats.","og_url":"https:\/\/kapitalis.com\/tunisie\/2017\/03\/16\/ghazi-jeribi-defend-le-decret-relatif-a-lacces-a-linstitut-de-la-magistrature\/","og_site_name":"Kapitalis","article_publisher":"https:\/\/www.facebook.com\/KapitalisInfo\/","article_published_time":"2017-03-16T07:30:44+00:00","og_image":[{"url":"http:\/\/kapitalis.com\/tunisie\/wp-content\/uploads\/2016\/09\/Ghazi-Jeribi-et-Youssef-Chahed.jpg","type":"","width":"","height":""}],"author":"webmaster kapitalis","twitter_card":"summary_large_image","twitter_creator":"@KapitalisInfo","twitter_site":"@KapitalisInfo","twitter_misc":{"\u00c9crit par":"webmaster kapitalis","Dur\u00e9e de lecture estim\u00e9e":"2 minutes"},"schema":{"@context":"https:\/\/schema.org","@graph":[{"@type":"Article","@id":"https:\/\/kapitalis.com\/tunisie\/2017\/03\/16\/ghazi-jeribi-defend-le-decret-relatif-a-lacces-a-linstitut-de-la-magistrature\/#article","isPartOf":{"@id":"https:\/\/kapitalis.com\/tunisie\/2017\/03\/16\/ghazi-jeribi-defend-le-decret-relatif-a-lacces-a-linstitut-de-la-magistrature\/"},"author":{"name":"webmaster kapitalis","@id":"https:\/\/kapitalis.com\/tunisie\/#\/schema\/person\/d71f33a9ca44f7bad4698210b480c8e9"},"headline":"Ghazi Jeribi d\u00e9fend le d\u00e9cret relatif \u00e0 l\u2019acc\u00e8s \u00e0 l\u2019Institut de la magistrature","datePublished":"2017-03-16T07:30:44+00:00","mainEntityOfPage":{"@id":"https:\/\/kapitalis.com\/tunisie\/2017\/03\/16\/ghazi-jeribi-defend-le-decret-relatif-a-lacces-a-linstitut-de-la-magistrature\/"},"wordCount":426,"commentCount":0,"publisher":{"@id":"https:\/\/kapitalis.com\/tunisie\/#organization"},"image":{"@id":"https:\/\/kapitalis.com\/tunisie\/2017\/03\/16\/ghazi-jeribi-defend-le-decret-relatif-a-lacces-a-linstitut-de-la-magistrature\/#primaryimage"},"thumbnailUrl":"http:\/\/kapitalis.com\/tunisie\/wp-content\/uploads\/2016\/09\/Ghazi-Jeribi-et-Youssef-Chahed.jpg","keywords":["conseil sup\u00e9rieur de la magistrature","El-Manar","Ghazi Jeribi","Institut sup\u00e9rieur de la magistrature","Uget"],"articleSection":["POLITIQUE","Tunisie"],"inLanguage":"fr-FR","potentialAction":[{"@type":"CommentAction","name":"Comment","target":["https:\/\/kapitalis.com\/tunisie\/2017\/03\/16\/ghazi-jeribi-defend-le-decret-relatif-a-lacces-a-linstitut-de-la-magistrature\/#respond"]}]},{"@type":"WebPage","@id":"https:\/\/kapitalis.com\/tunisie\/2017\/03\/16\/ghazi-jeribi-defend-le-decret-relatif-a-lacces-a-linstitut-de-la-magistrature\/","url":"https:\/\/kapitalis.com\/tunisie\/2017\/03\/16\/ghazi-jeribi-defend-le-decret-relatif-a-lacces-a-linstitut-de-la-magistrature\/","name":"Ghazi Jeribi d\u00e9fend le d\u00e9cret relatif \u00e0 l\u2019acc\u00e8s \u00e0 l\u2019Institut de la magistrature - Kapitalis","isPartOf":{"@id":"https:\/\/kapitalis.com\/tunisie\/#website"},"primaryImageOfPage":{"@id":"https:\/\/kapitalis.com\/tunisie\/2017\/03\/16\/ghazi-jeribi-defend-le-decret-relatif-a-lacces-a-linstitut-de-la-magistrature\/#primaryimage"},"image":{"@id":"https:\/\/kapitalis.com\/tunisie\/2017\/03\/16\/ghazi-jeribi-defend-le-decret-relatif-a-lacces-a-linstitut-de-la-magistrature\/#primaryimage"},"thumbnailUrl":"http:\/\/kapitalis.com\/tunisie\/wp-content\/uploads\/2016\/09\/Ghazi-Jeribi-et-Youssef-Chahed.jpg","datePublished":"2017-03-16T07:30:44+00:00","breadcrumb":{"@id":"https:\/\/kapitalis.com\/tunisie\/2017\/03\/16\/ghazi-jeribi-defend-le-decret-relatif-a-lacces-a-linstitut-de-la-magistrature\/#breadcrumb"},"inLanguage":"fr-FR","potentialAction":[{"@type":"ReadAction","target":["https:\/\/kapitalis.com\/tunisie\/2017\/03\/16\/ghazi-jeribi-defend-le-decret-relatif-a-lacces-a-linstitut-de-la-magistrature\/"]}]},{"@type":"ImageObject","inLanguage":"fr-FR","@id":"https:\/\/kapitalis.com\/tunisie\/2017\/03\/16\/ghazi-jeribi-defend-le-decret-relatif-a-lacces-a-linstitut-de-la-magistrature\/#primaryimage","url":"http:\/\/kapitalis.com\/tunisie\/wp-content\/uploads\/2016\/09\/Ghazi-Jeribi-et-Youssef-Chahed.jpg","contentUrl":"http:\/\/kapitalis.com\/tunisie\/wp-content\/uploads\/2016\/09\/Ghazi-Jeribi-et-Youssef-Chahed.jpg"},{"@type":"BreadcrumbList","@id":"https:\/\/kapitalis.com\/tunisie\/2017\/03\/16\/ghazi-jeribi-defend-le-decret-relatif-a-lacces-a-linstitut-de-la-magistrature\/#breadcrumb","itemListElement":[{"@type":"ListItem","position":1,"name":"Accueil","item":"https:\/\/kapitalis.com\/tunisie\/"},{"@type":"ListItem","position":2,"name":"Ghazi Jeribi d\u00e9fend le d\u00e9cret relatif \u00e0 l\u2019acc\u00e8s \u00e0 l\u2019Institut de la magistrature"}]},{"@type":"WebSite","@id":"https:\/\/kapitalis.com\/tunisie\/#website","url":"https:\/\/kapitalis.com\/tunisie\/","name":"Kapitalis","description":"L&#039;actualit\u00e9 en Tunisie et dans le monde","publisher":{"@id":"https:\/\/kapitalis.com\/tunisie\/#organization"},"potentialAction":[{"@type":"SearchAction","target":{"@type":"EntryPoint","urlTemplate":"https:\/\/kapitalis.com\/tunisie\/?s={search_term_string}"},"query-input":{"@type":"PropertyValueSpecification","valueRequired":true,"valueName":"search_term_string"}}],"inLanguage":"fr-FR"},{"@type":"Organization","@id":"https:\/\/kapitalis.com\/tunisie\/#organization","name":"Kapitalis","url":"https:\/\/kapitalis.com\/tunisie\/","logo":{"@type":"ImageObject","inLanguage":"fr-FR","@id":"https:\/\/kapitalis.com\/tunisie\/#\/schema\/logo\/image\/","url":"https:\/\/kapitalis.com\/tunisie\/wp-content\/uploads\/2022\/05\/Kapitalis-big-size.png","contentUrl":"https:\/\/kapitalis.com\/tunisie\/wp-content\/uploads\/2022\/05\/Kapitalis-big-size.png","width":5000,"height":1500,"caption":"Kapitalis"},"image":{"@id":"https:\/\/kapitalis.com\/tunisie\/#\/schema\/logo\/image\/"},"sameAs":["https:\/\/www.facebook.com\/KapitalisInfo\/","https:\/\/x.com\/KapitalisInfo","https:\/\/www.youtube.com\/channel\/UC-yDYrHyfFBWWZaOw3FPg9Q"]},{"@type":"Person","@id":"https:\/\/kapitalis.com\/tunisie\/#\/schema\/person\/d71f33a9ca44f7bad4698210b480c8e9","name":"webmaster kapitalis","url":"https:\/\/kapitalis.com\/tunisie\/author\/webmaster-kapitalis\/"}]}},"_links":{"self":[{"href":"https:\/\/kapitalis.com\/tunisie\/wp-json\/wp\/v2\/posts\/87125","targetHints":{"allow":["GET"]}}],"collection":[{"href":"https:\/\/kapitalis.com\/tunisie\/wp-json\/wp\/v2\/posts"}],"about":[{"href":"https:\/\/kapitalis.com\/tunisie\/wp-json\/wp\/v2\/types\/post"}],"author":[{"embeddable":true,"href":"https:\/\/kapitalis.com\/tunisie\/wp-json\/wp\/v2\/users\/8"}],"replies":[{"embeddable":true,"href":"https:\/\/kapitalis.com\/tunisie\/wp-json\/wp\/v2\/comments?post=87125"}],"version-history":[{"count":0,"href":"https:\/\/kapitalis.com\/tunisie\/wp-json\/wp\/v2\/posts\/87125\/revisions"}],"wp:attachment":[{"href":"https:\/\/kapitalis.com\/tunisie\/wp-json\/wp\/v2\/media?parent=87125"}],"wp:term":[{"taxonomy":"category","embeddable":true,"href":"https:\/\/kapitalis.com\/tunisie\/wp-json\/wp\/v2\/categories?post=87125"},{"taxonomy":"post_tag","embeddable":true,"href":"https:\/\/kapitalis.com\/tunisie\/wp-json\/wp\/v2\/tags?post=87125"}],"curies":[{"name":"wp","href":"https:\/\/api.w.org\/{rel}","templated":true}]}}