{"id":87149,"date":"2017-03-16T11:11:20","date_gmt":"2017-03-16T10:11:20","guid":{"rendered":"http:\/\/kapitalis.com\/tunisie\/?p=87149"},"modified":"2017-03-16T11:17:12","modified_gmt":"2017-03-16T10:17:12","slug":"gabes-le-frere-dune-juge-devant-le-pole-judiciaire-antiterroriste","status":"publish","type":"post","link":"https:\/\/kapitalis.com\/tunisie\/2017\/03\/16\/gabes-le-frere-dune-juge-devant-le-pole-judiciaire-antiterroriste\/","title":{"rendered":"Gab\u00e8s : Le fr\u00e8re d\u2019une juge devant le p\u00f4le judiciaire antiterroriste"},"content":{"rendered":"<p style=\"text-align: center;\"><img loading=\"lazy\" decoding=\"async\" class=\"alignnone size-full wp-image-62638\" src=\"http:\/\/kapitalis.com\/tunisie\/wp-content\/uploads\/2016\/08\/Arrestation-extr\u00e9miste-religieux.jpg\" alt=\"\" width=\"626\" height=\"380\" \/><\/p>\n<p><em><strong>La police a r\u00e9cemment arr\u00eat\u00e9, \u00e0 Gab\u00e8s, un terroriste pr\u00e9sum\u00e9 en possession de plus de 75.000 dinars. Sa s\u0153ur a\u00een\u00e9e est juge.<\/strong><\/em><\/p>\n<p><!--more--><\/p>\n<p>Une source a indiqu\u00e9 \u00e0 Kapitalis que l\u2019arrestation, fin f\u00e9vrier, \u00e0\u00a0Gab\u00e8s, d\u2019un\u00a0 terroriste pr\u00e9sum\u00e9 a r\u00e9v\u00e9l\u00e9 une possible liaison du suspect, un extr\u00e9miste religieux \u00e2g\u00e9 de 33 ans, avec une cellule terroriste.<\/p>\n<p>Des investigations ont \u00e9t\u00e9 men\u00e9es par la police antiterroriste et une descente effectu\u00e9e au domicile du concern\u00e9, o\u00f9\u00a0les agents ont saisi une somme d\u2019argent dont l\u2019extr\u00e9miste n\u2019a pas pu justifier la provenance.<\/p>\n<p>Maintenu en d\u00e9tention, il sera transf\u00e9r\u00e9, aujourd\u2019hui, jeudi 16 mars 2017, au p\u00f4le judiciaire antiterroriste, \u00e0 Tunis.<\/p>\n<p>Notons que la s\u0153ur du suspect\u00a0est une juge connue dans la r\u00e9gion. Elle a, \u00e9galement, une s\u0153ur extr\u00e9miste religieuse et qui porte le niqab. Bien entendu, elle n&rsquo;est, en aucune mani\u00e8re, responsable des\u00a0choix de son fr\u00e8re et de sa soeur. En tout cas pour le moment&#8230;<\/p>\n<p style=\"text-align: right;\"><strong>Y. N.<\/strong><\/p>\n","protected":false},"excerpt":{"rendered":"<p>La police a r\u00e9cemment arr\u00eat\u00e9, \u00e0 Gab\u00e8s, un terroriste pr\u00e9sum\u00e9 en possession de plus de 75.000 dinars. Sa s\u0153ur a\u00een\u00e9e est juge.<\/p>\n","protected":false},"author":6,"featured_media":0,"comment_status":"open","ping_status":"open","sticky":false,"template":"","format":"standard","meta":{"footnotes":""},"categories":[998,2433],"tags":[1415,5520,1179,406,521,2239,21473],"class_list":["post-87149","post","type-post","status-publish","format-standard","hentry","category-societe","category-tunisie","tag-cellule-terroriste","tag-extremiste","tag-extremiste-religieux","tag-gabes","tag-juge","tag-niqab","tag-pole-judiciaire-antiterroriste"],"yoast_head":"<!-- This site is optimized with the Yoast SEO plugin v26.6 - https:\/\/yoast.com\/wordpress\/plugins\/seo\/ -->\n<title>Gab\u00e8s : Le fr\u00e8re d\u2019une juge devant le p\u00f4le judiciaire antiterroriste - Kapitalis<\/title>\n<meta name=\"robots\" content=\"index, follow, max-snippet:-1, max-image-preview:large, max-video-preview:-1\" \/>\n<link rel=\"canonical\" href=\"https:\/\/kapitalis.com\/tunisie\/2017\/03\/16\/gabes-le-frere-dune-juge-devant-le-pole-judiciaire-antiterroriste\/\" \/>\n<meta property=\"og:locale\" content=\"fr_FR\" \/>\n<meta property=\"og:type\" content=\"article\" \/>\n<meta property=\"og:title\" content=\"Gab\u00e8s : Le fr\u00e8re d\u2019une juge devant le p\u00f4le judiciaire antiterroriste - Kapitalis\" \/>\n<meta property=\"og:description\" content=\"La police a r\u00e9cemment arr\u00eat\u00e9, \u00e0 Gab\u00e8s, un terroriste pr\u00e9sum\u00e9 en possession de plus de 75.000 dinars. Sa s\u0153ur a\u00een\u00e9e est juge.\" \/>\n<meta property=\"og:url\" content=\"https:\/\/kapitalis.com\/tunisie\/2017\/03\/16\/gabes-le-frere-dune-juge-devant-le-pole-judiciaire-antiterroriste\/\" \/>\n<meta property=\"og:site_name\" content=\"Kapitalis\" \/>\n<meta property=\"article:publisher\" content=\"https:\/\/www.facebook.com\/KapitalisInfo\/\" \/>\n<meta property=\"article:published_time\" content=\"2017-03-16T10:11:20+00:00\" \/>\n<meta property=\"article:modified_time\" content=\"2017-03-16T10:17:12+00:00\" \/>\n<meta property=\"og:image\" content=\"https:\/\/kapitalis.com\/tunisie\/wp-content\/uploads\/2022\/05\/kapitalis-logo-fb.png\" \/>\n\t<meta property=\"og:image:width\" content=\"1200\" \/>\n\t<meta property=\"og:image:height\" content=\"630\" \/>\n\t<meta property=\"og:image:type\" content=\"image\/png\" \/>\n<meta name=\"author\" content=\"Yusra NY\" \/>\n<meta name=\"twitter:card\" content=\"summary_large_image\" \/>\n<meta name=\"twitter:creator\" content=\"@KapitalisInfo\" \/>\n<meta name=\"twitter:site\" content=\"@KapitalisInfo\" \/>\n<meta name=\"twitter:label1\" content=\"\u00c9crit par\" \/>\n\t<meta name=\"twitter:data1\" content=\"Yusra NY\" \/>\n\t<meta name=\"twitter:label2\" content=\"Dur\u00e9e de lecture estim\u00e9e\" \/>\n\t<meta name=\"twitter:data2\" content=\"1 minute\" \/>\n<script type=\"application\/ld+json\" class=\"yoast-schema-graph\">{\"@context\":\"https:\/\/schema.org\",\"@graph\":[{\"@type\":\"Article\",\"@id\":\"https:\/\/kapitalis.com\/tunisie\/2017\/03\/16\/gabes-le-frere-dune-juge-devant-le-pole-judiciaire-antiterroriste\/#article\",\"isPartOf\":{\"@id\":\"https:\/\/kapitalis.com\/tunisie\/2017\/03\/16\/gabes-le-frere-dune-juge-devant-le-pole-judiciaire-antiterroriste\/\"},\"author\":{\"name\":\"Yusra NY\",\"@id\":\"https:\/\/kapitalis.com\/tunisie\/#\/schema\/person\/74bbde0154d49d790a92aaeac5bc01d5\"},\"headline\":\"Gab\u00e8s : Le fr\u00e8re d\u2019une juge devant le p\u00f4le judiciaire antiterroriste\",\"datePublished\":\"2017-03-16T10:11:20+00:00\",\"dateModified\":\"2017-03-16T10:17:12+00:00\",\"mainEntityOfPage\":{\"@id\":\"https:\/\/kapitalis.com\/tunisie\/2017\/03\/16\/gabes-le-frere-dune-juge-devant-le-pole-judiciaire-antiterroriste\/\"},\"wordCount\":192,\"commentCount\":0,\"publisher\":{\"@id\":\"https:\/\/kapitalis.com\/tunisie\/#organization\"},\"keywords\":[\"cellule terroriste\",\"extr\u00e9miste\",\"extr\u00e9miste religieux\",\"Gab\u00e8s\",\"juge\",\"niqab\",\"P\u00f4le judiciaire antiterroriste\"],\"articleSection\":[\"SOCIETE\",\"Tunisie\"],\"inLanguage\":\"fr-FR\",\"potentialAction\":[{\"@type\":\"CommentAction\",\"name\":\"Comment\",\"target\":[\"https:\/\/kapitalis.com\/tunisie\/2017\/03\/16\/gabes-le-frere-dune-juge-devant-le-pole-judiciaire-antiterroriste\/#respond\"]}]},{\"@type\":\"WebPage\",\"@id\":\"https:\/\/kapitalis.com\/tunisie\/2017\/03\/16\/gabes-le-frere-dune-juge-devant-le-pole-judiciaire-antiterroriste\/\",\"url\":\"https:\/\/kapitalis.com\/tunisie\/2017\/03\/16\/gabes-le-frere-dune-juge-devant-le-pole-judiciaire-antiterroriste\/\",\"name\":\"Gab\u00e8s : Le fr\u00e8re d\u2019une juge devant le p\u00f4le judiciaire antiterroriste - Kapitalis\",\"isPartOf\":{\"@id\":\"https:\/\/kapitalis.com\/tunisie\/#website\"},\"datePublished\":\"2017-03-16T10:11:20+00:00\",\"dateModified\":\"2017-03-16T10:17:12+00:00\",\"breadcrumb\":{\"@id\":\"https:\/\/kapitalis.com\/tunisie\/2017\/03\/16\/gabes-le-frere-dune-juge-devant-le-pole-judiciaire-antiterroriste\/#breadcrumb\"},\"inLanguage\":\"fr-FR\",\"potentialAction\":[{\"@type\":\"ReadAction\",\"target\":[\"https:\/\/kapitalis.com\/tunisie\/2017\/03\/16\/gabes-le-frere-dune-juge-devant-le-pole-judiciaire-antiterroriste\/\"]}]},{\"@type\":\"BreadcrumbList\",\"@id\":\"https:\/\/kapitalis.com\/tunisie\/2017\/03\/16\/gabes-le-frere-dune-juge-devant-le-pole-judiciaire-antiterroriste\/#breadcrumb\",\"itemListElement\":[{\"@type\":\"ListItem\",\"position\":1,\"name\":\"Accueil\",\"item\":\"https:\/\/kapitalis.com\/tunisie\/\"},{\"@type\":\"ListItem\",\"position\":2,\"name\":\"Gab\u00e8s : Le fr\u00e8re d\u2019une juge devant le p\u00f4le judiciaire antiterroriste\"}]},{\"@type\":\"WebSite\",\"@id\":\"https:\/\/kapitalis.com\/tunisie\/#website\",\"url\":\"https:\/\/kapitalis.com\/tunisie\/\",\"name\":\"Kapitalis\",\"description\":\"L&#039;actualit\u00e9 en Tunisie et dans le monde\",\"publisher\":{\"@id\":\"https:\/\/kapitalis.com\/tunisie\/#organization\"},\"potentialAction\":[{\"@type\":\"SearchAction\",\"target\":{\"@type\":\"EntryPoint\",\"urlTemplate\":\"https:\/\/kapitalis.com\/tunisie\/?s={search_term_string}\"},\"query-input\":{\"@type\":\"PropertyValueSpecification\",\"valueRequired\":true,\"valueName\":\"search_term_string\"}}],\"inLanguage\":\"fr-FR\"},{\"@type\":\"Organization\",\"@id\":\"https:\/\/kapitalis.com\/tunisie\/#organization\",\"name\":\"Kapitalis\",\"url\":\"https:\/\/kapitalis.com\/tunisie\/\",\"logo\":{\"@type\":\"ImageObject\",\"inLanguage\":\"fr-FR\",\"@id\":\"https:\/\/kapitalis.com\/tunisie\/#\/schema\/logo\/image\/\",\"url\":\"https:\/\/kapitalis.com\/tunisie\/wp-content\/uploads\/2022\/05\/Kapitalis-big-size.png\",\"contentUrl\":\"https:\/\/kapitalis.com\/tunisie\/wp-content\/uploads\/2022\/05\/Kapitalis-big-size.png\",\"width\":5000,\"height\":1500,\"caption\":\"Kapitalis\"},\"image\":{\"@id\":\"https:\/\/kapitalis.com\/tunisie\/#\/schema\/logo\/image\/\"},\"sameAs\":[\"https:\/\/www.facebook.com\/KapitalisInfo\/\",\"https:\/\/x.com\/KapitalisInfo\",\"https:\/\/www.youtube.com\/channel\/UC-yDYrHyfFBWWZaOw3FPg9Q\"]},{\"@type\":\"Person\",\"@id\":\"https:\/\/kapitalis.com\/tunisie\/#\/schema\/person\/74bbde0154d49d790a92aaeac5bc01d5\",\"name\":\"Yusra NY\",\"url\":\"https:\/\/kapitalis.com\/tunisie\/author\/yuza_adam\/\"}]}<\/script>\n<!-- \/ Yoast SEO plugin. -->","yoast_head_json":{"title":"Gab\u00e8s : Le fr\u00e8re d\u2019une juge devant le p\u00f4le judiciaire antiterroriste - Kapitalis","robots":{"index":"index","follow":"follow","max-snippet":"max-snippet:-1","max-image-preview":"max-image-preview:large","max-video-preview":"max-video-preview:-1"},"canonical":"https:\/\/kapitalis.com\/tunisie\/2017\/03\/16\/gabes-le-frere-dune-juge-devant-le-pole-judiciaire-antiterroriste\/","og_locale":"fr_FR","og_type":"article","og_title":"Gab\u00e8s : Le fr\u00e8re d\u2019une juge devant le p\u00f4le judiciaire antiterroriste - Kapitalis","og_description":"La police a r\u00e9cemment arr\u00eat\u00e9, \u00e0 Gab\u00e8s, un terroriste pr\u00e9sum\u00e9 en possession de plus de 75.000 dinars. Sa s\u0153ur a\u00een\u00e9e est juge.","og_url":"https:\/\/kapitalis.com\/tunisie\/2017\/03\/16\/gabes-le-frere-dune-juge-devant-le-pole-judiciaire-antiterroriste\/","og_site_name":"Kapitalis","article_publisher":"https:\/\/www.facebook.com\/KapitalisInfo\/","article_published_time":"2017-03-16T10:11:20+00:00","article_modified_time":"2017-03-16T10:17:12+00:00","og_image":[{"width":1200,"height":630,"url":"https:\/\/kapitalis.com\/tunisie\/wp-content\/uploads\/2022\/05\/kapitalis-logo-fb.png","type":"image\/png"}],"author":"Yusra NY","twitter_card":"summary_large_image","twitter_creator":"@KapitalisInfo","twitter_site":"@KapitalisInfo","twitter_misc":{"\u00c9crit par":"Yusra NY","Dur\u00e9e de lecture estim\u00e9e":"1 minute"},"schema":{"@context":"https:\/\/schema.org","@graph":[{"@type":"Article","@id":"https:\/\/kapitalis.com\/tunisie\/2017\/03\/16\/gabes-le-frere-dune-juge-devant-le-pole-judiciaire-antiterroriste\/#article","isPartOf":{"@id":"https:\/\/kapitalis.com\/tunisie\/2017\/03\/16\/gabes-le-frere-dune-juge-devant-le-pole-judiciaire-antiterroriste\/"},"author":{"name":"Yusra NY","@id":"https:\/\/kapitalis.com\/tunisie\/#\/schema\/person\/74bbde0154d49d790a92aaeac5bc01d5"},"headline":"Gab\u00e8s : Le fr\u00e8re d\u2019une juge devant le p\u00f4le judiciaire antiterroriste","datePublished":"2017-03-16T10:11:20+00:00","dateModified":"2017-03-16T10:17:12+00:00","mainEntityOfPage":{"@id":"https:\/\/kapitalis.com\/tunisie\/2017\/03\/16\/gabes-le-frere-dune-juge-devant-le-pole-judiciaire-antiterroriste\/"},"wordCount":192,"commentCount":0,"publisher":{"@id":"https:\/\/kapitalis.com\/tunisie\/#organization"},"keywords":["cellule terroriste","extr\u00e9miste","extr\u00e9miste religieux","Gab\u00e8s","juge","niqab","P\u00f4le judiciaire antiterroriste"],"articleSection":["SOCIETE","Tunisie"],"inLanguage":"fr-FR","potentialAction":[{"@type":"CommentAction","name":"Comment","target":["https:\/\/kapitalis.com\/tunisie\/2017\/03\/16\/gabes-le-frere-dune-juge-devant-le-pole-judiciaire-antiterroriste\/#respond"]}]},{"@type":"WebPage","@id":"https:\/\/kapitalis.com\/tunisie\/2017\/03\/16\/gabes-le-frere-dune-juge-devant-le-pole-judiciaire-antiterroriste\/","url":"https:\/\/kapitalis.com\/tunisie\/2017\/03\/16\/gabes-le-frere-dune-juge-devant-le-pole-judiciaire-antiterroriste\/","name":"Gab\u00e8s : Le fr\u00e8re d\u2019une juge devant le p\u00f4le judiciaire antiterroriste - Kapitalis","isPartOf":{"@id":"https:\/\/kapitalis.com\/tunisie\/#website"},"datePublished":"2017-03-16T10:11:20+00:00","dateModified":"2017-03-16T10:17:12+00:00","breadcrumb":{"@id":"https:\/\/kapitalis.com\/tunisie\/2017\/03\/16\/gabes-le-frere-dune-juge-devant-le-pole-judiciaire-antiterroriste\/#breadcrumb"},"inLanguage":"fr-FR","potentialAction":[{"@type":"ReadAction","target":["https:\/\/kapitalis.com\/tunisie\/2017\/03\/16\/gabes-le-frere-dune-juge-devant-le-pole-judiciaire-antiterroriste\/"]}]},{"@type":"BreadcrumbList","@id":"https:\/\/kapitalis.com\/tunisie\/2017\/03\/16\/gabes-le-frere-dune-juge-devant-le-pole-judiciaire-antiterroriste\/#breadcrumb","itemListElement":[{"@type":"ListItem","position":1,"name":"Accueil","item":"https:\/\/kapitalis.com\/tunisie\/"},{"@type":"ListItem","position":2,"name":"Gab\u00e8s : Le fr\u00e8re d\u2019une juge devant le p\u00f4le judiciaire antiterroriste"}]},{"@type":"WebSite","@id":"https:\/\/kapitalis.com\/tunisie\/#website","url":"https:\/\/kapitalis.com\/tunisie\/","name":"Kapitalis","description":"L&#039;actualit\u00e9 en Tunisie et dans le monde","publisher":{"@id":"https:\/\/kapitalis.com\/tunisie\/#organization"},"potentialAction":[{"@type":"SearchAction","target":{"@type":"EntryPoint","urlTemplate":"https:\/\/kapitalis.com\/tunisie\/?s={search_term_string}"},"query-input":{"@type":"PropertyValueSpecification","valueRequired":true,"valueName":"search_term_string"}}],"inLanguage":"fr-FR"},{"@type":"Organization","@id":"https:\/\/kapitalis.com\/tunisie\/#organization","name":"Kapitalis","url":"https:\/\/kapitalis.com\/tunisie\/","logo":{"@type":"ImageObject","inLanguage":"fr-FR","@id":"https:\/\/kapitalis.com\/tunisie\/#\/schema\/logo\/image\/","url":"https:\/\/kapitalis.com\/tunisie\/wp-content\/uploads\/2022\/05\/Kapitalis-big-size.png","contentUrl":"https:\/\/kapitalis.com\/tunisie\/wp-content\/uploads\/2022\/05\/Kapitalis-big-size.png","width":5000,"height":1500,"caption":"Kapitalis"},"image":{"@id":"https:\/\/kapitalis.com\/tunisie\/#\/schema\/logo\/image\/"},"sameAs":["https:\/\/www.facebook.com\/KapitalisInfo\/","https:\/\/x.com\/KapitalisInfo","https:\/\/www.youtube.com\/channel\/UC-yDYrHyfFBWWZaOw3FPg9Q"]},{"@type":"Person","@id":"https:\/\/kapitalis.com\/tunisie\/#\/schema\/person\/74bbde0154d49d790a92aaeac5bc01d5","name":"Yusra NY","url":"https:\/\/kapitalis.com\/tunisie\/author\/yuza_adam\/"}]}},"_links":{"self":[{"href":"https:\/\/kapitalis.com\/tunisie\/wp-json\/wp\/v2\/posts\/87149","targetHints":{"allow":["GET"]}}],"collection":[{"href":"https:\/\/kapitalis.com\/tunisie\/wp-json\/wp\/v2\/posts"}],"about":[{"href":"https:\/\/kapitalis.com\/tunisie\/wp-json\/wp\/v2\/types\/post"}],"author":[{"embeddable":true,"href":"https:\/\/kapitalis.com\/tunisie\/wp-json\/wp\/v2\/users\/6"}],"replies":[{"embeddable":true,"href":"https:\/\/kapitalis.com\/tunisie\/wp-json\/wp\/v2\/comments?post=87149"}],"version-history":[{"count":0,"href":"https:\/\/kapitalis.com\/tunisie\/wp-json\/wp\/v2\/posts\/87149\/revisions"}],"wp:attachment":[{"href":"https:\/\/kapitalis.com\/tunisie\/wp-json\/wp\/v2\/media?parent=87149"}],"wp:term":[{"taxonomy":"category","embeddable":true,"href":"https:\/\/kapitalis.com\/tunisie\/wp-json\/wp\/v2\/categories?post=87149"},{"taxonomy":"post_tag","embeddable":true,"href":"https:\/\/kapitalis.com\/tunisie\/wp-json\/wp\/v2\/tags?post=87149"}],"curies":[{"name":"wp","href":"https:\/\/api.w.org\/{rel}","templated":true}]}}