{"id":8725082,"date":"2023-07-09T10:59:16","date_gmt":"2023-07-09T09:59:16","guid":{"rendered":"https:\/\/kapitalis.com\/tunisie\/?p=8725082"},"modified":"2023-07-09T10:59:18","modified_gmt":"2023-07-09T09:59:18","slug":"tunisie-la-crise-de-leducation-se-politise-et-senlise","status":"publish","type":"post","link":"https:\/\/kapitalis.com\/tunisie\/2023\/07\/09\/tunisie-la-crise-de-leducation-se-politise-et-senlise\/","title":{"rendered":"Tunisie\u00a0: la crise de l\u2019\u00e9ducation se politise et s\u2019enlise"},"content":{"rendered":"\n<p><strong><em>La crise de l\u2019enseignement de base semble devoir durer en raison de l\u2019intransigeance du ministre de l\u2019Education et son refus de r\u00e9pondre aux revendications de la F\u00e9d\u00e9ration g\u00e9n\u00e9rale de l\u2019enseignement de base relevant de l\u2019Union g\u00e9n\u00e9rale tunisienne du Travail (UGTT).<\/em><\/strong> <strong><em>L&rsquo;aggravation des tensions donne un caract\u00e8re \u00e9minemment politique \u00e0 une crise qui aurait pu (et d\u00fb) rester purement syndicale.<\/em><\/strong><\/p>\n\n\n\n<p>Par<strong> Imed Bahri<\/strong><\/p>\n\n\n\n<!--more-->\n\n\n\n<p>Alors qu\u2019un grand nombre d\u2019enseignants maintiennent leur refus de livrer les notes des \u00e9l\u00e8ves \u00e0 la direction de l&rsquo;\u00e9cole, en guise de protestation contre le refus de l\u2019administration de satisfaire leurs revendications et d\u2019appliquer les accords anciennement conclus&#8230;, et alors que le ministre de l\u2019Education reste sur une position de refus de dialogue en mena\u00e7ant les protestataires de repr\u00e9sailles, de nombreux \u00e9ducateurs se disent d\u00e9termin\u00e9s \u00e0 aller jusqu\u2019au bout de leur mouvement quoi qu\u2019il en co\u00fbte.<\/p>\n\n\n\n<p>Souhoul Souii, membre du syndicat r\u00e9gional de l\u2019enseignement de base \u00e0 Nabeul, a d\u00e9clar\u00e9 que la r\u00e9union tenue samedi 8 juillet au si\u00e8ge de l\u2019Union r\u00e9gionale du travail a d\u00e9cid\u00e9 d\u2019observer des sit-in ouverts devant les d\u00e9l\u00e9gations r\u00e9gionales de l\u2019\u00e9ducation \u00e0 partir du lundi 10 juillet. <\/p>\n\n\n\n<p>Par ailleurs, une cinquantaine de directeurs d\u2019\u00e9coles ont pr\u00e9sent\u00e9 leur d\u00e9mission pour protester contre le traitement r\u00e9serv\u00e9 par le minist\u00e8re de l\u2019Education aux revendications des enseignants et \u00e0 la crise de l\u2019\u00e9ducation d\u2019une fa\u00e7on g\u00e9n\u00e9rale. <\/p>\n\n\n\n<h2 class=\"wp-block-heading\">L&rsquo;escalade se poursuit <\/h2>\n\n\n\n<p>Dans une d\u00e9claration \u00e0 <a href=\"https:\/\/www.mosaiquefm.net\/ar\/%D8%AA%D9%88%D9%86%D8%B3-%D8%A3%D8%AE%D8%A8%D8%A7%D8%B1-%D9%88%D8%B7%D9%86%D9%8A%D8%A9\/1176854\/%D8%A7%D9%84%D9%87%D9%88%D8%A7%D8%B4%D9%8A-%D9%88%D8%B2%D8%A7%D8%B1%D8%A9-%D8%A7%D9%84%D8%AA%D8%B1%D8%A8%D9%8A%D8%A9-%D8%AA%D8%B9%D9%85%D9%84-%D8%B9%D9%84%D9%89-%D8%B6%D8%B1%D8%A8-%D9%83%D9%84-%D8%A3%D9%86%D9%88%D8%A7%D8%B9-%D8%A7%D9%84%D8%AD%D8%B1%D8%A7%D9%83-%D8%A7%D9%84%D8%A7%D8%AC%D8%AA%D9%85%D8%A7%D8%B9%D9%8A\" target=\"_blank\" rel=\"noreferrer noopener\">Mosa\u00efque FM<\/a>, Souii a annonc\u00e9 que la F\u00e9d\u00e9ration va tenir un conseil administratif sectoriel le 14 juillet afin d\u2019examiner la situation et prendre des d\u00e9cisions conform\u00e9ment aux int\u00e9r\u00eats de ses membres.<\/p>\n\n\n\n<figure class=\"wp-block-embed is-type-wp-embed is-provider-kapitalis wp-block-embed-kapitalis\"><div class=\"wp-block-embed__wrapper\">\n<blockquote class=\"wp-embedded-content\" data-secret=\"zHCpXgWIHy\"><a href=\"https:\/\/kapitalis.com\/tunisie\/2023\/06\/17\/enseignement-de-base-sans-surprise-la-retention-des-notes-maintenue\/\">Enseignement de base : Sans surprise&#8230; la r\u00e9tention des notes maintenue<\/a><\/blockquote><iframe loading=\"lazy\" class=\"wp-embedded-content\" sandbox=\"allow-scripts\" security=\"restricted\" style=\"position: absolute; clip: rect(1px, 1px, 1px, 1px);\" title=\"\u00ab\u00a0Enseignement de base : Sans surprise&#8230; la r\u00e9tention des notes maintenue\u00a0\u00bb &#8212; Kapitalis\" src=\"https:\/\/kapitalis.com\/tunisie\/2023\/06\/17\/enseignement-de-base-sans-surprise-la-retention-des-notes-maintenue\/embed\/#?secret=S7LBxwuuUM#?secret=zHCpXgWIHy\" data-secret=\"zHCpXgWIHy\" width=\"600\" height=\"338\" frameborder=\"0\" marginwidth=\"0\" marginheight=\"0\" scrolling=\"no\"><\/iframe>\n<\/div><\/figure>\n\n\n\n<p>La tension qui r\u00e8gne depuis plusieurs mois dans le secteur s\u2019est aggrav\u00e9e apr\u00e8s les menaces du minist\u00e8re de l\u2019Education de d\u00e9mettre de leurs fonctions tous les directeurs d\u2019\u00e9coles qui ne verseront pas les notes des \u00e9l\u00e8ves en raison de la r\u00e9tention de ces notes par un grand nombre d\u2019enseignants.<\/p>\n\n\n\n<p>D\u2019ailleurs, quelque 150 directeurs d\u2019\u00e9coles ont \u00e9t\u00e9 d\u00e9mis de leurs fonctions. Et, sans surprise, beaucoup d\u2019entre eux sont des cadres syndicaux\u00a0: 45 sont membres de syndicats de base, dont 4 membres du conseil administratif et 3 membres de la f\u00e9d\u00e9ration g\u00e9n\u00e9rale. Ce qui a provoqu\u00e9 des d\u00e9missions collectives dans diff\u00e9rents gouvernorats en guise de solidarit\u00e9 avec les directeurs sanctionn\u00e9s. Commentant ces d\u00e9missions, Nabil Haouachi, secr\u00e9taire g\u00e9n\u00e9ral de ladite F\u00e9d\u00e9ration, cit\u00e9 par <a href=\"https:\/\/www.mosaiquefm.net\/ar\/%D8%AA%D9%88%D9%86%D8%B3-%D8%A3%D8%AE%D8%A8%D8%A7%D8%B1-%D9%88%D8%B7%D9%86%D9%8A%D8%A9\/1176854\/%D8%A7%D9%84%D9%87%D9%88%D8%A7%D8%B4%D9%8A-%D9%88%D8%B2%D8%A7%D8%B1%D8%A9-%D8%A7%D9%84%D8%AA%D8%B1%D8%A8%D9%8A%D8%A9-%D8%AA%D8%B9%D9%85%D9%84-%D8%B9%D9%84%D9%89-%D8%B6%D8%B1%D8%A8-%D9%83%D9%84-%D8%A3%D9%86%D9%88%D8%A7%D8%B9-%D8%A7%D9%84%D8%AD%D8%B1%D8%A7%D9%83-%D8%A7%D9%84%D8%A7%D8%AC%D8%AA%D9%85%D8%A7%D8%B9%D9%8A\" target=\"_blank\" rel=\"noreferrer noopener\">Mosa\u00efque FM<\/a>, a d\u00e9clar\u00e9 que <em>\u00ables autorit\u00e9s cherchent, \u00e0 travers ce genre de d\u00e9cisions, \u00e0 porter atteinte au droit syndical en s\u2019attaquant \u00e0 tout m\u00e9canisme ou moyen que le secteur utiliserait pour d\u00e9fendre ses droits, visant \u00e0 mettre fin ainsi \u00e0 tout esprit revendicatif\u00bb<\/em>. <\/p>\n\n\n\n<p>Le dirigeant syndical va plus loin en affirmant qu\u2019<em>\u00abil y a aujourd\u2019hui un plan visant \u00e0 mettre fin \u00e0 tout mouvement social et \u00e0 emp\u00eacher la r\u00e9alisation des revendications des travailleurs (\u2026) en recourant \u00e0 des proc\u00e9d\u00e9s pernicieux et violents, afin que de tels mouvements ne se r\u00e9p\u00e8tent plus dans les autres secteurs\u00bb<\/em>.<\/p>\n\n\n\n<figure class=\"wp-block-embed is-type-wp-embed is-provider-kapitalis wp-block-embed-kapitalis\"><div class=\"wp-block-embed__wrapper\">\n<blockquote class=\"wp-embedded-content\" data-secret=\"SXnjNyCxk1\"><a href=\"https:\/\/kapitalis.com\/tunisie\/2023\/02\/05\/tunisie-les-opportunistes-se-bousculent-au-portillon-de-kais-saied\/\">Tunisie\u00a0: les opportunistes se bousculent au portillon de Ka\u00efs Sa\u00efed<\/a><\/blockquote><iframe loading=\"lazy\" class=\"wp-embedded-content\" sandbox=\"allow-scripts\" security=\"restricted\" style=\"position: absolute; clip: rect(1px, 1px, 1px, 1px);\" title=\"\u00ab\u00a0Tunisie\u00a0: les opportunistes se bousculent au portillon de Ka\u00efs Sa\u00efed\u00a0\u00bb &#8212; Kapitalis\" src=\"https:\/\/kapitalis.com\/tunisie\/2023\/02\/05\/tunisie-les-opportunistes-se-bousculent-au-portillon-de-kais-saied\/embed\/#?secret=9B5Ka73dTG#?secret=SXnjNyCxk1\" data-secret=\"SXnjNyCxk1\" width=\"600\" height=\"338\" frameborder=\"0\" marginwidth=\"0\" marginheight=\"0\" scrolling=\"no\"><\/iframe>\n<\/div><\/figure>\n\n\n\n<h2 class=\"wp-block-heading\">Politisation d&rsquo;un conflit syndical<\/h2>\n\n\n\n<p>Le fait que le ministre de l\u2019Education, Mohamed Ali Boughdiri, soit lui-m\u00eame un enseignant et un ancien secr\u00e9taire g\u00e9n\u00e9ral adjoint de l\u2019UGTT en rupture de ban avec la direction actuelle de la centrale syndicale, a sans doute aggrav\u00e9 les tensions et donn\u00e9 un caract\u00e8re \u00e9minemment politique \u00e0 une crise syndicale.<\/p>\n\n\n\n<p>Beaucoup de dirigeants syndicaux pensent en effet que le ministre est utilis\u00e9 comme homme de main par le pr\u00e9sident de la r\u00e9publique Ka\u00efs Sa\u00efed dans son bras-de-fer avec l\u2019actuelle direction de l\u2019UGTT, pr\u00e9lude \u00e0 son <em>\u00abinstallation\u00bb<\/em> \u00e0 la t\u00eate de celle-ci.<\/p>\n\n\n\n<p>Quoi qu\u2019il en soit, la crise qui dure depuis le d\u00e9but de l\u2019ann\u00e9e scolaire commence \u00e0 peser lourdement sur les nerfs des \u00e9l\u00e8ves et des parents, ainsi pris en otages par les deux <em>\u00abbellig\u00e9rants\u00bb<\/em>, et c\u2019est le cas de le dire.<\/p>\n","protected":false},"excerpt":{"rendered":"<p>L&rsquo;aggravation des tensions dans l&rsquo;enseignement de base donne un caract\u00e8re \u00e9minemment politique \u00e0 une crise qui aurait pu (et d\u00fb) rester purement syndicale.<\/p>\n","protected":false},"author":8,"featured_media":8725195,"comment_status":"open","ping_status":"open","sticky":false,"template":"","format":"standard","meta":{"footnotes":""},"categories":[992,997,998,2433],"tags":[306,2005,76012,28359,109811,109812,62643,936],"class_list":["post-8725082","post","type-post","status-publish","format-standard","has-post-thumbnail","hentry","category-a-la-une","category-politique","category-societe","category-tunisie","tag-education","tag-enseignement-de-base","tag-kais-saied-2","tag-mohamed-ali-boughdiri","tag-nabil-haouachi","tag-souhoul-souii","tag-tunisie","tag-ugtt"],"yoast_head":"<!-- This site is optimized with the Yoast SEO plugin v26.6 - https:\/\/yoast.com\/wordpress\/plugins\/seo\/ -->\n<title>Tunisie\u00a0: la crise de l\u2019\u00e9ducation se politise et s\u2019enlise - Kapitalis<\/title>\n<meta name=\"robots\" content=\"index, follow, max-snippet:-1, max-image-preview:large, max-video-preview:-1\" \/>\n<link rel=\"canonical\" href=\"https:\/\/kapitalis.com\/tunisie\/2023\/07\/09\/tunisie-la-crise-de-leducation-se-politise-et-senlise\/\" \/>\n<meta property=\"og:locale\" content=\"fr_FR\" \/>\n<meta property=\"og:type\" content=\"article\" \/>\n<meta property=\"og:title\" content=\"Tunisie\u00a0: la crise de l\u2019\u00e9ducation se politise et s\u2019enlise - Kapitalis\" \/>\n<meta property=\"og:description\" content=\"L&#039;aggravation des tensions dans l&#039;enseignement de base donne un caract\u00e8re \u00e9minemment politique \u00e0 une crise qui aurait pu (et d\u00fb) rester purement syndicale.\" \/>\n<meta property=\"og:url\" content=\"https:\/\/kapitalis.com\/tunisie\/2023\/07\/09\/tunisie-la-crise-de-leducation-se-politise-et-senlise\/\" \/>\n<meta property=\"og:site_name\" content=\"Kapitalis\" \/>\n<meta property=\"article:publisher\" content=\"https:\/\/www.facebook.com\/KapitalisInfo\/\" \/>\n<meta property=\"article:published_time\" content=\"2023-07-09T09:59:16+00:00\" \/>\n<meta property=\"article:modified_time\" content=\"2023-07-09T09:59:18+00:00\" \/>\n<meta property=\"og:image\" content=\"https:\/\/kapitalis.com\/tunisie\/wp-content\/uploads\/2023\/07\/Mohamed-Ali-Boughdiri-Protestation-enseignants.jpg\" \/>\n\t<meta property=\"og:image:width\" content=\"1200\" \/>\n\t<meta property=\"og:image:height\" content=\"630\" \/>\n\t<meta property=\"og:image:type\" content=\"image\/jpeg\" \/>\n<meta name=\"author\" content=\"webmaster kapitalis\" \/>\n<meta name=\"twitter:card\" content=\"summary_large_image\" \/>\n<meta name=\"twitter:creator\" content=\"@KapitalisInfo\" \/>\n<meta name=\"twitter:site\" content=\"@KapitalisInfo\" \/>\n<meta name=\"twitter:label1\" content=\"\u00c9crit par\" \/>\n\t<meta name=\"twitter:data1\" content=\"webmaster kapitalis\" \/>\n\t<meta name=\"twitter:label2\" content=\"Dur\u00e9e de lecture estim\u00e9e\" \/>\n\t<meta name=\"twitter:data2\" content=\"4 minutes\" \/>\n<script type=\"application\/ld+json\" class=\"yoast-schema-graph\">{\"@context\":\"https:\/\/schema.org\",\"@graph\":[{\"@type\":\"Article\",\"@id\":\"https:\/\/kapitalis.com\/tunisie\/2023\/07\/09\/tunisie-la-crise-de-leducation-se-politise-et-senlise\/#article\",\"isPartOf\":{\"@id\":\"https:\/\/kapitalis.com\/tunisie\/2023\/07\/09\/tunisie-la-crise-de-leducation-se-politise-et-senlise\/\"},\"author\":{\"name\":\"webmaster kapitalis\",\"@id\":\"https:\/\/kapitalis.com\/tunisie\/#\/schema\/person\/d71f33a9ca44f7bad4698210b480c8e9\"},\"headline\":\"Tunisie\u00a0: la crise de l\u2019\u00e9ducation se politise et s\u2019enlise\",\"datePublished\":\"2023-07-09T09:59:16+00:00\",\"dateModified\":\"2023-07-09T09:59:18+00:00\",\"mainEntityOfPage\":{\"@id\":\"https:\/\/kapitalis.com\/tunisie\/2023\/07\/09\/tunisie-la-crise-de-leducation-se-politise-et-senlise\/\"},\"wordCount\":728,\"commentCount\":2,\"publisher\":{\"@id\":\"https:\/\/kapitalis.com\/tunisie\/#organization\"},\"image\":{\"@id\":\"https:\/\/kapitalis.com\/tunisie\/2023\/07\/09\/tunisie-la-crise-de-leducation-se-politise-et-senlise\/#primaryimage\"},\"thumbnailUrl\":\"https:\/\/kapitalis.com\/tunisie\/wp-content\/uploads\/2023\/07\/Mohamed-Ali-Boughdiri-Protestation-enseignants.jpg\",\"keywords\":[\"\u00e9ducation\",\"enseignement de base\",\"Ka\u00efs Sa\u00efed\",\"Mohamed Ali Boughdiri\",\"Nabil Haouachi\",\"Souhoul Souii\",\"Tunisie\",\"UGTT\"],\"articleSection\":[\"A LA UNE\",\"POLITIQUE\",\"SOCIETE\",\"Tunisie\"],\"inLanguage\":\"fr-FR\",\"potentialAction\":[{\"@type\":\"CommentAction\",\"name\":\"Comment\",\"target\":[\"https:\/\/kapitalis.com\/tunisie\/2023\/07\/09\/tunisie-la-crise-de-leducation-se-politise-et-senlise\/#respond\"]}]},{\"@type\":\"WebPage\",\"@id\":\"https:\/\/kapitalis.com\/tunisie\/2023\/07\/09\/tunisie-la-crise-de-leducation-se-politise-et-senlise\/\",\"url\":\"https:\/\/kapitalis.com\/tunisie\/2023\/07\/09\/tunisie-la-crise-de-leducation-se-politise-et-senlise\/\",\"name\":\"Tunisie\u00a0: la crise de l\u2019\u00e9ducation se politise et s\u2019enlise - Kapitalis\",\"isPartOf\":{\"@id\":\"https:\/\/kapitalis.com\/tunisie\/#website\"},\"primaryImageOfPage\":{\"@id\":\"https:\/\/kapitalis.com\/tunisie\/2023\/07\/09\/tunisie-la-crise-de-leducation-se-politise-et-senlise\/#primaryimage\"},\"image\":{\"@id\":\"https:\/\/kapitalis.com\/tunisie\/2023\/07\/09\/tunisie-la-crise-de-leducation-se-politise-et-senlise\/#primaryimage\"},\"thumbnailUrl\":\"https:\/\/kapitalis.com\/tunisie\/wp-content\/uploads\/2023\/07\/Mohamed-Ali-Boughdiri-Protestation-enseignants.jpg\",\"datePublished\":\"2023-07-09T09:59:16+00:00\",\"dateModified\":\"2023-07-09T09:59:18+00:00\",\"breadcrumb\":{\"@id\":\"https:\/\/kapitalis.com\/tunisie\/2023\/07\/09\/tunisie-la-crise-de-leducation-se-politise-et-senlise\/#breadcrumb\"},\"inLanguage\":\"fr-FR\",\"potentialAction\":[{\"@type\":\"ReadAction\",\"target\":[\"https:\/\/kapitalis.com\/tunisie\/2023\/07\/09\/tunisie-la-crise-de-leducation-se-politise-et-senlise\/\"]}]},{\"@type\":\"ImageObject\",\"inLanguage\":\"fr-FR\",\"@id\":\"https:\/\/kapitalis.com\/tunisie\/2023\/07\/09\/tunisie-la-crise-de-leducation-se-politise-et-senlise\/#primaryimage\",\"url\":\"https:\/\/kapitalis.com\/tunisie\/wp-content\/uploads\/2023\/07\/Mohamed-Ali-Boughdiri-Protestation-enseignants.jpg\",\"contentUrl\":\"https:\/\/kapitalis.com\/tunisie\/wp-content\/uploads\/2023\/07\/Mohamed-Ali-Boughdiri-Protestation-enseignants.jpg\",\"width\":1200,\"height\":630},{\"@type\":\"BreadcrumbList\",\"@id\":\"https:\/\/kapitalis.com\/tunisie\/2023\/07\/09\/tunisie-la-crise-de-leducation-se-politise-et-senlise\/#breadcrumb\",\"itemListElement\":[{\"@type\":\"ListItem\",\"position\":1,\"name\":\"Accueil\",\"item\":\"https:\/\/kapitalis.com\/tunisie\/\"},{\"@type\":\"ListItem\",\"position\":2,\"name\":\"Tunisie\u00a0: la crise de l\u2019\u00e9ducation se politise et s\u2019enlise\"}]},{\"@type\":\"WebSite\",\"@id\":\"https:\/\/kapitalis.com\/tunisie\/#website\",\"url\":\"https:\/\/kapitalis.com\/tunisie\/\",\"name\":\"Kapitalis\",\"description\":\"L&#039;actualit\u00e9 en Tunisie et dans le monde\",\"publisher\":{\"@id\":\"https:\/\/kapitalis.com\/tunisie\/#organization\"},\"potentialAction\":[{\"@type\":\"SearchAction\",\"target\":{\"@type\":\"EntryPoint\",\"urlTemplate\":\"https:\/\/kapitalis.com\/tunisie\/?s={search_term_string}\"},\"query-input\":{\"@type\":\"PropertyValueSpecification\",\"valueRequired\":true,\"valueName\":\"search_term_string\"}}],\"inLanguage\":\"fr-FR\"},{\"@type\":\"Organization\",\"@id\":\"https:\/\/kapitalis.com\/tunisie\/#organization\",\"name\":\"Kapitalis\",\"url\":\"https:\/\/kapitalis.com\/tunisie\/\",\"logo\":{\"@type\":\"ImageObject\",\"inLanguage\":\"fr-FR\",\"@id\":\"https:\/\/kapitalis.com\/tunisie\/#\/schema\/logo\/image\/\",\"url\":\"https:\/\/kapitalis.com\/tunisie\/wp-content\/uploads\/2022\/05\/Kapitalis-big-size.png\",\"contentUrl\":\"https:\/\/kapitalis.com\/tunisie\/wp-content\/uploads\/2022\/05\/Kapitalis-big-size.png\",\"width\":5000,\"height\":1500,\"caption\":\"Kapitalis\"},\"image\":{\"@id\":\"https:\/\/kapitalis.com\/tunisie\/#\/schema\/logo\/image\/\"},\"sameAs\":[\"https:\/\/www.facebook.com\/KapitalisInfo\/\",\"https:\/\/x.com\/KapitalisInfo\",\"https:\/\/www.youtube.com\/channel\/UC-yDYrHyfFBWWZaOw3FPg9Q\"]},{\"@type\":\"Person\",\"@id\":\"https:\/\/kapitalis.com\/tunisie\/#\/schema\/person\/d71f33a9ca44f7bad4698210b480c8e9\",\"name\":\"webmaster kapitalis\",\"url\":\"https:\/\/kapitalis.com\/tunisie\/author\/webmaster-kapitalis\/\"}]}<\/script>\n<!-- \/ Yoast SEO plugin. -->","yoast_head_json":{"title":"Tunisie\u00a0: la crise de l\u2019\u00e9ducation se politise et s\u2019enlise - Kapitalis","robots":{"index":"index","follow":"follow","max-snippet":"max-snippet:-1","max-image-preview":"max-image-preview:large","max-video-preview":"max-video-preview:-1"},"canonical":"https:\/\/kapitalis.com\/tunisie\/2023\/07\/09\/tunisie-la-crise-de-leducation-se-politise-et-senlise\/","og_locale":"fr_FR","og_type":"article","og_title":"Tunisie\u00a0: la crise de l\u2019\u00e9ducation se politise et s\u2019enlise - Kapitalis","og_description":"L'aggravation des tensions dans l'enseignement de base donne un caract\u00e8re \u00e9minemment politique \u00e0 une crise qui aurait pu (et d\u00fb) rester purement syndicale.","og_url":"https:\/\/kapitalis.com\/tunisie\/2023\/07\/09\/tunisie-la-crise-de-leducation-se-politise-et-senlise\/","og_site_name":"Kapitalis","article_publisher":"https:\/\/www.facebook.com\/KapitalisInfo\/","article_published_time":"2023-07-09T09:59:16+00:00","article_modified_time":"2023-07-09T09:59:18+00:00","og_image":[{"width":1200,"height":630,"url":"https:\/\/kapitalis.com\/tunisie\/wp-content\/uploads\/2023\/07\/Mohamed-Ali-Boughdiri-Protestation-enseignants.jpg","type":"image\/jpeg"}],"author":"webmaster kapitalis","twitter_card":"summary_large_image","twitter_creator":"@KapitalisInfo","twitter_site":"@KapitalisInfo","twitter_misc":{"\u00c9crit par":"webmaster kapitalis","Dur\u00e9e de lecture estim\u00e9e":"4 minutes"},"schema":{"@context":"https:\/\/schema.org","@graph":[{"@type":"Article","@id":"https:\/\/kapitalis.com\/tunisie\/2023\/07\/09\/tunisie-la-crise-de-leducation-se-politise-et-senlise\/#article","isPartOf":{"@id":"https:\/\/kapitalis.com\/tunisie\/2023\/07\/09\/tunisie-la-crise-de-leducation-se-politise-et-senlise\/"},"author":{"name":"webmaster kapitalis","@id":"https:\/\/kapitalis.com\/tunisie\/#\/schema\/person\/d71f33a9ca44f7bad4698210b480c8e9"},"headline":"Tunisie\u00a0: la crise de l\u2019\u00e9ducation se politise et s\u2019enlise","datePublished":"2023-07-09T09:59:16+00:00","dateModified":"2023-07-09T09:59:18+00:00","mainEntityOfPage":{"@id":"https:\/\/kapitalis.com\/tunisie\/2023\/07\/09\/tunisie-la-crise-de-leducation-se-politise-et-senlise\/"},"wordCount":728,"commentCount":2,"publisher":{"@id":"https:\/\/kapitalis.com\/tunisie\/#organization"},"image":{"@id":"https:\/\/kapitalis.com\/tunisie\/2023\/07\/09\/tunisie-la-crise-de-leducation-se-politise-et-senlise\/#primaryimage"},"thumbnailUrl":"https:\/\/kapitalis.com\/tunisie\/wp-content\/uploads\/2023\/07\/Mohamed-Ali-Boughdiri-Protestation-enseignants.jpg","keywords":["\u00e9ducation","enseignement de base","Ka\u00efs Sa\u00efed","Mohamed Ali Boughdiri","Nabil Haouachi","Souhoul Souii","Tunisie","UGTT"],"articleSection":["A LA UNE","POLITIQUE","SOCIETE","Tunisie"],"inLanguage":"fr-FR","potentialAction":[{"@type":"CommentAction","name":"Comment","target":["https:\/\/kapitalis.com\/tunisie\/2023\/07\/09\/tunisie-la-crise-de-leducation-se-politise-et-senlise\/#respond"]}]},{"@type":"WebPage","@id":"https:\/\/kapitalis.com\/tunisie\/2023\/07\/09\/tunisie-la-crise-de-leducation-se-politise-et-senlise\/","url":"https:\/\/kapitalis.com\/tunisie\/2023\/07\/09\/tunisie-la-crise-de-leducation-se-politise-et-senlise\/","name":"Tunisie\u00a0: la crise de l\u2019\u00e9ducation se politise et s\u2019enlise - Kapitalis","isPartOf":{"@id":"https:\/\/kapitalis.com\/tunisie\/#website"},"primaryImageOfPage":{"@id":"https:\/\/kapitalis.com\/tunisie\/2023\/07\/09\/tunisie-la-crise-de-leducation-se-politise-et-senlise\/#primaryimage"},"image":{"@id":"https:\/\/kapitalis.com\/tunisie\/2023\/07\/09\/tunisie-la-crise-de-leducation-se-politise-et-senlise\/#primaryimage"},"thumbnailUrl":"https:\/\/kapitalis.com\/tunisie\/wp-content\/uploads\/2023\/07\/Mohamed-Ali-Boughdiri-Protestation-enseignants.jpg","datePublished":"2023-07-09T09:59:16+00:00","dateModified":"2023-07-09T09:59:18+00:00","breadcrumb":{"@id":"https:\/\/kapitalis.com\/tunisie\/2023\/07\/09\/tunisie-la-crise-de-leducation-se-politise-et-senlise\/#breadcrumb"},"inLanguage":"fr-FR","potentialAction":[{"@type":"ReadAction","target":["https:\/\/kapitalis.com\/tunisie\/2023\/07\/09\/tunisie-la-crise-de-leducation-se-politise-et-senlise\/"]}]},{"@type":"ImageObject","inLanguage":"fr-FR","@id":"https:\/\/kapitalis.com\/tunisie\/2023\/07\/09\/tunisie-la-crise-de-leducation-se-politise-et-senlise\/#primaryimage","url":"https:\/\/kapitalis.com\/tunisie\/wp-content\/uploads\/2023\/07\/Mohamed-Ali-Boughdiri-Protestation-enseignants.jpg","contentUrl":"https:\/\/kapitalis.com\/tunisie\/wp-content\/uploads\/2023\/07\/Mohamed-Ali-Boughdiri-Protestation-enseignants.jpg","width":1200,"height":630},{"@type":"BreadcrumbList","@id":"https:\/\/kapitalis.com\/tunisie\/2023\/07\/09\/tunisie-la-crise-de-leducation-se-politise-et-senlise\/#breadcrumb","itemListElement":[{"@type":"ListItem","position":1,"name":"Accueil","item":"https:\/\/kapitalis.com\/tunisie\/"},{"@type":"ListItem","position":2,"name":"Tunisie\u00a0: la crise de l\u2019\u00e9ducation se politise et s\u2019enlise"}]},{"@type":"WebSite","@id":"https:\/\/kapitalis.com\/tunisie\/#website","url":"https:\/\/kapitalis.com\/tunisie\/","name":"Kapitalis","description":"L&#039;actualit\u00e9 en Tunisie et dans le monde","publisher":{"@id":"https:\/\/kapitalis.com\/tunisie\/#organization"},"potentialAction":[{"@type":"SearchAction","target":{"@type":"EntryPoint","urlTemplate":"https:\/\/kapitalis.com\/tunisie\/?s={search_term_string}"},"query-input":{"@type":"PropertyValueSpecification","valueRequired":true,"valueName":"search_term_string"}}],"inLanguage":"fr-FR"},{"@type":"Organization","@id":"https:\/\/kapitalis.com\/tunisie\/#organization","name":"Kapitalis","url":"https:\/\/kapitalis.com\/tunisie\/","logo":{"@type":"ImageObject","inLanguage":"fr-FR","@id":"https:\/\/kapitalis.com\/tunisie\/#\/schema\/logo\/image\/","url":"https:\/\/kapitalis.com\/tunisie\/wp-content\/uploads\/2022\/05\/Kapitalis-big-size.png","contentUrl":"https:\/\/kapitalis.com\/tunisie\/wp-content\/uploads\/2022\/05\/Kapitalis-big-size.png","width":5000,"height":1500,"caption":"Kapitalis"},"image":{"@id":"https:\/\/kapitalis.com\/tunisie\/#\/schema\/logo\/image\/"},"sameAs":["https:\/\/www.facebook.com\/KapitalisInfo\/","https:\/\/x.com\/KapitalisInfo","https:\/\/www.youtube.com\/channel\/UC-yDYrHyfFBWWZaOw3FPg9Q"]},{"@type":"Person","@id":"https:\/\/kapitalis.com\/tunisie\/#\/schema\/person\/d71f33a9ca44f7bad4698210b480c8e9","name":"webmaster kapitalis","url":"https:\/\/kapitalis.com\/tunisie\/author\/webmaster-kapitalis\/"}]}},"_links":{"self":[{"href":"https:\/\/kapitalis.com\/tunisie\/wp-json\/wp\/v2\/posts\/8725082","targetHints":{"allow":["GET"]}}],"collection":[{"href":"https:\/\/kapitalis.com\/tunisie\/wp-json\/wp\/v2\/posts"}],"about":[{"href":"https:\/\/kapitalis.com\/tunisie\/wp-json\/wp\/v2\/types\/post"}],"author":[{"embeddable":true,"href":"https:\/\/kapitalis.com\/tunisie\/wp-json\/wp\/v2\/users\/8"}],"replies":[{"embeddable":true,"href":"https:\/\/kapitalis.com\/tunisie\/wp-json\/wp\/v2\/comments?post=8725082"}],"version-history":[{"count":1,"href":"https:\/\/kapitalis.com\/tunisie\/wp-json\/wp\/v2\/posts\/8725082\/revisions"}],"predecessor-version":[{"id":8725307,"href":"https:\/\/kapitalis.com\/tunisie\/wp-json\/wp\/v2\/posts\/8725082\/revisions\/8725307"}],"wp:featuredmedia":[{"embeddable":true,"href":"https:\/\/kapitalis.com\/tunisie\/wp-json\/wp\/v2\/media\/8725195"}],"wp:attachment":[{"href":"https:\/\/kapitalis.com\/tunisie\/wp-json\/wp\/v2\/media?parent=8725082"}],"wp:term":[{"taxonomy":"category","embeddable":true,"href":"https:\/\/kapitalis.com\/tunisie\/wp-json\/wp\/v2\/categories?post=8725082"},{"taxonomy":"post_tag","embeddable":true,"href":"https:\/\/kapitalis.com\/tunisie\/wp-json\/wp\/v2\/tags?post=8725082"}],"curies":[{"name":"wp","href":"https:\/\/api.w.org\/{rel}","templated":true}]}}