{"id":8726308,"date":"2023-07-09T12:35:26","date_gmt":"2023-07-09T11:35:26","guid":{"rendered":"https:\/\/kapitalis.com\/tunisie\/?p=8726308"},"modified":"2023-07-09T12:35:28","modified_gmt":"2023-07-09T11:35:28","slug":"les-tunisiens-des-xenophobes-qui-signorent","status":"publish","type":"post","link":"https:\/\/kapitalis.com\/tunisie\/2023\/07\/09\/les-tunisiens-des-xenophobes-qui-signorent\/","title":{"rendered":"Les Tunisiens, des x\u00e9nophobes qui s\u2019ignorent ?"},"content":{"rendered":"\n<p><strong><em>Un v\u00e9ritable matraquage m\u00e9diatique et toute une campagne de d\u00e9nigrement savamment orchestr\u00e9e a vers\u00e9 sa \u00abhaine\u00bb sur l\u2019ensemble des habitants de Sfax et la Tunisie enti\u00e8re, suite aux \u00e9v\u00e8nements malheureux ayant oppos\u00e9 les immigrants subsahariens ill\u00e9galement install\u00e9s et certaines franges de la population locale, voulant les renvoyer chez eux.<\/em><\/strong> <em>(Illustration : Tunisiens manifestant contre le racisme. Ph. Mohamed-Messara-EPA-EFE).<\/em><\/p>\n\n\n\n<p>Par<strong> Moktar Lamari<\/strong> *<\/p>\n\n\n\n<!--more-->\n\n\n<div class=\"wp-block-image\">\n<figure class=\"alignleft size-full is-resized\"><img decoding=\"async\" src=\"http:\/\/kapitalis.com\/tunisie\/wp-content\/uploads\/2019\/10\/Moktar-Lamari.jpg\" alt=\"\" class=\"wp-image-246439\" width=\"200\"\/><\/figure>\n<\/div>\n\n\n<p>Les m\u00e9dias fran\u00e7ais de tout acabit (<em>Le Monde, Le Point, le Figaro, Lib\u00e9ration, <\/em>etc.) ont tir\u00e9 \u00e0 boulets rouges sur la Tunisie et les Tunisiens jug\u00e9s sans discernement comme des racistes, des x\u00e9nophobes, des inhumains! Mais, beaucoup de ces m\u00e9dias se limitent aux verbiages d\u2019une rh\u00e9torique politis\u00e9e, sans chiffres, sans statistiques et sans validit\u00e9 objective.\u00a0Croyez-moi, je vous le dis\u2026<\/p>\n\n\n\n<h2 class=\"wp-block-heading\">Donneurs de le\u00e7ons\u2026 faiseurs d\u2019opinions<\/h2>\n\n\n\n<p>Comme toujours, ces m\u00e9dias sont l\u00e9gion en le\u00e7ons \u00e0 donner, pour dire aux Tunisiens quoi faire et ne pas faire. Et surtout, pour sermonner l\u2019autre&nbsp;: <em>\u00abfaites ce qu\u2019on dit et pas ce qu\u2019on fait\u00bb<\/em>, notamment en ces jours symptomatiques de <em>\u00abracisme syst\u00e9mique\u00bb<\/em> qui ronge au vu et au su de tout le monde l\u2019appareil policier (et judiciaire) de l\u2019\u00c9tat fran\u00e7ais.<\/p>\n\n\n\n<p>Beaucoup de politique politicienne, beaucoup d\u2019\u00e9motions et peu de chiffres pour \u00e9tayer le discours, pour comparer et pour prendre la v\u00e9ritable temp\u00e9rature des tensions et ph\u00e9nom\u00e8nes analys\u00e9s.&nbsp;<\/p>\n\n\n\n<p>Certes, les m\u00e9dias internationaux et les associations humanitaires n\u2019ont pas tort en formulant des critiques acerbes \u00e0 l\u2019\u00e9gard de certains traitements <em>\u00abinhumains\u00bb<\/em> r\u00e9serv\u00e9s aux \u00e9migrants subsahariens r\u00e9fugi\u00e9s \u00e0 Sfax-Tunisie (comme \u00e0 Paris, ou \u00e0 New York). Mais, il faut le faire avec des chiffres qui relativisent les analyses et qui leur donnent de la cr\u00e9dibilit\u00e9. Il faut consid\u00e9rer aussi les donn\u00e9es aberrantes dans ces observations qui s\u2019\u00e9cartent de la moyenne (statistique).&nbsp;&nbsp;<\/p>\n\n\n\n<p>Il est vrai aussi que les sc\u00e8nes film\u00e9es montrent \u00e0 quel point le discours du Tunisien moyen peut aussi prendre des tangentes anti-\u00e9tranger et anti-migrant. \u00c0 se demander si le Tunisien moyen n\u2019est pas un x\u00e9nophobe qui s\u2019ignore ?<\/p>\n\n\n\n<p>Allant au-del\u00e0 de ce matraquage m\u00e9diatique et constats tr\u00e8s n\u00e9gatifs pour une Tunisie-Terre-d\u2019Accueil, tr\u00e8s n\u00e9faste pour le branding d\u2019une Tunisie moderne et <em>\u00abd\u00e9mocratique\u00bb<\/em>, nous ferons parler les chiffres et les donn\u00e9es de sondages et pas les \u00e9motions.<\/p>\n\n\n\n<p>Je le ferai en toute objectivit\u00e9, pour d\u00e9passionner le d\u00e9bat et probablement des pistes pour inverser la vapeur et agir pour se d\u00e9barrasser des pr\u00e9jug\u00e9s et r\u00e9flexes surann\u00e9s, parce qu\u2019issus des tensions tribales, coloniales, r\u00e9gionales, raciales, etc. <\/p>\n\n\n\n<h2 class=\"wp-block-heading\">L\u2019\u00e9tranger, le \u00abbarrani\u00bb indigne de confiance?<\/h2>\n\n\n\n<p>On utilise les donn\u00e9es de sondage r\u00e9guli\u00e8rement produit par le World Value survey (7e vague 2021-2022). Ce sondage est administr\u00e9 r\u00e9guli\u00e8rement aupr\u00e8s de 1200 Tunisiens et Tunisiennes (marge d\u2019erreur 2,3%, 19 fois sur 20), \u00e0 partir de questionnaires con\u00e7us et financ\u00e9s par des universit\u00e9s et universitaires am\u00e9ricains. Des comparaisons sont aussi faites \u00e0 partir des m\u00eames donn\u00e9es (m\u00eame questionnaire et m\u00eame m\u00e9thodologie) pour des pays arabes comparables \u00e0 la Tunisie (Maroc, Libye, Liban). Les donn\u00e9es de ce sondage sont utilis\u00e9es par les chercheurs, comme par les services de renseignements internationaux pour comprendre les normes, les valeurs et les attitudes culturelles des soci\u00e9t\u00e9s.<\/p>\n\n\n\n<p>Mais d\u2019abord, quelques clarifications terminologiques. Dans le discours populaire, les Tunisiens qualifient de <em>\u00abbarrani\u00bb<\/em> ou \u00e9tranger, toute personne non-tunisienne, par sa nationalit\u00e9, son appartenance et son apparence (langue parl\u00e9e, fa\u00e7on de s\u2019habiller, de vivre en soci\u00e9t\u00e9).<\/p>\n\n\n\n<p>L\u2019\u00e9tranger est oppos\u00e9 au national dans l\u2019inconscient collectif et dans les textes de loi r\u00e9gissant les droits, l\u2019accessibilit\u00e9 aux services publics et \u00e0 la propri\u00e9t\u00e9, entre autres.&nbsp;Les textes l\u00e9gislatifs r\u00e9gissant le statut d\u2019\u00e9tranger en Tunisie sont tous inspir\u00e9s de la l\u00e9gislation fran\u00e7aise (1940-1980), m\u00eame si cette derni\u00e8re a \u00e9norm\u00e9ment \u00e9volu\u00e9, depuis la cr\u00e9ation de l\u2019Union europ\u00e9enne et la fusion progressive des \u00c9tats-nations dans un ensemble plus large fond\u00e9 sur l\u2019europ\u00e9anit\u00e9 comme entit\u00e9 g\u00e9opolitique et \u00e9conomique.<\/p>\n\n\n\n<p>Dans les livres fran\u00e7ais, on a toujours d\u00e9crit les Indig\u00e8nes, ces Africains, Subsahariens, m\u00e9chants, sales et <em>\u00absauvages\u00bb<\/em>. Ces m\u00eames livres ont sem\u00e9 les graines de la discrimination, de la haine et du racisme qui d\u00e9chirent les soci\u00e9t\u00e9s et anciennes colonies fran\u00e7aises.<\/p>\n\n\n\n<h2 class=\"wp-block-heading\">L\u2019\u00e9tranger, comme souffre-douleur !&nbsp;<\/h2>\n\n\n\n<p>Les donn\u00e9es du sondage de WVS (2022) montrent que<\/p>\n\n\n\n<ul class=\"wp-block-list\">\n<li>deux Tunisiens-es sur trois (67%) ne font pas confiance aux \u00e9trangers (pas suffisamment ou pas du tout confiance);<\/li>\n\n\n\n<li>3% font totalement confiance aux \u00e9trangers;<\/li>\n\n\n\n<li>30% font peu confiance aux \u00e9trangers.<\/li>\n<\/ul>\n\n\n\n<p>Ces chiffres sont certes pr\u00e9occupants et expliquent largement les tensions r\u00e9centes avec les immigrants subsahariens et qui se trouvent au c\u0153ur des comportements hostiles \u00e0 l\u2019\u00e9gard de ces communaut\u00e9s africaines qui ont fui leur pays pour s\u2019installer ailleurs, esp\u00e9rant rejoindre l\u2019Europe par tous les moyens.<\/p>\n\n\n\n<p>En revanche, la Tunisie ne se distingue pas vraiment des pays arabes similaires. La proportion des r\u00e9pondants ne faisant pas suffisamment ou pas du tout confiance aux \u00e9trangers concerne 63% des r\u00e9pondants au Liban, 70% au Maroc et 66% en Libye.<\/p>\n\n\n\n<p>Un probl\u00e8me socioculturel serait en cause. Le niveau d\u2019\u00e9ducation, le niveau d\u2019ouverture \u00e0 la modernit\u00e9 et le niveau de vie conditionnent ces attitudes bien ancr\u00e9es dans l\u2019histoire des soci\u00e9t\u00e9s arabo-musulmanes. Tout indique que les m\u00e9dias et l\u2019\u00e9cole ne font pas assez pour \u00e9duquer le citoyen et l\u2019amener \u00e0 faire confiance envers l\u2019\u00e9tranger.<\/p>\n\n\n\n<p>En revanche, cet \u00e9tat de fait est exploit\u00e9 politiquement par les populistes, par islamistes, les nationalistes arabes et autres partis conservateurs qui entretiennent un discours x\u00e9nophobe, et pas n\u00e9cessairement raciste, au sens des conventions internationales.&nbsp;<\/p>\n\n\n\n<p>Cet \u00e9tat d\u2019esprit ne facilite pas les \u00e9changes \u00e9conomiques et ne fait qu\u2019augmenter les co\u00fbts de transactions li\u00e9s. L\u2019insertion dans les tendances mondiales en mati\u00e8re de globalisation se trouve de facto handicap\u00e9e par cette m\u00e9fiance et cette inconfiance envers l\u2019\u00e9tranger, au sens large du terme.<\/p>\n\n\n\n<h2 class=\"wp-block-heading\">Ambivalence, face au ph\u00e9nom\u00e8ne migratoire<\/h2>\n\n\n\n<p>Hommes, femmes et enfants, les Tunisiens se jettent par centaines en mer pour \u00e9migrer et rejoindre l\u2019Europe. La crise \u00e9conomique, l\u2019instabilit\u00e9 politique et la d\u00e9cr\u00e9pitude des services publics seraient en cause dans cet Exodus. Un Tunisien sur deux souhaite quitter le pays, pour une vie meilleure.<\/p>\n\n\n\n<p>En m\u00eame temps, ce m\u00eame Tunisien se sent plut\u00f4t un opposant aux immigrants qui veulent s\u2019installer en Tunisie, eux aussi pour des raisons politiques, \u00e9conomiques et de plus en plus climatiques\u2026<\/p>\n\n\n\n<p>La Tunisie compte presque 1,7 million d\u2019\u00e9migrants (BCT, 2022), ayant choisi de s\u2019expatrier en Europe, et de plus en plus au Canada. Et l\u2019Exodus concerne tous les milieux sociaux, pas seulement les pauvres, mais aussi les plus ais\u00e9s des ais\u00e9s.<\/p>\n\n\n\n<p>La m\u00eame base de donn\u00e9es (WVS, 2021-2022) procure plusieurs enseignements et r\u00e9ponses relativement aux perceptions des Tunisiens des avantages et des inconv\u00e9nients associ\u00e9s \u00e0 l\u2019immigration de personnes d\u2019autres pays et leur pr\u00e9sence sur le territoire tunisien.<\/p>\n\n\n\n<p>Cinq indicateurs illustrent l\u2019ambivalence tunisienne face aux flux migratoires qui ont converg\u00e9 vers la Tunisie, et toutes ses r\u00e9gions, ces derni\u00e8res ann\u00e9es.<\/p>\n\n\n\n<ol class=\"wp-block-list\" type=\"1\" start=\"1\">\n<li>Presque un Tunisien sur deux (47% des r\u00e9pondants) pense que l\u2019immigration actuelle est utile, elle apporte des solutions aux tensions (p\u00e9nurie) du march\u00e9 de travail en Tunisie. Cet \u00e9l\u00e9ment porte \u00e0 croire que le march\u00e9 du travail, dans les villes et r\u00e9gions les plus prosp\u00e8res, est \u00e0 la recherche de cette main-d\u2019\u0153uvre immigrante plus flexible et pas syndiqu\u00e9s de facto. Pas pour rien que les immigrants subsahariens se concentrent \u00e0 Sfax, \u00e0 Djerba et autres banlieues cossues.<\/li>\n\n\n\n<li>Ce ratio est de 54% au Liban, 51% au Maroc. L\u2019opinion publique de ces deux pays parait relativement plus ouverte que l\u2019opinion publique tunisienne au regard de l\u2019employabilit\u00e9 et l\u2019utilit\u00e9 \u00e9conomique des populations \u00e9migrantes.<\/li>\n\n\n\n<li>Sur le plan culturel, 7 Tunisiens sur 10 pensent que les immigrants en Tunisie am\u00e9liorent la diversit\u00e9 et la richesse culturelles dans le pays. Les festivals, la musique populaire, les milieux des arts en Tunisie profitent de cette diversit\u00e9 et effervescence. Dans le sud de la Tunisie, les empreintes de l\u2019art africain font partie des rituels et des festivit\u00e9s collectives de la Tunisie, depuis des temps imm\u00e9moriaux.<\/li>\n<\/ol>\n\n\n\n<p>Ce ratio est bien plus faible que celui observ\u00e9 au Maroc, o\u00f9 trois personnes sur quatre (75%) d\u00e9clarent que l\u2019immigration africaine constitue un pr\u00e9cieux atout cultuel. Le Liban fait moins bien que la Tunisie avec seulement 56% de la population qui pense que l\u2019immigration est b\u00e9n\u00e9fique \u00e0 la culture, dans ses diverses dimensions.&nbsp;<\/p>\n\n\n\n<ol class=\"wp-block-list\" type=\"1\" start=\"4\">\n<li>Le sondage WVS met aussi en lien l\u2019immigration et la criminalit\u00e9. Et comme partout ailleurs, on craint que l\u2019immigrant v\u00e9hicule des vell\u00e9it\u00e9s criminelles ou comportementales d\u00e9viantes au regard des us et coutumes. En Tunisie, le sondage soutient que 3 r\u00e9pondants sur cinq (60%) sont d\u2019avis que l\u2019immigration est susceptible d\u2019augmenter la criminalit\u00e9.<\/li>\n\n\n\n<li>Ce ratio passe \u00e0 80% pour la Libye et 71% pour le Liban. Le Maroc contraste avec le reste, avec seulement 48% des r\u00e9pondants qui pensent que l\u2019immigration rime avec criminalit\u00e9 et d\u00e9viance.<\/li>\n<\/ol>\n\n\n\n<p>Ces diff\u00e9rents indicateurs statistiques ne montrent pas que le Tunisien moyen est plus raciste, ou plus x\u00e9nophobe que le citoyen moyen au Maroc ou au Liban, par exemple. Les m\u00e9dias fran\u00e7ais doivent \u00e9tayer davantage leurs constats et procurer plus de chiffres cr\u00e9dibles, plut\u00f4t que des constats largement subjectifs et pas suffisamment informatifs.<\/p>\n\n\n\n<p>En revanche, la question migratoire en Tunisie n\u00e9cessite un travail de fond de la part de l\u2019\u00c9tat, des services publics et surtout des m\u00e9dias.\u00a0Ici aussi, on doit utiliser plus de donn\u00e9es probantes, des indicateurs et des statistiques cr\u00e9dibles (actualis\u00e9es) et pas se limiter \u00e0 un narratif d\u00e9vastateur pour l\u2019opinion publique et le <em>branding <\/em>de la Tunisie dans le monde, et notamment en Afrique.<\/p>\n\n\n\n<p>Il n\u2019est pas normal que la Tunisie ne dispose pas encore d\u2019une statistique fiable et \u00e0 jour sur les effectifs et les origines des immigrants pr\u00e9sents sur le sol tunisien. C\u2019est juste impensable qu\u2019on g\u00e8re ce dossier au pifom\u00e8tre, sans chiffres et sans data.<\/p>\n\n\n\n<p><em>* Economiste universitaire.<\/em> <\/p>\n","protected":false},"excerpt":{"rendered":"<p>Les m\u00e9dias fran\u00e7ais ont tir\u00e9 \u00e0 boulets rouges sur la Tunisie et les Tunisiens jug\u00e9s sans discernement comme des racistes, des x\u00e9nophobes, des inhumains! <\/p>\n","protected":false},"author":8,"featured_media":6740987,"comment_status":"open","ping_status":"open","sticky":false,"template":"","format":"standard","meta":{"footnotes":""},"categories":[992,998,1000,2433],"tags":[8563,544,577,85766,68595,6726,823,62643,106766],"class_list":["post-8726308","post","type-post","status-publish","format-standard","has-post-thumbnail","hentry","category-a-la-une","category-societe","category-tribune","category-tunisie","tag-liban","tag-libye","tag-maroc","tag-migrants-subsahariens","tag-moktar-lamari","tag-racisme","tag-sfax","tag-tunisie","tag-xenophobie"],"yoast_head":"<!-- This site is optimized with the Yoast SEO plugin v26.6 - https:\/\/yoast.com\/wordpress\/plugins\/seo\/ -->\n<title>Les Tunisiens, des x\u00e9nophobes qui s\u2019ignorent ? - Kapitalis<\/title>\n<meta name=\"robots\" content=\"index, follow, max-snippet:-1, max-image-preview:large, max-video-preview:-1\" \/>\n<link rel=\"canonical\" href=\"https:\/\/kapitalis.com\/tunisie\/2023\/07\/09\/les-tunisiens-des-xenophobes-qui-signorent\/\" \/>\n<meta property=\"og:locale\" content=\"fr_FR\" \/>\n<meta property=\"og:type\" content=\"article\" \/>\n<meta property=\"og:title\" content=\"Les Tunisiens, des x\u00e9nophobes qui s\u2019ignorent ? - Kapitalis\" \/>\n<meta property=\"og:description\" content=\"Les m\u00e9dias fran\u00e7ais ont tir\u00e9 \u00e0 boulets rouges sur la Tunisie et les Tunisiens jug\u00e9s sans discernement comme des racistes, des x\u00e9nophobes, des inhumains!\" \/>\n<meta property=\"og:url\" content=\"https:\/\/kapitalis.com\/tunisie\/2023\/07\/09\/les-tunisiens-des-xenophobes-qui-signorent\/\" \/>\n<meta property=\"og:site_name\" content=\"Kapitalis\" \/>\n<meta property=\"article:publisher\" content=\"https:\/\/www.facebook.com\/KapitalisInfo\/\" \/>\n<meta property=\"article:published_time\" content=\"2023-07-09T11:35:26+00:00\" \/>\n<meta property=\"article:modified_time\" content=\"2023-07-09T11:35:28+00:00\" \/>\n<meta property=\"og:image\" content=\"https:\/\/kapitalis.com\/tunisie\/wp-content\/uploads\/2023\/03\/Manifestation-contre-le-racisme-Mohamed-Messara-EPA-EFE-Shutterstock.jpg\" \/>\n\t<meta property=\"og:image:width\" content=\"1200\" \/>\n\t<meta property=\"og:image:height\" content=\"630\" \/>\n\t<meta property=\"og:image:type\" content=\"image\/jpeg\" \/>\n<meta name=\"author\" content=\"webmaster kapitalis\" \/>\n<meta name=\"twitter:card\" content=\"summary_large_image\" \/>\n<meta name=\"twitter:creator\" content=\"@KapitalisInfo\" \/>\n<meta name=\"twitter:site\" content=\"@KapitalisInfo\" \/>\n<meta name=\"twitter:label1\" content=\"\u00c9crit par\" \/>\n\t<meta name=\"twitter:data1\" content=\"webmaster kapitalis\" \/>\n\t<meta name=\"twitter:label2\" content=\"Dur\u00e9e de lecture estim\u00e9e\" \/>\n\t<meta name=\"twitter:data2\" content=\"9 minutes\" \/>\n<script type=\"application\/ld+json\" class=\"yoast-schema-graph\">{\"@context\":\"https:\/\/schema.org\",\"@graph\":[{\"@type\":\"Article\",\"@id\":\"https:\/\/kapitalis.com\/tunisie\/2023\/07\/09\/les-tunisiens-des-xenophobes-qui-signorent\/#article\",\"isPartOf\":{\"@id\":\"https:\/\/kapitalis.com\/tunisie\/2023\/07\/09\/les-tunisiens-des-xenophobes-qui-signorent\/\"},\"author\":{\"name\":\"webmaster kapitalis\",\"@id\":\"https:\/\/kapitalis.com\/tunisie\/#\/schema\/person\/d71f33a9ca44f7bad4698210b480c8e9\"},\"headline\":\"Les Tunisiens, des x\u00e9nophobes qui s\u2019ignorent ?\",\"datePublished\":\"2023-07-09T11:35:26+00:00\",\"dateModified\":\"2023-07-09T11:35:28+00:00\",\"mainEntityOfPage\":{\"@id\":\"https:\/\/kapitalis.com\/tunisie\/2023\/07\/09\/les-tunisiens-des-xenophobes-qui-signorent\/\"},\"wordCount\":1784,\"commentCount\":6,\"publisher\":{\"@id\":\"https:\/\/kapitalis.com\/tunisie\/#organization\"},\"image\":{\"@id\":\"https:\/\/kapitalis.com\/tunisie\/2023\/07\/09\/les-tunisiens-des-xenophobes-qui-signorent\/#primaryimage\"},\"thumbnailUrl\":\"https:\/\/kapitalis.com\/tunisie\/wp-content\/uploads\/2023\/03\/Manifestation-contre-le-racisme-Mohamed-Messara-EPA-EFE-Shutterstock.jpg\",\"keywords\":[\"Liban\",\"Libye\",\"Maroc\",\"migrants subsahariens\",\"Moktar Lamari\",\"Racisme\",\"Sfax\",\"Tunisie\",\"x\u00e9nophobie\"],\"articleSection\":[\"A LA UNE\",\"SOCIETE\",\"TRIBUNE\",\"Tunisie\"],\"inLanguage\":\"fr-FR\",\"potentialAction\":[{\"@type\":\"CommentAction\",\"name\":\"Comment\",\"target\":[\"https:\/\/kapitalis.com\/tunisie\/2023\/07\/09\/les-tunisiens-des-xenophobes-qui-signorent\/#respond\"]}]},{\"@type\":\"WebPage\",\"@id\":\"https:\/\/kapitalis.com\/tunisie\/2023\/07\/09\/les-tunisiens-des-xenophobes-qui-signorent\/\",\"url\":\"https:\/\/kapitalis.com\/tunisie\/2023\/07\/09\/les-tunisiens-des-xenophobes-qui-signorent\/\",\"name\":\"Les Tunisiens, des x\u00e9nophobes qui s\u2019ignorent ? - Kapitalis\",\"isPartOf\":{\"@id\":\"https:\/\/kapitalis.com\/tunisie\/#website\"},\"primaryImageOfPage\":{\"@id\":\"https:\/\/kapitalis.com\/tunisie\/2023\/07\/09\/les-tunisiens-des-xenophobes-qui-signorent\/#primaryimage\"},\"image\":{\"@id\":\"https:\/\/kapitalis.com\/tunisie\/2023\/07\/09\/les-tunisiens-des-xenophobes-qui-signorent\/#primaryimage\"},\"thumbnailUrl\":\"https:\/\/kapitalis.com\/tunisie\/wp-content\/uploads\/2023\/03\/Manifestation-contre-le-racisme-Mohamed-Messara-EPA-EFE-Shutterstock.jpg\",\"datePublished\":\"2023-07-09T11:35:26+00:00\",\"dateModified\":\"2023-07-09T11:35:28+00:00\",\"breadcrumb\":{\"@id\":\"https:\/\/kapitalis.com\/tunisie\/2023\/07\/09\/les-tunisiens-des-xenophobes-qui-signorent\/#breadcrumb\"},\"inLanguage\":\"fr-FR\",\"potentialAction\":[{\"@type\":\"ReadAction\",\"target\":[\"https:\/\/kapitalis.com\/tunisie\/2023\/07\/09\/les-tunisiens-des-xenophobes-qui-signorent\/\"]}]},{\"@type\":\"ImageObject\",\"inLanguage\":\"fr-FR\",\"@id\":\"https:\/\/kapitalis.com\/tunisie\/2023\/07\/09\/les-tunisiens-des-xenophobes-qui-signorent\/#primaryimage\",\"url\":\"https:\/\/kapitalis.com\/tunisie\/wp-content\/uploads\/2023\/03\/Manifestation-contre-le-racisme-Mohamed-Messara-EPA-EFE-Shutterstock.jpg\",\"contentUrl\":\"https:\/\/kapitalis.com\/tunisie\/wp-content\/uploads\/2023\/03\/Manifestation-contre-le-racisme-Mohamed-Messara-EPA-EFE-Shutterstock.jpg\",\"width\":1200,\"height\":630},{\"@type\":\"BreadcrumbList\",\"@id\":\"https:\/\/kapitalis.com\/tunisie\/2023\/07\/09\/les-tunisiens-des-xenophobes-qui-signorent\/#breadcrumb\",\"itemListElement\":[{\"@type\":\"ListItem\",\"position\":1,\"name\":\"Accueil\",\"item\":\"https:\/\/kapitalis.com\/tunisie\/\"},{\"@type\":\"ListItem\",\"position\":2,\"name\":\"Les Tunisiens, des x\u00e9nophobes qui s\u2019ignorent ?\"}]},{\"@type\":\"WebSite\",\"@id\":\"https:\/\/kapitalis.com\/tunisie\/#website\",\"url\":\"https:\/\/kapitalis.com\/tunisie\/\",\"name\":\"Kapitalis\",\"description\":\"L&#039;actualit\u00e9 en Tunisie et dans le monde\",\"publisher\":{\"@id\":\"https:\/\/kapitalis.com\/tunisie\/#organization\"},\"potentialAction\":[{\"@type\":\"SearchAction\",\"target\":{\"@type\":\"EntryPoint\",\"urlTemplate\":\"https:\/\/kapitalis.com\/tunisie\/?s={search_term_string}\"},\"query-input\":{\"@type\":\"PropertyValueSpecification\",\"valueRequired\":true,\"valueName\":\"search_term_string\"}}],\"inLanguage\":\"fr-FR\"},{\"@type\":\"Organization\",\"@id\":\"https:\/\/kapitalis.com\/tunisie\/#organization\",\"name\":\"Kapitalis\",\"url\":\"https:\/\/kapitalis.com\/tunisie\/\",\"logo\":{\"@type\":\"ImageObject\",\"inLanguage\":\"fr-FR\",\"@id\":\"https:\/\/kapitalis.com\/tunisie\/#\/schema\/logo\/image\/\",\"url\":\"https:\/\/kapitalis.com\/tunisie\/wp-content\/uploads\/2022\/05\/Kapitalis-big-size.png\",\"contentUrl\":\"https:\/\/kapitalis.com\/tunisie\/wp-content\/uploads\/2022\/05\/Kapitalis-big-size.png\",\"width\":5000,\"height\":1500,\"caption\":\"Kapitalis\"},\"image\":{\"@id\":\"https:\/\/kapitalis.com\/tunisie\/#\/schema\/logo\/image\/\"},\"sameAs\":[\"https:\/\/www.facebook.com\/KapitalisInfo\/\",\"https:\/\/x.com\/KapitalisInfo\",\"https:\/\/www.youtube.com\/channel\/UC-yDYrHyfFBWWZaOw3FPg9Q\"]},{\"@type\":\"Person\",\"@id\":\"https:\/\/kapitalis.com\/tunisie\/#\/schema\/person\/d71f33a9ca44f7bad4698210b480c8e9\",\"name\":\"webmaster kapitalis\",\"url\":\"https:\/\/kapitalis.com\/tunisie\/author\/webmaster-kapitalis\/\"}]}<\/script>\n<!-- \/ Yoast SEO plugin. -->","yoast_head_json":{"title":"Les Tunisiens, des x\u00e9nophobes qui s\u2019ignorent ? - Kapitalis","robots":{"index":"index","follow":"follow","max-snippet":"max-snippet:-1","max-image-preview":"max-image-preview:large","max-video-preview":"max-video-preview:-1"},"canonical":"https:\/\/kapitalis.com\/tunisie\/2023\/07\/09\/les-tunisiens-des-xenophobes-qui-signorent\/","og_locale":"fr_FR","og_type":"article","og_title":"Les Tunisiens, des x\u00e9nophobes qui s\u2019ignorent ? - Kapitalis","og_description":"Les m\u00e9dias fran\u00e7ais ont tir\u00e9 \u00e0 boulets rouges sur la Tunisie et les Tunisiens jug\u00e9s sans discernement comme des racistes, des x\u00e9nophobes, des inhumains!","og_url":"https:\/\/kapitalis.com\/tunisie\/2023\/07\/09\/les-tunisiens-des-xenophobes-qui-signorent\/","og_site_name":"Kapitalis","article_publisher":"https:\/\/www.facebook.com\/KapitalisInfo\/","article_published_time":"2023-07-09T11:35:26+00:00","article_modified_time":"2023-07-09T11:35:28+00:00","og_image":[{"width":1200,"height":630,"url":"https:\/\/kapitalis.com\/tunisie\/wp-content\/uploads\/2023\/03\/Manifestation-contre-le-racisme-Mohamed-Messara-EPA-EFE-Shutterstock.jpg","type":"image\/jpeg"}],"author":"webmaster kapitalis","twitter_card":"summary_large_image","twitter_creator":"@KapitalisInfo","twitter_site":"@KapitalisInfo","twitter_misc":{"\u00c9crit par":"webmaster kapitalis","Dur\u00e9e de lecture estim\u00e9e":"9 minutes"},"schema":{"@context":"https:\/\/schema.org","@graph":[{"@type":"Article","@id":"https:\/\/kapitalis.com\/tunisie\/2023\/07\/09\/les-tunisiens-des-xenophobes-qui-signorent\/#article","isPartOf":{"@id":"https:\/\/kapitalis.com\/tunisie\/2023\/07\/09\/les-tunisiens-des-xenophobes-qui-signorent\/"},"author":{"name":"webmaster kapitalis","@id":"https:\/\/kapitalis.com\/tunisie\/#\/schema\/person\/d71f33a9ca44f7bad4698210b480c8e9"},"headline":"Les Tunisiens, des x\u00e9nophobes qui s\u2019ignorent ?","datePublished":"2023-07-09T11:35:26+00:00","dateModified":"2023-07-09T11:35:28+00:00","mainEntityOfPage":{"@id":"https:\/\/kapitalis.com\/tunisie\/2023\/07\/09\/les-tunisiens-des-xenophobes-qui-signorent\/"},"wordCount":1784,"commentCount":6,"publisher":{"@id":"https:\/\/kapitalis.com\/tunisie\/#organization"},"image":{"@id":"https:\/\/kapitalis.com\/tunisie\/2023\/07\/09\/les-tunisiens-des-xenophobes-qui-signorent\/#primaryimage"},"thumbnailUrl":"https:\/\/kapitalis.com\/tunisie\/wp-content\/uploads\/2023\/03\/Manifestation-contre-le-racisme-Mohamed-Messara-EPA-EFE-Shutterstock.jpg","keywords":["Liban","Libye","Maroc","migrants subsahariens","Moktar Lamari","Racisme","Sfax","Tunisie","x\u00e9nophobie"],"articleSection":["A LA UNE","SOCIETE","TRIBUNE","Tunisie"],"inLanguage":"fr-FR","potentialAction":[{"@type":"CommentAction","name":"Comment","target":["https:\/\/kapitalis.com\/tunisie\/2023\/07\/09\/les-tunisiens-des-xenophobes-qui-signorent\/#respond"]}]},{"@type":"WebPage","@id":"https:\/\/kapitalis.com\/tunisie\/2023\/07\/09\/les-tunisiens-des-xenophobes-qui-signorent\/","url":"https:\/\/kapitalis.com\/tunisie\/2023\/07\/09\/les-tunisiens-des-xenophobes-qui-signorent\/","name":"Les Tunisiens, des x\u00e9nophobes qui s\u2019ignorent ? - Kapitalis","isPartOf":{"@id":"https:\/\/kapitalis.com\/tunisie\/#website"},"primaryImageOfPage":{"@id":"https:\/\/kapitalis.com\/tunisie\/2023\/07\/09\/les-tunisiens-des-xenophobes-qui-signorent\/#primaryimage"},"image":{"@id":"https:\/\/kapitalis.com\/tunisie\/2023\/07\/09\/les-tunisiens-des-xenophobes-qui-signorent\/#primaryimage"},"thumbnailUrl":"https:\/\/kapitalis.com\/tunisie\/wp-content\/uploads\/2023\/03\/Manifestation-contre-le-racisme-Mohamed-Messara-EPA-EFE-Shutterstock.jpg","datePublished":"2023-07-09T11:35:26+00:00","dateModified":"2023-07-09T11:35:28+00:00","breadcrumb":{"@id":"https:\/\/kapitalis.com\/tunisie\/2023\/07\/09\/les-tunisiens-des-xenophobes-qui-signorent\/#breadcrumb"},"inLanguage":"fr-FR","potentialAction":[{"@type":"ReadAction","target":["https:\/\/kapitalis.com\/tunisie\/2023\/07\/09\/les-tunisiens-des-xenophobes-qui-signorent\/"]}]},{"@type":"ImageObject","inLanguage":"fr-FR","@id":"https:\/\/kapitalis.com\/tunisie\/2023\/07\/09\/les-tunisiens-des-xenophobes-qui-signorent\/#primaryimage","url":"https:\/\/kapitalis.com\/tunisie\/wp-content\/uploads\/2023\/03\/Manifestation-contre-le-racisme-Mohamed-Messara-EPA-EFE-Shutterstock.jpg","contentUrl":"https:\/\/kapitalis.com\/tunisie\/wp-content\/uploads\/2023\/03\/Manifestation-contre-le-racisme-Mohamed-Messara-EPA-EFE-Shutterstock.jpg","width":1200,"height":630},{"@type":"BreadcrumbList","@id":"https:\/\/kapitalis.com\/tunisie\/2023\/07\/09\/les-tunisiens-des-xenophobes-qui-signorent\/#breadcrumb","itemListElement":[{"@type":"ListItem","position":1,"name":"Accueil","item":"https:\/\/kapitalis.com\/tunisie\/"},{"@type":"ListItem","position":2,"name":"Les Tunisiens, des x\u00e9nophobes qui s\u2019ignorent ?"}]},{"@type":"WebSite","@id":"https:\/\/kapitalis.com\/tunisie\/#website","url":"https:\/\/kapitalis.com\/tunisie\/","name":"Kapitalis","description":"L&#039;actualit\u00e9 en Tunisie et dans le monde","publisher":{"@id":"https:\/\/kapitalis.com\/tunisie\/#organization"},"potentialAction":[{"@type":"SearchAction","target":{"@type":"EntryPoint","urlTemplate":"https:\/\/kapitalis.com\/tunisie\/?s={search_term_string}"},"query-input":{"@type":"PropertyValueSpecification","valueRequired":true,"valueName":"search_term_string"}}],"inLanguage":"fr-FR"},{"@type":"Organization","@id":"https:\/\/kapitalis.com\/tunisie\/#organization","name":"Kapitalis","url":"https:\/\/kapitalis.com\/tunisie\/","logo":{"@type":"ImageObject","inLanguage":"fr-FR","@id":"https:\/\/kapitalis.com\/tunisie\/#\/schema\/logo\/image\/","url":"https:\/\/kapitalis.com\/tunisie\/wp-content\/uploads\/2022\/05\/Kapitalis-big-size.png","contentUrl":"https:\/\/kapitalis.com\/tunisie\/wp-content\/uploads\/2022\/05\/Kapitalis-big-size.png","width":5000,"height":1500,"caption":"Kapitalis"},"image":{"@id":"https:\/\/kapitalis.com\/tunisie\/#\/schema\/logo\/image\/"},"sameAs":["https:\/\/www.facebook.com\/KapitalisInfo\/","https:\/\/x.com\/KapitalisInfo","https:\/\/www.youtube.com\/channel\/UC-yDYrHyfFBWWZaOw3FPg9Q"]},{"@type":"Person","@id":"https:\/\/kapitalis.com\/tunisie\/#\/schema\/person\/d71f33a9ca44f7bad4698210b480c8e9","name":"webmaster kapitalis","url":"https:\/\/kapitalis.com\/tunisie\/author\/webmaster-kapitalis\/"}]}},"_links":{"self":[{"href":"https:\/\/kapitalis.com\/tunisie\/wp-json\/wp\/v2\/posts\/8726308","targetHints":{"allow":["GET"]}}],"collection":[{"href":"https:\/\/kapitalis.com\/tunisie\/wp-json\/wp\/v2\/posts"}],"about":[{"href":"https:\/\/kapitalis.com\/tunisie\/wp-json\/wp\/v2\/types\/post"}],"author":[{"embeddable":true,"href":"https:\/\/kapitalis.com\/tunisie\/wp-json\/wp\/v2\/users\/8"}],"replies":[{"embeddable":true,"href":"https:\/\/kapitalis.com\/tunisie\/wp-json\/wp\/v2\/comments?post=8726308"}],"version-history":[{"count":1,"href":"https:\/\/kapitalis.com\/tunisie\/wp-json\/wp\/v2\/posts\/8726308\/revisions"}],"predecessor-version":[{"id":8726389,"href":"https:\/\/kapitalis.com\/tunisie\/wp-json\/wp\/v2\/posts\/8726308\/revisions\/8726389"}],"wp:featuredmedia":[{"embeddable":true,"href":"https:\/\/kapitalis.com\/tunisie\/wp-json\/wp\/v2\/media\/6740987"}],"wp:attachment":[{"href":"https:\/\/kapitalis.com\/tunisie\/wp-json\/wp\/v2\/media?parent=8726308"}],"wp:term":[{"taxonomy":"category","embeddable":true,"href":"https:\/\/kapitalis.com\/tunisie\/wp-json\/wp\/v2\/categories?post=8726308"},{"taxonomy":"post_tag","embeddable":true,"href":"https:\/\/kapitalis.com\/tunisie\/wp-json\/wp\/v2\/tags?post=8726308"}],"curies":[{"name":"wp","href":"https:\/\/api.w.org\/{rel}","templated":true}]}}