{"id":8726877,"date":"2023-07-09T13:27:50","date_gmt":"2023-07-09T12:27:50","guid":{"rendered":"https:\/\/kapitalis.com\/tunisie\/?p=8726877"},"modified":"2023-07-09T13:30:41","modified_gmt":"2023-07-09T12:30:41","slug":"laide-humanitaire-aux-migrants-deportes-confiee-au-crt","status":"publish","type":"post","link":"https:\/\/kapitalis.com\/tunisie\/2023\/07\/09\/laide-humanitaire-aux-migrants-deportes-confiee-au-crt\/","title":{"rendered":"L\u2019aide humanitaire aux migrants d\u00e9port\u00e9s confi\u00e9e au Croissant rouge tunisien \u00a0"},"content":{"rendered":"\n<p><strong><em>Mustapha Abdelkebir, pr\u00e9sident de l\u2019Observatoire tunisien des droits de l\u2019homme (OTDH), a confirm\u00e9 l\u2019arriv\u00e9e du pr\u00e9sident du Croissant rouge tunisien (CRT), Abdellatif Chabou, ce matin, dimanche 9 juillet 2023, \u00e0 Ben Guerdane (Medenine), ville frontali\u00e8re avec la Libye.<\/em><\/strong><\/p>\n\n\n\n<!--more-->\n\n\n\n<p>Dans une d\u00e9claration \u00e0 <a href=\"https:\/\/www.mosaiquefm.net\/ar\/%D8%AA%D9%88%D9%86%D8%B3-%D8%A3%D8%AE%D8%A8%D8%A7%D8%B1-%D9%88%D8%B7%D9%86%D9%8A%D8%A9\/1177004\/%D9%88%D9%81%D8%AF-%D8%B9%D9%86-%D8%A7%D9%84%D9%87%D9%84%D8%A7%D9%84-%D8%A7%D9%84%D8%A3%D8%AD%D9%85%D8%B1-%D9%81%D9%8A-%D8%A7%D9%84%D8%AD%D8%AF%D9%88%D8%AF-%D8%A7%D9%84%D8%AA%D9%88%D9%86%D8%B3%D9%8A%D8%A9-%D8%A7%D9%84%D9%84%D9%8A%D8%A8%D9%8A%D8%A9-%D9%84%D9%85%D8%B3%D8%A7%D8%B9%D8%AF%D8%A9-%D8%A7%D9%84%D9%85%D9%87%D8%A7%D8%AC%D8%B1%D9%8A%D9%86\" target=\"_blank\" rel=\"noreferrer noopener\">Mosa\u00efque FM<\/a>, Abdelkebir a ajout\u00e9 que, d\u00e8s son arriv\u00e9e, Chabou a rejoint, accompagn\u00e9 d\u2019un groupe de b\u00e9n\u00e9voles, une zone frontali\u00e8re avec la Libye o\u00f9 sont bloqu\u00e9s, depuis quelques jours, des migrants ill\u00e9gaux subsahariens.<\/p>\n\n\n\n<p>Selon certaines sources, ces migrants avaient \u00e9t\u00e9 d\u00e9port\u00e9s de Sfax, o\u00f9 des affrontements les ont oppos\u00e9s, cette semaine, aux habitants de la ville.<\/p>\n\n\n\n<p>Rappelons qu\u2019Abdellatif Chabou avait \u00e9t\u00e9 re\u00e7u, hier, par le pr\u00e9sident de la r\u00e9publique Ka\u00efs Sa\u00efed et la rencontre avait port\u00e9 sur le r\u00f4le du CRT dans l\u2019aide aux migrants se trouvant encore sur le territoire tunisien et notamment ceux bloqu\u00e9s aux fronti\u00e8res avec les pays voisins, et ce en coop\u00e9ration avec les autorit\u00e9s concern\u00e9es, selon un communiqu\u00e9 de la pr\u00e9sidence e la r\u00e9publique publi\u00e9 hier.<\/p>\n\n\n<div class=\"wp-block-image\">\n<figure class=\"aligncenter size-full\"><img loading=\"lazy\" decoding=\"async\" width=\"800\" height=\"400\" src=\"https:\/\/kapitalis.com\/tunisie\/wp-content\/uploads\/2023\/07\/Post-Presidence-de-la-republique.jpg\" alt=\"\" class=\"wp-image-8726970\" srcset=\"https:\/\/kapitalis.com\/tunisie\/wp-content\/uploads\/2023\/07\/Post-Presidence-de-la-republique.jpg 800w, https:\/\/kapitalis.com\/tunisie\/wp-content\/uploads\/2023\/07\/Post-Presidence-de-la-republique-300x150.jpg 300w, https:\/\/kapitalis.com\/tunisie\/wp-content\/uploads\/2023\/07\/Post-Presidence-de-la-republique-768x384.jpg 768w, https:\/\/kapitalis.com\/tunisie\/wp-content\/uploads\/2023\/07\/Post-Presidence-de-la-republique-580x290.jpg 580w\" sizes=\"auto, (max-width: 800px) 100vw, 800px\" \/><\/figure>\n<\/div>\n\n\n<p><em>\u00abUne d\u00e9l\u00e9gation va rejoindre la zone o\u00f9 se trouvent les migrants d\u00e9port\u00e9s afin qu\u2019ils ne restent pas dans des conditions inhumaines, parce que la Tunisie donne des le\u00e7ons dans ce domaine \u00e0 ceux qui lui font de la surench\u00e8re et qui trouvent, \u00e0 l\u2019int\u00e9rieur, des personnes ayant vendu leur honneur, s\u2019il leur en reste encore, et se sont jet\u00e9s dans les bras des cercles qui cherchent \u00e0 d\u00e9truire les nations\u00bb<\/em>, lit-on dans le m\u00eame communiqu\u00e9, dans une r\u00e9ponse aux parties, nationales et internationales, qui ont critiqu\u00e9 la d\u00e9portation des migrants subsahariens dans le sud et l\u2019ouest du pays, aux fronti\u00e8res avec la Libye et l\u2019Alg\u00e9rie. &nbsp;<\/p>\n\n\n\n<p>Il semble donc que les autorit\u00e9s tunisiennes ont pr\u00e9f\u00e9r\u00e9 rester en retrait du probl\u00e8me des migrants \u00e9trangers sur son territoire en chargeant une organisation de la soci\u00e9t\u00e9 civile, le CRT en l\u2019occurrence, et ses partenaires nationaux et internationaux, de g\u00e9rer ce probl\u00e8me, au moins sur le plan humanitaire.<\/p>\n\n\n\n<p class=\"has-text-align-right\"><strong>I. B.<\/strong><\/p>\n\n\n\n<figure class=\"wp-block-embed is-type-wp-embed is-provider-kapitalis wp-block-embed-kapitalis\"><div class=\"wp-block-embed__wrapper\">\n<blockquote class=\"wp-embedded-content\" data-secret=\"9HIPI7l1su\"><a href=\"https:\/\/kapitalis.com\/tunisie\/2023\/07\/09\/le-desastre-de-la-persecution-de-nos-freres-subsahariens-a-sfax\/\">Le d\u00e9sastre de la pers\u00e9cution de nos fr\u00e8res Subsahariens \u00e0 Sfax<\/a><\/blockquote><iframe loading=\"lazy\" class=\"wp-embedded-content\" sandbox=\"allow-scripts\" security=\"restricted\" style=\"position: absolute; clip: rect(1px, 1px, 1px, 1px);\" title=\"\u00ab\u00a0Le d\u00e9sastre de la pers\u00e9cution de nos fr\u00e8res Subsahariens \u00e0 Sfax\u00a0\u00bb &#8212; Kapitalis\" src=\"https:\/\/kapitalis.com\/tunisie\/2023\/07\/09\/le-desastre-de-la-persecution-de-nos-freres-subsahariens-a-sfax\/embed\/#?secret=B2hUM8Zvbf#?secret=9HIPI7l1su\" data-secret=\"9HIPI7l1su\" width=\"600\" height=\"338\" frameborder=\"0\" marginwidth=\"0\" marginheight=\"0\" scrolling=\"no\"><\/iframe>\n<\/div><\/figure>\n","protected":false},"excerpt":{"rendered":"<p>Le Croissant rouge tunisien (CRT) va se charger de l&rsquo;aide humanitaire aux migrants subsahariens. <\/p>\n","protected":false},"author":8,"featured_media":8726991,"comment_status":"open","ping_status":"open","sticky":false,"template":"","format":"standard","meta":{"footnotes":""},"categories":[997,998,2433],"tags":[98489,78547,76012,85766,5213,823],"class_list":["post-8726877","post","type-post","status-publish","format-standard","has-post-thumbnail","hentry","category-politique","category-societe","category-tunisie","tag-abdellatif-chabbou","tag-croissant-rouge-tunisien-2","tag-kais-saied-2","tag-migrants-subsahariens","tag-mustapha-abdelkebir","tag-sfax"],"yoast_head":"<!-- This site is optimized with the Yoast SEO plugin v26.6 - https:\/\/yoast.com\/wordpress\/plugins\/seo\/ -->\n<title>L\u2019aide humanitaire aux migrants d\u00e9port\u00e9s confi\u00e9e au Croissant rouge tunisien \u00a0 - Kapitalis<\/title>\n<meta name=\"robots\" content=\"index, follow, max-snippet:-1, max-image-preview:large, max-video-preview:-1\" \/>\n<link rel=\"canonical\" href=\"https:\/\/kapitalis.com\/tunisie\/2023\/07\/09\/laide-humanitaire-aux-migrants-deportes-confiee-au-crt\/\" \/>\n<meta property=\"og:locale\" content=\"fr_FR\" \/>\n<meta property=\"og:type\" content=\"article\" \/>\n<meta property=\"og:title\" content=\"L\u2019aide humanitaire aux migrants d\u00e9port\u00e9s confi\u00e9e au Croissant rouge tunisien \u00a0 - Kapitalis\" \/>\n<meta property=\"og:description\" content=\"Le Croissant rouge tunisien (CRT) va se charger de l&#039;aide humanitaire aux migrants subsahariens.\" \/>\n<meta property=\"og:url\" content=\"https:\/\/kapitalis.com\/tunisie\/2023\/07\/09\/laide-humanitaire-aux-migrants-deportes-confiee-au-crt\/\" \/>\n<meta property=\"og:site_name\" content=\"Kapitalis\" \/>\n<meta property=\"article:publisher\" content=\"https:\/\/www.facebook.com\/KapitalisInfo\/\" \/>\n<meta property=\"article:published_time\" content=\"2023-07-09T12:27:50+00:00\" \/>\n<meta property=\"article:modified_time\" content=\"2023-07-09T12:30:41+00:00\" \/>\n<meta property=\"og:image\" content=\"https:\/\/kapitalis.com\/tunisie\/wp-content\/uploads\/2023\/07\/Kais-Saied-Abdellatif-Chabou.jpg\" \/>\n\t<meta property=\"og:image:width\" content=\"1200\" \/>\n\t<meta property=\"og:image:height\" content=\"630\" \/>\n\t<meta property=\"og:image:type\" content=\"image\/jpeg\" \/>\n<meta name=\"author\" content=\"webmaster kapitalis\" \/>\n<meta name=\"twitter:card\" content=\"summary_large_image\" \/>\n<meta name=\"twitter:creator\" content=\"@KapitalisInfo\" \/>\n<meta name=\"twitter:site\" content=\"@KapitalisInfo\" \/>\n<meta name=\"twitter:label1\" content=\"\u00c9crit par\" \/>\n\t<meta name=\"twitter:data1\" content=\"webmaster kapitalis\" \/>\n\t<meta name=\"twitter:label2\" content=\"Dur\u00e9e de lecture estim\u00e9e\" \/>\n\t<meta name=\"twitter:data2\" content=\"2 minutes\" \/>\n<script type=\"application\/ld+json\" class=\"yoast-schema-graph\">{\"@context\":\"https:\/\/schema.org\",\"@graph\":[{\"@type\":\"Article\",\"@id\":\"https:\/\/kapitalis.com\/tunisie\/2023\/07\/09\/laide-humanitaire-aux-migrants-deportes-confiee-au-crt\/#article\",\"isPartOf\":{\"@id\":\"https:\/\/kapitalis.com\/tunisie\/2023\/07\/09\/laide-humanitaire-aux-migrants-deportes-confiee-au-crt\/\"},\"author\":{\"name\":\"webmaster kapitalis\",\"@id\":\"https:\/\/kapitalis.com\/tunisie\/#\/schema\/person\/d71f33a9ca44f7bad4698210b480c8e9\"},\"headline\":\"L\u2019aide humanitaire aux migrants d\u00e9port\u00e9s confi\u00e9e au Croissant rouge tunisien \u00a0\",\"datePublished\":\"2023-07-09T12:27:50+00:00\",\"dateModified\":\"2023-07-09T12:30:41+00:00\",\"mainEntityOfPage\":{\"@id\":\"https:\/\/kapitalis.com\/tunisie\/2023\/07\/09\/laide-humanitaire-aux-migrants-deportes-confiee-au-crt\/\"},\"wordCount\":393,\"commentCount\":0,\"publisher\":{\"@id\":\"https:\/\/kapitalis.com\/tunisie\/#organization\"},\"image\":{\"@id\":\"https:\/\/kapitalis.com\/tunisie\/2023\/07\/09\/laide-humanitaire-aux-migrants-deportes-confiee-au-crt\/#primaryimage\"},\"thumbnailUrl\":\"https:\/\/kapitalis.com\/tunisie\/wp-content\/uploads\/2023\/07\/Kais-Saied-Abdellatif-Chabou.jpg\",\"keywords\":[\"Abdellatif Chabbou\",\"Croissant rouge tunisien\",\"Ka\u00efs Sa\u00efed\",\"migrants subsahariens\",\"Mustapha Abdelkebir\",\"Sfax\"],\"articleSection\":[\"POLITIQUE\",\"SOCIETE\",\"Tunisie\"],\"inLanguage\":\"fr-FR\",\"potentialAction\":[{\"@type\":\"CommentAction\",\"name\":\"Comment\",\"target\":[\"https:\/\/kapitalis.com\/tunisie\/2023\/07\/09\/laide-humanitaire-aux-migrants-deportes-confiee-au-crt\/#respond\"]}]},{\"@type\":\"WebPage\",\"@id\":\"https:\/\/kapitalis.com\/tunisie\/2023\/07\/09\/laide-humanitaire-aux-migrants-deportes-confiee-au-crt\/\",\"url\":\"https:\/\/kapitalis.com\/tunisie\/2023\/07\/09\/laide-humanitaire-aux-migrants-deportes-confiee-au-crt\/\",\"name\":\"L\u2019aide humanitaire aux migrants d\u00e9port\u00e9s confi\u00e9e au Croissant rouge tunisien \u00a0 - Kapitalis\",\"isPartOf\":{\"@id\":\"https:\/\/kapitalis.com\/tunisie\/#website\"},\"primaryImageOfPage\":{\"@id\":\"https:\/\/kapitalis.com\/tunisie\/2023\/07\/09\/laide-humanitaire-aux-migrants-deportes-confiee-au-crt\/#primaryimage\"},\"image\":{\"@id\":\"https:\/\/kapitalis.com\/tunisie\/2023\/07\/09\/laide-humanitaire-aux-migrants-deportes-confiee-au-crt\/#primaryimage\"},\"thumbnailUrl\":\"https:\/\/kapitalis.com\/tunisie\/wp-content\/uploads\/2023\/07\/Kais-Saied-Abdellatif-Chabou.jpg\",\"datePublished\":\"2023-07-09T12:27:50+00:00\",\"dateModified\":\"2023-07-09T12:30:41+00:00\",\"breadcrumb\":{\"@id\":\"https:\/\/kapitalis.com\/tunisie\/2023\/07\/09\/laide-humanitaire-aux-migrants-deportes-confiee-au-crt\/#breadcrumb\"},\"inLanguage\":\"fr-FR\",\"potentialAction\":[{\"@type\":\"ReadAction\",\"target\":[\"https:\/\/kapitalis.com\/tunisie\/2023\/07\/09\/laide-humanitaire-aux-migrants-deportes-confiee-au-crt\/\"]}]},{\"@type\":\"ImageObject\",\"inLanguage\":\"fr-FR\",\"@id\":\"https:\/\/kapitalis.com\/tunisie\/2023\/07\/09\/laide-humanitaire-aux-migrants-deportes-confiee-au-crt\/#primaryimage\",\"url\":\"https:\/\/kapitalis.com\/tunisie\/wp-content\/uploads\/2023\/07\/Kais-Saied-Abdellatif-Chabou.jpg\",\"contentUrl\":\"https:\/\/kapitalis.com\/tunisie\/wp-content\/uploads\/2023\/07\/Kais-Saied-Abdellatif-Chabou.jpg\",\"width\":1200,\"height\":630},{\"@type\":\"BreadcrumbList\",\"@id\":\"https:\/\/kapitalis.com\/tunisie\/2023\/07\/09\/laide-humanitaire-aux-migrants-deportes-confiee-au-crt\/#breadcrumb\",\"itemListElement\":[{\"@type\":\"ListItem\",\"position\":1,\"name\":\"Accueil\",\"item\":\"https:\/\/kapitalis.com\/tunisie\/\"},{\"@type\":\"ListItem\",\"position\":2,\"name\":\"L\u2019aide humanitaire aux migrants d\u00e9port\u00e9s confi\u00e9e au Croissant rouge tunisien \u00a0\"}]},{\"@type\":\"WebSite\",\"@id\":\"https:\/\/kapitalis.com\/tunisie\/#website\",\"url\":\"https:\/\/kapitalis.com\/tunisie\/\",\"name\":\"Kapitalis\",\"description\":\"L&#039;actualit\u00e9 en Tunisie et dans le monde\",\"publisher\":{\"@id\":\"https:\/\/kapitalis.com\/tunisie\/#organization\"},\"potentialAction\":[{\"@type\":\"SearchAction\",\"target\":{\"@type\":\"EntryPoint\",\"urlTemplate\":\"https:\/\/kapitalis.com\/tunisie\/?s={search_term_string}\"},\"query-input\":{\"@type\":\"PropertyValueSpecification\",\"valueRequired\":true,\"valueName\":\"search_term_string\"}}],\"inLanguage\":\"fr-FR\"},{\"@type\":\"Organization\",\"@id\":\"https:\/\/kapitalis.com\/tunisie\/#organization\",\"name\":\"Kapitalis\",\"url\":\"https:\/\/kapitalis.com\/tunisie\/\",\"logo\":{\"@type\":\"ImageObject\",\"inLanguage\":\"fr-FR\",\"@id\":\"https:\/\/kapitalis.com\/tunisie\/#\/schema\/logo\/image\/\",\"url\":\"https:\/\/kapitalis.com\/tunisie\/wp-content\/uploads\/2022\/05\/Kapitalis-big-size.png\",\"contentUrl\":\"https:\/\/kapitalis.com\/tunisie\/wp-content\/uploads\/2022\/05\/Kapitalis-big-size.png\",\"width\":5000,\"height\":1500,\"caption\":\"Kapitalis\"},\"image\":{\"@id\":\"https:\/\/kapitalis.com\/tunisie\/#\/schema\/logo\/image\/\"},\"sameAs\":[\"https:\/\/www.facebook.com\/KapitalisInfo\/\",\"https:\/\/x.com\/KapitalisInfo\",\"https:\/\/www.youtube.com\/channel\/UC-yDYrHyfFBWWZaOw3FPg9Q\"]},{\"@type\":\"Person\",\"@id\":\"https:\/\/kapitalis.com\/tunisie\/#\/schema\/person\/d71f33a9ca44f7bad4698210b480c8e9\",\"name\":\"webmaster kapitalis\",\"url\":\"https:\/\/kapitalis.com\/tunisie\/author\/webmaster-kapitalis\/\"}]}<\/script>\n<!-- \/ Yoast SEO plugin. -->","yoast_head_json":{"title":"L\u2019aide humanitaire aux migrants d\u00e9port\u00e9s confi\u00e9e au Croissant rouge tunisien \u00a0 - Kapitalis","robots":{"index":"index","follow":"follow","max-snippet":"max-snippet:-1","max-image-preview":"max-image-preview:large","max-video-preview":"max-video-preview:-1"},"canonical":"https:\/\/kapitalis.com\/tunisie\/2023\/07\/09\/laide-humanitaire-aux-migrants-deportes-confiee-au-crt\/","og_locale":"fr_FR","og_type":"article","og_title":"L\u2019aide humanitaire aux migrants d\u00e9port\u00e9s confi\u00e9e au Croissant rouge tunisien \u00a0 - Kapitalis","og_description":"Le Croissant rouge tunisien (CRT) va se charger de l'aide humanitaire aux migrants subsahariens.","og_url":"https:\/\/kapitalis.com\/tunisie\/2023\/07\/09\/laide-humanitaire-aux-migrants-deportes-confiee-au-crt\/","og_site_name":"Kapitalis","article_publisher":"https:\/\/www.facebook.com\/KapitalisInfo\/","article_published_time":"2023-07-09T12:27:50+00:00","article_modified_time":"2023-07-09T12:30:41+00:00","og_image":[{"width":1200,"height":630,"url":"https:\/\/kapitalis.com\/tunisie\/wp-content\/uploads\/2023\/07\/Kais-Saied-Abdellatif-Chabou.jpg","type":"image\/jpeg"}],"author":"webmaster kapitalis","twitter_card":"summary_large_image","twitter_creator":"@KapitalisInfo","twitter_site":"@KapitalisInfo","twitter_misc":{"\u00c9crit par":"webmaster kapitalis","Dur\u00e9e de lecture estim\u00e9e":"2 minutes"},"schema":{"@context":"https:\/\/schema.org","@graph":[{"@type":"Article","@id":"https:\/\/kapitalis.com\/tunisie\/2023\/07\/09\/laide-humanitaire-aux-migrants-deportes-confiee-au-crt\/#article","isPartOf":{"@id":"https:\/\/kapitalis.com\/tunisie\/2023\/07\/09\/laide-humanitaire-aux-migrants-deportes-confiee-au-crt\/"},"author":{"name":"webmaster kapitalis","@id":"https:\/\/kapitalis.com\/tunisie\/#\/schema\/person\/d71f33a9ca44f7bad4698210b480c8e9"},"headline":"L\u2019aide humanitaire aux migrants d\u00e9port\u00e9s confi\u00e9e au Croissant rouge tunisien \u00a0","datePublished":"2023-07-09T12:27:50+00:00","dateModified":"2023-07-09T12:30:41+00:00","mainEntityOfPage":{"@id":"https:\/\/kapitalis.com\/tunisie\/2023\/07\/09\/laide-humanitaire-aux-migrants-deportes-confiee-au-crt\/"},"wordCount":393,"commentCount":0,"publisher":{"@id":"https:\/\/kapitalis.com\/tunisie\/#organization"},"image":{"@id":"https:\/\/kapitalis.com\/tunisie\/2023\/07\/09\/laide-humanitaire-aux-migrants-deportes-confiee-au-crt\/#primaryimage"},"thumbnailUrl":"https:\/\/kapitalis.com\/tunisie\/wp-content\/uploads\/2023\/07\/Kais-Saied-Abdellatif-Chabou.jpg","keywords":["Abdellatif Chabbou","Croissant rouge tunisien","Ka\u00efs Sa\u00efed","migrants subsahariens","Mustapha Abdelkebir","Sfax"],"articleSection":["POLITIQUE","SOCIETE","Tunisie"],"inLanguage":"fr-FR","potentialAction":[{"@type":"CommentAction","name":"Comment","target":["https:\/\/kapitalis.com\/tunisie\/2023\/07\/09\/laide-humanitaire-aux-migrants-deportes-confiee-au-crt\/#respond"]}]},{"@type":"WebPage","@id":"https:\/\/kapitalis.com\/tunisie\/2023\/07\/09\/laide-humanitaire-aux-migrants-deportes-confiee-au-crt\/","url":"https:\/\/kapitalis.com\/tunisie\/2023\/07\/09\/laide-humanitaire-aux-migrants-deportes-confiee-au-crt\/","name":"L\u2019aide humanitaire aux migrants d\u00e9port\u00e9s confi\u00e9e au Croissant rouge tunisien \u00a0 - Kapitalis","isPartOf":{"@id":"https:\/\/kapitalis.com\/tunisie\/#website"},"primaryImageOfPage":{"@id":"https:\/\/kapitalis.com\/tunisie\/2023\/07\/09\/laide-humanitaire-aux-migrants-deportes-confiee-au-crt\/#primaryimage"},"image":{"@id":"https:\/\/kapitalis.com\/tunisie\/2023\/07\/09\/laide-humanitaire-aux-migrants-deportes-confiee-au-crt\/#primaryimage"},"thumbnailUrl":"https:\/\/kapitalis.com\/tunisie\/wp-content\/uploads\/2023\/07\/Kais-Saied-Abdellatif-Chabou.jpg","datePublished":"2023-07-09T12:27:50+00:00","dateModified":"2023-07-09T12:30:41+00:00","breadcrumb":{"@id":"https:\/\/kapitalis.com\/tunisie\/2023\/07\/09\/laide-humanitaire-aux-migrants-deportes-confiee-au-crt\/#breadcrumb"},"inLanguage":"fr-FR","potentialAction":[{"@type":"ReadAction","target":["https:\/\/kapitalis.com\/tunisie\/2023\/07\/09\/laide-humanitaire-aux-migrants-deportes-confiee-au-crt\/"]}]},{"@type":"ImageObject","inLanguage":"fr-FR","@id":"https:\/\/kapitalis.com\/tunisie\/2023\/07\/09\/laide-humanitaire-aux-migrants-deportes-confiee-au-crt\/#primaryimage","url":"https:\/\/kapitalis.com\/tunisie\/wp-content\/uploads\/2023\/07\/Kais-Saied-Abdellatif-Chabou.jpg","contentUrl":"https:\/\/kapitalis.com\/tunisie\/wp-content\/uploads\/2023\/07\/Kais-Saied-Abdellatif-Chabou.jpg","width":1200,"height":630},{"@type":"BreadcrumbList","@id":"https:\/\/kapitalis.com\/tunisie\/2023\/07\/09\/laide-humanitaire-aux-migrants-deportes-confiee-au-crt\/#breadcrumb","itemListElement":[{"@type":"ListItem","position":1,"name":"Accueil","item":"https:\/\/kapitalis.com\/tunisie\/"},{"@type":"ListItem","position":2,"name":"L\u2019aide humanitaire aux migrants d\u00e9port\u00e9s confi\u00e9e au Croissant rouge tunisien \u00a0"}]},{"@type":"WebSite","@id":"https:\/\/kapitalis.com\/tunisie\/#website","url":"https:\/\/kapitalis.com\/tunisie\/","name":"Kapitalis","description":"L&#039;actualit\u00e9 en Tunisie et dans le monde","publisher":{"@id":"https:\/\/kapitalis.com\/tunisie\/#organization"},"potentialAction":[{"@type":"SearchAction","target":{"@type":"EntryPoint","urlTemplate":"https:\/\/kapitalis.com\/tunisie\/?s={search_term_string}"},"query-input":{"@type":"PropertyValueSpecification","valueRequired":true,"valueName":"search_term_string"}}],"inLanguage":"fr-FR"},{"@type":"Organization","@id":"https:\/\/kapitalis.com\/tunisie\/#organization","name":"Kapitalis","url":"https:\/\/kapitalis.com\/tunisie\/","logo":{"@type":"ImageObject","inLanguage":"fr-FR","@id":"https:\/\/kapitalis.com\/tunisie\/#\/schema\/logo\/image\/","url":"https:\/\/kapitalis.com\/tunisie\/wp-content\/uploads\/2022\/05\/Kapitalis-big-size.png","contentUrl":"https:\/\/kapitalis.com\/tunisie\/wp-content\/uploads\/2022\/05\/Kapitalis-big-size.png","width":5000,"height":1500,"caption":"Kapitalis"},"image":{"@id":"https:\/\/kapitalis.com\/tunisie\/#\/schema\/logo\/image\/"},"sameAs":["https:\/\/www.facebook.com\/KapitalisInfo\/","https:\/\/x.com\/KapitalisInfo","https:\/\/www.youtube.com\/channel\/UC-yDYrHyfFBWWZaOw3FPg9Q"]},{"@type":"Person","@id":"https:\/\/kapitalis.com\/tunisie\/#\/schema\/person\/d71f33a9ca44f7bad4698210b480c8e9","name":"webmaster kapitalis","url":"https:\/\/kapitalis.com\/tunisie\/author\/webmaster-kapitalis\/"}]}},"_links":{"self":[{"href":"https:\/\/kapitalis.com\/tunisie\/wp-json\/wp\/v2\/posts\/8726877","targetHints":{"allow":["GET"]}}],"collection":[{"href":"https:\/\/kapitalis.com\/tunisie\/wp-json\/wp\/v2\/posts"}],"about":[{"href":"https:\/\/kapitalis.com\/tunisie\/wp-json\/wp\/v2\/types\/post"}],"author":[{"embeddable":true,"href":"https:\/\/kapitalis.com\/tunisie\/wp-json\/wp\/v2\/users\/8"}],"replies":[{"embeddable":true,"href":"https:\/\/kapitalis.com\/tunisie\/wp-json\/wp\/v2\/comments?post=8726877"}],"version-history":[{"count":2,"href":"https:\/\/kapitalis.com\/tunisie\/wp-json\/wp\/v2\/posts\/8726877\/revisions"}],"predecessor-version":[{"id":8727053,"href":"https:\/\/kapitalis.com\/tunisie\/wp-json\/wp\/v2\/posts\/8726877\/revisions\/8727053"}],"wp:featuredmedia":[{"embeddable":true,"href":"https:\/\/kapitalis.com\/tunisie\/wp-json\/wp\/v2\/media\/8726991"}],"wp:attachment":[{"href":"https:\/\/kapitalis.com\/tunisie\/wp-json\/wp\/v2\/media?parent=8726877"}],"wp:term":[{"taxonomy":"category","embeddable":true,"href":"https:\/\/kapitalis.com\/tunisie\/wp-json\/wp\/v2\/categories?post=8726877"},{"taxonomy":"post_tag","embeddable":true,"href":"https:\/\/kapitalis.com\/tunisie\/wp-json\/wp\/v2\/tags?post=8726877"}],"curies":[{"name":"wp","href":"https:\/\/api.w.org\/{rel}","templated":true}]}}