{"id":8738967,"date":"2023-07-10T08:40:23","date_gmt":"2023-07-10T07:40:23","guid":{"rendered":"https:\/\/kapitalis.com\/tunisie\/?p=8738967"},"modified":"2023-07-10T08:40:25","modified_gmt":"2023-07-10T07:40:25","slug":"premiers-secours-pour-les-migrants-irreguliers-bloques-a-ben-guerdane","status":"publish","type":"post","link":"https:\/\/kapitalis.com\/tunisie\/2023\/07\/10\/premiers-secours-pour-les-migrants-irreguliers-bloques-a-ben-guerdane\/","title":{"rendered":"Premiers secours pour les migrants irr\u00e9guliers bloqu\u00e9s \u00e0 Ben Guerdane"},"content":{"rendered":"\n<p><strong><em>Des \u00e9quipes du Croissant rouge tunisien (CRT) sont arriv\u00e9es dimanche 9 juillet 2023, \u00e0 Ben Guerdane, gouvernorat de M\u00e9denine, pour s\u2019enqu\u00e9rir de l\u2019\u00e9tat de sant\u00e9 et de la situation humanitaire des migrants irr\u00e9guliers bloqu\u00e9s sur la fronti\u00e8re tuniso-libyenne.<\/em><\/strong> <em>(Illustration: photo d&rsquo;archives. Yassine-Mahjoub)<\/em>.<\/p>\n\n\n\n<!--more-->\n\n\n\n<p>Ces migrants \u00e9taient venus de Libye et de Tunisie, et c\u2019est sur instruction du pr\u00e9sident de la r\u00e9publique Ka\u00efs Sa\u00efed que l\u2019\u00e9quipe du CRT a \u00e9t\u00e9 d\u00e9p\u00each\u00e9e pour leur venir en aide.<\/p>\n\n\n\n<p>L\u2019\u00e9quipe, conduite par le pr\u00e9sident de l\u2019organisation Abdellatif Chabou et son tr\u00e9sorier Tahar Cheniti, m\u00e8ne une mission humanitaire aupr\u00e8s des migrants, dont certains, ayant besoin de soins m\u00e9dicaux, ont \u00e9t\u00e9 transport\u00e9s \u00e0 l\u2019h\u00f4pital de Ben Guerdane. Il s\u2019agit d\u2019un homme souffrant d\u2019une fracture \u00e0 la jambe et d\u2019une femme enceinte au troisi\u00e8me mois, a expliqu\u00e9 la porte-parole du CRT Boutheina Gragba, dans une d\u00e9claration \u00e0 l\u2019<a href=\"https:\/\/www.tap.info.tn\/ar\/%D9%88%D9%8A%D8%A8-%D8%B3%D9%8A%D8%AA-%D8%A3%D9%87%D9%85-%D8%A7%D9%84%D8%A3%D8%AE%D8%A8%D8%A7%D8%B1-Portal-Top-News\/16442659-%D8%A7%D9%84%D9%87%D9%84%D8%A7%D9%84-%D8%A7%D9%84%D8%A3%D8%AD%D9%85%D8%B1\" target=\"_blank\" rel=\"noreferrer noopener\">agence Tap<\/a>.  \u00a0\u00a0\u00a0<\/p>\n\n\n\n<p>L\u2019\u00e9quipe m\u00e9dicale d\u00e9p\u00each\u00e9e sur place a effectu\u00e9 pendant toute la journ\u00e9e de dimanche 45 actes de secours pour de l\u00e9g\u00e8res blessures. Des quantit\u00e9s de nourritures ont \u00e9galement \u00e9t\u00e9 distribu\u00e9es (eau, lait et divers autres aliments). Certains migrants qui en ont fait la demande ont pu \u00e9galement communiquer avec leurs familles au pays, indique-t-on aussi. <\/p>\n\n\n\n<p>Quelque 200 migrants, dont le nombre total n\u2019a pas \u00e9t\u00e9 pr\u00e9cis\u00e9, ont fait part de leur d\u00e9sir de rentrer chez eux et le CRT a entam\u00e9 les d\u00e9marches aupr\u00e8s des organisations internationales concern\u00e9es pour garantir ce retour dans les meilleurs d\u00e9lais. Une liste de candidats au retour a \u00e9t\u00e9 dress\u00e9e \u00e0 cet effet. <\/p>\n\n\n\n<p>Il reste cependant \u00e0 savoir s&rsquo;il s&rsquo;agit l\u00e0 d&rsquo;une simple mission ponctuelle pour secourir un groupe limit\u00e9 de migrants ou de l&rsquo;amorce d&rsquo;une politique d&rsquo;Etat pour g\u00e9rer le probl\u00e8me de la migration ill\u00e9gale, qui d\u00e9passe largement le cas des migrants bloqu\u00e9s \u00e0 Ben Guerdane, dont beaucoup venaient de Sfax d&rsquo;o\u00f9 ils ont \u00e9t\u00e9 d\u00e9port\u00e9s dans cette zone frontali\u00e8re avec la Libye par des bus affr\u00e9t\u00e9s par les autorit\u00e9s s\u00e9curitaires. <\/p>\n\n\n\n<p class=\"has-text-align-right\"><strong>I. B.<\/strong> <\/p>\n\n\n\n<figure class=\"wp-block-embed is-type-wp-embed is-provider-kapitalis wp-block-embed-kapitalis\"><div class=\"wp-block-embed__wrapper\">\n<blockquote class=\"wp-embedded-content\" data-secret=\"N9Fl4aCYGt\"><a href=\"https:\/\/kapitalis.com\/tunisie\/2023\/07\/09\/laide-humanitaire-aux-migrants-deportes-confiee-au-crt\/\">L\u2019aide humanitaire aux migrants d\u00e9port\u00e9s confi\u00e9e au Croissant rouge tunisien \u00a0<\/a><\/blockquote><iframe loading=\"lazy\" class=\"wp-embedded-content\" sandbox=\"allow-scripts\" security=\"restricted\" style=\"position: absolute; clip: rect(1px, 1px, 1px, 1px);\" title=\"\u00ab\u00a0L\u2019aide humanitaire aux migrants d\u00e9port\u00e9s confi\u00e9e au Croissant rouge tunisien \u00a0\u00a0\u00bb &#8212; Kapitalis\" src=\"https:\/\/kapitalis.com\/tunisie\/2023\/07\/09\/laide-humanitaire-aux-migrants-deportes-confiee-au-crt\/embed\/#?secret=5oLmsYpfvB#?secret=N9Fl4aCYGt\" data-secret=\"N9Fl4aCYGt\" width=\"600\" height=\"338\" frameborder=\"0\" marginwidth=\"0\" marginheight=\"0\" scrolling=\"no\"><\/iframe>\n<\/div><\/figure>\n\n\n\n<p class=\"has-text-align-right\">\u00a0<\/p>\n","protected":false},"excerpt":{"rendered":"<p>Des \u00e9quipes du Croissant rouge tunisien (CRT) d\u00e9p\u00each\u00e9s \u00e0 Ben Guerdane pour secourir un groupe de migrants subsahariens. <\/p>\n","protected":false},"author":8,"featured_media":8145708,"comment_status":"open","ping_status":"open","sticky":false,"template":"","format":"standard","meta":{"footnotes":""},"categories":[998,2433],"tags":[109819,1818,109821,78547,78056,85766,109820],"class_list":["post-8738967","post","type-post","status-publish","format-standard","has-post-thumbnail","hentry","category-societe","category-tunisie","tag-abdellatif-chabou","tag-ben-guerdane","tag-boutheina-gragba","tag-croissant-rouge-tunisien-2","tag-medenine-2","tag-migrants-subsahariens","tag-tahar-cheniti"],"yoast_head":"<!-- This site is optimized with the Yoast SEO plugin v26.6 - https:\/\/yoast.com\/wordpress\/plugins\/seo\/ -->\n<title>Premiers secours pour les migrants irr\u00e9guliers bloqu\u00e9s \u00e0 Ben Guerdane - Kapitalis<\/title>\n<meta name=\"robots\" content=\"index, follow, max-snippet:-1, max-image-preview:large, max-video-preview:-1\" \/>\n<link rel=\"canonical\" href=\"https:\/\/kapitalis.com\/tunisie\/2023\/07\/10\/premiers-secours-pour-les-migrants-irreguliers-bloques-a-ben-guerdane\/\" \/>\n<meta property=\"og:locale\" content=\"fr_FR\" \/>\n<meta property=\"og:type\" content=\"article\" \/>\n<meta property=\"og:title\" content=\"Premiers secours pour les migrants irr\u00e9guliers bloqu\u00e9s \u00e0 Ben Guerdane - Kapitalis\" \/>\n<meta property=\"og:description\" content=\"Des \u00e9quipes du Croissant rouge tunisien (CRT) d\u00e9p\u00each\u00e9s \u00e0 Ben Guerdane pour secourir un groupe de migrants subsahariens.\" \/>\n<meta property=\"og:url\" content=\"https:\/\/kapitalis.com\/tunisie\/2023\/07\/10\/premiers-secours-pour-les-migrants-irreguliers-bloques-a-ben-guerdane\/\" \/>\n<meta property=\"og:site_name\" content=\"Kapitalis\" \/>\n<meta property=\"article:publisher\" content=\"https:\/\/www.facebook.com\/KapitalisInfo\/\" \/>\n<meta property=\"article:published_time\" content=\"2023-07-10T07:40:23+00:00\" \/>\n<meta property=\"article:modified_time\" content=\"2023-07-10T07:40:25+00:00\" \/>\n<meta property=\"og:image\" content=\"https:\/\/kapitalis.com\/tunisie\/wp-content\/uploads\/2023\/06\/Migrants-subsahariens-Ph.-Yassine-Mahjoub.jpg\" \/>\n\t<meta property=\"og:image:width\" content=\"1200\" \/>\n\t<meta property=\"og:image:height\" content=\"630\" \/>\n\t<meta property=\"og:image:type\" content=\"image\/jpeg\" \/>\n<meta name=\"author\" content=\"webmaster kapitalis\" \/>\n<meta name=\"twitter:card\" content=\"summary_large_image\" \/>\n<meta name=\"twitter:creator\" content=\"@KapitalisInfo\" \/>\n<meta name=\"twitter:site\" content=\"@KapitalisInfo\" \/>\n<meta name=\"twitter:label1\" content=\"\u00c9crit par\" \/>\n\t<meta name=\"twitter:data1\" content=\"webmaster kapitalis\" \/>\n\t<meta name=\"twitter:label2\" content=\"Dur\u00e9e de lecture estim\u00e9e\" \/>\n\t<meta name=\"twitter:data2\" content=\"2 minutes\" \/>\n<script type=\"application\/ld+json\" class=\"yoast-schema-graph\">{\"@context\":\"https:\/\/schema.org\",\"@graph\":[{\"@type\":\"Article\",\"@id\":\"https:\/\/kapitalis.com\/tunisie\/2023\/07\/10\/premiers-secours-pour-les-migrants-irreguliers-bloques-a-ben-guerdane\/#article\",\"isPartOf\":{\"@id\":\"https:\/\/kapitalis.com\/tunisie\/2023\/07\/10\/premiers-secours-pour-les-migrants-irreguliers-bloques-a-ben-guerdane\/\"},\"author\":{\"name\":\"webmaster kapitalis\",\"@id\":\"https:\/\/kapitalis.com\/tunisie\/#\/schema\/person\/d71f33a9ca44f7bad4698210b480c8e9\"},\"headline\":\"Premiers secours pour les migrants irr\u00e9guliers bloqu\u00e9s \u00e0 Ben Guerdane\",\"datePublished\":\"2023-07-10T07:40:23+00:00\",\"dateModified\":\"2023-07-10T07:40:25+00:00\",\"mainEntityOfPage\":{\"@id\":\"https:\/\/kapitalis.com\/tunisie\/2023\/07\/10\/premiers-secours-pour-les-migrants-irreguliers-bloques-a-ben-guerdane\/\"},\"wordCount\":388,\"commentCount\":1,\"publisher\":{\"@id\":\"https:\/\/kapitalis.com\/tunisie\/#organization\"},\"image\":{\"@id\":\"https:\/\/kapitalis.com\/tunisie\/2023\/07\/10\/premiers-secours-pour-les-migrants-irreguliers-bloques-a-ben-guerdane\/#primaryimage\"},\"thumbnailUrl\":\"https:\/\/kapitalis.com\/tunisie\/wp-content\/uploads\/2023\/06\/Migrants-subsahariens-Ph.-Yassine-Mahjoub.jpg\",\"keywords\":[\"Abdellatif Chabou\",\"Ben Guerdane\",\"Boutheina Gragba\",\"Croissant rouge tunisien\",\"M\u00e9denine\",\"migrants subsahariens\",\"Tahar Cheniti\"],\"articleSection\":[\"SOCIETE\",\"Tunisie\"],\"inLanguage\":\"fr-FR\",\"potentialAction\":[{\"@type\":\"CommentAction\",\"name\":\"Comment\",\"target\":[\"https:\/\/kapitalis.com\/tunisie\/2023\/07\/10\/premiers-secours-pour-les-migrants-irreguliers-bloques-a-ben-guerdane\/#respond\"]}]},{\"@type\":\"WebPage\",\"@id\":\"https:\/\/kapitalis.com\/tunisie\/2023\/07\/10\/premiers-secours-pour-les-migrants-irreguliers-bloques-a-ben-guerdane\/\",\"url\":\"https:\/\/kapitalis.com\/tunisie\/2023\/07\/10\/premiers-secours-pour-les-migrants-irreguliers-bloques-a-ben-guerdane\/\",\"name\":\"Premiers secours pour les migrants irr\u00e9guliers bloqu\u00e9s \u00e0 Ben Guerdane - Kapitalis\",\"isPartOf\":{\"@id\":\"https:\/\/kapitalis.com\/tunisie\/#website\"},\"primaryImageOfPage\":{\"@id\":\"https:\/\/kapitalis.com\/tunisie\/2023\/07\/10\/premiers-secours-pour-les-migrants-irreguliers-bloques-a-ben-guerdane\/#primaryimage\"},\"image\":{\"@id\":\"https:\/\/kapitalis.com\/tunisie\/2023\/07\/10\/premiers-secours-pour-les-migrants-irreguliers-bloques-a-ben-guerdane\/#primaryimage\"},\"thumbnailUrl\":\"https:\/\/kapitalis.com\/tunisie\/wp-content\/uploads\/2023\/06\/Migrants-subsahariens-Ph.-Yassine-Mahjoub.jpg\",\"datePublished\":\"2023-07-10T07:40:23+00:00\",\"dateModified\":\"2023-07-10T07:40:25+00:00\",\"breadcrumb\":{\"@id\":\"https:\/\/kapitalis.com\/tunisie\/2023\/07\/10\/premiers-secours-pour-les-migrants-irreguliers-bloques-a-ben-guerdane\/#breadcrumb\"},\"inLanguage\":\"fr-FR\",\"potentialAction\":[{\"@type\":\"ReadAction\",\"target\":[\"https:\/\/kapitalis.com\/tunisie\/2023\/07\/10\/premiers-secours-pour-les-migrants-irreguliers-bloques-a-ben-guerdane\/\"]}]},{\"@type\":\"ImageObject\",\"inLanguage\":\"fr-FR\",\"@id\":\"https:\/\/kapitalis.com\/tunisie\/2023\/07\/10\/premiers-secours-pour-les-migrants-irreguliers-bloques-a-ben-guerdane\/#primaryimage\",\"url\":\"https:\/\/kapitalis.com\/tunisie\/wp-content\/uploads\/2023\/06\/Migrants-subsahariens-Ph.-Yassine-Mahjoub.jpg\",\"contentUrl\":\"https:\/\/kapitalis.com\/tunisie\/wp-content\/uploads\/2023\/06\/Migrants-subsahariens-Ph.-Yassine-Mahjoub.jpg\",\"width\":1200,\"height\":630},{\"@type\":\"BreadcrumbList\",\"@id\":\"https:\/\/kapitalis.com\/tunisie\/2023\/07\/10\/premiers-secours-pour-les-migrants-irreguliers-bloques-a-ben-guerdane\/#breadcrumb\",\"itemListElement\":[{\"@type\":\"ListItem\",\"position\":1,\"name\":\"Accueil\",\"item\":\"https:\/\/kapitalis.com\/tunisie\/\"},{\"@type\":\"ListItem\",\"position\":2,\"name\":\"Premiers secours pour les migrants irr\u00e9guliers bloqu\u00e9s \u00e0 Ben Guerdane\"}]},{\"@type\":\"WebSite\",\"@id\":\"https:\/\/kapitalis.com\/tunisie\/#website\",\"url\":\"https:\/\/kapitalis.com\/tunisie\/\",\"name\":\"Kapitalis\",\"description\":\"L&#039;actualit\u00e9 en Tunisie et dans le monde\",\"publisher\":{\"@id\":\"https:\/\/kapitalis.com\/tunisie\/#organization\"},\"potentialAction\":[{\"@type\":\"SearchAction\",\"target\":{\"@type\":\"EntryPoint\",\"urlTemplate\":\"https:\/\/kapitalis.com\/tunisie\/?s={search_term_string}\"},\"query-input\":{\"@type\":\"PropertyValueSpecification\",\"valueRequired\":true,\"valueName\":\"search_term_string\"}}],\"inLanguage\":\"fr-FR\"},{\"@type\":\"Organization\",\"@id\":\"https:\/\/kapitalis.com\/tunisie\/#organization\",\"name\":\"Kapitalis\",\"url\":\"https:\/\/kapitalis.com\/tunisie\/\",\"logo\":{\"@type\":\"ImageObject\",\"inLanguage\":\"fr-FR\",\"@id\":\"https:\/\/kapitalis.com\/tunisie\/#\/schema\/logo\/image\/\",\"url\":\"https:\/\/kapitalis.com\/tunisie\/wp-content\/uploads\/2022\/05\/Kapitalis-big-size.png\",\"contentUrl\":\"https:\/\/kapitalis.com\/tunisie\/wp-content\/uploads\/2022\/05\/Kapitalis-big-size.png\",\"width\":5000,\"height\":1500,\"caption\":\"Kapitalis\"},\"image\":{\"@id\":\"https:\/\/kapitalis.com\/tunisie\/#\/schema\/logo\/image\/\"},\"sameAs\":[\"https:\/\/www.facebook.com\/KapitalisInfo\/\",\"https:\/\/x.com\/KapitalisInfo\",\"https:\/\/www.youtube.com\/channel\/UC-yDYrHyfFBWWZaOw3FPg9Q\"]},{\"@type\":\"Person\",\"@id\":\"https:\/\/kapitalis.com\/tunisie\/#\/schema\/person\/d71f33a9ca44f7bad4698210b480c8e9\",\"name\":\"webmaster kapitalis\",\"url\":\"https:\/\/kapitalis.com\/tunisie\/author\/webmaster-kapitalis\/\"}]}<\/script>\n<!-- \/ Yoast SEO plugin. -->","yoast_head_json":{"title":"Premiers secours pour les migrants irr\u00e9guliers bloqu\u00e9s \u00e0 Ben Guerdane - Kapitalis","robots":{"index":"index","follow":"follow","max-snippet":"max-snippet:-1","max-image-preview":"max-image-preview:large","max-video-preview":"max-video-preview:-1"},"canonical":"https:\/\/kapitalis.com\/tunisie\/2023\/07\/10\/premiers-secours-pour-les-migrants-irreguliers-bloques-a-ben-guerdane\/","og_locale":"fr_FR","og_type":"article","og_title":"Premiers secours pour les migrants irr\u00e9guliers bloqu\u00e9s \u00e0 Ben Guerdane - Kapitalis","og_description":"Des \u00e9quipes du Croissant rouge tunisien (CRT) d\u00e9p\u00each\u00e9s \u00e0 Ben Guerdane pour secourir un groupe de migrants subsahariens.","og_url":"https:\/\/kapitalis.com\/tunisie\/2023\/07\/10\/premiers-secours-pour-les-migrants-irreguliers-bloques-a-ben-guerdane\/","og_site_name":"Kapitalis","article_publisher":"https:\/\/www.facebook.com\/KapitalisInfo\/","article_published_time":"2023-07-10T07:40:23+00:00","article_modified_time":"2023-07-10T07:40:25+00:00","og_image":[{"width":1200,"height":630,"url":"https:\/\/kapitalis.com\/tunisie\/wp-content\/uploads\/2023\/06\/Migrants-subsahariens-Ph.-Yassine-Mahjoub.jpg","type":"image\/jpeg"}],"author":"webmaster kapitalis","twitter_card":"summary_large_image","twitter_creator":"@KapitalisInfo","twitter_site":"@KapitalisInfo","twitter_misc":{"\u00c9crit par":"webmaster kapitalis","Dur\u00e9e de lecture estim\u00e9e":"2 minutes"},"schema":{"@context":"https:\/\/schema.org","@graph":[{"@type":"Article","@id":"https:\/\/kapitalis.com\/tunisie\/2023\/07\/10\/premiers-secours-pour-les-migrants-irreguliers-bloques-a-ben-guerdane\/#article","isPartOf":{"@id":"https:\/\/kapitalis.com\/tunisie\/2023\/07\/10\/premiers-secours-pour-les-migrants-irreguliers-bloques-a-ben-guerdane\/"},"author":{"name":"webmaster kapitalis","@id":"https:\/\/kapitalis.com\/tunisie\/#\/schema\/person\/d71f33a9ca44f7bad4698210b480c8e9"},"headline":"Premiers secours pour les migrants irr\u00e9guliers bloqu\u00e9s \u00e0 Ben Guerdane","datePublished":"2023-07-10T07:40:23+00:00","dateModified":"2023-07-10T07:40:25+00:00","mainEntityOfPage":{"@id":"https:\/\/kapitalis.com\/tunisie\/2023\/07\/10\/premiers-secours-pour-les-migrants-irreguliers-bloques-a-ben-guerdane\/"},"wordCount":388,"commentCount":1,"publisher":{"@id":"https:\/\/kapitalis.com\/tunisie\/#organization"},"image":{"@id":"https:\/\/kapitalis.com\/tunisie\/2023\/07\/10\/premiers-secours-pour-les-migrants-irreguliers-bloques-a-ben-guerdane\/#primaryimage"},"thumbnailUrl":"https:\/\/kapitalis.com\/tunisie\/wp-content\/uploads\/2023\/06\/Migrants-subsahariens-Ph.-Yassine-Mahjoub.jpg","keywords":["Abdellatif Chabou","Ben Guerdane","Boutheina Gragba","Croissant rouge tunisien","M\u00e9denine","migrants subsahariens","Tahar Cheniti"],"articleSection":["SOCIETE","Tunisie"],"inLanguage":"fr-FR","potentialAction":[{"@type":"CommentAction","name":"Comment","target":["https:\/\/kapitalis.com\/tunisie\/2023\/07\/10\/premiers-secours-pour-les-migrants-irreguliers-bloques-a-ben-guerdane\/#respond"]}]},{"@type":"WebPage","@id":"https:\/\/kapitalis.com\/tunisie\/2023\/07\/10\/premiers-secours-pour-les-migrants-irreguliers-bloques-a-ben-guerdane\/","url":"https:\/\/kapitalis.com\/tunisie\/2023\/07\/10\/premiers-secours-pour-les-migrants-irreguliers-bloques-a-ben-guerdane\/","name":"Premiers secours pour les migrants irr\u00e9guliers bloqu\u00e9s \u00e0 Ben Guerdane - Kapitalis","isPartOf":{"@id":"https:\/\/kapitalis.com\/tunisie\/#website"},"primaryImageOfPage":{"@id":"https:\/\/kapitalis.com\/tunisie\/2023\/07\/10\/premiers-secours-pour-les-migrants-irreguliers-bloques-a-ben-guerdane\/#primaryimage"},"image":{"@id":"https:\/\/kapitalis.com\/tunisie\/2023\/07\/10\/premiers-secours-pour-les-migrants-irreguliers-bloques-a-ben-guerdane\/#primaryimage"},"thumbnailUrl":"https:\/\/kapitalis.com\/tunisie\/wp-content\/uploads\/2023\/06\/Migrants-subsahariens-Ph.-Yassine-Mahjoub.jpg","datePublished":"2023-07-10T07:40:23+00:00","dateModified":"2023-07-10T07:40:25+00:00","breadcrumb":{"@id":"https:\/\/kapitalis.com\/tunisie\/2023\/07\/10\/premiers-secours-pour-les-migrants-irreguliers-bloques-a-ben-guerdane\/#breadcrumb"},"inLanguage":"fr-FR","potentialAction":[{"@type":"ReadAction","target":["https:\/\/kapitalis.com\/tunisie\/2023\/07\/10\/premiers-secours-pour-les-migrants-irreguliers-bloques-a-ben-guerdane\/"]}]},{"@type":"ImageObject","inLanguage":"fr-FR","@id":"https:\/\/kapitalis.com\/tunisie\/2023\/07\/10\/premiers-secours-pour-les-migrants-irreguliers-bloques-a-ben-guerdane\/#primaryimage","url":"https:\/\/kapitalis.com\/tunisie\/wp-content\/uploads\/2023\/06\/Migrants-subsahariens-Ph.-Yassine-Mahjoub.jpg","contentUrl":"https:\/\/kapitalis.com\/tunisie\/wp-content\/uploads\/2023\/06\/Migrants-subsahariens-Ph.-Yassine-Mahjoub.jpg","width":1200,"height":630},{"@type":"BreadcrumbList","@id":"https:\/\/kapitalis.com\/tunisie\/2023\/07\/10\/premiers-secours-pour-les-migrants-irreguliers-bloques-a-ben-guerdane\/#breadcrumb","itemListElement":[{"@type":"ListItem","position":1,"name":"Accueil","item":"https:\/\/kapitalis.com\/tunisie\/"},{"@type":"ListItem","position":2,"name":"Premiers secours pour les migrants irr\u00e9guliers bloqu\u00e9s \u00e0 Ben Guerdane"}]},{"@type":"WebSite","@id":"https:\/\/kapitalis.com\/tunisie\/#website","url":"https:\/\/kapitalis.com\/tunisie\/","name":"Kapitalis","description":"L&#039;actualit\u00e9 en Tunisie et dans le monde","publisher":{"@id":"https:\/\/kapitalis.com\/tunisie\/#organization"},"potentialAction":[{"@type":"SearchAction","target":{"@type":"EntryPoint","urlTemplate":"https:\/\/kapitalis.com\/tunisie\/?s={search_term_string}"},"query-input":{"@type":"PropertyValueSpecification","valueRequired":true,"valueName":"search_term_string"}}],"inLanguage":"fr-FR"},{"@type":"Organization","@id":"https:\/\/kapitalis.com\/tunisie\/#organization","name":"Kapitalis","url":"https:\/\/kapitalis.com\/tunisie\/","logo":{"@type":"ImageObject","inLanguage":"fr-FR","@id":"https:\/\/kapitalis.com\/tunisie\/#\/schema\/logo\/image\/","url":"https:\/\/kapitalis.com\/tunisie\/wp-content\/uploads\/2022\/05\/Kapitalis-big-size.png","contentUrl":"https:\/\/kapitalis.com\/tunisie\/wp-content\/uploads\/2022\/05\/Kapitalis-big-size.png","width":5000,"height":1500,"caption":"Kapitalis"},"image":{"@id":"https:\/\/kapitalis.com\/tunisie\/#\/schema\/logo\/image\/"},"sameAs":["https:\/\/www.facebook.com\/KapitalisInfo\/","https:\/\/x.com\/KapitalisInfo","https:\/\/www.youtube.com\/channel\/UC-yDYrHyfFBWWZaOw3FPg9Q"]},{"@type":"Person","@id":"https:\/\/kapitalis.com\/tunisie\/#\/schema\/person\/d71f33a9ca44f7bad4698210b480c8e9","name":"webmaster kapitalis","url":"https:\/\/kapitalis.com\/tunisie\/author\/webmaster-kapitalis\/"}]}},"_links":{"self":[{"href":"https:\/\/kapitalis.com\/tunisie\/wp-json\/wp\/v2\/posts\/8738967","targetHints":{"allow":["GET"]}}],"collection":[{"href":"https:\/\/kapitalis.com\/tunisie\/wp-json\/wp\/v2\/posts"}],"about":[{"href":"https:\/\/kapitalis.com\/tunisie\/wp-json\/wp\/v2\/types\/post"}],"author":[{"embeddable":true,"href":"https:\/\/kapitalis.com\/tunisie\/wp-json\/wp\/v2\/users\/8"}],"replies":[{"embeddable":true,"href":"https:\/\/kapitalis.com\/tunisie\/wp-json\/wp\/v2\/comments?post=8738967"}],"version-history":[{"count":1,"href":"https:\/\/kapitalis.com\/tunisie\/wp-json\/wp\/v2\/posts\/8738967\/revisions"}],"predecessor-version":[{"id":8739268,"href":"https:\/\/kapitalis.com\/tunisie\/wp-json\/wp\/v2\/posts\/8738967\/revisions\/8739268"}],"wp:featuredmedia":[{"embeddable":true,"href":"https:\/\/kapitalis.com\/tunisie\/wp-json\/wp\/v2\/media\/8145708"}],"wp:attachment":[{"href":"https:\/\/kapitalis.com\/tunisie\/wp-json\/wp\/v2\/media?parent=8738967"}],"wp:term":[{"taxonomy":"category","embeddable":true,"href":"https:\/\/kapitalis.com\/tunisie\/wp-json\/wp\/v2\/categories?post=8738967"},{"taxonomy":"post_tag","embeddable":true,"href":"https:\/\/kapitalis.com\/tunisie\/wp-json\/wp\/v2\/tags?post=8738967"}],"curies":[{"name":"wp","href":"https:\/\/api.w.org\/{rel}","templated":true}]}}