{"id":8765,"date":"2015-08-05T18:03:52","date_gmt":"2015-08-05T17:03:52","guid":{"rendered":"http:\/\/kapitalis.com\/tunisie\/?p=8765"},"modified":"2015-08-05T18:03:52","modified_gmt":"2015-08-05T17:03:52","slug":"environnement-sfax-croule-de-nouveau-sous-les-poubelles","status":"publish","type":"post","link":"https:\/\/kapitalis.com\/tunisie\/2015\/08\/05\/environnement-sfax-croule-de-nouveau-sous-les-poubelles\/","title":{"rendered":"Environnement: Sfax croule de nouveau sous les poubelles"},"content":{"rendered":"<p><img loading=\"lazy\" decoding=\"async\" class=\"aligncenter size-full wp-image-8766\" src=\"http:\/\/kapitalis.com\/tunisie\/wp-content\/uploads\/2015\/08\/Sfax-ordures.jpg\" alt=\"Sfax-ordures\" width=\"626\" height=\"380\" \/><\/p>\n<p><em><strong>Des habitants de Sfax d\u00e9noncent \u00e0 nouveau l\u2019amoncellement des ordures et l\u2019\u00e9tat d\u2019insalubrit\u00e9 de leur ville.<\/strong><\/em><\/p>\n<p><!--more--><\/p>\n<p>Une page Facebook <a href=\"https:\/\/www.facebook.com\/pages\/N3ichou-ki-zebla-fi-poubela\/877533455628076?ref=profile\" target=\"_blank\"><em>\u00abN3ichou ki zebla fi poubela\u00bb<\/em><\/a>\u00a0 (On vit comme des ordures dans une poubelle) vient d\u2019\u00eatre cr\u00e9\u00e9e o\u00f9 des habitants de Sfax postent des photos d\u2019ordures s\u2019accumulant dans les rues, les stations de bus, les jardins publics et autres espaces.<\/p>\n<p>La ville avait enregistr\u00e9, en juin dernier, des perturbations dans la collecte des ordures, qui ont transform\u00e9 plusieurs quartiers en poubelles \u00e0 ciel ouvert.<\/p>\n<p style=\"text-align: center;\"><img loading=\"lazy\" decoding=\"async\" class=\"aligncenter size-full wp-image-8767\" src=\"http:\/\/kapitalis.com\/tunisie\/wp-content\/uploads\/2015\/08\/Sfax-Ordures-2.jpg\" alt=\"Sfax-Ordures-2\" width=\"500\" height=\"300\" \/><\/p>\n<p>Le probl\u00e8me a \u00e9t\u00e9 partiellement r\u00e9solu mais, depuis quelques jours, l\u2019amoncellement des ordures devient de nouveau inqui\u00e9tant et le risque de propagation de maladies et \u00e9pid\u00e9mies augmente avec des temp\u00e9ratures d\u00e9passant parfois 40\u00b0C.<\/p>\n<p><em>\u00abSans parler des invasions de moustiques et bestioles de tout genre, ainsi que les odeurs naus\u00e9abondes dans les rues de Sfax. Les op\u00e9rations de propret\u00e9 et de nettoyage initi\u00e9es par les citoyens ne suffissent pas pour r\u00e9soudre le probl\u00e8me, les autorit\u00e9s doivent nous aider\u00bb<\/em>, a expliqu\u00e9 Maya Ghorbel, une activiste de la soci\u00e9t\u00e9 civile.<\/p>\n<p style=\"text-align: center;\"><img loading=\"lazy\" decoding=\"async\" class=\"aligncenter size-full wp-image-8768\" src=\"http:\/\/kapitalis.com\/tunisie\/wp-content\/uploads\/2015\/08\/Sfax-ordures-3.jpg\" alt=\"Sfax-ordures-3\" width=\"500\" height=\"300\" \/><\/p>\n<p>Sfax est la 2e ville tunisienne et le 2e\u00a0 centre \u00e9conomique du pays\u2026<\/p>\n<p style=\"text-align: right;\"><strong>Y. N.<\/strong><\/p>\n","protected":false},"excerpt":{"rendered":"<p>Des habitants de Sfax d\u00e9noncent \u00e0 nouveau l\u2019amoncellement des ordures et l\u2019\u00e9tat d\u2019insalubrit\u00e9 de leur ville.<\/p>\n","protected":false},"author":5,"featured_media":8766,"comment_status":"open","ping_status":"open","sticky":false,"template":"","format":"standard","meta":{"footnotes":""},"categories":[998,2433],"tags":[1802,264,4135,4136,658,2592,1630,839],"class_list":["post-8765","post","type-post","status-publish","format-standard","has-post-thumbnail","hentry","category-societe","category-tunisie","tag-activiste","tag-dechets","tag-epidemie","tag-insalubrite","tag-nettoyage","tag-poubelles","tag-proprete","tag-societe-civile"],"yoast_head":"<!-- This site is optimized with the Yoast SEO plugin v26.6 - https:\/\/yoast.com\/wordpress\/plugins\/seo\/ -->\n<title>Environnement: Sfax croule de nouveau sous les poubelles - Kapitalis<\/title>\n<meta name=\"robots\" content=\"index, follow, max-snippet:-1, max-image-preview:large, max-video-preview:-1\" \/>\n<link rel=\"canonical\" href=\"https:\/\/kapitalis.com\/tunisie\/2015\/08\/05\/environnement-sfax-croule-de-nouveau-sous-les-poubelles\/\" \/>\n<meta property=\"og:locale\" content=\"fr_FR\" \/>\n<meta property=\"og:type\" content=\"article\" \/>\n<meta property=\"og:title\" content=\"Environnement: Sfax croule de nouveau sous les poubelles - Kapitalis\" \/>\n<meta property=\"og:description\" content=\"Des habitants de Sfax d\u00e9noncent \u00e0 nouveau l\u2019amoncellement des ordures et l\u2019\u00e9tat d\u2019insalubrit\u00e9 de leur ville.\" \/>\n<meta property=\"og:url\" content=\"https:\/\/kapitalis.com\/tunisie\/2015\/08\/05\/environnement-sfax-croule-de-nouveau-sous-les-poubelles\/\" \/>\n<meta property=\"og:site_name\" content=\"Kapitalis\" \/>\n<meta property=\"article:publisher\" content=\"https:\/\/www.facebook.com\/KapitalisInfo\/\" \/>\n<meta property=\"article:published_time\" content=\"2015-08-05T17:03:52+00:00\" \/>\n<meta property=\"og:image\" content=\"https:\/\/kapitalis.com\/tunisie\/wp-content\/uploads\/2022\/05\/kapitalis-logo-fb.png\" \/>\n\t<meta property=\"og:image:width\" content=\"1200\" \/>\n\t<meta property=\"og:image:height\" content=\"630\" \/>\n\t<meta property=\"og:image:type\" content=\"image\/png\" \/>\n<meta name=\"author\" content=\"Ridha Elkefi\" \/>\n<meta name=\"twitter:card\" content=\"summary_large_image\" \/>\n<meta name=\"twitter:creator\" content=\"@KapitalisInfo\" \/>\n<meta name=\"twitter:site\" content=\"@KapitalisInfo\" \/>\n<meta name=\"twitter:label1\" content=\"\u00c9crit par\" \/>\n\t<meta name=\"twitter:data1\" content=\"Ridha Elkefi\" \/>\n\t<meta name=\"twitter:label2\" content=\"Dur\u00e9e de lecture estim\u00e9e\" \/>\n\t<meta name=\"twitter:data2\" content=\"1 minute\" \/>\n<script type=\"application\/ld+json\" class=\"yoast-schema-graph\">{\"@context\":\"https:\/\/schema.org\",\"@graph\":[{\"@type\":\"Article\",\"@id\":\"https:\/\/kapitalis.com\/tunisie\/2015\/08\/05\/environnement-sfax-croule-de-nouveau-sous-les-poubelles\/#article\",\"isPartOf\":{\"@id\":\"https:\/\/kapitalis.com\/tunisie\/2015\/08\/05\/environnement-sfax-croule-de-nouveau-sous-les-poubelles\/\"},\"author\":{\"name\":\"Ridha Elkefi\",\"@id\":\"https:\/\/kapitalis.com\/tunisie\/#\/schema\/person\/16627fc9b2fc0116230e88af071eebab\"},\"headline\":\"Environnement: Sfax croule de nouveau sous les poubelles\",\"datePublished\":\"2015-08-05T17:03:52+00:00\",\"mainEntityOfPage\":{\"@id\":\"https:\/\/kapitalis.com\/tunisie\/2015\/08\/05\/environnement-sfax-croule-de-nouveau-sous-les-poubelles\/\"},\"wordCount\":213,\"commentCount\":2,\"publisher\":{\"@id\":\"https:\/\/kapitalis.com\/tunisie\/#organization\"},\"image\":{\"@id\":\"https:\/\/kapitalis.com\/tunisie\/2015\/08\/05\/environnement-sfax-croule-de-nouveau-sous-les-poubelles\/#primaryimage\"},\"thumbnailUrl\":\"\",\"keywords\":[\"activiste\",\"d\u00e9chets\",\"\u00e9pid\u00e9mie\",\"insalubrit\u00e9\",\"nettoyage\",\"poubelles\",\"propret\u00e9\",\"soci\u00e9t\u00e9 civile\"],\"articleSection\":[\"SOCIETE\",\"Tunisie\"],\"inLanguage\":\"fr-FR\",\"potentialAction\":[{\"@type\":\"CommentAction\",\"name\":\"Comment\",\"target\":[\"https:\/\/kapitalis.com\/tunisie\/2015\/08\/05\/environnement-sfax-croule-de-nouveau-sous-les-poubelles\/#respond\"]}]},{\"@type\":\"WebPage\",\"@id\":\"https:\/\/kapitalis.com\/tunisie\/2015\/08\/05\/environnement-sfax-croule-de-nouveau-sous-les-poubelles\/\",\"url\":\"https:\/\/kapitalis.com\/tunisie\/2015\/08\/05\/environnement-sfax-croule-de-nouveau-sous-les-poubelles\/\",\"name\":\"Environnement: Sfax croule de nouveau sous les poubelles - Kapitalis\",\"isPartOf\":{\"@id\":\"https:\/\/kapitalis.com\/tunisie\/#website\"},\"primaryImageOfPage\":{\"@id\":\"https:\/\/kapitalis.com\/tunisie\/2015\/08\/05\/environnement-sfax-croule-de-nouveau-sous-les-poubelles\/#primaryimage\"},\"image\":{\"@id\":\"https:\/\/kapitalis.com\/tunisie\/2015\/08\/05\/environnement-sfax-croule-de-nouveau-sous-les-poubelles\/#primaryimage\"},\"thumbnailUrl\":\"\",\"datePublished\":\"2015-08-05T17:03:52+00:00\",\"breadcrumb\":{\"@id\":\"https:\/\/kapitalis.com\/tunisie\/2015\/08\/05\/environnement-sfax-croule-de-nouveau-sous-les-poubelles\/#breadcrumb\"},\"inLanguage\":\"fr-FR\",\"potentialAction\":[{\"@type\":\"ReadAction\",\"target\":[\"https:\/\/kapitalis.com\/tunisie\/2015\/08\/05\/environnement-sfax-croule-de-nouveau-sous-les-poubelles\/\"]}]},{\"@type\":\"ImageObject\",\"inLanguage\":\"fr-FR\",\"@id\":\"https:\/\/kapitalis.com\/tunisie\/2015\/08\/05\/environnement-sfax-croule-de-nouveau-sous-les-poubelles\/#primaryimage\",\"url\":\"\",\"contentUrl\":\"\"},{\"@type\":\"BreadcrumbList\",\"@id\":\"https:\/\/kapitalis.com\/tunisie\/2015\/08\/05\/environnement-sfax-croule-de-nouveau-sous-les-poubelles\/#breadcrumb\",\"itemListElement\":[{\"@type\":\"ListItem\",\"position\":1,\"name\":\"Accueil\",\"item\":\"https:\/\/kapitalis.com\/tunisie\/\"},{\"@type\":\"ListItem\",\"position\":2,\"name\":\"Environnement: Sfax croule de nouveau sous les poubelles\"}]},{\"@type\":\"WebSite\",\"@id\":\"https:\/\/kapitalis.com\/tunisie\/#website\",\"url\":\"https:\/\/kapitalis.com\/tunisie\/\",\"name\":\"Kapitalis\",\"description\":\"L&#039;actualit\u00e9 en Tunisie et dans le monde\",\"publisher\":{\"@id\":\"https:\/\/kapitalis.com\/tunisie\/#organization\"},\"potentialAction\":[{\"@type\":\"SearchAction\",\"target\":{\"@type\":\"EntryPoint\",\"urlTemplate\":\"https:\/\/kapitalis.com\/tunisie\/?s={search_term_string}\"},\"query-input\":{\"@type\":\"PropertyValueSpecification\",\"valueRequired\":true,\"valueName\":\"search_term_string\"}}],\"inLanguage\":\"fr-FR\"},{\"@type\":\"Organization\",\"@id\":\"https:\/\/kapitalis.com\/tunisie\/#organization\",\"name\":\"Kapitalis\",\"url\":\"https:\/\/kapitalis.com\/tunisie\/\",\"logo\":{\"@type\":\"ImageObject\",\"inLanguage\":\"fr-FR\",\"@id\":\"https:\/\/kapitalis.com\/tunisie\/#\/schema\/logo\/image\/\",\"url\":\"https:\/\/kapitalis.com\/tunisie\/wp-content\/uploads\/2022\/05\/Kapitalis-big-size.png\",\"contentUrl\":\"https:\/\/kapitalis.com\/tunisie\/wp-content\/uploads\/2022\/05\/Kapitalis-big-size.png\",\"width\":5000,\"height\":1500,\"caption\":\"Kapitalis\"},\"image\":{\"@id\":\"https:\/\/kapitalis.com\/tunisie\/#\/schema\/logo\/image\/\"},\"sameAs\":[\"https:\/\/www.facebook.com\/KapitalisInfo\/\",\"https:\/\/x.com\/KapitalisInfo\",\"https:\/\/www.youtube.com\/channel\/UC-yDYrHyfFBWWZaOw3FPg9Q\"]},{\"@type\":\"Person\",\"@id\":\"https:\/\/kapitalis.com\/tunisie\/#\/schema\/person\/16627fc9b2fc0116230e88af071eebab\",\"name\":\"Ridha Elkefi\",\"url\":\"https:\/\/kapitalis.com\/tunisie\/author\/ridha-kefi\/\"}]}<\/script>\n<!-- \/ Yoast SEO plugin. -->","yoast_head_json":{"title":"Environnement: Sfax croule de nouveau sous les poubelles - Kapitalis","robots":{"index":"index","follow":"follow","max-snippet":"max-snippet:-1","max-image-preview":"max-image-preview:large","max-video-preview":"max-video-preview:-1"},"canonical":"https:\/\/kapitalis.com\/tunisie\/2015\/08\/05\/environnement-sfax-croule-de-nouveau-sous-les-poubelles\/","og_locale":"fr_FR","og_type":"article","og_title":"Environnement: Sfax croule de nouveau sous les poubelles - Kapitalis","og_description":"Des habitants de Sfax d\u00e9noncent \u00e0 nouveau l\u2019amoncellement des ordures et l\u2019\u00e9tat d\u2019insalubrit\u00e9 de leur ville.","og_url":"https:\/\/kapitalis.com\/tunisie\/2015\/08\/05\/environnement-sfax-croule-de-nouveau-sous-les-poubelles\/","og_site_name":"Kapitalis","article_publisher":"https:\/\/www.facebook.com\/KapitalisInfo\/","article_published_time":"2015-08-05T17:03:52+00:00","og_image":[{"width":1200,"height":630,"url":"https:\/\/kapitalis.com\/tunisie\/wp-content\/uploads\/2022\/05\/kapitalis-logo-fb.png","type":"image\/png"}],"author":"Ridha Elkefi","twitter_card":"summary_large_image","twitter_creator":"@KapitalisInfo","twitter_site":"@KapitalisInfo","twitter_misc":{"\u00c9crit par":"Ridha Elkefi","Dur\u00e9e de lecture estim\u00e9e":"1 minute"},"schema":{"@context":"https:\/\/schema.org","@graph":[{"@type":"Article","@id":"https:\/\/kapitalis.com\/tunisie\/2015\/08\/05\/environnement-sfax-croule-de-nouveau-sous-les-poubelles\/#article","isPartOf":{"@id":"https:\/\/kapitalis.com\/tunisie\/2015\/08\/05\/environnement-sfax-croule-de-nouveau-sous-les-poubelles\/"},"author":{"name":"Ridha Elkefi","@id":"https:\/\/kapitalis.com\/tunisie\/#\/schema\/person\/16627fc9b2fc0116230e88af071eebab"},"headline":"Environnement: Sfax croule de nouveau sous les poubelles","datePublished":"2015-08-05T17:03:52+00:00","mainEntityOfPage":{"@id":"https:\/\/kapitalis.com\/tunisie\/2015\/08\/05\/environnement-sfax-croule-de-nouveau-sous-les-poubelles\/"},"wordCount":213,"commentCount":2,"publisher":{"@id":"https:\/\/kapitalis.com\/tunisie\/#organization"},"image":{"@id":"https:\/\/kapitalis.com\/tunisie\/2015\/08\/05\/environnement-sfax-croule-de-nouveau-sous-les-poubelles\/#primaryimage"},"thumbnailUrl":"","keywords":["activiste","d\u00e9chets","\u00e9pid\u00e9mie","insalubrit\u00e9","nettoyage","poubelles","propret\u00e9","soci\u00e9t\u00e9 civile"],"articleSection":["SOCIETE","Tunisie"],"inLanguage":"fr-FR","potentialAction":[{"@type":"CommentAction","name":"Comment","target":["https:\/\/kapitalis.com\/tunisie\/2015\/08\/05\/environnement-sfax-croule-de-nouveau-sous-les-poubelles\/#respond"]}]},{"@type":"WebPage","@id":"https:\/\/kapitalis.com\/tunisie\/2015\/08\/05\/environnement-sfax-croule-de-nouveau-sous-les-poubelles\/","url":"https:\/\/kapitalis.com\/tunisie\/2015\/08\/05\/environnement-sfax-croule-de-nouveau-sous-les-poubelles\/","name":"Environnement: Sfax croule de nouveau sous les poubelles - Kapitalis","isPartOf":{"@id":"https:\/\/kapitalis.com\/tunisie\/#website"},"primaryImageOfPage":{"@id":"https:\/\/kapitalis.com\/tunisie\/2015\/08\/05\/environnement-sfax-croule-de-nouveau-sous-les-poubelles\/#primaryimage"},"image":{"@id":"https:\/\/kapitalis.com\/tunisie\/2015\/08\/05\/environnement-sfax-croule-de-nouveau-sous-les-poubelles\/#primaryimage"},"thumbnailUrl":"","datePublished":"2015-08-05T17:03:52+00:00","breadcrumb":{"@id":"https:\/\/kapitalis.com\/tunisie\/2015\/08\/05\/environnement-sfax-croule-de-nouveau-sous-les-poubelles\/#breadcrumb"},"inLanguage":"fr-FR","potentialAction":[{"@type":"ReadAction","target":["https:\/\/kapitalis.com\/tunisie\/2015\/08\/05\/environnement-sfax-croule-de-nouveau-sous-les-poubelles\/"]}]},{"@type":"ImageObject","inLanguage":"fr-FR","@id":"https:\/\/kapitalis.com\/tunisie\/2015\/08\/05\/environnement-sfax-croule-de-nouveau-sous-les-poubelles\/#primaryimage","url":"","contentUrl":""},{"@type":"BreadcrumbList","@id":"https:\/\/kapitalis.com\/tunisie\/2015\/08\/05\/environnement-sfax-croule-de-nouveau-sous-les-poubelles\/#breadcrumb","itemListElement":[{"@type":"ListItem","position":1,"name":"Accueil","item":"https:\/\/kapitalis.com\/tunisie\/"},{"@type":"ListItem","position":2,"name":"Environnement: Sfax croule de nouveau sous les poubelles"}]},{"@type":"WebSite","@id":"https:\/\/kapitalis.com\/tunisie\/#website","url":"https:\/\/kapitalis.com\/tunisie\/","name":"Kapitalis","description":"L&#039;actualit\u00e9 en Tunisie et dans le monde","publisher":{"@id":"https:\/\/kapitalis.com\/tunisie\/#organization"},"potentialAction":[{"@type":"SearchAction","target":{"@type":"EntryPoint","urlTemplate":"https:\/\/kapitalis.com\/tunisie\/?s={search_term_string}"},"query-input":{"@type":"PropertyValueSpecification","valueRequired":true,"valueName":"search_term_string"}}],"inLanguage":"fr-FR"},{"@type":"Organization","@id":"https:\/\/kapitalis.com\/tunisie\/#organization","name":"Kapitalis","url":"https:\/\/kapitalis.com\/tunisie\/","logo":{"@type":"ImageObject","inLanguage":"fr-FR","@id":"https:\/\/kapitalis.com\/tunisie\/#\/schema\/logo\/image\/","url":"https:\/\/kapitalis.com\/tunisie\/wp-content\/uploads\/2022\/05\/Kapitalis-big-size.png","contentUrl":"https:\/\/kapitalis.com\/tunisie\/wp-content\/uploads\/2022\/05\/Kapitalis-big-size.png","width":5000,"height":1500,"caption":"Kapitalis"},"image":{"@id":"https:\/\/kapitalis.com\/tunisie\/#\/schema\/logo\/image\/"},"sameAs":["https:\/\/www.facebook.com\/KapitalisInfo\/","https:\/\/x.com\/KapitalisInfo","https:\/\/www.youtube.com\/channel\/UC-yDYrHyfFBWWZaOw3FPg9Q"]},{"@type":"Person","@id":"https:\/\/kapitalis.com\/tunisie\/#\/schema\/person\/16627fc9b2fc0116230e88af071eebab","name":"Ridha Elkefi","url":"https:\/\/kapitalis.com\/tunisie\/author\/ridha-kefi\/"}]}},"_links":{"self":[{"href":"https:\/\/kapitalis.com\/tunisie\/wp-json\/wp\/v2\/posts\/8765","targetHints":{"allow":["GET"]}}],"collection":[{"href":"https:\/\/kapitalis.com\/tunisie\/wp-json\/wp\/v2\/posts"}],"about":[{"href":"https:\/\/kapitalis.com\/tunisie\/wp-json\/wp\/v2\/types\/post"}],"author":[{"embeddable":true,"href":"https:\/\/kapitalis.com\/tunisie\/wp-json\/wp\/v2\/users\/5"}],"replies":[{"embeddable":true,"href":"https:\/\/kapitalis.com\/tunisie\/wp-json\/wp\/v2\/comments?post=8765"}],"version-history":[{"count":0,"href":"https:\/\/kapitalis.com\/tunisie\/wp-json\/wp\/v2\/posts\/8765\/revisions"}],"wp:featuredmedia":[{"embeddable":true,"href":"https:\/\/kapitalis.com\/tunisie\/wp-json\/wp\/v2\/media\/8766"}],"wp:attachment":[{"href":"https:\/\/kapitalis.com\/tunisie\/wp-json\/wp\/v2\/media?parent=8765"}],"wp:term":[{"taxonomy":"category","embeddable":true,"href":"https:\/\/kapitalis.com\/tunisie\/wp-json\/wp\/v2\/categories?post=8765"},{"taxonomy":"post_tag","embeddable":true,"href":"https:\/\/kapitalis.com\/tunisie\/wp-json\/wp\/v2\/tags?post=8765"}],"curies":[{"name":"wp","href":"https:\/\/api.w.org\/{rel}","templated":true}]}}