{"id":87650,"date":"2017-03-20T12:34:55","date_gmt":"2017-03-20T11:34:55","guid":{"rendered":"http:\/\/kapitalis.com\/tunisie\/?p=87650"},"modified":"2017-03-20T12:34:55","modified_gmt":"2017-03-20T11:34:55","slug":"20-mars-mais-quelle-independance-fete-t-on","status":"publish","type":"post","link":"https:\/\/kapitalis.com\/tunisie\/2017\/03\/20\/20-mars-mais-quelle-independance-fete-t-on\/","title":{"rendered":"20 mars : Mais quelle ind\u00e9pendance f\u00eate-t-on?"},"content":{"rendered":"<p style=\"text-align: center;\"><img loading=\"lazy\" decoding=\"async\" class=\"alignnone size-full wp-image-87651\" src=\"http:\/\/kapitalis.com\/tunisie\/wp-content\/uploads\/2017\/03\/Youssef-Chahed-Place-du-drapeau.jpg\" alt=\"\" width=\"626\" height=\"380\" \/><\/p>\n<p style=\"text-align: center;\"><em>Youssef Chahed inaugure aujourd&rsquo;hui la Place du Drapeau national.<\/em><\/p>\n<p style=\"text-align: left;\"><em><strong>Au moment o\u00f9 des voix s\u2019\u00e9l\u00e8vent pour regretter le temps de la dictature de Ben Ali voire de la colonisation fran\u00e7aise, quel sens donner aujourd\u2019hui \u00e0 l\u2019ind\u00e9pendance nationale.<\/strong> <\/em><\/p>\n<p style=\"text-align: left;\">Par <strong>Farhat Othman<\/strong> *<\/p>\n<p style=\"text-align: left;\"><!--more--><\/p>\n<p style=\"text-align: left;\">\u00c9tymologiquement, l\u2019ind\u00e9pendance (du latin <em>dependere<\/em>) est le fait de ne plus \u00ab<em>\u00eatre suspendu \u00e0<\/em>\u00bb. Or, plus que jamais, la Tunisie est aujourd\u2019hui suspendue \u00e0 l\u2019imp\u00e9rative r\u00e9novation de sa l\u00e9gislation sc\u00e9l\u00e9rate en mati\u00e8re de droits et de libert\u00e9s.<\/p>\n<p style=\"text-align: left;\">\u00c0 peine est-on \u00e0 la sixi\u00e8me ann\u00e9e de la r\u00e9volution et on entend de plus en plus de voix regretter le temps de la dictature. Pareillement, en ce 61e anniversaire de l\u2019ind\u00e9pendance du pays, on entend regretter le temps du protectorat. Il est vrai, le d\u00e9sespoir am\u00e8ne \u00e0 tous les exc\u00e8s. Aussi, pour \u00eatre objectif, on ne peut que se demander quelle ind\u00e9pendance on f\u00eate aujourd\u2019hui en une Tunisie de plus en plus en une crise bien plus axiologique qu\u2019\u00e9conomique ou politique.<\/p>\n<p style=\"text-align: left;\">C\u2019est la confusion des valeurs qui fait le malheur d\u2019un pays qui peut toujours \u00eatre l\u2019exception qu\u2019est en puissance son peuple. Nous sommes en un temps o\u00f9 l\u2019hypocrisie est \u00e0 son comble dans le monde; la Tunisie n\u2019y \u00e9chappe pas.<\/p>\n<p style=\"text-align: left;\">C\u2019est classique, la politique ant\u00e9diluvienne \u2014 dont use la classe politique toutes tendances confondues \u2014 impose de simuler et de dissimuler. Elle am\u00e8ne \u00e0 se faire un \u2018\u2018<em>Masque sous la peau<\/em>\u2019\u2019, pour emprunter le titre d\u2019un roman en arabe de Ridha K\u00e9fi, publi\u00e9 en 1990, o\u00f9, \u00e0 travers le destin de six femmes, l\u2019auteur a bross\u00e9 le tableau de cette Tunisie \u00e0 la d\u00e9rive, ne laissant rien entrevoir de bon pour une soci\u00e9t\u00e9 cass\u00e9e par l\u2019\u00e9mergence des extr\u00e9mistes religieux islamistes.<\/p>\n<p style=\"text-align: left;\">Or, ils sont d\u00e9sormais au pouvoir et y excellent dans l\u2019art manich\u00e9en de la politique politicienne, tirant leur force des faiblesses de leurs ennemis. Car la Tunisie n\u2019est pas gangren\u00e9e seulement par le virus islamiste; elle est aussi malade du virus la\u00efciste.<\/p>\n<p style=\"text-align: left;\"><strong>Ver islamiste<\/strong><\/p>\n<p style=\"text-align: left;\">Il faut dire que le ver du dogmatisme religieux \u00e9tait d\u00e9j\u00e0 dans le fruit Tunisie de par l\u2019\u0153uvre m\u00eame de Bourguiba, grand pourfendeur de l\u2019islam intol\u00e9rant.<\/p>\n<p style=\"text-align: left;\">En effet, il a eu le tort de mettre hors-la-loi tout l\u2019islam, y compris sa seule parfaite bonne part qu\u2019est le soufisme qui aurait pu consolider la part \u00e9mancipatrice de son legs plus que jamais d\u00e9vergond\u00e9, sinon menac\u00e9.<\/p>\n<p style=\"text-align: left;\">Car il a jet\u00e9 l\u2019anath\u00e8me sur ce soufisme, d\u00e9sormais la bou\u00e9e de sauvetage de l\u2019islam vrai; sale travail que les islamistes, aussit\u00f4t arriv\u00e9s au pouvoir, se sont empress\u00e9s de finir, sachant mieux que quiconque que seul le soufisme est en mesure de faire \u00e9chec \u00e0 leur honteux commerce de la foi. C\u2019est le soufisme qui contrariera l\u2019h\u00e9g\u00e9monisme dogmatique d\u2019un autre temps auquel s\u2019attache Ennahdha malgr\u00e9 les fausses apparences cultiv\u00e9es par ses colombes.<\/p>\n<p style=\"text-align: left;\">Qu\u2019on ne s\u2019y trompe pas ! Il n\u2019y a pas d\u2019islam mod\u00e9r\u00e9 en Tunisie ! Le parti de Ghannouchi est extr\u00e9miste quant \u00e0 son action sur le long terme. Il a juste le talent, \u00e9tant bien conseill\u00e9 par le nec plus ultra de la d\u00e9sinformation d\u2019Occident et de la propagande d\u2019Orient, de d\u00e9velopper une strat\u00e9gie mal\u00e9fiquement efficace. Or, bien qu\u2019elle ait \u00e9t\u00e9 \u00e9vent\u00e9e par des observateurs lucides, elle continue \u00e0 fonctionner dans un pays dont les modernistes marchent sur la t\u00eate. Il s\u2019agit d\u2019une strat\u00e9gie gigogne qui est multiple, \u00e0 la mani\u00e8re de la poup\u00e9e russe. Celui qui n\u2019y fait pas attention n\u2019a affaire qu\u2019\u00e0 un trompe-l\u2019\u0153il; le lib\u00e9ralisme d\u2019Ennahdha est juste une apparence trompeuse, cette impression de relief que permet le jeu avec la perspective.<\/p>\n<p style=\"text-align: left;\">La politique du parti est souple \u00e0 la surface, dure en son contenu r\u00e9el que manifeste l\u2019absence de la moindre action concr\u00e8te en rapport avec ce qu\u2019il laisse dire ou voir. De fait, il use de diff\u00e9rentes techniques mensong\u00e8res, y compris la plus \u00e9hont\u00e9e, car la politique est pour lui une guerre \u00e0 gagner, et elle impose de tuer s\u2019il le faut ! D\u2019o\u00f9 les affichages trompeurs sur l\u2019alcool, le cannabis et l\u2019homophobie, par exemple.<\/p>\n<p style=\"text-align: left;\">Le sale boulot, Ennahdha le fait faire par d\u2019autres, pr\u00eate-noms ou pas. D\u2019abord, le parti Tahrir que les autorit\u00e9s n\u2019arrivent pas \u00e0 interdire malgr\u00e9 ses turpitudes av\u00e9r\u00e9es. Ensuite les la\u00efcistes qui r\u00e9ussissent le tour de force de rallier aux islamistes, par d\u00e9faut et non par conviction, de larges masses populaires. Celles-ci ne sont nullement acquises aux th\u00e8ses fondamentalistes, mais juste, et \u00e0 bon droit, attach\u00e9es \u00e0 l\u2019islam en sa dimension de culture identitaire, pas de culte. Combien donc y a-t-il de Tunisiens pratiquants? Une infime minorit\u00e9 !<\/p>\n<p style=\"text-align: left;\"><strong>Virus la\u00efciste<\/strong><\/p>\n<p style=\"text-align: left;\">Ce sont les modernistes, aussi dogmatiques que les islamistes mais \u00e0 l\u2019envers, qui sont aujourd\u2019hui les meilleurs alli\u00e9s de la strat\u00e9gie islamiste voulant faire de la Tunisie une th\u00e9ocratie d\u00e9guis\u00e9e. Leur inertie ne fait qu\u2019occulter leur machiav\u00e9lique projet et forcir les rangs disparates des islamistes. En cela, le parfait exemple est le pr\u00e9sident de la R\u00e9publique.<\/p>\n<p style=\"text-align: left;\">\u00c9lu pour r\u00e9nover la l\u00e9gislation obsol\u00e8te de la dictature, il la b\u00e9tonne dans ses aspects les plus sc\u00e9l\u00e9rats, car liberticides. Ainsi est-il incapable m\u00eame de tenir sa promesse quant au cannabis, les jeunes et innocentes victimes de la loi de la dictature continuant \u00e0 voir leur avenir d\u00e9truit par le passage en prison. Illustrons cela par trois exemples\u2026<\/p>\n<p style=\"text-align: left;\">D\u2019abord, l\u2019in\u00e9galit\u00e9 successorale. Les la\u00efcistes refusent d\u2019adh\u00e9rer \u00e0 la th\u00e8se d\u00e9velopp\u00e9e par certains esprits libres que l\u2019islam \u2014 selon ses vis\u00e9es, devenues incontournables \u2014 commande l\u2019\u00e9galit\u00e9 parfaite entre les sexes. Aussi acceptent-ils de fermer les yeux sur cette violence absolue faite aux femmes dans leur projet de loi, actuellement discut\u00e9 au parlement, et suppos\u00e9 \u00eatre contre toutes les violences.<\/p>\n<p style=\"text-align: left;\">La notion d\u2019\u00e9tat civil qu\u2019ils ont r\u00e9ussi \u00e0 imposer dans la Constitution et qui constitue \u00e0 leurs yeux une \u00e9clatante victoire; elle le serait bien si elle n\u2019\u00e9tait pas creuse, vide de tout sens. Bien pis, elle est devenue un pi\u00e8ge parfait emp\u00eachant la moindre \u00e9volution! D\u00e9j\u00e0, cette notion est contrari\u00e9e par la r\u00e9f\u00e9rence \u00e0 l\u2019islam, dans l\u2019article premier, comme religion du pays, et \u00e0 la n\u00e9cessit\u00e9 de respecter les valeurs islamiques pr\u00e9vues par le pr\u00e9ambule, partie int\u00e9grante de la Constitution. On le voit bien, l\u2019\u00c9tat civil n\u2019a aucune r\u00e9alit\u00e9 dans un pays o\u00f9 les ondes publiques diffusent l\u2019appel \u00e0 la pri\u00e8re, quitte \u00e0 couper des \u00e9missions; ce que fait aussi le parlement interrompant des s\u00e9ances \u00e0 l\u2019heure de prier. Sans parler de l\u2019attitude intol\u00e9rable des autorit\u00e9s imposant la fermeture des caf\u00e9s et des restaurants durant la journ\u00e9e pendant le ramadan, ou le commerce et la vente d\u2019alcool les vendredis.<\/p>\n<p style=\"text-align: left;\"><strong>Maintien d\u2019une l\u00e9gislation liberticide<\/strong><\/p>\n<p style=\"text-align: left;\">On v\u00e9rifie la nature de parfait pi\u00e8ge de cette notion creuse de l\u2019\u00c9tat civil avec la question de l\u2019abolition de l\u2019homophobie. Dans la lutte \u00e9thique pour abolir l\u2019article 230 du Code p\u00e9nal qui autorise l\u2019horreur absolue des tests anaux et de virginit\u00e9, ce sont les suppos\u00e9s modernistes qui se r\u00e9v\u00e8lent \u00eatre les meilleurs alli\u00e9s de la strat\u00e9gie islamiste.<\/p>\n<p style=\"text-align: left;\">Ainsi, infiltr\u00e9s dans les rangs des militants anti-homophobie \u2014 qui sont tous plus ou moins islamophobes du fait d\u2019un attachement caricatural \u00e0 cette notion d\u2019\u00c9tat civil \u2014 les crypto-nahdhaouis leur font croire qu\u2019ils n\u2019ont qu\u2019\u00e0 attendre la mise en place du Conseil constitutionnel pour obtenir l\u2019abolition de l\u2019article 230 au nom de l\u2019\u00c9tat civil.<\/p>\n<p style=\"text-align: left;\">Or, c\u2019est une absolue vilenie bas\u00e9e sur la plus machiav\u00e9lique des tromperies! Cela permet de maintenir en l\u2019\u00e9tat la l\u00e9gislation et de brimer encore plus les innocents, puisque ni les juges homophobes n\u2019entendent fermer les yeux sur ce qu\u2019ils jugent une totale immoralit\u00e9, ni les ministres de la Justice et de l\u2019Int\u00e9rieur n\u2019osent donner les instructions pour ne plus appliquer le honteux article. M\u00eame les m\u00e9decins violent leur serment en r\u00e9alisant le moyen\u00e2geux test anal.<\/p>\n<p style=\"text-align: left;\">De plus, il tombe sous le sens qu\u2019une fois constitu\u00e9, le conseil constitutionnel sera fatalement noyaut\u00e9 par des homophobes qui auront alors toute latitude d\u2019enterrer la cause anti-homophobie et ce au nom de la Constitution. En effet, tout \u00e0 fait logiquement, constatant que l\u2019islam interdit l\u2019homosexualit\u00e9, ils d\u00e9cr\u00e9teront l\u2019article 230 constitutionnel. Et voil\u00e0 le travail !<\/p>\n<p style=\"text-align: left;\">Aussi, les militants sinc\u00e8res anti-homophobie doivent-ils sortir du pi\u00e8ge en r\u00e9alisant l\u2019impossibilit\u00e9 objective, en terre d\u2019islam, d\u2019interdire l\u2019homophobie sans avoir d\u00e9montr\u00e9 que l\u2019islam n\u2019est pas homophobe. Or, cela a \u00e9t\u00e9 fait.<\/p>\n<p style=\"text-align: left;\">Bien mieux, un projet de loi consensuel pour l\u2019abolition de l\u2019homophobie est public; les militants n\u2019osent l\u2019endosser pour le d\u00e9fendre et le faire entrer au parlement. Pourtant, ils savent bien qu\u2019il irrite Rached Ghannouchi, s\u2019\u00e9tant engag\u00e9 en Occident de le voter s\u2019il arrivait au parlement, tout en doutant fort. En cela, il a vu juste. Bravo l\u2019artiste, malgr\u00e9 son art d\u00e9cadent !<\/p>\n<p style=\"text-align: left;\"><em>* Ancien diplomate, auteur de \u2018\u2018L\u2019exception Tunisie\u2019\u2019 (\u00e9d. Arabesques, Tunis 2017). <\/em><\/p>\n","protected":false},"excerpt":{"rendered":"<p>Youssef Chahed inaugure aujourd&rsquo;hui la Place du Drapeau national. Au moment o\u00f9 des voix s\u2019\u00e9l\u00e8vent pour regretter le temps de la dictature de Ben Ali voire de la colonisation fran\u00e7aise, quel sens donner aujourd\u2019hui \u00e0 l\u2019ind\u00e9pendance nationale. Par Farhat Othman *<\/p>\n","protected":false},"author":8,"featured_media":87651,"comment_status":"open","ping_status":"open","sticky":false,"template":"","format":"standard","meta":{"footnotes":""},"categories":[992,1000,2433],"tags":[26892,15229,413,447,2900,501],"class_list":["post-87650","post","type-post","status-publish","format-standard","has-post-thumbnail","hentry","category-a-la-une","category-tribune","category-tunisie","tag-colonisation","tag-egalite-successorale","tag-ghannouchi","tag-homophobie","tag-independance","tag-islamiste"],"yoast_head":"<!-- This site is optimized with the Yoast SEO plugin v26.6 - https:\/\/yoast.com\/wordpress\/plugins\/seo\/ -->\n<title>20 mars : Mais quelle ind\u00e9pendance f\u00eate-t-on? - Kapitalis<\/title>\n<meta name=\"robots\" content=\"index, follow, max-snippet:-1, max-image-preview:large, max-video-preview:-1\" \/>\n<link rel=\"canonical\" href=\"https:\/\/kapitalis.com\/tunisie\/2017\/03\/20\/20-mars-mais-quelle-independance-fete-t-on\/\" \/>\n<meta property=\"og:locale\" content=\"fr_FR\" \/>\n<meta property=\"og:type\" content=\"article\" \/>\n<meta property=\"og:title\" content=\"20 mars : Mais quelle ind\u00e9pendance f\u00eate-t-on? - Kapitalis\" \/>\n<meta property=\"og:description\" content=\"Youssef Chahed inaugure aujourd&rsquo;hui la Place du Drapeau national. Au moment o\u00f9 des voix s\u2019\u00e9l\u00e8vent pour regretter le temps de la dictature de Ben Ali voire de la colonisation fran\u00e7aise, quel sens donner aujourd\u2019hui \u00e0 l\u2019ind\u00e9pendance nationale. Par Farhat Othman *\" \/>\n<meta property=\"og:url\" content=\"https:\/\/kapitalis.com\/tunisie\/2017\/03\/20\/20-mars-mais-quelle-independance-fete-t-on\/\" \/>\n<meta property=\"og:site_name\" content=\"Kapitalis\" \/>\n<meta property=\"article:publisher\" content=\"https:\/\/www.facebook.com\/KapitalisInfo\/\" \/>\n<meta property=\"article:published_time\" content=\"2017-03-20T11:34:55+00:00\" \/>\n<meta property=\"og:image\" content=\"https:\/\/kapitalis.com\/tunisie\/wp-content\/uploads\/2022\/05\/kapitalis-logo-fb.png\" \/>\n\t<meta property=\"og:image:width\" content=\"1200\" \/>\n\t<meta property=\"og:image:height\" content=\"630\" \/>\n\t<meta property=\"og:image:type\" content=\"image\/png\" \/>\n<meta name=\"author\" content=\"webmaster kapitalis\" \/>\n<meta name=\"twitter:card\" content=\"summary_large_image\" \/>\n<meta name=\"twitter:creator\" content=\"@KapitalisInfo\" \/>\n<meta name=\"twitter:site\" content=\"@KapitalisInfo\" \/>\n<meta name=\"twitter:label1\" content=\"\u00c9crit par\" \/>\n\t<meta name=\"twitter:data1\" content=\"webmaster kapitalis\" \/>\n\t<meta name=\"twitter:label2\" content=\"Dur\u00e9e de lecture estim\u00e9e\" \/>\n\t<meta name=\"twitter:data2\" content=\"8 minutes\" \/>\n<script type=\"application\/ld+json\" class=\"yoast-schema-graph\">{\"@context\":\"https:\/\/schema.org\",\"@graph\":[{\"@type\":\"Article\",\"@id\":\"https:\/\/kapitalis.com\/tunisie\/2017\/03\/20\/20-mars-mais-quelle-independance-fete-t-on\/#article\",\"isPartOf\":{\"@id\":\"https:\/\/kapitalis.com\/tunisie\/2017\/03\/20\/20-mars-mais-quelle-independance-fete-t-on\/\"},\"author\":{\"name\":\"webmaster kapitalis\",\"@id\":\"https:\/\/kapitalis.com\/tunisie\/#\/schema\/person\/d71f33a9ca44f7bad4698210b480c8e9\"},\"headline\":\"20 mars : Mais quelle ind\u00e9pendance f\u00eate-t-on?\",\"datePublished\":\"2017-03-20T11:34:55+00:00\",\"mainEntityOfPage\":{\"@id\":\"https:\/\/kapitalis.com\/tunisie\/2017\/03\/20\/20-mars-mais-quelle-independance-fete-t-on\/\"},\"wordCount\":1631,\"commentCount\":4,\"publisher\":{\"@id\":\"https:\/\/kapitalis.com\/tunisie\/#organization\"},\"image\":{\"@id\":\"https:\/\/kapitalis.com\/tunisie\/2017\/03\/20\/20-mars-mais-quelle-independance-fete-t-on\/#primaryimage\"},\"thumbnailUrl\":\"\",\"keywords\":[\"colonisation\",\"\u00e9galit\u00e9 successorale\",\"ghannouchi\",\"homophobie\",\"ind\u00e9pendance\",\"islamiste\"],\"articleSection\":[\"A LA UNE\",\"TRIBUNE\",\"Tunisie\"],\"inLanguage\":\"fr-FR\",\"potentialAction\":[{\"@type\":\"CommentAction\",\"name\":\"Comment\",\"target\":[\"https:\/\/kapitalis.com\/tunisie\/2017\/03\/20\/20-mars-mais-quelle-independance-fete-t-on\/#respond\"]}]},{\"@type\":\"WebPage\",\"@id\":\"https:\/\/kapitalis.com\/tunisie\/2017\/03\/20\/20-mars-mais-quelle-independance-fete-t-on\/\",\"url\":\"https:\/\/kapitalis.com\/tunisie\/2017\/03\/20\/20-mars-mais-quelle-independance-fete-t-on\/\",\"name\":\"20 mars : Mais quelle ind\u00e9pendance f\u00eate-t-on? - Kapitalis\",\"isPartOf\":{\"@id\":\"https:\/\/kapitalis.com\/tunisie\/#website\"},\"primaryImageOfPage\":{\"@id\":\"https:\/\/kapitalis.com\/tunisie\/2017\/03\/20\/20-mars-mais-quelle-independance-fete-t-on\/#primaryimage\"},\"image\":{\"@id\":\"https:\/\/kapitalis.com\/tunisie\/2017\/03\/20\/20-mars-mais-quelle-independance-fete-t-on\/#primaryimage\"},\"thumbnailUrl\":\"\",\"datePublished\":\"2017-03-20T11:34:55+00:00\",\"breadcrumb\":{\"@id\":\"https:\/\/kapitalis.com\/tunisie\/2017\/03\/20\/20-mars-mais-quelle-independance-fete-t-on\/#breadcrumb\"},\"inLanguage\":\"fr-FR\",\"potentialAction\":[{\"@type\":\"ReadAction\",\"target\":[\"https:\/\/kapitalis.com\/tunisie\/2017\/03\/20\/20-mars-mais-quelle-independance-fete-t-on\/\"]}]},{\"@type\":\"ImageObject\",\"inLanguage\":\"fr-FR\",\"@id\":\"https:\/\/kapitalis.com\/tunisie\/2017\/03\/20\/20-mars-mais-quelle-independance-fete-t-on\/#primaryimage\",\"url\":\"\",\"contentUrl\":\"\"},{\"@type\":\"BreadcrumbList\",\"@id\":\"https:\/\/kapitalis.com\/tunisie\/2017\/03\/20\/20-mars-mais-quelle-independance-fete-t-on\/#breadcrumb\",\"itemListElement\":[{\"@type\":\"ListItem\",\"position\":1,\"name\":\"Accueil\",\"item\":\"https:\/\/kapitalis.com\/tunisie\/\"},{\"@type\":\"ListItem\",\"position\":2,\"name\":\"20 mars : Mais quelle ind\u00e9pendance f\u00eate-t-on?\"}]},{\"@type\":\"WebSite\",\"@id\":\"https:\/\/kapitalis.com\/tunisie\/#website\",\"url\":\"https:\/\/kapitalis.com\/tunisie\/\",\"name\":\"Kapitalis\",\"description\":\"L&#039;actualit\u00e9 en Tunisie et dans le monde\",\"publisher\":{\"@id\":\"https:\/\/kapitalis.com\/tunisie\/#organization\"},\"potentialAction\":[{\"@type\":\"SearchAction\",\"target\":{\"@type\":\"EntryPoint\",\"urlTemplate\":\"https:\/\/kapitalis.com\/tunisie\/?s={search_term_string}\"},\"query-input\":{\"@type\":\"PropertyValueSpecification\",\"valueRequired\":true,\"valueName\":\"search_term_string\"}}],\"inLanguage\":\"fr-FR\"},{\"@type\":\"Organization\",\"@id\":\"https:\/\/kapitalis.com\/tunisie\/#organization\",\"name\":\"Kapitalis\",\"url\":\"https:\/\/kapitalis.com\/tunisie\/\",\"logo\":{\"@type\":\"ImageObject\",\"inLanguage\":\"fr-FR\",\"@id\":\"https:\/\/kapitalis.com\/tunisie\/#\/schema\/logo\/image\/\",\"url\":\"https:\/\/kapitalis.com\/tunisie\/wp-content\/uploads\/2022\/05\/Kapitalis-big-size.png\",\"contentUrl\":\"https:\/\/kapitalis.com\/tunisie\/wp-content\/uploads\/2022\/05\/Kapitalis-big-size.png\",\"width\":5000,\"height\":1500,\"caption\":\"Kapitalis\"},\"image\":{\"@id\":\"https:\/\/kapitalis.com\/tunisie\/#\/schema\/logo\/image\/\"},\"sameAs\":[\"https:\/\/www.facebook.com\/KapitalisInfo\/\",\"https:\/\/x.com\/KapitalisInfo\",\"https:\/\/www.youtube.com\/channel\/UC-yDYrHyfFBWWZaOw3FPg9Q\"]},{\"@type\":\"Person\",\"@id\":\"https:\/\/kapitalis.com\/tunisie\/#\/schema\/person\/d71f33a9ca44f7bad4698210b480c8e9\",\"name\":\"webmaster kapitalis\",\"url\":\"https:\/\/kapitalis.com\/tunisie\/author\/webmaster-kapitalis\/\"}]}<\/script>\n<!-- \/ Yoast SEO plugin. -->","yoast_head_json":{"title":"20 mars : Mais quelle ind\u00e9pendance f\u00eate-t-on? - Kapitalis","robots":{"index":"index","follow":"follow","max-snippet":"max-snippet:-1","max-image-preview":"max-image-preview:large","max-video-preview":"max-video-preview:-1"},"canonical":"https:\/\/kapitalis.com\/tunisie\/2017\/03\/20\/20-mars-mais-quelle-independance-fete-t-on\/","og_locale":"fr_FR","og_type":"article","og_title":"20 mars : Mais quelle ind\u00e9pendance f\u00eate-t-on? - Kapitalis","og_description":"Youssef Chahed inaugure aujourd&rsquo;hui la Place du Drapeau national. Au moment o\u00f9 des voix s\u2019\u00e9l\u00e8vent pour regretter le temps de la dictature de Ben Ali voire de la colonisation fran\u00e7aise, quel sens donner aujourd\u2019hui \u00e0 l\u2019ind\u00e9pendance nationale. Par Farhat Othman *","og_url":"https:\/\/kapitalis.com\/tunisie\/2017\/03\/20\/20-mars-mais-quelle-independance-fete-t-on\/","og_site_name":"Kapitalis","article_publisher":"https:\/\/www.facebook.com\/KapitalisInfo\/","article_published_time":"2017-03-20T11:34:55+00:00","og_image":[{"width":1200,"height":630,"url":"https:\/\/kapitalis.com\/tunisie\/wp-content\/uploads\/2022\/05\/kapitalis-logo-fb.png","type":"image\/png"}],"author":"webmaster kapitalis","twitter_card":"summary_large_image","twitter_creator":"@KapitalisInfo","twitter_site":"@KapitalisInfo","twitter_misc":{"\u00c9crit par":"webmaster kapitalis","Dur\u00e9e de lecture estim\u00e9e":"8 minutes"},"schema":{"@context":"https:\/\/schema.org","@graph":[{"@type":"Article","@id":"https:\/\/kapitalis.com\/tunisie\/2017\/03\/20\/20-mars-mais-quelle-independance-fete-t-on\/#article","isPartOf":{"@id":"https:\/\/kapitalis.com\/tunisie\/2017\/03\/20\/20-mars-mais-quelle-independance-fete-t-on\/"},"author":{"name":"webmaster kapitalis","@id":"https:\/\/kapitalis.com\/tunisie\/#\/schema\/person\/d71f33a9ca44f7bad4698210b480c8e9"},"headline":"20 mars : Mais quelle ind\u00e9pendance f\u00eate-t-on?","datePublished":"2017-03-20T11:34:55+00:00","mainEntityOfPage":{"@id":"https:\/\/kapitalis.com\/tunisie\/2017\/03\/20\/20-mars-mais-quelle-independance-fete-t-on\/"},"wordCount":1631,"commentCount":4,"publisher":{"@id":"https:\/\/kapitalis.com\/tunisie\/#organization"},"image":{"@id":"https:\/\/kapitalis.com\/tunisie\/2017\/03\/20\/20-mars-mais-quelle-independance-fete-t-on\/#primaryimage"},"thumbnailUrl":"","keywords":["colonisation","\u00e9galit\u00e9 successorale","ghannouchi","homophobie","ind\u00e9pendance","islamiste"],"articleSection":["A LA UNE","TRIBUNE","Tunisie"],"inLanguage":"fr-FR","potentialAction":[{"@type":"CommentAction","name":"Comment","target":["https:\/\/kapitalis.com\/tunisie\/2017\/03\/20\/20-mars-mais-quelle-independance-fete-t-on\/#respond"]}]},{"@type":"WebPage","@id":"https:\/\/kapitalis.com\/tunisie\/2017\/03\/20\/20-mars-mais-quelle-independance-fete-t-on\/","url":"https:\/\/kapitalis.com\/tunisie\/2017\/03\/20\/20-mars-mais-quelle-independance-fete-t-on\/","name":"20 mars : Mais quelle ind\u00e9pendance f\u00eate-t-on? - Kapitalis","isPartOf":{"@id":"https:\/\/kapitalis.com\/tunisie\/#website"},"primaryImageOfPage":{"@id":"https:\/\/kapitalis.com\/tunisie\/2017\/03\/20\/20-mars-mais-quelle-independance-fete-t-on\/#primaryimage"},"image":{"@id":"https:\/\/kapitalis.com\/tunisie\/2017\/03\/20\/20-mars-mais-quelle-independance-fete-t-on\/#primaryimage"},"thumbnailUrl":"","datePublished":"2017-03-20T11:34:55+00:00","breadcrumb":{"@id":"https:\/\/kapitalis.com\/tunisie\/2017\/03\/20\/20-mars-mais-quelle-independance-fete-t-on\/#breadcrumb"},"inLanguage":"fr-FR","potentialAction":[{"@type":"ReadAction","target":["https:\/\/kapitalis.com\/tunisie\/2017\/03\/20\/20-mars-mais-quelle-independance-fete-t-on\/"]}]},{"@type":"ImageObject","inLanguage":"fr-FR","@id":"https:\/\/kapitalis.com\/tunisie\/2017\/03\/20\/20-mars-mais-quelle-independance-fete-t-on\/#primaryimage","url":"","contentUrl":""},{"@type":"BreadcrumbList","@id":"https:\/\/kapitalis.com\/tunisie\/2017\/03\/20\/20-mars-mais-quelle-independance-fete-t-on\/#breadcrumb","itemListElement":[{"@type":"ListItem","position":1,"name":"Accueil","item":"https:\/\/kapitalis.com\/tunisie\/"},{"@type":"ListItem","position":2,"name":"20 mars : Mais quelle ind\u00e9pendance f\u00eate-t-on?"}]},{"@type":"WebSite","@id":"https:\/\/kapitalis.com\/tunisie\/#website","url":"https:\/\/kapitalis.com\/tunisie\/","name":"Kapitalis","description":"L&#039;actualit\u00e9 en Tunisie et dans le monde","publisher":{"@id":"https:\/\/kapitalis.com\/tunisie\/#organization"},"potentialAction":[{"@type":"SearchAction","target":{"@type":"EntryPoint","urlTemplate":"https:\/\/kapitalis.com\/tunisie\/?s={search_term_string}"},"query-input":{"@type":"PropertyValueSpecification","valueRequired":true,"valueName":"search_term_string"}}],"inLanguage":"fr-FR"},{"@type":"Organization","@id":"https:\/\/kapitalis.com\/tunisie\/#organization","name":"Kapitalis","url":"https:\/\/kapitalis.com\/tunisie\/","logo":{"@type":"ImageObject","inLanguage":"fr-FR","@id":"https:\/\/kapitalis.com\/tunisie\/#\/schema\/logo\/image\/","url":"https:\/\/kapitalis.com\/tunisie\/wp-content\/uploads\/2022\/05\/Kapitalis-big-size.png","contentUrl":"https:\/\/kapitalis.com\/tunisie\/wp-content\/uploads\/2022\/05\/Kapitalis-big-size.png","width":5000,"height":1500,"caption":"Kapitalis"},"image":{"@id":"https:\/\/kapitalis.com\/tunisie\/#\/schema\/logo\/image\/"},"sameAs":["https:\/\/www.facebook.com\/KapitalisInfo\/","https:\/\/x.com\/KapitalisInfo","https:\/\/www.youtube.com\/channel\/UC-yDYrHyfFBWWZaOw3FPg9Q"]},{"@type":"Person","@id":"https:\/\/kapitalis.com\/tunisie\/#\/schema\/person\/d71f33a9ca44f7bad4698210b480c8e9","name":"webmaster kapitalis","url":"https:\/\/kapitalis.com\/tunisie\/author\/webmaster-kapitalis\/"}]}},"_links":{"self":[{"href":"https:\/\/kapitalis.com\/tunisie\/wp-json\/wp\/v2\/posts\/87650","targetHints":{"allow":["GET"]}}],"collection":[{"href":"https:\/\/kapitalis.com\/tunisie\/wp-json\/wp\/v2\/posts"}],"about":[{"href":"https:\/\/kapitalis.com\/tunisie\/wp-json\/wp\/v2\/types\/post"}],"author":[{"embeddable":true,"href":"https:\/\/kapitalis.com\/tunisie\/wp-json\/wp\/v2\/users\/8"}],"replies":[{"embeddable":true,"href":"https:\/\/kapitalis.com\/tunisie\/wp-json\/wp\/v2\/comments?post=87650"}],"version-history":[{"count":0,"href":"https:\/\/kapitalis.com\/tunisie\/wp-json\/wp\/v2\/posts\/87650\/revisions"}],"wp:featuredmedia":[{"embeddable":true,"href":"https:\/\/kapitalis.com\/tunisie\/wp-json\/wp\/v2\/media\/87651"}],"wp:attachment":[{"href":"https:\/\/kapitalis.com\/tunisie\/wp-json\/wp\/v2\/media?parent=87650"}],"wp:term":[{"taxonomy":"category","embeddable":true,"href":"https:\/\/kapitalis.com\/tunisie\/wp-json\/wp\/v2\/categories?post=87650"},{"taxonomy":"post_tag","embeddable":true,"href":"https:\/\/kapitalis.com\/tunisie\/wp-json\/wp\/v2\/tags?post=87650"}],"curies":[{"name":"wp","href":"https:\/\/api.w.org\/{rel}","templated":true}]}}