{"id":8768324,"date":"2023-07-11T13:10:02","date_gmt":"2023-07-11T12:10:02","guid":{"rendered":"https:\/\/kapitalis.com\/tunisie\/?p=8768324"},"modified":"2023-07-11T13:10:04","modified_gmt":"2023-07-11T12:10:04","slug":"relations-de-la-tunisie-avec-israel-entre-reconnaissance-et-rejet","status":"publish","type":"post","link":"https:\/\/kapitalis.com\/tunisie\/2023\/07\/11\/relations-de-la-tunisie-avec-israel-entre-reconnaissance-et-rejet\/","title":{"rendered":"Relations de la Tunisie avec Isra\u00ebl, entre reconnaissance et rejet"},"content":{"rendered":"\n<p><strong><em>Les relations de la Tunisie avec sa communaut\u00e9 juive historique et l\u2019\u00c9tat juif ont \u00e9t\u00e9 marqu\u00e9es par des progr\u00e8s sporadiques et des revers malheureux.<\/em><\/strong><\/p>\n\n\n\n<p>Par <strong>David L\u00e9vy<\/strong> *<\/p>\n\n\n\n<!--more-->\n\n\n<div class=\"wp-block-image\">\n<figure class=\"alignleft size-full\"><img loading=\"lazy\" decoding=\"async\" width=\"200\" height=\"200\" src=\"https:\/\/kapitalis.com\/tunisie\/wp-content\/uploads\/2023\/07\/David-Levy.jpg\" alt=\"\" class=\"wp-image-8768432\" srcset=\"https:\/\/kapitalis.com\/tunisie\/wp-content\/uploads\/2023\/07\/David-Levy.jpg 200w, https:\/\/kapitalis.com\/tunisie\/wp-content\/uploads\/2023\/07\/David-Levy-150x150.jpg 150w, https:\/\/kapitalis.com\/tunisie\/wp-content\/uploads\/2023\/07\/David-Levy-120x120.jpg 120w\" sizes=\"auto, (max-width: 200px) 100vw, 200px\" \/><\/figure>\n<\/div>\n\n\n<p>Il y a eu une pr\u00e9sence juive en Tunisie depuis avant l\u2019Empire romain; il en reste un aujourd\u2019hui, et la Tunisie est fi\u00e8re de cette partie de son histoire. D\u2019autres \u00c9tats musulmans mod\u00e9r\u00e9s align\u00e9s sur l\u2019Occident comme l\u2019\u00c9gypte, le Maroc et les \u00c9mirats arabes unis ont normalis\u00e9 leurs relations avec Isra\u00ebl. D\u2019autres, comme l\u2019Arabie saoudite, entretiennent depuis longtemps des relations pas si secr\u00e8tes avec Isra\u00ebl. Pourtant, la Tunisie n\u2019est ni dans le premier cas ni dans l\u2019autre et tout indique que cela restera le cas dans un avenir pr\u00e9visible.<\/p>\n\n\n\n<p>La Tunisie, comme ses \u00c9tats fr\u00e8res du Maghreb, l\u2019\u00c9gypte et le Maroc, est un pays arabe musulman sunnite mod\u00e9r\u00e9 d\u2019Afrique du Nord. Comme eux, il est align\u00e9 sur l\u2019Occident sur les questions de s\u00e9curit\u00e9 nationale et de politique \u00e9trang\u00e8re. Le principal partenaire commercial de la Tunisie est l\u2019Union europ\u00e9enne (UE), la France \u00e9tant son principal partenaire commercial.<\/p>\n\n\n\n<p>La Tunisie entretient des relations avec les \u00c9tats-Unis depuis son ind\u00e9pendance en 1956, marqu\u00e9es par une collaboration sur les questions politiques, \u00e9conomiques et de s\u00e9curit\u00e9. Les \u00c9tats-Unis ont apport\u00e9 une aide financi\u00e8re, une assistance technique et un soutien \u00e0 la Tunisie, en particulier apr\u00e8s la transition d\u00e9mocratique en 2011. L\u2019arm\u00e9e tunisienne ach\u00e8te des \u00e9quipements europ\u00e9ens et am\u00e9ricains, et son arm\u00e9e s\u2019engage dans des exercices conjoints et des efforts de lutte contre le terrorisme.<\/p>\n\n\n\n<p>Pourtant, m\u00eame avec des liens occidentaux et une population sunnite mod\u00e9r\u00e9e, les relations de la Tunisie avec Isra\u00ebl restent nettement glaciales par rapport \u00e0 celles de ses homologues arabes.<\/p>\n\n\n\n<figure class=\"wp-block-embed is-type-wp-embed is-provider-kapitalis wp-block-embed-kapitalis\"><div class=\"wp-block-embed__wrapper\">\n<blockquote class=\"wp-embedded-content\" data-secret=\"zWQMEHzNBa\"><a href=\"https:\/\/kapitalis.com\/tunisie\/2023\/01\/20\/90-des-tunisiens-sont-opposes-a-la-reconnaissance-disrael\/\">90% des Tunisiens sont oppos\u00e9s \u00e0 la reconnaissance d&rsquo;Isra\u00ebl<\/a><\/blockquote><iframe loading=\"lazy\" class=\"wp-embedded-content\" sandbox=\"allow-scripts\" security=\"restricted\" style=\"position: absolute; clip: rect(1px, 1px, 1px, 1px);\" title=\"\u00ab\u00a090% des Tunisiens sont oppos\u00e9s \u00e0 la reconnaissance d&rsquo;Isra\u00ebl\u00a0\u00bb &#8212; Kapitalis\" src=\"https:\/\/kapitalis.com\/tunisie\/2023\/01\/20\/90-des-tunisiens-sont-opposes-a-la-reconnaissance-disrael\/embed\/#?secret=c06cY4h2Dt#?secret=zWQMEHzNBa\" data-secret=\"zWQMEHzNBa\" width=\"600\" height=\"338\" frameborder=\"0\" marginwidth=\"0\" marginheight=\"0\" scrolling=\"no\"><\/iframe>\n<\/div><\/figure>\n\n\n\n<p>L\u2019\u00c9gypte et Isra\u00ebl ont sign\u00e9 le trait\u00e9 de paix \u00c9gypte-Isra\u00ebl en 1979. Le trait\u00e9 de paix entre la Jordanie et Isra\u00ebl a \u00e9t\u00e9 sign\u00e9 en 1994. Avec l\u2019av\u00e8nement des accords d\u2019Abraham en 2020, Isra\u00ebl a normalis\u00e9 ses relations avec les \u00c9mirats arabes unis et Bahre\u00efn, qui ont \u00e9t\u00e9 rapidement suivies par le Soudan et le Maroc. Isra\u00ebl entretient une relation de coop\u00e9ration s\u00e9curitaire pas si secr\u00e8te avec l\u2019Arabie saoudite. Depuis 2008, Isra\u00ebl a particip\u00e9 \u00e0 des \u00e9v\u00e9nements sportifs au Qatar et, en 2021, les deux \u00c9tats ont convenu de faire le commerce des diamants. Alors pourquoi la Tunisie n\u2019a-t-elle pas rejoint les autres dans le d\u00e9veloppement des relations avec Isra\u00ebl ?<\/p>\n\n\n\n<h2 class=\"wp-block-heading\">La communaut\u00e9 juive de Tunisie<\/h2>\n\n\n\n<p>La communaut\u00e9 juive de Djerba, en Tunisie, est l\u2019une des plus anciennes communaut\u00e9s juives continues au monde. Elle existait m\u00eame avant la destruction du Premier Temple de J\u00e9rusalem en 586 avant notre \u00e8re. Sous la domination musulmane, la communaut\u00e9 juive a obtenu le statut de <em>dhimmi<\/em> comme les autres communaut\u00e9s non musulmanes. Au cours de l\u2019Inquisition espagnole, l\u2019expulsion des Juifs a conduit \u00e0 une deuxi\u00e8me communaut\u00e9 de Juifs \u00e0 Tunis. Ils ont apport\u00e9 des coutumes s\u00e9farades et parlaient le jud\u00e9o-espagnol, ou&nbsp;<em>ladino<\/em>, ce qui les diff\u00e9renciait de la communaut\u00e9 djerbienne vieille de deux mill\u00e9naires.<\/p>\n\n\n\n<p>Pendant la p\u00e9riode du protectorat fran\u00e7ais (1881-1956), les Fran\u00e7ais ont accord\u00e9 la citoyennet\u00e9 fran\u00e7aise \u00e0 des segments de la communaut\u00e9 juive. Au moment de l\u2019ind\u00e9pendance de la Tunisie en 1956, la population juive \u00e9tait estim\u00e9e \u00e0 environ 105 000 personnes. La premi\u00e8re <em>aliya<\/em> de la Tunisie \u00e0 Isra\u00ebl a commenc\u00e9 apr\u00e8s la cr\u00e9ation de l\u2019\u00c9tat d\u2019Isra\u00ebl en 1948. La deuxi\u00e8me et plus grande <em>aliya<\/em> a eu lieu \u00e0 la suite de la guerre des Six jours de 1967. Apr\u00e8s la guerre, des \u00e9meutes anti-juives ont \u00e9clat\u00e9 en Tunisie, entra\u00eenant de nombreuses personnes \u00e0 fuir. Cela a entra\u00een\u00e9 l\u2019\u00e9migration d\u2019environ 40 000 Juifs en Isra\u00ebl entre 1967 et 1968. Aujourd\u2019hui, on estime qu\u2019il ne reste qu\u2019un \u00e0 deux mille membres.<\/p>\n\n\n\n<h2 class=\"wp-block-heading\">Elite politique, opinion publique et normalisation avec Isra\u00ebl<\/h2>\n\n\n\n<p>Les premiers contacts entre Isra\u00ebl et la Tunisie ont \u00e9t\u00e9 \u00e9tablis lors de la lutte pour l\u2019ind\u00e9pendance de la Tunisie, dirig\u00e9e par le futur pr\u00e9sident tunisien Habib Bourguiba. En 1956, des repr\u00e9sentants tunisiens ont approch\u00e9 la mission isra\u00e9lienne aupr\u00e8s de l\u2019Onu pour demander un soutien \u00e0 leur cause. Cela faisait suite \u00e0 des r\u00e9unions non officielles entre des repr\u00e9sentants isra\u00e9liens et tunisiens, le ministre tunisien des Finances sollicitant une aide isra\u00e9lienne pour le d\u00e9veloppement agricole. Cependant, malgr\u00e9 ces premi\u00e8res \u00e9tapes, rien ne s\u2019est concr\u00e9tis\u00e9.<\/p>\n\n\n\n<p>En 1982, apr\u00e8s l\u2019invasion du Liban par Isra\u00ebl, l\u2019OLP a \u00e9t\u00e9 forc\u00e9e de quitter ce pays et de d\u00e9m\u00e9nager. La Tunisie a accept\u00e9 une demande am\u00e9ricaine d\u2019accueillir l\u2019OLP et Yasser Arafat a d\u00e9plac\u00e9 son quartier g\u00e9n\u00e9ral \u00e0 Tunis. En 1985, Isra\u00ebl a men\u00e9 un raid contre la base [palestinienne de Hammam Chott, au sud de Tunis, Ndlr] (sans le consentement de la Tunisie), frappant l\u2019OLP mais manquant Arafat. L\u2019op\u00e9ration a entra\u00een\u00e9 la mort d\u2019environ 60 personnes, dont beaucoup \u00e9taient membres de l\u2019OLP. Cependant, l\u2019op\u00e9ration a \u00e9galement fait des victimes civiles, y compris des habitants tunisiens. Les Tunisiens \u00e9taient furieux.<\/p>\n\n\n\n<figure class=\"wp-block-embed is-type-wp-embed is-provider-kapitalis wp-block-embed-kapitalis\"><div class=\"wp-block-embed__wrapper\">\n<blockquote class=\"wp-embedded-content\" data-secret=\"UFtQGPNoLj\"><a href=\"https:\/\/kapitalis.com\/tunisie\/2022\/11\/10\/tunisie-kais-saied-najla-bouden-et-la-normalisation-avec-israel\/\">Tunisie\u00a0: Ka\u00efs Sa\u00efed, Najla Bouden et la \u00abnormalisation\u00bb avec Isra\u00ebl \u00a0<\/a><\/blockquote><iframe loading=\"lazy\" class=\"wp-embedded-content\" sandbox=\"allow-scripts\" security=\"restricted\" style=\"position: absolute; clip: rect(1px, 1px, 1px, 1px);\" title=\"\u00ab\u00a0Tunisie\u00a0: Ka\u00efs Sa\u00efed, Najla Bouden et la \u00abnormalisation\u00bb avec Isra\u00ebl \u00a0\u00a0\u00bb &#8212; Kapitalis\" src=\"https:\/\/kapitalis.com\/tunisie\/2022\/11\/10\/tunisie-kais-saied-najla-bouden-et-la-normalisation-avec-israel\/embed\/#?secret=Vz8wLHhBLB#?secret=UFtQGPNoLj\" data-secret=\"UFtQGPNoLj\" width=\"600\" height=\"338\" frameborder=\"0\" marginwidth=\"0\" marginheight=\"0\" scrolling=\"no\"><\/iframe>\n<\/div><\/figure>\n\n\n\n<p>En 1987, le Premier ministre Zine El Abidine Ben Ali renverse Habib Bourguiba lors d\u2019un coup d\u2019\u00c9tat sans effusion de sang. Bien qu\u2019il ait publiquement adopt\u00e9 une position anti-isra\u00e9lienne ferme, son administration a maintenu des contacts clandestins avec Isra\u00ebl. Puis, dans le sillage de la conf\u00e9rence de Madrid de 1991, la Tunisie et Isra\u00ebl ont \u00e9tabli des relations diplomatiques de bas niveau qui ont abouti \u00e0 l\u2019ouverture d\u2019une <em>\u00absection d\u2019int\u00e9r\u00eat\u00bb<\/em> dans les pays de l\u2019autre. Cependant, en 2000, suite au d\u00e9clenchement de la deuxi\u00e8me Intifada, la Tunisie a rompu ses relations avec Isra\u00ebl et les sections d\u2019int\u00e9r\u00eat ont \u00e9t\u00e9 ferm\u00e9es.<\/p>\n\n\n\n<p>En d\u00e9cembre 2010, l\u2019auto-immolation d&rsquo;un jeune vendeur de rue, Mohamed Bouazizi, en signe de protestation contre le harc\u00e8lement policier, a d\u00e9clench\u00e9 une vague de manifestations qui a lanc\u00e9 le printemps arabe. En janvier 2011, incapable de r\u00e9primer les manifestations, Ben Ali a fui le pays et un gouvernement de transition a pris le relais. Plus tard cette ann\u00e9e-l\u00e0, la Tunisie a tenu ses premi\u00e8res \u00e9lections libres et \u00e9quitables, formant un gouvernement de coalition dirig\u00e9 par le parti islamiste mod\u00e9r\u00e9 Ennahdha.<\/p>\n\n\n\n<p>Ennahdha est le plus grand parti politique de Tunisie. Sa philosophie politique ressemble beaucoup \u00e0 celle du Parti de la justice et du d\u00e9veloppement d\u2019Erdo\u011fan (AKP) en Turquie. Rached Ghannouchi, le fondateur d\u2019Ennahdha, soutient le mouvement de boycott, d\u00e9sinvestissement et sanctions (BDS) contre Isra\u00ebl. Sans surprise, Ghannouchi n\u2019a fait aucune tentative pour parler avec J\u00e9rusalem.<\/p>\n\n\n\n<p>Aux \u00e9lections l\u00e9gislatives de 2014, Ennahdha est arriv\u00e9 deuxi\u00e8me et a rejoint un gouvernement d\u2019union dirig\u00e9 par le parti la\u00efc Nidaa Tounes. Au fur et \u00e0 mesure que la soci\u00e9t\u00e9 tunisienne se lib\u00e9ralisait, la nation a \u00e9galement connu une mont\u00e9e du terrorisme. Le mus\u00e9e du Bardo \u00e0 Tunis et une station baln\u00e9aire \u00e0 Sousse ont \u00e9t\u00e9 attaqu\u00e9s en 2015 par des hommes arm\u00e9s affili\u00e9s \u00e0 l\u2019\u00c9tat islamique (EI).<\/p>\n\n\n\n<p>La communaut\u00e9 juive tunisienne a \u00e9t\u00e9 la cible de plusieurs attentats, la synagogue d\u2019El-Ghriba \u00e0 Djerba \u00e9tant vis\u00e9e \u00e0 plusieurs reprises. En 2002, un agent d\u2019Al-Qa\u00efda a conduit un camion de gaz naturel \u00e9quip\u00e9 d\u2019explosifs dans la synagogue, tuant 19 personnes, dont 16 touristes allemands et fran\u00e7ais. Il s\u2019agissait de la premi\u00e8re attaque internationale r\u00e9ussie d\u2019Al-Qa\u00efda apr\u00e8s les attentats du 11 septembre 2001. L\u2019attaque la plus r\u00e9cente a eu lieu plus t\u00f4t cette ann\u00e9e lorsqu\u2019un membre de la garde nationale a ouvert le feu sur la synagogue, tuant trois de ses coll\u00e8gues gardes et deux civils.<\/p>\n\n\n\n<h2 class=\"wp-block-heading\">Opposition alg\u00e9rienne<\/h2>\n\n\n\n<p>La normalisation des relations entre les \u00c9tats du Maghreb et Isra\u00ebl est per\u00e7ue par Alger comme une menace pour la s\u00e9curit\u00e9 nationale alg\u00e9rienne. L\u2019Alg\u00e9rie \u00e9tait align\u00e9e sur l\u2019Union sovi\u00e9tique pendant la guerre froide tandis que le Maroc \u00e9tait et reste ami avec Washington. Cette rivalit\u00e9 s\u2019est manifest\u00e9e dans la question de la souverainet\u00e9 du Sahara occidental. Depuis 1973, l\u2019Alg\u00e9rie a soutenu le Front Polisario soutenu par Moscou, un mouvement ind\u00e9pendantiste du Sahara occidental, tandis que Rabat a revendiqu\u00e9 le territoire comme faisant partie du Maroc. En novembre de l\u2019ann\u00e9e derni\u00e8re, Washington a reconnu la revendication du Maroc sur le Sahara Occidental comme faisant partie d\u2019une contrepartie pour la normalisation des relations de Rabat avec J\u00e9rusalem.<\/p>\n\n\n\n<p>Si la Tunisie devait \u00e9galement normaliser ses relations avec Isra\u00ebl, l\u2019Alg\u00e9rie serait encercl\u00e9e par des \u00c9tats antagonistes qui ont eu acc\u00e8s \u00e0 certains des meilleurs entra\u00eenements et \u00e9quipements militaires au monde, un r\u00e9sultat tr\u00e8s alarmant pour Alger. \u00c0 la suite de ces \u00e9v\u00e9nements, l\u2019Alg\u00e9rie a rompu ses relations diplomatiques avec le Maroc en 2021.<\/p>\n\n\n\n<p>L\u2019aide importante de l\u2019Alg\u00e9rie \u00e0 la Tunisie est souvent consid\u00e9r\u00e9e comme une tentative de maintenir Tunis \u00e0 l\u2019\u00e9cart de l\u2019influence du Maroc et du partenariat dirig\u00e9 par les \u00c9tats-Unis. Bien que la Russie sympathise avec la position de l\u2019Alg\u00e9rie et lui vende des armes, il est peu probable qu\u2019elle compromette ses bonnes relations avec le Maroc pour le bien de l\u2019Alg\u00e9rie.<\/p>\n\n\n\n<figure class=\"wp-block-embed is-type-wp-embed is-provider-kapitalis wp-block-embed-kapitalis\"><div class=\"wp-block-embed__wrapper\">\n<blockquote class=\"wp-embedded-content\" data-secret=\"hrxliCEjjW\"><a href=\"https:\/\/kapitalis.com\/tunisie\/2022\/08\/21\/les-echanges-commerciaux-de-la-tunisie-avec-israel-explosent-sous-kais-saied\/\">Les \u00e9changes commerciaux de la Tunisie avec Isra\u00ebl explosent sous Ka\u00efs Sa\u00efed<\/a><\/blockquote><iframe loading=\"lazy\" class=\"wp-embedded-content\" sandbox=\"allow-scripts\" security=\"restricted\" style=\"position: absolute; clip: rect(1px, 1px, 1px, 1px);\" title=\"\u00ab\u00a0Les \u00e9changes commerciaux de la Tunisie avec Isra\u00ebl explosent sous Ka\u00efs Sa\u00efed\u00a0\u00bb &#8212; Kapitalis\" src=\"https:\/\/kapitalis.com\/tunisie\/2022\/08\/21\/les-echanges-commerciaux-de-la-tunisie-avec-israel-explosent-sous-kais-saied\/embed\/#?secret=j32IsiiCr1#?secret=hrxliCEjjW\" data-secret=\"hrxliCEjjW\" width=\"600\" height=\"338\" frameborder=\"0\" marginwidth=\"0\" marginheight=\"0\" scrolling=\"no\"><\/iframe>\n<\/div><\/figure>\n\n\n\n<p>De m\u00eame, malgr\u00e9 sa r\u00e9cente vente de drones \u00e0 l\u2019Alg\u00e9rie, le partenariat naissant de la Chine avec le Maroc pourrait limiter son soutien aux int\u00e9r\u00eats alg\u00e9riens. L\u2019alignement de la Tunisie sur la ligne normalisatrice incarn\u00e9e par le Maroc ne ferait qu\u2019exacerber l\u2019isolement d\u2019Alger.<\/p>\n\n\n\n<p>Malgr\u00e9 les inqui\u00e9tudes de l\u2019Alg\u00e9rie, le d\u00e9sespoir \u00e9conomique pourrait forcer la Tunisie \u00e0 envisager de rejoindre les accords d\u2019Abraham. En proie \u00e0 de graves probl\u00e8mes \u00e9conomiques, la Tunisie a besoin d\u2019aide \u00e9trang\u00e8re, et l\u2019adh\u00e9sion aux Accords pourrait attirer des pr\u00eats des \u00c9tats-Unis, des \u00c9tats du Golfe ou d\u2019autres. Cependant, une telle d\u00e9cision pourrait avoir de graves implications internes et r\u00e9gionales.<\/p>\n\n\n\n<p>Pour l\u2019instant, les co\u00fbts et risques politiques potentiels semblent l\u2019emporter sur les avantages per\u00e7us de la normalisation, ce qui conduit les responsables tunisiens \u00e0 d\u00e9mentir les affirmations selon lesquelles la Tunisie est sur le point de rejoindre les Accords d\u2019Abraham.<\/p>\n\n\n\n<h2 class=\"wp-block-heading\">Position du pr\u00e9sident Ka\u00efs Sa\u00efed<\/h2>\n\n\n\n<p>Ka\u00efs Sa\u00efed, un outsider politique, a \u00e9t\u00e9 \u00e9lu pr\u00e9sident de la Tunisie en 2019. Il a proc\u00e9d\u00e9 \u00e0 la suspension du parlement et \u00e0 la destitution du Premier ministre au pr\u00e9texte de sauver le pays des m\u00e9faits d\u2019une \u00e9lite politique corrompue et incomp\u00e9tente. Cependant, ses d\u00e9tracteurs ont d\u00e9nonc\u00e9 ses actions comme un coup d\u2019\u00c9tat qui a viol\u00e9 la constitution d\u00e9mocratiquement adopt\u00e9e. Depuis lors, Sa\u00efed a consolid\u00e9 son pouvoir personnel. D\u00e9but 2022, il a dissous le Conseil sup\u00e9rieur de la magistrature, mettant fin \u00e0 l\u2019ind\u00e9pendance judiciaire, et impos\u00e9 une nouvelle constitution qui lui donnait une autorit\u00e9 absolue. Sa\u00efed a r\u00e9ussi \u00e0 \u00e9trangler la seule d\u00e9mocratie du monde arabe.<\/p>\n\n\n\n<p>En tant que pr\u00e9sident, Sa\u00efed a r\u00e9guli\u00e8rement fait des d\u00e9clarations incendiaires sur les Juifs et Isra\u00ebl, les bl\u00e2mant par exemple pour les probl\u00e8mes \u00e9conomiques et sociaux du pays, appelant au boycott des produits isra\u00e9liens et louant la r\u00e9sistance palestinienne. La Jewish Telegraphic Agency a rapport\u00e9 qu\u2019en r\u00e9ponse \u00e0 une question sur l\u2019attaque meurtri\u00e8re de la synagogue de Djerba, Sa\u00efed a r\u00e9pondu que des Palestiniens <em>\u00absont tu\u00e9s tous les jours\u00bb<\/em> et <em>\u00abpersonne n\u2019en parle\u00bb<\/em>.<\/p>\n\n\n\n<p>Lors de l\u2019examen initial, la Tunisie semble avoir les conditions pr\u00e9alables \u00e0 une normalisation rapide avec Isra\u00ebl. C\u2019est un \u00c9tat sunnite mod\u00e9r\u00e9 alli\u00e9 \u00e0 l\u2019Occident avec une longue et riche communaut\u00e9 juive, et il pourrait b\u00e9n\u00e9ficier de la normalisation du commerce et du tourisme. Cependant, un examen plus approfondi r\u00e9v\u00e8le qu\u2019un public d\u00e9favorable, une d\u00e9pendance \u00e0 l\u2019\u00e9gard de la relation alg\u00e9rienne et un pr\u00e9sident hostile \u00e0 Isra\u00ebl rendent douteuse toute normalisation \u00e0 court terme.<\/p>\n\n\n\n<p class=\"has-text-align-right\"><em>Traduit de l\u2019anglais.<\/em><\/p>\n\n\n\n<p><strong><em>Source<\/em><\/strong>\u00a0: <a href=\"https:\/\/besacenter.org\/lost-between-recognition-and-rejection-tunisias-relations-with-israel\/\" target=\"_blank\" rel=\"noreferrer noopener\">Besa Center Perspectives Paper<\/a> No. 2,204, 27 juin 2023. <\/p>\n\n\n\n<p>* <em>David Levy est un commandant de la marine am\u00e9ricaine \u00e0 la retraite. Il a \u00e9t\u00e9 directeur de la coop\u00e9ration en mati\u00e8re de s\u00e9curit\u00e9 pour le commandement central des forces navales am\u00e9ricaines et a \u00e9t\u00e9 attach\u00e9 a\u00e9rien et naval am\u00e9ricain \u00e0 Tunis. CDR. Levy est titulaire d\u2019un doctorat en science politique de l\u2019Universit\u00e9 Bar-Ilan.<\/em><\/p>\n","protected":false},"excerpt":{"rendered":"<p>Un public d\u00e9favorable, une d\u00e9pendance \u00e0 l\u2019\u00e9gard de la relation alg\u00e9rienne et un pr\u00e9sident Ka\u00efs Sa\u00efed hostile \u00e0 Isra\u00ebl rendent douteuse toute normalisation \u00e0 court terme entre Tunis et Tel Aviv.<\/p>\n","protected":false},"author":8,"featured_media":8768407,"comment_status":"open","ping_status":"open","sticky":false,"template":"","format":"standard","meta":{"footnotes":""},"categories":[992,997,1000,2433],"tags":[64,109847,2358,2478,76012,577,34126,62643,7334],"class_list":["post-8768324","post","type-post","status-publish","format-standard","has-post-thumbnail","hentry","category-a-la-une","category-politique","category-tribune","category-tunisie","tag-algerie","tag-david-levy","tag-habib-bourguiba","tag-israel","tag-kais-saied-2","tag-maroc","tag-normalisation","tag-tunisie","tag-zine-el-abidine-ben-ali"],"yoast_head":"<!-- This site is optimized with the Yoast SEO plugin v26.6 - https:\/\/yoast.com\/wordpress\/plugins\/seo\/ -->\n<title>Relations de la Tunisie avec Isra\u00ebl, entre reconnaissance et rejet - Kapitalis<\/title>\n<meta name=\"robots\" content=\"index, follow, max-snippet:-1, max-image-preview:large, max-video-preview:-1\" \/>\n<link rel=\"canonical\" href=\"https:\/\/kapitalis.com\/tunisie\/2023\/07\/11\/relations-de-la-tunisie-avec-israel-entre-reconnaissance-et-rejet\/\" \/>\n<meta property=\"og:locale\" content=\"fr_FR\" \/>\n<meta property=\"og:type\" content=\"article\" \/>\n<meta property=\"og:title\" content=\"Relations de la Tunisie avec Isra\u00ebl, entre reconnaissance et rejet - Kapitalis\" \/>\n<meta property=\"og:description\" content=\"Un public d\u00e9favorable, une d\u00e9pendance \u00e0 l\u2019\u00e9gard de la relation alg\u00e9rienne et un pr\u00e9sident Ka\u00efs Sa\u00efed hostile \u00e0 Isra\u00ebl rendent douteuse toute normalisation \u00e0 court terme entre Tunis et Tel Aviv.\" \/>\n<meta property=\"og:url\" content=\"https:\/\/kapitalis.com\/tunisie\/2023\/07\/11\/relations-de-la-tunisie-avec-israel-entre-reconnaissance-et-rejet\/\" \/>\n<meta property=\"og:site_name\" content=\"Kapitalis\" \/>\n<meta property=\"article:publisher\" content=\"https:\/\/www.facebook.com\/KapitalisInfo\/\" \/>\n<meta property=\"article:published_time\" content=\"2023-07-11T12:10:02+00:00\" \/>\n<meta property=\"article:modified_time\" content=\"2023-07-11T12:10:04+00:00\" \/>\n<meta property=\"og:image\" content=\"https:\/\/kapitalis.com\/tunisie\/wp-content\/uploads\/2023\/07\/Tunisie-Israel.jpg\" \/>\n\t<meta property=\"og:image:width\" content=\"1200\" \/>\n\t<meta property=\"og:image:height\" content=\"630\" \/>\n\t<meta property=\"og:image:type\" content=\"image\/jpeg\" \/>\n<meta name=\"author\" content=\"webmaster kapitalis\" \/>\n<meta name=\"twitter:card\" content=\"summary_large_image\" \/>\n<meta name=\"twitter:creator\" content=\"@KapitalisInfo\" \/>\n<meta name=\"twitter:site\" content=\"@KapitalisInfo\" \/>\n<meta name=\"twitter:label1\" content=\"\u00c9crit par\" \/>\n\t<meta name=\"twitter:data1\" content=\"webmaster kapitalis\" \/>\n\t<meta name=\"twitter:label2\" content=\"Dur\u00e9e de lecture estim\u00e9e\" \/>\n\t<meta name=\"twitter:data2\" content=\"10 minutes\" \/>\n<script type=\"application\/ld+json\" class=\"yoast-schema-graph\">{\"@context\":\"https:\/\/schema.org\",\"@graph\":[{\"@type\":\"Article\",\"@id\":\"https:\/\/kapitalis.com\/tunisie\/2023\/07\/11\/relations-de-la-tunisie-avec-israel-entre-reconnaissance-et-rejet\/#article\",\"isPartOf\":{\"@id\":\"https:\/\/kapitalis.com\/tunisie\/2023\/07\/11\/relations-de-la-tunisie-avec-israel-entre-reconnaissance-et-rejet\/\"},\"author\":{\"name\":\"webmaster kapitalis\",\"@id\":\"https:\/\/kapitalis.com\/tunisie\/#\/schema\/person\/d71f33a9ca44f7bad4698210b480c8e9\"},\"headline\":\"Relations de la Tunisie avec Isra\u00ebl, entre reconnaissance et rejet\",\"datePublished\":\"2023-07-11T12:10:02+00:00\",\"dateModified\":\"2023-07-11T12:10:04+00:00\",\"mainEntityOfPage\":{\"@id\":\"https:\/\/kapitalis.com\/tunisie\/2023\/07\/11\/relations-de-la-tunisie-avec-israel-entre-reconnaissance-et-rejet\/\"},\"wordCount\":2192,\"commentCount\":12,\"publisher\":{\"@id\":\"https:\/\/kapitalis.com\/tunisie\/#organization\"},\"image\":{\"@id\":\"https:\/\/kapitalis.com\/tunisie\/2023\/07\/11\/relations-de-la-tunisie-avec-israel-entre-reconnaissance-et-rejet\/#primaryimage\"},\"thumbnailUrl\":\"https:\/\/kapitalis.com\/tunisie\/wp-content\/uploads\/2023\/07\/Tunisie-Israel.jpg\",\"keywords\":[\"Alg\u00e9rie\",\"David Levy\",\"Habib Bourguiba\",\"Isra\u00ebl\",\"Ka\u00efs Sa\u00efed\",\"Maroc\",\"normalisation\",\"Tunisie\",\"Zine El Abidine Ben Ali\"],\"articleSection\":[\"A LA UNE\",\"POLITIQUE\",\"TRIBUNE\",\"Tunisie\"],\"inLanguage\":\"fr-FR\",\"potentialAction\":[{\"@type\":\"CommentAction\",\"name\":\"Comment\",\"target\":[\"https:\/\/kapitalis.com\/tunisie\/2023\/07\/11\/relations-de-la-tunisie-avec-israel-entre-reconnaissance-et-rejet\/#respond\"]}]},{\"@type\":\"WebPage\",\"@id\":\"https:\/\/kapitalis.com\/tunisie\/2023\/07\/11\/relations-de-la-tunisie-avec-israel-entre-reconnaissance-et-rejet\/\",\"url\":\"https:\/\/kapitalis.com\/tunisie\/2023\/07\/11\/relations-de-la-tunisie-avec-israel-entre-reconnaissance-et-rejet\/\",\"name\":\"Relations de la Tunisie avec Isra\u00ebl, entre reconnaissance et rejet - Kapitalis\",\"isPartOf\":{\"@id\":\"https:\/\/kapitalis.com\/tunisie\/#website\"},\"primaryImageOfPage\":{\"@id\":\"https:\/\/kapitalis.com\/tunisie\/2023\/07\/11\/relations-de-la-tunisie-avec-israel-entre-reconnaissance-et-rejet\/#primaryimage\"},\"image\":{\"@id\":\"https:\/\/kapitalis.com\/tunisie\/2023\/07\/11\/relations-de-la-tunisie-avec-israel-entre-reconnaissance-et-rejet\/#primaryimage\"},\"thumbnailUrl\":\"https:\/\/kapitalis.com\/tunisie\/wp-content\/uploads\/2023\/07\/Tunisie-Israel.jpg\",\"datePublished\":\"2023-07-11T12:10:02+00:00\",\"dateModified\":\"2023-07-11T12:10:04+00:00\",\"breadcrumb\":{\"@id\":\"https:\/\/kapitalis.com\/tunisie\/2023\/07\/11\/relations-de-la-tunisie-avec-israel-entre-reconnaissance-et-rejet\/#breadcrumb\"},\"inLanguage\":\"fr-FR\",\"potentialAction\":[{\"@type\":\"ReadAction\",\"target\":[\"https:\/\/kapitalis.com\/tunisie\/2023\/07\/11\/relations-de-la-tunisie-avec-israel-entre-reconnaissance-et-rejet\/\"]}]},{\"@type\":\"ImageObject\",\"inLanguage\":\"fr-FR\",\"@id\":\"https:\/\/kapitalis.com\/tunisie\/2023\/07\/11\/relations-de-la-tunisie-avec-israel-entre-reconnaissance-et-rejet\/#primaryimage\",\"url\":\"https:\/\/kapitalis.com\/tunisie\/wp-content\/uploads\/2023\/07\/Tunisie-Israel.jpg\",\"contentUrl\":\"https:\/\/kapitalis.com\/tunisie\/wp-content\/uploads\/2023\/07\/Tunisie-Israel.jpg\",\"width\":1200,\"height\":630},{\"@type\":\"BreadcrumbList\",\"@id\":\"https:\/\/kapitalis.com\/tunisie\/2023\/07\/11\/relations-de-la-tunisie-avec-israel-entre-reconnaissance-et-rejet\/#breadcrumb\",\"itemListElement\":[{\"@type\":\"ListItem\",\"position\":1,\"name\":\"Accueil\",\"item\":\"https:\/\/kapitalis.com\/tunisie\/\"},{\"@type\":\"ListItem\",\"position\":2,\"name\":\"Relations de la Tunisie avec Isra\u00ebl, entre reconnaissance et rejet\"}]},{\"@type\":\"WebSite\",\"@id\":\"https:\/\/kapitalis.com\/tunisie\/#website\",\"url\":\"https:\/\/kapitalis.com\/tunisie\/\",\"name\":\"Kapitalis\",\"description\":\"L&#039;actualit\u00e9 en Tunisie et dans le monde\",\"publisher\":{\"@id\":\"https:\/\/kapitalis.com\/tunisie\/#organization\"},\"potentialAction\":[{\"@type\":\"SearchAction\",\"target\":{\"@type\":\"EntryPoint\",\"urlTemplate\":\"https:\/\/kapitalis.com\/tunisie\/?s={search_term_string}\"},\"query-input\":{\"@type\":\"PropertyValueSpecification\",\"valueRequired\":true,\"valueName\":\"search_term_string\"}}],\"inLanguage\":\"fr-FR\"},{\"@type\":\"Organization\",\"@id\":\"https:\/\/kapitalis.com\/tunisie\/#organization\",\"name\":\"Kapitalis\",\"url\":\"https:\/\/kapitalis.com\/tunisie\/\",\"logo\":{\"@type\":\"ImageObject\",\"inLanguage\":\"fr-FR\",\"@id\":\"https:\/\/kapitalis.com\/tunisie\/#\/schema\/logo\/image\/\",\"url\":\"https:\/\/kapitalis.com\/tunisie\/wp-content\/uploads\/2022\/05\/Kapitalis-big-size.png\",\"contentUrl\":\"https:\/\/kapitalis.com\/tunisie\/wp-content\/uploads\/2022\/05\/Kapitalis-big-size.png\",\"width\":5000,\"height\":1500,\"caption\":\"Kapitalis\"},\"image\":{\"@id\":\"https:\/\/kapitalis.com\/tunisie\/#\/schema\/logo\/image\/\"},\"sameAs\":[\"https:\/\/www.facebook.com\/KapitalisInfo\/\",\"https:\/\/x.com\/KapitalisInfo\",\"https:\/\/www.youtube.com\/channel\/UC-yDYrHyfFBWWZaOw3FPg9Q\"]},{\"@type\":\"Person\",\"@id\":\"https:\/\/kapitalis.com\/tunisie\/#\/schema\/person\/d71f33a9ca44f7bad4698210b480c8e9\",\"name\":\"webmaster kapitalis\",\"url\":\"https:\/\/kapitalis.com\/tunisie\/author\/webmaster-kapitalis\/\"}]}<\/script>\n<!-- \/ Yoast SEO plugin. -->","yoast_head_json":{"title":"Relations de la Tunisie avec Isra\u00ebl, entre reconnaissance et rejet - Kapitalis","robots":{"index":"index","follow":"follow","max-snippet":"max-snippet:-1","max-image-preview":"max-image-preview:large","max-video-preview":"max-video-preview:-1"},"canonical":"https:\/\/kapitalis.com\/tunisie\/2023\/07\/11\/relations-de-la-tunisie-avec-israel-entre-reconnaissance-et-rejet\/","og_locale":"fr_FR","og_type":"article","og_title":"Relations de la Tunisie avec Isra\u00ebl, entre reconnaissance et rejet - Kapitalis","og_description":"Un public d\u00e9favorable, une d\u00e9pendance \u00e0 l\u2019\u00e9gard de la relation alg\u00e9rienne et un pr\u00e9sident Ka\u00efs Sa\u00efed hostile \u00e0 Isra\u00ebl rendent douteuse toute normalisation \u00e0 court terme entre Tunis et Tel Aviv.","og_url":"https:\/\/kapitalis.com\/tunisie\/2023\/07\/11\/relations-de-la-tunisie-avec-israel-entre-reconnaissance-et-rejet\/","og_site_name":"Kapitalis","article_publisher":"https:\/\/www.facebook.com\/KapitalisInfo\/","article_published_time":"2023-07-11T12:10:02+00:00","article_modified_time":"2023-07-11T12:10:04+00:00","og_image":[{"width":1200,"height":630,"url":"https:\/\/kapitalis.com\/tunisie\/wp-content\/uploads\/2023\/07\/Tunisie-Israel.jpg","type":"image\/jpeg"}],"author":"webmaster kapitalis","twitter_card":"summary_large_image","twitter_creator":"@KapitalisInfo","twitter_site":"@KapitalisInfo","twitter_misc":{"\u00c9crit par":"webmaster kapitalis","Dur\u00e9e de lecture estim\u00e9e":"10 minutes"},"schema":{"@context":"https:\/\/schema.org","@graph":[{"@type":"Article","@id":"https:\/\/kapitalis.com\/tunisie\/2023\/07\/11\/relations-de-la-tunisie-avec-israel-entre-reconnaissance-et-rejet\/#article","isPartOf":{"@id":"https:\/\/kapitalis.com\/tunisie\/2023\/07\/11\/relations-de-la-tunisie-avec-israel-entre-reconnaissance-et-rejet\/"},"author":{"name":"webmaster kapitalis","@id":"https:\/\/kapitalis.com\/tunisie\/#\/schema\/person\/d71f33a9ca44f7bad4698210b480c8e9"},"headline":"Relations de la Tunisie avec Isra\u00ebl, entre reconnaissance et rejet","datePublished":"2023-07-11T12:10:02+00:00","dateModified":"2023-07-11T12:10:04+00:00","mainEntityOfPage":{"@id":"https:\/\/kapitalis.com\/tunisie\/2023\/07\/11\/relations-de-la-tunisie-avec-israel-entre-reconnaissance-et-rejet\/"},"wordCount":2192,"commentCount":12,"publisher":{"@id":"https:\/\/kapitalis.com\/tunisie\/#organization"},"image":{"@id":"https:\/\/kapitalis.com\/tunisie\/2023\/07\/11\/relations-de-la-tunisie-avec-israel-entre-reconnaissance-et-rejet\/#primaryimage"},"thumbnailUrl":"https:\/\/kapitalis.com\/tunisie\/wp-content\/uploads\/2023\/07\/Tunisie-Israel.jpg","keywords":["Alg\u00e9rie","David Levy","Habib Bourguiba","Isra\u00ebl","Ka\u00efs Sa\u00efed","Maroc","normalisation","Tunisie","Zine El Abidine Ben Ali"],"articleSection":["A LA UNE","POLITIQUE","TRIBUNE","Tunisie"],"inLanguage":"fr-FR","potentialAction":[{"@type":"CommentAction","name":"Comment","target":["https:\/\/kapitalis.com\/tunisie\/2023\/07\/11\/relations-de-la-tunisie-avec-israel-entre-reconnaissance-et-rejet\/#respond"]}]},{"@type":"WebPage","@id":"https:\/\/kapitalis.com\/tunisie\/2023\/07\/11\/relations-de-la-tunisie-avec-israel-entre-reconnaissance-et-rejet\/","url":"https:\/\/kapitalis.com\/tunisie\/2023\/07\/11\/relations-de-la-tunisie-avec-israel-entre-reconnaissance-et-rejet\/","name":"Relations de la Tunisie avec Isra\u00ebl, entre reconnaissance et rejet - Kapitalis","isPartOf":{"@id":"https:\/\/kapitalis.com\/tunisie\/#website"},"primaryImageOfPage":{"@id":"https:\/\/kapitalis.com\/tunisie\/2023\/07\/11\/relations-de-la-tunisie-avec-israel-entre-reconnaissance-et-rejet\/#primaryimage"},"image":{"@id":"https:\/\/kapitalis.com\/tunisie\/2023\/07\/11\/relations-de-la-tunisie-avec-israel-entre-reconnaissance-et-rejet\/#primaryimage"},"thumbnailUrl":"https:\/\/kapitalis.com\/tunisie\/wp-content\/uploads\/2023\/07\/Tunisie-Israel.jpg","datePublished":"2023-07-11T12:10:02+00:00","dateModified":"2023-07-11T12:10:04+00:00","breadcrumb":{"@id":"https:\/\/kapitalis.com\/tunisie\/2023\/07\/11\/relations-de-la-tunisie-avec-israel-entre-reconnaissance-et-rejet\/#breadcrumb"},"inLanguage":"fr-FR","potentialAction":[{"@type":"ReadAction","target":["https:\/\/kapitalis.com\/tunisie\/2023\/07\/11\/relations-de-la-tunisie-avec-israel-entre-reconnaissance-et-rejet\/"]}]},{"@type":"ImageObject","inLanguage":"fr-FR","@id":"https:\/\/kapitalis.com\/tunisie\/2023\/07\/11\/relations-de-la-tunisie-avec-israel-entre-reconnaissance-et-rejet\/#primaryimage","url":"https:\/\/kapitalis.com\/tunisie\/wp-content\/uploads\/2023\/07\/Tunisie-Israel.jpg","contentUrl":"https:\/\/kapitalis.com\/tunisie\/wp-content\/uploads\/2023\/07\/Tunisie-Israel.jpg","width":1200,"height":630},{"@type":"BreadcrumbList","@id":"https:\/\/kapitalis.com\/tunisie\/2023\/07\/11\/relations-de-la-tunisie-avec-israel-entre-reconnaissance-et-rejet\/#breadcrumb","itemListElement":[{"@type":"ListItem","position":1,"name":"Accueil","item":"https:\/\/kapitalis.com\/tunisie\/"},{"@type":"ListItem","position":2,"name":"Relations de la Tunisie avec Isra\u00ebl, entre reconnaissance et rejet"}]},{"@type":"WebSite","@id":"https:\/\/kapitalis.com\/tunisie\/#website","url":"https:\/\/kapitalis.com\/tunisie\/","name":"Kapitalis","description":"L&#039;actualit\u00e9 en Tunisie et dans le monde","publisher":{"@id":"https:\/\/kapitalis.com\/tunisie\/#organization"},"potentialAction":[{"@type":"SearchAction","target":{"@type":"EntryPoint","urlTemplate":"https:\/\/kapitalis.com\/tunisie\/?s={search_term_string}"},"query-input":{"@type":"PropertyValueSpecification","valueRequired":true,"valueName":"search_term_string"}}],"inLanguage":"fr-FR"},{"@type":"Organization","@id":"https:\/\/kapitalis.com\/tunisie\/#organization","name":"Kapitalis","url":"https:\/\/kapitalis.com\/tunisie\/","logo":{"@type":"ImageObject","inLanguage":"fr-FR","@id":"https:\/\/kapitalis.com\/tunisie\/#\/schema\/logo\/image\/","url":"https:\/\/kapitalis.com\/tunisie\/wp-content\/uploads\/2022\/05\/Kapitalis-big-size.png","contentUrl":"https:\/\/kapitalis.com\/tunisie\/wp-content\/uploads\/2022\/05\/Kapitalis-big-size.png","width":5000,"height":1500,"caption":"Kapitalis"},"image":{"@id":"https:\/\/kapitalis.com\/tunisie\/#\/schema\/logo\/image\/"},"sameAs":["https:\/\/www.facebook.com\/KapitalisInfo\/","https:\/\/x.com\/KapitalisInfo","https:\/\/www.youtube.com\/channel\/UC-yDYrHyfFBWWZaOw3FPg9Q"]},{"@type":"Person","@id":"https:\/\/kapitalis.com\/tunisie\/#\/schema\/person\/d71f33a9ca44f7bad4698210b480c8e9","name":"webmaster kapitalis","url":"https:\/\/kapitalis.com\/tunisie\/author\/webmaster-kapitalis\/"}]}},"_links":{"self":[{"href":"https:\/\/kapitalis.com\/tunisie\/wp-json\/wp\/v2\/posts\/8768324","targetHints":{"allow":["GET"]}}],"collection":[{"href":"https:\/\/kapitalis.com\/tunisie\/wp-json\/wp\/v2\/posts"}],"about":[{"href":"https:\/\/kapitalis.com\/tunisie\/wp-json\/wp\/v2\/types\/post"}],"author":[{"embeddable":true,"href":"https:\/\/kapitalis.com\/tunisie\/wp-json\/wp\/v2\/users\/8"}],"replies":[{"embeddable":true,"href":"https:\/\/kapitalis.com\/tunisie\/wp-json\/wp\/v2\/comments?post=8768324"}],"version-history":[{"count":1,"href":"https:\/\/kapitalis.com\/tunisie\/wp-json\/wp\/v2\/posts\/8768324\/revisions"}],"predecessor-version":[{"id":8768447,"href":"https:\/\/kapitalis.com\/tunisie\/wp-json\/wp\/v2\/posts\/8768324\/revisions\/8768447"}],"wp:featuredmedia":[{"embeddable":true,"href":"https:\/\/kapitalis.com\/tunisie\/wp-json\/wp\/v2\/media\/8768407"}],"wp:attachment":[{"href":"https:\/\/kapitalis.com\/tunisie\/wp-json\/wp\/v2\/media?parent=8768324"}],"wp:term":[{"taxonomy":"category","embeddable":true,"href":"https:\/\/kapitalis.com\/tunisie\/wp-json\/wp\/v2\/categories?post=8768324"},{"taxonomy":"post_tag","embeddable":true,"href":"https:\/\/kapitalis.com\/tunisie\/wp-json\/wp\/v2\/tags?post=8768324"}],"curies":[{"name":"wp","href":"https:\/\/api.w.org\/{rel}","templated":true}]}}