{"id":87738,"date":"2017-03-21T11:12:02","date_gmt":"2017-03-21T10:12:02","guid":{"rendered":"http:\/\/kapitalis.com\/tunisie\/?p=87738"},"modified":"2017-03-24T13:44:39","modified_gmt":"2017-03-24T12:44:39","slug":"bizerte-disparition-de-7-candidats-a-la-migration-clandestine","status":"publish","type":"post","link":"https:\/\/kapitalis.com\/tunisie\/2017\/03\/21\/bizerte-disparition-de-7-candidats-a-la-migration-clandestine\/","title":{"rendered":"Bizerte : Disparition de 7 candidats \u00e0 la migration clandestine"},"content":{"rendered":"<p style=\"text-align: center;\"><img loading=\"lazy\" decoding=\"async\" class=\"alignnone size-full wp-image-87740\" src=\"http:\/\/kapitalis.com\/tunisie\/wp-content\/uploads\/2017\/03\/Bizerte-plage-mer.jpg\" alt=\"\" width=\"626\" height=\"380\" \/><\/p>\n<p><em><strong>Sept jeunes originaires de Rafraf (Bizerte), partis ill\u00e9galement \u00e0 bord d\u2019une embarcation, n&rsquo;ont plus donn\u00e9 signe de vie depuis 5 jours.<\/strong><\/em><\/p>\n<p><!--more--><\/p>\n<p>Une source a indiqu\u00e9 \u00e0 Kapitalis que les familles des disparus, \u00e2g\u00e9s de 20 \u00e0 25 ans, ont bloqu\u00e9 les routes, lundi 20 mars 2017, appelant les autorit\u00e9s \u00e0 effectuer les recherches n\u00e9cessaires pour les retrouver.<\/p>\n<p>Les agents de police ont discut\u00e9 avec les familles et r\u00e9ussi \u00e0 rouvrir les routes, tout en s\u2019engageant \u00e0 entamer les recherches n\u00e9cessaires avec la garde nationale maritime.<\/p>\n<p>Notons que 16 personnes ont \u00e9t\u00e9 interpell\u00e9es, dimanche, \u00e0 Bizerte, \u00e0 bord d\u2019une embarcation en route vers l\u2019Italie. Parmi ces candidats \u00e0 l\u2019\u00e9migration clandestine, il y avait un extr\u00e9miste religieux, qui a \u00e9t\u00e9 arr\u00eat\u00e9.<\/p>\n<p style=\"text-align: right;\"><strong>Y. N.<\/strong><\/p>\n","protected":false},"excerpt":{"rendered":"<p>Sept jeunes originaires de Rafraf (Bizerte), partis ill\u00e9galement \u00e0 bord d\u2019une embarcation, n&rsquo;ont plus donn\u00e9 signe de vie depuis 5 jours.<\/p>\n","protected":false},"author":6,"featured_media":87740,"comment_status":"open","ping_status":"open","sticky":false,"template":"","format":"standard","meta":{"footnotes":""},"categories":[998,2433],"tags":[1179,4133,505,2843,765],"class_list":["post-87738","post","type-post","status-publish","format-standard","has-post-thumbnail","hentry","category-societe","category-tunisie","tag-extremiste-religieux","tag-garde-nationale-maritime","tag-italie","tag-migration-clandestine","tag-ras-jebel"],"yoast_head":"<!-- This site is optimized with the Yoast SEO plugin v26.6 - https:\/\/yoast.com\/wordpress\/plugins\/seo\/ -->\n<title>Bizerte : Disparition de 7 candidats \u00e0 la migration clandestine - Kapitalis<\/title>\n<meta name=\"robots\" content=\"index, follow, max-snippet:-1, max-image-preview:large, max-video-preview:-1\" \/>\n<link rel=\"canonical\" href=\"https:\/\/kapitalis.com\/tunisie\/2017\/03\/21\/bizerte-disparition-de-7-candidats-a-la-migration-clandestine\/\" \/>\n<meta property=\"og:locale\" content=\"fr_FR\" \/>\n<meta property=\"og:type\" content=\"article\" \/>\n<meta property=\"og:title\" content=\"Bizerte : Disparition de 7 candidats \u00e0 la migration clandestine - Kapitalis\" \/>\n<meta property=\"og:description\" content=\"Sept jeunes originaires de Rafraf (Bizerte), partis ill\u00e9galement \u00e0 bord d\u2019une embarcation, n&rsquo;ont plus donn\u00e9 signe de vie depuis 5 jours.\" \/>\n<meta property=\"og:url\" content=\"https:\/\/kapitalis.com\/tunisie\/2017\/03\/21\/bizerte-disparition-de-7-candidats-a-la-migration-clandestine\/\" \/>\n<meta property=\"og:site_name\" content=\"Kapitalis\" \/>\n<meta property=\"article:publisher\" content=\"https:\/\/www.facebook.com\/KapitalisInfo\/\" \/>\n<meta property=\"article:published_time\" content=\"2017-03-21T10:12:02+00:00\" \/>\n<meta property=\"article:modified_time\" content=\"2017-03-24T12:44:39+00:00\" \/>\n<meta property=\"og:image\" content=\"https:\/\/kapitalis.com\/tunisie\/wp-content\/uploads\/2022\/05\/kapitalis-logo-fb.png\" \/>\n\t<meta property=\"og:image:width\" content=\"1200\" \/>\n\t<meta property=\"og:image:height\" content=\"630\" \/>\n\t<meta property=\"og:image:type\" content=\"image\/png\" \/>\n<meta name=\"author\" content=\"Yusra NY\" \/>\n<meta name=\"twitter:card\" content=\"summary_large_image\" \/>\n<meta name=\"twitter:creator\" content=\"@KapitalisInfo\" \/>\n<meta name=\"twitter:site\" content=\"@KapitalisInfo\" \/>\n<meta name=\"twitter:label1\" content=\"\u00c9crit par\" \/>\n\t<meta name=\"twitter:data1\" content=\"Yusra NY\" \/>\n\t<meta name=\"twitter:label2\" content=\"Dur\u00e9e de lecture estim\u00e9e\" \/>\n\t<meta name=\"twitter:data2\" content=\"1 minute\" \/>\n<script type=\"application\/ld+json\" class=\"yoast-schema-graph\">{\"@context\":\"https:\/\/schema.org\",\"@graph\":[{\"@type\":\"Article\",\"@id\":\"https:\/\/kapitalis.com\/tunisie\/2017\/03\/21\/bizerte-disparition-de-7-candidats-a-la-migration-clandestine\/#article\",\"isPartOf\":{\"@id\":\"https:\/\/kapitalis.com\/tunisie\/2017\/03\/21\/bizerte-disparition-de-7-candidats-a-la-migration-clandestine\/\"},\"author\":{\"name\":\"Yusra NY\",\"@id\":\"https:\/\/kapitalis.com\/tunisie\/#\/schema\/person\/74bbde0154d49d790a92aaeac5bc01d5\"},\"headline\":\"Bizerte : Disparition de 7 candidats \u00e0 la migration clandestine\",\"datePublished\":\"2017-03-21T10:12:02+00:00\",\"dateModified\":\"2017-03-24T12:44:39+00:00\",\"mainEntityOfPage\":{\"@id\":\"https:\/\/kapitalis.com\/tunisie\/2017\/03\/21\/bizerte-disparition-de-7-candidats-a-la-migration-clandestine\/\"},\"wordCount\":127,\"commentCount\":0,\"publisher\":{\"@id\":\"https:\/\/kapitalis.com\/tunisie\/#organization\"},\"image\":{\"@id\":\"https:\/\/kapitalis.com\/tunisie\/2017\/03\/21\/bizerte-disparition-de-7-candidats-a-la-migration-clandestine\/#primaryimage\"},\"thumbnailUrl\":\"\",\"keywords\":[\"extr\u00e9miste religieux\",\"garde nationale maritime\",\"Italie\",\"migration clandestine\",\"Ras Jebel\"],\"articleSection\":[\"SOCIETE\",\"Tunisie\"],\"inLanguage\":\"fr-FR\",\"potentialAction\":[{\"@type\":\"CommentAction\",\"name\":\"Comment\",\"target\":[\"https:\/\/kapitalis.com\/tunisie\/2017\/03\/21\/bizerte-disparition-de-7-candidats-a-la-migration-clandestine\/#respond\"]}]},{\"@type\":\"WebPage\",\"@id\":\"https:\/\/kapitalis.com\/tunisie\/2017\/03\/21\/bizerte-disparition-de-7-candidats-a-la-migration-clandestine\/\",\"url\":\"https:\/\/kapitalis.com\/tunisie\/2017\/03\/21\/bizerte-disparition-de-7-candidats-a-la-migration-clandestine\/\",\"name\":\"Bizerte : Disparition de 7 candidats \u00e0 la migration clandestine - Kapitalis\",\"isPartOf\":{\"@id\":\"https:\/\/kapitalis.com\/tunisie\/#website\"},\"primaryImageOfPage\":{\"@id\":\"https:\/\/kapitalis.com\/tunisie\/2017\/03\/21\/bizerte-disparition-de-7-candidats-a-la-migration-clandestine\/#primaryimage\"},\"image\":{\"@id\":\"https:\/\/kapitalis.com\/tunisie\/2017\/03\/21\/bizerte-disparition-de-7-candidats-a-la-migration-clandestine\/#primaryimage\"},\"thumbnailUrl\":\"\",\"datePublished\":\"2017-03-21T10:12:02+00:00\",\"dateModified\":\"2017-03-24T12:44:39+00:00\",\"breadcrumb\":{\"@id\":\"https:\/\/kapitalis.com\/tunisie\/2017\/03\/21\/bizerte-disparition-de-7-candidats-a-la-migration-clandestine\/#breadcrumb\"},\"inLanguage\":\"fr-FR\",\"potentialAction\":[{\"@type\":\"ReadAction\",\"target\":[\"https:\/\/kapitalis.com\/tunisie\/2017\/03\/21\/bizerte-disparition-de-7-candidats-a-la-migration-clandestine\/\"]}]},{\"@type\":\"ImageObject\",\"inLanguage\":\"fr-FR\",\"@id\":\"https:\/\/kapitalis.com\/tunisie\/2017\/03\/21\/bizerte-disparition-de-7-candidats-a-la-migration-clandestine\/#primaryimage\",\"url\":\"\",\"contentUrl\":\"\"},{\"@type\":\"BreadcrumbList\",\"@id\":\"https:\/\/kapitalis.com\/tunisie\/2017\/03\/21\/bizerte-disparition-de-7-candidats-a-la-migration-clandestine\/#breadcrumb\",\"itemListElement\":[{\"@type\":\"ListItem\",\"position\":1,\"name\":\"Accueil\",\"item\":\"https:\/\/kapitalis.com\/tunisie\/\"},{\"@type\":\"ListItem\",\"position\":2,\"name\":\"Bizerte : Disparition de 7 candidats \u00e0 la migration clandestine\"}]},{\"@type\":\"WebSite\",\"@id\":\"https:\/\/kapitalis.com\/tunisie\/#website\",\"url\":\"https:\/\/kapitalis.com\/tunisie\/\",\"name\":\"Kapitalis\",\"description\":\"L&#039;actualit\u00e9 en Tunisie et dans le monde\",\"publisher\":{\"@id\":\"https:\/\/kapitalis.com\/tunisie\/#organization\"},\"potentialAction\":[{\"@type\":\"SearchAction\",\"target\":{\"@type\":\"EntryPoint\",\"urlTemplate\":\"https:\/\/kapitalis.com\/tunisie\/?s={search_term_string}\"},\"query-input\":{\"@type\":\"PropertyValueSpecification\",\"valueRequired\":true,\"valueName\":\"search_term_string\"}}],\"inLanguage\":\"fr-FR\"},{\"@type\":\"Organization\",\"@id\":\"https:\/\/kapitalis.com\/tunisie\/#organization\",\"name\":\"Kapitalis\",\"url\":\"https:\/\/kapitalis.com\/tunisie\/\",\"logo\":{\"@type\":\"ImageObject\",\"inLanguage\":\"fr-FR\",\"@id\":\"https:\/\/kapitalis.com\/tunisie\/#\/schema\/logo\/image\/\",\"url\":\"https:\/\/kapitalis.com\/tunisie\/wp-content\/uploads\/2022\/05\/Kapitalis-big-size.png\",\"contentUrl\":\"https:\/\/kapitalis.com\/tunisie\/wp-content\/uploads\/2022\/05\/Kapitalis-big-size.png\",\"width\":5000,\"height\":1500,\"caption\":\"Kapitalis\"},\"image\":{\"@id\":\"https:\/\/kapitalis.com\/tunisie\/#\/schema\/logo\/image\/\"},\"sameAs\":[\"https:\/\/www.facebook.com\/KapitalisInfo\/\",\"https:\/\/x.com\/KapitalisInfo\",\"https:\/\/www.youtube.com\/channel\/UC-yDYrHyfFBWWZaOw3FPg9Q\"]},{\"@type\":\"Person\",\"@id\":\"https:\/\/kapitalis.com\/tunisie\/#\/schema\/person\/74bbde0154d49d790a92aaeac5bc01d5\",\"name\":\"Yusra NY\",\"url\":\"https:\/\/kapitalis.com\/tunisie\/author\/yuza_adam\/\"}]}<\/script>\n<!-- \/ Yoast SEO plugin. -->","yoast_head_json":{"title":"Bizerte : Disparition de 7 candidats \u00e0 la migration clandestine - Kapitalis","robots":{"index":"index","follow":"follow","max-snippet":"max-snippet:-1","max-image-preview":"max-image-preview:large","max-video-preview":"max-video-preview:-1"},"canonical":"https:\/\/kapitalis.com\/tunisie\/2017\/03\/21\/bizerte-disparition-de-7-candidats-a-la-migration-clandestine\/","og_locale":"fr_FR","og_type":"article","og_title":"Bizerte : Disparition de 7 candidats \u00e0 la migration clandestine - Kapitalis","og_description":"Sept jeunes originaires de Rafraf (Bizerte), partis ill\u00e9galement \u00e0 bord d\u2019une embarcation, n&rsquo;ont plus donn\u00e9 signe de vie depuis 5 jours.","og_url":"https:\/\/kapitalis.com\/tunisie\/2017\/03\/21\/bizerte-disparition-de-7-candidats-a-la-migration-clandestine\/","og_site_name":"Kapitalis","article_publisher":"https:\/\/www.facebook.com\/KapitalisInfo\/","article_published_time":"2017-03-21T10:12:02+00:00","article_modified_time":"2017-03-24T12:44:39+00:00","og_image":[{"width":1200,"height":630,"url":"https:\/\/kapitalis.com\/tunisie\/wp-content\/uploads\/2022\/05\/kapitalis-logo-fb.png","type":"image\/png"}],"author":"Yusra NY","twitter_card":"summary_large_image","twitter_creator":"@KapitalisInfo","twitter_site":"@KapitalisInfo","twitter_misc":{"\u00c9crit par":"Yusra NY","Dur\u00e9e de lecture estim\u00e9e":"1 minute"},"schema":{"@context":"https:\/\/schema.org","@graph":[{"@type":"Article","@id":"https:\/\/kapitalis.com\/tunisie\/2017\/03\/21\/bizerte-disparition-de-7-candidats-a-la-migration-clandestine\/#article","isPartOf":{"@id":"https:\/\/kapitalis.com\/tunisie\/2017\/03\/21\/bizerte-disparition-de-7-candidats-a-la-migration-clandestine\/"},"author":{"name":"Yusra NY","@id":"https:\/\/kapitalis.com\/tunisie\/#\/schema\/person\/74bbde0154d49d790a92aaeac5bc01d5"},"headline":"Bizerte : Disparition de 7 candidats \u00e0 la migration clandestine","datePublished":"2017-03-21T10:12:02+00:00","dateModified":"2017-03-24T12:44:39+00:00","mainEntityOfPage":{"@id":"https:\/\/kapitalis.com\/tunisie\/2017\/03\/21\/bizerte-disparition-de-7-candidats-a-la-migration-clandestine\/"},"wordCount":127,"commentCount":0,"publisher":{"@id":"https:\/\/kapitalis.com\/tunisie\/#organization"},"image":{"@id":"https:\/\/kapitalis.com\/tunisie\/2017\/03\/21\/bizerte-disparition-de-7-candidats-a-la-migration-clandestine\/#primaryimage"},"thumbnailUrl":"","keywords":["extr\u00e9miste religieux","garde nationale maritime","Italie","migration clandestine","Ras Jebel"],"articleSection":["SOCIETE","Tunisie"],"inLanguage":"fr-FR","potentialAction":[{"@type":"CommentAction","name":"Comment","target":["https:\/\/kapitalis.com\/tunisie\/2017\/03\/21\/bizerte-disparition-de-7-candidats-a-la-migration-clandestine\/#respond"]}]},{"@type":"WebPage","@id":"https:\/\/kapitalis.com\/tunisie\/2017\/03\/21\/bizerte-disparition-de-7-candidats-a-la-migration-clandestine\/","url":"https:\/\/kapitalis.com\/tunisie\/2017\/03\/21\/bizerte-disparition-de-7-candidats-a-la-migration-clandestine\/","name":"Bizerte : Disparition de 7 candidats \u00e0 la migration clandestine - Kapitalis","isPartOf":{"@id":"https:\/\/kapitalis.com\/tunisie\/#website"},"primaryImageOfPage":{"@id":"https:\/\/kapitalis.com\/tunisie\/2017\/03\/21\/bizerte-disparition-de-7-candidats-a-la-migration-clandestine\/#primaryimage"},"image":{"@id":"https:\/\/kapitalis.com\/tunisie\/2017\/03\/21\/bizerte-disparition-de-7-candidats-a-la-migration-clandestine\/#primaryimage"},"thumbnailUrl":"","datePublished":"2017-03-21T10:12:02+00:00","dateModified":"2017-03-24T12:44:39+00:00","breadcrumb":{"@id":"https:\/\/kapitalis.com\/tunisie\/2017\/03\/21\/bizerte-disparition-de-7-candidats-a-la-migration-clandestine\/#breadcrumb"},"inLanguage":"fr-FR","potentialAction":[{"@type":"ReadAction","target":["https:\/\/kapitalis.com\/tunisie\/2017\/03\/21\/bizerte-disparition-de-7-candidats-a-la-migration-clandestine\/"]}]},{"@type":"ImageObject","inLanguage":"fr-FR","@id":"https:\/\/kapitalis.com\/tunisie\/2017\/03\/21\/bizerte-disparition-de-7-candidats-a-la-migration-clandestine\/#primaryimage","url":"","contentUrl":""},{"@type":"BreadcrumbList","@id":"https:\/\/kapitalis.com\/tunisie\/2017\/03\/21\/bizerte-disparition-de-7-candidats-a-la-migration-clandestine\/#breadcrumb","itemListElement":[{"@type":"ListItem","position":1,"name":"Accueil","item":"https:\/\/kapitalis.com\/tunisie\/"},{"@type":"ListItem","position":2,"name":"Bizerte : Disparition de 7 candidats \u00e0 la migration clandestine"}]},{"@type":"WebSite","@id":"https:\/\/kapitalis.com\/tunisie\/#website","url":"https:\/\/kapitalis.com\/tunisie\/","name":"Kapitalis","description":"L&#039;actualit\u00e9 en Tunisie et dans le monde","publisher":{"@id":"https:\/\/kapitalis.com\/tunisie\/#organization"},"potentialAction":[{"@type":"SearchAction","target":{"@type":"EntryPoint","urlTemplate":"https:\/\/kapitalis.com\/tunisie\/?s={search_term_string}"},"query-input":{"@type":"PropertyValueSpecification","valueRequired":true,"valueName":"search_term_string"}}],"inLanguage":"fr-FR"},{"@type":"Organization","@id":"https:\/\/kapitalis.com\/tunisie\/#organization","name":"Kapitalis","url":"https:\/\/kapitalis.com\/tunisie\/","logo":{"@type":"ImageObject","inLanguage":"fr-FR","@id":"https:\/\/kapitalis.com\/tunisie\/#\/schema\/logo\/image\/","url":"https:\/\/kapitalis.com\/tunisie\/wp-content\/uploads\/2022\/05\/Kapitalis-big-size.png","contentUrl":"https:\/\/kapitalis.com\/tunisie\/wp-content\/uploads\/2022\/05\/Kapitalis-big-size.png","width":5000,"height":1500,"caption":"Kapitalis"},"image":{"@id":"https:\/\/kapitalis.com\/tunisie\/#\/schema\/logo\/image\/"},"sameAs":["https:\/\/www.facebook.com\/KapitalisInfo\/","https:\/\/x.com\/KapitalisInfo","https:\/\/www.youtube.com\/channel\/UC-yDYrHyfFBWWZaOw3FPg9Q"]},{"@type":"Person","@id":"https:\/\/kapitalis.com\/tunisie\/#\/schema\/person\/74bbde0154d49d790a92aaeac5bc01d5","name":"Yusra NY","url":"https:\/\/kapitalis.com\/tunisie\/author\/yuza_adam\/"}]}},"_links":{"self":[{"href":"https:\/\/kapitalis.com\/tunisie\/wp-json\/wp\/v2\/posts\/87738","targetHints":{"allow":["GET"]}}],"collection":[{"href":"https:\/\/kapitalis.com\/tunisie\/wp-json\/wp\/v2\/posts"}],"about":[{"href":"https:\/\/kapitalis.com\/tunisie\/wp-json\/wp\/v2\/types\/post"}],"author":[{"embeddable":true,"href":"https:\/\/kapitalis.com\/tunisie\/wp-json\/wp\/v2\/users\/6"}],"replies":[{"embeddable":true,"href":"https:\/\/kapitalis.com\/tunisie\/wp-json\/wp\/v2\/comments?post=87738"}],"version-history":[{"count":0,"href":"https:\/\/kapitalis.com\/tunisie\/wp-json\/wp\/v2\/posts\/87738\/revisions"}],"wp:featuredmedia":[{"embeddable":true,"href":"https:\/\/kapitalis.com\/tunisie\/wp-json\/wp\/v2\/media\/87740"}],"wp:attachment":[{"href":"https:\/\/kapitalis.com\/tunisie\/wp-json\/wp\/v2\/media?parent=87738"}],"wp:term":[{"taxonomy":"category","embeddable":true,"href":"https:\/\/kapitalis.com\/tunisie\/wp-json\/wp\/v2\/categories?post=87738"},{"taxonomy":"post_tag","embeddable":true,"href":"https:\/\/kapitalis.com\/tunisie\/wp-json\/wp\/v2\/tags?post=87738"}],"curies":[{"name":"wp","href":"https:\/\/api.w.org\/{rel}","templated":true}]}}