{"id":877746,"date":"2022-05-21T00:51:01","date_gmt":"2022-05-20T22:51:01","guid":{"rendered":"https:\/\/kapitalis.com\/tunisie\/?p=877746"},"modified":"2022-05-21T00:53:51","modified_gmt":"2022-05-20T22:53:51","slug":"protection-de-la-biodiversite-mediterraneenne-l-apal-celebre-la-spami-day-au-musee-oceanographique-de-monaco","status":"publish","type":"post","link":"https:\/\/kapitalis.com\/tunisie\/2022\/05\/21\/protection-de-la-biodiversite-mediterraneenne-l-apal-celebre-la-spami-day-au-musee-oceanographique-de-monaco\/","title":{"rendered":"Protection de la biodiversit\u00e9 m\u00e9diterran\u00e9enne : L&rsquo;Apal c\u00e9l\u00e8bre la SPAMI day au Mus\u00e9e oc\u00e9anographique de Monaco"},"content":{"rendered":"\n<p><strong><em>L&rsquo;Agence de protection et d&rsquo;am\u00e9nagement du littoral (Apal) a particip\u00e9 \u00e0 la c\u00e9l\u00e9bration de la journ\u00e9e des Aires Sp\u00e9cialement Prot\u00e9g\u00e9es d&rsquo;Importance M\u00e9diterran\u00e9enne (SPAMI day 2022) au Mus\u00e9e oc\u00e9anographique de Monaco.<\/em><\/strong><\/p>\n\n\n\n<!--more-->\n\n\n\n<p>\u00ab<em>La Tunisie compte trois Aires Sp\u00e9cialement Prot\u00e9g\u00e9es d&rsquo;Importance M\u00e9diterran\u00e9enne : l\u2019archipel de la Galite, les \u00eeles Kneiss et le parc national de Zembra et Zembretta\u00bb<\/em>, rappelle l&rsquo;Apal, dans un communiqu\u00e9 publi\u00e9 ce vendredi 20 mai 2022, en pr\u00e9cisant qu&rsquo;il s&rsquo;agit de zones c\u00f4ti\u00e8res, marines et\/ou de haute mer qui pr\u00e9sentent une importance particuli\u00e8re pour la conservation de la diversit\u00e9 biologique de la M\u00e9diterran\u00e9e.<\/p>\n\n\n\n<figure class=\"wp-block-gallery aligncenter has-nested-images columns-default is-cropped wp-block-gallery-1 is-layout-flex wp-block-gallery-is-layout-flex\">\n<figure class=\"wp-block-image size-large\"><img loading=\"lazy\" decoding=\"async\" width=\"1024\" height=\"768\" data-id=\"877777\" src=\"https:\/\/kapitalis.com\/tunisie\/wp-content\/uploads\/2022\/05\/sp2-1024x768.jpg\" alt=\"\" class=\"wp-image-877777\" srcset=\"https:\/\/kapitalis.com\/tunisie\/wp-content\/uploads\/2022\/05\/sp2-1024x768.jpg 1024w, https:\/\/kapitalis.com\/tunisie\/wp-content\/uploads\/2022\/05\/sp2-300x225.jpg 300w, https:\/\/kapitalis.com\/tunisie\/wp-content\/uploads\/2022\/05\/sp2-768x576.jpg 768w, https:\/\/kapitalis.com\/tunisie\/wp-content\/uploads\/2022\/05\/sp2-1536x1152.jpg 1536w, https:\/\/kapitalis.com\/tunisie\/wp-content\/uploads\/2022\/05\/sp2-580x435.jpg 580w, https:\/\/kapitalis.com\/tunisie\/wp-content\/uploads\/2022\/05\/sp2-860x645.jpg 860w, https:\/\/kapitalis.com\/tunisie\/wp-content\/uploads\/2022\/05\/sp2-1160x870.jpg 1160w, https:\/\/kapitalis.com\/tunisie\/wp-content\/uploads\/2022\/05\/sp2.jpg 1600w\" sizes=\"auto, (max-width: 1024px) 100vw, 1024px\" \/><\/figure>\n\n\n\n<figure class=\"wp-block-image size-large\"><img loading=\"lazy\" decoding=\"async\" width=\"1024\" height=\"768\" data-id=\"877778\" src=\"https:\/\/kapitalis.com\/tunisie\/wp-content\/uploads\/2022\/05\/sp1-1024x768.jpg\" alt=\"\" class=\"wp-image-877778\" srcset=\"https:\/\/kapitalis.com\/tunisie\/wp-content\/uploads\/2022\/05\/sp1-1024x768.jpg 1024w, https:\/\/kapitalis.com\/tunisie\/wp-content\/uploads\/2022\/05\/sp1-300x225.jpg 300w, https:\/\/kapitalis.com\/tunisie\/wp-content\/uploads\/2022\/05\/sp1-768x576.jpg 768w, https:\/\/kapitalis.com\/tunisie\/wp-content\/uploads\/2022\/05\/sp1-1536x1152.jpg 1536w, https:\/\/kapitalis.com\/tunisie\/wp-content\/uploads\/2022\/05\/sp1-580x435.jpg 580w, https:\/\/kapitalis.com\/tunisie\/wp-content\/uploads\/2022\/05\/sp1-860x645.jpg 860w, https:\/\/kapitalis.com\/tunisie\/wp-content\/uploads\/2022\/05\/sp1-1160x870.jpg 1160w, https:\/\/kapitalis.com\/tunisie\/wp-content\/uploads\/2022\/05\/sp1.jpg 1600w\" sizes=\"auto, (max-width: 1024px) 100vw, 1024px\" \/><\/figure>\n\n\n\n<figure class=\"wp-block-image size-large\"><img loading=\"lazy\" decoding=\"async\" width=\"1024\" height=\"768\" data-id=\"877779\" src=\"https:\/\/kapitalis.com\/tunisie\/wp-content\/uploads\/2022\/05\/sp-1024x768.jpg\" alt=\"\" class=\"wp-image-877779\" srcset=\"https:\/\/kapitalis.com\/tunisie\/wp-content\/uploads\/2022\/05\/sp-1024x768.jpg 1024w, https:\/\/kapitalis.com\/tunisie\/wp-content\/uploads\/2022\/05\/sp-300x225.jpg 300w, https:\/\/kapitalis.com\/tunisie\/wp-content\/uploads\/2022\/05\/sp-768x576.jpg 768w, https:\/\/kapitalis.com\/tunisie\/wp-content\/uploads\/2022\/05\/sp-1536x1152.jpg 1536w, https:\/\/kapitalis.com\/tunisie\/wp-content\/uploads\/2022\/05\/sp-580x435.jpg 580w, https:\/\/kapitalis.com\/tunisie\/wp-content\/uploads\/2022\/05\/sp-860x645.jpg 860w, https:\/\/kapitalis.com\/tunisie\/wp-content\/uploads\/2022\/05\/sp-1160x870.jpg 1160w, https:\/\/kapitalis.com\/tunisie\/wp-content\/uploads\/2022\/05\/sp.jpg 1574w\" sizes=\"auto, (max-width: 1024px) 100vw, 1024px\" \/><\/figure>\n\n\n\n<figure class=\"wp-block-image size-large\"><img loading=\"lazy\" decoding=\"async\" width=\"1024\" height=\"768\" data-id=\"877801\" src=\"https:\/\/kapitalis.com\/tunisie\/wp-content\/uploads\/2022\/05\/12-1024x768.jpg\" alt=\"\" class=\"wp-image-877801\" srcset=\"https:\/\/kapitalis.com\/tunisie\/wp-content\/uploads\/2022\/05\/12-1024x768.jpg 1024w, https:\/\/kapitalis.com\/tunisie\/wp-content\/uploads\/2022\/05\/12-300x225.jpg 300w, https:\/\/kapitalis.com\/tunisie\/wp-content\/uploads\/2022\/05\/12-768x576.jpg 768w, https:\/\/kapitalis.com\/tunisie\/wp-content\/uploads\/2022\/05\/12-1536x1152.jpg 1536w, https:\/\/kapitalis.com\/tunisie\/wp-content\/uploads\/2022\/05\/12-580x435.jpg 580w, https:\/\/kapitalis.com\/tunisie\/wp-content\/uploads\/2022\/05\/12-860x645.jpg 860w, https:\/\/kapitalis.com\/tunisie\/wp-content\/uploads\/2022\/05\/12-1160x870.jpg 1160w, https:\/\/kapitalis.com\/tunisie\/wp-content\/uploads\/2022\/05\/12.jpg 1600w\" sizes=\"auto, (max-width: 1024px) 100vw, 1024px\" \/><\/figure>\n<\/figure>\n\n\n\n<p>La SPAMI day est une journ\u00e9e consacr\u00e9e \u00e0 c\u00e9l\u00e9brer les Aires Sp\u00e9cialement Prot\u00e9g\u00e9es d&rsquo;Importance M\u00e9diterran\u00e9enne et intensifier les efforts de conservation des oc\u00e9ans et a \u00e9t\u00e9 l&rsquo;occasion de r\u00e9unir tous les gestionnaires des ASPIM, ainsi que les repr\u00e9sentants des institutions environnementales m\u00e9diterran\u00e9ennes impliqu\u00e9es dans la gestion et la gouvernance des ASPIM.<\/p>\n\n\n\n<p>Cette ann\u00e9e, la SPAMI day a \u00e9t\u00e9 c\u00e9l\u00e9br\u00e9e sous le slogan \u00ab<em>Ensemble pour prot\u00e9ger la biodiversit\u00e9 m\u00e9diterran\u00e9enne<\/em>\u00bb afin de rappeler \u00e0 toutes les parties prenantes pourquoi la Liste des ASPIM a \u00e9t\u00e9 \u00e9tablie, et l&rsquo;importance d\u2019\u0153uvrer \u00e0 prot\u00e9ger la M\u00e9diterran\u00e9e et sa biodiversit\u00e9.<\/p>\n\n\n\n<p class=\"has-text-align-right\"><strong>Y. N.<\/strong><\/p>\n","protected":false},"excerpt":{"rendered":"<p>Protection de la biodiversit\u00e9 m\u00e9diterran\u00e9enne : L&rsquo; Apal c\u00e9l\u00e8bre la SPAMI day au Mus\u00e9e oc\u00e9anographique de Monaco<\/p>\n","protected":false},"author":6,"featured_media":877808,"comment_status":"open","ping_status":"open","sticky":false,"template":"","format":"standard","meta":{"footnotes":""},"categories":[998,2433],"tags":[9355,99877,632,99878,99876,62643],"class_list":["post-877746","post","type-post","status-publish","format-standard","has-post-thumbnail","hentry","category-societe","category-tunisie","tag-apal","tag-biodiversite-mediterraneenne","tag-monaco","tag-musee-oceanographique","tag-spami-day","tag-tunisie"],"yoast_head":"<!-- This site is optimized with the Yoast SEO plugin v26.6 - https:\/\/yoast.com\/wordpress\/plugins\/seo\/ -->\n<title>Protection de la biodiversit\u00e9 m\u00e9diterran\u00e9enne : L&#039;Apal c\u00e9l\u00e8bre la SPAMI day au Mus\u00e9e oc\u00e9anographique de Monaco - Kapitalis<\/title>\n<meta name=\"description\" content=\"L&#039;Agence de protection et d&#039;am\u00e9nagement du littoral (Apal) a particip\u00e9 \u00e0 la c\u00e9l\u00e9bration de la journ\u00e9e des Aires Sp\u00e9cialement Prot\u00e9g\u00e9es d&#039;Importance M\u00e9diterran\u00e9enne (SPAMI&#039;day 2022) au Mus\u00e9e oc\u00e9anographique de Monaco.\" \/>\n<meta name=\"robots\" content=\"index, follow, max-snippet:-1, max-image-preview:large, max-video-preview:-1\" \/>\n<link rel=\"canonical\" href=\"https:\/\/kapitalis.com\/tunisie\/2022\/05\/21\/protection-de-la-biodiversite-mediterraneenne-l-apal-celebre-la-spami-day-au-musee-oceanographique-de-monaco\/\" \/>\n<meta property=\"og:locale\" content=\"fr_FR\" \/>\n<meta property=\"og:type\" content=\"article\" \/>\n<meta property=\"og:title\" content=\"Protection de la biodiversit\u00e9 m\u00e9diterran\u00e9enne : L&#039;Apal c\u00e9l\u00e8bre la SPAMI day au Mus\u00e9e oc\u00e9anographique de Monaco - Kapitalis\" \/>\n<meta property=\"og:description\" content=\"L&#039;Agence de protection et d&#039;am\u00e9nagement du littoral (Apal) a particip\u00e9 \u00e0 la c\u00e9l\u00e9bration de la journ\u00e9e des Aires Sp\u00e9cialement Prot\u00e9g\u00e9es d&#039;Importance M\u00e9diterran\u00e9enne (SPAMI&#039;day 2022) au Mus\u00e9e oc\u00e9anographique de Monaco.\" \/>\n<meta property=\"og:url\" content=\"https:\/\/kapitalis.com\/tunisie\/2022\/05\/21\/protection-de-la-biodiversite-mediterraneenne-l-apal-celebre-la-spami-day-au-musee-oceanographique-de-monaco\/\" \/>\n<meta property=\"og:site_name\" content=\"Kapitalis\" \/>\n<meta property=\"article:publisher\" content=\"https:\/\/www.facebook.com\/KapitalisInfo\/\" \/>\n<meta property=\"article:published_time\" content=\"2022-05-20T22:51:01+00:00\" \/>\n<meta property=\"article:modified_time\" content=\"2022-05-20T22:53:51+00:00\" \/>\n<meta property=\"og:image\" content=\"https:\/\/kapitalis.com\/tunisie\/wp-content\/uploads\/2022\/05\/SPAMI-day-Apal.jpg\" \/>\n\t<meta property=\"og:image:width\" content=\"1200\" \/>\n\t<meta property=\"og:image:height\" content=\"630\" \/>\n\t<meta property=\"og:image:type\" content=\"image\/jpeg\" \/>\n<meta name=\"author\" content=\"Yusra NY\" \/>\n<meta name=\"twitter:card\" content=\"summary_large_image\" \/>\n<meta name=\"twitter:creator\" content=\"@KapitalisInfo\" \/>\n<meta name=\"twitter:site\" content=\"@KapitalisInfo\" \/>\n<meta name=\"twitter:label1\" content=\"\u00c9crit par\" \/>\n\t<meta name=\"twitter:data1\" content=\"Yusra NY\" \/>\n\t<meta name=\"twitter:label2\" content=\"Dur\u00e9e de lecture estim\u00e9e\" \/>\n\t<meta name=\"twitter:data2\" content=\"2 minutes\" \/>\n<script type=\"application\/ld+json\" class=\"yoast-schema-graph\">{\"@context\":\"https:\/\/schema.org\",\"@graph\":[{\"@type\":\"Article\",\"@id\":\"https:\/\/kapitalis.com\/tunisie\/2022\/05\/21\/protection-de-la-biodiversite-mediterraneenne-l-apal-celebre-la-spami-day-au-musee-oceanographique-de-monaco\/#article\",\"isPartOf\":{\"@id\":\"https:\/\/kapitalis.com\/tunisie\/2022\/05\/21\/protection-de-la-biodiversite-mediterraneenne-l-apal-celebre-la-spami-day-au-musee-oceanographique-de-monaco\/\"},\"author\":{\"name\":\"Yusra NY\",\"@id\":\"https:\/\/kapitalis.com\/tunisie\/#\/schema\/person\/74bbde0154d49d790a92aaeac5bc01d5\"},\"headline\":\"Protection de la biodiversit\u00e9 m\u00e9diterran\u00e9enne : L&rsquo;Apal c\u00e9l\u00e8bre la SPAMI day au Mus\u00e9e oc\u00e9anographique de Monaco\",\"datePublished\":\"2022-05-20T22:51:01+00:00\",\"dateModified\":\"2022-05-20T22:53:51+00:00\",\"mainEntityOfPage\":{\"@id\":\"https:\/\/kapitalis.com\/tunisie\/2022\/05\/21\/protection-de-la-biodiversite-mediterraneenne-l-apal-celebre-la-spami-day-au-musee-oceanographique-de-monaco\/\"},\"wordCount\":253,\"commentCount\":0,\"publisher\":{\"@id\":\"https:\/\/kapitalis.com\/tunisie\/#organization\"},\"image\":{\"@id\":\"https:\/\/kapitalis.com\/tunisie\/2022\/05\/21\/protection-de-la-biodiversite-mediterraneenne-l-apal-celebre-la-spami-day-au-musee-oceanographique-de-monaco\/#primaryimage\"},\"thumbnailUrl\":\"https:\/\/kapitalis.com\/tunisie\/wp-content\/uploads\/2022\/05\/SPAMI-day-Apal.jpg\",\"keywords\":[\"Apal\",\"biodiversit\u00e9 m\u00e9diterran\u00e9enne\",\"Monaco\",\"Mus\u00e9e oc\u00e9anographique\",\"SPAMI day\",\"Tunisie\"],\"articleSection\":[\"SOCIETE\",\"Tunisie\"],\"inLanguage\":\"fr-FR\",\"potentialAction\":[{\"@type\":\"CommentAction\",\"name\":\"Comment\",\"target\":[\"https:\/\/kapitalis.com\/tunisie\/2022\/05\/21\/protection-de-la-biodiversite-mediterraneenne-l-apal-celebre-la-spami-day-au-musee-oceanographique-de-monaco\/#respond\"]}]},{\"@type\":\"WebPage\",\"@id\":\"https:\/\/kapitalis.com\/tunisie\/2022\/05\/21\/protection-de-la-biodiversite-mediterraneenne-l-apal-celebre-la-spami-day-au-musee-oceanographique-de-monaco\/\",\"url\":\"https:\/\/kapitalis.com\/tunisie\/2022\/05\/21\/protection-de-la-biodiversite-mediterraneenne-l-apal-celebre-la-spami-day-au-musee-oceanographique-de-monaco\/\",\"name\":\"Protection de la biodiversit\u00e9 m\u00e9diterran\u00e9enne : L'Apal c\u00e9l\u00e8bre la SPAMI day au Mus\u00e9e oc\u00e9anographique de Monaco - Kapitalis\",\"isPartOf\":{\"@id\":\"https:\/\/kapitalis.com\/tunisie\/#website\"},\"primaryImageOfPage\":{\"@id\":\"https:\/\/kapitalis.com\/tunisie\/2022\/05\/21\/protection-de-la-biodiversite-mediterraneenne-l-apal-celebre-la-spami-day-au-musee-oceanographique-de-monaco\/#primaryimage\"},\"image\":{\"@id\":\"https:\/\/kapitalis.com\/tunisie\/2022\/05\/21\/protection-de-la-biodiversite-mediterraneenne-l-apal-celebre-la-spami-day-au-musee-oceanographique-de-monaco\/#primaryimage\"},\"thumbnailUrl\":\"https:\/\/kapitalis.com\/tunisie\/wp-content\/uploads\/2022\/05\/SPAMI-day-Apal.jpg\",\"datePublished\":\"2022-05-20T22:51:01+00:00\",\"dateModified\":\"2022-05-20T22:53:51+00:00\",\"description\":\"L'Agence de protection et d'am\u00e9nagement du littoral (Apal) a particip\u00e9 \u00e0 la c\u00e9l\u00e9bration de la journ\u00e9e des Aires Sp\u00e9cialement Prot\u00e9g\u00e9es d'Importance M\u00e9diterran\u00e9enne (SPAMI'day 2022) au Mus\u00e9e oc\u00e9anographique de Monaco.\",\"breadcrumb\":{\"@id\":\"https:\/\/kapitalis.com\/tunisie\/2022\/05\/21\/protection-de-la-biodiversite-mediterraneenne-l-apal-celebre-la-spami-day-au-musee-oceanographique-de-monaco\/#breadcrumb\"},\"inLanguage\":\"fr-FR\",\"potentialAction\":[{\"@type\":\"ReadAction\",\"target\":[\"https:\/\/kapitalis.com\/tunisie\/2022\/05\/21\/protection-de-la-biodiversite-mediterraneenne-l-apal-celebre-la-spami-day-au-musee-oceanographique-de-monaco\/\"]}]},{\"@type\":\"ImageObject\",\"inLanguage\":\"fr-FR\",\"@id\":\"https:\/\/kapitalis.com\/tunisie\/2022\/05\/21\/protection-de-la-biodiversite-mediterraneenne-l-apal-celebre-la-spami-day-au-musee-oceanographique-de-monaco\/#primaryimage\",\"url\":\"https:\/\/kapitalis.com\/tunisie\/wp-content\/uploads\/2022\/05\/SPAMI-day-Apal.jpg\",\"contentUrl\":\"https:\/\/kapitalis.com\/tunisie\/wp-content\/uploads\/2022\/05\/SPAMI-day-Apal.jpg\",\"width\":1200,\"height\":630},{\"@type\":\"BreadcrumbList\",\"@id\":\"https:\/\/kapitalis.com\/tunisie\/2022\/05\/21\/protection-de-la-biodiversite-mediterraneenne-l-apal-celebre-la-spami-day-au-musee-oceanographique-de-monaco\/#breadcrumb\",\"itemListElement\":[{\"@type\":\"ListItem\",\"position\":1,\"name\":\"Accueil\",\"item\":\"https:\/\/kapitalis.com\/tunisie\/\"},{\"@type\":\"ListItem\",\"position\":2,\"name\":\"Protection de la biodiversit\u00e9 m\u00e9diterran\u00e9enne : L&rsquo;Apal c\u00e9l\u00e8bre la SPAMI day au Mus\u00e9e oc\u00e9anographique de Monaco\"}]},{\"@type\":\"WebSite\",\"@id\":\"https:\/\/kapitalis.com\/tunisie\/#website\",\"url\":\"https:\/\/kapitalis.com\/tunisie\/\",\"name\":\"Kapitalis\",\"description\":\"L&#039;actualit\u00e9 en Tunisie et dans le monde\",\"publisher\":{\"@id\":\"https:\/\/kapitalis.com\/tunisie\/#organization\"},\"potentialAction\":[{\"@type\":\"SearchAction\",\"target\":{\"@type\":\"EntryPoint\",\"urlTemplate\":\"https:\/\/kapitalis.com\/tunisie\/?s={search_term_string}\"},\"query-input\":{\"@type\":\"PropertyValueSpecification\",\"valueRequired\":true,\"valueName\":\"search_term_string\"}}],\"inLanguage\":\"fr-FR\"},{\"@type\":\"Organization\",\"@id\":\"https:\/\/kapitalis.com\/tunisie\/#organization\",\"name\":\"Kapitalis\",\"url\":\"https:\/\/kapitalis.com\/tunisie\/\",\"logo\":{\"@type\":\"ImageObject\",\"inLanguage\":\"fr-FR\",\"@id\":\"https:\/\/kapitalis.com\/tunisie\/#\/schema\/logo\/image\/\",\"url\":\"https:\/\/kapitalis.com\/tunisie\/wp-content\/uploads\/2022\/05\/Kapitalis-big-size.png\",\"contentUrl\":\"https:\/\/kapitalis.com\/tunisie\/wp-content\/uploads\/2022\/05\/Kapitalis-big-size.png\",\"width\":5000,\"height\":1500,\"caption\":\"Kapitalis\"},\"image\":{\"@id\":\"https:\/\/kapitalis.com\/tunisie\/#\/schema\/logo\/image\/\"},\"sameAs\":[\"https:\/\/www.facebook.com\/KapitalisInfo\/\",\"https:\/\/x.com\/KapitalisInfo\",\"https:\/\/www.youtube.com\/channel\/UC-yDYrHyfFBWWZaOw3FPg9Q\"]},{\"@type\":\"Person\",\"@id\":\"https:\/\/kapitalis.com\/tunisie\/#\/schema\/person\/74bbde0154d49d790a92aaeac5bc01d5\",\"name\":\"Yusra NY\",\"url\":\"https:\/\/kapitalis.com\/tunisie\/author\/yuza_adam\/\"}]}<\/script>\n<!-- \/ Yoast SEO plugin. -->","yoast_head_json":{"title":"Protection de la biodiversit\u00e9 m\u00e9diterran\u00e9enne : L'Apal c\u00e9l\u00e8bre la SPAMI day au Mus\u00e9e oc\u00e9anographique de Monaco - Kapitalis","description":"L'Agence de protection et d'am\u00e9nagement du littoral (Apal) a particip\u00e9 \u00e0 la c\u00e9l\u00e9bration de la journ\u00e9e des Aires Sp\u00e9cialement Prot\u00e9g\u00e9es d'Importance M\u00e9diterran\u00e9enne (SPAMI'day 2022) au Mus\u00e9e oc\u00e9anographique de Monaco.","robots":{"index":"index","follow":"follow","max-snippet":"max-snippet:-1","max-image-preview":"max-image-preview:large","max-video-preview":"max-video-preview:-1"},"canonical":"https:\/\/kapitalis.com\/tunisie\/2022\/05\/21\/protection-de-la-biodiversite-mediterraneenne-l-apal-celebre-la-spami-day-au-musee-oceanographique-de-monaco\/","og_locale":"fr_FR","og_type":"article","og_title":"Protection de la biodiversit\u00e9 m\u00e9diterran\u00e9enne : L'Apal c\u00e9l\u00e8bre la SPAMI day au Mus\u00e9e oc\u00e9anographique de Monaco - Kapitalis","og_description":"L'Agence de protection et d'am\u00e9nagement du littoral (Apal) a particip\u00e9 \u00e0 la c\u00e9l\u00e9bration de la journ\u00e9e des Aires Sp\u00e9cialement Prot\u00e9g\u00e9es d'Importance M\u00e9diterran\u00e9enne (SPAMI'day 2022) au Mus\u00e9e oc\u00e9anographique de Monaco.","og_url":"https:\/\/kapitalis.com\/tunisie\/2022\/05\/21\/protection-de-la-biodiversite-mediterraneenne-l-apal-celebre-la-spami-day-au-musee-oceanographique-de-monaco\/","og_site_name":"Kapitalis","article_publisher":"https:\/\/www.facebook.com\/KapitalisInfo\/","article_published_time":"2022-05-20T22:51:01+00:00","article_modified_time":"2022-05-20T22:53:51+00:00","og_image":[{"width":1200,"height":630,"url":"https:\/\/kapitalis.com\/tunisie\/wp-content\/uploads\/2022\/05\/SPAMI-day-Apal.jpg","type":"image\/jpeg"}],"author":"Yusra NY","twitter_card":"summary_large_image","twitter_creator":"@KapitalisInfo","twitter_site":"@KapitalisInfo","twitter_misc":{"\u00c9crit par":"Yusra NY","Dur\u00e9e de lecture estim\u00e9e":"2 minutes"},"schema":{"@context":"https:\/\/schema.org","@graph":[{"@type":"Article","@id":"https:\/\/kapitalis.com\/tunisie\/2022\/05\/21\/protection-de-la-biodiversite-mediterraneenne-l-apal-celebre-la-spami-day-au-musee-oceanographique-de-monaco\/#article","isPartOf":{"@id":"https:\/\/kapitalis.com\/tunisie\/2022\/05\/21\/protection-de-la-biodiversite-mediterraneenne-l-apal-celebre-la-spami-day-au-musee-oceanographique-de-monaco\/"},"author":{"name":"Yusra NY","@id":"https:\/\/kapitalis.com\/tunisie\/#\/schema\/person\/74bbde0154d49d790a92aaeac5bc01d5"},"headline":"Protection de la biodiversit\u00e9 m\u00e9diterran\u00e9enne : L&rsquo;Apal c\u00e9l\u00e8bre la SPAMI day au Mus\u00e9e oc\u00e9anographique de Monaco","datePublished":"2022-05-20T22:51:01+00:00","dateModified":"2022-05-20T22:53:51+00:00","mainEntityOfPage":{"@id":"https:\/\/kapitalis.com\/tunisie\/2022\/05\/21\/protection-de-la-biodiversite-mediterraneenne-l-apal-celebre-la-spami-day-au-musee-oceanographique-de-monaco\/"},"wordCount":253,"commentCount":0,"publisher":{"@id":"https:\/\/kapitalis.com\/tunisie\/#organization"},"image":{"@id":"https:\/\/kapitalis.com\/tunisie\/2022\/05\/21\/protection-de-la-biodiversite-mediterraneenne-l-apal-celebre-la-spami-day-au-musee-oceanographique-de-monaco\/#primaryimage"},"thumbnailUrl":"https:\/\/kapitalis.com\/tunisie\/wp-content\/uploads\/2022\/05\/SPAMI-day-Apal.jpg","keywords":["Apal","biodiversit\u00e9 m\u00e9diterran\u00e9enne","Monaco","Mus\u00e9e oc\u00e9anographique","SPAMI day","Tunisie"],"articleSection":["SOCIETE","Tunisie"],"inLanguage":"fr-FR","potentialAction":[{"@type":"CommentAction","name":"Comment","target":["https:\/\/kapitalis.com\/tunisie\/2022\/05\/21\/protection-de-la-biodiversite-mediterraneenne-l-apal-celebre-la-spami-day-au-musee-oceanographique-de-monaco\/#respond"]}]},{"@type":"WebPage","@id":"https:\/\/kapitalis.com\/tunisie\/2022\/05\/21\/protection-de-la-biodiversite-mediterraneenne-l-apal-celebre-la-spami-day-au-musee-oceanographique-de-monaco\/","url":"https:\/\/kapitalis.com\/tunisie\/2022\/05\/21\/protection-de-la-biodiversite-mediterraneenne-l-apal-celebre-la-spami-day-au-musee-oceanographique-de-monaco\/","name":"Protection de la biodiversit\u00e9 m\u00e9diterran\u00e9enne : L'Apal c\u00e9l\u00e8bre la SPAMI day au Mus\u00e9e oc\u00e9anographique de Monaco - Kapitalis","isPartOf":{"@id":"https:\/\/kapitalis.com\/tunisie\/#website"},"primaryImageOfPage":{"@id":"https:\/\/kapitalis.com\/tunisie\/2022\/05\/21\/protection-de-la-biodiversite-mediterraneenne-l-apal-celebre-la-spami-day-au-musee-oceanographique-de-monaco\/#primaryimage"},"image":{"@id":"https:\/\/kapitalis.com\/tunisie\/2022\/05\/21\/protection-de-la-biodiversite-mediterraneenne-l-apal-celebre-la-spami-day-au-musee-oceanographique-de-monaco\/#primaryimage"},"thumbnailUrl":"https:\/\/kapitalis.com\/tunisie\/wp-content\/uploads\/2022\/05\/SPAMI-day-Apal.jpg","datePublished":"2022-05-20T22:51:01+00:00","dateModified":"2022-05-20T22:53:51+00:00","description":"L'Agence de protection et d'am\u00e9nagement du littoral (Apal) a particip\u00e9 \u00e0 la c\u00e9l\u00e9bration de la journ\u00e9e des Aires Sp\u00e9cialement Prot\u00e9g\u00e9es d'Importance M\u00e9diterran\u00e9enne (SPAMI'day 2022) au Mus\u00e9e oc\u00e9anographique de Monaco.","breadcrumb":{"@id":"https:\/\/kapitalis.com\/tunisie\/2022\/05\/21\/protection-de-la-biodiversite-mediterraneenne-l-apal-celebre-la-spami-day-au-musee-oceanographique-de-monaco\/#breadcrumb"},"inLanguage":"fr-FR","potentialAction":[{"@type":"ReadAction","target":["https:\/\/kapitalis.com\/tunisie\/2022\/05\/21\/protection-de-la-biodiversite-mediterraneenne-l-apal-celebre-la-spami-day-au-musee-oceanographique-de-monaco\/"]}]},{"@type":"ImageObject","inLanguage":"fr-FR","@id":"https:\/\/kapitalis.com\/tunisie\/2022\/05\/21\/protection-de-la-biodiversite-mediterraneenne-l-apal-celebre-la-spami-day-au-musee-oceanographique-de-monaco\/#primaryimage","url":"https:\/\/kapitalis.com\/tunisie\/wp-content\/uploads\/2022\/05\/SPAMI-day-Apal.jpg","contentUrl":"https:\/\/kapitalis.com\/tunisie\/wp-content\/uploads\/2022\/05\/SPAMI-day-Apal.jpg","width":1200,"height":630},{"@type":"BreadcrumbList","@id":"https:\/\/kapitalis.com\/tunisie\/2022\/05\/21\/protection-de-la-biodiversite-mediterraneenne-l-apal-celebre-la-spami-day-au-musee-oceanographique-de-monaco\/#breadcrumb","itemListElement":[{"@type":"ListItem","position":1,"name":"Accueil","item":"https:\/\/kapitalis.com\/tunisie\/"},{"@type":"ListItem","position":2,"name":"Protection de la biodiversit\u00e9 m\u00e9diterran\u00e9enne : L&rsquo;Apal c\u00e9l\u00e8bre la SPAMI day au Mus\u00e9e oc\u00e9anographique de Monaco"}]},{"@type":"WebSite","@id":"https:\/\/kapitalis.com\/tunisie\/#website","url":"https:\/\/kapitalis.com\/tunisie\/","name":"Kapitalis","description":"L&#039;actualit\u00e9 en Tunisie et dans le monde","publisher":{"@id":"https:\/\/kapitalis.com\/tunisie\/#organization"},"potentialAction":[{"@type":"SearchAction","target":{"@type":"EntryPoint","urlTemplate":"https:\/\/kapitalis.com\/tunisie\/?s={search_term_string}"},"query-input":{"@type":"PropertyValueSpecification","valueRequired":true,"valueName":"search_term_string"}}],"inLanguage":"fr-FR"},{"@type":"Organization","@id":"https:\/\/kapitalis.com\/tunisie\/#organization","name":"Kapitalis","url":"https:\/\/kapitalis.com\/tunisie\/","logo":{"@type":"ImageObject","inLanguage":"fr-FR","@id":"https:\/\/kapitalis.com\/tunisie\/#\/schema\/logo\/image\/","url":"https:\/\/kapitalis.com\/tunisie\/wp-content\/uploads\/2022\/05\/Kapitalis-big-size.png","contentUrl":"https:\/\/kapitalis.com\/tunisie\/wp-content\/uploads\/2022\/05\/Kapitalis-big-size.png","width":5000,"height":1500,"caption":"Kapitalis"},"image":{"@id":"https:\/\/kapitalis.com\/tunisie\/#\/schema\/logo\/image\/"},"sameAs":["https:\/\/www.facebook.com\/KapitalisInfo\/","https:\/\/x.com\/KapitalisInfo","https:\/\/www.youtube.com\/channel\/UC-yDYrHyfFBWWZaOw3FPg9Q"]},{"@type":"Person","@id":"https:\/\/kapitalis.com\/tunisie\/#\/schema\/person\/74bbde0154d49d790a92aaeac5bc01d5","name":"Yusra NY","url":"https:\/\/kapitalis.com\/tunisie\/author\/yuza_adam\/"}]}},"_links":{"self":[{"href":"https:\/\/kapitalis.com\/tunisie\/wp-json\/wp\/v2\/posts\/877746","targetHints":{"allow":["GET"]}}],"collection":[{"href":"https:\/\/kapitalis.com\/tunisie\/wp-json\/wp\/v2\/posts"}],"about":[{"href":"https:\/\/kapitalis.com\/tunisie\/wp-json\/wp\/v2\/types\/post"}],"author":[{"embeddable":true,"href":"https:\/\/kapitalis.com\/tunisie\/wp-json\/wp\/v2\/users\/6"}],"replies":[{"embeddable":true,"href":"https:\/\/kapitalis.com\/tunisie\/wp-json\/wp\/v2\/comments?post=877746"}],"version-history":[{"count":0,"href":"https:\/\/kapitalis.com\/tunisie\/wp-json\/wp\/v2\/posts\/877746\/revisions"}],"wp:featuredmedia":[{"embeddable":true,"href":"https:\/\/kapitalis.com\/tunisie\/wp-json\/wp\/v2\/media\/877808"}],"wp:attachment":[{"href":"https:\/\/kapitalis.com\/tunisie\/wp-json\/wp\/v2\/media?parent=877746"}],"wp:term":[{"taxonomy":"category","embeddable":true,"href":"https:\/\/kapitalis.com\/tunisie\/wp-json\/wp\/v2\/categories?post=877746"},{"taxonomy":"post_tag","embeddable":true,"href":"https:\/\/kapitalis.com\/tunisie\/wp-json\/wp\/v2\/tags?post=877746"}],"curies":[{"name":"wp","href":"https:\/\/api.w.org\/{rel}","templated":true}]}}