{"id":87837,"date":"2017-03-22T12:01:12","date_gmt":"2017-03-22T11:01:12","guid":{"rendered":"http:\/\/kapitalis.com\/tunisie\/?p=87837"},"modified":"2017-03-22T18:59:22","modified_gmt":"2017-03-22T17:59:22","slug":"syrie-bachar-assad-tend-la-main-a-la-tunisie","status":"publish","type":"post","link":"https:\/\/kapitalis.com\/tunisie\/2017\/03\/22\/syrie-bachar-assad-tend-la-main-a-la-tunisie\/","title":{"rendered":"Syrie : Bachar Al-Assad tend la main \u00e0 la Tunisie"},"content":{"rendered":"<p style=\"text-align: center;\">\n<p style=\"text-align: center;\"><img loading=\"lazy\" decoding=\"async\" class=\"alignnone size-full wp-image-87949\" src=\"http:\/\/kapitalis.com\/tunisie\/wp-content\/uploads\/2017\/03\/Al-Assad-d\u00e9put\u00e9s-tunisiens.jpg\" alt=\"\" width=\"626\" height=\"380\" \/><\/p>\n<p><em><strong>Bachar Al-Assad souhaite renforcer la coop\u00e9ration tunisio-syrienne et met \u00e0 disposition de la Tunisie les moyens\u00a0s\u00e9curitaires et judiciaires pour enqu\u00eater sur les r\u00e9seaux jihadistes\u00a0tunisiens.<\/strong><\/em><\/p>\n<p><!--more--><\/p>\n<p>Apr\u00e8s avoir rencontr\u00e9 plusieurs responsables politiques syriens, la d\u00e9l\u00e9gation de d\u00e9put\u00e9s tunisiens, en visite \u00e0 Damas depuis dimanche 19 mars 2017, a rencontr\u00e9, aujourd\u2019hui, le pr\u00e9sident de la Syrie, Bachar Al-Assad, qui a fait part, lors de cette rencontre, de sa volont\u00e9 de\u00a0renforcer les relations entre les 2 pays.<\/p>\n<p>\u00ab<em>On s\u2019int\u00e9resse \u00e9videmment \u00e0 nos relations officielles, mais nous attachons, \u00e9galement, un int\u00e9r\u00eat aux relations entre les 2 peuples qui doivent \u00eatre d\u00e9velopp\u00e9es,\u00a0mieux structur\u00e9es\u00a0et\u00a0approfondies\u00bb,<\/em> a-t-il indiqu\u00e9 \u00e0 la d\u00e9l\u00e9gation parlementaire.<\/p>\n<p>Al-Assad souhaite, \u00e9galement, que les 2 pays puissent avoir, \u00e0 nouveau, des projets communs,\u00a0d\u00e9passer les erreurs du pass\u00e9 et oeuvrer ensemble \u00e0 redonner \u00e0 la civilisation arabe son rayonnement d&rsquo;antan, en valorisant le r\u00f4le de l&rsquo;Etat national, ind\u00e9pendant et souverain.<\/p>\n<p style=\"text-align: right;\"><strong>Y. N.<\/strong><\/p>\n","protected":false},"excerpt":{"rendered":"<p>Bachar Al-Assad souhaite renforcer la coop\u00e9ration tunisio-syrienne et met \u00e0 disposition de la Tunisie les moyens\u00a0s\u00e9curitaires et judiciaires pour enqu\u00eater sur les r\u00e9seaux jihadistes\u00a0tunisiens.<\/p>\n","protected":false},"author":6,"featured_media":87838,"comment_status":"open","ping_status":"open","sticky":false,"template":"","format":"standard","meta":{"footnotes":""},"categories":[997,2433],"tags":[5737,5428,3668,2110,1753,873],"class_list":["post-87837","post","type-post","status-publish","format-standard","has-post-thumbnail","hentry","category-politique","category-tunisie","tag-bachar-al-assad","tag-damas","tag-deputes","tag-diplomatie","tag-jihad","tag-syrie"],"yoast_head":"<!-- This site is optimized with the Yoast SEO plugin v26.6 - https:\/\/yoast.com\/wordpress\/plugins\/seo\/ -->\n<title>Syrie : Bachar Al-Assad tend la main \u00e0 la Tunisie - Kapitalis<\/title>\n<meta name=\"robots\" content=\"index, follow, max-snippet:-1, max-image-preview:large, max-video-preview:-1\" \/>\n<link rel=\"canonical\" href=\"https:\/\/kapitalis.com\/tunisie\/2017\/03\/22\/syrie-bachar-assad-tend-la-main-a-la-tunisie\/\" \/>\n<meta property=\"og:locale\" content=\"fr_FR\" \/>\n<meta property=\"og:type\" content=\"article\" \/>\n<meta property=\"og:title\" content=\"Syrie : Bachar Al-Assad tend la main \u00e0 la Tunisie - Kapitalis\" \/>\n<meta property=\"og:description\" content=\"Bachar Al-Assad souhaite renforcer la coop\u00e9ration tunisio-syrienne et met \u00e0 disposition de la Tunisie les moyens\u00a0s\u00e9curitaires et judiciaires pour enqu\u00eater sur les r\u00e9seaux jihadistes\u00a0tunisiens.\" \/>\n<meta property=\"og:url\" content=\"https:\/\/kapitalis.com\/tunisie\/2017\/03\/22\/syrie-bachar-assad-tend-la-main-a-la-tunisie\/\" \/>\n<meta property=\"og:site_name\" content=\"Kapitalis\" \/>\n<meta property=\"article:publisher\" content=\"https:\/\/www.facebook.com\/KapitalisInfo\/\" \/>\n<meta property=\"article:published_time\" content=\"2017-03-22T11:01:12+00:00\" \/>\n<meta property=\"article:modified_time\" content=\"2017-03-22T17:59:22+00:00\" \/>\n<meta property=\"og:image\" content=\"https:\/\/kapitalis.com\/tunisie\/wp-content\/uploads\/2022\/05\/kapitalis-logo-fb.png\" \/>\n\t<meta property=\"og:image:width\" content=\"1200\" \/>\n\t<meta property=\"og:image:height\" content=\"630\" \/>\n\t<meta property=\"og:image:type\" content=\"image\/png\" \/>\n<meta name=\"author\" content=\"Yusra NY\" \/>\n<meta name=\"twitter:card\" content=\"summary_large_image\" \/>\n<meta name=\"twitter:creator\" content=\"@KapitalisInfo\" \/>\n<meta name=\"twitter:site\" content=\"@KapitalisInfo\" \/>\n<meta name=\"twitter:label1\" content=\"\u00c9crit par\" \/>\n\t<meta name=\"twitter:data1\" content=\"Yusra NY\" \/>\n\t<meta name=\"twitter:label2\" content=\"Dur\u00e9e de lecture estim\u00e9e\" \/>\n\t<meta name=\"twitter:data2\" content=\"1 minute\" \/>\n<script type=\"application\/ld+json\" class=\"yoast-schema-graph\">{\"@context\":\"https:\/\/schema.org\",\"@graph\":[{\"@type\":\"Article\",\"@id\":\"https:\/\/kapitalis.com\/tunisie\/2017\/03\/22\/syrie-bachar-assad-tend-la-main-a-la-tunisie\/#article\",\"isPartOf\":{\"@id\":\"https:\/\/kapitalis.com\/tunisie\/2017\/03\/22\/syrie-bachar-assad-tend-la-main-a-la-tunisie\/\"},\"author\":{\"name\":\"Yusra NY\",\"@id\":\"https:\/\/kapitalis.com\/tunisie\/#\/schema\/person\/74bbde0154d49d790a92aaeac5bc01d5\"},\"headline\":\"Syrie : Bachar Al-Assad tend la main \u00e0 la Tunisie\",\"datePublished\":\"2017-03-22T11:01:12+00:00\",\"dateModified\":\"2017-03-22T17:59:22+00:00\",\"mainEntityOfPage\":{\"@id\":\"https:\/\/kapitalis.com\/tunisie\/2017\/03\/22\/syrie-bachar-assad-tend-la-main-a-la-tunisie\/\"},\"wordCount\":171,\"commentCount\":7,\"publisher\":{\"@id\":\"https:\/\/kapitalis.com\/tunisie\/#organization\"},\"image\":{\"@id\":\"https:\/\/kapitalis.com\/tunisie\/2017\/03\/22\/syrie-bachar-assad-tend-la-main-a-la-tunisie\/#primaryimage\"},\"thumbnailUrl\":\"\",\"keywords\":[\"Bachar al-Assad\",\"Damas\",\"d\u00e9put\u00e9s\",\"diplomatie\",\"jihad\",\"Syrie\"],\"articleSection\":[\"POLITIQUE\",\"Tunisie\"],\"inLanguage\":\"fr-FR\",\"potentialAction\":[{\"@type\":\"CommentAction\",\"name\":\"Comment\",\"target\":[\"https:\/\/kapitalis.com\/tunisie\/2017\/03\/22\/syrie-bachar-assad-tend-la-main-a-la-tunisie\/#respond\"]}]},{\"@type\":\"WebPage\",\"@id\":\"https:\/\/kapitalis.com\/tunisie\/2017\/03\/22\/syrie-bachar-assad-tend-la-main-a-la-tunisie\/\",\"url\":\"https:\/\/kapitalis.com\/tunisie\/2017\/03\/22\/syrie-bachar-assad-tend-la-main-a-la-tunisie\/\",\"name\":\"Syrie : Bachar Al-Assad tend la main \u00e0 la Tunisie - Kapitalis\",\"isPartOf\":{\"@id\":\"https:\/\/kapitalis.com\/tunisie\/#website\"},\"primaryImageOfPage\":{\"@id\":\"https:\/\/kapitalis.com\/tunisie\/2017\/03\/22\/syrie-bachar-assad-tend-la-main-a-la-tunisie\/#primaryimage\"},\"image\":{\"@id\":\"https:\/\/kapitalis.com\/tunisie\/2017\/03\/22\/syrie-bachar-assad-tend-la-main-a-la-tunisie\/#primaryimage\"},\"thumbnailUrl\":\"\",\"datePublished\":\"2017-03-22T11:01:12+00:00\",\"dateModified\":\"2017-03-22T17:59:22+00:00\",\"breadcrumb\":{\"@id\":\"https:\/\/kapitalis.com\/tunisie\/2017\/03\/22\/syrie-bachar-assad-tend-la-main-a-la-tunisie\/#breadcrumb\"},\"inLanguage\":\"fr-FR\",\"potentialAction\":[{\"@type\":\"ReadAction\",\"target\":[\"https:\/\/kapitalis.com\/tunisie\/2017\/03\/22\/syrie-bachar-assad-tend-la-main-a-la-tunisie\/\"]}]},{\"@type\":\"ImageObject\",\"inLanguage\":\"fr-FR\",\"@id\":\"https:\/\/kapitalis.com\/tunisie\/2017\/03\/22\/syrie-bachar-assad-tend-la-main-a-la-tunisie\/#primaryimage\",\"url\":\"\",\"contentUrl\":\"\"},{\"@type\":\"BreadcrumbList\",\"@id\":\"https:\/\/kapitalis.com\/tunisie\/2017\/03\/22\/syrie-bachar-assad-tend-la-main-a-la-tunisie\/#breadcrumb\",\"itemListElement\":[{\"@type\":\"ListItem\",\"position\":1,\"name\":\"Accueil\",\"item\":\"https:\/\/kapitalis.com\/tunisie\/\"},{\"@type\":\"ListItem\",\"position\":2,\"name\":\"Syrie : Bachar Al-Assad tend la main \u00e0 la Tunisie\"}]},{\"@type\":\"WebSite\",\"@id\":\"https:\/\/kapitalis.com\/tunisie\/#website\",\"url\":\"https:\/\/kapitalis.com\/tunisie\/\",\"name\":\"Kapitalis\",\"description\":\"L&#039;actualit\u00e9 en Tunisie et dans le monde\",\"publisher\":{\"@id\":\"https:\/\/kapitalis.com\/tunisie\/#organization\"},\"potentialAction\":[{\"@type\":\"SearchAction\",\"target\":{\"@type\":\"EntryPoint\",\"urlTemplate\":\"https:\/\/kapitalis.com\/tunisie\/?s={search_term_string}\"},\"query-input\":{\"@type\":\"PropertyValueSpecification\",\"valueRequired\":true,\"valueName\":\"search_term_string\"}}],\"inLanguage\":\"fr-FR\"},{\"@type\":\"Organization\",\"@id\":\"https:\/\/kapitalis.com\/tunisie\/#organization\",\"name\":\"Kapitalis\",\"url\":\"https:\/\/kapitalis.com\/tunisie\/\",\"logo\":{\"@type\":\"ImageObject\",\"inLanguage\":\"fr-FR\",\"@id\":\"https:\/\/kapitalis.com\/tunisie\/#\/schema\/logo\/image\/\",\"url\":\"https:\/\/kapitalis.com\/tunisie\/wp-content\/uploads\/2022\/05\/Kapitalis-big-size.png\",\"contentUrl\":\"https:\/\/kapitalis.com\/tunisie\/wp-content\/uploads\/2022\/05\/Kapitalis-big-size.png\",\"width\":5000,\"height\":1500,\"caption\":\"Kapitalis\"},\"image\":{\"@id\":\"https:\/\/kapitalis.com\/tunisie\/#\/schema\/logo\/image\/\"},\"sameAs\":[\"https:\/\/www.facebook.com\/KapitalisInfo\/\",\"https:\/\/x.com\/KapitalisInfo\",\"https:\/\/www.youtube.com\/channel\/UC-yDYrHyfFBWWZaOw3FPg9Q\"]},{\"@type\":\"Person\",\"@id\":\"https:\/\/kapitalis.com\/tunisie\/#\/schema\/person\/74bbde0154d49d790a92aaeac5bc01d5\",\"name\":\"Yusra NY\",\"url\":\"https:\/\/kapitalis.com\/tunisie\/author\/yuza_adam\/\"}]}<\/script>\n<!-- \/ Yoast SEO plugin. -->","yoast_head_json":{"title":"Syrie : Bachar Al-Assad tend la main \u00e0 la Tunisie - Kapitalis","robots":{"index":"index","follow":"follow","max-snippet":"max-snippet:-1","max-image-preview":"max-image-preview:large","max-video-preview":"max-video-preview:-1"},"canonical":"https:\/\/kapitalis.com\/tunisie\/2017\/03\/22\/syrie-bachar-assad-tend-la-main-a-la-tunisie\/","og_locale":"fr_FR","og_type":"article","og_title":"Syrie : Bachar Al-Assad tend la main \u00e0 la Tunisie - Kapitalis","og_description":"Bachar Al-Assad souhaite renforcer la coop\u00e9ration tunisio-syrienne et met \u00e0 disposition de la Tunisie les moyens\u00a0s\u00e9curitaires et judiciaires pour enqu\u00eater sur les r\u00e9seaux jihadistes\u00a0tunisiens.","og_url":"https:\/\/kapitalis.com\/tunisie\/2017\/03\/22\/syrie-bachar-assad-tend-la-main-a-la-tunisie\/","og_site_name":"Kapitalis","article_publisher":"https:\/\/www.facebook.com\/KapitalisInfo\/","article_published_time":"2017-03-22T11:01:12+00:00","article_modified_time":"2017-03-22T17:59:22+00:00","og_image":[{"width":1200,"height":630,"url":"https:\/\/kapitalis.com\/tunisie\/wp-content\/uploads\/2022\/05\/kapitalis-logo-fb.png","type":"image\/png"}],"author":"Yusra NY","twitter_card":"summary_large_image","twitter_creator":"@KapitalisInfo","twitter_site":"@KapitalisInfo","twitter_misc":{"\u00c9crit par":"Yusra NY","Dur\u00e9e de lecture estim\u00e9e":"1 minute"},"schema":{"@context":"https:\/\/schema.org","@graph":[{"@type":"Article","@id":"https:\/\/kapitalis.com\/tunisie\/2017\/03\/22\/syrie-bachar-assad-tend-la-main-a-la-tunisie\/#article","isPartOf":{"@id":"https:\/\/kapitalis.com\/tunisie\/2017\/03\/22\/syrie-bachar-assad-tend-la-main-a-la-tunisie\/"},"author":{"name":"Yusra NY","@id":"https:\/\/kapitalis.com\/tunisie\/#\/schema\/person\/74bbde0154d49d790a92aaeac5bc01d5"},"headline":"Syrie : Bachar Al-Assad tend la main \u00e0 la Tunisie","datePublished":"2017-03-22T11:01:12+00:00","dateModified":"2017-03-22T17:59:22+00:00","mainEntityOfPage":{"@id":"https:\/\/kapitalis.com\/tunisie\/2017\/03\/22\/syrie-bachar-assad-tend-la-main-a-la-tunisie\/"},"wordCount":171,"commentCount":7,"publisher":{"@id":"https:\/\/kapitalis.com\/tunisie\/#organization"},"image":{"@id":"https:\/\/kapitalis.com\/tunisie\/2017\/03\/22\/syrie-bachar-assad-tend-la-main-a-la-tunisie\/#primaryimage"},"thumbnailUrl":"","keywords":["Bachar al-Assad","Damas","d\u00e9put\u00e9s","diplomatie","jihad","Syrie"],"articleSection":["POLITIQUE","Tunisie"],"inLanguage":"fr-FR","potentialAction":[{"@type":"CommentAction","name":"Comment","target":["https:\/\/kapitalis.com\/tunisie\/2017\/03\/22\/syrie-bachar-assad-tend-la-main-a-la-tunisie\/#respond"]}]},{"@type":"WebPage","@id":"https:\/\/kapitalis.com\/tunisie\/2017\/03\/22\/syrie-bachar-assad-tend-la-main-a-la-tunisie\/","url":"https:\/\/kapitalis.com\/tunisie\/2017\/03\/22\/syrie-bachar-assad-tend-la-main-a-la-tunisie\/","name":"Syrie : Bachar Al-Assad tend la main \u00e0 la Tunisie - Kapitalis","isPartOf":{"@id":"https:\/\/kapitalis.com\/tunisie\/#website"},"primaryImageOfPage":{"@id":"https:\/\/kapitalis.com\/tunisie\/2017\/03\/22\/syrie-bachar-assad-tend-la-main-a-la-tunisie\/#primaryimage"},"image":{"@id":"https:\/\/kapitalis.com\/tunisie\/2017\/03\/22\/syrie-bachar-assad-tend-la-main-a-la-tunisie\/#primaryimage"},"thumbnailUrl":"","datePublished":"2017-03-22T11:01:12+00:00","dateModified":"2017-03-22T17:59:22+00:00","breadcrumb":{"@id":"https:\/\/kapitalis.com\/tunisie\/2017\/03\/22\/syrie-bachar-assad-tend-la-main-a-la-tunisie\/#breadcrumb"},"inLanguage":"fr-FR","potentialAction":[{"@type":"ReadAction","target":["https:\/\/kapitalis.com\/tunisie\/2017\/03\/22\/syrie-bachar-assad-tend-la-main-a-la-tunisie\/"]}]},{"@type":"ImageObject","inLanguage":"fr-FR","@id":"https:\/\/kapitalis.com\/tunisie\/2017\/03\/22\/syrie-bachar-assad-tend-la-main-a-la-tunisie\/#primaryimage","url":"","contentUrl":""},{"@type":"BreadcrumbList","@id":"https:\/\/kapitalis.com\/tunisie\/2017\/03\/22\/syrie-bachar-assad-tend-la-main-a-la-tunisie\/#breadcrumb","itemListElement":[{"@type":"ListItem","position":1,"name":"Accueil","item":"https:\/\/kapitalis.com\/tunisie\/"},{"@type":"ListItem","position":2,"name":"Syrie : Bachar Al-Assad tend la main \u00e0 la Tunisie"}]},{"@type":"WebSite","@id":"https:\/\/kapitalis.com\/tunisie\/#website","url":"https:\/\/kapitalis.com\/tunisie\/","name":"Kapitalis","description":"L&#039;actualit\u00e9 en Tunisie et dans le monde","publisher":{"@id":"https:\/\/kapitalis.com\/tunisie\/#organization"},"potentialAction":[{"@type":"SearchAction","target":{"@type":"EntryPoint","urlTemplate":"https:\/\/kapitalis.com\/tunisie\/?s={search_term_string}"},"query-input":{"@type":"PropertyValueSpecification","valueRequired":true,"valueName":"search_term_string"}}],"inLanguage":"fr-FR"},{"@type":"Organization","@id":"https:\/\/kapitalis.com\/tunisie\/#organization","name":"Kapitalis","url":"https:\/\/kapitalis.com\/tunisie\/","logo":{"@type":"ImageObject","inLanguage":"fr-FR","@id":"https:\/\/kapitalis.com\/tunisie\/#\/schema\/logo\/image\/","url":"https:\/\/kapitalis.com\/tunisie\/wp-content\/uploads\/2022\/05\/Kapitalis-big-size.png","contentUrl":"https:\/\/kapitalis.com\/tunisie\/wp-content\/uploads\/2022\/05\/Kapitalis-big-size.png","width":5000,"height":1500,"caption":"Kapitalis"},"image":{"@id":"https:\/\/kapitalis.com\/tunisie\/#\/schema\/logo\/image\/"},"sameAs":["https:\/\/www.facebook.com\/KapitalisInfo\/","https:\/\/x.com\/KapitalisInfo","https:\/\/www.youtube.com\/channel\/UC-yDYrHyfFBWWZaOw3FPg9Q"]},{"@type":"Person","@id":"https:\/\/kapitalis.com\/tunisie\/#\/schema\/person\/74bbde0154d49d790a92aaeac5bc01d5","name":"Yusra NY","url":"https:\/\/kapitalis.com\/tunisie\/author\/yuza_adam\/"}]}},"_links":{"self":[{"href":"https:\/\/kapitalis.com\/tunisie\/wp-json\/wp\/v2\/posts\/87837","targetHints":{"allow":["GET"]}}],"collection":[{"href":"https:\/\/kapitalis.com\/tunisie\/wp-json\/wp\/v2\/posts"}],"about":[{"href":"https:\/\/kapitalis.com\/tunisie\/wp-json\/wp\/v2\/types\/post"}],"author":[{"embeddable":true,"href":"https:\/\/kapitalis.com\/tunisie\/wp-json\/wp\/v2\/users\/6"}],"replies":[{"embeddable":true,"href":"https:\/\/kapitalis.com\/tunisie\/wp-json\/wp\/v2\/comments?post=87837"}],"version-history":[{"count":0,"href":"https:\/\/kapitalis.com\/tunisie\/wp-json\/wp\/v2\/posts\/87837\/revisions"}],"wp:featuredmedia":[{"embeddable":true,"href":"https:\/\/kapitalis.com\/tunisie\/wp-json\/wp\/v2\/media\/87838"}],"wp:attachment":[{"href":"https:\/\/kapitalis.com\/tunisie\/wp-json\/wp\/v2\/media?parent=87837"}],"wp:term":[{"taxonomy":"category","embeddable":true,"href":"https:\/\/kapitalis.com\/tunisie\/wp-json\/wp\/v2\/categories?post=87837"},{"taxonomy":"post_tag","embeddable":true,"href":"https:\/\/kapitalis.com\/tunisie\/wp-json\/wp\/v2\/tags?post=87837"}],"curies":[{"name":"wp","href":"https:\/\/api.w.org\/{rel}","templated":true}]}}