{"id":87857,"date":"2017-03-22T11:48:49","date_gmt":"2017-03-22T10:48:49","guid":{"rendered":"http:\/\/kapitalis.com\/tunisie\/?p=87857"},"modified":"2017-03-22T12:19:53","modified_gmt":"2017-03-22T11:19:53","slug":"kef-moncef-genoud-et-nojazz-au-sicca-jazz","status":"publish","type":"post","link":"https:\/\/kapitalis.com\/tunisie\/2017\/03\/22\/kef-moncef-genoud-et-nojazz-au-sicca-jazz\/","title":{"rendered":"Kef : Moncef Genoud et NoJazz au Sicca Jazz"},"content":{"rendered":"<p style=\"text-align: center;\"><img loading=\"lazy\" decoding=\"async\" class=\"alignnone size-full wp-image-87860\" src=\"http:\/\/kapitalis.com\/tunisie\/wp-content\/uploads\/2017\/03\/Sicca-Jazz-Moncef-Genoud-NoJazz.jpg\" alt=\"\" width=\"626\" height=\"380\" \/><\/p>\n<p style=\"text-align: left;\"><em><strong>La 3e \u00e9dition du festival Sicca Jazz, qui s\u2019est tenue du 15 au 19 mars 2017, a offert une panoplie de musique du monde jazzy avec des artistes nationaux et internationaux de renom.<\/strong><\/em><\/p>\n<p style=\"text-align: left;\">Par <strong>Fawz Ben Ali<\/strong><\/p>\n<p style=\"text-align: left;\"><!--more--><\/p>\n<p style=\"text-align: left;\">Dans son optique de d\u00e9centraliser la culture et de promouvoir le tourisme int\u00e9rieur, le festival a r\u00e9ussi sa mission d\u2019attirer non seulement les m\u00e9lomanes keffois mais aussi un grand public venu de tout le pays pour savourer une musique de qualit\u00e9 et profiter par la m\u00eame occasion des beaux paysages de la ville du Kef.<\/p>\n<p style=\"text-align: left;\">Le concert du samedi 18 mars f\u00fbt l\u2019un des moments forts de cette \u00e9dition avec Moncef Genoud Trio et les NoJazz \u00e0 l\u2019espace historique de la Citadelle du Kef. Embelli par une magnifique sc\u00e8ne pour l\u2019occasion, le site a retrouv\u00e9 une deuxi\u00e8me vie.<\/p>\n<p style=\"text-align: center;\"><img loading=\"lazy\" decoding=\"async\" class=\"alignnone wp-image-87863\" src=\"http:\/\/kapitalis.com\/tunisie\/wp-content\/uploads\/2017\/03\/Moncef-Genoud.jpg\" alt=\"Moncef Genoud\" width=\"500\" height=\"375\" \/><\/p>\n<p style=\"text-align: center;\"><em>Moncef Genoud.<\/em><\/p>\n<p style=\"text-align: left;\"><strong>Douceur du piano et folie de l\u2019\u00e9lectro-soul<\/strong><\/p>\n<p style=\"text-align: left;\">Apr\u00e8s avoir annonc\u00e9 que la deuxi\u00e8me partie serait assur\u00e9e par Seum Kuti et Egypt 80 (Nigeria), la direction du festival a modifi\u00e9 le programme quelques jours avant la date du concert, rempla\u00e7ant le collectif nig\u00e9rien par le groupe fran\u00e7ais Nojazz, ce qui n\u2019a pas d\u00e9rang\u00e9 le public, venu malgr\u00e9 tout appr\u00e9cier avec autant d\u2019enthousiasme aussi bien la douceur du piano de Moncef Genoud que la folie de l\u2019\u00e9lectro-soul des Nojazz.<\/p>\n<p style=\"text-align: left;\">Apr\u00e8s environ une heure de retard, la soir\u00e9e a commenc\u00e9 en douceur sur les ballades jazz du pianiste et compositeur tuniso-suisse Moncef Genoud, accompagn\u00e9 par Gabriel Scotti \u00e0 la guitare basse et Valentin Leichti \u00e0 la batterie.<\/p>\n<p style=\"text-align: center;\"><img loading=\"lazy\" decoding=\"async\" class=\"alignnone wp-image-87877\" src=\"http:\/\/kapitalis.com\/tunisie\/wp-content\/uploads\/2017\/03\/Sicca-Jazz-Moncef-Genoud.jpg\" alt=\"Moncef Genoud\" width=\"500\" height=\"375\" \/><\/p>\n<p style=\"text-align: left;\">Malgr\u00e9 une trentaine d\u2019ann\u00e9e de carri\u00e8re, le pianiste virtuose et non-voyant de naissance demeure malheureusement peu connu du grand public tunisien. Moncef Genoud revient en Tunisie apr\u00e8s s\u2019y \u00eatre produit pour la derni\u00e8re fois en 2009 dans le cadre du festival Jazz \u00e0 Carthage, pour pr\u00e9senter ses derni\u00e8res compositions qui se sont r\u00e9invent\u00e9es au fil des ann\u00e9es et des rencontres.<\/p>\n<p style=\"text-align: left;\"><em>\u00abCe n\u2019est pas avec les yeux que l\u2019on voit le mieux\u00bb<\/em>, c\u2019est la devise de ce musicien hors pair qui, malgr\u00e9 sa c\u00e9cit\u00e9 a su se faire une place parmi les jazzmen europ\u00e9ens les plus r\u00e9put\u00e9s d\u2019Europe gr\u00e2ce \u00e0 une sensibilit\u00e9 inou\u00efe et un doigt\u00e9 fabuleux au piano.<\/p>\n<p style=\"text-align: left;\">La premi\u00e8re partie du concert a pris l\u2019allure d\u2019un piano bar dans une atmosph\u00e8re apais\u00e9e teint\u00e9e de m\u00e9lancolie o\u00f9 Moncef Genoud nous a fait d\u00e9couvrir notamment son dernier album \u2018\u2018Pop songs\u2019\u2019 o\u00f9 il propose une relecture toute en finesse des standards du rock et du pop. Le public a particuli\u00e8rement appr\u00e9ci\u00e9 <em>\u2018\u2018Smells like teen spirit\u2019\u2019<\/em> de Nirvana, <em>\u2018\u2018Message in the bottle\u2019\u2019<\/em> de Sting ou encore le dernier titre de la soir\u00e9e <em>\u2018\u2018Summertime\u2019\u2019<\/em> de Jimi Hendrix.<\/p>\n<p style=\"text-align: center;\"><img loading=\"lazy\" decoding=\"async\" class=\"alignnone wp-image-87864\" src=\"http:\/\/kapitalis.com\/tunisie\/wp-content\/uploads\/2017\/03\/NoJazz.jpg\" alt=\"NoJazz\" width=\"500\" height=\"375\" \/><\/p>\n<p style=\"text-align: center;\"><em>NoJazz.<\/em><\/p>\n<p style=\"text-align: left;\"><strong>Un m\u00e9lange improbable de sons soul et funky <\/strong><\/p>\n<p style=\"text-align: left;\">La douce p\u00e9nombre qui \u00e9clairait la sc\u00e8ne a laiss\u00e9 place \u00e0 un vives lumi\u00e8res pour accueillir les funky membres de Nojazz qui, apr\u00e8s des concerts un peu partout dans le monde, d\u00e9barquent pour la premi\u00e8re fois en Tunisie pour partager avec les m\u00e9lomanes tunisiens leur vision tr\u00e8s \u00e9clectique de la musique.<\/p>\n<p style=\"text-align: left;\">Jeffray (chant), Pascal Reva (guitare et percussions), Sylvain Gontard (trompette), Philippe Sellam (saxophone) et Philippe balatier (claviers) refusent de se caser dans un seul registre musical et cela se traduit dans un m\u00e9lange assez improbable de sons soul et funky des ann\u00e9es 80 sur un \u00e9lectro actuel et branch\u00e9. Ce m\u00e9lange savoureux est le fruit de pr\u00e8s de 20 ans d\u2019explorations musicales et de collaborations prestigieuses notamment avec Stevie Wonder ou encore le producteur de Miles Davis.<\/p>\n<p style=\"text-align: center;\"><img loading=\"lazy\" decoding=\"async\" class=\"alignnone wp-image-87875\" src=\"http:\/\/kapitalis.com\/tunisie\/wp-content\/uploads\/2017\/03\/Sicca-Jazz-NoJazz.jpg\" alt=\"NoJazz\" width=\"500\" height=\"281\" \/><\/p>\n<p style=\"text-align: left;\">Pour ce rendez-vous tunisien, le groupe a surtout mis\u00e9 sur la pr\u00e9sentation de son dernier opus \u2018\u2018<em>Soul Stimulation<\/em>\u2019\u2019 sorti en 2016. Comme son nom l\u2019indique, l\u2019album annonce une tournure Soul dans la carri\u00e8re du groupe, une \u00e9volution marqu\u00e9e par l\u2019arriv\u00e9e du nouveau vocaliste Jeffrey, avec lequel les Nojazz ont sacrifi\u00e9 le rap \u00e0 la chanson.<\/p>\n<p style=\"text-align: left;\">Le public s\u2019est d\u00e9cha\u00een\u00e9 sur ces rythmes vibrants et particuli\u00e8rement le tube tr\u00e8s attendu<em> \u2018\u2018Swingin\u2019 in da rain\u2019\u2019<\/em>, concluant ainsi cette soir\u00e9e hautes en couleurs.<\/p>\n","protected":false},"excerpt":{"rendered":"<p>La 3e \u00e9dition du festival Sicca Jazz, qui s\u2019est tenue du 15 au 19 mars 2017, a offert une panoplie de musique du monde jazzy avec des artistes nationaux et internationaux de renom. Par Fawz Ben Ali<\/p>\n","protected":false},"author":8,"featured_media":87860,"comment_status":"open","ping_status":"open","sticky":false,"template":"","format":"standard","meta":{"footnotes":""},"categories":[992,994,2433],"tags":[24324,15177],"class_list":["post-87857","post","type-post","status-publish","format-standard","has-post-thumbnail","hentry","category-a-la-une","category-culture","category-tunisie","tag-piano","tag-sicca-jazz"],"yoast_head":"<!-- This site is optimized with the Yoast SEO plugin v26.6 - https:\/\/yoast.com\/wordpress\/plugins\/seo\/ -->\n<title>Kef : Moncef Genoud et NoJazz au Sicca Jazz - Kapitalis<\/title>\n<meta name=\"robots\" content=\"index, follow, max-snippet:-1, max-image-preview:large, max-video-preview:-1\" \/>\n<link rel=\"canonical\" href=\"https:\/\/kapitalis.com\/tunisie\/2017\/03\/22\/kef-moncef-genoud-et-nojazz-au-sicca-jazz\/\" \/>\n<meta property=\"og:locale\" content=\"fr_FR\" \/>\n<meta property=\"og:type\" content=\"article\" \/>\n<meta property=\"og:title\" content=\"Kef : Moncef Genoud et NoJazz au Sicca Jazz - Kapitalis\" \/>\n<meta property=\"og:description\" content=\"La 3e \u00e9dition du festival Sicca Jazz, qui s\u2019est tenue du 15 au 19 mars 2017, a offert une panoplie de musique du monde jazzy avec des artistes nationaux et internationaux de renom. Par Fawz Ben Ali\" \/>\n<meta property=\"og:url\" content=\"https:\/\/kapitalis.com\/tunisie\/2017\/03\/22\/kef-moncef-genoud-et-nojazz-au-sicca-jazz\/\" \/>\n<meta property=\"og:site_name\" content=\"Kapitalis\" \/>\n<meta property=\"article:publisher\" content=\"https:\/\/www.facebook.com\/KapitalisInfo\/\" \/>\n<meta property=\"article:published_time\" content=\"2017-03-22T10:48:49+00:00\" \/>\n<meta property=\"article:modified_time\" content=\"2017-03-22T11:19:53+00:00\" \/>\n<meta property=\"og:image\" content=\"https:\/\/kapitalis.com\/tunisie\/wp-content\/uploads\/2022\/05\/kapitalis-logo-fb.png\" \/>\n\t<meta property=\"og:image:width\" content=\"1200\" \/>\n\t<meta property=\"og:image:height\" content=\"630\" \/>\n\t<meta property=\"og:image:type\" content=\"image\/png\" \/>\n<meta name=\"author\" content=\"webmaster kapitalis\" \/>\n<meta name=\"twitter:card\" content=\"summary_large_image\" \/>\n<meta name=\"twitter:creator\" content=\"@KapitalisInfo\" \/>\n<meta name=\"twitter:site\" content=\"@KapitalisInfo\" \/>\n<meta name=\"twitter:label1\" content=\"\u00c9crit par\" \/>\n\t<meta name=\"twitter:data1\" content=\"webmaster kapitalis\" \/>\n\t<meta name=\"twitter:label2\" content=\"Dur\u00e9e de lecture estim\u00e9e\" \/>\n\t<meta name=\"twitter:data2\" content=\"4 minutes\" \/>\n<script type=\"application\/ld+json\" class=\"yoast-schema-graph\">{\"@context\":\"https:\/\/schema.org\",\"@graph\":[{\"@type\":\"Article\",\"@id\":\"https:\/\/kapitalis.com\/tunisie\/2017\/03\/22\/kef-moncef-genoud-et-nojazz-au-sicca-jazz\/#article\",\"isPartOf\":{\"@id\":\"https:\/\/kapitalis.com\/tunisie\/2017\/03\/22\/kef-moncef-genoud-et-nojazz-au-sicca-jazz\/\"},\"author\":{\"name\":\"webmaster kapitalis\",\"@id\":\"https:\/\/kapitalis.com\/tunisie\/#\/schema\/person\/d71f33a9ca44f7bad4698210b480c8e9\"},\"headline\":\"Kef : Moncef Genoud et NoJazz au Sicca Jazz\",\"datePublished\":\"2017-03-22T10:48:49+00:00\",\"dateModified\":\"2017-03-22T11:19:53+00:00\",\"mainEntityOfPage\":{\"@id\":\"https:\/\/kapitalis.com\/tunisie\/2017\/03\/22\/kef-moncef-genoud-et-nojazz-au-sicca-jazz\/\"},\"wordCount\":729,\"commentCount\":2,\"publisher\":{\"@id\":\"https:\/\/kapitalis.com\/tunisie\/#organization\"},\"image\":{\"@id\":\"https:\/\/kapitalis.com\/tunisie\/2017\/03\/22\/kef-moncef-genoud-et-nojazz-au-sicca-jazz\/#primaryimage\"},\"thumbnailUrl\":\"\",\"keywords\":[\"piano\",\"Sicca Jazz\"],\"articleSection\":[\"A LA UNE\",\"CULTURE\",\"Tunisie\"],\"inLanguage\":\"fr-FR\",\"potentialAction\":[{\"@type\":\"CommentAction\",\"name\":\"Comment\",\"target\":[\"https:\/\/kapitalis.com\/tunisie\/2017\/03\/22\/kef-moncef-genoud-et-nojazz-au-sicca-jazz\/#respond\"]}]},{\"@type\":\"WebPage\",\"@id\":\"https:\/\/kapitalis.com\/tunisie\/2017\/03\/22\/kef-moncef-genoud-et-nojazz-au-sicca-jazz\/\",\"url\":\"https:\/\/kapitalis.com\/tunisie\/2017\/03\/22\/kef-moncef-genoud-et-nojazz-au-sicca-jazz\/\",\"name\":\"Kef : Moncef Genoud et NoJazz au Sicca Jazz - Kapitalis\",\"isPartOf\":{\"@id\":\"https:\/\/kapitalis.com\/tunisie\/#website\"},\"primaryImageOfPage\":{\"@id\":\"https:\/\/kapitalis.com\/tunisie\/2017\/03\/22\/kef-moncef-genoud-et-nojazz-au-sicca-jazz\/#primaryimage\"},\"image\":{\"@id\":\"https:\/\/kapitalis.com\/tunisie\/2017\/03\/22\/kef-moncef-genoud-et-nojazz-au-sicca-jazz\/#primaryimage\"},\"thumbnailUrl\":\"\",\"datePublished\":\"2017-03-22T10:48:49+00:00\",\"dateModified\":\"2017-03-22T11:19:53+00:00\",\"breadcrumb\":{\"@id\":\"https:\/\/kapitalis.com\/tunisie\/2017\/03\/22\/kef-moncef-genoud-et-nojazz-au-sicca-jazz\/#breadcrumb\"},\"inLanguage\":\"fr-FR\",\"potentialAction\":[{\"@type\":\"ReadAction\",\"target\":[\"https:\/\/kapitalis.com\/tunisie\/2017\/03\/22\/kef-moncef-genoud-et-nojazz-au-sicca-jazz\/\"]}]},{\"@type\":\"ImageObject\",\"inLanguage\":\"fr-FR\",\"@id\":\"https:\/\/kapitalis.com\/tunisie\/2017\/03\/22\/kef-moncef-genoud-et-nojazz-au-sicca-jazz\/#primaryimage\",\"url\":\"\",\"contentUrl\":\"\"},{\"@type\":\"BreadcrumbList\",\"@id\":\"https:\/\/kapitalis.com\/tunisie\/2017\/03\/22\/kef-moncef-genoud-et-nojazz-au-sicca-jazz\/#breadcrumb\",\"itemListElement\":[{\"@type\":\"ListItem\",\"position\":1,\"name\":\"Accueil\",\"item\":\"https:\/\/kapitalis.com\/tunisie\/\"},{\"@type\":\"ListItem\",\"position\":2,\"name\":\"Kef : Moncef Genoud et NoJazz au Sicca Jazz\"}]},{\"@type\":\"WebSite\",\"@id\":\"https:\/\/kapitalis.com\/tunisie\/#website\",\"url\":\"https:\/\/kapitalis.com\/tunisie\/\",\"name\":\"Kapitalis\",\"description\":\"L&#039;actualit\u00e9 en Tunisie et dans le monde\",\"publisher\":{\"@id\":\"https:\/\/kapitalis.com\/tunisie\/#organization\"},\"potentialAction\":[{\"@type\":\"SearchAction\",\"target\":{\"@type\":\"EntryPoint\",\"urlTemplate\":\"https:\/\/kapitalis.com\/tunisie\/?s={search_term_string}\"},\"query-input\":{\"@type\":\"PropertyValueSpecification\",\"valueRequired\":true,\"valueName\":\"search_term_string\"}}],\"inLanguage\":\"fr-FR\"},{\"@type\":\"Organization\",\"@id\":\"https:\/\/kapitalis.com\/tunisie\/#organization\",\"name\":\"Kapitalis\",\"url\":\"https:\/\/kapitalis.com\/tunisie\/\",\"logo\":{\"@type\":\"ImageObject\",\"inLanguage\":\"fr-FR\",\"@id\":\"https:\/\/kapitalis.com\/tunisie\/#\/schema\/logo\/image\/\",\"url\":\"https:\/\/kapitalis.com\/tunisie\/wp-content\/uploads\/2022\/05\/Kapitalis-big-size.png\",\"contentUrl\":\"https:\/\/kapitalis.com\/tunisie\/wp-content\/uploads\/2022\/05\/Kapitalis-big-size.png\",\"width\":5000,\"height\":1500,\"caption\":\"Kapitalis\"},\"image\":{\"@id\":\"https:\/\/kapitalis.com\/tunisie\/#\/schema\/logo\/image\/\"},\"sameAs\":[\"https:\/\/www.facebook.com\/KapitalisInfo\/\",\"https:\/\/x.com\/KapitalisInfo\",\"https:\/\/www.youtube.com\/channel\/UC-yDYrHyfFBWWZaOw3FPg9Q\"]},{\"@type\":\"Person\",\"@id\":\"https:\/\/kapitalis.com\/tunisie\/#\/schema\/person\/d71f33a9ca44f7bad4698210b480c8e9\",\"name\":\"webmaster kapitalis\",\"url\":\"https:\/\/kapitalis.com\/tunisie\/author\/webmaster-kapitalis\/\"}]}<\/script>\n<!-- \/ Yoast SEO plugin. -->","yoast_head_json":{"title":"Kef : Moncef Genoud et NoJazz au Sicca Jazz - Kapitalis","robots":{"index":"index","follow":"follow","max-snippet":"max-snippet:-1","max-image-preview":"max-image-preview:large","max-video-preview":"max-video-preview:-1"},"canonical":"https:\/\/kapitalis.com\/tunisie\/2017\/03\/22\/kef-moncef-genoud-et-nojazz-au-sicca-jazz\/","og_locale":"fr_FR","og_type":"article","og_title":"Kef : Moncef Genoud et NoJazz au Sicca Jazz - Kapitalis","og_description":"La 3e \u00e9dition du festival Sicca Jazz, qui s\u2019est tenue du 15 au 19 mars 2017, a offert une panoplie de musique du monde jazzy avec des artistes nationaux et internationaux de renom. Par Fawz Ben Ali","og_url":"https:\/\/kapitalis.com\/tunisie\/2017\/03\/22\/kef-moncef-genoud-et-nojazz-au-sicca-jazz\/","og_site_name":"Kapitalis","article_publisher":"https:\/\/www.facebook.com\/KapitalisInfo\/","article_published_time":"2017-03-22T10:48:49+00:00","article_modified_time":"2017-03-22T11:19:53+00:00","og_image":[{"width":1200,"height":630,"url":"https:\/\/kapitalis.com\/tunisie\/wp-content\/uploads\/2022\/05\/kapitalis-logo-fb.png","type":"image\/png"}],"author":"webmaster kapitalis","twitter_card":"summary_large_image","twitter_creator":"@KapitalisInfo","twitter_site":"@KapitalisInfo","twitter_misc":{"\u00c9crit par":"webmaster kapitalis","Dur\u00e9e de lecture estim\u00e9e":"4 minutes"},"schema":{"@context":"https:\/\/schema.org","@graph":[{"@type":"Article","@id":"https:\/\/kapitalis.com\/tunisie\/2017\/03\/22\/kef-moncef-genoud-et-nojazz-au-sicca-jazz\/#article","isPartOf":{"@id":"https:\/\/kapitalis.com\/tunisie\/2017\/03\/22\/kef-moncef-genoud-et-nojazz-au-sicca-jazz\/"},"author":{"name":"webmaster kapitalis","@id":"https:\/\/kapitalis.com\/tunisie\/#\/schema\/person\/d71f33a9ca44f7bad4698210b480c8e9"},"headline":"Kef : Moncef Genoud et NoJazz au Sicca Jazz","datePublished":"2017-03-22T10:48:49+00:00","dateModified":"2017-03-22T11:19:53+00:00","mainEntityOfPage":{"@id":"https:\/\/kapitalis.com\/tunisie\/2017\/03\/22\/kef-moncef-genoud-et-nojazz-au-sicca-jazz\/"},"wordCount":729,"commentCount":2,"publisher":{"@id":"https:\/\/kapitalis.com\/tunisie\/#organization"},"image":{"@id":"https:\/\/kapitalis.com\/tunisie\/2017\/03\/22\/kef-moncef-genoud-et-nojazz-au-sicca-jazz\/#primaryimage"},"thumbnailUrl":"","keywords":["piano","Sicca Jazz"],"articleSection":["A LA UNE","CULTURE","Tunisie"],"inLanguage":"fr-FR","potentialAction":[{"@type":"CommentAction","name":"Comment","target":["https:\/\/kapitalis.com\/tunisie\/2017\/03\/22\/kef-moncef-genoud-et-nojazz-au-sicca-jazz\/#respond"]}]},{"@type":"WebPage","@id":"https:\/\/kapitalis.com\/tunisie\/2017\/03\/22\/kef-moncef-genoud-et-nojazz-au-sicca-jazz\/","url":"https:\/\/kapitalis.com\/tunisie\/2017\/03\/22\/kef-moncef-genoud-et-nojazz-au-sicca-jazz\/","name":"Kef : Moncef Genoud et NoJazz au Sicca Jazz - Kapitalis","isPartOf":{"@id":"https:\/\/kapitalis.com\/tunisie\/#website"},"primaryImageOfPage":{"@id":"https:\/\/kapitalis.com\/tunisie\/2017\/03\/22\/kef-moncef-genoud-et-nojazz-au-sicca-jazz\/#primaryimage"},"image":{"@id":"https:\/\/kapitalis.com\/tunisie\/2017\/03\/22\/kef-moncef-genoud-et-nojazz-au-sicca-jazz\/#primaryimage"},"thumbnailUrl":"","datePublished":"2017-03-22T10:48:49+00:00","dateModified":"2017-03-22T11:19:53+00:00","breadcrumb":{"@id":"https:\/\/kapitalis.com\/tunisie\/2017\/03\/22\/kef-moncef-genoud-et-nojazz-au-sicca-jazz\/#breadcrumb"},"inLanguage":"fr-FR","potentialAction":[{"@type":"ReadAction","target":["https:\/\/kapitalis.com\/tunisie\/2017\/03\/22\/kef-moncef-genoud-et-nojazz-au-sicca-jazz\/"]}]},{"@type":"ImageObject","inLanguage":"fr-FR","@id":"https:\/\/kapitalis.com\/tunisie\/2017\/03\/22\/kef-moncef-genoud-et-nojazz-au-sicca-jazz\/#primaryimage","url":"","contentUrl":""},{"@type":"BreadcrumbList","@id":"https:\/\/kapitalis.com\/tunisie\/2017\/03\/22\/kef-moncef-genoud-et-nojazz-au-sicca-jazz\/#breadcrumb","itemListElement":[{"@type":"ListItem","position":1,"name":"Accueil","item":"https:\/\/kapitalis.com\/tunisie\/"},{"@type":"ListItem","position":2,"name":"Kef : Moncef Genoud et NoJazz au Sicca Jazz"}]},{"@type":"WebSite","@id":"https:\/\/kapitalis.com\/tunisie\/#website","url":"https:\/\/kapitalis.com\/tunisie\/","name":"Kapitalis","description":"L&#039;actualit\u00e9 en Tunisie et dans le monde","publisher":{"@id":"https:\/\/kapitalis.com\/tunisie\/#organization"},"potentialAction":[{"@type":"SearchAction","target":{"@type":"EntryPoint","urlTemplate":"https:\/\/kapitalis.com\/tunisie\/?s={search_term_string}"},"query-input":{"@type":"PropertyValueSpecification","valueRequired":true,"valueName":"search_term_string"}}],"inLanguage":"fr-FR"},{"@type":"Organization","@id":"https:\/\/kapitalis.com\/tunisie\/#organization","name":"Kapitalis","url":"https:\/\/kapitalis.com\/tunisie\/","logo":{"@type":"ImageObject","inLanguage":"fr-FR","@id":"https:\/\/kapitalis.com\/tunisie\/#\/schema\/logo\/image\/","url":"https:\/\/kapitalis.com\/tunisie\/wp-content\/uploads\/2022\/05\/Kapitalis-big-size.png","contentUrl":"https:\/\/kapitalis.com\/tunisie\/wp-content\/uploads\/2022\/05\/Kapitalis-big-size.png","width":5000,"height":1500,"caption":"Kapitalis"},"image":{"@id":"https:\/\/kapitalis.com\/tunisie\/#\/schema\/logo\/image\/"},"sameAs":["https:\/\/www.facebook.com\/KapitalisInfo\/","https:\/\/x.com\/KapitalisInfo","https:\/\/www.youtube.com\/channel\/UC-yDYrHyfFBWWZaOw3FPg9Q"]},{"@type":"Person","@id":"https:\/\/kapitalis.com\/tunisie\/#\/schema\/person\/d71f33a9ca44f7bad4698210b480c8e9","name":"webmaster kapitalis","url":"https:\/\/kapitalis.com\/tunisie\/author\/webmaster-kapitalis\/"}]}},"_links":{"self":[{"href":"https:\/\/kapitalis.com\/tunisie\/wp-json\/wp\/v2\/posts\/87857","targetHints":{"allow":["GET"]}}],"collection":[{"href":"https:\/\/kapitalis.com\/tunisie\/wp-json\/wp\/v2\/posts"}],"about":[{"href":"https:\/\/kapitalis.com\/tunisie\/wp-json\/wp\/v2\/types\/post"}],"author":[{"embeddable":true,"href":"https:\/\/kapitalis.com\/tunisie\/wp-json\/wp\/v2\/users\/8"}],"replies":[{"embeddable":true,"href":"https:\/\/kapitalis.com\/tunisie\/wp-json\/wp\/v2\/comments?post=87857"}],"version-history":[{"count":0,"href":"https:\/\/kapitalis.com\/tunisie\/wp-json\/wp\/v2\/posts\/87857\/revisions"}],"wp:featuredmedia":[{"embeddable":true,"href":"https:\/\/kapitalis.com\/tunisie\/wp-json\/wp\/v2\/media\/87860"}],"wp:attachment":[{"href":"https:\/\/kapitalis.com\/tunisie\/wp-json\/wp\/v2\/media?parent=87857"}],"wp:term":[{"taxonomy":"category","embeddable":true,"href":"https:\/\/kapitalis.com\/tunisie\/wp-json\/wp\/v2\/categories?post=87857"},{"taxonomy":"post_tag","embeddable":true,"href":"https:\/\/kapitalis.com\/tunisie\/wp-json\/wp\/v2\/tags?post=87857"}],"curies":[{"name":"wp","href":"https:\/\/api.w.org\/{rel}","templated":true}]}}